{"id":9630,"date":"2015-06-29T08:32:33","date_gmt":"2015-06-29T08:32:33","guid":{"rendered":"https:\/\/cinema.video\/?p=9630"},"modified":"2026-04-10T03:31:28","modified_gmt":"2026-04-10T01:31:28","slug":"bolognadocit-si-riorganizza","status":"publish","type":"post","link":"https:\/\/cinema.video\/it\/bolognadocit-si-riorganizza","title":{"rendered":"BOLOGNA DOC IT si riorganizza"},"content":{"rendered":"<div class=\"layoutArea\">\n<div class=\"column\">\n<p>\u201cUna giornata come questa ci colloca nella giusta prospettiva per organizzare al meglio gli <strong>Stati Generali del Documentario 2016<\/strong>, e per arrivarci sempre pi\u00f9 come corpo coeso internamente e verso l\u2019esterno, cio\u00e8 verso le realt\u00e0 internazionali, le istituzioni e le televisioni\u201d<\/p>\n<p>E\u2019 questo l\u2019auspicio di <strong>Alessandro Signetto<\/strong>, fondatore e storico presidente di <strong>Doc it<\/strong> (2003-2008), in chiusura della giornata di presentazione del progetto Stati Generali del Documentario, che dopo tre edizioni (2004-2006- 2008) aveva subito un lungo arresto e adesso si sta preparando per tornare alla ribalta in un momento particolarmente favorevole e ricco di opportunit\u00e0 per il documentario.<\/p>\n<p>In preparazione dunque della quarta edizione degli Stati Generali, il nuovo consiglio di Doc it, dei soci e dei principali rappresentanti delle realt\u00e0 regionali legate al documentario si sono riuniti a Bologna, il 10 giugno, all\u2019interno del <strong>Biografia Film Festival<\/strong>, per una giornata di riflessione e scambio.<br \/>\n\u201cE\u2019 in atto un grande cambiamento nella fruizione, produzione e distribuzione dell\u2019audiovisivo, ed il documentario \u00e8 uno dei generi pi\u00f9 vicini a questa ridefinizione, per questo il momento \u00e8 particolarmente favorevole, &#8211; ha dichiarato <strong>Gerardo Panichi<\/strong>, presidente uscente di Doc it e attuale tesoriere, che ha fatto le veci della nuova presidente, <strong>Agnese Fontana<\/strong>&#8211; ma bisogna lavorare sulla formazione, sull\u2019internazionalizzazione e sulla diffusione, e per questo \u00e8 fondamentale dialogare con le realt\u00e0 regionali.\u201d<\/p>\n<p>Per quanto riguarda la formazione, l\u2019associazione sta lavorando al progetto <strong>IDS (Italian Doc Screenings) Accademy<\/strong>, un IDS per\u00f2, pi\u00f9 rivolto alla formazione di giovani produttori, specifica Panichi: \u201cse tutto va bene avremo la prima edizione quest\u2019anno a settembre a Palermo, unendoci a realt\u00e0 europee legate alla formazione, quali <strong>Documentary Campus e Eso Doc<\/strong>, sar\u00e0 un training per preparare i giovani al mercato internazionale, e un momento propedeutico al <strong>nuovo Mercato Internazionale dell\u2019Audiovisivo<\/strong>\u00a0 di Roma: ci auguriamo infatti che in questo contesto gli autori riescano a trovare produttori che poi li \u2018portino\u2019 al MIA\u201d.<\/p>\n<p>La prima edizione del Mercato Internazionale dell&#8217;Audiovisivo di Roma, che si svolger\u00e0 dal 16 al 20 ottobre durante la Festa del Cinema, ospiter\u00e0 infatti l&#8217;undicesima edizione di Italian Doc Screenings.<\/p>\n<\/div>\n<div class=\"column\">\n<p>Sul fronte dell\u2019internazionalizzazione, Doc it continua ad essere presente con la sua delegazione nei principali mercati internazionali (Sunny Side of the Doc, Sheffield, Toronto, Idfa), stringendo interessanti partnership, come quella con <strong>Idfa<\/strong>, grazie alla quale i soci Doc it che vorranno presentare l\u2019application al Festival di Amsterdam potranno usufruire di un servizio di consulenza gratuito per la presentazione dei progetti, o quello con <strong>Guangzhou International Documentary Film Festival<\/strong> (Cina), che in autunno ospiter\u00e0 un focus sul cinema documentario italiano (l\u2019I- talia sar\u00e0 il paese d\u2019onore del Festival).<\/p>\n<p>Per quanto riguarda il terzo obiettivo, conclude Panichi: \u201cStiamo cercando di implementare la nostra library digitale Italian Doc per trasfor- marla in un aggregatore di documentari, che ne incrementi la diffusione e la circolazione. Vorremmo anche usare questa piattaforma come distributore di video on demand, attraverso uno streaming web protetto che amplii il network allargandolo oltre la cerchia dei professionisti. Infine, stiamo cercando di sensibilizzare <strong>Film Italia<\/strong> perch\u00e9 sostenga maggiormente il documentario nei festival, e abbiamo attivato anche con loro una collaborazione per cui negli <strong>Italian Screenings di Bari<\/strong> di quest\u2019anno ci saranno anche otto documentari.\u201d<\/p>\n<\/div>\n<\/div>\n","protected":false},"excerpt":{"rendered":"<p>All\u2019interno di Biografia Film Festival, il 10 giugno si \u00e8 tenuta una giornata<br \/>\n\ufffc\ufffcdi riflessione e di preparazione, dopo una lunga assenza, degli Stati Generali del Documentario 2016<\/p>\n","protected":false},"author":2,"featured_media":9655,"comment_status":"open","ping_status":"open","sticky":false,"template":"","format":"standard","meta":{"googlesitekit_rrm_CAow3e7fCw:productID":"","_crdt_document":"","footnotes":""},"categories":[1],"tags":[80],"class_list":{"0":"post-9630","1":"post","2":"type-post","3":"status-publish","4":"format-standard","5":"has-post-thumbnail","7":"category-senza-categoria","8":"tag-varia"},"yoast_head":"<!-- This site is optimized with the Yoast SEO Premium plugin v27.4 (Yoast SEO v27.5) - https:\/\/yoast.com\/product\/yoast-seo-premium-wordpress\/ -->\n<title>BOLOGNA DOC IT si riorganizza - Cinema &amp; Video International<\/title>\n<meta name=\"description\" content=\"BOLOGNA DOC IT si riorganizza \u2013 bologna doc it si riorganizza. \u201cUna giornata come questa ci colloca nella giusta prospettiva per organizzare al meglio g\" \/>\n<meta name=\"robots\" content=\"index, follow, max-snippet:-1, max-image-preview:large, max-video-preview:-1\" \/>\n<link rel=\"canonical\" href=\"https:\/\/cinema.video\/it\/bolognadocit-si-riorganizza\" \/>\n<meta property=\"og:locale\" content=\"it_IT\" \/>\n<meta property=\"og:type\" content=\"article\" \/>\n<meta property=\"og:title\" content=\"BOLOGNA DOC IT si riorganizza\" \/>\n<meta property=\"og:description\" content=\"BOLOGNA DOC IT si riorganizza \u2013 bologna doc it si riorganizza. \u201cUna giornata come questa ci colloca nella giusta prospettiva per organizzare al meglio g\" \/>\n<meta property=\"og:url\" content=\"https:\/\/cinema.video\/it\/bolognadocit-si-riorganizza\" \/>\n<meta property=\"og:site_name\" content=\"Cinema &amp; Video International\" \/>\n<meta property=\"article:publisher\" content=\"https:\/\/www.facebook.com\/CinemaVideoInternational\/\" \/>\n<meta property=\"article:published_time\" content=\"2015-06-29T08:32:33+00:00\" \/>\n<meta property=\"article:modified_time\" content=\"2026-04-10T01:31:28+00:00\" \/>\n<meta property=\"og:image\" content=\"https:\/\/cinema.video\/wp-content\/uploads\/stati-generali-e1435566740992.jpg\" \/>\n\t<meta property=\"og:image:width\" content=\"636\" \/>\n\t<meta property=\"og:image:height\" content=\"456\" \/>\n\t<meta property=\"og:image:type\" content=\"image\/jpeg\" \/>\n<meta name=\"author\" content=\"Carolina Mancini\" \/>\n<meta name=\"twitter:card\" content=\"summary_large_image\" \/>\n<meta name=\"twitter:label1\" content=\"Scritto da\" \/>\n\t<meta name=\"twitter:data1\" content=\"Carolina Mancini\" \/>\n\t<meta name=\"twitter:label2\" content=\"Tempo di lettura stimato\" \/>\n\t<meta name=\"twitter:data2\" content=\"3 minuti\" \/>\n<script type=\"application\/ld+json\" class=\"yoast-schema-graph\">{\"@context\":\"https:\\\/\\\/schema.org\",\"@graph\":[{\"@type\":\"Article\",\"@id\":\"https:\\\/\\\/cinema.video\\\/it\\\/bolognadocit-si-riorganizza#article\",\"isPartOf\":{\"@id\":\"https:\\\/\\\/cinema.video\\\/it\\\/bolognadocit-si-riorganizza\"},\"author\":{\"name\":\"Carolina Mancini\",\"@id\":\"https:\\\/\\\/cinema.video\\\/it#\\\/schema\\\/person\\\/d5479fad8d0f2360000eb4aab6bb6e5d\"},\"headline\":\"BOLOGNA DOC IT si riorganizza\",\"datePublished\":\"2015-06-29T08:32:33+00:00\",\"dateModified\":\"2026-04-10T01:31:28+00:00\",\"mainEntityOfPage\":{\"@id\":\"https:\\\/\\\/cinema.video\\\/it\\\/bolognadocit-si-riorganizza\"},\"wordCount\":538,\"commentCount\":0,\"publisher\":{\"@id\":\"https:\\\/\\\/cinema.video\\\/it#organization\"},\"image\":{\"@id\":\"https:\\\/\\\/cinema.video\\\/it\\\/bolognadocit-si-riorganizza#primaryimage\"},\"thumbnailUrl\":\"https:\\\/\\\/cinema.video\\\/wp-content\\\/uploads\\\/stati-generali-e1435566740992.jpg\",\"keywords\":[\"Varia\"],\"inLanguage\":\"it-IT\",\"potentialAction\":[{\"@type\":\"CommentAction\",\"name\":\"Comment\",\"target\":[\"https:\\\/\\\/cinema.video\\\/it\\\/bolognadocit-si-riorganizza#respond\"]}]},{\"@type\":\"WebPage\",\"@id\":\"https:\\\/\\\/cinema.video\\\/it\\\/bolognadocit-si-riorganizza\",\"url\":\"https:\\\/\\\/cinema.video\\\/it\\\/bolognadocit-si-riorganizza\",\"name\":\"BOLOGNA DOC IT si riorganizza - Cinema &amp; Video International\",\"isPartOf\":{\"@id\":\"https:\\\/\\\/cinema.video\\\/it#website\"},\"primaryImageOfPage\":{\"@id\":\"https:\\\/\\\/cinema.video\\\/it\\\/bolognadocit-si-riorganizza#primaryimage\"},\"image\":{\"@id\":\"https:\\\/\\\/cinema.video\\\/it\\\/bolognadocit-si-riorganizza#primaryimage\"},\"thumbnailUrl\":\"https:\\\/\\\/cinema.video\\\/wp-content\\\/uploads\\\/stati-generali-e1435566740992.jpg\",\"datePublished\":\"2015-06-29T08:32:33+00:00\",\"dateModified\":\"2026-04-10T01:31:28+00:00\",\"description\":\"BOLOGNA DOC IT si riorganizza \u2013 bologna doc it si riorganizza. \u201cUna giornata come questa ci colloca nella giusta prospettiva per organizzare al meglio g\",\"breadcrumb\":{\"@id\":\"https:\\\/\\\/cinema.video\\\/it\\\/bolognadocit-si-riorganizza#breadcrumb\"},\"inLanguage\":\"it-IT\",\"potentialAction\":[{\"@type\":\"ReadAction\",\"target\":[\"https:\\\/\\\/cinema.video\\\/it\\\/bolognadocit-si-riorganizza\"]}]},{\"@type\":\"ImageObject\",\"inLanguage\":\"it-IT\",\"@id\":\"https:\\\/\\\/cinema.video\\\/it\\\/bolognadocit-si-riorganizza#primaryimage\",\"url\":\"https:\\\/\\\/cinema.video\\\/wp-content\\\/uploads\\\/stati-generali-e1435566740992.jpg\",\"contentUrl\":\"https:\\\/\\\/cinema.video\\\/wp-content\\\/uploads\\\/stati-generali-e1435566740992.jpg\",\"width\":636,\"height\":456},{\"@type\":\"BreadcrumbList\",\"@id\":\"https:\\\/\\\/cinema.video\\\/it\\\/bolognadocit-si-riorganizza#breadcrumb\",\"itemListElement\":[{\"@type\":\"ListItem\",\"position\":1,\"name\":\"Home\",\"item\":\"https:\\\/\\\/cinema.video\\\/it\\\/home-2\"},{\"@type\":\"ListItem\",\"position\":2,\"name\":\"BOLOGNA DOC IT si riorganizza\"}]},{\"@type\":\"WebSite\",\"@id\":\"https:\\\/\\\/cinema.video\\\/it#website\",\"url\":\"https:\\\/\\\/cinema.video\\\/it\",\"name\":\"Cinema & Video International\",\"description\":\"Film &amp; Audiovisual Industry Trade Magazine\",\"publisher\":{\"@id\":\"https:\\\/\\\/cinema.video\\\/it#organization\"},\"alternateName\":\"Cinema & Video\",\"potentialAction\":[{\"@type\":\"SearchAction\",\"target\":{\"@type\":\"EntryPoint\",\"urlTemplate\":\"https:\\\/\\\/cinema.video\\\/it?s={search_term_string}\"},\"query-input\":{\"@type\":\"PropertyValueSpecification\",\"valueRequired\":true,\"valueName\":\"search_term_string\"}}],\"inLanguage\":\"it-IT\"},{\"@type\":\"Organization\",\"@id\":\"https:\\\/\\\/cinema.video\\\/it#organization\",\"name\":\"Cinema & Video\",\"url\":\"https:\\\/\\\/cinema.video\\\/it\",\"logo\":{\"@type\":\"ImageObject\",\"inLanguage\":\"it-IT\",\"@id\":\"https:\\\/\\\/cinema.video\\\/it#\\\/schema\\\/logo\\\/image\\\/\",\"url\":\"https:\\\/\\\/cinema.video\\\/wp-content\\\/uploads\\\/2026\\\/04\\\/CinemVideo_LogoBlack.png\",\"contentUrl\":\"https:\\\/\\\/cinema.video\\\/wp-content\\\/uploads\\\/2026\\\/04\\\/CinemVideo_LogoBlack.png\",\"width\":1336,\"height\":224,\"caption\":\"Cinema & Video\"},\"image\":{\"@id\":\"https:\\\/\\\/cinema.video\\\/it#\\\/schema\\\/logo\\\/image\\\/\"},\"sameAs\":[\"https:\\\/\\\/www.facebook.com\\\/CinemaVideoInternational\\\/\",\"https:\\\/\\\/www.instagram.com\\\/cinemaevideointernational\\\/\",\"https:\\\/\\\/it.linkedin.com\\\/company\\\/cinema-video-international\"],\"description\":\"Media Consulting & Marketing Agency\",\"email\":\"hello@darostudio.com\",\"legalName\":\"DARO studio LLC\",\"foundingDate\":\"2021-02-16\",\"numberOfEmployees\":{\"@type\":\"QuantitativeValue\",\"minValue\":\"1\",\"maxValue\":\"10\"}},{\"@type\":\"Person\",\"@id\":\"https:\\\/\\\/cinema.video\\\/it#\\\/schema\\\/person\\\/d5479fad8d0f2360000eb4aab6bb6e5d\",\"name\":\"Carolina Mancini\",\"image\":{\"@type\":\"ImageObject\",\"inLanguage\":\"it-IT\",\"@id\":\"https:\\\/\\\/secure.gravatar.com\\\/avatar\\\/d4758965c5e8730dbaaa7131a628547771a26c1e5bf14fe323d96f8246a62baf?s=96&d=mm&r=g\",\"url\":\"https:\\\/\\\/secure.gravatar.com\\\/avatar\\\/d4758965c5e8730dbaaa7131a628547771a26c1e5bf14fe323d96f8246a62baf?s=96&d=mm&r=g\",\"contentUrl\":\"https:\\\/\\\/secure.gravatar.com\\\/avatar\\\/d4758965c5e8730dbaaa7131a628547771a26c1e5bf14fe323d96f8246a62baf?s=96&d=mm&r=g\",\"caption\":\"Carolina Mancini\"},\"url\":\"https:\\\/\\\/cinema.video\\\/it\\\/author\\\/carolin\"}]}<\/script>\n<!-- \/ Yoast SEO Premium plugin. -->","yoast_head_json":{"title":"BOLOGNA DOC IT si riorganizza - Cinema &amp; Video International","description":"BOLOGNA DOC IT si riorganizza \u2013 bologna doc it si riorganizza. \u201cUna giornata come questa ci colloca nella giusta prospettiva per organizzare al meglio g","robots":{"index":"index","follow":"follow","max-snippet":"max-snippet:-1","max-image-preview":"max-image-preview:large","max-video-preview":"max-video-preview:-1"},"canonical":"https:\/\/cinema.video\/it\/bolognadocit-si-riorganizza","og_locale":"it_IT","og_type":"article","og_title":"BOLOGNA DOC IT si riorganizza","og_description":"BOLOGNA DOC IT si riorganizza \u2013 bologna doc it si riorganizza. \u201cUna giornata come questa ci colloca nella giusta prospettiva per organizzare al meglio g","og_url":"https:\/\/cinema.video\/it\/bolognadocit-si-riorganizza","og_site_name":"Cinema &amp; Video International","article_publisher":"https:\/\/www.facebook.com\/CinemaVideoInternational\/","article_published_time":"2015-06-29T08:32:33+00:00","article_modified_time":"2026-04-10T01:31:28+00:00","og_image":[{"width":636,"height":456,"url":"https:\/\/cinema.video\/wp-content\/uploads\/stati-generali-e1435566740992.jpg","type":"image\/jpeg"}],"author":"Carolina Mancini","twitter_card":"summary_large_image","twitter_misc":{"Scritto da":"Carolina Mancini","Tempo di lettura stimato":"3 minuti"},"schema":{"@context":"https:\/\/schema.org","@graph":[{"@type":"Article","@id":"https:\/\/cinema.video\/it\/bolognadocit-si-riorganizza#article","isPartOf":{"@id":"https:\/\/cinema.video\/it\/bolognadocit-si-riorganizza"},"author":{"name":"Carolina Mancini","@id":"https:\/\/cinema.video\/it#\/schema\/person\/d5479fad8d0f2360000eb4aab6bb6e5d"},"headline":"BOLOGNA DOC IT si riorganizza","datePublished":"2015-06-29T08:32:33+00:00","dateModified":"2026-04-10T01:31:28+00:00","mainEntityOfPage":{"@id":"https:\/\/cinema.video\/it\/bolognadocit-si-riorganizza"},"wordCount":538,"commentCount":0,"publisher":{"@id":"https:\/\/cinema.video\/it#organization"},"image":{"@id":"https:\/\/cinema.video\/it\/bolognadocit-si-riorganizza#primaryimage"},"thumbnailUrl":"https:\/\/cinema.video\/wp-content\/uploads\/stati-generali-e1435566740992.jpg","keywords":["Varia"],"inLanguage":"it-IT","potentialAction":[{"@type":"CommentAction","name":"Comment","target":["https:\/\/cinema.video\/it\/bolognadocit-si-riorganizza#respond"]}]},{"@type":"WebPage","@id":"https:\/\/cinema.video\/it\/bolognadocit-si-riorganizza","url":"https:\/\/cinema.video\/it\/bolognadocit-si-riorganizza","name":"BOLOGNA DOC IT si riorganizza - Cinema &amp; Video International","isPartOf":{"@id":"https:\/\/cinema.video\/it#website"},"primaryImageOfPage":{"@id":"https:\/\/cinema.video\/it\/bolognadocit-si-riorganizza#primaryimage"},"image":{"@id":"https:\/\/cinema.video\/it\/bolognadocit-si-riorganizza#primaryimage"},"thumbnailUrl":"https:\/\/cinema.video\/wp-content\/uploads\/stati-generali-e1435566740992.jpg","datePublished":"2015-06-29T08:32:33+00:00","dateModified":"2026-04-10T01:31:28+00:00","description":"BOLOGNA DOC IT si riorganizza \u2013 bologna doc it si riorganizza. \u201cUna giornata come questa ci colloca nella giusta prospettiva per organizzare al meglio g","breadcrumb":{"@id":"https:\/\/cinema.video\/it\/bolognadocit-si-riorganizza#breadcrumb"},"inLanguage":"it-IT","potentialAction":[{"@type":"ReadAction","target":["https:\/\/cinema.video\/it\/bolognadocit-si-riorganizza"]}]},{"@type":"ImageObject","inLanguage":"it-IT","@id":"https:\/\/cinema.video\/it\/bolognadocit-si-riorganizza#primaryimage","url":"https:\/\/cinema.video\/wp-content\/uploads\/stati-generali-e1435566740992.jpg","contentUrl":"https:\/\/cinema.video\/wp-content\/uploads\/stati-generali-e1435566740992.jpg","width":636,"height":456},{"@type":"BreadcrumbList","@id":"https:\/\/cinema.video\/it\/bolognadocit-si-riorganizza#breadcrumb","itemListElement":[{"@type":"ListItem","position":1,"name":"Home","item":"https:\/\/cinema.video\/it\/home-2"},{"@type":"ListItem","position":2,"name":"BOLOGNA DOC IT si riorganizza"}]},{"@type":"WebSite","@id":"https:\/\/cinema.video\/it#website","url":"https:\/\/cinema.video\/it","name":"Cinema & Video International","description":"Film &amp; Audiovisual Industry Trade Magazine","publisher":{"@id":"https:\/\/cinema.video\/it#organization"},"alternateName":"Cinema & Video","potentialAction":[{"@type":"SearchAction","target":{"@type":"EntryPoint","urlTemplate":"https:\/\/cinema.video\/it?s={search_term_string}"},"query-input":{"@type":"PropertyValueSpecification","valueRequired":true,"valueName":"search_term_string"}}],"inLanguage":"it-IT"},{"@type":"Organization","@id":"https:\/\/cinema.video\/it#organization","name":"Cinema & Video","url":"https:\/\/cinema.video\/it","logo":{"@type":"ImageObject","inLanguage":"it-IT","@id":"https:\/\/cinema.video\/it#\/schema\/logo\/image\/","url":"https:\/\/cinema.video\/wp-content\/uploads\/2026\/04\/CinemVideo_LogoBlack.png","contentUrl":"https:\/\/cinema.video\/wp-content\/uploads\/2026\/04\/CinemVideo_LogoBlack.png","width":1336,"height":224,"caption":"Cinema & Video"},"image":{"@id":"https:\/\/cinema.video\/it#\/schema\/logo\/image\/"},"sameAs":["https:\/\/www.facebook.com\/CinemaVideoInternational\/","https:\/\/www.instagram.com\/cinemaevideointernational\/","https:\/\/it.linkedin.com\/company\/cinema-video-international"],"description":"Media Consulting & Marketing Agency","email":"hello@darostudio.com","legalName":"DARO studio LLC","foundingDate":"2021-02-16","numberOfEmployees":{"@type":"QuantitativeValue","minValue":"1","maxValue":"10"}},{"@type":"Person","@id":"https:\/\/cinema.video\/it#\/schema\/person\/d5479fad8d0f2360000eb4aab6bb6e5d","name":"Carolina Mancini","image":{"@type":"ImageObject","inLanguage":"it-IT","@id":"https:\/\/secure.gravatar.com\/avatar\/d4758965c5e8730dbaaa7131a628547771a26c1e5bf14fe323d96f8246a62baf?s=96&d=mm&r=g","url":"https:\/\/secure.gravatar.com\/avatar\/d4758965c5e8730dbaaa7131a628547771a26c1e5bf14fe323d96f8246a62baf?s=96&d=mm&r=g","contentUrl":"https:\/\/secure.gravatar.com\/avatar\/d4758965c5e8730dbaaa7131a628547771a26c1e5bf14fe323d96f8246a62baf?s=96&d=mm&r=g","caption":"Carolina Mancini"},"url":"https:\/\/cinema.video\/it\/author\/carolin"}]}},"jetpack_featured_media_url":"https:\/\/cinema.video\/wp-content\/uploads\/stati-generali-e1435566740992.jpg","jetpack_shortlink":"https:\/\/wp.me\/ph672m-2vk","_links":{"self":[{"href":"https:\/\/cinema.video\/it\/wp-json\/wp\/v2\/posts\/9630","targetHints":{"allow":["GET"]}}],"collection":[{"href":"https:\/\/cinema.video\/it\/wp-json\/wp\/v2\/posts"}],"about":[{"href":"https:\/\/cinema.video\/it\/wp-json\/wp\/v2\/types\/post"}],"author":[{"embeddable":true,"href":"https:\/\/cinema.video\/it\/wp-json\/wp\/v2\/users\/2"}],"replies":[{"embeddable":true,"href":"https:\/\/cinema.video\/it\/wp-json\/wp\/v2\/comments?post=9630"}],"version-history":[{"count":1,"href":"https:\/\/cinema.video\/it\/wp-json\/wp\/v2\/posts\/9630\/revisions"}],"predecessor-version":[{"id":305902,"href":"https:\/\/cinema.video\/it\/wp-json\/wp\/v2\/posts\/9630\/revisions\/305902"}],"wp:featuredmedia":[{"embeddable":true,"href":"https:\/\/cinema.video\/it\/wp-json\/wp\/v2\/media\/9655"}],"wp:attachment":[{"href":"https:\/\/cinema.video\/it\/wp-json\/wp\/v2\/media?parent=9630"}],"wp:term":[{"taxonomy":"category","embeddable":true,"href":"https:\/\/cinema.video\/it\/wp-json\/wp\/v2\/categories?post=9630"},{"taxonomy":"post_tag","embeddable":true,"href":"https:\/\/cinema.video\/it\/wp-json\/wp\/v2\/tags?post=9630"}],"curies":[{"name":"wp","href":"https:\/\/api.w.org\/{rel}","templated":true}]}}