{"id":9518,"date":"2015-05-14T16:26:55","date_gmt":"2015-05-14T16:26:55","guid":{"rendered":"https:\/\/cinema.video\/?p=9518"},"modified":"2026-04-10T03:31:14","modified_gmt":"2026-04-10T01:31:14","slug":"filming-europenews-from-eufcn","status":"publish","type":"post","link":"https:\/\/cinema.video\/it\/filming-europenews-from-eufcn","title":{"rendered":"FILMING EUROPE News from EUFCN"},"content":{"rendered":"<p><em>GERMANY<\/em><br \/>\n<strong>DIGITAL FUTURE<\/strong><br \/>\nThe 27th <strong>NRW Media Forum<\/strong> (June 9 \u2013 11 2015) will be discussing topics related to the future of the media, broadband and digital industries in close co-operation with<strong> ANGA COM<\/strong> -Europe \u0301s leading trade fair for broadband, cable and satellite \u2013 and <strong>INTERACTIVE\u00a0COLOGNE<\/strong>, a conference and festival for the creative digital and internet industry.<br \/>\nNRW Prime Minister <strong>Hannelore Kraft<\/strong> will be opening the NRW Media Forum and ANGA COM at the Cologne Exhibition Centre and, at the same time, launching the opening topic for the first day of the conference.<br \/>\nThe events scheduled at the Media Forum will address current developments in the world of digital media, notably the political discussion on a convergent media system to meet future needs. In cooperation with Interactive Cologne, the agenda at the Cologne Chamber of Commerce and Industry will focus on the continuing transformation of media content and usage, the changing television and film landscape, as well as social communication.<\/p>\n<p><strong>DEDICATED TO CANADA<br \/>\n<\/strong>After the United Kingdom, Scandinavia and the Benelux countries, Canada will be the guest of honor at the <strong>FFF<\/strong> (<strong>FilmFernsehFond Bayern<\/strong>) <strong>Business Lunch<\/strong> which takes place every year in Cannes to support the international work of Bavarian producers.<br \/>\nMarket analysis has indicated that there are quite a few Bavarian-Canadian projects in the pipeline, and the partnership between Qu\u00e9bec and Bavaria has certainly contributed to such good relations. Canada is not only an internationally significant film location, but it is also somewhat of a pioneer in the areas of animation and games.<br \/>\nBavarian State Secretary <strong>Franz-Josef Pschierer<\/strong> will participate in this year\u2019s Business Lunch and, later in the year (September 29th &#8211; October 3rd 2015), he will accompany a delegation to Montreal.<\/p>\n<p>&nbsp;<\/p>\n<p><em>CROATIA<\/em><br \/>\n<strong>HIGH PROFILE PRODUCTION<\/strong><br \/>\nIn the first quarter of 2015 alone, twelve international productions have chosen, or are considering Croatia as a filming location: six projects applied for support from incentives (20% rebate) in 2015, and an additional six are in the pipeline.<br \/>\nThe projected local spend is approximately 27.6 million Euros; 2.5 times as much as in 2014.<br \/>\nFilming in Croatia this year are: \u201cDig\u201d, a NBC\/Universal crime series; \u201cFan\u201d, featuring Bollywood star Shahrukh Khan, the first ever film collaboration between India and Croatia; and the third season of the crime series \u201cCrossing Lines\u201d starring Donald Sutherland.<br \/>\nThe sixth season of HBO\u2019s \u201cGame of Thrones\u201d (picture above) returns to Croatia for the fifth year in a row this summer; the German ARD is filming a mini-series in Split about a fictional local detective, \u201cBranka Mari\u0107\u201d; whereas at the end of May, Marion H\u00e4nsel will shoot \u201cEn amont du fleuve\u201d (\u201cRiver Upstream\u201d), a psychological drama about two half- brothers who, after the death of their father, accidentally find themselves on a journey through uncontaminated nature during which they get to know each other.<br \/>\nThe legendary \u201cWinnetou\u201d films shot in the 1960s in Croatia are under- going a revival with the \u201cWinnetou\u201d Trilogy filming in original locations\u00a0from the 60s this fall.<br \/>\nThe largest production this year will most likely be the French\/US ac- tion film \u201cThe Lake\u201d, produced by Luc Besson and directed by Steven Quayle. The film is scheduled to begin filming in Croatia in June\/July.<\/p>\n<p>&nbsp;<\/p>\n<p><em>SPAIN<\/em><br \/>\n<strong>AMERICAN ODYSSY<br \/>\n<\/strong>American Odyssey\u201d an NBC produced serial set mainly in Mali and New York, was shot for two days in Barcelona: Nostromo Pictures was hired to carry out the service with the support of the<strong> Barcelona Film Commission<\/strong>.<br \/>\nThe serial is directed by Peter Horton (\u201cGrey\u2019s Anatomy\u201d).<br \/>\nThe plot revolves around world politics, industrial espionage and military secrets surrounding three strangers (sergeant Odelle Ballard, corporate lawyer Peter Decker and political activist Harrison Walters), who join efforts to discover the truth that leads them to an international conspiracy. The serial was premiered in April in the USA.<\/p>\n<p><strong>ILLES BALEARS CO-PRODUCTIONS<br \/>\n<\/strong>In its first year of operations, the <strong>Illes Balears Film Commission<\/strong> has provided its support and cooperation for more than 30 projects including, most prominently, the filming of the feature-length film \u201cUn Petit Boulet\u201d by French director Pascal Chaumeil, the Israeli production \u201cIbiza\u201d directed by Shay Kanot and \u201cGreat Continental Railway Journeys\u201d for the BBC.<br \/>\nThe creation of the new website <a href=\"http:\/\/www.balearesfilm.com\">www.balearesfilm.com<\/a> makes it easier to search for locations, companies and professionals, as well as to obtain authorizations and take all the steps needed to secure filming permits.<br \/>\nFilming on the Balearic Islands allows producers to benefit from the new incentive (Tax Rebate) plan approved by the Spanish government earlier this year.<\/p>\n<p><strong>\u00a0<\/strong><\/p>\n<p><em>LATVIA<\/em><br \/>\n<strong>CO-PRODUCTION WITH JAPAN<br \/>\n<\/strong>The feature film \u201cMagic Kimono\u201d (2016) is a modern day fairytale about a Japanese woman\u2019s discovery of herself and also a tragicomedy about the art of cookery and the kimono, with the meeting between Japanese and European food culture as its core.<br \/>\nHelmed by internationally acclaimed film director Maris Martinsons, starring Japanese screen diva Kaori Momoi and actor Issey Ogata, it will be pitched for world sales and financiers at the Marche du Film 2015 by producers linda Krukle (<strong>Krukfilms<\/strong>, Latvia), Sten Kristian-Saluveer (<strong>Oree films<\/strong>, Estonia) and Eiko Mizuno Gray and Jason Gray (<strong>Loaded films<\/strong>, Japan).<strong><br \/>\n<\/strong><\/p>\n<p>&nbsp;<\/p>\n<p><em>FRANCE<\/em><br \/>\n<strong>THE NEW TAX REBATE<\/strong><br \/>\nThe French Tax Rebate for International Productions (<strong>TRIP<\/strong>), implemented in 2009, helps foreign filmmakers shoot in France by reimbursing them 20% (30% from January 2016) of the eligible expenses incurred in the country.<br \/>\nIt applies to both animated and live action projects, including TV series and feature films.<br \/>\nThe incentive has been well received since its launch with nearly 100 productions financed to date, spanning many different countries and genres &#8211; from Japanese manga films to European art house movies, from Chinese action comedies to Hollywood blockbusters.<br \/>\nAny foreign production can be eligible as long as it spends at least \u20ac1 million of qualifying expenditure in France or at least 50% of its production budget (new for 2015!), and shoots for at least five days in France (live action), excluding animation and VFX.<br \/>\nThere must also be a link between the \u201cdramatic content of the movie and France\u2019s heritage, territory or culture\u201d which is evaluated by means of a Cultural Test. Not only will French and European characters and locations score points, but also French-speaking countries and non-defined characters and settings: animals, lost planets, aliens, gods and monsters&#8230;<br \/>\nHowever, the production cannot be qualified as a French production or an official French co-production, since these have their own set of incentives and rebates. Recently the TRIP line-up has included: \u201cThe Minions\u201d (USA), \u201cHunger Games 3\u201d (USA), \u201cBastille Day\u201d (USA), \u201cTamasha\u201d (India), \u201cWine Wars\u201d (China) and \u201cThe Five Misfortunes of Fran\u00e7ois Jane\u201d (Australia, USA)<\/p>\n<p>&nbsp;<\/p>\n<p><em>POLAND<\/em><br \/>\n<strong>KRAKOW FILM FUND<\/strong><br \/>\nThe <strong>Krakow Film Commission<\/strong> recently created a new tool exclusively for supporting international co-productions called the <strong>Krakow International Film Fund<\/strong>. Working closely with the well-known Krakow Regional Film Fund, this new project focuses on developing cooperation between the European audiovisual sector and the rest of the world.<br \/>\nThe open call for the first international competition started on April 20th and will end on May 25th 2015.<br \/>\nIn order to be submitted for the Competition, a film production must be connected with Krakow in terms of the topic, origin of the filmmakers and, most importantly, the place the film is produced. Moreover there must be at least two producers from different countries.<br \/>\nLately the Krakow Film Commission &#8211; through its main project the <strong>Krakow Regional Film Fund<\/strong> &#8211; supported the following international co-productions: \u201cMagic mountain\u201d by Anca Damian (France, Romania, Poland), \u201cThe Red Spider\u201d by Marcin Kosza\u0142ka (Czech Republic, Slovakia, Poland), \u201c\u010cerven\u00fd kapit\u00e1n\u201d by Michal Kollar (Czech Republic, Slovakia, Poland) and \u201cDemon\u201d by Marcin Wrona (Israel, Poland).<\/p>\n<p>&nbsp;<\/p>\n<p><em>PORTUGAL<\/em><br \/>\n<strong>FILM&amp;TOURISM FESTIVAL<\/strong><br \/>\nFrom this year the <strong>Arr\u00e1bida Film Commission<\/strong> (Portugal) has\u00a0taken on the responsibility of organizing the 4th edition of the Finisterra <strong>Arr\u00e1bida Film Art &amp; Tourism Festival<\/strong> which was held from May 6 &#8211; 10 in Sesimbra, Portugal.<br \/>\nThis tourist promotion film festival aims to promote the region and its amazing natural landscapes to the world of the 7th Art.<br \/>\nBig productions have been shot here, including \u201c007\u201d, \u201cHornblower\u201d, \u201cHouse of Spirits\u201d, \u201cInvisible Circus\u201d and \u201cOdysseus\u201d, with Sesimbra increasingly becoming a feature of the map of major international productions.<\/p>\n","protected":false},"excerpt":{"rendered":"<p>GERMANY DIGITAL FUTURE The 27th NRW Media Forum (June 9 \u2013 11 2015) will be discussing topics related to the future of the media, broadband and digital industries in close co-operation with ANGA COM -Europe \u0301s leading trade fair for broadband, cable and satellite \u2013 and INTERACTIVE\u00a0COLOGNE, a conference and festival for the creative digital [&hellip;]<\/p>\n","protected":false},"author":26,"featured_media":0,"comment_status":"open","ping_status":"open","sticky":false,"template":"","format":"standard","meta":{"googlesitekit_rrm_CAow3e7fCw:productID":"","_crdt_document":"","footnotes":""},"categories":[1],"tags":[84],"class_list":{"0":"post-9518","1":"post","2":"type-post","3":"status-publish","4":"format-standard","6":"category-senza-categoria","7":"tag-focus-on-italy"},"yoast_head":"<!-- This site is optimized with the Yoast SEO Premium plugin v27.4 (Yoast SEO v27.5) - https:\/\/yoast.com\/product\/yoast-seo-premium-wordpress\/ -->\n<title>FILMING EUROPE News from EUFCN - Cinema &amp; Video International<\/title>\n<meta name=\"description\" content=\"FILMING EUROPE News from EUFCN \u2013 filming europe news from eufcn. GERMANY DIGITAL FUTURE The 27th NRW Media Forum (June 9 \u2013 11 2015) will be discussing topi\" \/>\n<meta name=\"robots\" content=\"index, follow, max-snippet:-1, max-image-preview:large, max-video-preview:-1\" \/>\n<link rel=\"canonical\" href=\"https:\/\/cinema.video\/it\/filming-europenews-from-eufcn\" \/>\n<meta property=\"og:locale\" content=\"it_IT\" \/>\n<meta property=\"og:type\" content=\"article\" \/>\n<meta property=\"og:title\" content=\"FILMING EUROPE News from EUFCN\" \/>\n<meta property=\"og:description\" content=\"FILMING EUROPE News from EUFCN \u2013 filming europe news from eufcn. GERMANY DIGITAL FUTURE The 27th NRW Media Forum (June 9 \u2013 11 2015) will be discussing topi\" \/>\n<meta property=\"og:url\" content=\"https:\/\/cinema.video\/it\/filming-europenews-from-eufcn\" \/>\n<meta property=\"og:site_name\" content=\"Cinema &amp; Video International\" \/>\n<meta property=\"article:publisher\" content=\"https:\/\/www.facebook.com\/CinemaVideoInternational\/\" \/>\n<meta property=\"article:published_time\" content=\"2015-05-14T16:26:55+00:00\" \/>\n<meta property=\"article:modified_time\" content=\"2026-04-10T01:31:14+00:00\" \/>\n<meta property=\"og:image\" content=\"https:\/\/cinema.video\/wp-content\/uploads\/2026\/04\/CinemVideo_LogoBlack.png\" \/>\n\t<meta property=\"og:image:width\" content=\"1336\" \/>\n\t<meta property=\"og:image:height\" content=\"224\" \/>\n\t<meta property=\"og:image:type\" content=\"image\/png\" \/>\n<meta name=\"author\" content=\"Redazione\" \/>\n<meta name=\"twitter:card\" content=\"summary_large_image\" \/>\n<meta name=\"twitter:label1\" content=\"Scritto da\" \/>\n\t<meta name=\"twitter:data1\" content=\"Redazione\" \/>\n\t<meta name=\"twitter:label2\" content=\"Tempo di lettura stimato\" \/>\n\t<meta name=\"twitter:data2\" content=\"7 minuti\" \/>\n<script type=\"application\/ld+json\" class=\"yoast-schema-graph\">{\"@context\":\"https:\\\/\\\/schema.org\",\"@graph\":[{\"@type\":\"Article\",\"@id\":\"https:\\\/\\\/cinema.video\\\/it\\\/filming-europenews-from-eufcn#article\",\"isPartOf\":{\"@id\":\"https:\\\/\\\/cinema.video\\\/it\\\/filming-europenews-from-eufcn\"},\"author\":{\"name\":\"Redazione\",\"@id\":\"https:\\\/\\\/cinema.video\\\/it#\\\/schema\\\/person\\\/aeb01b91d874e8b01e76a1db04c668c6\"},\"headline\":\"FILMING EUROPE News from EUFCN\",\"datePublished\":\"2015-05-14T16:26:55+00:00\",\"dateModified\":\"2026-04-10T01:31:14+00:00\",\"mainEntityOfPage\":{\"@id\":\"https:\\\/\\\/cinema.video\\\/it\\\/filming-europenews-from-eufcn\"},\"wordCount\":1357,\"commentCount\":0,\"publisher\":{\"@id\":\"https:\\\/\\\/cinema.video\\\/it#organization\"},\"keywords\":[\"Focus on italy\"],\"inLanguage\":\"it-IT\",\"potentialAction\":[{\"@type\":\"CommentAction\",\"name\":\"Comment\",\"target\":[\"https:\\\/\\\/cinema.video\\\/it\\\/filming-europenews-from-eufcn#respond\"]}]},{\"@type\":\"WebPage\",\"@id\":\"https:\\\/\\\/cinema.video\\\/it\\\/filming-europenews-from-eufcn\",\"url\":\"https:\\\/\\\/cinema.video\\\/it\\\/filming-europenews-from-eufcn\",\"name\":\"FILMING EUROPE News from EUFCN - Cinema &amp; Video International\",\"isPartOf\":{\"@id\":\"https:\\\/\\\/cinema.video\\\/it#website\"},\"datePublished\":\"2015-05-14T16:26:55+00:00\",\"dateModified\":\"2026-04-10T01:31:14+00:00\",\"description\":\"FILMING EUROPE News from EUFCN \u2013 filming europe news from eufcn. GERMANY DIGITAL FUTURE The 27th NRW Media Forum (June 9 \u2013 11 2015) will be discussing topi\",\"breadcrumb\":{\"@id\":\"https:\\\/\\\/cinema.video\\\/it\\\/filming-europenews-from-eufcn#breadcrumb\"},\"inLanguage\":\"it-IT\",\"potentialAction\":[{\"@type\":\"ReadAction\",\"target\":[\"https:\\\/\\\/cinema.video\\\/it\\\/filming-europenews-from-eufcn\"]}]},{\"@type\":\"BreadcrumbList\",\"@id\":\"https:\\\/\\\/cinema.video\\\/it\\\/filming-europenews-from-eufcn#breadcrumb\",\"itemListElement\":[{\"@type\":\"ListItem\",\"position\":1,\"name\":\"Home\",\"item\":\"https:\\\/\\\/cinema.video\\\/it\\\/home-2\"},{\"@type\":\"ListItem\",\"position\":2,\"name\":\"FILMING EUROPE News from EUFCN\"}]},{\"@type\":\"WebSite\",\"@id\":\"https:\\\/\\\/cinema.video\\\/it#website\",\"url\":\"https:\\\/\\\/cinema.video\\\/it\",\"name\":\"Cinema & Video International\",\"description\":\"Film &amp; Audiovisual Industry Trade Magazine\",\"publisher\":{\"@id\":\"https:\\\/\\\/cinema.video\\\/it#organization\"},\"alternateName\":\"Cinema & Video\",\"potentialAction\":[{\"@type\":\"SearchAction\",\"target\":{\"@type\":\"EntryPoint\",\"urlTemplate\":\"https:\\\/\\\/cinema.video\\\/it?s={search_term_string}\"},\"query-input\":{\"@type\":\"PropertyValueSpecification\",\"valueRequired\":true,\"valueName\":\"search_term_string\"}}],\"inLanguage\":\"it-IT\"},{\"@type\":\"Organization\",\"@id\":\"https:\\\/\\\/cinema.video\\\/it#organization\",\"name\":\"Cinema & Video\",\"url\":\"https:\\\/\\\/cinema.video\\\/it\",\"logo\":{\"@type\":\"ImageObject\",\"inLanguage\":\"it-IT\",\"@id\":\"https:\\\/\\\/cinema.video\\\/it#\\\/schema\\\/logo\\\/image\\\/\",\"url\":\"https:\\\/\\\/cinema.video\\\/wp-content\\\/uploads\\\/2026\\\/04\\\/CinemVideo_LogoBlack.png\",\"contentUrl\":\"https:\\\/\\\/cinema.video\\\/wp-content\\\/uploads\\\/2026\\\/04\\\/CinemVideo_LogoBlack.png\",\"width\":1336,\"height\":224,\"caption\":\"Cinema & Video\"},\"image\":{\"@id\":\"https:\\\/\\\/cinema.video\\\/it#\\\/schema\\\/logo\\\/image\\\/\"},\"sameAs\":[\"https:\\\/\\\/www.facebook.com\\\/CinemaVideoInternational\\\/\",\"https:\\\/\\\/www.instagram.com\\\/cinemaevideointernational\\\/\",\"https:\\\/\\\/it.linkedin.com\\\/company\\\/cinema-video-international\"],\"description\":\"Media Consulting & Marketing Agency\",\"email\":\"hello@darostudio.com\",\"legalName\":\"DARO studio LLC\",\"foundingDate\":\"2021-02-16\",\"numberOfEmployees\":{\"@type\":\"QuantitativeValue\",\"minValue\":\"1\",\"maxValue\":\"10\"}},{\"@type\":\"Person\",\"@id\":\"https:\\\/\\\/cinema.video\\\/it#\\\/schema\\\/person\\\/aeb01b91d874e8b01e76a1db04c668c6\",\"name\":\"Redazione\",\"image\":{\"@type\":\"ImageObject\",\"inLanguage\":\"it-IT\",\"@id\":\"https:\\\/\\\/secure.gravatar.com\\\/avatar\\\/06ad6f92eb14745b75fb592cadf8139d33242d81c9c8b085133c450aaf0b9731?s=96&d=mm&r=g\",\"url\":\"https:\\\/\\\/secure.gravatar.com\\\/avatar\\\/06ad6f92eb14745b75fb592cadf8139d33242d81c9c8b085133c450aaf0b9731?s=96&d=mm&r=g\",\"contentUrl\":\"https:\\\/\\\/secure.gravatar.com\\\/avatar\\\/06ad6f92eb14745b75fb592cadf8139d33242d81c9c8b085133c450aaf0b9731?s=96&d=mm&r=g\",\"caption\":\"Redazione\"},\"url\":\"https:\\\/\\\/cinema.video\\\/it\\\/author\\\/redazione\"}]}<\/script>\n<!-- \/ Yoast SEO Premium plugin. -->","yoast_head_json":{"title":"FILMING EUROPE News from EUFCN - Cinema &amp; Video International","description":"FILMING EUROPE News from EUFCN \u2013 filming europe news from eufcn. GERMANY DIGITAL FUTURE The 27th NRW Media Forum (June 9 \u2013 11 2015) will be discussing topi","robots":{"index":"index","follow":"follow","max-snippet":"max-snippet:-1","max-image-preview":"max-image-preview:large","max-video-preview":"max-video-preview:-1"},"canonical":"https:\/\/cinema.video\/it\/filming-europenews-from-eufcn","og_locale":"it_IT","og_type":"article","og_title":"FILMING EUROPE News from EUFCN","og_description":"FILMING EUROPE News from EUFCN \u2013 filming europe news from eufcn. GERMANY DIGITAL FUTURE The 27th NRW Media Forum (June 9 \u2013 11 2015) will be discussing topi","og_url":"https:\/\/cinema.video\/it\/filming-europenews-from-eufcn","og_site_name":"Cinema &amp; Video International","article_publisher":"https:\/\/www.facebook.com\/CinemaVideoInternational\/","article_published_time":"2015-05-14T16:26:55+00:00","article_modified_time":"2026-04-10T01:31:14+00:00","og_image":[{"width":1336,"height":224,"url":"https:\/\/cinema.video\/wp-content\/uploads\/2026\/04\/CinemVideo_LogoBlack.png","type":"image\/png"}],"author":"Redazione","twitter_card":"summary_large_image","twitter_misc":{"Scritto da":"Redazione","Tempo di lettura stimato":"7 minuti"},"schema":{"@context":"https:\/\/schema.org","@graph":[{"@type":"Article","@id":"https:\/\/cinema.video\/it\/filming-europenews-from-eufcn#article","isPartOf":{"@id":"https:\/\/cinema.video\/it\/filming-europenews-from-eufcn"},"author":{"name":"Redazione","@id":"https:\/\/cinema.video\/it#\/schema\/person\/aeb01b91d874e8b01e76a1db04c668c6"},"headline":"FILMING EUROPE News from EUFCN","datePublished":"2015-05-14T16:26:55+00:00","dateModified":"2026-04-10T01:31:14+00:00","mainEntityOfPage":{"@id":"https:\/\/cinema.video\/it\/filming-europenews-from-eufcn"},"wordCount":1357,"commentCount":0,"publisher":{"@id":"https:\/\/cinema.video\/it#organization"},"keywords":["Focus on italy"],"inLanguage":"it-IT","potentialAction":[{"@type":"CommentAction","name":"Comment","target":["https:\/\/cinema.video\/it\/filming-europenews-from-eufcn#respond"]}]},{"@type":"WebPage","@id":"https:\/\/cinema.video\/it\/filming-europenews-from-eufcn","url":"https:\/\/cinema.video\/it\/filming-europenews-from-eufcn","name":"FILMING EUROPE News from EUFCN - Cinema &amp; Video International","isPartOf":{"@id":"https:\/\/cinema.video\/it#website"},"datePublished":"2015-05-14T16:26:55+00:00","dateModified":"2026-04-10T01:31:14+00:00","description":"FILMING EUROPE News from EUFCN \u2013 filming europe news from eufcn. GERMANY DIGITAL FUTURE The 27th NRW Media Forum (June 9 \u2013 11 2015) will be discussing topi","breadcrumb":{"@id":"https:\/\/cinema.video\/it\/filming-europenews-from-eufcn#breadcrumb"},"inLanguage":"it-IT","potentialAction":[{"@type":"ReadAction","target":["https:\/\/cinema.video\/it\/filming-europenews-from-eufcn"]}]},{"@type":"BreadcrumbList","@id":"https:\/\/cinema.video\/it\/filming-europenews-from-eufcn#breadcrumb","itemListElement":[{"@type":"ListItem","position":1,"name":"Home","item":"https:\/\/cinema.video\/it\/home-2"},{"@type":"ListItem","position":2,"name":"FILMING EUROPE News from EUFCN"}]},{"@type":"WebSite","@id":"https:\/\/cinema.video\/it#website","url":"https:\/\/cinema.video\/it","name":"Cinema & Video International","description":"Film &amp; Audiovisual Industry Trade Magazine","publisher":{"@id":"https:\/\/cinema.video\/it#organization"},"alternateName":"Cinema & Video","potentialAction":[{"@type":"SearchAction","target":{"@type":"EntryPoint","urlTemplate":"https:\/\/cinema.video\/it?s={search_term_string}"},"query-input":{"@type":"PropertyValueSpecification","valueRequired":true,"valueName":"search_term_string"}}],"inLanguage":"it-IT"},{"@type":"Organization","@id":"https:\/\/cinema.video\/it#organization","name":"Cinema & Video","url":"https:\/\/cinema.video\/it","logo":{"@type":"ImageObject","inLanguage":"it-IT","@id":"https:\/\/cinema.video\/it#\/schema\/logo\/image\/","url":"https:\/\/cinema.video\/wp-content\/uploads\/2026\/04\/CinemVideo_LogoBlack.png","contentUrl":"https:\/\/cinema.video\/wp-content\/uploads\/2026\/04\/CinemVideo_LogoBlack.png","width":1336,"height":224,"caption":"Cinema & Video"},"image":{"@id":"https:\/\/cinema.video\/it#\/schema\/logo\/image\/"},"sameAs":["https:\/\/www.facebook.com\/CinemaVideoInternational\/","https:\/\/www.instagram.com\/cinemaevideointernational\/","https:\/\/it.linkedin.com\/company\/cinema-video-international"],"description":"Media Consulting & Marketing Agency","email":"hello@darostudio.com","legalName":"DARO studio LLC","foundingDate":"2021-02-16","numberOfEmployees":{"@type":"QuantitativeValue","minValue":"1","maxValue":"10"}},{"@type":"Person","@id":"https:\/\/cinema.video\/it#\/schema\/person\/aeb01b91d874e8b01e76a1db04c668c6","name":"Redazione","image":{"@type":"ImageObject","inLanguage":"it-IT","@id":"https:\/\/secure.gravatar.com\/avatar\/06ad6f92eb14745b75fb592cadf8139d33242d81c9c8b085133c450aaf0b9731?s=96&d=mm&r=g","url":"https:\/\/secure.gravatar.com\/avatar\/06ad6f92eb14745b75fb592cadf8139d33242d81c9c8b085133c450aaf0b9731?s=96&d=mm&r=g","contentUrl":"https:\/\/secure.gravatar.com\/avatar\/06ad6f92eb14745b75fb592cadf8139d33242d81c9c8b085133c450aaf0b9731?s=96&d=mm&r=g","caption":"Redazione"},"url":"https:\/\/cinema.video\/it\/author\/redazione"}]}},"jetpack_featured_media_url":"","jetpack_shortlink":"https:\/\/wp.me\/ph672m-2tw","_links":{"self":[{"href":"https:\/\/cinema.video\/it\/wp-json\/wp\/v2\/posts\/9518","targetHints":{"allow":["GET"]}}],"collection":[{"href":"https:\/\/cinema.video\/it\/wp-json\/wp\/v2\/posts"}],"about":[{"href":"https:\/\/cinema.video\/it\/wp-json\/wp\/v2\/types\/post"}],"author":[{"embeddable":true,"href":"https:\/\/cinema.video\/it\/wp-json\/wp\/v2\/users\/26"}],"replies":[{"embeddable":true,"href":"https:\/\/cinema.video\/it\/wp-json\/wp\/v2\/comments?post=9518"}],"version-history":[{"count":1,"href":"https:\/\/cinema.video\/it\/wp-json\/wp\/v2\/posts\/9518\/revisions"}],"predecessor-version":[{"id":305874,"href":"https:\/\/cinema.video\/it\/wp-json\/wp\/v2\/posts\/9518\/revisions\/305874"}],"wp:attachment":[{"href":"https:\/\/cinema.video\/it\/wp-json\/wp\/v2\/media?parent=9518"}],"wp:term":[{"taxonomy":"category","embeddable":true,"href":"https:\/\/cinema.video\/it\/wp-json\/wp\/v2\/categories?post=9518"},{"taxonomy":"post_tag","embeddable":true,"href":"https:\/\/cinema.video\/it\/wp-json\/wp\/v2\/tags?post=9518"}],"curies":[{"name":"wp","href":"https:\/\/api.w.org\/{rel}","templated":true}]}}