{"id":9257,"date":"2015-04-07T10:29:30","date_gmt":"2015-04-07T10:29:30","guid":{"rendered":"https:\/\/cinema.video\/?p=9257"},"modified":"2026-04-10T03:30:40","modified_gmt":"2026-04-10T01:30:40","slug":"focusla-sostenibile-leggerezza-degli-olandesi","status":"publish","type":"post","link":"https:\/\/cinema.video\/it\/focusla-sostenibile-leggerezza-degli-olandesi","title":{"rendered":"FOCUS La sostenibile leggerezza degli Olandesi"},"content":{"rendered":"<p><a href=\"https:\/\/cinema.video\/wp-content\/uploads\/Nijkerk9-e1428592488594.jpg\"><img loading=\"lazy\" decoding=\"async\" class=\"alignleft size-thumbnail wp-image-9367\" src=\"https:\/\/cinema.video\/wp-content\/uploads\/Nijkerk9-e1428592488594-150x150.jpg\" alt=\"Nijkerk9\" width=\"150\" height=\"150\" srcset=\"https:\/\/cinema.video\/wp-content\/uploads\/Nijkerk9-e1428592488594.jpg 150w, https:\/\/cinema.video\/wp-content\/uploads\/Nijkerk9-e1428592488594.jpg 300w, https:\/\/cinema.video\/wp-content\/uploads\/Nijkerk9-e1428592488594.jpg 450w\" sizes=\"auto, (max-width: 150px) 100vw, 150px\" \/><\/a>&#8220;Non vogliamo far calare le regole dall\u2019alto, ma motivare le persone con la sfida che si possa risparmiare con un approccio green\u201d. <strong>Ren\u00e9e van der Grinten<\/strong> di <strong>Netherland Film Fund<\/strong> ha portato al convegno l&#8217;approccio olandese. &#8220;Il nostro impegno \u00e8 condividere le conoscenze e comunicare entusiasmo, in modo che le persone sentano da sole la necessit\u00e0 di cambiare approccio\u201d. Ren\u00e8 ha raccontato della creazione, nel 2011, del <strong>Green Film Making Project<\/strong>, (progetto conclusosi a dicembre 2014) rivolto ai giovani filmmakers, con lo scopo di introdurre il concetto di sostenibilit\u00e0 nel cinema: \u201cAbbiamo connesso il Green Film Making Project con il nostro programma di cortometraggi che mira a produrre 10 corti ogni anno: da allora, per due anni, i 10 filmmakers hanno fatto workshops su cinema sostenibile e su come ridisegnare il loro processo produttivo\u201d.<br \/>\nAlcuni autori erano entusiasti e hanno prodotto risultati apprezzabili, ma altri, pur trovando l\u2019approccio interessante, consideravano troppo impegnativo imparare tutte le procedure.<br \/>\n\u201cPer questo \u2013 continua Ren\u00e8 &#8211; da gennaio abbiamo deciso di impiegare un sustenability manager che segue ogni progetto che beneficia del Fondo. Dando consulenze ai produttori, l\u2019eco-manager studia tutto il film per vedere quali azioni di sostenibilit\u00e0 siano le pi\u00f9 indicate\u201d. L\u2019obiettivo \u00e8 creare consapevolezza, in modo \u201cche siano le stesse produzioni, in futuro, a sostenere i costi delle consulenze\u201d.<\/p>\n<p>Il vento green in Olanda muove anche la distribuzione . La produttrice <strong>Maureen Prins<\/strong> ha scaldato il pubblico cagliaritano presentando il progetto <strong>Solar Cinema<\/strong>, un sistema di proiezione a energia solare,capace di portare il cinema anche in luoghi dove non esistono sale cinematografiche. L\u2019unit\u00e0 di proiezione \u00e8 infatti montata su un furgone dotato di pannelli solari che la rendono autonoma e consentono di raggiungere qualunque luogo per la proiezione. Un cinema mobile, e sostenibile.<br \/>\nSpiega Maureen, che ha fondato Solar Cinema otto anni fa: \u201cE\u2019 un cinema che ha bisogno di soli 30 minuti per essere messo in piedi e 50 minuti per esser smontato. Si pu\u00f2 allestire una proiezione per circa 700 persone\u201d.<br \/>\nSolar Cinema realizza tra le 40 e le 50 proiezioni l\u2019anno (durante l\u2019inverno si organizzano proiezioni-evento in interni). Il pubblico non paga il biglietto: \u201clavoriamo sempre con festival e amministrazioni locali, e altri tipi di istituzioni o associazioni legate alla sostenibilit\u00e0 che ci contattano e ci chiedono di organizzare le proiezioni.&#8221;<br \/>\nIl progetto, che sembra evocato dal cinema di Tornatore (cui peraltro la produttrice dice d\u2019essersi ispirata), funziona, perch\u00e9 \u201ccombiniamo due elementi: siamo una piattaforma per film arthouse, indipendenti, e usando l\u2019energia solare facciamo una continua azione di sensibilizzazione sull\u2019ambiente\u201d. Maureen Prins ha ideato perfino un workshop a tema in cui i filmmakers sono invitati a pensare come racconterebbero una storia di sostenibilit\u00e0 in modo non moralistico per un audience \u00a0internazionale\u201d.<br \/>\nIl primo workshop \u00e8 stato organizzato l\u2019anno scorso in Messico.<br \/>\n\u201cCi ispiriamo a un modello di franchise \u2013 conclude Prins &#8211; e cerchiamo partners . Ad oggi abbiamo messo su un network di 5 cinema: in Cile, Messico, Uruguay, Brasile e Ecuador; presto apriremo in Spagna, Portogallo, Bali, Indonesia; riceviamo molte chiamate dai luoghi pi\u00f9 remoti; il nostro obiettivo \u00e8 diventare veri e propri distributori green e lavorare su un catalogo internazionale: abbiamo anche un nostro programma di cortometraggi a tema sostenibile\u201d.<\/p>\n<p>\u201cIn questo slancio verso il cinema green c\u2019\u00e8 tutto lo spirito olandese, il modo giocoso con cui i suoi abitanti si pongono di fronte al nuovo\u201d: ne \u00e8 convinto <strong>Stefano Odoardi<\/strong>, pluripremiato regista e artista visuale, abruzzese di origine, da anni trapiantato ad Amsterdam dove vive e lavora.<br \/>\nOdoardi era a Cagliari assieme al montatore e coproduttore <strong>Gianluca Stuard<\/strong> in piena produzione di \u201cMancanza-Purgatorio\u201d, secondo atto di una trilogia di \u201cviaggio nell\u2019anima\u201d.<br \/>\nAnche Odoardi, che nel quartiere S.Elia ha coinvolto la popolazione nelle riprese del film, ha dato il suo apporto al think tank per un cinema sostenibile:<br \/>\n\u201cL\u2019operazione creativa \u2013 dice &#8211; \u00e8 gi\u00e0 di per s\u00e9 un\u2019operazione ecologica, perch\u00e8 ti porta a capire l\u2019importanza degli altri: tu ti prendi cura dell\u2019altro\u201d.<br \/>\nOdoardi si \u00e8 formato in Italia all\u2019Accademia di Belle Arti, viene dalla pittura, ma \u00e8 l\u2019Olanda, dove frequenta la Dasarts, che gli apre le porte del cinema.<br \/>\n\u201cIl cinema arriva a pi\u00f9 persone, ha un maggior impatto sociale\u201d, dice Odoardi che, ammettendo che il suo \u00e8 un cinema d\u2019elite, un lavoro di ricerca sul linguaggio cinematografico, ne rivendica la funzione sociale: risvegliare le coscienze (\u201cwake up\u201d).<br \/>\nL\u2019atto creativo \u00e8 \u201cprivazione\u201d, un atto doloroso. Un processo catartico, come appare da \u201cMancanza-inferno\u201d, primo film della trilogia girato nel 2013 tra le rovine dell\u2019Aquila post-terremoto: qui Odoardi lavora sulle macerie dell\u2019anima, quella condizione di dannati che gli abitanti si portano dentro; condizione forse lenita dalla presenza di un angelo (interpretato dall\u2019unica attrice professionista Angelique Cavallari), che \u00e8 l\u2019immagine narrante che lega i racconti straniati degli abitanti-prigionieri dell\u2019Aquila.<br \/>\n\u201cMancanza \u2013 inferno\u201d dopo essere stato selezionato al festival di Rotterdam, \u00e8 arrivato alla Biennale Musica 2014 (per un particolarissimo uso della colonna sonora realizzata da Andrea Manzoli). E\u2019 attualmente visibile anche su iTunes on demand all\u2019interno del progetto \u2018IFFR in the Cloud\u2019 a cura del Festival di Rotterdam.<br \/>\nTornando al mestiere d\u2019 artista, Odoardi usa una metafora. \u201cPer comprenderne la dimensione di necessit\u00e0 e urgenza, immaginiamo che l\u2019arte sia il vento e gli esseri umani le pale eoliche. Attraverso il vento l\u2019arte scuote gli esseri umani che a loro volta creano energia. Un\u2019energia pulita\u201d.<\/p>\n","protected":false},"excerpt":{"rendered":"<p>La sfida, l\u2019entusiasmo, il gusto del nuovo sono alla base dell\u2019approccio al cinema green. Lo raccontano Ren\u00e9e van der Grinten di Netherland Film Fund, Maureen Prins di Solar Cinema, e Stefano Odoardi, regista italiano che vive e lavora ad Amsterdam<\/p>\n","protected":false},"author":26,"featured_media":0,"comment_status":"open","ping_status":"open","sticky":false,"template":"","format":"standard","meta":{"googlesitekit_rrm_CAow3e7fCw:productID":"","_crdt_document":"","footnotes":""},"categories":[1],"tags":[],"class_list":{"0":"post-9257","1":"post","2":"type-post","3":"status-publish","4":"format-standard","6":"category-senza-categoria"},"yoast_head":"<!-- This site is optimized with the Yoast SEO Premium plugin v27.4 (Yoast SEO v27.5) - https:\/\/yoast.com\/product\/yoast-seo-premium-wordpress\/ -->\n<title>FOCUS La sostenibile leggerezza degli Olandesi - Cinema &amp; Video International<\/title>\n<meta name=\"description\" content=\"FOCUS La sostenibile leggerezza degli Olandesi \u2013 focus la sostenibile leggerezza degli olandesi. &quot;Non vogliamo far calare le regole dall\u2019alto, ma motivare\" \/>\n<meta name=\"robots\" content=\"index, follow, max-snippet:-1, max-image-preview:large, max-video-preview:-1\" \/>\n<link rel=\"canonical\" href=\"https:\/\/cinema.video\/it\/focusla-sostenibile-leggerezza-degli-olandesi\" \/>\n<meta property=\"og:locale\" content=\"it_IT\" \/>\n<meta property=\"og:type\" content=\"article\" \/>\n<meta property=\"og:title\" content=\"FOCUS La sostenibile leggerezza degli Olandesi\" \/>\n<meta property=\"og:description\" content=\"FOCUS La sostenibile leggerezza degli Olandesi \u2013 focus la sostenibile leggerezza degli olandesi. &quot;Non vogliamo far calare le regole dall\u2019alto, ma motivare\" \/>\n<meta property=\"og:url\" content=\"https:\/\/cinema.video\/it\/focusla-sostenibile-leggerezza-degli-olandesi\" \/>\n<meta property=\"og:site_name\" content=\"Cinema &amp; Video International\" \/>\n<meta property=\"article:publisher\" content=\"https:\/\/www.facebook.com\/CinemaVideoInternational\/\" \/>\n<meta property=\"article:published_time\" content=\"2015-04-07T10:29:30+00:00\" \/>\n<meta property=\"article:modified_time\" content=\"2026-04-10T01:30:40+00:00\" \/>\n<meta property=\"og:image\" content=\"https:\/\/cinema.video\/wp-content\/uploads\/Nijkerk9-e1428592488594.jpg\" \/>\n\t<meta property=\"og:image:width\" content=\"616\" \/>\n\t<meta property=\"og:image:height\" content=\"382\" \/>\n\t<meta property=\"og:image:type\" content=\"image\/jpeg\" \/>\n<meta name=\"author\" content=\"Redazione\" \/>\n<meta name=\"twitter:card\" content=\"summary_large_image\" \/>\n<meta name=\"twitter:label1\" content=\"Scritto da\" \/>\n\t<meta name=\"twitter:data1\" content=\"Redazione\" \/>\n\t<meta name=\"twitter:label2\" content=\"Tempo di lettura stimato\" \/>\n\t<meta name=\"twitter:data2\" content=\"4 minuti\" \/>\n<script type=\"application\/ld+json\" class=\"yoast-schema-graph\">{\"@context\":\"https:\\\/\\\/schema.org\",\"@graph\":[{\"@type\":\"Article\",\"@id\":\"https:\\\/\\\/cinema.video\\\/it\\\/focusla-sostenibile-leggerezza-degli-olandesi#article\",\"isPartOf\":{\"@id\":\"https:\\\/\\\/cinema.video\\\/it\\\/focusla-sostenibile-leggerezza-degli-olandesi\"},\"author\":{\"name\":\"Redazione\",\"@id\":\"https:\\\/\\\/cinema.video\\\/it#\\\/schema\\\/person\\\/aeb01b91d874e8b01e76a1db04c668c6\"},\"headline\":\"FOCUS La sostenibile leggerezza degli Olandesi\",\"datePublished\":\"2015-04-07T10:29:30+00:00\",\"dateModified\":\"2026-04-10T01:30:40+00:00\",\"mainEntityOfPage\":{\"@id\":\"https:\\\/\\\/cinema.video\\\/it\\\/focusla-sostenibile-leggerezza-degli-olandesi\"},\"wordCount\":894,\"commentCount\":0,\"publisher\":{\"@id\":\"https:\\\/\\\/cinema.video\\\/it#organization\"},\"image\":{\"@id\":\"https:\\\/\\\/cinema.video\\\/it\\\/focusla-sostenibile-leggerezza-degli-olandesi#primaryimage\"},\"thumbnailUrl\":\"https:\\\/\\\/cinema.video\\\/wp-content\\\/uploads\\\/Nijkerk9-e1428592488594-150x150.jpg\",\"inLanguage\":\"it-IT\",\"potentialAction\":[{\"@type\":\"CommentAction\",\"name\":\"Comment\",\"target\":[\"https:\\\/\\\/cinema.video\\\/it\\\/focusla-sostenibile-leggerezza-degli-olandesi#respond\"]}]},{\"@type\":\"WebPage\",\"@id\":\"https:\\\/\\\/cinema.video\\\/it\\\/focusla-sostenibile-leggerezza-degli-olandesi\",\"url\":\"https:\\\/\\\/cinema.video\\\/it\\\/focusla-sostenibile-leggerezza-degli-olandesi\",\"name\":\"FOCUS La sostenibile leggerezza degli Olandesi - Cinema &amp; Video International\",\"isPartOf\":{\"@id\":\"https:\\\/\\\/cinema.video\\\/it#website\"},\"primaryImageOfPage\":{\"@id\":\"https:\\\/\\\/cinema.video\\\/it\\\/focusla-sostenibile-leggerezza-degli-olandesi#primaryimage\"},\"image\":{\"@id\":\"https:\\\/\\\/cinema.video\\\/it\\\/focusla-sostenibile-leggerezza-degli-olandesi#primaryimage\"},\"thumbnailUrl\":\"https:\\\/\\\/cinema.video\\\/wp-content\\\/uploads\\\/Nijkerk9-e1428592488594-150x150.jpg\",\"datePublished\":\"2015-04-07T10:29:30+00:00\",\"dateModified\":\"2026-04-10T01:30:40+00:00\",\"description\":\"FOCUS La sostenibile leggerezza degli Olandesi \u2013 focus la sostenibile leggerezza degli olandesi. \\\"Non vogliamo far calare le regole dall\u2019alto, ma motivare\",\"breadcrumb\":{\"@id\":\"https:\\\/\\\/cinema.video\\\/it\\\/focusla-sostenibile-leggerezza-degli-olandesi#breadcrumb\"},\"inLanguage\":\"it-IT\",\"potentialAction\":[{\"@type\":\"ReadAction\",\"target\":[\"https:\\\/\\\/cinema.video\\\/it\\\/focusla-sostenibile-leggerezza-degli-olandesi\"]}]},{\"@type\":\"ImageObject\",\"inLanguage\":\"it-IT\",\"@id\":\"https:\\\/\\\/cinema.video\\\/it\\\/focusla-sostenibile-leggerezza-degli-olandesi#primaryimage\",\"url\":\"https:\\\/\\\/cinema.video\\\/wp-content\\\/uploads\\\/Nijkerk9-e1428592488594-150x150.jpg\",\"contentUrl\":\"https:\\\/\\\/cinema.video\\\/wp-content\\\/uploads\\\/Nijkerk9-e1428592488594-150x150.jpg\"},{\"@type\":\"BreadcrumbList\",\"@id\":\"https:\\\/\\\/cinema.video\\\/it\\\/focusla-sostenibile-leggerezza-degli-olandesi#breadcrumb\",\"itemListElement\":[{\"@type\":\"ListItem\",\"position\":1,\"name\":\"Home\",\"item\":\"https:\\\/\\\/cinema.video\\\/it\\\/home-2\"},{\"@type\":\"ListItem\",\"position\":2,\"name\":\"FOCUS La sostenibile leggerezza degli Olandesi\"}]},{\"@type\":\"WebSite\",\"@id\":\"https:\\\/\\\/cinema.video\\\/it#website\",\"url\":\"https:\\\/\\\/cinema.video\\\/it\",\"name\":\"Cinema & Video International\",\"description\":\"Film &amp; Audiovisual Industry Trade Magazine\",\"publisher\":{\"@id\":\"https:\\\/\\\/cinema.video\\\/it#organization\"},\"alternateName\":\"Cinema & Video\",\"potentialAction\":[{\"@type\":\"SearchAction\",\"target\":{\"@type\":\"EntryPoint\",\"urlTemplate\":\"https:\\\/\\\/cinema.video\\\/it?s={search_term_string}\"},\"query-input\":{\"@type\":\"PropertyValueSpecification\",\"valueRequired\":true,\"valueName\":\"search_term_string\"}}],\"inLanguage\":\"it-IT\"},{\"@type\":\"Organization\",\"@id\":\"https:\\\/\\\/cinema.video\\\/it#organization\",\"name\":\"Cinema & Video\",\"url\":\"https:\\\/\\\/cinema.video\\\/it\",\"logo\":{\"@type\":\"ImageObject\",\"inLanguage\":\"it-IT\",\"@id\":\"https:\\\/\\\/cinema.video\\\/it#\\\/schema\\\/logo\\\/image\\\/\",\"url\":\"https:\\\/\\\/cinema.video\\\/wp-content\\\/uploads\\\/2026\\\/04\\\/CinemVideo_LogoBlack.png\",\"contentUrl\":\"https:\\\/\\\/cinema.video\\\/wp-content\\\/uploads\\\/2026\\\/04\\\/CinemVideo_LogoBlack.png\",\"width\":1336,\"height\":224,\"caption\":\"Cinema & Video\"},\"image\":{\"@id\":\"https:\\\/\\\/cinema.video\\\/it#\\\/schema\\\/logo\\\/image\\\/\"},\"sameAs\":[\"https:\\\/\\\/www.facebook.com\\\/CinemaVideoInternational\\\/\",\"https:\\\/\\\/www.instagram.com\\\/cinemaevideointernational\\\/\",\"https:\\\/\\\/it.linkedin.com\\\/company\\\/cinema-video-international\"],\"description\":\"Media Consulting & Marketing Agency\",\"email\":\"hello@darostudio.com\",\"legalName\":\"DARO studio LLC\",\"foundingDate\":\"2021-02-16\",\"numberOfEmployees\":{\"@type\":\"QuantitativeValue\",\"minValue\":\"1\",\"maxValue\":\"10\"}},{\"@type\":\"Person\",\"@id\":\"https:\\\/\\\/cinema.video\\\/it#\\\/schema\\\/person\\\/aeb01b91d874e8b01e76a1db04c668c6\",\"name\":\"Redazione\",\"image\":{\"@type\":\"ImageObject\",\"inLanguage\":\"it-IT\",\"@id\":\"https:\\\/\\\/secure.gravatar.com\\\/avatar\\\/06ad6f92eb14745b75fb592cadf8139d33242d81c9c8b085133c450aaf0b9731?s=96&d=mm&r=g\",\"url\":\"https:\\\/\\\/secure.gravatar.com\\\/avatar\\\/06ad6f92eb14745b75fb592cadf8139d33242d81c9c8b085133c450aaf0b9731?s=96&d=mm&r=g\",\"contentUrl\":\"https:\\\/\\\/secure.gravatar.com\\\/avatar\\\/06ad6f92eb14745b75fb592cadf8139d33242d81c9c8b085133c450aaf0b9731?s=96&d=mm&r=g\",\"caption\":\"Redazione\"},\"url\":\"https:\\\/\\\/cinema.video\\\/it\\\/author\\\/redazione\"}]}<\/script>\n<!-- \/ Yoast SEO Premium plugin. -->","yoast_head_json":{"title":"FOCUS La sostenibile leggerezza degli Olandesi - Cinema &amp; Video International","description":"FOCUS La sostenibile leggerezza degli Olandesi \u2013 focus la sostenibile leggerezza degli olandesi. \"Non vogliamo far calare le regole dall\u2019alto, ma motivare","robots":{"index":"index","follow":"follow","max-snippet":"max-snippet:-1","max-image-preview":"max-image-preview:large","max-video-preview":"max-video-preview:-1"},"canonical":"https:\/\/cinema.video\/it\/focusla-sostenibile-leggerezza-degli-olandesi","og_locale":"it_IT","og_type":"article","og_title":"FOCUS La sostenibile leggerezza degli Olandesi","og_description":"FOCUS La sostenibile leggerezza degli Olandesi \u2013 focus la sostenibile leggerezza degli olandesi. \"Non vogliamo far calare le regole dall\u2019alto, ma motivare","og_url":"https:\/\/cinema.video\/it\/focusla-sostenibile-leggerezza-degli-olandesi","og_site_name":"Cinema &amp; Video International","article_publisher":"https:\/\/www.facebook.com\/CinemaVideoInternational\/","article_published_time":"2015-04-07T10:29:30+00:00","article_modified_time":"2026-04-10T01:30:40+00:00","og_image":[{"width":616,"height":382,"url":"https:\/\/cinema.video\/wp-content\/uploads\/Nijkerk9-e1428592488594.jpg","type":"image\/jpeg"}],"author":"Redazione","twitter_card":"summary_large_image","twitter_misc":{"Scritto da":"Redazione","Tempo di lettura stimato":"4 minuti"},"schema":{"@context":"https:\/\/schema.org","@graph":[{"@type":"Article","@id":"https:\/\/cinema.video\/it\/focusla-sostenibile-leggerezza-degli-olandesi#article","isPartOf":{"@id":"https:\/\/cinema.video\/it\/focusla-sostenibile-leggerezza-degli-olandesi"},"author":{"name":"Redazione","@id":"https:\/\/cinema.video\/it#\/schema\/person\/aeb01b91d874e8b01e76a1db04c668c6"},"headline":"FOCUS La sostenibile leggerezza degli Olandesi","datePublished":"2015-04-07T10:29:30+00:00","dateModified":"2026-04-10T01:30:40+00:00","mainEntityOfPage":{"@id":"https:\/\/cinema.video\/it\/focusla-sostenibile-leggerezza-degli-olandesi"},"wordCount":894,"commentCount":0,"publisher":{"@id":"https:\/\/cinema.video\/it#organization"},"image":{"@id":"https:\/\/cinema.video\/it\/focusla-sostenibile-leggerezza-degli-olandesi#primaryimage"},"thumbnailUrl":"https:\/\/cinema.video\/wp-content\/uploads\/Nijkerk9-e1428592488594-150x150.jpg","inLanguage":"it-IT","potentialAction":[{"@type":"CommentAction","name":"Comment","target":["https:\/\/cinema.video\/it\/focusla-sostenibile-leggerezza-degli-olandesi#respond"]}]},{"@type":"WebPage","@id":"https:\/\/cinema.video\/it\/focusla-sostenibile-leggerezza-degli-olandesi","url":"https:\/\/cinema.video\/it\/focusla-sostenibile-leggerezza-degli-olandesi","name":"FOCUS La sostenibile leggerezza degli Olandesi - Cinema &amp; Video International","isPartOf":{"@id":"https:\/\/cinema.video\/it#website"},"primaryImageOfPage":{"@id":"https:\/\/cinema.video\/it\/focusla-sostenibile-leggerezza-degli-olandesi#primaryimage"},"image":{"@id":"https:\/\/cinema.video\/it\/focusla-sostenibile-leggerezza-degli-olandesi#primaryimage"},"thumbnailUrl":"https:\/\/cinema.video\/wp-content\/uploads\/Nijkerk9-e1428592488594-150x150.jpg","datePublished":"2015-04-07T10:29:30+00:00","dateModified":"2026-04-10T01:30:40+00:00","description":"FOCUS La sostenibile leggerezza degli Olandesi \u2013 focus la sostenibile leggerezza degli olandesi. \"Non vogliamo far calare le regole dall\u2019alto, ma motivare","breadcrumb":{"@id":"https:\/\/cinema.video\/it\/focusla-sostenibile-leggerezza-degli-olandesi#breadcrumb"},"inLanguage":"it-IT","potentialAction":[{"@type":"ReadAction","target":["https:\/\/cinema.video\/it\/focusla-sostenibile-leggerezza-degli-olandesi"]}]},{"@type":"ImageObject","inLanguage":"it-IT","@id":"https:\/\/cinema.video\/it\/focusla-sostenibile-leggerezza-degli-olandesi#primaryimage","url":"https:\/\/cinema.video\/wp-content\/uploads\/Nijkerk9-e1428592488594-150x150.jpg","contentUrl":"https:\/\/cinema.video\/wp-content\/uploads\/Nijkerk9-e1428592488594-150x150.jpg"},{"@type":"BreadcrumbList","@id":"https:\/\/cinema.video\/it\/focusla-sostenibile-leggerezza-degli-olandesi#breadcrumb","itemListElement":[{"@type":"ListItem","position":1,"name":"Home","item":"https:\/\/cinema.video\/it\/home-2"},{"@type":"ListItem","position":2,"name":"FOCUS La sostenibile leggerezza degli Olandesi"}]},{"@type":"WebSite","@id":"https:\/\/cinema.video\/it#website","url":"https:\/\/cinema.video\/it","name":"Cinema & Video International","description":"Film &amp; Audiovisual Industry Trade Magazine","publisher":{"@id":"https:\/\/cinema.video\/it#organization"},"alternateName":"Cinema & Video","potentialAction":[{"@type":"SearchAction","target":{"@type":"EntryPoint","urlTemplate":"https:\/\/cinema.video\/it?s={search_term_string}"},"query-input":{"@type":"PropertyValueSpecification","valueRequired":true,"valueName":"search_term_string"}}],"inLanguage":"it-IT"},{"@type":"Organization","@id":"https:\/\/cinema.video\/it#organization","name":"Cinema & Video","url":"https:\/\/cinema.video\/it","logo":{"@type":"ImageObject","inLanguage":"it-IT","@id":"https:\/\/cinema.video\/it#\/schema\/logo\/image\/","url":"https:\/\/cinema.video\/wp-content\/uploads\/2026\/04\/CinemVideo_LogoBlack.png","contentUrl":"https:\/\/cinema.video\/wp-content\/uploads\/2026\/04\/CinemVideo_LogoBlack.png","width":1336,"height":224,"caption":"Cinema & Video"},"image":{"@id":"https:\/\/cinema.video\/it#\/schema\/logo\/image\/"},"sameAs":["https:\/\/www.facebook.com\/CinemaVideoInternational\/","https:\/\/www.instagram.com\/cinemaevideointernational\/","https:\/\/it.linkedin.com\/company\/cinema-video-international"],"description":"Media Consulting & Marketing Agency","email":"hello@darostudio.com","legalName":"DARO studio LLC","foundingDate":"2021-02-16","numberOfEmployees":{"@type":"QuantitativeValue","minValue":"1","maxValue":"10"}},{"@type":"Person","@id":"https:\/\/cinema.video\/it#\/schema\/person\/aeb01b91d874e8b01e76a1db04c668c6","name":"Redazione","image":{"@type":"ImageObject","inLanguage":"it-IT","@id":"https:\/\/secure.gravatar.com\/avatar\/06ad6f92eb14745b75fb592cadf8139d33242d81c9c8b085133c450aaf0b9731?s=96&d=mm&r=g","url":"https:\/\/secure.gravatar.com\/avatar\/06ad6f92eb14745b75fb592cadf8139d33242d81c9c8b085133c450aaf0b9731?s=96&d=mm&r=g","contentUrl":"https:\/\/secure.gravatar.com\/avatar\/06ad6f92eb14745b75fb592cadf8139d33242d81c9c8b085133c450aaf0b9731?s=96&d=mm&r=g","caption":"Redazione"},"url":"https:\/\/cinema.video\/it\/author\/redazione"}]}},"jetpack_featured_media_url":"","jetpack_shortlink":"https:\/\/wp.me\/ph672m-2pj","_links":{"self":[{"href":"https:\/\/cinema.video\/it\/wp-json\/wp\/v2\/posts\/9257","targetHints":{"allow":["GET"]}}],"collection":[{"href":"https:\/\/cinema.video\/it\/wp-json\/wp\/v2\/posts"}],"about":[{"href":"https:\/\/cinema.video\/it\/wp-json\/wp\/v2\/types\/post"}],"author":[{"embeddable":true,"href":"https:\/\/cinema.video\/it\/wp-json\/wp\/v2\/users\/26"}],"replies":[{"embeddable":true,"href":"https:\/\/cinema.video\/it\/wp-json\/wp\/v2\/comments?post=9257"}],"version-history":[{"count":1,"href":"https:\/\/cinema.video\/it\/wp-json\/wp\/v2\/posts\/9257\/revisions"}],"predecessor-version":[{"id":305809,"href":"https:\/\/cinema.video\/it\/wp-json\/wp\/v2\/posts\/9257\/revisions\/305809"}],"wp:attachment":[{"href":"https:\/\/cinema.video\/it\/wp-json\/wp\/v2\/media?parent=9257"}],"wp:term":[{"taxonomy":"category","embeddable":true,"href":"https:\/\/cinema.video\/it\/wp-json\/wp\/v2\/categories?post=9257"},{"taxonomy":"post_tag","embeddable":true,"href":"https:\/\/cinema.video\/it\/wp-json\/wp\/v2\/tags?post=9257"}],"curies":[{"name":"wp","href":"https:\/\/api.w.org\/{rel}","templated":true}]}}