{"id":923,"date":"2007-09-06T16:17:44","date_gmt":"2007-09-06T16:17:44","guid":{"rendered":"https:\/\/cinema.video\/trentanni-dopo-gavino-riscrive-la-sua-storia"},"modified":"2026-04-10T03:17:39","modified_gmt":"2026-04-10T01:17:39","slug":"trentanni-dopo-gavino-riscrive-la-sua-storia","status":"publish","type":"post","link":"https:\/\/cinema.video\/it\/trentanni-dopo-gavino-riscrive-la-sua-storia","title":{"rendered":"Trent&#8217;anni dopo Gavino riscrive la sua storia"},"content":{"rendered":"<p><P>di &nbsp;Magdalen Nabb<\/P><br \/>\n<P><STRONG>Gavino Ledda<\/STRONG> ha fatto due lunghi viaggi nella sua vita, il primo parte dalla nascita a Siligo, attraversa l&#8217;infanzia del pastorello analfabeta, e approda allo scrittore di un libro di grande successo; l&#8217;altro riparte da questa sua &#8220;seconda nascita&#8221; come scrittore: un viaggio che continua tutt&#8217;oggi . <BR>Del primo sappiamo qualcosa da &#8220;Padre Padrone&#8221;, ma il secondo?<BR>La pubblicazione di &#8220;Padre Padrone&#8221; segn\u00f2 una svolta definitiva nella letteratura sarda. <BR>Altri avevano scritto della vita dei poveri in Sardegna &#8220;&#8221;&#8221;Elias Portolu&#8221; di Grazia Deledda per citare un precedente illustre &#8220;\u201dma hanno scritto nel conforto delle loro ville borghesi, osservando attentamente, scrivendo con immaginazione e grande talento, ma sempre osservando. <BR>Mai ha scritto dei pastori un pastore. Ora non si pu\u00f2 tornare indietro. Anzi, secondo lo stesso Ledda, si deve compiere un passo ulteriore verso l&#8217;autenticit\u00e0\u00a0. <BR>E&#8217; per questo che l&#8217;autore di &#8220;Padre Padrone&#8221; scrive di nuovo la sua storia, scrivendola in sardo. <BR>In questi trent&#8217; anni \u00e8 stato autore, regista e interprete del suo premiato film &#8220;Ybris&#8221;, ha scritto &#8220;Lingua di Falce&#8221; (Feltrinelli 1978), &#8220;Aurum Tellus&#8221; (Scheiwiller 1991) &#8220;I cimenti dell&#8217;agnello&#8221; (Scheiwiller 1995). <BR>In tutti questi anni ha studiato a fondo la linguistica sarda. <BR>L&#8217;anno scorso ha vinto il premio Nonino. E ora? <BR>Ho incontrato Gavino Ledda a Siligo: lavora in cucina a un computer con due monitor per scrivere contemporaneamente la seconda versione di &#8220;Padre Padrone&#8221; in sardo e in italiano. <BR>Veramente sarebbe il terzo, dato che nell&#8217;estate del 1970 scrisse in forma di saggio quello che poi divent\u00f2 la narrazione stesa tra il 1972 e il 1974. <BR>Una volta finita questa nuova versione in sardo, Ledda ne vorrebbe trarre un film. <\/P><br \/>\n<P><STRONG>Prima di parlare di questo nuovo progetto, vorrei tanto sapere cosa hai pensato del &#8220;Padre Padrone&#8221; dei Taviani la prima volta che l&#8217;hai visto. Che effetto ti ha fatto?<BR><\/STRONG>Quella prima volta Vittorio Taviani mi ha chiamato e mi ha detto. &#8220;Vuoi vedere il film, Padre Padrone?&#8221; Questo era a maggio, prima che lo portassero a Cannes. A me sembrava bello. Era bello. Per\u00f2 era difficile per me giudicarlo. Vedi&#8221;\u00a6era il primo film che io avevo visto. Il primo. Io ero analfabeta anche in materia di cinema. Per\u00f2 mi piacque. Era un piacere che tenevo nascosto, ma mi piacque&#8221;\u00a6 <\/P><br \/>\n<P><STRONG>Ora, dopo trent&#8217;anni, come ti \u00e8 sembrato?<BR><\/STRONG>Questa volta i Taviani non c&#8217;erano, stavano lavorando al nuovo film sugli Armeni ( &#8220;La masseria delle allodole&#8221;, ndr) e cos\u00ec non c&#8217;erano. Io ho accettato di andare alla Cineteca di Bologna a vedere il film e parlare con il pubblico a condizione che il giorno dopo facessero vedere &#8220;Ybris&#8221;. E cos\u00ec hanno fatto. Questa volta era diverso. Prima non avevo visto altri film ma ora Gavino \u00e8 cresciuto, ha cominciato a ragionare. Cos\u00ec quando ho visto il film&#8221;\u201ddue mesi e mezzo fa&#8221;\u201dho visto che l&#8217;inizio ( i primi dieci minuti) era bello, perfetto, in perfetto equilibrio, ma poi i Taviani si perdono. Quando cominciano a trasformare&#8221;\u00a6si scompensano, non lo so&#8221;\u00a6ma questo non vuol dire: ognuno giustamente fa il suo film. I Taviani hanno letto la mia storia e si sono inamorati e li ringrazio anche. Per\u00f2, Padre Padrone \u00e8 un libro indigeno, nato qui.Come sono indigeno io, nato qui. Quando far\u00f2 il film in sardo, sar\u00e0\u00a0 diverso. <\/P><br \/>\n<P><STRONG>Generalmente gli autori sono contenti comunque, quando fanno un film, perch\u00e9 poi vendono pi\u00f9 libri. Per te non \u00e8 stato cos\u00ec?<\/STRONG> <BR>Per me manca la controprova. Non \u00e8 detto. Il libro era gi\u00e0\u00a0 tradotto in tante lingue, era gi\u00e0\u00a0 molto conosciuto. In tutte le cose ci sono due facce&#8221;\u00a6\u00e8 vero che quando il film ha vinto la Palma d&#8217;oro c&#8217;\u00e8 stata un&#8217;eco mondiale, ma era gi\u00e0\u00a0 mondiale il libro, ecco. E l&#8217;altra faccia \u00e8 che nel loro film non c&#8217;\u00e8 la Sardegna com&#8217;\u00e8 realmente, e cos\u00ec quelli che in Africa o in Sud America che hanno visto il film e non hanno letto il libro hanno un&#8217;immagine della Sardegna falsa. Non \u00e8 colpa dei Taviani, perch\u00e9 per fare un film sardo bisogna stare in Sardegna almeno dieci anni per capire tutto, e questo non \u00e8 possibile.<\/P><br \/>\n<P><STRONG>A proposito di questo problema, la figura della madre per me stonava molto. Mi sembrava fuori posto e mi disturbava.<\/STRONG> <BR>Anche a me. Disturbava tutta la Sardegna! Quel ridere &#8220;\u201duna capra sembrava, era un ticchio. Quella non \u00e8 una donna sarda, una madre sarda, non \u00e8 una madre mediterranea. E&#8217; una madre falsa, una madre dei Taviani. Una donna di qui che ha novantacinque anni mi ha detto: &#8220;\u02dcSe fosse stato mio marito, l&#8217;avrei legnato io.&#8217; E avrebbe fatto bene! Ma mia madre non era matriarcale, era soggetta al padre padrone.<\/P><br \/>\n<P><STRONG>&nbsp;Il padre era recitato da Omero Antonutti .Recentemente, intervistato da Cinema &amp; Video International a Trieste, l&#8217;attore ha detto di essere dispiaciuto del fatto che il nuovo film vuoi girarlo in sardo. Ha detto &#8220;lo far\u00e0\u00a0 senza di me&#8221;. Questa volta lui non sar\u00e0\u00a0 Abramo.<\/STRONG> <BR>Lo posso capire, s\u00ec, ma questa volta Abramo sar\u00f2 io. L&#8217;importante poi sar\u00e0\u00a0 trovare un bambino che pu\u00f2 recitare Gavino in sardo. Sto lavorando molto con le scuole. A me i bambini mi ascoltano. I professori sono padroni e non si ricordano pi\u00f9 di quando erano minori. Io sono rimasto sempre bambino e per questo mi ascoltano. Il 15 Giugno, per esempio, ho fatto al Teatro Civico di Sassari un pezzo teatrale con i bambini che si chiama &#8220;Su Occhidorzu.&#8221; Questi bambini non sapevano parlare sardo, io l&#8217;ho insegnato a loro, e il pubblico \u00e8 rimasto sorpreso. Ha applaudito tanto. Ultimamente sono stato a Nuoro per un incontro di cineasti sardi. Ma non \u00e8 cinema sardo se \u00e8 in italiano. Bisogna salvare la nostra lingua e io devo fare la mia parte. Fare un film \u00e8 un grosso impegno, \u00e8 pesante. Ci vorranno tre anni di lavoro e sar\u00e0\u00a0 duro.Ma lo voglio fare.<\/P><br \/>\n<P><STRONG>Il problema del &#8220;padre padrone&#8221; secondo te \u00e8 un problema locale o appartiene a tutto il mondo?<BR><\/STRONG>La<EM> padrepadronia<\/EM> \u00e8 un problema mondiale, ma oggi \u00e8 molto peggio. Oggi c&#8217;\u00e8 solo il padrone, il magnate che rovina il mondo, la natura, per arricchirsi. Il padre non c&#8217;\u00e8 pi\u00f9. <\/P><br \/>\n<P><STRONG>Altro buon motivo per rifare il film, allora. Sar\u00e0\u00a0 molto diverso?<\/STRONG> Devo rimanere fedele alla mia storia. Per\u00f2 all&#8217;epoca avevo omesso delle cose, cose che ora voglio mettere. Poi, in questi trenta anni ho fatto un viaggio dentro me stesso e mi sono accorto di una cosa importante. Il libro, nella sua prima stesura, era stato capito come la storia di un patriarca, non come la storia di un bambino.<\/P><br \/>\n<P><STRONG>&nbsp;E&#8217; vero che tuo padre \u00e8 morto recentemente?<\/STRONG> <BR>Si. E&#8217; morto a Febbraio. Aveva novantanove anni e due mesi. <\/P><br \/>\n<P><STRONG>Vedo la sua foto sul caminetto insieme a te e la madre. Il vostro era un rapporto odio-amore?<\/STRONG> <BR>Odio no. Conflitto si. Lui era forte, io sono forte. Ma odio mai, no.<\/P><br \/>\n<P>&nbsp;La nostra intervista si conclude nell&#8217;orto botanico creato e curato con passione da Gavino Ledda non lontano da casa sua. L\u00ec parla della Sardegna di oggi. &#8220;La Sardegna si sta sviluppando male e questo \u00e8 un problema politico. L&#8217;afflusso turistico va controllato. La Sardegna non \u00e8 solo mare. La Sardegna \u00e8 mare e anche animali&#8221;\u201dpecore, cani, vacche, maiali. Ed \u00e8 anche sugheri e querce. Il turismo si deve sviluppare rispettando la natura &#8220;. <\/P><br \/>\n<P>Cinema&amp;Video International&nbsp;&nbsp;&nbsp;&nbsp;&nbsp;&nbsp;&nbsp;&nbsp;&nbsp;&nbsp;&nbsp;&nbsp;&nbsp;&nbsp;&nbsp;&nbsp; n.8-9&nbsp;Agosto\/Settembre 2007<\/P><\/p>\n","protected":false},"excerpt":{"rendered":"<p>Ai festeggiamenti per i trent&#8217;anni dalla Palma d&#8217;Oro a &#8220;Padre Padrone\u00e2\u20ac\u009d mancava quest&#8217;anno a Cannes <STRONG>Gavino Ledda<\/STRONG>, l&#8217;autore del libro da cui il film \u00e8 stato tratto. Stava a casa sua a Siligo in provincia di Sassari, scrivendo una nuova versione del libro \u00e2\u20ac\u201c in sardo e in italiano &#8211; dal quale intende trarre un nuovo film, anch&#8217;esso sia in sardo che in italiano. Poco prima del festival, Ledda \u00e8 stato alla proiezione organizzata dalla Cineteca di Bologna , lo stesso luogo dove ha visto il film per la prima volta nel maggio del &#8217;77. Ma con questa differenza: che il giorno dopo, su richiesta dello stesso Ledda, c&#8217;\u00e8 stata la proiezione del suo film, &#8220;Ybris\u00e2\u20ac\u009d , che vinse nell&#8217;84 alla Mostra del Cinema di Venezia il Premio &#8220;Cinema Nuovo\u00e2\u20ac\u009d miglior opera prima&#8230; <\/p>\n","protected":false},"author":101032,"featured_media":0,"comment_status":"open","ping_status":"open","sticky":false,"template":"","format":"standard","meta":{"googlesitekit_rrm_CAow3e7fCw:productID":"","_crdt_document":"","footnotes":""},"categories":[1],"tags":[82],"class_list":{"0":"post-923","1":"post","2":"type-post","3":"status-publish","4":"format-standard","6":"category-senza-categoria","7":"tag-libro-e-schermo"},"yoast_head":"<!-- This site is optimized with the Yoast SEO Premium plugin v27.4 (Yoast SEO v27.5) - https:\/\/yoast.com\/product\/yoast-seo-premium-wordpress\/ -->\n<title>Trent&#039;anni dopo Gavino riscrive la sua storia - Cinema &amp; Video International<\/title>\n<meta name=\"description\" content=\"Trent&#039;anni dopo Gavino riscrive la sua storia \u2013 trentanni dopo gavino riscrive la sua. di &nbsp;Magdalen Nabb Gavino Ledda ha fatto due lunghi viaggi nella\" \/>\n<meta name=\"robots\" content=\"index, follow, max-snippet:-1, max-image-preview:large, max-video-preview:-1\" \/>\n<link rel=\"canonical\" href=\"https:\/\/cinema.video\/it\/trentanni-dopo-gavino-riscrive-la-sua-storia\" \/>\n<meta property=\"og:locale\" content=\"it_IT\" \/>\n<meta property=\"og:type\" content=\"article\" \/>\n<meta property=\"og:title\" content=\"Trent&#039;anni dopo Gavino riscrive la sua storia\" \/>\n<meta property=\"og:description\" content=\"Trent&#039;anni dopo Gavino riscrive la sua storia \u2013 trentanni dopo gavino riscrive la sua. di &nbsp;Magdalen Nabb Gavino Ledda ha fatto due lunghi viaggi nella\" \/>\n<meta property=\"og:url\" content=\"https:\/\/cinema.video\/it\/trentanni-dopo-gavino-riscrive-la-sua-storia\" \/>\n<meta property=\"og:site_name\" content=\"Cinema &amp; Video International\" \/>\n<meta property=\"article:publisher\" content=\"https:\/\/www.facebook.com\/CinemaVideoInternational\/\" \/>\n<meta property=\"article:published_time\" content=\"2007-09-06T16:17:44+00:00\" \/>\n<meta property=\"article:modified_time\" content=\"2026-04-10T01:17:39+00:00\" \/>\n<meta property=\"og:image\" content=\"https:\/\/cinema.video\/wp-content\/uploads\/2026\/04\/CinemVideo_LogoBlack.png\" \/>\n\t<meta property=\"og:image:width\" content=\"1336\" \/>\n\t<meta property=\"og:image:height\" content=\"224\" \/>\n\t<meta property=\"og:image:type\" content=\"image\/png\" \/>\n<meta name=\"author\" content=\"Davide Morena\" \/>\n<meta name=\"twitter:card\" content=\"summary_large_image\" \/>\n<meta name=\"twitter:label1\" content=\"Scritto da\" \/>\n\t<meta name=\"twitter:data1\" content=\"Davide Morena\" \/>\n\t<meta name=\"twitter:label2\" content=\"Tempo di lettura stimato\" \/>\n\t<meta name=\"twitter:data2\" content=\"6 minuti\" \/>\n<script type=\"application\/ld+json\" class=\"yoast-schema-graph\">{\"@context\":\"https:\\\/\\\/schema.org\",\"@graph\":[{\"@type\":\"Article\",\"@id\":\"https:\\\/\\\/cinema.video\\\/it\\\/trentanni-dopo-gavino-riscrive-la-sua-storia#article\",\"isPartOf\":{\"@id\":\"https:\\\/\\\/cinema.video\\\/it\\\/trentanni-dopo-gavino-riscrive-la-sua-storia\"},\"author\":{\"name\":\"Davide Morena\",\"@id\":\"https:\\\/\\\/cinema.video\\\/it#\\\/schema\\\/person\\\/b63ca05986911bf3a53c6c027c27b8b7\"},\"headline\":\"Trent&#8217;anni dopo Gavino riscrive la sua storia\",\"datePublished\":\"2007-09-06T16:17:44+00:00\",\"dateModified\":\"2026-04-10T01:17:39+00:00\",\"mainEntityOfPage\":{\"@id\":\"https:\\\/\\\/cinema.video\\\/it\\\/trentanni-dopo-gavino-riscrive-la-sua-storia\"},\"wordCount\":1240,\"commentCount\":0,\"publisher\":{\"@id\":\"https:\\\/\\\/cinema.video\\\/it#organization\"},\"keywords\":[\"Libro e schermo\"],\"inLanguage\":\"it-IT\",\"potentialAction\":[{\"@type\":\"CommentAction\",\"name\":\"Comment\",\"target\":[\"https:\\\/\\\/cinema.video\\\/it\\\/trentanni-dopo-gavino-riscrive-la-sua-storia#respond\"]}]},{\"@type\":\"WebPage\",\"@id\":\"https:\\\/\\\/cinema.video\\\/it\\\/trentanni-dopo-gavino-riscrive-la-sua-storia\",\"url\":\"https:\\\/\\\/cinema.video\\\/it\\\/trentanni-dopo-gavino-riscrive-la-sua-storia\",\"name\":\"Trent'anni dopo Gavino riscrive la sua storia - Cinema &amp; Video International\",\"isPartOf\":{\"@id\":\"https:\\\/\\\/cinema.video\\\/it#website\"},\"datePublished\":\"2007-09-06T16:17:44+00:00\",\"dateModified\":\"2026-04-10T01:17:39+00:00\",\"description\":\"Trent'anni dopo Gavino riscrive la sua storia \u2013 trentanni dopo gavino riscrive la sua. di &nbsp;Magdalen Nabb Gavino Ledda ha fatto due lunghi viaggi nella\",\"breadcrumb\":{\"@id\":\"https:\\\/\\\/cinema.video\\\/it\\\/trentanni-dopo-gavino-riscrive-la-sua-storia#breadcrumb\"},\"inLanguage\":\"it-IT\",\"potentialAction\":[{\"@type\":\"ReadAction\",\"target\":[\"https:\\\/\\\/cinema.video\\\/it\\\/trentanni-dopo-gavino-riscrive-la-sua-storia\"]}]},{\"@type\":\"BreadcrumbList\",\"@id\":\"https:\\\/\\\/cinema.video\\\/it\\\/trentanni-dopo-gavino-riscrive-la-sua-storia#breadcrumb\",\"itemListElement\":[{\"@type\":\"ListItem\",\"position\":1,\"name\":\"Home\",\"item\":\"https:\\\/\\\/cinema.video\\\/it\\\/home-2\"},{\"@type\":\"ListItem\",\"position\":2,\"name\":\"Trent&#8217;anni dopo Gavino riscrive la sua storia\"}]},{\"@type\":\"WebSite\",\"@id\":\"https:\\\/\\\/cinema.video\\\/it#website\",\"url\":\"https:\\\/\\\/cinema.video\\\/it\",\"name\":\"Cinema & Video International\",\"description\":\"Film &amp; Audiovisual Industry Trade Magazine\",\"publisher\":{\"@id\":\"https:\\\/\\\/cinema.video\\\/it#organization\"},\"alternateName\":\"Cinema & Video\",\"potentialAction\":[{\"@type\":\"SearchAction\",\"target\":{\"@type\":\"EntryPoint\",\"urlTemplate\":\"https:\\\/\\\/cinema.video\\\/it?s={search_term_string}\"},\"query-input\":{\"@type\":\"PropertyValueSpecification\",\"valueRequired\":true,\"valueName\":\"search_term_string\"}}],\"inLanguage\":\"it-IT\"},{\"@type\":\"Organization\",\"@id\":\"https:\\\/\\\/cinema.video\\\/it#organization\",\"name\":\"Cinema & Video\",\"url\":\"https:\\\/\\\/cinema.video\\\/it\",\"logo\":{\"@type\":\"ImageObject\",\"inLanguage\":\"it-IT\",\"@id\":\"https:\\\/\\\/cinema.video\\\/it#\\\/schema\\\/logo\\\/image\\\/\",\"url\":\"https:\\\/\\\/cinema.video\\\/wp-content\\\/uploads\\\/2026\\\/04\\\/CinemVideo_LogoBlack.png\",\"contentUrl\":\"https:\\\/\\\/cinema.video\\\/wp-content\\\/uploads\\\/2026\\\/04\\\/CinemVideo_LogoBlack.png\",\"width\":1336,\"height\":224,\"caption\":\"Cinema & Video\"},\"image\":{\"@id\":\"https:\\\/\\\/cinema.video\\\/it#\\\/schema\\\/logo\\\/image\\\/\"},\"sameAs\":[\"https:\\\/\\\/www.facebook.com\\\/CinemaVideoInternational\\\/\",\"https:\\\/\\\/www.instagram.com\\\/cinemaevideointernational\\\/\",\"https:\\\/\\\/it.linkedin.com\\\/company\\\/cinema-video-international\"],\"description\":\"Media Consulting & Marketing Agency\",\"email\":\"hello@darostudio.com\",\"legalName\":\"DARO studio LLC\",\"foundingDate\":\"2021-02-16\",\"numberOfEmployees\":{\"@type\":\"QuantitativeValue\",\"minValue\":\"1\",\"maxValue\":\"10\"}},{\"@type\":\"Person\",\"@id\":\"https:\\\/\\\/cinema.video\\\/it#\\\/schema\\\/person\\\/b63ca05986911bf3a53c6c027c27b8b7\",\"name\":\"Davide Morena\",\"image\":{\"@type\":\"ImageObject\",\"inLanguage\":\"it-IT\",\"@id\":\"https:\\\/\\\/secure.gravatar.com\\\/avatar\\\/4304209e0c1a7f0eafbc1fa01b5157cb233998514f3a0ff9ea99ae43a0f44009?s=96&d=mm&r=g\",\"url\":\"https:\\\/\\\/secure.gravatar.com\\\/avatar\\\/4304209e0c1a7f0eafbc1fa01b5157cb233998514f3a0ff9ea99ae43a0f44009?s=96&d=mm&r=g\",\"contentUrl\":\"https:\\\/\\\/secure.gravatar.com\\\/avatar\\\/4304209e0c1a7f0eafbc1fa01b5157cb233998514f3a0ff9ea99ae43a0f44009?s=96&d=mm&r=g\",\"caption\":\"Davide Morena\"},\"url\":\"https:\\\/\\\/cinema.video\\\/it\\\/author\\\/davide-morena\"}]}<\/script>\n<!-- \/ Yoast SEO Premium plugin. -->","yoast_head_json":{"title":"Trent'anni dopo Gavino riscrive la sua storia - Cinema &amp; Video International","description":"Trent'anni dopo Gavino riscrive la sua storia \u2013 trentanni dopo gavino riscrive la sua. di &nbsp;Magdalen Nabb Gavino Ledda ha fatto due lunghi viaggi nella","robots":{"index":"index","follow":"follow","max-snippet":"max-snippet:-1","max-image-preview":"max-image-preview:large","max-video-preview":"max-video-preview:-1"},"canonical":"https:\/\/cinema.video\/it\/trentanni-dopo-gavino-riscrive-la-sua-storia","og_locale":"it_IT","og_type":"article","og_title":"Trent'anni dopo Gavino riscrive la sua storia","og_description":"Trent'anni dopo Gavino riscrive la sua storia \u2013 trentanni dopo gavino riscrive la sua. di &nbsp;Magdalen Nabb Gavino Ledda ha fatto due lunghi viaggi nella","og_url":"https:\/\/cinema.video\/it\/trentanni-dopo-gavino-riscrive-la-sua-storia","og_site_name":"Cinema &amp; Video International","article_publisher":"https:\/\/www.facebook.com\/CinemaVideoInternational\/","article_published_time":"2007-09-06T16:17:44+00:00","article_modified_time":"2026-04-10T01:17:39+00:00","og_image":[{"width":1336,"height":224,"url":"https:\/\/cinema.video\/wp-content\/uploads\/2026\/04\/CinemVideo_LogoBlack.png","type":"image\/png"}],"author":"Davide Morena","twitter_card":"summary_large_image","twitter_misc":{"Scritto da":"Davide Morena","Tempo di lettura stimato":"6 minuti"},"schema":{"@context":"https:\/\/schema.org","@graph":[{"@type":"Article","@id":"https:\/\/cinema.video\/it\/trentanni-dopo-gavino-riscrive-la-sua-storia#article","isPartOf":{"@id":"https:\/\/cinema.video\/it\/trentanni-dopo-gavino-riscrive-la-sua-storia"},"author":{"name":"Davide Morena","@id":"https:\/\/cinema.video\/it#\/schema\/person\/b63ca05986911bf3a53c6c027c27b8b7"},"headline":"Trent&#8217;anni dopo Gavino riscrive la sua storia","datePublished":"2007-09-06T16:17:44+00:00","dateModified":"2026-04-10T01:17:39+00:00","mainEntityOfPage":{"@id":"https:\/\/cinema.video\/it\/trentanni-dopo-gavino-riscrive-la-sua-storia"},"wordCount":1240,"commentCount":0,"publisher":{"@id":"https:\/\/cinema.video\/it#organization"},"keywords":["Libro e schermo"],"inLanguage":"it-IT","potentialAction":[{"@type":"CommentAction","name":"Comment","target":["https:\/\/cinema.video\/it\/trentanni-dopo-gavino-riscrive-la-sua-storia#respond"]}]},{"@type":"WebPage","@id":"https:\/\/cinema.video\/it\/trentanni-dopo-gavino-riscrive-la-sua-storia","url":"https:\/\/cinema.video\/it\/trentanni-dopo-gavino-riscrive-la-sua-storia","name":"Trent'anni dopo Gavino riscrive la sua storia - Cinema &amp; Video International","isPartOf":{"@id":"https:\/\/cinema.video\/it#website"},"datePublished":"2007-09-06T16:17:44+00:00","dateModified":"2026-04-10T01:17:39+00:00","description":"Trent'anni dopo Gavino riscrive la sua storia \u2013 trentanni dopo gavino riscrive la sua. di &nbsp;Magdalen Nabb Gavino Ledda ha fatto due lunghi viaggi nella","breadcrumb":{"@id":"https:\/\/cinema.video\/it\/trentanni-dopo-gavino-riscrive-la-sua-storia#breadcrumb"},"inLanguage":"it-IT","potentialAction":[{"@type":"ReadAction","target":["https:\/\/cinema.video\/it\/trentanni-dopo-gavino-riscrive-la-sua-storia"]}]},{"@type":"BreadcrumbList","@id":"https:\/\/cinema.video\/it\/trentanni-dopo-gavino-riscrive-la-sua-storia#breadcrumb","itemListElement":[{"@type":"ListItem","position":1,"name":"Home","item":"https:\/\/cinema.video\/it\/home-2"},{"@type":"ListItem","position":2,"name":"Trent&#8217;anni dopo Gavino riscrive la sua storia"}]},{"@type":"WebSite","@id":"https:\/\/cinema.video\/it#website","url":"https:\/\/cinema.video\/it","name":"Cinema & Video International","description":"Film &amp; Audiovisual Industry Trade Magazine","publisher":{"@id":"https:\/\/cinema.video\/it#organization"},"alternateName":"Cinema & Video","potentialAction":[{"@type":"SearchAction","target":{"@type":"EntryPoint","urlTemplate":"https:\/\/cinema.video\/it?s={search_term_string}"},"query-input":{"@type":"PropertyValueSpecification","valueRequired":true,"valueName":"search_term_string"}}],"inLanguage":"it-IT"},{"@type":"Organization","@id":"https:\/\/cinema.video\/it#organization","name":"Cinema & Video","url":"https:\/\/cinema.video\/it","logo":{"@type":"ImageObject","inLanguage":"it-IT","@id":"https:\/\/cinema.video\/it#\/schema\/logo\/image\/","url":"https:\/\/cinema.video\/wp-content\/uploads\/2026\/04\/CinemVideo_LogoBlack.png","contentUrl":"https:\/\/cinema.video\/wp-content\/uploads\/2026\/04\/CinemVideo_LogoBlack.png","width":1336,"height":224,"caption":"Cinema & Video"},"image":{"@id":"https:\/\/cinema.video\/it#\/schema\/logo\/image\/"},"sameAs":["https:\/\/www.facebook.com\/CinemaVideoInternational\/","https:\/\/www.instagram.com\/cinemaevideointernational\/","https:\/\/it.linkedin.com\/company\/cinema-video-international"],"description":"Media Consulting & Marketing Agency","email":"hello@darostudio.com","legalName":"DARO studio LLC","foundingDate":"2021-02-16","numberOfEmployees":{"@type":"QuantitativeValue","minValue":"1","maxValue":"10"}},{"@type":"Person","@id":"https:\/\/cinema.video\/it#\/schema\/person\/b63ca05986911bf3a53c6c027c27b8b7","name":"Davide Morena","image":{"@type":"ImageObject","inLanguage":"it-IT","@id":"https:\/\/secure.gravatar.com\/avatar\/4304209e0c1a7f0eafbc1fa01b5157cb233998514f3a0ff9ea99ae43a0f44009?s=96&d=mm&r=g","url":"https:\/\/secure.gravatar.com\/avatar\/4304209e0c1a7f0eafbc1fa01b5157cb233998514f3a0ff9ea99ae43a0f44009?s=96&d=mm&r=g","contentUrl":"https:\/\/secure.gravatar.com\/avatar\/4304209e0c1a7f0eafbc1fa01b5157cb233998514f3a0ff9ea99ae43a0f44009?s=96&d=mm&r=g","caption":"Davide Morena"},"url":"https:\/\/cinema.video\/it\/author\/davide-morena"}]}},"jetpack_featured_media_url":"","jetpack_shortlink":"https:\/\/wp.me\/ph672m-eT","_links":{"self":[{"href":"https:\/\/cinema.video\/it\/wp-json\/wp\/v2\/posts\/923","targetHints":{"allow":["GET"]}}],"collection":[{"href":"https:\/\/cinema.video\/it\/wp-json\/wp\/v2\/posts"}],"about":[{"href":"https:\/\/cinema.video\/it\/wp-json\/wp\/v2\/types\/post"}],"author":[{"embeddable":true,"href":"https:\/\/cinema.video\/it\/wp-json\/wp\/v2\/users\/101032"}],"replies":[{"embeddable":true,"href":"https:\/\/cinema.video\/it\/wp-json\/wp\/v2\/comments?post=923"}],"version-history":[{"count":1,"href":"https:\/\/cinema.video\/it\/wp-json\/wp\/v2\/posts\/923\/revisions"}],"predecessor-version":[{"id":304305,"href":"https:\/\/cinema.video\/it\/wp-json\/wp\/v2\/posts\/923\/revisions\/304305"}],"wp:attachment":[{"href":"https:\/\/cinema.video\/it\/wp-json\/wp\/v2\/media?parent=923"}],"wp:term":[{"taxonomy":"category","embeddable":true,"href":"https:\/\/cinema.video\/it\/wp-json\/wp\/v2\/categories?post=923"},{"taxonomy":"post_tag","embeddable":true,"href":"https:\/\/cinema.video\/it\/wp-json\/wp\/v2\/tags?post=923"}],"curies":[{"name":"wp","href":"https:\/\/api.w.org\/{rel}","templated":true}]}}