{"id":9216,"date":"2015-04-07T09:59:45","date_gmt":"2015-04-07T09:59:45","guid":{"rendered":"https:\/\/cinema.video\/?p=9216"},"modified":"2026-04-10T03:30:33","modified_gmt":"2026-04-10T01:30:33","slug":"orizzontigenerativi-e-rivoluzionari","status":"publish","type":"post","link":"https:\/\/cinema.video\/it\/orizzontigenerativi-e-rivoluzionari","title":{"rendered":"ORIZZONTI Generativi e Rivoluzionari"},"content":{"rendered":"<p><a href=\"https:\/\/cinema.video\/wp-content\/uploads\/satta3.jpg\"><img loading=\"lazy\" decoding=\"async\" class=\"alignleft size-thumbnail wp-image-9249\" src=\"https:\/\/cinema.video\/wp-content\/uploads\/satta3-150x150.jpg\" alt=\"satta3\" width=\"150\" height=\"150\" srcset=\"https:\/\/cinema.video\/wp-content\/uploads\/satta3.jpg 150w, https:\/\/cinema.video\/wp-content\/uploads\/satta3.jpg 300w\" sizes=\"auto, (max-width: 150px) 100vw, 150px\" \/><\/a>Il cambiamento climatico \u00e8 gi\u00e0 tra noi. Un esponenziale numero di brutali disastri ambientali si sta addensando all\u2019orizzonte, senza che alcuna nostra azione possa contenerli.<br \/>\nEppure non \u00e8 troppo tardi per respingere il peggio, e comunque c\u2019\u00e8 ancora tempo di cambiare noi stessi per divenire reciprocamente molto meno scorretti quando simili catastrofi si abbattono sul pianeta.<br \/>\nQuesta consapevolezza ha un valore inestimabile.<br \/>\nPerch\u00e9 dobbiamo ricordarci che ci\u00f2 che caratterizza una crisi cos\u00ec grande \u00e8 che questo cambia tutto.<br \/>\nCambia ci\u00f2 che possiamo fare, ci\u00f2 che speriamo, ci\u00f2 che esigiamo dal nostro operato e dai nostri leader.<br \/>\nSignifica che c\u2019\u00e8 un&#8217;enorme quantit\u00e0 di cose da fare che in passato ci sono state descritte come inevitabili che semplicemente non ha ragione d\u2019esistere. E significa anche che tutte quelle cose che ci sono state descritte come impossibili devono da noi essere attivate immediatamente. (Naomi Klein, \u201cUna rivoluzione ci salver\u00e0\u201d, 2015)<\/p>\n<p>La consapevolezza che tutto \u00e8 gi\u00e0 cambiato e che non \u00e8 pi\u00f9 rimandabile la nostra azione responsabile, consapevole, virale di sensibilizzazione e attivazione di nuovi comportamenti e pratiche di consumo responsabile \u00e8 pervasiva e persuasiva.<br \/>\nPer questo il ruolo del cinema e della produzione audiovisiva \u00e8 centrale, in quanto grazie alla contaminazione di linguaggi ed immaginario si possono creare nuove competenze, partecipazione attiva e azione competente da parte di ciascun cittadino della Terra.<br \/>\nSi deve agire uniti, coscienti che soltanto la cooperazione di rete pu\u00f2 generare solidit\u00e0.<br \/>\nRicerca e innovazione, sviluppo delle capacit\u00e0 istituzionali, formazione di nuove figure professionali, inclusione sociale e competitivit\u00e0 delle piccole e medie imprese sono per noi, oggi, tutte legate al principio di Sostenibilit\u00e0.<br \/>\nPer questo il ruolo sempre pi\u00f9 centrale svolto dalle Film Commission a sostegno dei giovani talenti, degli autori, dei videomakers, delle imprese e delle maestranze locali \u00e8 strategico.<br \/>\nUn ruolo che si sta ampliando e diversificando per abbracciare l\u2019intera filiera nella consapevolezza che il supporto alla produzione non pu\u00f2 essere disgiunto da quello alla distribuzione e alla promozione anche in un\u2019ottica internazionale.<br \/>\nLa presenza delle FC all\u2019interno dei network europei per favorire le coproduzioni ed attrarre risorse e capitali esteri sui propri territori \u00e8 ormai imprescindibile. Per questa ragione la rete delle film commissione europee qui riunita a Cagliari trova il terreno fertile per elaborare il programma di azioni e di un condiviso codice etico per la produzione sostenibile. L\u2019industria audiovisiva insieme alle altre industrie creative \u00e8 ancorata ai territori in cui opera:\u00a0 abbiamo il<br \/>\ndovere di proteggerli, promuovere nuove prassi e metodologie innovative per rendere responsabile<br \/>\ne congiunto il lavoro della pubblica amministrazione e del settore privato.<br \/>\nDobbiamo essere generativi e creativi. Perch\u00e9, parafrasando Noemi Klein, questo cambia tutto.<\/p>\n","protected":false},"excerpt":{"rendered":"<p>Il cambiamento climatico \u00e8 gi\u00e0 tra noi. Un esponenziale numero di brutali disastri ambientali si sta addensando all\u2019orizzonte, senza che alcuna nostra azione possa contenerli. Eppure non \u00e8 troppo tardi per respingere il peggio, e comunque c\u2019\u00e8 ancora tempo di cambiare noi stessi per divenire reciprocamente molto meno scorretti quando simili catastrofi si abbattono sul [&hellip;]<\/p>\n","protected":false},"author":27,"featured_media":0,"comment_status":"open","ping_status":"open","sticky":false,"template":"","format":"standard","meta":{"googlesitekit_rrm_CAow3e7fCw:productID":"","_crdt_document":"","footnotes":""},"categories":[1],"tags":[],"class_list":{"0":"post-9216","1":"post","2":"type-post","3":"status-publish","4":"format-standard","6":"category-senza-categoria"},"yoast_head":"<!-- This site is optimized with the Yoast SEO Premium plugin v27.4 (Yoast SEO v27.5) - https:\/\/yoast.com\/product\/yoast-seo-premium-wordpress\/ -->\n<title>ORIZZONTI Generativi e Rivoluzionari - Cinema &amp; Video International<\/title>\n<meta name=\"description\" content=\"ORIZZONTI Generativi e Rivoluzionari \u2013 orizzonti generativi e rivoluzionari. Il cambiamento climatico \u00e8 gi\u00e0 tra noi. Un esponenziale numero di brutali disa\" \/>\n<meta name=\"robots\" content=\"index, follow, max-snippet:-1, max-image-preview:large, max-video-preview:-1\" \/>\n<link rel=\"canonical\" href=\"https:\/\/cinema.video\/it\/orizzontigenerativi-e-rivoluzionari\" \/>\n<meta property=\"og:locale\" content=\"it_IT\" \/>\n<meta property=\"og:type\" content=\"article\" \/>\n<meta property=\"og:title\" content=\"ORIZZONTI Generativi e Rivoluzionari\" \/>\n<meta property=\"og:description\" content=\"ORIZZONTI Generativi e Rivoluzionari \u2013 orizzonti generativi e rivoluzionari. Il cambiamento climatico \u00e8 gi\u00e0 tra noi. Un esponenziale numero di brutali disa\" \/>\n<meta property=\"og:url\" content=\"https:\/\/cinema.video\/it\/orizzontigenerativi-e-rivoluzionari\" \/>\n<meta property=\"og:site_name\" content=\"Cinema &amp; Video International\" \/>\n<meta property=\"article:publisher\" content=\"https:\/\/www.facebook.com\/CinemaVideoInternational\/\" \/>\n<meta property=\"article:published_time\" content=\"2015-04-07T09:59:45+00:00\" \/>\n<meta property=\"article:modified_time\" content=\"2026-04-10T01:30:33+00:00\" \/>\n<meta property=\"og:image\" content=\"https:\/\/cinema.video\/wp-content\/uploads\/satta3.jpg\" \/>\n\t<meta property=\"og:image:width\" content=\"425\" \/>\n\t<meta property=\"og:image:height\" content=\"283\" \/>\n\t<meta property=\"og:image:type\" content=\"image\/jpeg\" \/>\n<meta name=\"author\" content=\"Nevina Satta\" \/>\n<meta name=\"twitter:card\" content=\"summary_large_image\" \/>\n<meta name=\"twitter:label1\" content=\"Scritto da\" \/>\n\t<meta name=\"twitter:data1\" content=\"Nevina Satta\" \/>\n\t<meta name=\"twitter:label2\" content=\"Tempo di lettura stimato\" \/>\n\t<meta name=\"twitter:data2\" content=\"2 minuti\" \/>\n<script type=\"application\/ld+json\" class=\"yoast-schema-graph\">{\"@context\":\"https:\\\/\\\/schema.org\",\"@graph\":[{\"@type\":\"Article\",\"@id\":\"https:\\\/\\\/cinema.video\\\/it\\\/orizzontigenerativi-e-rivoluzionari#article\",\"isPartOf\":{\"@id\":\"https:\\\/\\\/cinema.video\\\/it\\\/orizzontigenerativi-e-rivoluzionari\"},\"author\":{\"name\":\"Nevina Satta\",\"@id\":\"https:\\\/\\\/cinema.video\\\/it#\\\/schema\\\/person\\\/defdaf7051444ea001bfb40847dd8e13\"},\"headline\":\"ORIZZONTI Generativi e Rivoluzionari\",\"datePublished\":\"2015-04-07T09:59:45+00:00\",\"dateModified\":\"2026-04-10T01:30:33+00:00\",\"mainEntityOfPage\":{\"@id\":\"https:\\\/\\\/cinema.video\\\/it\\\/orizzontigenerativi-e-rivoluzionari\"},\"wordCount\":435,\"commentCount\":0,\"publisher\":{\"@id\":\"https:\\\/\\\/cinema.video\\\/it#organization\"},\"image\":{\"@id\":\"https:\\\/\\\/cinema.video\\\/it\\\/orizzontigenerativi-e-rivoluzionari#primaryimage\"},\"thumbnailUrl\":\"https:\\\/\\\/cinema.video\\\/wp-content\\\/uploads\\\/satta3-150x150.jpg\",\"inLanguage\":\"it-IT\",\"potentialAction\":[{\"@type\":\"CommentAction\",\"name\":\"Comment\",\"target\":[\"https:\\\/\\\/cinema.video\\\/it\\\/orizzontigenerativi-e-rivoluzionari#respond\"]}]},{\"@type\":\"WebPage\",\"@id\":\"https:\\\/\\\/cinema.video\\\/it\\\/orizzontigenerativi-e-rivoluzionari\",\"url\":\"https:\\\/\\\/cinema.video\\\/it\\\/orizzontigenerativi-e-rivoluzionari\",\"name\":\"ORIZZONTI Generativi e Rivoluzionari - Cinema &amp; Video International\",\"isPartOf\":{\"@id\":\"https:\\\/\\\/cinema.video\\\/it#website\"},\"primaryImageOfPage\":{\"@id\":\"https:\\\/\\\/cinema.video\\\/it\\\/orizzontigenerativi-e-rivoluzionari#primaryimage\"},\"image\":{\"@id\":\"https:\\\/\\\/cinema.video\\\/it\\\/orizzontigenerativi-e-rivoluzionari#primaryimage\"},\"thumbnailUrl\":\"https:\\\/\\\/cinema.video\\\/wp-content\\\/uploads\\\/satta3-150x150.jpg\",\"datePublished\":\"2015-04-07T09:59:45+00:00\",\"dateModified\":\"2026-04-10T01:30:33+00:00\",\"description\":\"ORIZZONTI Generativi e Rivoluzionari \u2013 orizzonti generativi e rivoluzionari. Il cambiamento climatico \u00e8 gi\u00e0 tra noi. Un esponenziale numero di brutali disa\",\"breadcrumb\":{\"@id\":\"https:\\\/\\\/cinema.video\\\/it\\\/orizzontigenerativi-e-rivoluzionari#breadcrumb\"},\"inLanguage\":\"it-IT\",\"potentialAction\":[{\"@type\":\"ReadAction\",\"target\":[\"https:\\\/\\\/cinema.video\\\/it\\\/orizzontigenerativi-e-rivoluzionari\"]}]},{\"@type\":\"ImageObject\",\"inLanguage\":\"it-IT\",\"@id\":\"https:\\\/\\\/cinema.video\\\/it\\\/orizzontigenerativi-e-rivoluzionari#primaryimage\",\"url\":\"https:\\\/\\\/cinema.video\\\/wp-content\\\/uploads\\\/satta3-150x150.jpg\",\"contentUrl\":\"https:\\\/\\\/cinema.video\\\/wp-content\\\/uploads\\\/satta3-150x150.jpg\"},{\"@type\":\"BreadcrumbList\",\"@id\":\"https:\\\/\\\/cinema.video\\\/it\\\/orizzontigenerativi-e-rivoluzionari#breadcrumb\",\"itemListElement\":[{\"@type\":\"ListItem\",\"position\":1,\"name\":\"Home\",\"item\":\"https:\\\/\\\/cinema.video\\\/it\\\/home-2\"},{\"@type\":\"ListItem\",\"position\":2,\"name\":\"ORIZZONTI Generativi e Rivoluzionari\"}]},{\"@type\":\"WebSite\",\"@id\":\"https:\\\/\\\/cinema.video\\\/it#website\",\"url\":\"https:\\\/\\\/cinema.video\\\/it\",\"name\":\"Cinema & Video International\",\"description\":\"Film &amp; Audiovisual Industry Trade Magazine\",\"publisher\":{\"@id\":\"https:\\\/\\\/cinema.video\\\/it#organization\"},\"alternateName\":\"Cinema & Video\",\"potentialAction\":[{\"@type\":\"SearchAction\",\"target\":{\"@type\":\"EntryPoint\",\"urlTemplate\":\"https:\\\/\\\/cinema.video\\\/it?s={search_term_string}\"},\"query-input\":{\"@type\":\"PropertyValueSpecification\",\"valueRequired\":true,\"valueName\":\"search_term_string\"}}],\"inLanguage\":\"it-IT\"},{\"@type\":\"Organization\",\"@id\":\"https:\\\/\\\/cinema.video\\\/it#organization\",\"name\":\"Cinema & Video\",\"url\":\"https:\\\/\\\/cinema.video\\\/it\",\"logo\":{\"@type\":\"ImageObject\",\"inLanguage\":\"it-IT\",\"@id\":\"https:\\\/\\\/cinema.video\\\/it#\\\/schema\\\/logo\\\/image\\\/\",\"url\":\"https:\\\/\\\/cinema.video\\\/wp-content\\\/uploads\\\/2026\\\/04\\\/CinemVideo_LogoBlack.png\",\"contentUrl\":\"https:\\\/\\\/cinema.video\\\/wp-content\\\/uploads\\\/2026\\\/04\\\/CinemVideo_LogoBlack.png\",\"width\":1336,\"height\":224,\"caption\":\"Cinema & Video\"},\"image\":{\"@id\":\"https:\\\/\\\/cinema.video\\\/it#\\\/schema\\\/logo\\\/image\\\/\"},\"sameAs\":[\"https:\\\/\\\/www.facebook.com\\\/CinemaVideoInternational\\\/\",\"https:\\\/\\\/www.instagram.com\\\/cinemaevideointernational\\\/\",\"https:\\\/\\\/it.linkedin.com\\\/company\\\/cinema-video-international\"],\"description\":\"Media Consulting & Marketing Agency\",\"email\":\"hello@darostudio.com\",\"legalName\":\"DARO studio LLC\",\"foundingDate\":\"2021-02-16\",\"numberOfEmployees\":{\"@type\":\"QuantitativeValue\",\"minValue\":\"1\",\"maxValue\":\"10\"}},{\"@type\":\"Person\",\"@id\":\"https:\\\/\\\/cinema.video\\\/it#\\\/schema\\\/person\\\/defdaf7051444ea001bfb40847dd8e13\",\"name\":\"Nevina Satta\",\"image\":{\"@type\":\"ImageObject\",\"inLanguage\":\"it-IT\",\"@id\":\"https:\\\/\\\/secure.gravatar.com\\\/avatar\\\/70dd9915f904ca875b0c92f87f37c851db754eddc71769063149dccf83c6c799?s=96&d=mm&r=g\",\"url\":\"https:\\\/\\\/secure.gravatar.com\\\/avatar\\\/70dd9915f904ca875b0c92f87f37c851db754eddc71769063149dccf83c6c799?s=96&d=mm&r=g\",\"contentUrl\":\"https:\\\/\\\/secure.gravatar.com\\\/avatar\\\/70dd9915f904ca875b0c92f87f37c851db754eddc71769063149dccf83c6c799?s=96&d=mm&r=g\",\"caption\":\"Nevina Satta\"},\"url\":\"https:\\\/\\\/cinema.video\\\/it\\\/author\\\/nevina-satta\"}]}<\/script>\n<!-- \/ Yoast SEO Premium plugin. -->","yoast_head_json":{"title":"ORIZZONTI Generativi e Rivoluzionari - Cinema &amp; Video International","description":"ORIZZONTI Generativi e Rivoluzionari \u2013 orizzonti generativi e rivoluzionari. Il cambiamento climatico \u00e8 gi\u00e0 tra noi. Un esponenziale numero di brutali disa","robots":{"index":"index","follow":"follow","max-snippet":"max-snippet:-1","max-image-preview":"max-image-preview:large","max-video-preview":"max-video-preview:-1"},"canonical":"https:\/\/cinema.video\/it\/orizzontigenerativi-e-rivoluzionari","og_locale":"it_IT","og_type":"article","og_title":"ORIZZONTI Generativi e Rivoluzionari","og_description":"ORIZZONTI Generativi e Rivoluzionari \u2013 orizzonti generativi e rivoluzionari. Il cambiamento climatico \u00e8 gi\u00e0 tra noi. Un esponenziale numero di brutali disa","og_url":"https:\/\/cinema.video\/it\/orizzontigenerativi-e-rivoluzionari","og_site_name":"Cinema &amp; Video International","article_publisher":"https:\/\/www.facebook.com\/CinemaVideoInternational\/","article_published_time":"2015-04-07T09:59:45+00:00","article_modified_time":"2026-04-10T01:30:33+00:00","og_image":[{"width":425,"height":283,"url":"https:\/\/cinema.video\/wp-content\/uploads\/satta3.jpg","type":"image\/jpeg"}],"author":"Nevina Satta","twitter_card":"summary_large_image","twitter_misc":{"Scritto da":"Nevina Satta","Tempo di lettura stimato":"2 minuti"},"schema":{"@context":"https:\/\/schema.org","@graph":[{"@type":"Article","@id":"https:\/\/cinema.video\/it\/orizzontigenerativi-e-rivoluzionari#article","isPartOf":{"@id":"https:\/\/cinema.video\/it\/orizzontigenerativi-e-rivoluzionari"},"author":{"name":"Nevina Satta","@id":"https:\/\/cinema.video\/it#\/schema\/person\/defdaf7051444ea001bfb40847dd8e13"},"headline":"ORIZZONTI Generativi e Rivoluzionari","datePublished":"2015-04-07T09:59:45+00:00","dateModified":"2026-04-10T01:30:33+00:00","mainEntityOfPage":{"@id":"https:\/\/cinema.video\/it\/orizzontigenerativi-e-rivoluzionari"},"wordCount":435,"commentCount":0,"publisher":{"@id":"https:\/\/cinema.video\/it#organization"},"image":{"@id":"https:\/\/cinema.video\/it\/orizzontigenerativi-e-rivoluzionari#primaryimage"},"thumbnailUrl":"https:\/\/cinema.video\/wp-content\/uploads\/satta3-150x150.jpg","inLanguage":"it-IT","potentialAction":[{"@type":"CommentAction","name":"Comment","target":["https:\/\/cinema.video\/it\/orizzontigenerativi-e-rivoluzionari#respond"]}]},{"@type":"WebPage","@id":"https:\/\/cinema.video\/it\/orizzontigenerativi-e-rivoluzionari","url":"https:\/\/cinema.video\/it\/orizzontigenerativi-e-rivoluzionari","name":"ORIZZONTI Generativi e Rivoluzionari - Cinema &amp; Video International","isPartOf":{"@id":"https:\/\/cinema.video\/it#website"},"primaryImageOfPage":{"@id":"https:\/\/cinema.video\/it\/orizzontigenerativi-e-rivoluzionari#primaryimage"},"image":{"@id":"https:\/\/cinema.video\/it\/orizzontigenerativi-e-rivoluzionari#primaryimage"},"thumbnailUrl":"https:\/\/cinema.video\/wp-content\/uploads\/satta3-150x150.jpg","datePublished":"2015-04-07T09:59:45+00:00","dateModified":"2026-04-10T01:30:33+00:00","description":"ORIZZONTI Generativi e Rivoluzionari \u2013 orizzonti generativi e rivoluzionari. Il cambiamento climatico \u00e8 gi\u00e0 tra noi. Un esponenziale numero di brutali disa","breadcrumb":{"@id":"https:\/\/cinema.video\/it\/orizzontigenerativi-e-rivoluzionari#breadcrumb"},"inLanguage":"it-IT","potentialAction":[{"@type":"ReadAction","target":["https:\/\/cinema.video\/it\/orizzontigenerativi-e-rivoluzionari"]}]},{"@type":"ImageObject","inLanguage":"it-IT","@id":"https:\/\/cinema.video\/it\/orizzontigenerativi-e-rivoluzionari#primaryimage","url":"https:\/\/cinema.video\/wp-content\/uploads\/satta3-150x150.jpg","contentUrl":"https:\/\/cinema.video\/wp-content\/uploads\/satta3-150x150.jpg"},{"@type":"BreadcrumbList","@id":"https:\/\/cinema.video\/it\/orizzontigenerativi-e-rivoluzionari#breadcrumb","itemListElement":[{"@type":"ListItem","position":1,"name":"Home","item":"https:\/\/cinema.video\/it\/home-2"},{"@type":"ListItem","position":2,"name":"ORIZZONTI Generativi e Rivoluzionari"}]},{"@type":"WebSite","@id":"https:\/\/cinema.video\/it#website","url":"https:\/\/cinema.video\/it","name":"Cinema & Video International","description":"Film &amp; Audiovisual Industry Trade Magazine","publisher":{"@id":"https:\/\/cinema.video\/it#organization"},"alternateName":"Cinema & Video","potentialAction":[{"@type":"SearchAction","target":{"@type":"EntryPoint","urlTemplate":"https:\/\/cinema.video\/it?s={search_term_string}"},"query-input":{"@type":"PropertyValueSpecification","valueRequired":true,"valueName":"search_term_string"}}],"inLanguage":"it-IT"},{"@type":"Organization","@id":"https:\/\/cinema.video\/it#organization","name":"Cinema & Video","url":"https:\/\/cinema.video\/it","logo":{"@type":"ImageObject","inLanguage":"it-IT","@id":"https:\/\/cinema.video\/it#\/schema\/logo\/image\/","url":"https:\/\/cinema.video\/wp-content\/uploads\/2026\/04\/CinemVideo_LogoBlack.png","contentUrl":"https:\/\/cinema.video\/wp-content\/uploads\/2026\/04\/CinemVideo_LogoBlack.png","width":1336,"height":224,"caption":"Cinema & Video"},"image":{"@id":"https:\/\/cinema.video\/it#\/schema\/logo\/image\/"},"sameAs":["https:\/\/www.facebook.com\/CinemaVideoInternational\/","https:\/\/www.instagram.com\/cinemaevideointernational\/","https:\/\/it.linkedin.com\/company\/cinema-video-international"],"description":"Media Consulting & Marketing Agency","email":"hello@darostudio.com","legalName":"DARO studio LLC","foundingDate":"2021-02-16","numberOfEmployees":{"@type":"QuantitativeValue","minValue":"1","maxValue":"10"}},{"@type":"Person","@id":"https:\/\/cinema.video\/it#\/schema\/person\/defdaf7051444ea001bfb40847dd8e13","name":"Nevina Satta","image":{"@type":"ImageObject","inLanguage":"it-IT","@id":"https:\/\/secure.gravatar.com\/avatar\/70dd9915f904ca875b0c92f87f37c851db754eddc71769063149dccf83c6c799?s=96&d=mm&r=g","url":"https:\/\/secure.gravatar.com\/avatar\/70dd9915f904ca875b0c92f87f37c851db754eddc71769063149dccf83c6c799?s=96&d=mm&r=g","contentUrl":"https:\/\/secure.gravatar.com\/avatar\/70dd9915f904ca875b0c92f87f37c851db754eddc71769063149dccf83c6c799?s=96&d=mm&r=g","caption":"Nevina Satta"},"url":"https:\/\/cinema.video\/it\/author\/nevina-satta"}]}},"jetpack_featured_media_url":"","jetpack_shortlink":"https:\/\/wp.me\/ph672m-2oE","_links":{"self":[{"href":"https:\/\/cinema.video\/it\/wp-json\/wp\/v2\/posts\/9216","targetHints":{"allow":["GET"]}}],"collection":[{"href":"https:\/\/cinema.video\/it\/wp-json\/wp\/v2\/posts"}],"about":[{"href":"https:\/\/cinema.video\/it\/wp-json\/wp\/v2\/types\/post"}],"author":[{"embeddable":true,"href":"https:\/\/cinema.video\/it\/wp-json\/wp\/v2\/users\/27"}],"replies":[{"embeddable":true,"href":"https:\/\/cinema.video\/it\/wp-json\/wp\/v2\/comments?post=9216"}],"version-history":[{"count":1,"href":"https:\/\/cinema.video\/it\/wp-json\/wp\/v2\/posts\/9216\/revisions"}],"predecessor-version":[{"id":305796,"href":"https:\/\/cinema.video\/it\/wp-json\/wp\/v2\/posts\/9216\/revisions\/305796"}],"wp:attachment":[{"href":"https:\/\/cinema.video\/it\/wp-json\/wp\/v2\/media?parent=9216"}],"wp:term":[{"taxonomy":"category","embeddable":true,"href":"https:\/\/cinema.video\/it\/wp-json\/wp\/v2\/categories?post=9216"},{"taxonomy":"post_tag","embeddable":true,"href":"https:\/\/cinema.video\/it\/wp-json\/wp\/v2\/tags?post=9216"}],"curies":[{"name":"wp","href":"https:\/\/api.w.org\/{rel}","templated":true}]}}