{"id":896,"date":"2011-11-26T10:55:03","date_gmt":"2011-11-26T10:55:03","guid":{"rendered":"https:\/\/cinema.video\/perugiail-festival-sui-mestieri-del-cinema"},"modified":"2026-04-10T03:17:26","modified_gmt":"2026-04-10T01:17:26","slug":"perugiail-festival-sui-mestieri-del-cinema","status":"publish","type":"post","link":"https:\/\/cinema.video\/it\/perugiail-festival-sui-mestieri-del-cinema","title":{"rendered":"PERUGIA Il Festival sui Mestieri del Cinema"},"content":{"rendered":"<p><strong><\/strong>Celebrare l&#8217;arte e i mestieri del cinema: con questa mission il <strong>Perugia International Film Festival<\/strong>, dopo la preview dell&#8217;1 e 2 ottobre scorsi con proiezioni aperte alla citt\u00e0\u00a0, terr\u00e0\u00a0 la sua prima edizione nel capoluogo umbro dal 22 al 25 marzo 2012.<\/p>\n<p>Spiega a Cinema &amp; Video International la direttrice, <strong>Karen Arikian<\/strong>: &#8220;Non \u00e8 un festival di cinema tradizionale, ma piuttosto un forum artistico e culturale di storytellers, filmakers, artisti.<br \/>\nPerugia \u00e8 una magnifica citt\u00e0\u00a0, cos\u00ec bella e ricca di storia come anche di giovani e studenti: questa \u00e8 la sua unicit\u00e0\u00a0.<br \/>\nCi sembrava il posto ideale dove il pubblico potesse vedere i film ma anche essere coinvolto in dibattiti, e in molti altri eventi a cui stiamo lavorando in questi mesi&#8221;.<\/p>\n<p>Karen Arikian porta nel Festival l&#8217;esperienza di lavoro accumulata con la Berlinale, dove \u00e8 membro del comitato di selezione e consulente dell&#8217;European Film Promotion, e nell&#8221;Hamptons International Film Festival di Southampton, di cui \u00e8 direttrice.<\/p>\n<p>Presidente \u00e8 <strong>Emanuele Rossi<\/strong>, che \u00e8 anche vicepresidente di <strong>Stratus Media Group<\/strong>, societ\u00e0\u00a0 statunitense specializzata nell&#8217;organizzazione di eventi live che organizza la manifestazione.<\/p>\n<p>&#8221; In Italia ci sono festival di cinema importanti, come Venezia, Roma e Torino. Noi &#8211; chiarisce Karen Arikian -non vogliamo competere con loro, ma portare qualcosa di nuovo ad una citt\u00e0\u00a0 straordinaria come Perugia. Avremo film nuovi e un red carpet, ma non vogliamo &#8220;\u02dclottare&#8217; per le premiere internazionali&#8221;.<\/p>\n<p>Le ambizioni sono altre: &#8220;Volevamo fare qualcosa di unico, che avesse anche un senso in Italia, e allora abbiamo scelto questo approccio perch\u00e9 il vostro paese vanta una storia incredibile di scenografi e costumisti&#8221;.<br \/>\nE infatti, oltre alla selezione di film, alla cui scelta Karen \u00e8 coadiuvata da uno staff internazionale (direttore della programmazione \u00e8 <strong>David Nugent<\/strong>, mentre responsabile della selezione italiana \u00e8 <strong>Marcello Paolillo<\/strong>), ogni edizione del Festival dedica un omaggio a una personalit\u00e0\u00a0 internazionale che si \u00e8 distinta nei mestieri del cinema.<br \/>\n&#8221; Il primo &#8220;&#8221; anticipa Karen- sar\u00e0\u00a0 Piero Tosi, che celebreremo con un premio e la proiezione di film dove lui ha realizzato i costumi. Stiamo anche cercando di realizzare una mostra sulla sua opera, in collaborazione la Galleria Nazionale di Perugia&#8221;.<\/p>\n<p>La qualit\u00e0\u00a0 e la variet\u00e0\u00a0 dell&#8217;offerta del festival saranno assicurate dalla collaborazione con partner di grande prestigio, come la <strong>The\u00c2\u00a0 Film Foundation<\/strong> di Martin Scorsese, la Berlinale, Umbria Jazz , e le due Universit\u00e0\u00a0 di Perugia: l&#8217;Universit\u00e0\u00a0 degli Studi e l&#8217;Universit\u00e0\u00a0 per Stranieri.<br \/>\nKaren ce ne parla con entusiasmo.<br \/>\nCon The Film Film Foundation, &#8220;proietteremo quattro film restaurati dalla loro collezione. (la direttrice Jennifer Ahn \u00e8 nel nostro board). Organizzeremo con loro dei workshop, e ospiteremo un regista famoso che \u00e8 nella Fondazione&#8221;<br \/>\nDue le iniziative realizzate con la <strong>Berlinale<\/strong>:<br \/>\n&#8220;Collaboreremo con loro al programma Culinary Cinema su cibo e cinema. <strong>Dieter Kosslich<\/strong>, direttore della Berlinale e <strong>Becki Probst,<\/strong> direttrice dell&#8217;EFM, fanno parte del nostro board. Lavoreremo poi con <strong>l&#8217;European Film Promotion<\/strong>, che alla Berlinale organizza la sezione &#8220;Shooting Stars&#8221;: presenteremo alcune delle shooting stars a Perugia subito dopo la Berlinale e spero che l&#8217;evento sar\u00e0\u00a0 presentato da <strong>Alba Rohrwacher<\/strong>, gi\u00e0\u00a0 shooting star e membro del nostro board&#8221;.<\/p>\n<p>Sul territorio l&#8217;alleanza \u00e8 con <strong>Umbria Jazz<\/strong>:<br \/>\n&#8220;Trovo straordinario lavorare con un&#8217;organizzazione di questo calibro. Esploreremo diversi modi, come la presentazione di film che hanno una colonna sonora jazz, o il coinvolgimento di famosi compositori.<br \/>\nAnche <strong>Carlo Pagnotta<\/strong>, fondatore e direttore di Umbria Jazz, fa parte del nostro comitato d&#8217;onore. Sostanzialmente il programma lo concepiremo assieme , e con ogni probabilit\u00e0\u00a0 programmeremo nostri film anche durante la loro manifestazione, in estate&#8221;.<\/p>\n<p>Il radicamento nella citt\u00e0\u00a0 si manifesta soprattutto nella collaborazione con le due Universit\u00e0\u00a0.<br \/>\n&#8220;Abbiamo instaurato ottimi rapporti con i rettori, orgogliosi di poter lavorare con una istituzione importante come la Martin Scorsese Foundation. Cercheremo di collaborare anche con il reparto di restauro della facolt\u00e0\u00a0 di Storia dell&#8217;Arte&#8221;.<br \/>\nPensata per la comunit\u00e0\u00a0 studentesca \u00e8 l&#8217; originale iniziativa &#8220;The longer you stay, the less you pay&#8221;, rassegna di film di genere che si svolger\u00e0\u00a0 all&#8217;interno della Rocca Paolina, dove gli spazi delle catacombe verranno adattate alla visione cinematografica:<br \/>\n&#8220;Gli spettacoli inizieranno a mezzanotte e pi\u00f9 tardi gli spettatori usciranno, meno pagheranno di biglietto. Chi resister\u00e0\u00a0 fino alla mattina avr\u00e0\u00a0 la colazione gratis&#8221;.<\/p>\n<p>Il Festival Internazionale del Film di Perugia \u00e8 un&#8217;iniziativa finanziata privatamente dalla societ\u00e0\u00a0 americana Stratus Media Group.<br \/>\nIl Festival si avvale del pieno supporto della citt\u00e0\u00a0 di Perugia che ha messo a disposizione del festival alcuni dei suoi luoghi e monumenti pi\u00f9 importanti.<br \/>\nIl Festival collaborer\u00e0\u00a0 inoltre a stretto contatto con l&#8217;<strong>Umbria Film Commission<\/strong>.<br \/>\nDa segnalare, infine, un altro importante partner del Festival, la <strong>William Morris Endeavor Entertainment<\/strong>, nota talent agency di Los Angeles.<\/p>\n","protected":false},"excerpt":{"rendered":"<p>Nasce il Perugia International Film Festival: la prima edizione si terr\u00e0\u00a0 nel capoluogo umbro a marzo 2012. Ce lo anticipa la direttrice, Karen Arikian, ch eassicura: &#8220;Non sar\u00e0\u00a0 un Festival tradizionale&#8221;. In programma un focus su Piero Tosi. <\/p>\n","protected":false},"author":4,"featured_media":0,"comment_status":"open","ping_status":"open","sticky":false,"template":"","format":"standard","meta":{"googlesitekit_rrm_CAow3e7fCw:productID":"","_crdt_document":"","footnotes":""},"categories":[1],"tags":[],"class_list":{"0":"post-896","1":"post","2":"type-post","3":"status-publish","4":"format-standard","6":"category-senza-categoria"},"yoast_head":"<!-- This site is optimized with the Yoast SEO Premium plugin v27.4 (Yoast SEO v27.5) - https:\/\/yoast.com\/product\/yoast-seo-premium-wordpress\/ -->\n<title>PERUGIA Il Festival sui Mestieri del Cinema - Cinema &amp; Video International<\/title>\n<meta name=\"description\" content=\"PERUGIA Il Festival sui Mestieri del Cinema \u2013 perugia il festival sui mestieri del. Celebrare l&#039;arte e i mestieri del cinema: con questa mission il Perugia\" \/>\n<meta name=\"robots\" content=\"index, follow, max-snippet:-1, max-image-preview:large, max-video-preview:-1\" \/>\n<link rel=\"canonical\" href=\"https:\/\/cinema.video\/it\/perugiail-festival-sui-mestieri-del-cinema\" \/>\n<meta property=\"og:locale\" content=\"it_IT\" \/>\n<meta property=\"og:type\" content=\"article\" \/>\n<meta property=\"og:title\" content=\"PERUGIA Il Festival sui Mestieri del Cinema\" \/>\n<meta property=\"og:description\" content=\"PERUGIA Il Festival sui Mestieri del Cinema \u2013 perugia il festival sui mestieri del. Celebrare l&#039;arte e i mestieri del cinema: con questa mission il Perugia\" \/>\n<meta property=\"og:url\" content=\"https:\/\/cinema.video\/it\/perugiail-festival-sui-mestieri-del-cinema\" \/>\n<meta property=\"og:site_name\" content=\"Cinema &amp; Video International\" \/>\n<meta property=\"article:publisher\" content=\"https:\/\/www.facebook.com\/CinemaVideoInternational\/\" \/>\n<meta property=\"article:published_time\" content=\"2011-11-26T10:55:03+00:00\" \/>\n<meta property=\"article:modified_time\" content=\"2026-04-10T01:17:26+00:00\" \/>\n<meta property=\"og:image\" content=\"https:\/\/cinema.video\/wp-content\/uploads\/2026\/04\/CinemVideo_LogoBlack.png\" \/>\n\t<meta property=\"og:image:width\" content=\"1336\" \/>\n\t<meta property=\"og:image:height\" content=\"224\" \/>\n\t<meta property=\"og:image:type\" content=\"image\/png\" \/>\n<meta name=\"author\" content=\"corinna\" \/>\n<meta name=\"twitter:card\" content=\"summary_large_image\" \/>\n<meta name=\"twitter:label1\" content=\"Scritto da\" \/>\n\t<meta name=\"twitter:data1\" content=\"corinna\" \/>\n\t<meta name=\"twitter:label2\" content=\"Tempo di lettura stimato\" \/>\n\t<meta name=\"twitter:data2\" content=\"4 minuti\" \/>\n<script type=\"application\/ld+json\" class=\"yoast-schema-graph\">{\"@context\":\"https:\\\/\\\/schema.org\",\"@graph\":[{\"@type\":\"Article\",\"@id\":\"https:\\\/\\\/cinema.video\\\/it\\\/perugiail-festival-sui-mestieri-del-cinema#article\",\"isPartOf\":{\"@id\":\"https:\\\/\\\/cinema.video\\\/it\\\/perugiail-festival-sui-mestieri-del-cinema\"},\"author\":{\"name\":\"corinna\",\"@id\":\"https:\\\/\\\/cinema.video\\\/it#\\\/schema\\\/person\\\/49a1d87778ac419c53098230ff9f5ba7\"},\"headline\":\"PERUGIA Il Festival sui Mestieri del Cinema\",\"datePublished\":\"2011-11-26T10:55:03+00:00\",\"dateModified\":\"2026-04-10T01:17:26+00:00\",\"mainEntityOfPage\":{\"@id\":\"https:\\\/\\\/cinema.video\\\/it\\\/perugiail-festival-sui-mestieri-del-cinema\"},\"wordCount\":769,\"commentCount\":0,\"publisher\":{\"@id\":\"https:\\\/\\\/cinema.video\\\/it#organization\"},\"inLanguage\":\"it-IT\",\"potentialAction\":[{\"@type\":\"CommentAction\",\"name\":\"Comment\",\"target\":[\"https:\\\/\\\/cinema.video\\\/it\\\/perugiail-festival-sui-mestieri-del-cinema#respond\"]}]},{\"@type\":\"WebPage\",\"@id\":\"https:\\\/\\\/cinema.video\\\/it\\\/perugiail-festival-sui-mestieri-del-cinema\",\"url\":\"https:\\\/\\\/cinema.video\\\/it\\\/perugiail-festival-sui-mestieri-del-cinema\",\"name\":\"PERUGIA Il Festival sui Mestieri del Cinema - Cinema &amp; Video International\",\"isPartOf\":{\"@id\":\"https:\\\/\\\/cinema.video\\\/it#website\"},\"datePublished\":\"2011-11-26T10:55:03+00:00\",\"dateModified\":\"2026-04-10T01:17:26+00:00\",\"description\":\"PERUGIA Il Festival sui Mestieri del Cinema \u2013 perugia il festival sui mestieri del. Celebrare l'arte e i mestieri del cinema: con questa mission il Perugia\",\"breadcrumb\":{\"@id\":\"https:\\\/\\\/cinema.video\\\/it\\\/perugiail-festival-sui-mestieri-del-cinema#breadcrumb\"},\"inLanguage\":\"it-IT\",\"potentialAction\":[{\"@type\":\"ReadAction\",\"target\":[\"https:\\\/\\\/cinema.video\\\/it\\\/perugiail-festival-sui-mestieri-del-cinema\"]}]},{\"@type\":\"BreadcrumbList\",\"@id\":\"https:\\\/\\\/cinema.video\\\/it\\\/perugiail-festival-sui-mestieri-del-cinema#breadcrumb\",\"itemListElement\":[{\"@type\":\"ListItem\",\"position\":1,\"name\":\"Home\",\"item\":\"https:\\\/\\\/cinema.video\\\/it\\\/home-2\"},{\"@type\":\"ListItem\",\"position\":2,\"name\":\"PERUGIA Il Festival sui Mestieri del Cinema\"}]},{\"@type\":\"WebSite\",\"@id\":\"https:\\\/\\\/cinema.video\\\/it#website\",\"url\":\"https:\\\/\\\/cinema.video\\\/it\",\"name\":\"Cinema & Video International\",\"description\":\"Film &amp; Audiovisual Industry Trade Magazine\",\"publisher\":{\"@id\":\"https:\\\/\\\/cinema.video\\\/it#organization\"},\"alternateName\":\"Cinema & Video\",\"potentialAction\":[{\"@type\":\"SearchAction\",\"target\":{\"@type\":\"EntryPoint\",\"urlTemplate\":\"https:\\\/\\\/cinema.video\\\/it?s={search_term_string}\"},\"query-input\":{\"@type\":\"PropertyValueSpecification\",\"valueRequired\":true,\"valueName\":\"search_term_string\"}}],\"inLanguage\":\"it-IT\"},{\"@type\":\"Organization\",\"@id\":\"https:\\\/\\\/cinema.video\\\/it#organization\",\"name\":\"Cinema & Video\",\"url\":\"https:\\\/\\\/cinema.video\\\/it\",\"logo\":{\"@type\":\"ImageObject\",\"inLanguage\":\"it-IT\",\"@id\":\"https:\\\/\\\/cinema.video\\\/it#\\\/schema\\\/logo\\\/image\\\/\",\"url\":\"https:\\\/\\\/cinema.video\\\/wp-content\\\/uploads\\\/2026\\\/04\\\/CinemVideo_LogoBlack.png\",\"contentUrl\":\"https:\\\/\\\/cinema.video\\\/wp-content\\\/uploads\\\/2026\\\/04\\\/CinemVideo_LogoBlack.png\",\"width\":1336,\"height\":224,\"caption\":\"Cinema & Video\"},\"image\":{\"@id\":\"https:\\\/\\\/cinema.video\\\/it#\\\/schema\\\/logo\\\/image\\\/\"},\"sameAs\":[\"https:\\\/\\\/www.facebook.com\\\/CinemaVideoInternational\\\/\",\"https:\\\/\\\/www.instagram.com\\\/cinemaevideointernational\\\/\",\"https:\\\/\\\/it.linkedin.com\\\/company\\\/cinema-video-international\"],\"description\":\"Media Consulting & Marketing Agency\",\"email\":\"hello@darostudio.com\",\"legalName\":\"DARO studio LLC\",\"foundingDate\":\"2021-02-16\",\"numberOfEmployees\":{\"@type\":\"QuantitativeValue\",\"minValue\":\"1\",\"maxValue\":\"10\"}},{\"@type\":\"Person\",\"@id\":\"https:\\\/\\\/cinema.video\\\/it#\\\/schema\\\/person\\\/49a1d87778ac419c53098230ff9f5ba7\",\"name\":\"corinna\",\"image\":{\"@type\":\"ImageObject\",\"inLanguage\":\"it-IT\",\"@id\":\"https:\\\/\\\/secure.gravatar.com\\\/avatar\\\/61cd6fb1cc48ac5d2662e5fa4316832850c869606a024b72b14e3ae7bbab7f0d?s=96&d=mm&r=g\",\"url\":\"https:\\\/\\\/secure.gravatar.com\\\/avatar\\\/61cd6fb1cc48ac5d2662e5fa4316832850c869606a024b72b14e3ae7bbab7f0d?s=96&d=mm&r=g\",\"contentUrl\":\"https:\\\/\\\/secure.gravatar.com\\\/avatar\\\/61cd6fb1cc48ac5d2662e5fa4316832850c869606a024b72b14e3ae7bbab7f0d?s=96&d=mm&r=g\",\"caption\":\"corinna\"},\"url\":\"https:\\\/\\\/cinema.video\\\/it\\\/author\\\/corinna\"}]}<\/script>\n<!-- \/ Yoast SEO Premium plugin. -->","yoast_head_json":{"title":"PERUGIA Il Festival sui Mestieri del Cinema - Cinema &amp; Video International","description":"PERUGIA Il Festival sui Mestieri del Cinema \u2013 perugia il festival sui mestieri del. Celebrare l'arte e i mestieri del cinema: con questa mission il Perugia","robots":{"index":"index","follow":"follow","max-snippet":"max-snippet:-1","max-image-preview":"max-image-preview:large","max-video-preview":"max-video-preview:-1"},"canonical":"https:\/\/cinema.video\/it\/perugiail-festival-sui-mestieri-del-cinema","og_locale":"it_IT","og_type":"article","og_title":"PERUGIA Il Festival sui Mestieri del Cinema","og_description":"PERUGIA Il Festival sui Mestieri del Cinema \u2013 perugia il festival sui mestieri del. Celebrare l'arte e i mestieri del cinema: con questa mission il Perugia","og_url":"https:\/\/cinema.video\/it\/perugiail-festival-sui-mestieri-del-cinema","og_site_name":"Cinema &amp; Video International","article_publisher":"https:\/\/www.facebook.com\/CinemaVideoInternational\/","article_published_time":"2011-11-26T10:55:03+00:00","article_modified_time":"2026-04-10T01:17:26+00:00","og_image":[{"width":1336,"height":224,"url":"https:\/\/cinema.video\/wp-content\/uploads\/2026\/04\/CinemVideo_LogoBlack.png","type":"image\/png"}],"author":"corinna","twitter_card":"summary_large_image","twitter_misc":{"Scritto da":"corinna","Tempo di lettura stimato":"4 minuti"},"schema":{"@context":"https:\/\/schema.org","@graph":[{"@type":"Article","@id":"https:\/\/cinema.video\/it\/perugiail-festival-sui-mestieri-del-cinema#article","isPartOf":{"@id":"https:\/\/cinema.video\/it\/perugiail-festival-sui-mestieri-del-cinema"},"author":{"name":"corinna","@id":"https:\/\/cinema.video\/it#\/schema\/person\/49a1d87778ac419c53098230ff9f5ba7"},"headline":"PERUGIA Il Festival sui Mestieri del Cinema","datePublished":"2011-11-26T10:55:03+00:00","dateModified":"2026-04-10T01:17:26+00:00","mainEntityOfPage":{"@id":"https:\/\/cinema.video\/it\/perugiail-festival-sui-mestieri-del-cinema"},"wordCount":769,"commentCount":0,"publisher":{"@id":"https:\/\/cinema.video\/it#organization"},"inLanguage":"it-IT","potentialAction":[{"@type":"CommentAction","name":"Comment","target":["https:\/\/cinema.video\/it\/perugiail-festival-sui-mestieri-del-cinema#respond"]}]},{"@type":"WebPage","@id":"https:\/\/cinema.video\/it\/perugiail-festival-sui-mestieri-del-cinema","url":"https:\/\/cinema.video\/it\/perugiail-festival-sui-mestieri-del-cinema","name":"PERUGIA Il Festival sui Mestieri del Cinema - Cinema &amp; Video International","isPartOf":{"@id":"https:\/\/cinema.video\/it#website"},"datePublished":"2011-11-26T10:55:03+00:00","dateModified":"2026-04-10T01:17:26+00:00","description":"PERUGIA Il Festival sui Mestieri del Cinema \u2013 perugia il festival sui mestieri del. Celebrare l'arte e i mestieri del cinema: con questa mission il Perugia","breadcrumb":{"@id":"https:\/\/cinema.video\/it\/perugiail-festival-sui-mestieri-del-cinema#breadcrumb"},"inLanguage":"it-IT","potentialAction":[{"@type":"ReadAction","target":["https:\/\/cinema.video\/it\/perugiail-festival-sui-mestieri-del-cinema"]}]},{"@type":"BreadcrumbList","@id":"https:\/\/cinema.video\/it\/perugiail-festival-sui-mestieri-del-cinema#breadcrumb","itemListElement":[{"@type":"ListItem","position":1,"name":"Home","item":"https:\/\/cinema.video\/it\/home-2"},{"@type":"ListItem","position":2,"name":"PERUGIA Il Festival sui Mestieri del Cinema"}]},{"@type":"WebSite","@id":"https:\/\/cinema.video\/it#website","url":"https:\/\/cinema.video\/it","name":"Cinema & Video International","description":"Film &amp; Audiovisual Industry Trade Magazine","publisher":{"@id":"https:\/\/cinema.video\/it#organization"},"alternateName":"Cinema & Video","potentialAction":[{"@type":"SearchAction","target":{"@type":"EntryPoint","urlTemplate":"https:\/\/cinema.video\/it?s={search_term_string}"},"query-input":{"@type":"PropertyValueSpecification","valueRequired":true,"valueName":"search_term_string"}}],"inLanguage":"it-IT"},{"@type":"Organization","@id":"https:\/\/cinema.video\/it#organization","name":"Cinema & Video","url":"https:\/\/cinema.video\/it","logo":{"@type":"ImageObject","inLanguage":"it-IT","@id":"https:\/\/cinema.video\/it#\/schema\/logo\/image\/","url":"https:\/\/cinema.video\/wp-content\/uploads\/2026\/04\/CinemVideo_LogoBlack.png","contentUrl":"https:\/\/cinema.video\/wp-content\/uploads\/2026\/04\/CinemVideo_LogoBlack.png","width":1336,"height":224,"caption":"Cinema & Video"},"image":{"@id":"https:\/\/cinema.video\/it#\/schema\/logo\/image\/"},"sameAs":["https:\/\/www.facebook.com\/CinemaVideoInternational\/","https:\/\/www.instagram.com\/cinemaevideointernational\/","https:\/\/it.linkedin.com\/company\/cinema-video-international"],"description":"Media Consulting & Marketing Agency","email":"hello@darostudio.com","legalName":"DARO studio LLC","foundingDate":"2021-02-16","numberOfEmployees":{"@type":"QuantitativeValue","minValue":"1","maxValue":"10"}},{"@type":"Person","@id":"https:\/\/cinema.video\/it#\/schema\/person\/49a1d87778ac419c53098230ff9f5ba7","name":"corinna","image":{"@type":"ImageObject","inLanguage":"it-IT","@id":"https:\/\/secure.gravatar.com\/avatar\/61cd6fb1cc48ac5d2662e5fa4316832850c869606a024b72b14e3ae7bbab7f0d?s=96&d=mm&r=g","url":"https:\/\/secure.gravatar.com\/avatar\/61cd6fb1cc48ac5d2662e5fa4316832850c869606a024b72b14e3ae7bbab7f0d?s=96&d=mm&r=g","contentUrl":"https:\/\/secure.gravatar.com\/avatar\/61cd6fb1cc48ac5d2662e5fa4316832850c869606a024b72b14e3ae7bbab7f0d?s=96&d=mm&r=g","caption":"corinna"},"url":"https:\/\/cinema.video\/it\/author\/corinna"}]}},"jetpack_featured_media_url":"","jetpack_shortlink":"https:\/\/wp.me\/ph672m-es","_links":{"self":[{"href":"https:\/\/cinema.video\/it\/wp-json\/wp\/v2\/posts\/896","targetHints":{"allow":["GET"]}}],"collection":[{"href":"https:\/\/cinema.video\/it\/wp-json\/wp\/v2\/posts"}],"about":[{"href":"https:\/\/cinema.video\/it\/wp-json\/wp\/v2\/types\/post"}],"author":[{"embeddable":true,"href":"https:\/\/cinema.video\/it\/wp-json\/wp\/v2\/users\/4"}],"replies":[{"embeddable":true,"href":"https:\/\/cinema.video\/it\/wp-json\/wp\/v2\/comments?post=896"}],"version-history":[{"count":1,"href":"https:\/\/cinema.video\/it\/wp-json\/wp\/v2\/posts\/896\/revisions"}],"predecessor-version":[{"id":304278,"href":"https:\/\/cinema.video\/it\/wp-json\/wp\/v2\/posts\/896\/revisions\/304278"}],"wp:attachment":[{"href":"https:\/\/cinema.video\/it\/wp-json\/wp\/v2\/media?parent=896"}],"wp:term":[{"taxonomy":"category","embeddable":true,"href":"https:\/\/cinema.video\/it\/wp-json\/wp\/v2\/categories?post=896"},{"taxonomy":"post_tag","embeddable":true,"href":"https:\/\/cinema.video\/it\/wp-json\/wp\/v2\/tags?post=896"}],"curies":[{"name":"wp","href":"https:\/\/api.w.org\/{rel}","templated":true}]}}