{"id":67039,"date":"2020-10-15T07:07:52","date_gmt":"2020-10-15T07:07:52","guid":{"rendered":"https:\/\/cinema.video\/?p=67039"},"modified":"2026-04-10T03:50:25","modified_gmt":"2026-04-10T01:50:25","slug":"il-tfl-diventa-green-con-trentino-film-commission","status":"publish","type":"post","link":"https:\/\/cinema.video\/it\/il-tfl-diventa-green-con-trentino-film-commission","title":{"rendered":"IL TFL DIVENTA GREEN CON TRENTINO FILM COMMISSION"},"content":{"rendered":"\n<p class=\"wp-block-paragraph\">E\u2019 stato lanciato ieri al <strong>MIA<\/strong> di Roma il\u00a0<strong>Green Filming Award<\/strong>,  premio che sancisce una nuova collaborazione fra\u00a0<strong>Trentino Film Commission, e Torino Film Lab,\u00a0<\/strong>il programma di formazione sullo sviluppo dei progetti gestito e promosso dal Museo Nazionale del Cinema di Torino.\u00a0<\/p>\n\n\n\n<p class=\"wp-block-paragraph\"><strong>\u201c<\/strong>E\u2019 necessario creare un approccio alla sostenibilit\u00e0 fin da quando un progetto muove i primi passi,\u00a0\u00a0e mantenerlo durante tutte le fasi del suo sviluppo di un progetto. Siamo particolarmente felici di collaborare con Trentino Film Commission che ha un Green Film Protocol che \u00e8 usato in tutta Europa, visto che ci occupiamo di progetti internazionali\u201d ha spiegato <strong>Mercedes Fernandez Alonso<\/strong>, Managing Director del Torino Film Lab, specificando:\u00a0<\/p>\n\n\n\n<p class=\"wp-block-paragraph\">\u201cIl premio, che sar\u00e0 offerto ai progetti che, a conclusione del programma annuale del TFL, ricevono i nostri fondi di sostegno, consister\u00e0 nella stesura di un piano di sostenibilit\u00e0 a cura di un esperto, nella copertura dei costi di agenzia per la certificazione green, e di un \u2018gettone\u2019 aggiuntivo di 2000 euro. L\u2019obiettivo \u00e8 quello di incentivare lo sviluppo di un approccio \u2018green\u2019 , e per questo dedicheremo anche uno spazio all\u2019interno dei nostri programmi di formazione all\u2019educazione alla sostenibilit\u00e0. Nello stesso tempo cerchiamo di organizzare anche il nostro lavoro, dunque i vari laboratori nel corso dell\u2019anno, in modo da ridurre il pi\u00f9 possibile il loro costo ambientale.\u201d<\/p>\n\n\n\n<p class=\"wp-block-paragraph\">Un plauso alla nuova iniziativa di TFL e Trentino Film Commission arriva da <strong>Charlotte Appelgren<\/strong>, Segretario Generale di <strong>CINE REGIO<\/strong>, che dal 2014 sta lavorando sul green e l\u2019anno scorso ha lanciato il\u00a0<em>Manifesto for Sustainable Filmings<\/em>, e sta cercando di promuovere un sistema pan-europeo di certificazione e valutazione:<br>\u201cLa maggior parte dei film che sosteniamo non ha un buon impatto sull\u2019ambiente, ma pian piano le cose stanno cambiando, anche grazie a iniziative come quelle del TFL.\u00a0<\/p>\n\n\n\n<p class=\"wp-block-paragraph\">L\u2019Italia in generale sta dando un buon esempio, innanzi tutto con le due regioni e Film Commission che si sono dotate di protocolli green, il Trentino e la Sardegna. Loro sono stati i primi, ma ora anche altre regioni si stanno orientando al green, come la Puglia e l\u2019Alto Adige, e questo \u00e8 lodevole perch\u00e9 la cosa pi\u00f9 importante,&nbsp;&nbsp;per promuovere il green filming, \u00e8 senz\u2019altro legarne le pratiche ai film funds.\u201d<\/p>\n","protected":false},"excerpt":{"rendered":"<p>Lanciato al MIA il il Green Filming Award,  premio che sancisce una nuova collaborazione fra Trentino Film Commission, e Torino Film Lab<\/p>\n","protected":false},"author":2,"featured_media":67058,"comment_status":"closed","ping_status":"closed","sticky":false,"template":"","format":"standard","meta":{"googlesitekit_rrm_CAow3e7fCw:productID":"","_crdt_document":"","footnotes":""},"categories":[215],"tags":[432,2339,2318,2338,214,269,393],"class_list":{"0":"post-67039","1":"post","2":"type-post","3":"status-publish","4":"format-standard","5":"has-post-thumbnail","7":"category-film-commissions","8":"tag-cineregio","9":"tag-film-commissions","10":"tag-green","11":"tag-locations","12":"tag-premi","13":"tag-tfl","14":"tag-trentino-film-commission"},"yoast_head":"<!-- This site is optimized with the Yoast SEO Premium plugin v27.4 (Yoast SEO v27.5) - https:\/\/yoast.com\/product\/yoast-seo-premium-wordpress\/ -->\n<title>IL TFL DIVENTA GREEN CON TRENTINO FILM COMMISSION - Cinema &amp; Video International<\/title>\n<meta name=\"description\" content=\"IL TFL DIVENTA GREEN CON TRENTINO FILM COMMISSION \u2013 il tfl diventa green con trentino. E\u2019 stato lanciato ieri al MIA di Roma il\u00a0Green Filming Award, premi\" \/>\n<meta name=\"robots\" content=\"index, follow, max-snippet:-1, max-image-preview:large, max-video-preview:-1\" \/>\n<link rel=\"canonical\" href=\"https:\/\/cinema.video\/it\/il-tfl-diventa-green-con-trentino-film-commission\" \/>\n<meta property=\"og:locale\" content=\"it_IT\" \/>\n<meta property=\"og:type\" content=\"article\" \/>\n<meta property=\"og:title\" content=\"IL TFL DIVENTA GREEN CON TRENTINO FILM COMMISSION\" \/>\n<meta property=\"og:description\" content=\"IL TFL DIVENTA GREEN CON TRENTINO FILM COMMISSION \u2013 il tfl diventa green con trentino. E\u2019 stato lanciato ieri al MIA di Roma il\u00a0Green Filming Award, premi\" \/>\n<meta property=\"og:url\" content=\"https:\/\/cinema.video\/it\/il-tfl-diventa-green-con-trentino-film-commission\" \/>\n<meta property=\"og:site_name\" content=\"Cinema &amp; Video International\" \/>\n<meta property=\"article:publisher\" content=\"https:\/\/www.facebook.com\/CinemaVideoInternational\/\" \/>\n<meta property=\"article:published_time\" content=\"2020-10-15T07:07:52+00:00\" \/>\n<meta property=\"article:modified_time\" content=\"2026-04-10T01:50:25+00:00\" \/>\n<meta property=\"og:image\" content=\"https:\/\/cinema.video\/wp-content\/uploads\/2020\/10\/IMG_20201014_192932-copia.jpg\" \/>\n\t<meta property=\"og:image:width\" content=\"1000\" \/>\n\t<meta property=\"og:image:height\" content=\"750\" \/>\n\t<meta property=\"og:image:type\" content=\"image\/jpeg\" \/>\n<meta name=\"author\" content=\"Carolina Mancini\" \/>\n<meta name=\"twitter:card\" content=\"summary_large_image\" \/>\n<meta name=\"twitter:label1\" content=\"Scritto da\" \/>\n\t<meta name=\"twitter:data1\" content=\"Carolina Mancini\" \/>\n\t<meta name=\"twitter:label2\" content=\"Tempo di lettura stimato\" \/>\n\t<meta name=\"twitter:data2\" content=\"2 minuti\" \/>\n<script type=\"application\/ld+json\" class=\"yoast-schema-graph\">{\"@context\":\"https:\\\/\\\/schema.org\",\"@graph\":[{\"@type\":\"Article\",\"@id\":\"https:\\\/\\\/cinema.video\\\/it\\\/il-tfl-diventa-green-con-trentino-film-commission#article\",\"isPartOf\":{\"@id\":\"https:\\\/\\\/cinema.video\\\/it\\\/il-tfl-diventa-green-con-trentino-film-commission\"},\"author\":{\"name\":\"Carolina Mancini\",\"@id\":\"https:\\\/\\\/cinema.video\\\/it#\\\/schema\\\/person\\\/d5479fad8d0f2360000eb4aab6bb6e5d\"},\"headline\":\"IL TFL DIVENTA GREEN CON TRENTINO FILM COMMISSION\",\"datePublished\":\"2020-10-15T07:07:52+00:00\",\"dateModified\":\"2026-04-10T01:50:25+00:00\",\"mainEntityOfPage\":{\"@id\":\"https:\\\/\\\/cinema.video\\\/it\\\/il-tfl-diventa-green-con-trentino-film-commission\"},\"wordCount\":381,\"publisher\":{\"@id\":\"https:\\\/\\\/cinema.video\\\/it#organization\"},\"image\":{\"@id\":\"https:\\\/\\\/cinema.video\\\/it\\\/il-tfl-diventa-green-con-trentino-film-commission#primaryimage\"},\"thumbnailUrl\":\"https:\\\/\\\/cinema.video\\\/wp-content\\\/uploads\\\/2020\\\/10\\\/IMG_20201014_192932-copia.jpg\",\"keywords\":[\"CineRegio\",\"FILM COMMISSIONS\",\"GREEN\",\"LOCATIONS\",\"Premi\",\"TFL\",\"TRENTINO FILM COMMISSION\"],\"articleSection\":[\"FILM COMMISSIONS\"],\"inLanguage\":\"it-IT\"},{\"@type\":\"WebPage\",\"@id\":\"https:\\\/\\\/cinema.video\\\/it\\\/il-tfl-diventa-green-con-trentino-film-commission\",\"url\":\"https:\\\/\\\/cinema.video\\\/it\\\/il-tfl-diventa-green-con-trentino-film-commission\",\"name\":\"IL TFL DIVENTA GREEN CON TRENTINO FILM COMMISSION - Cinema &amp; Video International\",\"isPartOf\":{\"@id\":\"https:\\\/\\\/cinema.video\\\/it#website\"},\"primaryImageOfPage\":{\"@id\":\"https:\\\/\\\/cinema.video\\\/it\\\/il-tfl-diventa-green-con-trentino-film-commission#primaryimage\"},\"image\":{\"@id\":\"https:\\\/\\\/cinema.video\\\/it\\\/il-tfl-diventa-green-con-trentino-film-commission#primaryimage\"},\"thumbnailUrl\":\"https:\\\/\\\/cinema.video\\\/wp-content\\\/uploads\\\/2020\\\/10\\\/IMG_20201014_192932-copia.jpg\",\"datePublished\":\"2020-10-15T07:07:52+00:00\",\"dateModified\":\"2026-04-10T01:50:25+00:00\",\"description\":\"IL TFL DIVENTA GREEN CON TRENTINO FILM COMMISSION \u2013 il tfl diventa green con trentino. E\u2019 stato lanciato ieri al MIA di Roma il\u00a0Green Filming Award, premi\",\"breadcrumb\":{\"@id\":\"https:\\\/\\\/cinema.video\\\/it\\\/il-tfl-diventa-green-con-trentino-film-commission#breadcrumb\"},\"inLanguage\":\"it-IT\",\"potentialAction\":[{\"@type\":\"ReadAction\",\"target\":[\"https:\\\/\\\/cinema.video\\\/it\\\/il-tfl-diventa-green-con-trentino-film-commission\"]}]},{\"@type\":\"ImageObject\",\"inLanguage\":\"it-IT\",\"@id\":\"https:\\\/\\\/cinema.video\\\/it\\\/il-tfl-diventa-green-con-trentino-film-commission#primaryimage\",\"url\":\"https:\\\/\\\/cinema.video\\\/wp-content\\\/uploads\\\/2020\\\/10\\\/IMG_20201014_192932-copia.jpg\",\"contentUrl\":\"https:\\\/\\\/cinema.video\\\/wp-content\\\/uploads\\\/2020\\\/10\\\/IMG_20201014_192932-copia.jpg\",\"width\":1000,\"height\":750},{\"@type\":\"BreadcrumbList\",\"@id\":\"https:\\\/\\\/cinema.video\\\/it\\\/il-tfl-diventa-green-con-trentino-film-commission#breadcrumb\",\"itemListElement\":[{\"@type\":\"ListItem\",\"position\":1,\"name\":\"Home\",\"item\":\"https:\\\/\\\/cinema.video\\\/it\\\/home-2\"},{\"@type\":\"ListItem\",\"position\":2,\"name\":\"IL TFL DIVENTA GREEN CON TRENTINO FILM COMMISSION\"}]},{\"@type\":\"WebSite\",\"@id\":\"https:\\\/\\\/cinema.video\\\/it#website\",\"url\":\"https:\\\/\\\/cinema.video\\\/it\",\"name\":\"Cinema & Video International\",\"description\":\"Film &amp; Audiovisual Industry Trade Magazine\",\"publisher\":{\"@id\":\"https:\\\/\\\/cinema.video\\\/it#organization\"},\"alternateName\":\"Cinema & Video\",\"potentialAction\":[{\"@type\":\"SearchAction\",\"target\":{\"@type\":\"EntryPoint\",\"urlTemplate\":\"https:\\\/\\\/cinema.video\\\/it?s={search_term_string}\"},\"query-input\":{\"@type\":\"PropertyValueSpecification\",\"valueRequired\":true,\"valueName\":\"search_term_string\"}}],\"inLanguage\":\"it-IT\"},{\"@type\":\"Organization\",\"@id\":\"https:\\\/\\\/cinema.video\\\/it#organization\",\"name\":\"Cinema & Video\",\"url\":\"https:\\\/\\\/cinema.video\\\/it\",\"logo\":{\"@type\":\"ImageObject\",\"inLanguage\":\"it-IT\",\"@id\":\"https:\\\/\\\/cinema.video\\\/it#\\\/schema\\\/logo\\\/image\\\/\",\"url\":\"https:\\\/\\\/cinema.video\\\/wp-content\\\/uploads\\\/2026\\\/04\\\/CinemVideo_LogoBlack.png\",\"contentUrl\":\"https:\\\/\\\/cinema.video\\\/wp-content\\\/uploads\\\/2026\\\/04\\\/CinemVideo_LogoBlack.png\",\"width\":1336,\"height\":224,\"caption\":\"Cinema & Video\"},\"image\":{\"@id\":\"https:\\\/\\\/cinema.video\\\/it#\\\/schema\\\/logo\\\/image\\\/\"},\"sameAs\":[\"https:\\\/\\\/www.facebook.com\\\/CinemaVideoInternational\\\/\",\"https:\\\/\\\/www.instagram.com\\\/cinemaevideointernational\\\/\",\"https:\\\/\\\/it.linkedin.com\\\/company\\\/cinema-video-international\"],\"description\":\"Media Consulting & Marketing Agency\",\"email\":\"hello@darostudio.com\",\"legalName\":\"DARO studio LLC\",\"foundingDate\":\"2021-02-16\",\"numberOfEmployees\":{\"@type\":\"QuantitativeValue\",\"minValue\":\"1\",\"maxValue\":\"10\"}},{\"@type\":\"Person\",\"@id\":\"https:\\\/\\\/cinema.video\\\/it#\\\/schema\\\/person\\\/d5479fad8d0f2360000eb4aab6bb6e5d\",\"name\":\"Carolina Mancini\",\"image\":{\"@type\":\"ImageObject\",\"inLanguage\":\"it-IT\",\"@id\":\"https:\\\/\\\/secure.gravatar.com\\\/avatar\\\/d4758965c5e8730dbaaa7131a628547771a26c1e5bf14fe323d96f8246a62baf?s=96&d=mm&r=g\",\"url\":\"https:\\\/\\\/secure.gravatar.com\\\/avatar\\\/d4758965c5e8730dbaaa7131a628547771a26c1e5bf14fe323d96f8246a62baf?s=96&d=mm&r=g\",\"contentUrl\":\"https:\\\/\\\/secure.gravatar.com\\\/avatar\\\/d4758965c5e8730dbaaa7131a628547771a26c1e5bf14fe323d96f8246a62baf?s=96&d=mm&r=g\",\"caption\":\"Carolina Mancini\"},\"url\":\"https:\\\/\\\/cinema.video\\\/it\\\/author\\\/carolin\"}]}<\/script>\n<!-- \/ Yoast SEO Premium plugin. -->","yoast_head_json":{"title":"IL TFL DIVENTA GREEN CON TRENTINO FILM COMMISSION - Cinema &amp; Video International","description":"IL TFL DIVENTA GREEN CON TRENTINO FILM COMMISSION \u2013 il tfl diventa green con trentino. E\u2019 stato lanciato ieri al MIA di Roma il\u00a0Green Filming Award, premi","robots":{"index":"index","follow":"follow","max-snippet":"max-snippet:-1","max-image-preview":"max-image-preview:large","max-video-preview":"max-video-preview:-1"},"canonical":"https:\/\/cinema.video\/it\/il-tfl-diventa-green-con-trentino-film-commission","og_locale":"it_IT","og_type":"article","og_title":"IL TFL DIVENTA GREEN CON TRENTINO FILM COMMISSION","og_description":"IL TFL DIVENTA GREEN CON TRENTINO FILM COMMISSION \u2013 il tfl diventa green con trentino. E\u2019 stato lanciato ieri al MIA di Roma il\u00a0Green Filming Award, premi","og_url":"https:\/\/cinema.video\/it\/il-tfl-diventa-green-con-trentino-film-commission","og_site_name":"Cinema &amp; Video International","article_publisher":"https:\/\/www.facebook.com\/CinemaVideoInternational\/","article_published_time":"2020-10-15T07:07:52+00:00","article_modified_time":"2026-04-10T01:50:25+00:00","og_image":[{"width":1000,"height":750,"url":"https:\/\/cinema.video\/wp-content\/uploads\/2020\/10\/IMG_20201014_192932-copia.jpg","type":"image\/jpeg"}],"author":"Carolina Mancini","twitter_card":"summary_large_image","twitter_misc":{"Scritto da":"Carolina Mancini","Tempo di lettura stimato":"2 minuti"},"schema":{"@context":"https:\/\/schema.org","@graph":[{"@type":"Article","@id":"https:\/\/cinema.video\/it\/il-tfl-diventa-green-con-trentino-film-commission#article","isPartOf":{"@id":"https:\/\/cinema.video\/it\/il-tfl-diventa-green-con-trentino-film-commission"},"author":{"name":"Carolina Mancini","@id":"https:\/\/cinema.video\/it#\/schema\/person\/d5479fad8d0f2360000eb4aab6bb6e5d"},"headline":"IL TFL DIVENTA GREEN CON TRENTINO FILM COMMISSION","datePublished":"2020-10-15T07:07:52+00:00","dateModified":"2026-04-10T01:50:25+00:00","mainEntityOfPage":{"@id":"https:\/\/cinema.video\/it\/il-tfl-diventa-green-con-trentino-film-commission"},"wordCount":381,"publisher":{"@id":"https:\/\/cinema.video\/it#organization"},"image":{"@id":"https:\/\/cinema.video\/it\/il-tfl-diventa-green-con-trentino-film-commission#primaryimage"},"thumbnailUrl":"https:\/\/cinema.video\/wp-content\/uploads\/2020\/10\/IMG_20201014_192932-copia.jpg","keywords":["CineRegio","FILM COMMISSIONS","GREEN","LOCATIONS","Premi","TFL","TRENTINO FILM COMMISSION"],"articleSection":["FILM COMMISSIONS"],"inLanguage":"it-IT"},{"@type":"WebPage","@id":"https:\/\/cinema.video\/it\/il-tfl-diventa-green-con-trentino-film-commission","url":"https:\/\/cinema.video\/it\/il-tfl-diventa-green-con-trentino-film-commission","name":"IL TFL DIVENTA GREEN CON TRENTINO FILM COMMISSION - Cinema &amp; Video International","isPartOf":{"@id":"https:\/\/cinema.video\/it#website"},"primaryImageOfPage":{"@id":"https:\/\/cinema.video\/it\/il-tfl-diventa-green-con-trentino-film-commission#primaryimage"},"image":{"@id":"https:\/\/cinema.video\/it\/il-tfl-diventa-green-con-trentino-film-commission#primaryimage"},"thumbnailUrl":"https:\/\/cinema.video\/wp-content\/uploads\/2020\/10\/IMG_20201014_192932-copia.jpg","datePublished":"2020-10-15T07:07:52+00:00","dateModified":"2026-04-10T01:50:25+00:00","description":"IL TFL DIVENTA GREEN CON TRENTINO FILM COMMISSION \u2013 il tfl diventa green con trentino. E\u2019 stato lanciato ieri al MIA di Roma il\u00a0Green Filming Award, premi","breadcrumb":{"@id":"https:\/\/cinema.video\/it\/il-tfl-diventa-green-con-trentino-film-commission#breadcrumb"},"inLanguage":"it-IT","potentialAction":[{"@type":"ReadAction","target":["https:\/\/cinema.video\/it\/il-tfl-diventa-green-con-trentino-film-commission"]}]},{"@type":"ImageObject","inLanguage":"it-IT","@id":"https:\/\/cinema.video\/it\/il-tfl-diventa-green-con-trentino-film-commission#primaryimage","url":"https:\/\/cinema.video\/wp-content\/uploads\/2020\/10\/IMG_20201014_192932-copia.jpg","contentUrl":"https:\/\/cinema.video\/wp-content\/uploads\/2020\/10\/IMG_20201014_192932-copia.jpg","width":1000,"height":750},{"@type":"BreadcrumbList","@id":"https:\/\/cinema.video\/it\/il-tfl-diventa-green-con-trentino-film-commission#breadcrumb","itemListElement":[{"@type":"ListItem","position":1,"name":"Home","item":"https:\/\/cinema.video\/it\/home-2"},{"@type":"ListItem","position":2,"name":"IL TFL DIVENTA GREEN CON TRENTINO FILM COMMISSION"}]},{"@type":"WebSite","@id":"https:\/\/cinema.video\/it#website","url":"https:\/\/cinema.video\/it","name":"Cinema & Video International","description":"Film &amp; Audiovisual Industry Trade Magazine","publisher":{"@id":"https:\/\/cinema.video\/it#organization"},"alternateName":"Cinema & Video","potentialAction":[{"@type":"SearchAction","target":{"@type":"EntryPoint","urlTemplate":"https:\/\/cinema.video\/it?s={search_term_string}"},"query-input":{"@type":"PropertyValueSpecification","valueRequired":true,"valueName":"search_term_string"}}],"inLanguage":"it-IT"},{"@type":"Organization","@id":"https:\/\/cinema.video\/it#organization","name":"Cinema & Video","url":"https:\/\/cinema.video\/it","logo":{"@type":"ImageObject","inLanguage":"it-IT","@id":"https:\/\/cinema.video\/it#\/schema\/logo\/image\/","url":"https:\/\/cinema.video\/wp-content\/uploads\/2026\/04\/CinemVideo_LogoBlack.png","contentUrl":"https:\/\/cinema.video\/wp-content\/uploads\/2026\/04\/CinemVideo_LogoBlack.png","width":1336,"height":224,"caption":"Cinema & Video"},"image":{"@id":"https:\/\/cinema.video\/it#\/schema\/logo\/image\/"},"sameAs":["https:\/\/www.facebook.com\/CinemaVideoInternational\/","https:\/\/www.instagram.com\/cinemaevideointernational\/","https:\/\/it.linkedin.com\/company\/cinema-video-international"],"description":"Media Consulting & Marketing Agency","email":"hello@darostudio.com","legalName":"DARO studio LLC","foundingDate":"2021-02-16","numberOfEmployees":{"@type":"QuantitativeValue","minValue":"1","maxValue":"10"}},{"@type":"Person","@id":"https:\/\/cinema.video\/it#\/schema\/person\/d5479fad8d0f2360000eb4aab6bb6e5d","name":"Carolina Mancini","image":{"@type":"ImageObject","inLanguage":"it-IT","@id":"https:\/\/secure.gravatar.com\/avatar\/d4758965c5e8730dbaaa7131a628547771a26c1e5bf14fe323d96f8246a62baf?s=96&d=mm&r=g","url":"https:\/\/secure.gravatar.com\/avatar\/d4758965c5e8730dbaaa7131a628547771a26c1e5bf14fe323d96f8246a62baf?s=96&d=mm&r=g","contentUrl":"https:\/\/secure.gravatar.com\/avatar\/d4758965c5e8730dbaaa7131a628547771a26c1e5bf14fe323d96f8246a62baf?s=96&d=mm&r=g","caption":"Carolina Mancini"},"url":"https:\/\/cinema.video\/it\/author\/carolin"}]}},"jetpack_featured_media_url":"https:\/\/cinema.video\/wp-content\/uploads\/2020\/10\/IMG_20201014_192932-copia.jpg","jetpack_shortlink":"https:\/\/wp.me\/ph672m-hrh","_links":{"self":[{"href":"https:\/\/cinema.video\/it\/wp-json\/wp\/v2\/posts\/67039","targetHints":{"allow":["GET"]}}],"collection":[{"href":"https:\/\/cinema.video\/it\/wp-json\/wp\/v2\/posts"}],"about":[{"href":"https:\/\/cinema.video\/it\/wp-json\/wp\/v2\/types\/post"}],"author":[{"embeddable":true,"href":"https:\/\/cinema.video\/it\/wp-json\/wp\/v2\/users\/2"}],"replies":[{"embeddable":true,"href":"https:\/\/cinema.video\/it\/wp-json\/wp\/v2\/comments?post=67039"}],"version-history":[{"count":1,"href":"https:\/\/cinema.video\/it\/wp-json\/wp\/v2\/posts\/67039\/revisions"}],"predecessor-version":[{"id":303029,"href":"https:\/\/cinema.video\/it\/wp-json\/wp\/v2\/posts\/67039\/revisions\/303029"}],"wp:featuredmedia":[{"embeddable":true,"href":"https:\/\/cinema.video\/it\/wp-json\/wp\/v2\/media\/67058"}],"wp:attachment":[{"href":"https:\/\/cinema.video\/it\/wp-json\/wp\/v2\/media?parent=67039"}],"wp:term":[{"taxonomy":"category","embeddable":true,"href":"https:\/\/cinema.video\/it\/wp-json\/wp\/v2\/categories?post=67039"},{"taxonomy":"post_tag","embeddable":true,"href":"https:\/\/cinema.video\/it\/wp-json\/wp\/v2\/tags?post=67039"}],"curies":[{"name":"wp","href":"https:\/\/api.w.org\/{rel}","templated":true}]}}