{"id":477,"date":"2007-02-05T11:57:05","date_gmt":"2007-02-05T11:57:05","guid":{"rendered":"https:\/\/cinema.video\/luoghinon-luoghi-la-magnifica-ossesione"},"modified":"2026-04-10T03:13:52","modified_gmt":"2026-04-10T01:13:52","slug":"luoghinon-luoghi-la-magnifica-ossesione","status":"publish","type":"post","link":"https:\/\/cinema.video\/it\/luoghinon-luoghi-la-magnifica-ossesione","title":{"rendered":"LUOGHI NON LUOGHI La magnifica ossesione"},"content":{"rendered":"<p><P>di Daniele Vicari<\/P><br \/>\n<P>Devo riconoscere di avere una sorta di ossessione per i luoghi dei miei film. <BR>I luoghi in cui si svolge l&#039;azione per me sono importanti non meno degli attori, \u00e8 per questo che sceglierli comporta sempre un lavoro lungo, approfondito. <\/P><br \/>\n<P>La scenografa con cui lavoro abitualmente, Marta Maffucci, ed il direttore della Fotografia Gherardo Gossi, sono le due persone con le quali faccio solitamente lunghissime discussioni sull&#039;ambientazione, perch\u00e9 \u00e8 da loro che dipende &#8220;il tono&#8221; che poi avr\u00e0\u00a0 la scena. <\/P><br \/>\n<P>I colori, l&#039;amosfera, l&#039;angolazione ed il taglio della ripresa vengono in un certo senso imposti dalla location, spesso i movimenti di macchina, oltre a sottolineare l&#039;azione drammatica sono conformi al luogo dell&#039;azione, oppure in conflitto con esso, infatti amo la fotografia di Gherardo e la scenografia di Marta perch\u00e9 sanno riplasmare i luoghi senza stravolgerli, e sanno farsi influenzare dai luoghi stessi traendone il massimo di energia creativa. <BR>Non \u00e8 indifferente girare una scena in un luogo piuttosto che in un altro.<BR>Questi elementi basilari del linguaggio cinematografico debbono essere ben conosciuti dal regista, perch\u00e9 altrimenti il senso stesso di una determinata scena pu\u00f2 sfuggirgli di mano, cambiare segno, modificare il significato. <\/P><br \/>\n<P>Girare nel laboratorio di fisica del Gran Sasso per &#8220;L&#039;orizzonte degli eventi&#8221;, per esempio, mi ha influenzato profondamente, sapere di avere sulla testa 1400 metri di roccia, di non avere altre uscite di sicurezza oltre gli ingressi della galleria, ha determinato un certo atteggiamento da parte mia, ma anche da parte della troupe nel suo complesso, e la solitudine di Max, il protagonista del film, \u00e8 divenuta automaticamente &#8220;tecnologia&#8221; &#8220;artificiosa&#8221;. <BR>Allo stesso modo la superficie in alta quota del Gran Sasso, pietrosa e brulla, inevitabilmente diventa l&#039;immagine chiara e potente della solitudine del pastore, nessun abbellimento, nessun cinetrucco avrebbe mai potuto trasformarla in qualcosa di diverso, somiglia troppo alla superficie di Marte, fatta di pietre aguzze e terriccio lavorato nei millenni dalla neve, dal freddo e dalle estati brevi ma violente per il caldo e la pioggia che si alternano. Voglio dire che nel cinema che sto tentando di fare, il paesaggio non \u00e8 mai neutro, \u00e8 sempre un &#8220;paesaggio interiore&#8221;, \u00e8 il correlato fisico delle passioni e delle inibizioni dei personaggi, rappresenta la loro emotivit\u00e0\u00a0 e la loro condizione. A volte ricercare una location \u00e8 semplicissimo, perch\u00e9 certi posti sono unici, inimitabili o insostituibili. <\/P><br \/>\n<P>Quel &#8220;non luogo&#8221; che tutti chiamiamo Eur, voluto dal regime fascista per una esposizione universale mai rea- lizzata a causa dello scoppio della guerra, scelto secondo me non casualmente dai ragazzi che vanno a correre con le automobili, ho sentito subito che non poteva essere sostituito in nessun modo. <BR>Dall&#039;Eur e dall&#039;officina di Stefano, &#8220;Velocit\u00e0\u00a0 Massima&#8221; trae gran parte della sua valenza emotiva.Mentre all&#039;Eur, sempre visto in notturno, ovviamente non c&#039;\u00e8 stato alcun intervento di scenografia, ma \u00e8 la luce di Gherardo che ha costruito le forme, l&#039;officina di Stefano, ambientata a Ostia ma realizzata a Ladispoli, \u00e8 stata interamente costruita da Marta, sviluppando i volumi gi\u00e0\u00a0 esistenti, creando uno spazio naturale ed irreale allo stesso tempo, anonimo ma incisivo. Solo molto tempo dopo la realizzazione di &#8220;Velocit\u00e0\u00a0 Massima&#8221;, ho scoperto che la casa di Stefano, posta al limitare tra la spiaggia ed i campi coltivati, fu utilizzata da Pietro Germi, ne &#8220;Il ferroviere&#8221;, che la inquadr\u00f2 dal fronte mare. <BR>E scoprii, grazie ad un appassionato cinefilo ladispolano che Ladispoli \u00e8 stato il set di alcuni film importanti che contrappuntano la Storia del cinema Italiano in maniera del tutto sorprendente: &#8220;Un pilota ritorna&#8221; e &#8220;L&#039;uomo della Croce&#8221; di Rossellini, &#8220;Umberto D.&#8221; di De Sica, &#8220;Il Ferroviere&#8221; di Germi, &#8220;l Sorpasso&#8221; di Risi. Evidentemente certi luoghi raccontano meglio di altri i grandi cambiamenti che una societ\u00e0\u00a0 sta vivendo, oppure hanno una energia potente, dinanzi alla quale la mdp non pu\u00f2 restare indifferente. <\/P><br \/>\n<P>Cinema&amp;Video International&nbsp;&nbsp; 9\/10-2006<\/P><\/p>\n","protected":false},"excerpt":{"rendered":"<p>NULL<\/p>\n","protected":false},"author":101032,"featured_media":0,"comment_status":"closed","ping_status":"closed","sticky":false,"template":"","format":"standard","meta":{"googlesitekit_rrm_CAow3e7fCw:productID":"","_crdt_document":"","footnotes":""},"categories":[1],"tags":[],"class_list":{"0":"post-477","1":"post","2":"type-post","3":"status-publish","4":"format-standard","6":"category-senza-categoria"},"yoast_head":"<!-- This site is optimized with the Yoast SEO Premium plugin v27.4 (Yoast SEO v27.4) - https:\/\/yoast.com\/product\/yoast-seo-premium-wordpress\/ -->\n<title>LUOGHI NON LUOGHI La magnifica ossesione - Cinema &amp; Video International<\/title>\n<meta name=\"description\" content=\"LUOGHI NON LUOGHI La magnifica ossesione \u2013 luoghi non luoghi la magnifica ossesione. di Daniele Vicari Devo riconoscere di avere una sorta di ossessione pe\" \/>\n<meta name=\"robots\" content=\"index, follow, max-snippet:-1, max-image-preview:large, max-video-preview:-1\" \/>\n<link rel=\"canonical\" href=\"https:\/\/cinema.video\/it\/luoghinon-luoghi-la-magnifica-ossesione\" \/>\n<meta property=\"og:locale\" content=\"it_IT\" \/>\n<meta property=\"og:type\" content=\"article\" \/>\n<meta property=\"og:title\" content=\"LUOGHI NON LUOGHI La magnifica ossesione\" \/>\n<meta property=\"og:description\" content=\"LUOGHI NON LUOGHI La magnifica ossesione \u2013 luoghi non luoghi la magnifica ossesione. di Daniele Vicari Devo riconoscere di avere una sorta di ossessione pe\" \/>\n<meta property=\"og:url\" content=\"https:\/\/cinema.video\/it\/luoghinon-luoghi-la-magnifica-ossesione\" \/>\n<meta property=\"og:site_name\" content=\"Cinema &amp; Video International\" \/>\n<meta property=\"article:publisher\" content=\"https:\/\/www.facebook.com\/CinemaVideoInternational\/\" \/>\n<meta property=\"article:published_time\" content=\"2007-02-05T11:57:05+00:00\" \/>\n<meta property=\"article:modified_time\" content=\"2026-04-10T01:13:52+00:00\" \/>\n<meta property=\"og:image\" content=\"https:\/\/cinema.video\/wp-content\/uploads\/2026\/04\/CinemVideo_LogoBlack.png\" \/>\n\t<meta property=\"og:image:width\" content=\"1336\" \/>\n\t<meta property=\"og:image:height\" content=\"224\" \/>\n\t<meta property=\"og:image:type\" content=\"image\/png\" \/>\n<meta name=\"author\" content=\"Davide Morena\" \/>\n<meta name=\"twitter:card\" content=\"summary_large_image\" \/>\n<meta name=\"twitter:label1\" content=\"Scritto da\" \/>\n\t<meta name=\"twitter:data1\" content=\"Davide Morena\" \/>\n\t<meta name=\"twitter:label2\" content=\"Tempo di lettura stimato\" \/>\n\t<meta name=\"twitter:data2\" content=\"3 minuti\" \/>\n<script type=\"application\/ld+json\" class=\"yoast-schema-graph\">{\"@context\":\"https:\\\/\\\/schema.org\",\"@graph\":[{\"@type\":\"Article\",\"@id\":\"https:\\\/\\\/cinema.video\\\/it\\\/luoghinon-luoghi-la-magnifica-ossesione#article\",\"isPartOf\":{\"@id\":\"https:\\\/\\\/cinema.video\\\/it\\\/luoghinon-luoghi-la-magnifica-ossesione\"},\"author\":{\"name\":\"Davide Morena\",\"@id\":\"https:\\\/\\\/cinema.video\\\/it#\\\/schema\\\/person\\\/b63ca05986911bf3a53c6c027c27b8b7\"},\"headline\":\"LUOGHI NON LUOGHI La magnifica ossesione\",\"datePublished\":\"2007-02-05T11:57:05+00:00\",\"dateModified\":\"2026-04-10T01:13:52+00:00\",\"mainEntityOfPage\":{\"@id\":\"https:\\\/\\\/cinema.video\\\/it\\\/luoghinon-luoghi-la-magnifica-ossesione\"},\"wordCount\":646,\"publisher\":{\"@id\":\"https:\\\/\\\/cinema.video\\\/it#organization\"},\"inLanguage\":\"it-IT\"},{\"@type\":\"WebPage\",\"@id\":\"https:\\\/\\\/cinema.video\\\/it\\\/luoghinon-luoghi-la-magnifica-ossesione\",\"url\":\"https:\\\/\\\/cinema.video\\\/it\\\/luoghinon-luoghi-la-magnifica-ossesione\",\"name\":\"LUOGHI NON LUOGHI La magnifica ossesione - Cinema &amp; Video International\",\"isPartOf\":{\"@id\":\"https:\\\/\\\/cinema.video\\\/it#website\"},\"datePublished\":\"2007-02-05T11:57:05+00:00\",\"dateModified\":\"2026-04-10T01:13:52+00:00\",\"description\":\"LUOGHI NON LUOGHI La magnifica ossesione \u2013 luoghi non luoghi la magnifica ossesione. di Daniele Vicari Devo riconoscere di avere una sorta di ossessione pe\",\"breadcrumb\":{\"@id\":\"https:\\\/\\\/cinema.video\\\/it\\\/luoghinon-luoghi-la-magnifica-ossesione#breadcrumb\"},\"inLanguage\":\"it-IT\",\"potentialAction\":[{\"@type\":\"ReadAction\",\"target\":[\"https:\\\/\\\/cinema.video\\\/it\\\/luoghinon-luoghi-la-magnifica-ossesione\"]}]},{\"@type\":\"BreadcrumbList\",\"@id\":\"https:\\\/\\\/cinema.video\\\/it\\\/luoghinon-luoghi-la-magnifica-ossesione#breadcrumb\",\"itemListElement\":[{\"@type\":\"ListItem\",\"position\":1,\"name\":\"Home\",\"item\":\"https:\\\/\\\/cinema.video\\\/it\\\/home-2\"},{\"@type\":\"ListItem\",\"position\":2,\"name\":\"LUOGHI NON LUOGHI La magnifica ossesione\"}]},{\"@type\":\"WebSite\",\"@id\":\"https:\\\/\\\/cinema.video\\\/it#website\",\"url\":\"https:\\\/\\\/cinema.video\\\/it\",\"name\":\"Cinema & Video International\",\"description\":\"Film &amp; Audiovisual Industry Trade Magazine\",\"publisher\":{\"@id\":\"https:\\\/\\\/cinema.video\\\/it#organization\"},\"alternateName\":\"Cinema & Video\",\"potentialAction\":[{\"@type\":\"SearchAction\",\"target\":{\"@type\":\"EntryPoint\",\"urlTemplate\":\"https:\\\/\\\/cinema.video\\\/it?s={search_term_string}\"},\"query-input\":{\"@type\":\"PropertyValueSpecification\",\"valueRequired\":true,\"valueName\":\"search_term_string\"}}],\"inLanguage\":\"it-IT\"},{\"@type\":\"Organization\",\"@id\":\"https:\\\/\\\/cinema.video\\\/it#organization\",\"name\":\"Cinema & Video\",\"url\":\"https:\\\/\\\/cinema.video\\\/it\",\"logo\":{\"@type\":\"ImageObject\",\"inLanguage\":\"it-IT\",\"@id\":\"https:\\\/\\\/cinema.video\\\/it#\\\/schema\\\/logo\\\/image\\\/\",\"url\":\"https:\\\/\\\/cinema.video\\\/wp-content\\\/uploads\\\/2026\\\/04\\\/CinemVideo_LogoBlack.png\",\"contentUrl\":\"https:\\\/\\\/cinema.video\\\/wp-content\\\/uploads\\\/2026\\\/04\\\/CinemVideo_LogoBlack.png\",\"width\":1336,\"height\":224,\"caption\":\"Cinema & Video\"},\"image\":{\"@id\":\"https:\\\/\\\/cinema.video\\\/it#\\\/schema\\\/logo\\\/image\\\/\"},\"sameAs\":[\"https:\\\/\\\/www.facebook.com\\\/CinemaVideoInternational\\\/\",\"https:\\\/\\\/www.instagram.com\\\/cinemaevideointernational\\\/\",\"https:\\\/\\\/it.linkedin.com\\\/company\\\/cinema-video-international\"],\"description\":\"Media Consulting & Marketing Agency\",\"email\":\"hello@darostudio.com\",\"legalName\":\"DARO studio LLC\",\"foundingDate\":\"2021-02-16\",\"numberOfEmployees\":{\"@type\":\"QuantitativeValue\",\"minValue\":\"1\",\"maxValue\":\"10\"}},{\"@type\":\"Person\",\"@id\":\"https:\\\/\\\/cinema.video\\\/it#\\\/schema\\\/person\\\/b63ca05986911bf3a53c6c027c27b8b7\",\"name\":\"Davide Morena\",\"image\":{\"@type\":\"ImageObject\",\"inLanguage\":\"it-IT\",\"@id\":\"https:\\\/\\\/secure.gravatar.com\\\/avatar\\\/4304209e0c1a7f0eafbc1fa01b5157cb233998514f3a0ff9ea99ae43a0f44009?s=96&d=mm&r=g\",\"url\":\"https:\\\/\\\/secure.gravatar.com\\\/avatar\\\/4304209e0c1a7f0eafbc1fa01b5157cb233998514f3a0ff9ea99ae43a0f44009?s=96&d=mm&r=g\",\"contentUrl\":\"https:\\\/\\\/secure.gravatar.com\\\/avatar\\\/4304209e0c1a7f0eafbc1fa01b5157cb233998514f3a0ff9ea99ae43a0f44009?s=96&d=mm&r=g\",\"caption\":\"Davide Morena\"},\"url\":\"https:\\\/\\\/cinema.video\\\/it\\\/author\\\/davide-morena\"}]}<\/script>\n<!-- \/ Yoast SEO Premium plugin. -->","yoast_head_json":{"title":"LUOGHI NON LUOGHI La magnifica ossesione - Cinema &amp; Video International","description":"LUOGHI NON LUOGHI La magnifica ossesione \u2013 luoghi non luoghi la magnifica ossesione. di Daniele Vicari Devo riconoscere di avere una sorta di ossessione pe","robots":{"index":"index","follow":"follow","max-snippet":"max-snippet:-1","max-image-preview":"max-image-preview:large","max-video-preview":"max-video-preview:-1"},"canonical":"https:\/\/cinema.video\/it\/luoghinon-luoghi-la-magnifica-ossesione","og_locale":"it_IT","og_type":"article","og_title":"LUOGHI NON LUOGHI La magnifica ossesione","og_description":"LUOGHI NON LUOGHI La magnifica ossesione \u2013 luoghi non luoghi la magnifica ossesione. di Daniele Vicari Devo riconoscere di avere una sorta di ossessione pe","og_url":"https:\/\/cinema.video\/it\/luoghinon-luoghi-la-magnifica-ossesione","og_site_name":"Cinema &amp; Video International","article_publisher":"https:\/\/www.facebook.com\/CinemaVideoInternational\/","article_published_time":"2007-02-05T11:57:05+00:00","article_modified_time":"2026-04-10T01:13:52+00:00","og_image":[{"width":1336,"height":224,"url":"https:\/\/cinema.video\/wp-content\/uploads\/2026\/04\/CinemVideo_LogoBlack.png","type":"image\/png"}],"author":"Davide Morena","twitter_card":"summary_large_image","twitter_misc":{"Scritto da":"Davide Morena","Tempo di lettura stimato":"3 minuti"},"schema":{"@context":"https:\/\/schema.org","@graph":[{"@type":"Article","@id":"https:\/\/cinema.video\/it\/luoghinon-luoghi-la-magnifica-ossesione#article","isPartOf":{"@id":"https:\/\/cinema.video\/it\/luoghinon-luoghi-la-magnifica-ossesione"},"author":{"name":"Davide Morena","@id":"https:\/\/cinema.video\/it#\/schema\/person\/b63ca05986911bf3a53c6c027c27b8b7"},"headline":"LUOGHI NON LUOGHI La magnifica ossesione","datePublished":"2007-02-05T11:57:05+00:00","dateModified":"2026-04-10T01:13:52+00:00","mainEntityOfPage":{"@id":"https:\/\/cinema.video\/it\/luoghinon-luoghi-la-magnifica-ossesione"},"wordCount":646,"publisher":{"@id":"https:\/\/cinema.video\/it#organization"},"inLanguage":"it-IT"},{"@type":"WebPage","@id":"https:\/\/cinema.video\/it\/luoghinon-luoghi-la-magnifica-ossesione","url":"https:\/\/cinema.video\/it\/luoghinon-luoghi-la-magnifica-ossesione","name":"LUOGHI NON LUOGHI La magnifica ossesione - Cinema &amp; Video International","isPartOf":{"@id":"https:\/\/cinema.video\/it#website"},"datePublished":"2007-02-05T11:57:05+00:00","dateModified":"2026-04-10T01:13:52+00:00","description":"LUOGHI NON LUOGHI La magnifica ossesione \u2013 luoghi non luoghi la magnifica ossesione. di Daniele Vicari Devo riconoscere di avere una sorta di ossessione pe","breadcrumb":{"@id":"https:\/\/cinema.video\/it\/luoghinon-luoghi-la-magnifica-ossesione#breadcrumb"},"inLanguage":"it-IT","potentialAction":[{"@type":"ReadAction","target":["https:\/\/cinema.video\/it\/luoghinon-luoghi-la-magnifica-ossesione"]}]},{"@type":"BreadcrumbList","@id":"https:\/\/cinema.video\/it\/luoghinon-luoghi-la-magnifica-ossesione#breadcrumb","itemListElement":[{"@type":"ListItem","position":1,"name":"Home","item":"https:\/\/cinema.video\/it\/home-2"},{"@type":"ListItem","position":2,"name":"LUOGHI NON LUOGHI La magnifica ossesione"}]},{"@type":"WebSite","@id":"https:\/\/cinema.video\/it#website","url":"https:\/\/cinema.video\/it","name":"Cinema & Video International","description":"Film &amp; Audiovisual Industry Trade Magazine","publisher":{"@id":"https:\/\/cinema.video\/it#organization"},"alternateName":"Cinema & Video","potentialAction":[{"@type":"SearchAction","target":{"@type":"EntryPoint","urlTemplate":"https:\/\/cinema.video\/it?s={search_term_string}"},"query-input":{"@type":"PropertyValueSpecification","valueRequired":true,"valueName":"search_term_string"}}],"inLanguage":"it-IT"},{"@type":"Organization","@id":"https:\/\/cinema.video\/it#organization","name":"Cinema & Video","url":"https:\/\/cinema.video\/it","logo":{"@type":"ImageObject","inLanguage":"it-IT","@id":"https:\/\/cinema.video\/it#\/schema\/logo\/image\/","url":"https:\/\/cinema.video\/wp-content\/uploads\/2026\/04\/CinemVideo_LogoBlack.png","contentUrl":"https:\/\/cinema.video\/wp-content\/uploads\/2026\/04\/CinemVideo_LogoBlack.png","width":1336,"height":224,"caption":"Cinema & Video"},"image":{"@id":"https:\/\/cinema.video\/it#\/schema\/logo\/image\/"},"sameAs":["https:\/\/www.facebook.com\/CinemaVideoInternational\/","https:\/\/www.instagram.com\/cinemaevideointernational\/","https:\/\/it.linkedin.com\/company\/cinema-video-international"],"description":"Media Consulting & Marketing Agency","email":"hello@darostudio.com","legalName":"DARO studio LLC","foundingDate":"2021-02-16","numberOfEmployees":{"@type":"QuantitativeValue","minValue":"1","maxValue":"10"}},{"@type":"Person","@id":"https:\/\/cinema.video\/it#\/schema\/person\/b63ca05986911bf3a53c6c027c27b8b7","name":"Davide Morena","image":{"@type":"ImageObject","inLanguage":"it-IT","@id":"https:\/\/secure.gravatar.com\/avatar\/4304209e0c1a7f0eafbc1fa01b5157cb233998514f3a0ff9ea99ae43a0f44009?s=96&d=mm&r=g","url":"https:\/\/secure.gravatar.com\/avatar\/4304209e0c1a7f0eafbc1fa01b5157cb233998514f3a0ff9ea99ae43a0f44009?s=96&d=mm&r=g","contentUrl":"https:\/\/secure.gravatar.com\/avatar\/4304209e0c1a7f0eafbc1fa01b5157cb233998514f3a0ff9ea99ae43a0f44009?s=96&d=mm&r=g","caption":"Davide Morena"},"url":"https:\/\/cinema.video\/it\/author\/davide-morena"}]}},"jetpack_featured_media_url":"","jetpack_shortlink":"https:\/\/wp.me\/ph672m-7H","_links":{"self":[{"href":"https:\/\/cinema.video\/it\/wp-json\/wp\/v2\/posts\/477","targetHints":{"allow":["GET"]}}],"collection":[{"href":"https:\/\/cinema.video\/it\/wp-json\/wp\/v2\/posts"}],"about":[{"href":"https:\/\/cinema.video\/it\/wp-json\/wp\/v2\/types\/post"}],"author":[{"embeddable":true,"href":"https:\/\/cinema.video\/it\/wp-json\/wp\/v2\/users\/101032"}],"replies":[{"embeddable":true,"href":"https:\/\/cinema.video\/it\/wp-json\/wp\/v2\/comments?post=477"}],"version-history":[{"count":1,"href":"https:\/\/cinema.video\/it\/wp-json\/wp\/v2\/posts\/477\/revisions"}],"predecessor-version":[{"id":303864,"href":"https:\/\/cinema.video\/it\/wp-json\/wp\/v2\/posts\/477\/revisions\/303864"}],"wp:attachment":[{"href":"https:\/\/cinema.video\/it\/wp-json\/wp\/v2\/media?parent=477"}],"wp:term":[{"taxonomy":"category","embeddable":true,"href":"https:\/\/cinema.video\/it\/wp-json\/wp\/v2\/categories?post=477"},{"taxonomy":"post_tag","embeddable":true,"href":"https:\/\/cinema.video\/it\/wp-json\/wp\/v2\/tags?post=477"}],"curies":[{"name":"wp","href":"https:\/\/api.w.org\/{rel}","templated":true}]}}