{"id":44031,"date":"2020-09-05T14:21:00","date_gmt":"2020-09-05T14:21:00","guid":{"rendered":"https:\/\/cinema.video\/?p=44031"},"modified":"2026-04-10T03:49:57","modified_gmt":"2026-04-10T01:49:57","slug":"premio-lux-nuovo-formato-anche-il-pubblico-vota","status":"publish","type":"post","link":"https:\/\/cinema.video\/it\/premio-lux-nuovo-formato-anche-il-pubblico-vota","title":{"rendered":"PREMIO LUX Nuovo formato anche il pubblico vota"},"content":{"rendered":"\n<div class=\"wp-block-image\"><figure class=\"alignleft size-large is-resized\"><img loading=\"lazy\" decoding=\"async\" src=\"https:\/\/cinema.video\/wp-content\/uploads\/sassoli.jpg\" alt=\"\" class=\"wp-image-44032\" width=\"225\" height=\"225\" srcset=\"https:\/\/cinema.video\/wp-content\/uploads\/sassoli.jpg 526w, https:\/\/cinema.video\/wp-content\/uploads\/sassoli.jpg 300w, https:\/\/cinema.video\/wp-content\/uploads\/sassoli.jpg 150w, https:\/\/cinema.video\/wp-content\/uploads\/sassoli.jpg 420w\" sizes=\"auto, (max-width: 225px) 100vw, 225px\" \/><\/figure><\/div>\n\n\n\n<p class=\"wp-block-paragraph\">Si i chiamer\u00e0 formalmente \u201cLUX &#8211; Premio del cinema del pubblico europeo del Parlamento europeo e della <strong>European Film Academy<\/strong>\u201d, abbreviato a <strong>LUX &#8211; Premio del pubblico per il cinema europeo<\/strong>: la nuova veste del Premio con cui il Parlamento Europeo sostiene il cinema \u00e8 stata presentata oggi, sabato 5 settembre alla <strong>Mostra del Cinema di Venezia<\/strong>.<\/p>\n\n\n\n<p class=\"wp-block-paragraph\">Da ora in avanti, il vincitore sar\u00e0 decretato anche dal pubblico, non pi\u00f9 solo dai membri del Parlamento,  grazie alla fusione del premio con l&#8217;  EFA People&#8217;s choice Award: anche l&#8217;European Film Academy parteciper\u00e0 all&#8217;assegnazione del Premio, assieme alla Commissione Europea e a Europe Cinemas, e il suo presidente (che sar\u00e0 presto Matthijs Wouter Knol n.d.r.) sar\u00e0 il presidente onorario della Giuria.<\/p>\n\n\n\n<p class=\"wp-block-paragraph\">I tre film finalisti per quest&#8217;edizione saranno svelati durante gli <strong>European Film Awards a Reykyavik<\/strong>, <strong>in Islanda, il 12 dicembre.<\/strong><\/p>\n\n\n\n<p class=\"wp-block-paragraph\">Fino ad aprile, questi tre film saranno sottotitolati nelle 24 lingue ufficiali dell\u2019Unione europea e proiettati in tutta Europa. Il pubblico avr\u00e0 la possibilit\u00e0 di esprimere il proprio voto classificando i finalisti su una scala da uno a cinque. Il pubblico e i deputati europei esprimeranno, ognuno, il 50% dei voti.<\/p>\n\n\n\n<p class=\"wp-block-paragraph\">Il <strong>28 aprile 2021<\/strong> il vincitore sar\u00e0 annunciato durante la cerimonia di premiazione nella plenaria del Parlamento europeo.<\/p>\n\n\n\n<p class=\"wp-block-paragraph\">I tre film europei (diventeranno 5 dal 2022) che comporranno la selezione del Premio LUX 2021 saranno selezionati da una giuria di professionisti del cinema.<\/p>\n\n\n\n<p class=\"wp-block-paragraph\">Il 22 giugno, la Commissione Cultura del Parlamento europeo ha approvato la formazione della giuria, aggiungendo quattro nuovi membri:<\/p>\n\n\n\n<p class=\"wp-block-paragraph\">&#8211; <strong>Teona Strugar Mitevska<\/strong>, regista macedone che l&#8217;anno scorso ha vinto il Premio LUX con il film \u201cDio \u00e8 donna e il suo nome \u00e8 Petrunya\u201d;<\/p>\n\n\n\n<p class=\"wp-block-paragraph\">&#8211; <strong>Fatima Djoumer<\/strong>, responsabile delle relazioni internazionali di Europa Cinemas<\/p>\n\n\n\n<p class=\"wp-block-paragraph\">&#8211; <strong>Vanessa Henneman<\/strong>, talent agent olandese e avvocato specializzato nei diritti di propriet\u00e0 intellettuale e copyright, membro anche dell&#8217;European Film Academy Board;<\/p>\n\n\n\n<p class=\"wp-block-paragraph\">&#8211; <strong>Maria Silvia Gatta<\/strong>, responsabile delle politiche della Commissione europea, che funger\u00e0 da osservatore.<\/p>\n\n\n\n<p class=\"wp-block-paragraph\"><\/p>\n","protected":false},"excerpt":{"rendered":"<p>Il nuovo Premio Lux presentato alla Mostra del Cinema di Venezia: si chiamer\u00e0 \u201cLUX &#8211; Premio del cinema del pubblico europeo del Parlamento europeo e della European Film Academy\u201d<\/p>\n","protected":false},"author":26,"featured_media":44032,"comment_status":"open","ping_status":"open","sticky":false,"template":"","format":"standard","meta":{"googlesitekit_rrm_CAow3e7fCw:productID":"","_wpcom_ai_launchpad_first_post":false,"footnotes":"","jetpack_post_was_ever_published":false},"categories":[2331,189,198],"tags":[2317,276,2334,214],"class_list":["post-44031","post","type-post","status-publish","format-standard","has-post-thumbnail","category-awards","category-events","category-industry","tag-awards","tag-efa","tag-events","tag-premi"],"yoast_head":"<!-- This site is optimized with the Yoast SEO Premium plugin v28.3 (Yoast SEO v28.3) - https:\/\/yoast.com\/product\/yoast-seo-premium-wordpress\/ -->\n<title>PREMIO LUX Nuovo formato anche il pubblico vota - Cinema &amp; Video International<\/title>\n<meta name=\"description\" content=\"PREMIO LUX Nuovo formato anche il pubblico vota \u2013 premio lux nuovo formato anche il. Si i chiamer\u00e0 formalmente \u201cLUX - Premio del cinema del pubblico e\" \/>\n<meta name=\"robots\" content=\"index, follow, max-snippet:-1, max-image-preview:large, max-video-preview:-1\" \/>\n<link rel=\"canonical\" href=\"https:\/\/cinema.video\/it\/premio-lux-nuovo-formato-anche-il-pubblico-vota\" \/>\n<meta property=\"og:locale\" content=\"it_IT\" \/>\n<meta property=\"og:type\" content=\"article\" \/>\n<meta property=\"og:title\" content=\"PREMIO LUX Nuovo formato anche il pubblico vota\" \/>\n<meta property=\"og:description\" content=\"PREMIO LUX Nuovo formato anche il pubblico vota \u2013 premio lux nuovo formato anche il. Si i chiamer\u00e0 formalmente \u201cLUX - Premio del cinema del pubblico e\" \/>\n<meta property=\"og:url\" content=\"https:\/\/cinema.video\/it\/premio-lux-nuovo-formato-anche-il-pubblico-vota\" \/>\n<meta property=\"og:site_name\" content=\"Cinema &amp; Video International\" \/>\n<meta property=\"article:publisher\" content=\"https:\/\/www.facebook.com\/CinemaVideoInternational\/\" \/>\n<meta property=\"article:published_time\" content=\"2020-09-05T14:21:00+00:00\" \/>\n<meta property=\"article:modified_time\" content=\"2026-04-10T01:49:57+00:00\" \/>\n<meta property=\"og:image\" content=\"https:\/\/cinema.video\/wp-content\/uploads\/sassoli.jpg\" \/>\n\t<meta property=\"og:image:width\" content=\"526\" \/>\n\t<meta property=\"og:image:height\" content=\"526\" \/>\n\t<meta property=\"og:image:type\" content=\"image\/jpeg\" \/>\n<meta name=\"author\" content=\"Editorial\" \/>\n<meta name=\"twitter:card\" content=\"summary_large_image\" \/>\n<meta name=\"twitter:label1\" content=\"Scritto da\" \/>\n\t<meta name=\"twitter:data1\" content=\"Editorial\" \/>\n\t<meta name=\"twitter:label2\" content=\"Tempo di lettura stimato\" \/>\n\t<meta name=\"twitter:data2\" content=\"2 minuti\" \/>\n<script type=\"application\/ld+json\" class=\"yoast-schema-graph\">{\"@context\":\"https:\\\/\\\/schema.org\",\"@graph\":[{\"@type\":\"Article\",\"@id\":\"https:\\\/\\\/cinema.video\\\/it\\\/premio-lux-nuovo-formato-anche-il-pubblico-vota#article\",\"isPartOf\":{\"@id\":\"https:\\\/\\\/cinema.video\\\/it\\\/premio-lux-nuovo-formato-anche-il-pubblico-vota\"},\"author\":{\"name\":\"Editorial\",\"@id\":\"https:\\\/\\\/cinema.video\\\/it#\\\/schema\\\/person\\\/aeb01b91d874e8b01e76a1db04c668c6\"},\"headline\":\"PREMIO LUX Nuovo formato anche il pubblico vota\",\"datePublished\":\"2020-09-05T14:21:00+00:00\",\"dateModified\":\"2026-04-10T01:49:57+00:00\",\"mainEntityOfPage\":{\"@id\":\"https:\\\/\\\/cinema.video\\\/it\\\/premio-lux-nuovo-formato-anche-il-pubblico-vota\"},\"wordCount\":328,\"commentCount\":0,\"publisher\":{\"@id\":\"https:\\\/\\\/cinema.video\\\/it#organization\"},\"image\":{\"@id\":\"https:\\\/\\\/cinema.video\\\/it\\\/premio-lux-nuovo-formato-anche-il-pubblico-vota#primaryimage\"},\"thumbnailUrl\":\"https:\\\/\\\/cinema.video\\\/wp-content\\\/uploads\\\/sassoli.jpg\",\"keywords\":[\"AWARDS\",\"EFA\",\"EVENTS\",\"Premi\"],\"articleSection\":[\"AWARDS\",\"EVENTS\",\"INDUSTRY\"],\"inLanguage\":\"it-IT\",\"potentialAction\":[{\"@type\":\"CommentAction\",\"name\":\"Comment\",\"target\":[\"https:\\\/\\\/cinema.video\\\/it\\\/premio-lux-nuovo-formato-anche-il-pubblico-vota#respond\"]}]},{\"@type\":\"WebPage\",\"@id\":\"https:\\\/\\\/cinema.video\\\/it\\\/premio-lux-nuovo-formato-anche-il-pubblico-vota\",\"url\":\"https:\\\/\\\/cinema.video\\\/it\\\/premio-lux-nuovo-formato-anche-il-pubblico-vota\",\"name\":\"PREMIO LUX Nuovo formato anche il pubblico vota - Cinema &amp; Video International\",\"isPartOf\":{\"@id\":\"https:\\\/\\\/cinema.video\\\/it#website\"},\"primaryImageOfPage\":{\"@id\":\"https:\\\/\\\/cinema.video\\\/it\\\/premio-lux-nuovo-formato-anche-il-pubblico-vota#primaryimage\"},\"image\":{\"@id\":\"https:\\\/\\\/cinema.video\\\/it\\\/premio-lux-nuovo-formato-anche-il-pubblico-vota#primaryimage\"},\"thumbnailUrl\":\"https:\\\/\\\/cinema.video\\\/wp-content\\\/uploads\\\/sassoli.jpg\",\"datePublished\":\"2020-09-05T14:21:00+00:00\",\"dateModified\":\"2026-04-10T01:49:57+00:00\",\"description\":\"PREMIO LUX Nuovo formato anche il pubblico vota \u2013 premio lux nuovo formato anche il. Si i chiamer\u00e0 formalmente \u201cLUX - Premio del cinema del pubblico e\",\"breadcrumb\":{\"@id\":\"https:\\\/\\\/cinema.video\\\/it\\\/premio-lux-nuovo-formato-anche-il-pubblico-vota#breadcrumb\"},\"inLanguage\":\"it-IT\",\"potentialAction\":[{\"@type\":\"ReadAction\",\"target\":[\"https:\\\/\\\/cinema.video\\\/it\\\/premio-lux-nuovo-formato-anche-il-pubblico-vota\"]}]},{\"@type\":\"ImageObject\",\"inLanguage\":\"it-IT\",\"@id\":\"https:\\\/\\\/cinema.video\\\/it\\\/premio-lux-nuovo-formato-anche-il-pubblico-vota#primaryimage\",\"url\":\"https:\\\/\\\/cinema.video\\\/wp-content\\\/uploads\\\/sassoli.jpg\",\"contentUrl\":\"https:\\\/\\\/cinema.video\\\/wp-content\\\/uploads\\\/sassoli.jpg\",\"width\":526,\"height\":526},{\"@type\":\"BreadcrumbList\",\"@id\":\"https:\\\/\\\/cinema.video\\\/it\\\/premio-lux-nuovo-formato-anche-il-pubblico-vota#breadcrumb\",\"itemListElement\":[{\"@type\":\"ListItem\",\"position\":1,\"name\":\"Home\",\"item\":\"https:\\\/\\\/cinema.video\\\/it\"},{\"@type\":\"ListItem\",\"position\":2,\"name\":\"PREMIO LUX Nuovo formato anche il pubblico vota\"}]},{\"@type\":\"WebSite\",\"@id\":\"https:\\\/\\\/cinema.video\\\/it#website\",\"url\":\"https:\\\/\\\/cinema.video\\\/it\",\"name\":\"Cinema & Video International\",\"description\":\"Film &amp; Audiovisual B2B Industry Trade Platform Magazine\",\"publisher\":{\"@id\":\"https:\\\/\\\/cinema.video\\\/it#organization\"},\"alternateName\":\"Cinema & Video\",\"potentialAction\":[{\"@type\":\"SearchAction\",\"target\":{\"@type\":\"EntryPoint\",\"urlTemplate\":\"https:\\\/\\\/cinema.video\\\/it?s={search_term_string}\"},\"query-input\":{\"@type\":\"PropertyValueSpecification\",\"valueRequired\":true,\"valueName\":\"search_term_string\"}}],\"inLanguage\":\"it-IT\"},{\"@type\":\"Organization\",\"@id\":\"https:\\\/\\\/cinema.video\\\/it#organization\",\"name\":\"Cinema & Video\",\"url\":\"https:\\\/\\\/cinema.video\\\/it\",\"logo\":{\"@type\":\"ImageObject\",\"inLanguage\":\"it-IT\",\"@id\":\"https:\\\/\\\/cinema.video\\\/it#\\\/schema\\\/logo\\\/image\\\/\",\"url\":\"https:\\\/\\\/cinema.video\\\/wp-content\\\/uploads\\\/2026\\\/04\\\/CinemVideo_LogoBlack.png\",\"contentUrl\":\"https:\\\/\\\/cinema.video\\\/wp-content\\\/uploads\\\/2026\\\/04\\\/CinemVideo_LogoBlack.png\",\"width\":1336,\"height\":224,\"caption\":\"Cinema & Video\"},\"image\":{\"@id\":\"https:\\\/\\\/cinema.video\\\/it#\\\/schema\\\/logo\\\/image\\\/\"},\"sameAs\":[\"https:\\\/\\\/www.facebook.com\\\/CinemaVideoInternational\\\/\",\"https:\\\/\\\/www.instagram.com\\\/cinemaevideointernational\\\/\",\"https:\\\/\\\/it.linkedin.com\\\/company\\\/cinema-video-international\"],\"description\":\"Media Consulting & Marketing Agency\",\"email\":\"hello@darostudio.com\",\"legalName\":\"DARO studio LLC\",\"foundingDate\":\"2021-02-16\",\"numberOfEmployees\":{\"@type\":\"QuantitativeValue\",\"minValue\":\"1\",\"maxValue\":\"10\"},\"publishingPrinciples\":\"https:\\\/\\\/cinema.video\\\/about\"},{\"@type\":\"Person\",\"@id\":\"https:\\\/\\\/cinema.video\\\/it#\\\/schema\\\/person\\\/aeb01b91d874e8b01e76a1db04c668c6\",\"name\":\"Editorial\",\"image\":{\"@type\":\"ImageObject\",\"inLanguage\":\"it-IT\",\"@id\":\"https:\\\/\\\/secure.gravatar.com\\\/avatar\\\/06ad6f92eb14745b75fb592cadf8139d33242d81c9c8b085133c450aaf0b9731?s=96&d=mm&r=g\",\"url\":\"https:\\\/\\\/secure.gravatar.com\\\/avatar\\\/06ad6f92eb14745b75fb592cadf8139d33242d81c9c8b085133c450aaf0b9731?s=96&d=mm&r=g\",\"contentUrl\":\"https:\\\/\\\/secure.gravatar.com\\\/avatar\\\/06ad6f92eb14745b75fb592cadf8139d33242d81c9c8b085133c450aaf0b9731?s=96&d=mm&r=g\",\"caption\":\"Editorial\"},\"url\":\"https:\\\/\\\/cinema.video\\\/it\\\/author\\\/redazione\"}]}<\/script>\n<!-- \/ Yoast SEO Premium plugin. -->","yoast_head_json":{"title":"PREMIO LUX Nuovo formato anche il pubblico vota - Cinema &amp; Video International","description":"PREMIO LUX Nuovo formato anche il pubblico vota \u2013 premio lux nuovo formato anche il. Si i chiamer\u00e0 formalmente \u201cLUX - Premio del cinema del pubblico e","robots":{"index":"index","follow":"follow","max-snippet":"max-snippet:-1","max-image-preview":"max-image-preview:large","max-video-preview":"max-video-preview:-1"},"canonical":"https:\/\/cinema.video\/it\/premio-lux-nuovo-formato-anche-il-pubblico-vota","og_locale":"it_IT","og_type":"article","og_title":"PREMIO LUX Nuovo formato anche il pubblico vota","og_description":"PREMIO LUX Nuovo formato anche il pubblico vota \u2013 premio lux nuovo formato anche il. Si i chiamer\u00e0 formalmente \u201cLUX - Premio del cinema del pubblico e","og_url":"https:\/\/cinema.video\/it\/premio-lux-nuovo-formato-anche-il-pubblico-vota","og_site_name":"Cinema &amp; Video International","article_publisher":"https:\/\/www.facebook.com\/CinemaVideoInternational\/","article_published_time":"2020-09-05T14:21:00+00:00","article_modified_time":"2026-04-10T01:49:57+00:00","og_image":[{"width":526,"height":526,"url":"https:\/\/cinema.video\/wp-content\/uploads\/sassoli.jpg","type":"image\/jpeg"}],"author":"Editorial","twitter_card":"summary_large_image","twitter_misc":{"Scritto da":"Editorial","Tempo di lettura stimato":"2 minuti"},"schema":{"@context":"https:\/\/schema.org","@graph":[{"@type":"Article","@id":"https:\/\/cinema.video\/it\/premio-lux-nuovo-formato-anche-il-pubblico-vota#article","isPartOf":{"@id":"https:\/\/cinema.video\/it\/premio-lux-nuovo-formato-anche-il-pubblico-vota"},"author":{"name":"Editorial","@id":"https:\/\/cinema.video\/it#\/schema\/person\/aeb01b91d874e8b01e76a1db04c668c6"},"headline":"PREMIO LUX Nuovo formato anche il pubblico vota","datePublished":"2020-09-05T14:21:00+00:00","dateModified":"2026-04-10T01:49:57+00:00","mainEntityOfPage":{"@id":"https:\/\/cinema.video\/it\/premio-lux-nuovo-formato-anche-il-pubblico-vota"},"wordCount":328,"commentCount":0,"publisher":{"@id":"https:\/\/cinema.video\/it#organization"},"image":{"@id":"https:\/\/cinema.video\/it\/premio-lux-nuovo-formato-anche-il-pubblico-vota#primaryimage"},"thumbnailUrl":"https:\/\/cinema.video\/wp-content\/uploads\/sassoli.jpg","keywords":["AWARDS","EFA","EVENTS","Premi"],"articleSection":["AWARDS","EVENTS","INDUSTRY"],"inLanguage":"it-IT","potentialAction":[{"@type":"CommentAction","name":"Comment","target":["https:\/\/cinema.video\/it\/premio-lux-nuovo-formato-anche-il-pubblico-vota#respond"]}]},{"@type":"WebPage","@id":"https:\/\/cinema.video\/it\/premio-lux-nuovo-formato-anche-il-pubblico-vota","url":"https:\/\/cinema.video\/it\/premio-lux-nuovo-formato-anche-il-pubblico-vota","name":"PREMIO LUX Nuovo formato anche il pubblico vota - Cinema &amp; Video International","isPartOf":{"@id":"https:\/\/cinema.video\/it#website"},"primaryImageOfPage":{"@id":"https:\/\/cinema.video\/it\/premio-lux-nuovo-formato-anche-il-pubblico-vota#primaryimage"},"image":{"@id":"https:\/\/cinema.video\/it\/premio-lux-nuovo-formato-anche-il-pubblico-vota#primaryimage"},"thumbnailUrl":"https:\/\/cinema.video\/wp-content\/uploads\/sassoli.jpg","datePublished":"2020-09-05T14:21:00+00:00","dateModified":"2026-04-10T01:49:57+00:00","description":"PREMIO LUX Nuovo formato anche il pubblico vota \u2013 premio lux nuovo formato anche il. Si i chiamer\u00e0 formalmente \u201cLUX - Premio del cinema del pubblico e","breadcrumb":{"@id":"https:\/\/cinema.video\/it\/premio-lux-nuovo-formato-anche-il-pubblico-vota#breadcrumb"},"inLanguage":"it-IT","potentialAction":[{"@type":"ReadAction","target":["https:\/\/cinema.video\/it\/premio-lux-nuovo-formato-anche-il-pubblico-vota"]}]},{"@type":"ImageObject","inLanguage":"it-IT","@id":"https:\/\/cinema.video\/it\/premio-lux-nuovo-formato-anche-il-pubblico-vota#primaryimage","url":"https:\/\/cinema.video\/wp-content\/uploads\/sassoli.jpg","contentUrl":"https:\/\/cinema.video\/wp-content\/uploads\/sassoli.jpg","width":526,"height":526},{"@type":"BreadcrumbList","@id":"https:\/\/cinema.video\/it\/premio-lux-nuovo-formato-anche-il-pubblico-vota#breadcrumb","itemListElement":[{"@type":"ListItem","position":1,"name":"Home","item":"https:\/\/cinema.video\/it"},{"@type":"ListItem","position":2,"name":"PREMIO LUX Nuovo formato anche il pubblico vota"}]},{"@type":"WebSite","@id":"https:\/\/cinema.video\/it#website","url":"https:\/\/cinema.video\/it","name":"Cinema & Video International","description":"Film &amp; Audiovisual B2B Industry Trade Platform Magazine","publisher":{"@id":"https:\/\/cinema.video\/it#organization"},"alternateName":"Cinema & Video","potentialAction":[{"@type":"SearchAction","target":{"@type":"EntryPoint","urlTemplate":"https:\/\/cinema.video\/it?s={search_term_string}"},"query-input":{"@type":"PropertyValueSpecification","valueRequired":true,"valueName":"search_term_string"}}],"inLanguage":"it-IT"},{"@type":"Organization","@id":"https:\/\/cinema.video\/it#organization","name":"Cinema & Video","url":"https:\/\/cinema.video\/it","logo":{"@type":"ImageObject","inLanguage":"it-IT","@id":"https:\/\/cinema.video\/it#\/schema\/logo\/image\/","url":"https:\/\/cinema.video\/wp-content\/uploads\/2026\/04\/CinemVideo_LogoBlack.png","contentUrl":"https:\/\/cinema.video\/wp-content\/uploads\/2026\/04\/CinemVideo_LogoBlack.png","width":1336,"height":224,"caption":"Cinema & Video"},"image":{"@id":"https:\/\/cinema.video\/it#\/schema\/logo\/image\/"},"sameAs":["https:\/\/www.facebook.com\/CinemaVideoInternational\/","https:\/\/www.instagram.com\/cinemaevideointernational\/","https:\/\/it.linkedin.com\/company\/cinema-video-international"],"description":"Media Consulting & Marketing Agency","email":"hello@darostudio.com","legalName":"DARO studio LLC","foundingDate":"2021-02-16","numberOfEmployees":{"@type":"QuantitativeValue","minValue":"1","maxValue":"10"},"publishingPrinciples":"https:\/\/cinema.video\/about"},{"@type":"Person","@id":"https:\/\/cinema.video\/it#\/schema\/person\/aeb01b91d874e8b01e76a1db04c668c6","name":"Editorial","image":{"@type":"ImageObject","inLanguage":"it-IT","@id":"https:\/\/secure.gravatar.com\/avatar\/06ad6f92eb14745b75fb592cadf8139d33242d81c9c8b085133c450aaf0b9731?s=96&d=mm&r=g","url":"https:\/\/secure.gravatar.com\/avatar\/06ad6f92eb14745b75fb592cadf8139d33242d81c9c8b085133c450aaf0b9731?s=96&d=mm&r=g","contentUrl":"https:\/\/secure.gravatar.com\/avatar\/06ad6f92eb14745b75fb592cadf8139d33242d81c9c8b085133c450aaf0b9731?s=96&d=mm&r=g","caption":"Editorial"},"url":"https:\/\/cinema.video\/it\/author\/redazione"}]}},"jetpack_shortlink":"https:\/\/wp.me\/ph672m-bsb","jetpack_featured_media_url":"https:\/\/cinema.video\/wp-content\/uploads\/sassoli.jpg","_links":{"self":[{"href":"https:\/\/cinema.video\/it\/wp-json\/wp\/v2\/posts\/44031","targetHints":{"allow":["GET"]}}],"collection":[{"href":"https:\/\/cinema.video\/it\/wp-json\/wp\/v2\/posts"}],"about":[{"href":"https:\/\/cinema.video\/it\/wp-json\/wp\/v2\/types\/post"}],"author":[{"embeddable":true,"href":"https:\/\/cinema.video\/it\/wp-json\/wp\/v2\/users\/26"}],"replies":[{"embeddable":true,"href":"https:\/\/cinema.video\/it\/wp-json\/wp\/v2\/comments?post=44031"}],"version-history":[{"count":2,"href":"https:\/\/cinema.video\/it\/wp-json\/wp\/v2\/posts\/44031\/revisions"}],"predecessor-version":[{"id":307911,"href":"https:\/\/cinema.video\/it\/wp-json\/wp\/v2\/posts\/44031\/revisions\/307911"}],"wp:featuredmedia":[{"embeddable":true,"href":"https:\/\/cinema.video\/it\/wp-json\/wp\/v2\/media\/44032"}],"wp:attachment":[{"href":"https:\/\/cinema.video\/it\/wp-json\/wp\/v2\/media?parent=44031"}],"wp:term":[{"taxonomy":"category","embeddable":true,"href":"https:\/\/cinema.video\/it\/wp-json\/wp\/v2\/categories?post=44031"},{"taxonomy":"post_tag","embeddable":true,"href":"https:\/\/cinema.video\/it\/wp-json\/wp\/v2\/tags?post=44031"}],"curies":[{"name":"wp","href":"https:\/\/api.w.org\/{rel}","templated":true}]}}