{"id":43049,"date":"2020-06-11T09:29:18","date_gmt":"2020-06-11T09:29:18","guid":{"rendered":"https:\/\/cinema.video\/?p=43049"},"modified":"2026-04-10T03:49:02","modified_gmt":"2026-04-10T01:49:02","slug":"le-storie-post-covid-limportanza-della-tecnologia-e-dei-giovani","status":"publish","type":"post","link":"https:\/\/cinema.video\/it\/le-storie-post-covid-limportanza-della-tecnologia-e-dei-giovani","title":{"rendered":"LE STORIE POST COVID L&#8217;importanza della tecnologia (e dei giovani)"},"content":{"rendered":"\n<div class=\"wp-block-image\"><figure class=\"alignleft size-large is-resized\"><img loading=\"lazy\" decoding=\"async\" src=\"https:\/\/cinema.video\/wp-content\/uploads\/MIA-logo.png\" alt=\"\" class=\"wp-image-43053\" width=\"183\" height=\"183\" srcset=\"https:\/\/cinema.video\/wp-content\/uploads\/MIA-logo.png 960w, https:\/\/cinema.video\/wp-content\/uploads\/MIA-logo.png 300w, https:\/\/cinema.video\/wp-content\/uploads\/MIA-logo.png 150w, https:\/\/cinema.video\/wp-content\/uploads\/MIA-logo.png 768w, https:\/\/cinema.video\/wp-content\/uploads\/MIA-logo.png 696w, https:\/\/cinema.video\/wp-content\/uploads\/MIA-logo.png 420w\" sizes=\"auto, (max-width: 183px) 100vw, 183px\" \/><\/figure><\/div>\n\n\n\n<p class=\"wp-block-paragraph\">Come cambieranno le storie? Quali i modelli narrativi e di conseguenza produttivi post pandemia? Se ne \u00e8 parlato spesso durante il lockdown e si \u00e8 tornati a farlo ieri, all\u2019interno di <strong>Racconto e Produzione audiovisiva nell\u2019Italia post Covid<\/strong>, webinar organizzato dal <strong>MIA, il mercato internazionale dell\u2019audiovisivo di Roma<\/strong>, e che ha visto confrontarsi <strong>Nicola De Angelis<\/strong>, CEO &amp; Head of International Co-productions and Development&nbsp;di <strong>Fabula Pictures<\/strong>, (societ\u00e0 del gruppo <strong>Federation Entertainment<\/strong>), <strong>Francesca Di Donna<\/strong>, Head of Development &amp; Production&nbsp;di <strong>Rodeo Drive<\/strong>, <strong>Giuseppe Sacc\u00e0, <\/strong>di <strong>Pepito Produzioni<\/strong> e <strong>Gian Andrea Pecorelli<\/strong>, CEO di <strong>Aurora Tv<\/strong>.<\/p>\n\n\n\n<p class=\"wp-block-paragraph\">Gli scontri razziali che sono seguiti alla morte di George Floyd in USA, sono stati lo spunto per una considerazione sulla difficolt\u00e0 di veicolare storie legate all\u2019attualit\u00e0 con le limitazioni imposte dalle misure di sicurezza. Da Angelis mette l\u2019accento sul come, piuttosto che sul cosa: \u201cPi\u00f9 che adattare gli script al Covid, dovremo puntare su un uso diverso della tecnologia, in modo da intercettare e non falsare la realt\u00e0. L\u2019industria dei visual effetcs \u00e8 da sempre sottovalutata in Italia, ad esempio: noi adesso stiamo \u2018riportando\u2019 a Roma una serie che era ambientata in un\u2019altra citt\u00e0 e stiamo risolvendo molti problemi con i VFX, e con l\u2019uso delle ottiche, strumento ottimale, che consente di \u2018schiacciare\u2019 creando un \u2018distanziamento sociale artificioso\u2019 Riprendiamo le riprese il 22 giugno.\u201d<\/p>\n\n\n\n<p class=\"wp-block-paragraph\">E tuttavia resta centrale, nella discussione, il tema dell\u2019invecchiamento delle storie, che la pandemia ha causato di colpo, sottolinea <strong>Giuseppe Sacc\u00e0<\/strong>, che precisa: \u201cgi\u00e0 negli ultimi 10-15 anni era cambiato moltissimo il modo di raccontare in Italia, noi quarantenni siamo comunque figli di una cultura novecentesca: gli strumenti che ho io per leggere la realt\u00e0 sono quelli che mi ha dato mio padre. E&#8217; la nuova generazione quella che davvero potr\u00e0 metterci in connessione con la realt\u00e0 post-Covid.\u201d <br>Quella stessa generazione che, fanno notare \u2018dal pubblico\u2019 oggi non ha grande accesso all\u2019industria; dunque \u201cfavorire l\u2019ascolto dei pi\u00f9 giovani, la loro inclusione e la cooperazione intergenerazionale \u00e8 la sfida che dovremo affrontare nei prossimi anni\u201d risponde Sacc\u00e0.<\/p>\n\n\n\n<p class=\"wp-block-paragraph\">La globalit\u00e0 della pandemia potrebbe favorire lo sviluppo di storie \u201clegate a quei temi universali che adesso, diventano forse &#8216;pi\u00f9 necessari&#8217; perch\u00e9 pi\u00f9 sentiti da tutti, come la malattia, o la morte e il tentativo di sopravvivergli, sull\u2019esempio di prodotti come \u201cAfterlife\u201d, o \u201cLa linea verticale\u201d di Mattia Torre, che sono riusciti a raccontare temi terribili attraverso la commedia\u201d. Osserva <strong>Francesca Di Donna<\/strong>. <\/p>\n\n\n\n<p class=\"wp-block-paragraph\">Il discorso dell\u2019universalit\u00e0 dei temi porta necessariamente\nin causa quello delle coproduzioni internazionali, che secondo De Angelis, \u201ccambieranno\nradicalmente, perch\u00e9 si viaggia meno e sar\u00e0 sempre pi\u00f9 difficile far combinare\ngli aspetti creativi. E anche pensare di coprodurre solo a livello finanziario\n\u00e8 molto complesso, perch\u00e9 tutti adesso stanno applicando una sorta di\nprotezionismo, e questo, prima del Covid, l\u2019hanno prodotto le piattaforme, che\npermettono di \u2018andare ovunque\u2019 con i prodotti che offrono. Ci sono poi alcuni\ngeneri, in cui saremo \u2018schiacciati\u2019 dalla produzione americana o inglese di\nalto, livello: il period ad esempio, che noi facciamo \u2018spezzettandolo\u2019 in vari\npaesi.\u201d<\/p>\n\n\n\n<p class=\"wp-block-paragraph\">Gian Andrea Pecorelli ha due serie in ripartenza con la sua Aurora Tv: \u201cIl paradiso delle signore\u201d, il cui set riaprir\u00e0 a Roma il 30 giugno, e \u201cCuori coraggiosi\u201d. Entrambe erano sul set quando \u00e8 sopraggiunto il lockdown, &#8220;hanno dunque un\u2019assicurazione completa, pre-pandemia, anche se nessuna si \u00e8 chiusa per casi Covid&#8221;. Specifica Pecorelli.<\/p>\n\n\n\n<p class=\"wp-block-paragraph\">&nbsp;\u201cNessun set nel mondo si \u00e8 fermato per casi di Covid\u201d  rinforza il concetto, Sacc\u00e0, perorando la causa della costituzione di un fondo di garanzia misto pubblico-privato, \u201cdove il governo dovrebbe intervenire venendo incontro a tutti i settori della filiera, che a loro volta, dovranno fare la loro parte rinunciando a qualcosa, da una crisi si esce solo tutti assieme.\u201d<\/p>\n\n\n\n<p class=\"wp-block-paragraph\">E se Pecorelli rileva l\u2019impossibilit\u00e0 per il governo di creare un simile fondo \u201canche perch\u00e9 la cifra da mettere in campo non sarebbe calcolabile: e se ci fossero 20 interruzioni di set tutte assieme?\u201d aggiungendo che \u201cper ora il direttore generale ha parlato di 3\/400 milioni di fondi straordinari dedicati alla cultura, e non \u00e8 chiaro ancora quanta parte andr\u00e0 alla produzione audiovisiva. Nel frattempo si sta vagliando la possibilit\u00e0 di istituire un tax credit straordinario.\u201d; Di Donna si chiede :\u201cSiamo sicuri che con i fondi che andrebbero a aumentare il tax credit non potrebbero in qualche modo bastare a costituire questo paracadute?\u201d<\/p>\n","protected":false},"excerpt":{"rendered":"<p>Racconto e produzione audiovisiva nell&#8217;Italia post Covid: nel webinar organizzato dal MIA si sono confrontati Nicola De Angelis, Francesca Di Donna, Giuseppe Sacc\u00e0 e Gian Andrea Pecorelli<\/p>\n","protected":false},"author":2,"featured_media":43052,"comment_status":"open","ping_status":"open","sticky":false,"template":"","format":"standard","meta":{"googlesitekit_rrm_CAow3e7fCw:productID":"","_crdt_document":"","footnotes":""},"categories":[189],"tags":[197,2334,80],"class_list":{"0":"post-43049","1":"post","2":"type-post","3":"status-publish","4":"format-standard","5":"has-post-thumbnail","7":"category-events","8":"tag-coproduction","9":"tag-events","10":"tag-varia"},"yoast_head":"<!-- This site is optimized with the Yoast SEO Premium plugin v27.4 (Yoast SEO v27.5) - https:\/\/yoast.com\/product\/yoast-seo-premium-wordpress\/ -->\n<title>LE STORIE POST COVID L&#039;importanza della tecnologia (e dei giovani) - Cinema &amp; Video International<\/title>\n<meta name=\"description\" content=\"LE STORIE POST COVID L&#039;importanza della tecnologia (e dei giovani) \u2013 le storie post covid limportanza della. Come cambieranno le storie? Quali i model\" \/>\n<meta name=\"robots\" content=\"index, follow, max-snippet:-1, max-image-preview:large, max-video-preview:-1\" \/>\n<link rel=\"canonical\" href=\"https:\/\/cinema.video\/it\/le-storie-post-covid-limportanza-della-tecnologia-e-dei-giovani\" \/>\n<meta property=\"og:locale\" content=\"it_IT\" \/>\n<meta property=\"og:type\" content=\"article\" \/>\n<meta property=\"og:title\" content=\"LE STORIE POST COVID L&#039;importanza della tecnologia (e dei giovani)\" \/>\n<meta property=\"og:description\" content=\"LE STORIE POST COVID L&#039;importanza della tecnologia (e dei giovani) \u2013 le storie post covid limportanza della. Come cambieranno le storie? Quali i model\" \/>\n<meta property=\"og:url\" content=\"https:\/\/cinema.video\/it\/le-storie-post-covid-limportanza-della-tecnologia-e-dei-giovani\" \/>\n<meta property=\"og:site_name\" content=\"Cinema &amp; Video International\" \/>\n<meta property=\"article:publisher\" content=\"https:\/\/www.facebook.com\/CinemaVideoInternational\/\" \/>\n<meta property=\"article:published_time\" content=\"2020-06-11T09:29:18+00:00\" \/>\n<meta property=\"article:modified_time\" content=\"2026-04-10T01:49:02+00:00\" \/>\n<meta property=\"og:image\" content=\"https:\/\/cinema.video\/wp-content\/uploads\/mia-2-e1591867650445.jpg\" \/>\n\t<meta property=\"og:image:width\" content=\"960\" \/>\n\t<meta property=\"og:image:height\" content=\"345\" \/>\n\t<meta property=\"og:image:type\" content=\"image\/jpeg\" \/>\n<meta name=\"author\" content=\"Carolina Mancini\" \/>\n<meta name=\"twitter:card\" content=\"summary_large_image\" \/>\n<meta name=\"twitter:label1\" content=\"Scritto da\" \/>\n\t<meta name=\"twitter:data1\" content=\"Carolina Mancini\" \/>\n\t<meta name=\"twitter:label2\" content=\"Tempo di lettura stimato\" \/>\n\t<meta name=\"twitter:data2\" content=\"4 minuti\" \/>\n<script type=\"application\/ld+json\" class=\"yoast-schema-graph\">{\"@context\":\"https:\\\/\\\/schema.org\",\"@graph\":[{\"@type\":\"Article\",\"@id\":\"https:\\\/\\\/cinema.video\\\/it\\\/le-storie-post-covid-limportanza-della-tecnologia-e-dei-giovani#article\",\"isPartOf\":{\"@id\":\"https:\\\/\\\/cinema.video\\\/it\\\/le-storie-post-covid-limportanza-della-tecnologia-e-dei-giovani\"},\"author\":{\"name\":\"Carolina Mancini\",\"@id\":\"https:\\\/\\\/cinema.video\\\/it#\\\/schema\\\/person\\\/d5479fad8d0f2360000eb4aab6bb6e5d\"},\"headline\":\"LE STORIE POST COVID L&#8217;importanza della tecnologia (e dei giovani)\",\"datePublished\":\"2020-06-11T09:29:18+00:00\",\"dateModified\":\"2026-04-10T01:49:02+00:00\",\"mainEntityOfPage\":{\"@id\":\"https:\\\/\\\/cinema.video\\\/it\\\/le-storie-post-covid-limportanza-della-tecnologia-e-dei-giovani\"},\"wordCount\":735,\"commentCount\":0,\"publisher\":{\"@id\":\"https:\\\/\\\/cinema.video\\\/it#organization\"},\"image\":{\"@id\":\"https:\\\/\\\/cinema.video\\\/it\\\/le-storie-post-covid-limportanza-della-tecnologia-e-dei-giovani#primaryimage\"},\"thumbnailUrl\":\"https:\\\/\\\/cinema.video\\\/wp-content\\\/uploads\\\/mia-2-e1591867650445.jpg\",\"keywords\":[\"COPRODUCTION\",\"EVENTS\",\"Varia\"],\"articleSection\":[\"EVENTS\"],\"inLanguage\":\"it-IT\",\"potentialAction\":[{\"@type\":\"CommentAction\",\"name\":\"Comment\",\"target\":[\"https:\\\/\\\/cinema.video\\\/it\\\/le-storie-post-covid-limportanza-della-tecnologia-e-dei-giovani#respond\"]}]},{\"@type\":\"WebPage\",\"@id\":\"https:\\\/\\\/cinema.video\\\/it\\\/le-storie-post-covid-limportanza-della-tecnologia-e-dei-giovani\",\"url\":\"https:\\\/\\\/cinema.video\\\/it\\\/le-storie-post-covid-limportanza-della-tecnologia-e-dei-giovani\",\"name\":\"LE STORIE POST COVID L'importanza della tecnologia (e dei giovani) - Cinema &amp; Video International\",\"isPartOf\":{\"@id\":\"https:\\\/\\\/cinema.video\\\/it#website\"},\"primaryImageOfPage\":{\"@id\":\"https:\\\/\\\/cinema.video\\\/it\\\/le-storie-post-covid-limportanza-della-tecnologia-e-dei-giovani#primaryimage\"},\"image\":{\"@id\":\"https:\\\/\\\/cinema.video\\\/it\\\/le-storie-post-covid-limportanza-della-tecnologia-e-dei-giovani#primaryimage\"},\"thumbnailUrl\":\"https:\\\/\\\/cinema.video\\\/wp-content\\\/uploads\\\/mia-2-e1591867650445.jpg\",\"datePublished\":\"2020-06-11T09:29:18+00:00\",\"dateModified\":\"2026-04-10T01:49:02+00:00\",\"description\":\"LE STORIE POST COVID L'importanza della tecnologia (e dei giovani) \u2013 le storie post covid limportanza della. Come cambieranno le storie? Quali i model\",\"breadcrumb\":{\"@id\":\"https:\\\/\\\/cinema.video\\\/it\\\/le-storie-post-covid-limportanza-della-tecnologia-e-dei-giovani#breadcrumb\"},\"inLanguage\":\"it-IT\",\"potentialAction\":[{\"@type\":\"ReadAction\",\"target\":[\"https:\\\/\\\/cinema.video\\\/it\\\/le-storie-post-covid-limportanza-della-tecnologia-e-dei-giovani\"]}]},{\"@type\":\"ImageObject\",\"inLanguage\":\"it-IT\",\"@id\":\"https:\\\/\\\/cinema.video\\\/it\\\/le-storie-post-covid-limportanza-della-tecnologia-e-dei-giovani#primaryimage\",\"url\":\"https:\\\/\\\/cinema.video\\\/wp-content\\\/uploads\\\/mia-2-e1591867650445.jpg\",\"contentUrl\":\"https:\\\/\\\/cinema.video\\\/wp-content\\\/uploads\\\/mia-2-e1591867650445.jpg\",\"width\":960,\"height\":345},{\"@type\":\"BreadcrumbList\",\"@id\":\"https:\\\/\\\/cinema.video\\\/it\\\/le-storie-post-covid-limportanza-della-tecnologia-e-dei-giovani#breadcrumb\",\"itemListElement\":[{\"@type\":\"ListItem\",\"position\":1,\"name\":\"Home\",\"item\":\"https:\\\/\\\/cinema.video\\\/it\\\/home-2\"},{\"@type\":\"ListItem\",\"position\":2,\"name\":\"LE STORIE POST COVID L&#8217;importanza della tecnologia (e dei giovani)\"}]},{\"@type\":\"WebSite\",\"@id\":\"https:\\\/\\\/cinema.video\\\/it#website\",\"url\":\"https:\\\/\\\/cinema.video\\\/it\",\"name\":\"Cinema & Video International\",\"description\":\"Film &amp; Audiovisual Industry Trade Magazine\",\"publisher\":{\"@id\":\"https:\\\/\\\/cinema.video\\\/it#organization\"},\"alternateName\":\"Cinema & Video\",\"potentialAction\":[{\"@type\":\"SearchAction\",\"target\":{\"@type\":\"EntryPoint\",\"urlTemplate\":\"https:\\\/\\\/cinema.video\\\/it?s={search_term_string}\"},\"query-input\":{\"@type\":\"PropertyValueSpecification\",\"valueRequired\":true,\"valueName\":\"search_term_string\"}}],\"inLanguage\":\"it-IT\"},{\"@type\":\"Organization\",\"@id\":\"https:\\\/\\\/cinema.video\\\/it#organization\",\"name\":\"Cinema & Video\",\"url\":\"https:\\\/\\\/cinema.video\\\/it\",\"logo\":{\"@type\":\"ImageObject\",\"inLanguage\":\"it-IT\",\"@id\":\"https:\\\/\\\/cinema.video\\\/it#\\\/schema\\\/logo\\\/image\\\/\",\"url\":\"https:\\\/\\\/cinema.video\\\/wp-content\\\/uploads\\\/2026\\\/04\\\/CinemVideo_LogoBlack.png\",\"contentUrl\":\"https:\\\/\\\/cinema.video\\\/wp-content\\\/uploads\\\/2026\\\/04\\\/CinemVideo_LogoBlack.png\",\"width\":1336,\"height\":224,\"caption\":\"Cinema & Video\"},\"image\":{\"@id\":\"https:\\\/\\\/cinema.video\\\/it#\\\/schema\\\/logo\\\/image\\\/\"},\"sameAs\":[\"https:\\\/\\\/www.facebook.com\\\/CinemaVideoInternational\\\/\",\"https:\\\/\\\/www.instagram.com\\\/cinemaevideointernational\\\/\",\"https:\\\/\\\/it.linkedin.com\\\/company\\\/cinema-video-international\"],\"description\":\"Media Consulting & Marketing Agency\",\"email\":\"hello@darostudio.com\",\"legalName\":\"DARO studio LLC\",\"foundingDate\":\"2021-02-16\",\"numberOfEmployees\":{\"@type\":\"QuantitativeValue\",\"minValue\":\"1\",\"maxValue\":\"10\"}},{\"@type\":\"Person\",\"@id\":\"https:\\\/\\\/cinema.video\\\/it#\\\/schema\\\/person\\\/d5479fad8d0f2360000eb4aab6bb6e5d\",\"name\":\"Carolina Mancini\",\"image\":{\"@type\":\"ImageObject\",\"inLanguage\":\"it-IT\",\"@id\":\"https:\\\/\\\/secure.gravatar.com\\\/avatar\\\/d4758965c5e8730dbaaa7131a628547771a26c1e5bf14fe323d96f8246a62baf?s=96&d=mm&r=g\",\"url\":\"https:\\\/\\\/secure.gravatar.com\\\/avatar\\\/d4758965c5e8730dbaaa7131a628547771a26c1e5bf14fe323d96f8246a62baf?s=96&d=mm&r=g\",\"contentUrl\":\"https:\\\/\\\/secure.gravatar.com\\\/avatar\\\/d4758965c5e8730dbaaa7131a628547771a26c1e5bf14fe323d96f8246a62baf?s=96&d=mm&r=g\",\"caption\":\"Carolina Mancini\"},\"url\":\"https:\\\/\\\/cinema.video\\\/it\\\/author\\\/carolin\"}]}<\/script>\n<!-- \/ Yoast SEO Premium plugin. -->","yoast_head_json":{"title":"LE STORIE POST COVID L'importanza della tecnologia (e dei giovani) - Cinema &amp; Video International","description":"LE STORIE POST COVID L'importanza della tecnologia (e dei giovani) \u2013 le storie post covid limportanza della. Come cambieranno le storie? Quali i model","robots":{"index":"index","follow":"follow","max-snippet":"max-snippet:-1","max-image-preview":"max-image-preview:large","max-video-preview":"max-video-preview:-1"},"canonical":"https:\/\/cinema.video\/it\/le-storie-post-covid-limportanza-della-tecnologia-e-dei-giovani","og_locale":"it_IT","og_type":"article","og_title":"LE STORIE POST COVID L'importanza della tecnologia (e dei giovani)","og_description":"LE STORIE POST COVID L'importanza della tecnologia (e dei giovani) \u2013 le storie post covid limportanza della. Come cambieranno le storie? Quali i model","og_url":"https:\/\/cinema.video\/it\/le-storie-post-covid-limportanza-della-tecnologia-e-dei-giovani","og_site_name":"Cinema &amp; Video International","article_publisher":"https:\/\/www.facebook.com\/CinemaVideoInternational\/","article_published_time":"2020-06-11T09:29:18+00:00","article_modified_time":"2026-04-10T01:49:02+00:00","og_image":[{"width":960,"height":345,"url":"https:\/\/cinema.video\/wp-content\/uploads\/mia-2-e1591867650445.jpg","type":"image\/jpeg"}],"author":"Carolina Mancini","twitter_card":"summary_large_image","twitter_misc":{"Scritto da":"Carolina Mancini","Tempo di lettura stimato":"4 minuti"},"schema":{"@context":"https:\/\/schema.org","@graph":[{"@type":"Article","@id":"https:\/\/cinema.video\/it\/le-storie-post-covid-limportanza-della-tecnologia-e-dei-giovani#article","isPartOf":{"@id":"https:\/\/cinema.video\/it\/le-storie-post-covid-limportanza-della-tecnologia-e-dei-giovani"},"author":{"name":"Carolina Mancini","@id":"https:\/\/cinema.video\/it#\/schema\/person\/d5479fad8d0f2360000eb4aab6bb6e5d"},"headline":"LE STORIE POST COVID L&#8217;importanza della tecnologia (e dei giovani)","datePublished":"2020-06-11T09:29:18+00:00","dateModified":"2026-04-10T01:49:02+00:00","mainEntityOfPage":{"@id":"https:\/\/cinema.video\/it\/le-storie-post-covid-limportanza-della-tecnologia-e-dei-giovani"},"wordCount":735,"commentCount":0,"publisher":{"@id":"https:\/\/cinema.video\/it#organization"},"image":{"@id":"https:\/\/cinema.video\/it\/le-storie-post-covid-limportanza-della-tecnologia-e-dei-giovani#primaryimage"},"thumbnailUrl":"https:\/\/cinema.video\/wp-content\/uploads\/mia-2-e1591867650445.jpg","keywords":["COPRODUCTION","EVENTS","Varia"],"articleSection":["EVENTS"],"inLanguage":"it-IT","potentialAction":[{"@type":"CommentAction","name":"Comment","target":["https:\/\/cinema.video\/it\/le-storie-post-covid-limportanza-della-tecnologia-e-dei-giovani#respond"]}]},{"@type":"WebPage","@id":"https:\/\/cinema.video\/it\/le-storie-post-covid-limportanza-della-tecnologia-e-dei-giovani","url":"https:\/\/cinema.video\/it\/le-storie-post-covid-limportanza-della-tecnologia-e-dei-giovani","name":"LE STORIE POST COVID L'importanza della tecnologia (e dei giovani) - Cinema &amp; Video International","isPartOf":{"@id":"https:\/\/cinema.video\/it#website"},"primaryImageOfPage":{"@id":"https:\/\/cinema.video\/it\/le-storie-post-covid-limportanza-della-tecnologia-e-dei-giovani#primaryimage"},"image":{"@id":"https:\/\/cinema.video\/it\/le-storie-post-covid-limportanza-della-tecnologia-e-dei-giovani#primaryimage"},"thumbnailUrl":"https:\/\/cinema.video\/wp-content\/uploads\/mia-2-e1591867650445.jpg","datePublished":"2020-06-11T09:29:18+00:00","dateModified":"2026-04-10T01:49:02+00:00","description":"LE STORIE POST COVID L'importanza della tecnologia (e dei giovani) \u2013 le storie post covid limportanza della. Come cambieranno le storie? Quali i model","breadcrumb":{"@id":"https:\/\/cinema.video\/it\/le-storie-post-covid-limportanza-della-tecnologia-e-dei-giovani#breadcrumb"},"inLanguage":"it-IT","potentialAction":[{"@type":"ReadAction","target":["https:\/\/cinema.video\/it\/le-storie-post-covid-limportanza-della-tecnologia-e-dei-giovani"]}]},{"@type":"ImageObject","inLanguage":"it-IT","@id":"https:\/\/cinema.video\/it\/le-storie-post-covid-limportanza-della-tecnologia-e-dei-giovani#primaryimage","url":"https:\/\/cinema.video\/wp-content\/uploads\/mia-2-e1591867650445.jpg","contentUrl":"https:\/\/cinema.video\/wp-content\/uploads\/mia-2-e1591867650445.jpg","width":960,"height":345},{"@type":"BreadcrumbList","@id":"https:\/\/cinema.video\/it\/le-storie-post-covid-limportanza-della-tecnologia-e-dei-giovani#breadcrumb","itemListElement":[{"@type":"ListItem","position":1,"name":"Home","item":"https:\/\/cinema.video\/it\/home-2"},{"@type":"ListItem","position":2,"name":"LE STORIE POST COVID L&#8217;importanza della tecnologia (e dei giovani)"}]},{"@type":"WebSite","@id":"https:\/\/cinema.video\/it#website","url":"https:\/\/cinema.video\/it","name":"Cinema & Video International","description":"Film &amp; Audiovisual Industry Trade Magazine","publisher":{"@id":"https:\/\/cinema.video\/it#organization"},"alternateName":"Cinema & Video","potentialAction":[{"@type":"SearchAction","target":{"@type":"EntryPoint","urlTemplate":"https:\/\/cinema.video\/it?s={search_term_string}"},"query-input":{"@type":"PropertyValueSpecification","valueRequired":true,"valueName":"search_term_string"}}],"inLanguage":"it-IT"},{"@type":"Organization","@id":"https:\/\/cinema.video\/it#organization","name":"Cinema & Video","url":"https:\/\/cinema.video\/it","logo":{"@type":"ImageObject","inLanguage":"it-IT","@id":"https:\/\/cinema.video\/it#\/schema\/logo\/image\/","url":"https:\/\/cinema.video\/wp-content\/uploads\/2026\/04\/CinemVideo_LogoBlack.png","contentUrl":"https:\/\/cinema.video\/wp-content\/uploads\/2026\/04\/CinemVideo_LogoBlack.png","width":1336,"height":224,"caption":"Cinema & Video"},"image":{"@id":"https:\/\/cinema.video\/it#\/schema\/logo\/image\/"},"sameAs":["https:\/\/www.facebook.com\/CinemaVideoInternational\/","https:\/\/www.instagram.com\/cinemaevideointernational\/","https:\/\/it.linkedin.com\/company\/cinema-video-international"],"description":"Media Consulting & Marketing Agency","email":"hello@darostudio.com","legalName":"DARO studio LLC","foundingDate":"2021-02-16","numberOfEmployees":{"@type":"QuantitativeValue","minValue":"1","maxValue":"10"}},{"@type":"Person","@id":"https:\/\/cinema.video\/it#\/schema\/person\/d5479fad8d0f2360000eb4aab6bb6e5d","name":"Carolina Mancini","image":{"@type":"ImageObject","inLanguage":"it-IT","@id":"https:\/\/secure.gravatar.com\/avatar\/d4758965c5e8730dbaaa7131a628547771a26c1e5bf14fe323d96f8246a62baf?s=96&d=mm&r=g","url":"https:\/\/secure.gravatar.com\/avatar\/d4758965c5e8730dbaaa7131a628547771a26c1e5bf14fe323d96f8246a62baf?s=96&d=mm&r=g","contentUrl":"https:\/\/secure.gravatar.com\/avatar\/d4758965c5e8730dbaaa7131a628547771a26c1e5bf14fe323d96f8246a62baf?s=96&d=mm&r=g","caption":"Carolina Mancini"},"url":"https:\/\/cinema.video\/it\/author\/carolin"}]}},"jetpack_featured_media_url":"https:\/\/cinema.video\/wp-content\/uploads\/mia-2-e1591867650445.jpg","jetpack_shortlink":"https:\/\/wp.me\/ph672m-bcl","_links":{"self":[{"href":"https:\/\/cinema.video\/it\/wp-json\/wp\/v2\/posts\/43049","targetHints":{"allow":["GET"]}}],"collection":[{"href":"https:\/\/cinema.video\/it\/wp-json\/wp\/v2\/posts"}],"about":[{"href":"https:\/\/cinema.video\/it\/wp-json\/wp\/v2\/types\/post"}],"author":[{"embeddable":true,"href":"https:\/\/cinema.video\/it\/wp-json\/wp\/v2\/users\/2"}],"replies":[{"embeddable":true,"href":"https:\/\/cinema.video\/it\/wp-json\/wp\/v2\/comments?post=43049"}],"version-history":[{"count":2,"href":"https:\/\/cinema.video\/it\/wp-json\/wp\/v2\/posts\/43049\/revisions"}],"predecessor-version":[{"id":307823,"href":"https:\/\/cinema.video\/it\/wp-json\/wp\/v2\/posts\/43049\/revisions\/307823"}],"wp:featuredmedia":[{"embeddable":true,"href":"https:\/\/cinema.video\/it\/wp-json\/wp\/v2\/media\/43052"}],"wp:attachment":[{"href":"https:\/\/cinema.video\/it\/wp-json\/wp\/v2\/media?parent=43049"}],"wp:term":[{"taxonomy":"category","embeddable":true,"href":"https:\/\/cinema.video\/it\/wp-json\/wp\/v2\/categories?post=43049"},{"taxonomy":"post_tag","embeddable":true,"href":"https:\/\/cinema.video\/it\/wp-json\/wp\/v2\/tags?post=43049"}],"curies":[{"name":"wp","href":"https:\/\/api.w.org\/{rel}","templated":true}]}}