{"id":318614,"date":"2026-09-01T08:47:40","date_gmt":"2026-09-01T13:47:40","guid":{"rendered":"https:\/\/cinema.video\/?p=318614"},"modified":"2026-09-01T08:47:40","modified_gmt":"2026-09-01T13:47:40","slug":"scuola-e-cinema-a-venezia","status":"publish","type":"post","link":"https:\/\/cinema.video\/it\/scuola-e-cinema-a-venezia","title":{"rendered":"Scuola e cinema si incontrano a Venezia: le esperienze degli studenti arrivano alla Mostra"},"content":{"rendered":"<p data-start=\"378\" data-end=\"1289\">La <strong data-start=\"381\" data-end=\"413\">Mostra del Cinema di Venezia<\/strong> diventa anche quest\u2019anno uno spazio di confronto sul rapporto tra scuola, audiovisivo e nuove forme di educazione. Gioved\u00ec 4 settembre, alla <strong data-start=\"555\" data-end=\"576\">Match Point Arena<\/strong> del Lido, dalle 11:30 alle 13:00, si terr\u00e0 <strong data-start=\"620\" data-end=\"683\">\u201cMedia Education: il potere trasformativo del cinema breve\u201d<\/strong>, appuntamento promosso da <strong data-start=\"710\" data-end=\"723\">Spaggiari<\/strong> attraverso <strong data-start=\"735\" data-end=\"755\">ClasseViva EXTRA<\/strong> in collaborazione con <strong data-start=\"778\" data-end=\"789\">WeShort<\/strong>.<\/p>\n<p data-start=\"378\" data-end=\"1289\">Al centro dell\u2019incontro ci saranno cortometraggi, documentari e video realizzati dagli studenti italiani nell\u2019ambito del progetto <strong data-start=\"921\" data-end=\"947\">\u201cEducare allo sguardo\u201d<\/strong>. Non saranno presentati soltanto i lavori finiti, ma anche i percorsi che hanno portato alla loro realizzazione, dalle prime idee alla sceneggiatura, dalle riprese al montaggio.<\/p>\n<p data-start=\"378\" data-end=\"1289\">Docenti e dirigenti scolastici racconteranno inoltre le esperienze vissute in classe e il modo in cui il cinema \u00e8 diventato parte concreta dell\u2019attivit\u00e0 didattica.<\/p>\n<h2 data-section-id=\"12sp560\" data-start=\"1291\" data-end=\"1355\"><span role=\"text\">I ClasseViva EXTRA Awards e il cinema contro il bullismo<\/span><\/h2>\n<p data-start=\"1357\" data-end=\"2166\">La mattinata veneziana sar\u00e0 anche l\u2019occasione per assegnare i <strong data-start=\"1419\" data-end=\"1451\">ClasseViva EXTRA Awards 2026<\/strong>, con riconoscimenti dedicati alle opere audiovisive realizzate dagli istituti italiani, tra cui il premio al <strong data-start=\"1561\" data-end=\"1597\">Miglior Cortometraggio Educativo<\/strong>.<\/p>\n<p data-start=\"1357\" data-end=\"2166\">Il programma prevede inoltre la proiezione di <em data-start=\"1645\" data-end=\"1676\"><strong data-start=\"1646\" data-end=\"1675\">Prove tecniche di empatia<\/strong><\/em>, cortometraggio sul bullismo diretto da <strong data-start=\"1717\" data-end=\"1734\">Jacopo Cullin<\/strong>, attore, regista ed educatore che sar\u00e0 presente all\u2019evento. Il film, selezionato da <strong data-start=\"1819\" data-end=\"1830\">WeShort<\/strong> e vincitore del <strong data-start=\"1847\" data-end=\"1893\">WeShort Award al Figari Film Festival 2026<\/strong>, \u00e8 interpretato da un gruppo di studenti sardi alla loro prima esperienza davanti alla macchina da presa.<\/p>\n<p data-start=\"1357\" data-end=\"2166\">La proiezione offrir\u00e0 cos\u00ec un ulteriore esempio di come il linguaggio cinematografico possa diventare uno strumento per affrontare temi vicini alle nuove generazioni.<\/p>\n<h2 data-section-id=\"gwmx0z\" data-start=\"2168\" data-end=\"2219\"><span role=\"text\">Scuola, istituzioni e industria a confronto<\/span><\/h2>\n<p data-start=\"2221\" data-end=\"2978\">Dopo il film, l\u2019appuntamento proseguir\u00e0 con un confronto dedicato alle potenzialit\u00e0 della media education e all&#8217;integrazione del cinema nei percorsi formativi.<\/p>\n<p data-start=\"2221\" data-end=\"2978\">Ad aprire la discussione sar\u00e0 <strong data-start=\"2411\" data-end=\"2431\">Bruno Zambardino<\/strong> della Direzione generale Cinema e Audiovisivo, mentre il panel, moderato da <strong data-start=\"2508\" data-end=\"2525\">Carlo Migotto<\/strong>, Direttore di Lago Film Fest, riunir\u00e0 <strong data-start=\"2564\" data-end=\"2584\">Nicola de Cesare<\/strong>, CEO di Spaggiari, <strong data-start=\"2604\" data-end=\"2621\">Alex Loprieno<\/strong>, Founder di WeShort, <strong data-start=\"2643\" data-end=\"2664\">Angela Mencarelli<\/strong>, CEO de La Fabbrica Societ\u00e0 Benefit di Spaggiari, <strong data-start=\"2715\" data-end=\"2731\">Nunzio Lella<\/strong>, Presidente di AIEF, e <strong data-start=\"2755\" data-end=\"2780\">Alessandro Inchingolo<\/strong>, Presidente di EQIA.<\/p>\n<p data-start=\"2221\" data-end=\"2978\">Il confronto partir\u00e0 da esperienze e progetti concreti per analizzare il contributo del cinema alla crescita di creativit\u00e0, inclusione, partecipazione e competenze trasversali.<\/p>\n<h2 data-section-id=\"1sjlv6i\" data-start=\"2980\" data-end=\"3033\"><span role=\"text\">Un percorso che da Venezia guarda alla scuola<\/span><\/h2>\n<p data-start=\"3035\" data-end=\"3850\">L\u2019appuntamento si inserisce nel pi\u00f9 ampio progetto di media education sviluppato da <strong data-start=\"3119\" data-end=\"3132\">Spaggiari<\/strong>, azienda EdTech che nel 2026 celebra un secolo di attivit\u00e0 al fianco della scuola italiana. Dopo l\u2019incontro dedicato al potere didattico del cinema breve organizzato alla Mostra nel 2025 e l\u2019appuntamento <strong data-start=\"3337\" data-end=\"3383\">\u201cClasseViva EXTRA, la scuola oltre l\u2019aula\u201d<\/strong> al <strong data-start=\"3387\" data-end=\"3412\">Giffoni Film Festival<\/strong> lo scorso luglio, l\u2019iniziativa torna dunque a Venezia con l\u2019obiettivo di dare visibilit\u00e0 alle esperienze maturate direttamente nelle classi.<\/p>\n<p data-start=\"3035\" data-end=\"3850\">Come sottolineato da <strong data-start=\"3575\" data-end=\"3593\">Andrea Pizzola<\/strong>, Chief Marketing &amp; Digital Officer di Spaggiari<\/p>\n<blockquote>\n<p data-start=\"3035\" data-end=\"3850\"><em>&#8220;La riflessione sul valore educativo del cinema si arricchisce con le opere realizzate dalle scuole italiane che hanno accolto il nostro invito. Potremo cos\u00ec raccontare le esperienze maturate direttamente nelle classi e valorizzare in un prestigioso palcoscenico i risultati del lavoro svolto dagli studenti attraverso il linguaggio audiovisivo<\/em>\u201d<\/p>\n<\/blockquote>\n<p data-start=\"3852\" data-end=\"4003\" data-is-last-node=\"\" data-is-only-node=\"\">L\u2019evento sar\u00e0 accessibile anche a distanza: chi non potr\u00e0 raggiungere il Lido potr\u00e0 seguirlo gratuitamente in <strong data-start=\"3962\" data-end=\"3980\">live streaming<\/strong>, previa registrazione al seguente link <strong><a href=\"https:\/\/www.spaggiari.eu\/le-scuole-protagoniste-a-venezia-media-education-con-classeviva-extra\" rel=\"nofollow\">https:\/\/www.spaggiari.eu\/le-scuole-protagoniste-a-venezia-media-education-con-classeviva-extra<\/a><\/strong><\/p>\n<p data-start=\"3852\" data-end=\"4003\" data-is-last-node=\"\" data-is-only-node=\"\">Continua a leggere: <a href=\"https:\/\/cinema.video\/it\/the-difficult-bride-sostenuto-da-fondazione-prada-film-fund\">The Difficult Bride arriva a Venezia: il Film Fund di Fondazione Prada debutta in concorso<\/a><\/p>\n","protected":false},"excerpt":{"rendered":"<p>La Mostra del Cinema di Venezia diventa anche quest\u2019anno uno spazio di confronto sul rapporto tra scuola, audiovisivo e nuove forme di educazione. Gioved\u00ec 4 settembre, alla Match Point Arena del Lido, dalle 11:30 alle 13:00, si terr\u00e0 \u201cMedia Education: il potere trasformativo del cinema breve\u201d, appuntamento promosso da Spaggiari attraverso ClasseViva EXTRA in collaborazione [&hellip;]<\/p>\n","protected":false},"author":101048,"featured_media":318616,"comment_status":"closed","ping_status":"closed","sticky":false,"template":"","format":"standard","meta":{"googlesitekit_rrm_CAow3e7fCw:productID":"","_wpcom_ai_launchpad_first_post":false,"footnotes":"","jetpack_post_was_ever_published":false},"categories":[189],"tags":[292,2718,1694,2740],"class_list":["post-318614","post","type-post","status-publish","format-standard","has-post-thumbnail","category-events","tag-cortometraggi","tag-mostra-del-cinema-di-venezia","tag-venice-film-festival","tag-weshort"],"yoast_head":"<!-- This site is optimized with the Yoast SEO Premium plugin v28.3 (Yoast SEO v28.4) - https:\/\/yoast.com\/product\/yoast-seo-premium-wordpress\/ -->\n<title>Scuola e cinema si incontrano a Venezia: le esperienze degli studenti arrivano alla Mostra - Cinema &amp; Video International<\/title>\n<meta name=\"description\" content=\"Media Education: il potere trasformativo del cinema breve appuntamento promosso da Spaggiari ClasseViva EXTRA in collaborazione con WeShort\" \/>\n<meta name=\"robots\" content=\"index, follow, max-snippet:-1, max-image-preview:large, max-video-preview:-1\" \/>\n<link rel=\"canonical\" href=\"https:\/\/cinema.video\/it\/scuola-e-cinema-a-venezia\" \/>\n<meta property=\"og:locale\" content=\"it_IT\" \/>\n<meta property=\"og:type\" content=\"article\" \/>\n<meta property=\"og:title\" content=\"Scuola e cinema si incontrano a Venezia: le esperienze degli studenti arrivano alla Mostra\" \/>\n<meta property=\"og:description\" content=\"Media Education: il potere trasformativo del cinema breve appuntamento promosso da Spaggiari ClasseViva EXTRA in collaborazione con WeShort\" \/>\n<meta property=\"og:url\" content=\"https:\/\/cinema.video\/it\/scuola-e-cinema-a-venezia\" \/>\n<meta property=\"og:site_name\" content=\"Cinema &amp; Video International\" \/>\n<meta property=\"article:publisher\" content=\"https:\/\/www.facebook.com\/CinemaVideoInternational\/\" \/>\n<meta property=\"article:published_time\" content=\"2026-09-01T13:47:40+00:00\" \/>\n<meta property=\"og:image\" content=\"https:\/\/cinema.video\/wp-content\/uploads\/2026\/09\/unnamed2.jpg\" \/>\n\t<meta property=\"og:image:width\" content=\"1200\" \/>\n\t<meta property=\"og:image:height\" content=\"675\" \/>\n\t<meta property=\"og:image:type\" content=\"image\/jpeg\" \/>\n<meta name=\"author\" content=\"Antonio Bracco\" \/>\n<meta name=\"twitter:card\" content=\"summary_large_image\" \/>\n<meta name=\"twitter:label1\" content=\"Scritto da\" \/>\n\t<meta name=\"twitter:data1\" content=\"Antonio Bracco\" \/>\n\t<meta name=\"twitter:label2\" content=\"Tempo di lettura stimato\" \/>\n\t<meta name=\"twitter:data2\" content=\"3 minuti\" \/>\n<script type=\"application\/ld+json\" class=\"yoast-schema-graph\">{\"@context\":\"https:\\\/\\\/schema.org\",\"@graph\":[{\"@type\":\"Article\",\"@id\":\"https:\\\/\\\/cinema.video\\\/it\\\/scuola-e-cinema-a-venezia#article\",\"isPartOf\":{\"@id\":\"https:\\\/\\\/cinema.video\\\/it\\\/scuola-e-cinema-a-venezia\"},\"author\":{\"name\":\"Antonio Bracco\",\"@id\":\"https:\\\/\\\/cinema.video\\\/it#\\\/schema\\\/person\\\/90ecd92da9c0ab82ce687c1915b4e2e7\"},\"headline\":\"Scuola e cinema si incontrano a Venezia: le esperienze degli studenti arrivano alla Mostra\",\"datePublished\":\"2026-09-01T13:47:40+00:00\",\"mainEntityOfPage\":{\"@id\":\"https:\\\/\\\/cinema.video\\\/it\\\/scuola-e-cinema-a-venezia\"},\"wordCount\":563,\"publisher\":{\"@id\":\"https:\\\/\\\/cinema.video\\\/it#organization\"},\"image\":{\"@id\":\"https:\\\/\\\/cinema.video\\\/it\\\/scuola-e-cinema-a-venezia#primaryimage\"},\"thumbnailUrl\":\"https:\\\/\\\/cinema.video\\\/wp-content\\\/uploads\\\/2026\\\/09\\\/unnamed2.jpg\",\"keywords\":[\"cortometraggi\",\"Mostra del Cinema di Venezia\",\"VENICE FILM FESTIVAL\",\"WeShort\"],\"articleSection\":[\"EVENTS\"],\"inLanguage\":\"it-IT\"},{\"@type\":\"WebPage\",\"@id\":\"https:\\\/\\\/cinema.video\\\/it\\\/scuola-e-cinema-a-venezia\",\"url\":\"https:\\\/\\\/cinema.video\\\/it\\\/scuola-e-cinema-a-venezia\",\"name\":\"Scuola e cinema si incontrano a Venezia: le esperienze degli studenti arrivano alla Mostra - Cinema &amp; Video International\",\"isPartOf\":{\"@id\":\"https:\\\/\\\/cinema.video\\\/it#website\"},\"primaryImageOfPage\":{\"@id\":\"https:\\\/\\\/cinema.video\\\/it\\\/scuola-e-cinema-a-venezia#primaryimage\"},\"image\":{\"@id\":\"https:\\\/\\\/cinema.video\\\/it\\\/scuola-e-cinema-a-venezia#primaryimage\"},\"thumbnailUrl\":\"https:\\\/\\\/cinema.video\\\/wp-content\\\/uploads\\\/2026\\\/09\\\/unnamed2.jpg\",\"datePublished\":\"2026-09-01T13:47:40+00:00\",\"description\":\"Media Education: il potere trasformativo del cinema breve appuntamento promosso da Spaggiari ClasseViva EXTRA in collaborazione con WeShort\",\"breadcrumb\":{\"@id\":\"https:\\\/\\\/cinema.video\\\/it\\\/scuola-e-cinema-a-venezia#breadcrumb\"},\"inLanguage\":\"it-IT\",\"potentialAction\":[{\"@type\":\"ReadAction\",\"target\":[\"https:\\\/\\\/cinema.video\\\/it\\\/scuola-e-cinema-a-venezia\"]}]},{\"@type\":\"ImageObject\",\"inLanguage\":\"it-IT\",\"@id\":\"https:\\\/\\\/cinema.video\\\/it\\\/scuola-e-cinema-a-venezia#primaryimage\",\"url\":\"https:\\\/\\\/cinema.video\\\/wp-content\\\/uploads\\\/2026\\\/09\\\/unnamed2.jpg\",\"contentUrl\":\"https:\\\/\\\/cinema.video\\\/wp-content\\\/uploads\\\/2026\\\/09\\\/unnamed2.jpg\",\"width\":1200,\"height\":675,\"caption\":\"Courtesy of Spaggiari\"},{\"@type\":\"BreadcrumbList\",\"@id\":\"https:\\\/\\\/cinema.video\\\/it\\\/scuola-e-cinema-a-venezia#breadcrumb\",\"itemListElement\":[{\"@type\":\"ListItem\",\"position\":1,\"name\":\"Home\",\"item\":\"https:\\\/\\\/cinema.video\\\/it\"},{\"@type\":\"ListItem\",\"position\":2,\"name\":\"Scuola e cinema si incontrano a Venezia: le esperienze degli studenti arrivano alla Mostra\"}]},{\"@type\":\"WebSite\",\"@id\":\"https:\\\/\\\/cinema.video\\\/it#website\",\"url\":\"https:\\\/\\\/cinema.video\\\/it\",\"name\":\"Cinema & Video International\",\"description\":\"Film &amp; Audiovisual B2B Industry Trade Platform Magazine\",\"publisher\":{\"@id\":\"https:\\\/\\\/cinema.video\\\/it#organization\"},\"alternateName\":\"Cinema & Video\",\"potentialAction\":[{\"@type\":\"SearchAction\",\"target\":{\"@type\":\"EntryPoint\",\"urlTemplate\":\"https:\\\/\\\/cinema.video\\\/it?s={search_term_string}\"},\"query-input\":{\"@type\":\"PropertyValueSpecification\",\"valueRequired\":true,\"valueName\":\"search_term_string\"}}],\"inLanguage\":\"it-IT\"},{\"@type\":\"Organization\",\"@id\":\"https:\\\/\\\/cinema.video\\\/it#organization\",\"name\":\"Cinema & Video\",\"url\":\"https:\\\/\\\/cinema.video\\\/it\",\"logo\":{\"@type\":\"ImageObject\",\"inLanguage\":\"it-IT\",\"@id\":\"https:\\\/\\\/cinema.video\\\/it#\\\/schema\\\/logo\\\/image\\\/\",\"url\":\"https:\\\/\\\/cinema.video\\\/wp-content\\\/uploads\\\/2026\\\/04\\\/CinemVideo_LogoBlack.png\",\"contentUrl\":\"https:\\\/\\\/cinema.video\\\/wp-content\\\/uploads\\\/2026\\\/04\\\/CinemVideo_LogoBlack.png\",\"width\":1336,\"height\":224,\"caption\":\"Cinema & Video\"},\"image\":{\"@id\":\"https:\\\/\\\/cinema.video\\\/it#\\\/schema\\\/logo\\\/image\\\/\"},\"sameAs\":[\"https:\\\/\\\/www.facebook.com\\\/CinemaVideoInternational\\\/\",\"https:\\\/\\\/www.instagram.com\\\/cinemaevideointernational\\\/\",\"https:\\\/\\\/it.linkedin.com\\\/company\\\/cinema-video-international\"],\"description\":\"Media Consulting & Marketing Agency\",\"email\":\"hello@darostudio.com\",\"legalName\":\"DARO studio LLC\",\"foundingDate\":\"2021-02-16\",\"numberOfEmployees\":{\"@type\":\"QuantitativeValue\",\"minValue\":\"1\",\"maxValue\":\"10\"},\"publishingPrinciples\":\"https:\\\/\\\/cinema.video\\\/about\"},{\"@type\":\"Person\",\"@id\":\"https:\\\/\\\/cinema.video\\\/it#\\\/schema\\\/person\\\/90ecd92da9c0ab82ce687c1915b4e2e7\",\"name\":\"Antonio Bracco\",\"image\":{\"@type\":\"ImageObject\",\"inLanguage\":\"it-IT\",\"@id\":\"https:\\\/\\\/secure.gravatar.com\\\/avatar\\\/079af9b47bd90cba31aded91ac60fe96c5e19c5c4b88bf8415c006aaee1da965?s=96&d=mm&r=g\",\"url\":\"https:\\\/\\\/secure.gravatar.com\\\/avatar\\\/079af9b47bd90cba31aded91ac60fe96c5e19c5c4b88bf8415c006aaee1da965?s=96&d=mm&r=g\",\"contentUrl\":\"https:\\\/\\\/secure.gravatar.com\\\/avatar\\\/079af9b47bd90cba31aded91ac60fe96c5e19c5c4b88bf8415c006aaee1da965?s=96&d=mm&r=g\",\"caption\":\"Antonio Bracco\"},\"description\":\"Giornalista dal 2007, Antonio Bracco firma articoli e interviste per Comingsoon.it. Collabora con le distribuzioni cinematografiche e le piattaforme streaming per moderare eventi e conferenze stampa. La sua esperienza si estende alla creazione di video, sia a livello autoriale con l'ideazione di concept e stesura testi, sia nella regia e produzione esecutiva. Oltre alla supervisione di contenuti editoriali di cinema per Mediaset Premium, reportage per Cine Sony e making-of promozionali sui set dei film italiani, ha partecipato alla realizzazione di corporate video per societ\u00e0 e organi istituzionali come Postevita, Valentino, Reale Mutua, Aeroporti di Roma e Giustizia Amministrativa. In veste di project manager, ha inoltre contribuito allo sviluppo in Italia del network europeo Crew United per professionisti dell'industria dell'audiovisivo.\",\"sameAs\":[\"http:\\\/\\\/cinema.video\"],\"url\":\"https:\\\/\\\/cinema.video\\\/it\\\/author\\\/ant0n10b\"}]}<\/script>\n<!-- \/ Yoast SEO Premium plugin. -->","yoast_head_json":{"title":"Scuola e cinema si incontrano a Venezia: le esperienze degli studenti arrivano alla Mostra - Cinema &amp; Video International","description":"Media Education: il potere trasformativo del cinema breve appuntamento promosso da Spaggiari ClasseViva EXTRA in collaborazione con WeShort","robots":{"index":"index","follow":"follow","max-snippet":"max-snippet:-1","max-image-preview":"max-image-preview:large","max-video-preview":"max-video-preview:-1"},"canonical":"https:\/\/cinema.video\/it\/scuola-e-cinema-a-venezia","og_locale":"it_IT","og_type":"article","og_title":"Scuola e cinema si incontrano a Venezia: le esperienze degli studenti arrivano alla Mostra","og_description":"Media Education: il potere trasformativo del cinema breve appuntamento promosso da Spaggiari ClasseViva EXTRA in collaborazione con WeShort","og_url":"https:\/\/cinema.video\/it\/scuola-e-cinema-a-venezia","og_site_name":"Cinema &amp; Video International","article_publisher":"https:\/\/www.facebook.com\/CinemaVideoInternational\/","article_published_time":"2026-09-01T13:47:40+00:00","og_image":[{"width":1200,"height":675,"url":"https:\/\/cinema.video\/wp-content\/uploads\/2026\/09\/unnamed2.jpg","type":"image\/jpeg"}],"author":"Antonio Bracco","twitter_card":"summary_large_image","twitter_misc":{"Scritto da":"Antonio Bracco","Tempo di lettura stimato":"3 minuti"},"schema":{"@context":"https:\/\/schema.org","@graph":[{"@type":"Article","@id":"https:\/\/cinema.video\/it\/scuola-e-cinema-a-venezia#article","isPartOf":{"@id":"https:\/\/cinema.video\/it\/scuola-e-cinema-a-venezia"},"author":{"name":"Antonio Bracco","@id":"https:\/\/cinema.video\/it#\/schema\/person\/90ecd92da9c0ab82ce687c1915b4e2e7"},"headline":"Scuola e cinema si incontrano a Venezia: le esperienze degli studenti arrivano alla Mostra","datePublished":"2026-09-01T13:47:40+00:00","mainEntityOfPage":{"@id":"https:\/\/cinema.video\/it\/scuola-e-cinema-a-venezia"},"wordCount":563,"publisher":{"@id":"https:\/\/cinema.video\/it#organization"},"image":{"@id":"https:\/\/cinema.video\/it\/scuola-e-cinema-a-venezia#primaryimage"},"thumbnailUrl":"https:\/\/cinema.video\/wp-content\/uploads\/2026\/09\/unnamed2.jpg","keywords":["cortometraggi","Mostra del Cinema di Venezia","VENICE FILM FESTIVAL","WeShort"],"articleSection":["EVENTS"],"inLanguage":"it-IT"},{"@type":"WebPage","@id":"https:\/\/cinema.video\/it\/scuola-e-cinema-a-venezia","url":"https:\/\/cinema.video\/it\/scuola-e-cinema-a-venezia","name":"Scuola e cinema si incontrano a Venezia: le esperienze degli studenti arrivano alla Mostra - Cinema &amp; Video International","isPartOf":{"@id":"https:\/\/cinema.video\/it#website"},"primaryImageOfPage":{"@id":"https:\/\/cinema.video\/it\/scuola-e-cinema-a-venezia#primaryimage"},"image":{"@id":"https:\/\/cinema.video\/it\/scuola-e-cinema-a-venezia#primaryimage"},"thumbnailUrl":"https:\/\/cinema.video\/wp-content\/uploads\/2026\/09\/unnamed2.jpg","datePublished":"2026-09-01T13:47:40+00:00","description":"Media Education: il potere trasformativo del cinema breve appuntamento promosso da Spaggiari ClasseViva EXTRA in collaborazione con WeShort","breadcrumb":{"@id":"https:\/\/cinema.video\/it\/scuola-e-cinema-a-venezia#breadcrumb"},"inLanguage":"it-IT","potentialAction":[{"@type":"ReadAction","target":["https:\/\/cinema.video\/it\/scuola-e-cinema-a-venezia"]}]},{"@type":"ImageObject","inLanguage":"it-IT","@id":"https:\/\/cinema.video\/it\/scuola-e-cinema-a-venezia#primaryimage","url":"https:\/\/cinema.video\/wp-content\/uploads\/2026\/09\/unnamed2.jpg","contentUrl":"https:\/\/cinema.video\/wp-content\/uploads\/2026\/09\/unnamed2.jpg","width":1200,"height":675,"caption":"Courtesy of Spaggiari"},{"@type":"BreadcrumbList","@id":"https:\/\/cinema.video\/it\/scuola-e-cinema-a-venezia#breadcrumb","itemListElement":[{"@type":"ListItem","position":1,"name":"Home","item":"https:\/\/cinema.video\/it"},{"@type":"ListItem","position":2,"name":"Scuola e cinema si incontrano a Venezia: le esperienze degli studenti arrivano alla Mostra"}]},{"@type":"WebSite","@id":"https:\/\/cinema.video\/it#website","url":"https:\/\/cinema.video\/it","name":"Cinema & Video International","description":"Film &amp; Audiovisual B2B Industry Trade Platform Magazine","publisher":{"@id":"https:\/\/cinema.video\/it#organization"},"alternateName":"Cinema & Video","potentialAction":[{"@type":"SearchAction","target":{"@type":"EntryPoint","urlTemplate":"https:\/\/cinema.video\/it?s={search_term_string}"},"query-input":{"@type":"PropertyValueSpecification","valueRequired":true,"valueName":"search_term_string"}}],"inLanguage":"it-IT"},{"@type":"Organization","@id":"https:\/\/cinema.video\/it#organization","name":"Cinema & Video","url":"https:\/\/cinema.video\/it","logo":{"@type":"ImageObject","inLanguage":"it-IT","@id":"https:\/\/cinema.video\/it#\/schema\/logo\/image\/","url":"https:\/\/cinema.video\/wp-content\/uploads\/2026\/04\/CinemVideo_LogoBlack.png","contentUrl":"https:\/\/cinema.video\/wp-content\/uploads\/2026\/04\/CinemVideo_LogoBlack.png","width":1336,"height":224,"caption":"Cinema & Video"},"image":{"@id":"https:\/\/cinema.video\/it#\/schema\/logo\/image\/"},"sameAs":["https:\/\/www.facebook.com\/CinemaVideoInternational\/","https:\/\/www.instagram.com\/cinemaevideointernational\/","https:\/\/it.linkedin.com\/company\/cinema-video-international"],"description":"Media Consulting & Marketing Agency","email":"hello@darostudio.com","legalName":"DARO studio LLC","foundingDate":"2021-02-16","numberOfEmployees":{"@type":"QuantitativeValue","minValue":"1","maxValue":"10"},"publishingPrinciples":"https:\/\/cinema.video\/about"},{"@type":"Person","@id":"https:\/\/cinema.video\/it#\/schema\/person\/90ecd92da9c0ab82ce687c1915b4e2e7","name":"Antonio Bracco","image":{"@type":"ImageObject","inLanguage":"it-IT","@id":"https:\/\/secure.gravatar.com\/avatar\/079af9b47bd90cba31aded91ac60fe96c5e19c5c4b88bf8415c006aaee1da965?s=96&d=mm&r=g","url":"https:\/\/secure.gravatar.com\/avatar\/079af9b47bd90cba31aded91ac60fe96c5e19c5c4b88bf8415c006aaee1da965?s=96&d=mm&r=g","contentUrl":"https:\/\/secure.gravatar.com\/avatar\/079af9b47bd90cba31aded91ac60fe96c5e19c5c4b88bf8415c006aaee1da965?s=96&d=mm&r=g","caption":"Antonio Bracco"},"description":"Giornalista dal 2007, Antonio Bracco firma articoli e interviste per Comingsoon.it. Collabora con le distribuzioni cinematografiche e le piattaforme streaming per moderare eventi e conferenze stampa. La sua esperienza si estende alla creazione di video, sia a livello autoriale con l'ideazione di concept e stesura testi, sia nella regia e produzione esecutiva. Oltre alla supervisione di contenuti editoriali di cinema per Mediaset Premium, reportage per Cine Sony e making-of promozionali sui set dei film italiani, ha partecipato alla realizzazione di corporate video per societ\u00e0 e organi istituzionali come Postevita, Valentino, Reale Mutua, Aeroporti di Roma e Giustizia Amministrativa. In veste di project manager, ha inoltre contribuito allo sviluppo in Italia del network europeo Crew United per professionisti dell'industria dell'audiovisivo.","sameAs":["http:\/\/cinema.video"],"url":"https:\/\/cinema.video\/it\/author\/ant0n10b"}]}},"jetpack_shortlink":"https:\/\/wp.me\/ph672m-1kSW","jetpack_featured_media_url":"https:\/\/cinema.video\/wp-content\/uploads\/2026\/09\/unnamed2.jpg","_links":{"self":[{"href":"https:\/\/cinema.video\/it\/wp-json\/wp\/v2\/posts\/318614","targetHints":{"allow":["GET"]}}],"collection":[{"href":"https:\/\/cinema.video\/it\/wp-json\/wp\/v2\/posts"}],"about":[{"href":"https:\/\/cinema.video\/it\/wp-json\/wp\/v2\/types\/post"}],"author":[{"embeddable":true,"href":"https:\/\/cinema.video\/it\/wp-json\/wp\/v2\/users\/101048"}],"replies":[{"embeddable":true,"href":"https:\/\/cinema.video\/it\/wp-json\/wp\/v2\/comments?post=318614"}],"version-history":[{"count":2,"href":"https:\/\/cinema.video\/it\/wp-json\/wp\/v2\/posts\/318614\/revisions"}],"predecessor-version":[{"id":318617,"href":"https:\/\/cinema.video\/it\/wp-json\/wp\/v2\/posts\/318614\/revisions\/318617"}],"wp:featuredmedia":[{"embeddable":true,"href":"https:\/\/cinema.video\/it\/wp-json\/wp\/v2\/media\/318616"}],"wp:attachment":[{"href":"https:\/\/cinema.video\/it\/wp-json\/wp\/v2\/media?parent=318614"}],"wp:term":[{"taxonomy":"category","embeddable":true,"href":"https:\/\/cinema.video\/it\/wp-json\/wp\/v2\/categories?post=318614"},{"taxonomy":"post_tag","embeddable":true,"href":"https:\/\/cinema.video\/it\/wp-json\/wp\/v2\/tags?post=318614"}],"curies":[{"name":"wp","href":"https:\/\/api.w.org\/{rel}","templated":true}]}}