{"id":310772,"date":"2026-04-27T11:35:44","date_gmt":"2026-04-27T16:35:44","guid":{"rendered":"https:\/\/cinema.video\/?p=310772"},"modified":"2026-04-27T11:48:07","modified_gmt":"2026-04-27T16:48:07","slug":"the-first-dollar-di-tornatore-presentato-al-niaf","status":"publish","type":"post","link":"https:\/\/cinema.video\/it\/the-first-dollar-di-tornatore-presentato-al-niaf","title":{"rendered":"The First Dollar di Tornatore presentato al NIAF"},"content":{"rendered":"<div><b><i>The First Dollar<\/i><\/b>\u00a0(<b><i>Il primo dollaro<\/i><\/b>), il progetto del nuovo film del Premio Oscar <strong>Giuseppe Tornatore<\/strong>, \u00e8 stato presentato il 23 aprile, dall&#8217;amministratore delegato di <strong>Rai Cinema<\/strong>, <strong>Paolo Del Brocco<\/strong>, a New York, nel corso del prestigioso Gala annuale del <strong>NIAF <\/strong>(National Italian American Foundation).<\/div>\n<div><\/div>\n<div>L&#8217;evento si \u00e8 svolto alla presenza di circa 700 invitati dagli Stati Uniti e dall&#8217;Italia, comprendenti figure di spicco dell&#8217;area politica, finanziaria e culturale italo americana.<\/div>\n<div>Durante la serata di Gala, Paolo De Brocco ha illustrato il progetto dedicato alla figura di <strong>Amadeo Peter Giannini<\/strong>, fondatore della <strong>Bank of Italy<\/strong> \u2013 poi divenuta <strong>Bank of America<\/strong> \u2013 e protagonista di una delle storie pi\u00f9 straordinarie del Novecento. Una figura iconica per il NIAF: a lui si deve il sistema bancario moderno e una visione lungimirante della banca al servizio dell&#8217;economia. Nato in California nel 1870, figlio di emigrati liguri, Amadeo Peter Giannini ha dimostrato come sia possibile costruire un&#8217;impresa destinata a cambiare la Storia, restando fedeli a un&#8217;idea profondamente umana di progresso. Seppe rivoluzionare il sistema bancario mettendo il credito al servizio delle persone comuni: immigrati, lavoratori, donne, famiglie, fino a quel momento escluse. Amava ripetere che non si pu\u00f2 diventare mai cos\u00ec grandi da dimenticarsi della gente comune, un principio che ha guidato ogni sua scelta. La sua vita attravers\u00f2 diversi momenti simbolici della storia americana e mondiale. Dalla ricostruzione di San Francisco dopo il terremoto del 1906, quando riapr\u00ec la banca tra le macerie per restituire fiducia a una citt\u00e0 ferita, al sostegno decisivo alla nascita della grande industria cinematografica, finanziando opere di Charlie Chaplin, Walt Disney e Frank Capra, fino alla costruzione del Golden Gate Bridge. Finanzi\u00f2 inoltre sia il New Deal che il piano Marshall e contribu\u00ec alla ricostruzione dell&#8217;Europa e dell&#8217;Italia nel secondo dopoguerra.<\/div>\n<div><\/div>\n<blockquote>\n<div>&#8220;Ringrazio il presidente del NIAF, Robert Allegrini, per averci invitato a presentare questo grande progetto, la storia di Amadeo Giannini \u00e8 talmente straordinaria che affidata alle mani di un maestro come Giuseppe Tornatore non pu\u00f2 che generare grande cinema \u2013 ha detto Paolo Del Brocco-. Un italiano figlio di immigrati che riusc\u00ec a rivoluzionare il sistema bancario americano, mantenendo sempre una coerenza morale che gli consent\u00ec di mantenere uniti il successo economico, la responsabilit\u00e0 sociale e l&#8217;attenzione verso i pi\u00f9 deboli. Voglio ringraziare Simone Gattoni e Marco Bellocchio perch\u00e9 questo progetto nasce anche dalla collaborazione con un partner produttivo come Kavac Film, una societ\u00e0 che si distingue nel sistema industriale italiano per la qualit\u00e0 e per la sua attivit\u00e0 nei mercati internazionali&#8221;.<\/div>\n<\/blockquote>\n<div>In un messaggio video inviato da Giuseppe Tornatore al pubblico del Gala, il regista ha illustrato il progetto mettendo a fuoco i punti principali sui quali vorr\u00e0 puntare l&#8217;attenzione nel racconto di questa figura straordinaria. L&#8217;entusiasmo manifestato nel descrivere l&#8217;inizio di questa nuova avventura, ha sollevato molti applausi e consensi e un alto grado di interesse di tutta la platea.<\/div>\n<div><\/div>\n<div>\n<blockquote>\n<div>&#8220;In un anno simbolico come quello del 250\u00b0 anniversario della Dichiarazione di Indipendenza degli Stati Uniti, in cui la National Italian American Foundation celebra il contributo decisivo degli italoamericani alla crescita del Paese, il Gala di New York rappresenta l&#8217;occasione ideale per presentare\u00a0<i>The First Dollar<\/i>, il film dedicato ad Amadeo Peter Giannini, uno dei pi\u00f9 importanti finanzieri e filantropi della storia americana&#8221; \u2013 ha dichiarato\u00a0<b>Robert Allegrini, presidente e amministratore delegato del NIAF<\/b>.<\/div>\n<\/blockquote>\n<\/div>\n<div><b><i>The First Dollar (Il primo dollaro)<\/i><\/b>\u00a0\u00e8 prodotto da\u00a0<b>Kavac Film<\/b>\u00a0di Simone Gattoni e Marco Bellocchio con\u00a0<b>Rai Cinema<\/b>.<\/div>\n","protected":false},"excerpt":{"rendered":"<p>The First Dollar\u00a0(Il primo dollaro), il progetto del nuovo film del Premio Oscar Giuseppe Tornatore, \u00e8 stato presentato il 23 aprile, dall&#8217;amministratore delegato di Rai Cinema, Paolo Del Brocco, a New York, nel corso del prestigioso Gala annuale del NIAF (National Italian American Foundation). L&#8217;evento si \u00e8 svolto alla presenza di circa 700 invitati dagli [&hellip;]<\/p>\n","protected":false},"author":26,"featured_media":310795,"comment_status":"closed","ping_status":"closed","sticky":false,"template":"","format":"standard","meta":{"googlesitekit_rrm_CAow3e7fCw:productID":"","_crdt_document":"","footnotes":""},"categories":[1689],"tags":[],"class_list":{"0":"post-310772","1":"post","2":"type-post","3":"status-publish","4":"format-standard","5":"has-post-thumbnail","7":"category-production"},"yoast_head":"<!-- This site is optimized with the Yoast SEO Premium plugin v27.4 (Yoast SEO v27.5) - https:\/\/yoast.com\/product\/yoast-seo-premium-wordpress\/ -->\n<title>The First Dollar di Tornatore presentato al NIAF - Cinema &amp; Video International<\/title>\n<meta name=\"description\" content=\"The First Dollar, il progetto del nuovo film di Giuseppe Tornatore, \u00e8 stato presentato al NIAF di New York\" \/>\n<meta name=\"robots\" content=\"index, follow, max-snippet:-1, max-image-preview:large, max-video-preview:-1\" \/>\n<link rel=\"canonical\" href=\"https:\/\/cinema.video\/it\/the-first-dollar-di-tornatore-presentato-al-niaf\" \/>\n<meta property=\"og:locale\" content=\"it_IT\" \/>\n<meta property=\"og:type\" content=\"article\" \/>\n<meta property=\"og:title\" content=\"The First Dollar di Tornatore presentato al NIAF\" \/>\n<meta property=\"og:description\" content=\"The First Dollar, il progetto del nuovo film di Giuseppe Tornatore, \u00e8 stato presentato al NIAF di New York\" \/>\n<meta property=\"og:url\" content=\"https:\/\/cinema.video\/it\/the-first-dollar-di-tornatore-presentato-al-niaf\" \/>\n<meta property=\"og:site_name\" content=\"Cinema &amp; Video International\" \/>\n<meta property=\"article:publisher\" content=\"https:\/\/www.facebook.com\/CinemaVideoInternational\/\" \/>\n<meta property=\"article:published_time\" content=\"2026-04-27T16:35:44+00:00\" \/>\n<meta property=\"article:modified_time\" content=\"2026-04-27T16:48:07+00:00\" \/>\n<meta property=\"og:image\" content=\"https:\/\/cinema.video\/wp-content\/uploads\/2026\/04\/Giuseppe-Tornatore-from-Ennio-Presskit-e1777307685932.jpg\" \/>\n\t<meta property=\"og:image:width\" content=\"800\" \/>\n\t<meta property=\"og:image:height\" content=\"450\" \/>\n\t<meta property=\"og:image:type\" content=\"image\/jpeg\" \/>\n<meta name=\"author\" content=\"Redazione\" \/>\n<meta name=\"twitter:card\" content=\"summary_large_image\" \/>\n<meta name=\"twitter:label1\" content=\"Scritto da\" \/>\n\t<meta name=\"twitter:data1\" content=\"Redazione\" \/>\n\t<meta name=\"twitter:label2\" content=\"Tempo di lettura stimato\" \/>\n\t<meta name=\"twitter:data2\" content=\"2 minuti\" \/>\n<script type=\"application\/ld+json\" class=\"yoast-schema-graph\">{\"@context\":\"https:\\\/\\\/schema.org\",\"@graph\":[{\"@type\":\"Article\",\"@id\":\"https:\\\/\\\/cinema.video\\\/it\\\/the-first-dollar-di-tornatore-presentato-al-niaf#article\",\"isPartOf\":{\"@id\":\"https:\\\/\\\/cinema.video\\\/it\\\/the-first-dollar-di-tornatore-presentato-al-niaf\"},\"author\":{\"name\":\"Redazione\",\"@id\":\"https:\\\/\\\/cinema.video\\\/it#\\\/schema\\\/person\\\/aeb01b91d874e8b01e76a1db04c668c6\"},\"headline\":\"The First Dollar di Tornatore presentato al NIAF\",\"datePublished\":\"2026-04-27T16:35:44+00:00\",\"dateModified\":\"2026-04-27T16:48:07+00:00\",\"mainEntityOfPage\":{\"@id\":\"https:\\\/\\\/cinema.video\\\/it\\\/the-first-dollar-di-tornatore-presentato-al-niaf\"},\"wordCount\":579,\"publisher\":{\"@id\":\"https:\\\/\\\/cinema.video\\\/it#organization\"},\"image\":{\"@id\":\"https:\\\/\\\/cinema.video\\\/it\\\/the-first-dollar-di-tornatore-presentato-al-niaf#primaryimage\"},\"thumbnailUrl\":\"https:\\\/\\\/cinema.video\\\/wp-content\\\/uploads\\\/2026\\\/04\\\/Giuseppe-Tornatore-from-Ennio-Presskit-e1777307685932.jpg\",\"articleSection\":[\"PRODUCTION\"],\"inLanguage\":\"it-IT\"},{\"@type\":\"WebPage\",\"@id\":\"https:\\\/\\\/cinema.video\\\/it\\\/the-first-dollar-di-tornatore-presentato-al-niaf\",\"url\":\"https:\\\/\\\/cinema.video\\\/it\\\/the-first-dollar-di-tornatore-presentato-al-niaf\",\"name\":\"The First Dollar di Tornatore presentato al NIAF - Cinema &amp; Video International\",\"isPartOf\":{\"@id\":\"https:\\\/\\\/cinema.video\\\/it#website\"},\"primaryImageOfPage\":{\"@id\":\"https:\\\/\\\/cinema.video\\\/it\\\/the-first-dollar-di-tornatore-presentato-al-niaf#primaryimage\"},\"image\":{\"@id\":\"https:\\\/\\\/cinema.video\\\/it\\\/the-first-dollar-di-tornatore-presentato-al-niaf#primaryimage\"},\"thumbnailUrl\":\"https:\\\/\\\/cinema.video\\\/wp-content\\\/uploads\\\/2026\\\/04\\\/Giuseppe-Tornatore-from-Ennio-Presskit-e1777307685932.jpg\",\"datePublished\":\"2026-04-27T16:35:44+00:00\",\"dateModified\":\"2026-04-27T16:48:07+00:00\",\"description\":\"The First Dollar, il progetto del nuovo film di Giuseppe Tornatore, \u00e8 stato presentato al NIAF di New York\",\"breadcrumb\":{\"@id\":\"https:\\\/\\\/cinema.video\\\/it\\\/the-first-dollar-di-tornatore-presentato-al-niaf#breadcrumb\"},\"inLanguage\":\"it-IT\",\"potentialAction\":[{\"@type\":\"ReadAction\",\"target\":[\"https:\\\/\\\/cinema.video\\\/it\\\/the-first-dollar-di-tornatore-presentato-al-niaf\"]}]},{\"@type\":\"ImageObject\",\"inLanguage\":\"it-IT\",\"@id\":\"https:\\\/\\\/cinema.video\\\/it\\\/the-first-dollar-di-tornatore-presentato-al-niaf#primaryimage\",\"url\":\"https:\\\/\\\/cinema.video\\\/wp-content\\\/uploads\\\/2026\\\/04\\\/Giuseppe-Tornatore-from-Ennio-Presskit-e1777307685932.jpg\",\"contentUrl\":\"https:\\\/\\\/cinema.video\\\/wp-content\\\/uploads\\\/2026\\\/04\\\/Giuseppe-Tornatore-from-Ennio-Presskit-e1777307685932.jpg\",\"width\":800,\"height\":450,\"caption\":\"The First Dollar Tornatore NIAF\"},{\"@type\":\"BreadcrumbList\",\"@id\":\"https:\\\/\\\/cinema.video\\\/it\\\/the-first-dollar-di-tornatore-presentato-al-niaf#breadcrumb\",\"itemListElement\":[{\"@type\":\"ListItem\",\"position\":1,\"name\":\"Home\",\"item\":\"https:\\\/\\\/cinema.video\\\/it\\\/home-2\"},{\"@type\":\"ListItem\",\"position\":2,\"name\":\"The First Dollar di Tornatore presentato al NIAF\"}]},{\"@type\":\"WebSite\",\"@id\":\"https:\\\/\\\/cinema.video\\\/it#website\",\"url\":\"https:\\\/\\\/cinema.video\\\/it\",\"name\":\"Cinema & Video International\",\"description\":\"Film &amp; Audiovisual Industry Trade Magazine\",\"publisher\":{\"@id\":\"https:\\\/\\\/cinema.video\\\/it#organization\"},\"alternateName\":\"Cinema & Video\",\"potentialAction\":[{\"@type\":\"SearchAction\",\"target\":{\"@type\":\"EntryPoint\",\"urlTemplate\":\"https:\\\/\\\/cinema.video\\\/it?s={search_term_string}\"},\"query-input\":{\"@type\":\"PropertyValueSpecification\",\"valueRequired\":true,\"valueName\":\"search_term_string\"}}],\"inLanguage\":\"it-IT\"},{\"@type\":\"Organization\",\"@id\":\"https:\\\/\\\/cinema.video\\\/it#organization\",\"name\":\"Cinema & Video\",\"url\":\"https:\\\/\\\/cinema.video\\\/it\",\"logo\":{\"@type\":\"ImageObject\",\"inLanguage\":\"it-IT\",\"@id\":\"https:\\\/\\\/cinema.video\\\/it#\\\/schema\\\/logo\\\/image\\\/\",\"url\":\"https:\\\/\\\/cinema.video\\\/wp-content\\\/uploads\\\/2026\\\/04\\\/CinemVideo_LogoBlack.png\",\"contentUrl\":\"https:\\\/\\\/cinema.video\\\/wp-content\\\/uploads\\\/2026\\\/04\\\/CinemVideo_LogoBlack.png\",\"width\":1336,\"height\":224,\"caption\":\"Cinema & Video\"},\"image\":{\"@id\":\"https:\\\/\\\/cinema.video\\\/it#\\\/schema\\\/logo\\\/image\\\/\"},\"sameAs\":[\"https:\\\/\\\/www.facebook.com\\\/CinemaVideoInternational\\\/\",\"https:\\\/\\\/www.instagram.com\\\/cinemaevideointernational\\\/\",\"https:\\\/\\\/it.linkedin.com\\\/company\\\/cinema-video-international\"],\"description\":\"Media Consulting & Marketing Agency\",\"email\":\"hello@darostudio.com\",\"legalName\":\"DARO studio LLC\",\"foundingDate\":\"2021-02-16\",\"numberOfEmployees\":{\"@type\":\"QuantitativeValue\",\"minValue\":\"1\",\"maxValue\":\"10\"}},{\"@type\":\"Person\",\"@id\":\"https:\\\/\\\/cinema.video\\\/it#\\\/schema\\\/person\\\/aeb01b91d874e8b01e76a1db04c668c6\",\"name\":\"Redazione\",\"image\":{\"@type\":\"ImageObject\",\"inLanguage\":\"it-IT\",\"@id\":\"https:\\\/\\\/secure.gravatar.com\\\/avatar\\\/06ad6f92eb14745b75fb592cadf8139d33242d81c9c8b085133c450aaf0b9731?s=96&d=mm&r=g\",\"url\":\"https:\\\/\\\/secure.gravatar.com\\\/avatar\\\/06ad6f92eb14745b75fb592cadf8139d33242d81c9c8b085133c450aaf0b9731?s=96&d=mm&r=g\",\"contentUrl\":\"https:\\\/\\\/secure.gravatar.com\\\/avatar\\\/06ad6f92eb14745b75fb592cadf8139d33242d81c9c8b085133c450aaf0b9731?s=96&d=mm&r=g\",\"caption\":\"Redazione\"},\"url\":\"https:\\\/\\\/cinema.video\\\/it\\\/author\\\/redazione\"}]}<\/script>\n<!-- \/ Yoast SEO Premium plugin. -->","yoast_head_json":{"title":"The First Dollar di Tornatore presentato al NIAF - Cinema &amp; Video International","description":"The First Dollar, il progetto del nuovo film di Giuseppe Tornatore, \u00e8 stato presentato al NIAF di New York","robots":{"index":"index","follow":"follow","max-snippet":"max-snippet:-1","max-image-preview":"max-image-preview:large","max-video-preview":"max-video-preview:-1"},"canonical":"https:\/\/cinema.video\/it\/the-first-dollar-di-tornatore-presentato-al-niaf","og_locale":"it_IT","og_type":"article","og_title":"The First Dollar di Tornatore presentato al NIAF","og_description":"The First Dollar, il progetto del nuovo film di Giuseppe Tornatore, \u00e8 stato presentato al NIAF di New York","og_url":"https:\/\/cinema.video\/it\/the-first-dollar-di-tornatore-presentato-al-niaf","og_site_name":"Cinema &amp; Video International","article_publisher":"https:\/\/www.facebook.com\/CinemaVideoInternational\/","article_published_time":"2026-04-27T16:35:44+00:00","article_modified_time":"2026-04-27T16:48:07+00:00","og_image":[{"width":800,"height":450,"url":"https:\/\/cinema.video\/wp-content\/uploads\/2026\/04\/Giuseppe-Tornatore-from-Ennio-Presskit-e1777307685932.jpg","type":"image\/jpeg"}],"author":"Redazione","twitter_card":"summary_large_image","twitter_misc":{"Scritto da":"Redazione","Tempo di lettura stimato":"2 minuti"},"schema":{"@context":"https:\/\/schema.org","@graph":[{"@type":"Article","@id":"https:\/\/cinema.video\/it\/the-first-dollar-di-tornatore-presentato-al-niaf#article","isPartOf":{"@id":"https:\/\/cinema.video\/it\/the-first-dollar-di-tornatore-presentato-al-niaf"},"author":{"name":"Redazione","@id":"https:\/\/cinema.video\/it#\/schema\/person\/aeb01b91d874e8b01e76a1db04c668c6"},"headline":"The First Dollar di Tornatore presentato al NIAF","datePublished":"2026-04-27T16:35:44+00:00","dateModified":"2026-04-27T16:48:07+00:00","mainEntityOfPage":{"@id":"https:\/\/cinema.video\/it\/the-first-dollar-di-tornatore-presentato-al-niaf"},"wordCount":579,"publisher":{"@id":"https:\/\/cinema.video\/it#organization"},"image":{"@id":"https:\/\/cinema.video\/it\/the-first-dollar-di-tornatore-presentato-al-niaf#primaryimage"},"thumbnailUrl":"https:\/\/cinema.video\/wp-content\/uploads\/2026\/04\/Giuseppe-Tornatore-from-Ennio-Presskit-e1777307685932.jpg","articleSection":["PRODUCTION"],"inLanguage":"it-IT"},{"@type":"WebPage","@id":"https:\/\/cinema.video\/it\/the-first-dollar-di-tornatore-presentato-al-niaf","url":"https:\/\/cinema.video\/it\/the-first-dollar-di-tornatore-presentato-al-niaf","name":"The First Dollar di Tornatore presentato al NIAF - Cinema &amp; Video International","isPartOf":{"@id":"https:\/\/cinema.video\/it#website"},"primaryImageOfPage":{"@id":"https:\/\/cinema.video\/it\/the-first-dollar-di-tornatore-presentato-al-niaf#primaryimage"},"image":{"@id":"https:\/\/cinema.video\/it\/the-first-dollar-di-tornatore-presentato-al-niaf#primaryimage"},"thumbnailUrl":"https:\/\/cinema.video\/wp-content\/uploads\/2026\/04\/Giuseppe-Tornatore-from-Ennio-Presskit-e1777307685932.jpg","datePublished":"2026-04-27T16:35:44+00:00","dateModified":"2026-04-27T16:48:07+00:00","description":"The First Dollar, il progetto del nuovo film di Giuseppe Tornatore, \u00e8 stato presentato al NIAF di New York","breadcrumb":{"@id":"https:\/\/cinema.video\/it\/the-first-dollar-di-tornatore-presentato-al-niaf#breadcrumb"},"inLanguage":"it-IT","potentialAction":[{"@type":"ReadAction","target":["https:\/\/cinema.video\/it\/the-first-dollar-di-tornatore-presentato-al-niaf"]}]},{"@type":"ImageObject","inLanguage":"it-IT","@id":"https:\/\/cinema.video\/it\/the-first-dollar-di-tornatore-presentato-al-niaf#primaryimage","url":"https:\/\/cinema.video\/wp-content\/uploads\/2026\/04\/Giuseppe-Tornatore-from-Ennio-Presskit-e1777307685932.jpg","contentUrl":"https:\/\/cinema.video\/wp-content\/uploads\/2026\/04\/Giuseppe-Tornatore-from-Ennio-Presskit-e1777307685932.jpg","width":800,"height":450,"caption":"The First Dollar Tornatore NIAF"},{"@type":"BreadcrumbList","@id":"https:\/\/cinema.video\/it\/the-first-dollar-di-tornatore-presentato-al-niaf#breadcrumb","itemListElement":[{"@type":"ListItem","position":1,"name":"Home","item":"https:\/\/cinema.video\/it\/home-2"},{"@type":"ListItem","position":2,"name":"The First Dollar di Tornatore presentato al NIAF"}]},{"@type":"WebSite","@id":"https:\/\/cinema.video\/it#website","url":"https:\/\/cinema.video\/it","name":"Cinema & Video International","description":"Film &amp; Audiovisual Industry Trade Magazine","publisher":{"@id":"https:\/\/cinema.video\/it#organization"},"alternateName":"Cinema & Video","potentialAction":[{"@type":"SearchAction","target":{"@type":"EntryPoint","urlTemplate":"https:\/\/cinema.video\/it?s={search_term_string}"},"query-input":{"@type":"PropertyValueSpecification","valueRequired":true,"valueName":"search_term_string"}}],"inLanguage":"it-IT"},{"@type":"Organization","@id":"https:\/\/cinema.video\/it#organization","name":"Cinema & Video","url":"https:\/\/cinema.video\/it","logo":{"@type":"ImageObject","inLanguage":"it-IT","@id":"https:\/\/cinema.video\/it#\/schema\/logo\/image\/","url":"https:\/\/cinema.video\/wp-content\/uploads\/2026\/04\/CinemVideo_LogoBlack.png","contentUrl":"https:\/\/cinema.video\/wp-content\/uploads\/2026\/04\/CinemVideo_LogoBlack.png","width":1336,"height":224,"caption":"Cinema & Video"},"image":{"@id":"https:\/\/cinema.video\/it#\/schema\/logo\/image\/"},"sameAs":["https:\/\/www.facebook.com\/CinemaVideoInternational\/","https:\/\/www.instagram.com\/cinemaevideointernational\/","https:\/\/it.linkedin.com\/company\/cinema-video-international"],"description":"Media Consulting & Marketing Agency","email":"hello@darostudio.com","legalName":"DARO studio LLC","foundingDate":"2021-02-16","numberOfEmployees":{"@type":"QuantitativeValue","minValue":"1","maxValue":"10"}},{"@type":"Person","@id":"https:\/\/cinema.video\/it#\/schema\/person\/aeb01b91d874e8b01e76a1db04c668c6","name":"Redazione","image":{"@type":"ImageObject","inLanguage":"it-IT","@id":"https:\/\/secure.gravatar.com\/avatar\/06ad6f92eb14745b75fb592cadf8139d33242d81c9c8b085133c450aaf0b9731?s=96&d=mm&r=g","url":"https:\/\/secure.gravatar.com\/avatar\/06ad6f92eb14745b75fb592cadf8139d33242d81c9c8b085133c450aaf0b9731?s=96&d=mm&r=g","contentUrl":"https:\/\/secure.gravatar.com\/avatar\/06ad6f92eb14745b75fb592cadf8139d33242d81c9c8b085133c450aaf0b9731?s=96&d=mm&r=g","caption":"Redazione"},"url":"https:\/\/cinema.video\/it\/author\/redazione"}]}},"jetpack_featured_media_url":"https:\/\/cinema.video\/wp-content\/uploads\/2026\/04\/Giuseppe-Tornatore-from-Ennio-Presskit-e1777307685932.jpg","jetpack_shortlink":"https:\/\/wp.me\/ph672m-1iQs","_links":{"self":[{"href":"https:\/\/cinema.video\/it\/wp-json\/wp\/v2\/posts\/310772","targetHints":{"allow":["GET"]}}],"collection":[{"href":"https:\/\/cinema.video\/it\/wp-json\/wp\/v2\/posts"}],"about":[{"href":"https:\/\/cinema.video\/it\/wp-json\/wp\/v2\/types\/post"}],"author":[{"embeddable":true,"href":"https:\/\/cinema.video\/it\/wp-json\/wp\/v2\/users\/26"}],"replies":[{"embeddable":true,"href":"https:\/\/cinema.video\/it\/wp-json\/wp\/v2\/comments?post=310772"}],"version-history":[{"count":5,"href":"https:\/\/cinema.video\/it\/wp-json\/wp\/v2\/posts\/310772\/revisions"}],"predecessor-version":[{"id":310794,"href":"https:\/\/cinema.video\/it\/wp-json\/wp\/v2\/posts\/310772\/revisions\/310794"}],"wp:featuredmedia":[{"embeddable":true,"href":"https:\/\/cinema.video\/it\/wp-json\/wp\/v2\/media\/310795"}],"wp:attachment":[{"href":"https:\/\/cinema.video\/it\/wp-json\/wp\/v2\/media?parent=310772"}],"wp:term":[{"taxonomy":"category","embeddable":true,"href":"https:\/\/cinema.video\/it\/wp-json\/wp\/v2\/categories?post=310772"},{"taxonomy":"post_tag","embeddable":true,"href":"https:\/\/cinema.video\/it\/wp-json\/wp\/v2\/tags?post=310772"}],"curies":[{"name":"wp","href":"https:\/\/api.w.org\/{rel}","templated":true}]}}