{"id":301789,"date":"2026-03-18T09:47:19","date_gmt":"2026-03-18T08:47:19","guid":{"rendered":"https:\/\/cinema.video\/?p=301789"},"modified":"2026-04-10T04:12:17","modified_gmt":"2026-04-10T02:12:17","slug":"annibale-denzel-washington-cinecitta","status":"publish","type":"post","link":"https:\/\/cinema.video\/it\/annibale-denzel-washington-cinecitta","title":{"rendered":"Annibale invade Cinecitt\u00e0 con Denzel Washington e Fuqua"},"content":{"rendered":"\n<p class=\"wp-block-paragraph\"><strong>Denzel Washington<\/strong> sar\u00e0 in Italia quest&#8217;estate per vestire i panni di<strong> Annibale<\/strong> nel nuovo film di <strong>Antoine Fuqua<\/strong> prodotto da Netflix, che si girer\u00e0 negli <strong>Studi di Cinecitt\u00e0<\/strong> a Roma, come riportato da <em>Variety<\/em>.<\/p>\n\n\n\n<p class=\"wp-block-paragraph\">Intanto in Italia \u00e8 corso il location scouting per questo dramma epico dedicato alla figura del generale cartaginese scritto dal tre volte premio Oscar <strong>John Logan <\/strong>(penna di <em>The Aviator<\/em> e de <em>Il Gladiatore<\/em>, che, secondo la longline ufficiale, &#8220;\u00e8 basato sulla vita reale di Annibale, che \u00e8 largamente riconosciuto come uno dei pi\u00f9 grandi comandanti militari della storia. Racconta le pi\u00f9 importanti battaglie condotte contro la Repubblica Romana durante la seconda guerra punica.&#8221; Annibale invase l&#8217;Italia giungendo dal Nord Africa in sella ad un elefante e, dopo aver sconfitto i romani in diverse battaglie, occup\u00f2 il sud della penisola per 15 anni. Fu poi sconfitto dall&#8217;esercito romano durante la loro controffensiva in Nord Africa, nella famosa battaglia di Zama.<\/p>\n\n\n\n<p class=\"wp-block-paragraph\">Logan ha lavorato con Fuqua anche alla sceneggiatura dell&#8217;atteso biopic<em> Michael<\/em> che sar\u00e0 nei cinema il prossimo 24 aprile.<\/p>\n\n\n\n<p class=\"wp-block-paragraph\">Anche il direttore della fotografia, <strong>Robert Richard<\/strong>, \u00e8 vincitore di 3 Oscar: anche lui per<em> The Aviator<\/em>, <em>C&#8217;era una volta ad Hollywood<\/em> e <em>JFK<\/em>.<\/p>\n\n\n\n<p class=\"wp-block-paragraph\">Washington, alla sua sesta collaborazione con Fuqua, \u00e8 anche produttore del film assieme ad  Erik Olsen, Adam Goldworm, Todd Black, Clayton Townsend e Fuqua la cui Hill District Media ha sottoscritto un first look deal con Netflix. Scott Greenberg, Kat Samick, Katia Washington, Frank Moll and Jeremy Lott sono i produttori esecutivi.<\/p>\n\n\n\n<p class=\"wp-block-paragraph\"><\/p>\n\n\n\n<p class=\"wp-block-paragraph\">Washington recently starred in another movie set in ancient Rome, Scott\u2019s \u201cGladiator 2,\u201d in which he played a wealthy former slave named Macrinus who earned his freedom as a gladiator and then, after becoming very wealthy and powerful, schemed to seize control of the Roman Empire.<\/p>\n\n\n\n<p class=\"wp-block-paragraph\">The Hannibal epic will mark Fuqua\u2019s sixth collaboration with Washington, who won an Oscar for Fuqua\u2019s \u201cTraining Day\u201d in 2001. They most recently paired on 2023\u2019s \u201cThe Equalizer 3,\u201d with Washington reprising his role as ex-Marine Robert McCall, which was shot primarily in Italy.<\/p>\n\n\n\n<p class=\"wp-block-paragraph\">Fuqua\u2019s latest movie, the Michael Jackson biopic \u201cMichael,\u201d on which he also collaborated with Logan as screenwriter, will open&nbsp;in standard theaters and in Imax worldwide on April 24.<\/p>\n","protected":false},"excerpt":{"rendered":"<p>Denzel Washington sar\u00e0 Annibale nel nuovo film di Antoine Fuqua prodotto da Netflix, che si girer\u00e0 quest&#8217;estate negli Studi di Cinecitt\u00e0 a Roma<\/p>\n","protected":false},"author":26,"featured_media":301790,"comment_status":"closed","ping_status":"closed","sticky":false,"template":"","format":"standard","meta":{"googlesitekit_rrm_CAow3e7fCw:productID":"","_crdt_document":"","footnotes":""},"categories":[343],"tags":[514,356,2342,2340],"class_list":{"0":"post-301789","1":"post","2":"type-post","3":"status-publish","4":"format-standard","5":"has-post-thumbnail","7":"category-shooting","8":"tag-cinecitta","9":"tag-focus","10":"tag-production","11":"tag-shooting"},"yoast_head":"<!-- This site is optimized with the Yoast SEO Premium plugin v27.4 (Yoast SEO v27.5) - https:\/\/yoast.com\/product\/yoast-seo-premium-wordpress\/ -->\n<title>Annibale invade Cinecitt\u00e0 con Denzel Washington e Fuqua - Cinema &amp; Video International<\/title>\n<meta name=\"description\" content=\"Annibale invade Cinecitt\u00e0 con Denzel Washington e Fuqua \u2013 annibale invade cinecitt con denzel washington. Denzel Washington sar\u00e0 in Italia quest&#039;estate pe\" \/>\n<meta name=\"robots\" content=\"index, follow, max-snippet:-1, max-image-preview:large, max-video-preview:-1\" \/>\n<link rel=\"canonical\" href=\"https:\/\/cinema.video\/it\/annibale-denzel-washington-cinecitta\" \/>\n<meta property=\"og:locale\" content=\"it_IT\" \/>\n<meta property=\"og:type\" content=\"article\" \/>\n<meta property=\"og:title\" content=\"Annibale invade Cinecitt\u00e0 con Denzel Washington e Fuqua\" \/>\n<meta property=\"og:description\" content=\"Annibale invade Cinecitt\u00e0 con Denzel Washington e Fuqua \u2013 annibale invade cinecitt con denzel washington. Denzel Washington sar\u00e0 in Italia quest&#039;estate pe\" \/>\n<meta property=\"og:url\" content=\"https:\/\/cinema.video\/it\/annibale-denzel-washington-cinecitta\" \/>\n<meta property=\"og:site_name\" content=\"Cinema &amp; Video International\" \/>\n<meta property=\"article:publisher\" content=\"https:\/\/www.facebook.com\/CinemaVideoInternational\/\" \/>\n<meta property=\"article:published_time\" content=\"2026-03-18T08:47:19+00:00\" \/>\n<meta property=\"article:modified_time\" content=\"2026-04-10T02:12:17+00:00\" \/>\n<meta property=\"og:image\" content=\"https:\/\/cinema.video\/wp-content\/uploads\/2026\/03\/denzel-washington_1sk7.jpg\" \/>\n\t<meta property=\"og:image:width\" content=\"1280\" \/>\n\t<meta property=\"og:image:height\" content=\"720\" \/>\n\t<meta property=\"og:image:type\" content=\"image\/jpeg\" \/>\n<meta name=\"author\" content=\"Redazione\" \/>\n<meta name=\"twitter:card\" content=\"summary_large_image\" \/>\n<meta name=\"twitter:label1\" content=\"Scritto da\" \/>\n\t<meta name=\"twitter:data1\" content=\"Redazione\" \/>\n\t<meta name=\"twitter:label2\" content=\"Tempo di lettura stimato\" \/>\n\t<meta name=\"twitter:data2\" content=\"3 minuti\" \/>\n<script type=\"application\/ld+json\" class=\"yoast-schema-graph\">{\"@context\":\"https:\\\/\\\/schema.org\",\"@graph\":[{\"@type\":\"Article\",\"@id\":\"https:\\\/\\\/cinema.video\\\/it\\\/annibale-denzel-washington-cinecitta#article\",\"isPartOf\":{\"@id\":\"https:\\\/\\\/cinema.video\\\/it\\\/annibale-denzel-washington-cinecitta\"},\"author\":{\"name\":\"Redazione\",\"@id\":\"https:\\\/\\\/cinema.video\\\/it#\\\/schema\\\/person\\\/aeb01b91d874e8b01e76a1db04c668c6\"},\"headline\":\"Annibale invade Cinecitt\u00e0 con Denzel Washington e Fuqua\",\"datePublished\":\"2026-03-18T08:47:19+00:00\",\"dateModified\":\"2026-04-10T02:12:17+00:00\",\"mainEntityOfPage\":{\"@id\":\"https:\\\/\\\/cinema.video\\\/it\\\/annibale-denzel-washington-cinecitta\"},\"wordCount\":374,\"publisher\":{\"@id\":\"https:\\\/\\\/cinema.video\\\/it#organization\"},\"image\":{\"@id\":\"https:\\\/\\\/cinema.video\\\/it\\\/annibale-denzel-washington-cinecitta#primaryimage\"},\"thumbnailUrl\":\"https:\\\/\\\/cinema.video\\\/wp-content\\\/uploads\\\/2026\\\/03\\\/denzel-washington_1sk7.jpg\",\"keywords\":[\"CINECITT\u00c0\",\"focus\",\"PRODUCTION\",\"SHOOTING\"],\"articleSection\":[\"SHOOTING\"],\"inLanguage\":\"it-IT\"},{\"@type\":\"WebPage\",\"@id\":\"https:\\\/\\\/cinema.video\\\/it\\\/annibale-denzel-washington-cinecitta\",\"url\":\"https:\\\/\\\/cinema.video\\\/it\\\/annibale-denzel-washington-cinecitta\",\"name\":\"Annibale invade Cinecitt\u00e0 con Denzel Washington e Fuqua - Cinema &amp; Video International\",\"isPartOf\":{\"@id\":\"https:\\\/\\\/cinema.video\\\/it#website\"},\"primaryImageOfPage\":{\"@id\":\"https:\\\/\\\/cinema.video\\\/it\\\/annibale-denzel-washington-cinecitta#primaryimage\"},\"image\":{\"@id\":\"https:\\\/\\\/cinema.video\\\/it\\\/annibale-denzel-washington-cinecitta#primaryimage\"},\"thumbnailUrl\":\"https:\\\/\\\/cinema.video\\\/wp-content\\\/uploads\\\/2026\\\/03\\\/denzel-washington_1sk7.jpg\",\"datePublished\":\"2026-03-18T08:47:19+00:00\",\"dateModified\":\"2026-04-10T02:12:17+00:00\",\"description\":\"Annibale invade Cinecitt\u00e0 con Denzel Washington e Fuqua \u2013 annibale invade cinecitt con denzel washington. Denzel Washington sar\u00e0 in Italia quest'estate pe\",\"breadcrumb\":{\"@id\":\"https:\\\/\\\/cinema.video\\\/it\\\/annibale-denzel-washington-cinecitta#breadcrumb\"},\"inLanguage\":\"it-IT\",\"potentialAction\":[{\"@type\":\"ReadAction\",\"target\":[\"https:\\\/\\\/cinema.video\\\/it\\\/annibale-denzel-washington-cinecitta\"]}]},{\"@type\":\"ImageObject\",\"inLanguage\":\"it-IT\",\"@id\":\"https:\\\/\\\/cinema.video\\\/it\\\/annibale-denzel-washington-cinecitta#primaryimage\",\"url\":\"https:\\\/\\\/cinema.video\\\/wp-content\\\/uploads\\\/2026\\\/03\\\/denzel-washington_1sk7.jpg\",\"contentUrl\":\"https:\\\/\\\/cinema.video\\\/wp-content\\\/uploads\\\/2026\\\/03\\\/denzel-washington_1sk7.jpg\",\"width\":1280,\"height\":720,\"caption\":\"Denzel Washington sar\u00e0 Annibale nel nuovo film di Antoine Fuqua prodotto da Netflix, che si girer\u00e0 negli Studi di Cinecitt\u00e0 a Roma\"},{\"@type\":\"BreadcrumbList\",\"@id\":\"https:\\\/\\\/cinema.video\\\/it\\\/annibale-denzel-washington-cinecitta#breadcrumb\",\"itemListElement\":[{\"@type\":\"ListItem\",\"position\":1,\"name\":\"Home\",\"item\":\"https:\\\/\\\/cinema.video\\\/it\\\/home-2\"},{\"@type\":\"ListItem\",\"position\":2,\"name\":\"Annibale invade Cinecitt\u00e0 con Denzel Washington e Fuqua\"}]},{\"@type\":\"WebSite\",\"@id\":\"https:\\\/\\\/cinema.video\\\/it#website\",\"url\":\"https:\\\/\\\/cinema.video\\\/it\",\"name\":\"Cinema & Video International\",\"description\":\"Film &amp; Audiovisual Industry Trade Magazine\",\"publisher\":{\"@id\":\"https:\\\/\\\/cinema.video\\\/it#organization\"},\"alternateName\":\"Cinema & Video\",\"potentialAction\":[{\"@type\":\"SearchAction\",\"target\":{\"@type\":\"EntryPoint\",\"urlTemplate\":\"https:\\\/\\\/cinema.video\\\/it?s={search_term_string}\"},\"query-input\":{\"@type\":\"PropertyValueSpecification\",\"valueRequired\":true,\"valueName\":\"search_term_string\"}}],\"inLanguage\":\"it-IT\"},{\"@type\":\"Organization\",\"@id\":\"https:\\\/\\\/cinema.video\\\/it#organization\",\"name\":\"Cinema & Video\",\"url\":\"https:\\\/\\\/cinema.video\\\/it\",\"logo\":{\"@type\":\"ImageObject\",\"inLanguage\":\"it-IT\",\"@id\":\"https:\\\/\\\/cinema.video\\\/it#\\\/schema\\\/logo\\\/image\\\/\",\"url\":\"https:\\\/\\\/cinema.video\\\/wp-content\\\/uploads\\\/2026\\\/04\\\/CinemVideo_LogoBlack.png\",\"contentUrl\":\"https:\\\/\\\/cinema.video\\\/wp-content\\\/uploads\\\/2026\\\/04\\\/CinemVideo_LogoBlack.png\",\"width\":1336,\"height\":224,\"caption\":\"Cinema & Video\"},\"image\":{\"@id\":\"https:\\\/\\\/cinema.video\\\/it#\\\/schema\\\/logo\\\/image\\\/\"},\"sameAs\":[\"https:\\\/\\\/www.facebook.com\\\/CinemaVideoInternational\\\/\",\"https:\\\/\\\/www.instagram.com\\\/cinemaevideointernational\\\/\",\"https:\\\/\\\/it.linkedin.com\\\/company\\\/cinema-video-international\"],\"description\":\"Media Consulting & Marketing Agency\",\"email\":\"hello@darostudio.com\",\"legalName\":\"DARO studio LLC\",\"foundingDate\":\"2021-02-16\",\"numberOfEmployees\":{\"@type\":\"QuantitativeValue\",\"minValue\":\"1\",\"maxValue\":\"10\"}},{\"@type\":\"Person\",\"@id\":\"https:\\\/\\\/cinema.video\\\/it#\\\/schema\\\/person\\\/aeb01b91d874e8b01e76a1db04c668c6\",\"name\":\"Redazione\",\"image\":{\"@type\":\"ImageObject\",\"inLanguage\":\"it-IT\",\"@id\":\"https:\\\/\\\/secure.gravatar.com\\\/avatar\\\/06ad6f92eb14745b75fb592cadf8139d33242d81c9c8b085133c450aaf0b9731?s=96&d=mm&r=g\",\"url\":\"https:\\\/\\\/secure.gravatar.com\\\/avatar\\\/06ad6f92eb14745b75fb592cadf8139d33242d81c9c8b085133c450aaf0b9731?s=96&d=mm&r=g\",\"contentUrl\":\"https:\\\/\\\/secure.gravatar.com\\\/avatar\\\/06ad6f92eb14745b75fb592cadf8139d33242d81c9c8b085133c450aaf0b9731?s=96&d=mm&r=g\",\"caption\":\"Redazione\"},\"url\":\"https:\\\/\\\/cinema.video\\\/it\\\/author\\\/redazione\"}]}<\/script>\n<!-- \/ Yoast SEO Premium plugin. -->","yoast_head_json":{"title":"Annibale invade Cinecitt\u00e0 con Denzel Washington e Fuqua - Cinema &amp; Video International","description":"Annibale invade Cinecitt\u00e0 con Denzel Washington e Fuqua \u2013 annibale invade cinecitt con denzel washington. Denzel Washington sar\u00e0 in Italia quest'estate pe","robots":{"index":"index","follow":"follow","max-snippet":"max-snippet:-1","max-image-preview":"max-image-preview:large","max-video-preview":"max-video-preview:-1"},"canonical":"https:\/\/cinema.video\/it\/annibale-denzel-washington-cinecitta","og_locale":"it_IT","og_type":"article","og_title":"Annibale invade Cinecitt\u00e0 con Denzel Washington e Fuqua","og_description":"Annibale invade Cinecitt\u00e0 con Denzel Washington e Fuqua \u2013 annibale invade cinecitt con denzel washington. Denzel Washington sar\u00e0 in Italia quest'estate pe","og_url":"https:\/\/cinema.video\/it\/annibale-denzel-washington-cinecitta","og_site_name":"Cinema &amp; Video International","article_publisher":"https:\/\/www.facebook.com\/CinemaVideoInternational\/","article_published_time":"2026-03-18T08:47:19+00:00","article_modified_time":"2026-04-10T02:12:17+00:00","og_image":[{"width":1280,"height":720,"url":"https:\/\/cinema.video\/wp-content\/uploads\/2026\/03\/denzel-washington_1sk7.jpg","type":"image\/jpeg"}],"author":"Redazione","twitter_card":"summary_large_image","twitter_misc":{"Scritto da":"Redazione","Tempo di lettura stimato":"3 minuti"},"schema":{"@context":"https:\/\/schema.org","@graph":[{"@type":"Article","@id":"https:\/\/cinema.video\/it\/annibale-denzel-washington-cinecitta#article","isPartOf":{"@id":"https:\/\/cinema.video\/it\/annibale-denzel-washington-cinecitta"},"author":{"name":"Redazione","@id":"https:\/\/cinema.video\/it#\/schema\/person\/aeb01b91d874e8b01e76a1db04c668c6"},"headline":"Annibale invade Cinecitt\u00e0 con Denzel Washington e Fuqua","datePublished":"2026-03-18T08:47:19+00:00","dateModified":"2026-04-10T02:12:17+00:00","mainEntityOfPage":{"@id":"https:\/\/cinema.video\/it\/annibale-denzel-washington-cinecitta"},"wordCount":374,"publisher":{"@id":"https:\/\/cinema.video\/it#organization"},"image":{"@id":"https:\/\/cinema.video\/it\/annibale-denzel-washington-cinecitta#primaryimage"},"thumbnailUrl":"https:\/\/cinema.video\/wp-content\/uploads\/2026\/03\/denzel-washington_1sk7.jpg","keywords":["CINECITT\u00c0","focus","PRODUCTION","SHOOTING"],"articleSection":["SHOOTING"],"inLanguage":"it-IT"},{"@type":"WebPage","@id":"https:\/\/cinema.video\/it\/annibale-denzel-washington-cinecitta","url":"https:\/\/cinema.video\/it\/annibale-denzel-washington-cinecitta","name":"Annibale invade Cinecitt\u00e0 con Denzel Washington e Fuqua - Cinema &amp; Video International","isPartOf":{"@id":"https:\/\/cinema.video\/it#website"},"primaryImageOfPage":{"@id":"https:\/\/cinema.video\/it\/annibale-denzel-washington-cinecitta#primaryimage"},"image":{"@id":"https:\/\/cinema.video\/it\/annibale-denzel-washington-cinecitta#primaryimage"},"thumbnailUrl":"https:\/\/cinema.video\/wp-content\/uploads\/2026\/03\/denzel-washington_1sk7.jpg","datePublished":"2026-03-18T08:47:19+00:00","dateModified":"2026-04-10T02:12:17+00:00","description":"Annibale invade Cinecitt\u00e0 con Denzel Washington e Fuqua \u2013 annibale invade cinecitt con denzel washington. Denzel Washington sar\u00e0 in Italia quest'estate pe","breadcrumb":{"@id":"https:\/\/cinema.video\/it\/annibale-denzel-washington-cinecitta#breadcrumb"},"inLanguage":"it-IT","potentialAction":[{"@type":"ReadAction","target":["https:\/\/cinema.video\/it\/annibale-denzel-washington-cinecitta"]}]},{"@type":"ImageObject","inLanguage":"it-IT","@id":"https:\/\/cinema.video\/it\/annibale-denzel-washington-cinecitta#primaryimage","url":"https:\/\/cinema.video\/wp-content\/uploads\/2026\/03\/denzel-washington_1sk7.jpg","contentUrl":"https:\/\/cinema.video\/wp-content\/uploads\/2026\/03\/denzel-washington_1sk7.jpg","width":1280,"height":720,"caption":"Denzel Washington sar\u00e0 Annibale nel nuovo film di Antoine Fuqua prodotto da Netflix, che si girer\u00e0 negli Studi di Cinecitt\u00e0 a Roma"},{"@type":"BreadcrumbList","@id":"https:\/\/cinema.video\/it\/annibale-denzel-washington-cinecitta#breadcrumb","itemListElement":[{"@type":"ListItem","position":1,"name":"Home","item":"https:\/\/cinema.video\/it\/home-2"},{"@type":"ListItem","position":2,"name":"Annibale invade Cinecitt\u00e0 con Denzel Washington e Fuqua"}]},{"@type":"WebSite","@id":"https:\/\/cinema.video\/it#website","url":"https:\/\/cinema.video\/it","name":"Cinema & Video International","description":"Film &amp; Audiovisual Industry Trade Magazine","publisher":{"@id":"https:\/\/cinema.video\/it#organization"},"alternateName":"Cinema & Video","potentialAction":[{"@type":"SearchAction","target":{"@type":"EntryPoint","urlTemplate":"https:\/\/cinema.video\/it?s={search_term_string}"},"query-input":{"@type":"PropertyValueSpecification","valueRequired":true,"valueName":"search_term_string"}}],"inLanguage":"it-IT"},{"@type":"Organization","@id":"https:\/\/cinema.video\/it#organization","name":"Cinema & Video","url":"https:\/\/cinema.video\/it","logo":{"@type":"ImageObject","inLanguage":"it-IT","@id":"https:\/\/cinema.video\/it#\/schema\/logo\/image\/","url":"https:\/\/cinema.video\/wp-content\/uploads\/2026\/04\/CinemVideo_LogoBlack.png","contentUrl":"https:\/\/cinema.video\/wp-content\/uploads\/2026\/04\/CinemVideo_LogoBlack.png","width":1336,"height":224,"caption":"Cinema & Video"},"image":{"@id":"https:\/\/cinema.video\/it#\/schema\/logo\/image\/"},"sameAs":["https:\/\/www.facebook.com\/CinemaVideoInternational\/","https:\/\/www.instagram.com\/cinemaevideointernational\/","https:\/\/it.linkedin.com\/company\/cinema-video-international"],"description":"Media Consulting & Marketing Agency","email":"hello@darostudio.com","legalName":"DARO studio LLC","foundingDate":"2021-02-16","numberOfEmployees":{"@type":"QuantitativeValue","minValue":"1","maxValue":"10"}},{"@type":"Person","@id":"https:\/\/cinema.video\/it#\/schema\/person\/aeb01b91d874e8b01e76a1db04c668c6","name":"Redazione","image":{"@type":"ImageObject","inLanguage":"it-IT","@id":"https:\/\/secure.gravatar.com\/avatar\/06ad6f92eb14745b75fb592cadf8139d33242d81c9c8b085133c450aaf0b9731?s=96&d=mm&r=g","url":"https:\/\/secure.gravatar.com\/avatar\/06ad6f92eb14745b75fb592cadf8139d33242d81c9c8b085133c450aaf0b9731?s=96&d=mm&r=g","contentUrl":"https:\/\/secure.gravatar.com\/avatar\/06ad6f92eb14745b75fb592cadf8139d33242d81c9c8b085133c450aaf0b9731?s=96&d=mm&r=g","caption":"Redazione"},"url":"https:\/\/cinema.video\/it\/author\/redazione"}]}},"jetpack_featured_media_url":"https:\/\/cinema.video\/wp-content\/uploads\/2026\/03\/denzel-washington_1sk7.jpg","jetpack_shortlink":"https:\/\/wp.me\/ph672m-1gvz","_links":{"self":[{"href":"https:\/\/cinema.video\/it\/wp-json\/wp\/v2\/posts\/301789","targetHints":{"allow":["GET"]}}],"collection":[{"href":"https:\/\/cinema.video\/it\/wp-json\/wp\/v2\/posts"}],"about":[{"href":"https:\/\/cinema.video\/it\/wp-json\/wp\/v2\/types\/post"}],"author":[{"embeddable":true,"href":"https:\/\/cinema.video\/it\/wp-json\/wp\/v2\/users\/26"}],"replies":[{"embeddable":true,"href":"https:\/\/cinema.video\/it\/wp-json\/wp\/v2\/comments?post=301789"}],"version-history":[{"count":1,"href":"https:\/\/cinema.video\/it\/wp-json\/wp\/v2\/posts\/301789\/revisions"}],"predecessor-version":[{"id":302951,"href":"https:\/\/cinema.video\/it\/wp-json\/wp\/v2\/posts\/301789\/revisions\/302951"}],"wp:featuredmedia":[{"embeddable":true,"href":"https:\/\/cinema.video\/it\/wp-json\/wp\/v2\/media\/301790"}],"wp:attachment":[{"href":"https:\/\/cinema.video\/it\/wp-json\/wp\/v2\/media?parent=301789"}],"wp:term":[{"taxonomy":"category","embeddable":true,"href":"https:\/\/cinema.video\/it\/wp-json\/wp\/v2\/categories?post=301789"},{"taxonomy":"post_tag","embeddable":true,"href":"https:\/\/cinema.video\/it\/wp-json\/wp\/v2\/tags?post=301789"}],"curies":[{"name":"wp","href":"https:\/\/api.w.org\/{rel}","templated":true}]}}