{"id":301741,"date":"2026-03-10T19:35:51","date_gmt":"2026-03-10T18:35:51","guid":{"rendered":"https:\/\/cinema.video\/?p=301741"},"modified":"2026-04-10T04:12:09","modified_gmt":"2026-04-10T02:12:09","slug":"aperte-le-iscrizioni-per-forward-trentino-producers-lab","status":"publish","type":"post","link":"https:\/\/cinema.video\/it\/aperte-le-iscrizioni-per-forward-trentino-producers-lab","title":{"rendered":"Aperte le iscrizioni per Forward &#8211; Trentino Producers Lab"},"content":{"rendered":"\n<p class=\"wp-block-paragraph\">Sono aperte fino al<strong> 31 marzo <\/strong> le iscrizioni per l\u20198\u00b0 edizione di <strong>Forward &#8211; Trentino Producers Lab, <\/strong>il percorso intensivo rivolto a\u00a0produttrici e produttori cinematografici italiani organizzato da<strong>Trentino Film Commission, <\/strong>che si svolger\u00e0 a Trento\u00a0dal 27 aprile al 2 maggio 2026, nelle stesse giornate del\u00a0<strong>Trento Film Festival, <\/strong>partner dell\u2019iniziativa.<\/p>\n\n\n\n<p class=\"wp-block-paragraph\">\u00abForward \u2013 spiega <strong>Luca Ferrario<\/strong>, direttore di Trentino Film Commission, l\u2019area di Trentino Sviluppo che si occupa del settore audiovisivo \u2013 \u00e8 una proposta formativa focalizzata su una figura centrale del settore che spesso rimane in secondo piano rispetto a registi e autori. Grazie a un format ben strutturato, che privilegia la dimensione operativa intrecciando teoria, esercitazioni, incontri professionali e occasioni di networking, \u00e8 ormai diventato un appuntamento riconosciuto dai produttori a livello nazionale\u00bb.<\/p>\n\n\n\n<p class=\"wp-block-paragraph\">Forward si rivolge in particolare agli emergenti che desiderano consolidare le competenze&nbsp;creative ed editoriali, rafforzare la capacit\u00e0 di&nbsp;progettazione imprenditoriale&nbsp;e orientarsi tra strumenti e interlocutori del mercato, con attenzione alle opportunit\u00e0 di collaborazione e&nbsp;coproduzione. Ci si pu\u00f2 candidare&nbsp;con o senza un proprio progetto, bench\u00e9 la presenza di quest\u2019ultimo costituisca titolo preferenziale. I progetti ammessi devono essere in fase di sviluppo e rientrare nelle categorie:&nbsp;lungometraggio documentario&nbsp;o&nbsp;lungometraggio di finzione. Saranno selezionati dodici candidati sulla base del curriculum vitae e della qualit\u00e0 del progetto presentato.<\/p>\n\n\n\n<p class=\"wp-block-paragraph\">La classe parteciper\u00e0 a cinque giorni di workshop in presenza e all\u2019Industry Day di sabato 2 maggio, nell\u2019ambito del Trento Film Festival. Il lavoro sar\u00e0 coordinato e condotto dalle produttrici&nbsp;<strong>Nadia Trevisan<\/strong> ed&nbsp;<strong>Erica Barbiani<\/strong> e affronter\u00e0, con taglio pratico, i passaggi chiave del mestiere: dall\u2019apporto creativo allo sviluppo, alla definizione del team, dal rapporto con finanziatori e partner alla costruzione del budget, fino alle scelte di posizionamento e alle strategie di finanziamento. Sono previste&nbsp;anche due masterclass: una sugli&nbsp;aspetti legali e normativi, tenuta dall\u2019avvocato <strong>Elisa Vittone<\/strong>, e una dedicata al ruolo di film commission e fondi regionali, con un focus specifico su&nbsp;sostenibilit\u00e0&nbsp;e certificazione&nbsp;Green Film, curata da&nbsp;Trentino Film Commission. Il percorso si concluder\u00e0 nella settimana successiva, quando ogni partecipante potr\u00e0 ricevere consigli personalizzati in momenti online individuali con ciascuna delle tutor per dare seguito al progetto.<\/p>\n\n\n\n<p class=\"wp-block-paragraph\">L\u2019iniziativa \u00e8 realizzata da Trentino Film Commission con il contributo dei partner&nbsp;Trento Film Festival,&nbsp;Fondo Audiovisivo FVG&nbsp;e&nbsp;CNA Cinema e Audiovisivo. Per il secondo anno \u00e8 confermata anche la sinergia con&nbsp;In Progress MFN, workshop di Milano Film Network, che si attiver\u00e0 in occasione dell\u2019Industry Day, favorendo connessioni tra percorsi e comunit\u00e0 professionali.<\/p>\n\n\n\n<p class=\"wp-block-paragraph\">Per informazioni, <strong><a href=\"https:\/\/www.trentinofilmcommission.it\/it\/forward\/\">CLICCA QUI<\/a><\/strong>\u00a0<\/p>\n","protected":false},"excerpt":{"rendered":"<p>Aperte fino al 31 marzo  le iscrizioni per l\u20198\u00b0 edizione di Forward &#8211; Trentino Producers Lab, organizzato da Trentino Film Commission, che si svolger\u00e0 a Trento dal 27 aprile al 2 maggio 2026<\/p>\n","protected":false},"author":26,"featured_media":301742,"comment_status":"closed","ping_status":"closed","sticky":false,"template":"","format":"standard","meta":{"googlesitekit_rrm_CAow3e7fCw:productID":"","_crdt_document":"","footnotes":""},"categories":[1691],"tags":[2339,356,2338,2342,393],"class_list":{"0":"post-301741","1":"post","2":"type-post","3":"status-publish","4":"format-standard","5":"has-post-thumbnail","7":"category-learning","8":"tag-film-commissions","9":"tag-focus","10":"tag-locations","11":"tag-production","12":"tag-trentino-film-commission"},"yoast_head":"<!-- This site is optimized with the Yoast SEO Premium plugin v27.4 (Yoast SEO v27.4) - https:\/\/yoast.com\/product\/yoast-seo-premium-wordpress\/ -->\n<title>Aperte le iscrizioni per Forward - Trentino Producers Lab - Cinema &amp; Video International<\/title>\n<meta name=\"description\" content=\"Aperte le iscrizioni per Forward - Trentino Producers Lab \u2013 aperte le iscrizioni per forward trentino. Sono aperte fino al 31 marzo le iscrizioni per l\u20198\u00b0\" \/>\n<meta name=\"robots\" content=\"index, follow, max-snippet:-1, max-image-preview:large, max-video-preview:-1\" \/>\n<link rel=\"canonical\" href=\"https:\/\/cinema.video\/it\/aperte-le-iscrizioni-per-forward-trentino-producers-lab\" \/>\n<meta property=\"og:locale\" content=\"it_IT\" \/>\n<meta property=\"og:type\" content=\"article\" \/>\n<meta property=\"og:title\" content=\"Aperte le iscrizioni per Forward - Trentino Producers Lab\" \/>\n<meta property=\"og:description\" content=\"Aperte le iscrizioni per Forward - Trentino Producers Lab \u2013 aperte le iscrizioni per forward trentino. Sono aperte fino al 31 marzo le iscrizioni per l\u20198\u00b0\" \/>\n<meta property=\"og:url\" content=\"https:\/\/cinema.video\/it\/aperte-le-iscrizioni-per-forward-trentino-producers-lab\" \/>\n<meta property=\"og:site_name\" content=\"Cinema &amp; Video International\" \/>\n<meta property=\"article:publisher\" content=\"https:\/\/www.facebook.com\/CinemaVideoInternational\/\" \/>\n<meta property=\"article:published_time\" content=\"2026-03-10T18:35:51+00:00\" \/>\n<meta property=\"article:modified_time\" content=\"2026-04-10T02:12:09+00:00\" \/>\n<meta property=\"og:image\" content=\"https:\/\/cinema.video\/wp-content\/uploads\/2026\/03\/Forward-masterclass-con-Elisa-Vittone.jpg\" \/>\n\t<meta property=\"og:image:width\" content=\"1800\" \/>\n\t<meta property=\"og:image:height\" content=\"1200\" \/>\n\t<meta property=\"og:image:type\" content=\"image\/jpeg\" \/>\n<meta name=\"author\" content=\"Redazione\" \/>\n<meta name=\"twitter:card\" content=\"summary_large_image\" \/>\n<meta name=\"twitter:label1\" content=\"Scritto da\" \/>\n\t<meta name=\"twitter:data1\" content=\"Redazione\" \/>\n\t<meta name=\"twitter:label2\" content=\"Tempo di lettura stimato\" \/>\n\t<meta name=\"twitter:data2\" content=\"3 minuti\" \/>\n<script type=\"application\/ld+json\" class=\"yoast-schema-graph\">{\"@context\":\"https:\\\/\\\/schema.org\",\"@graph\":[{\"@type\":\"Article\",\"@id\":\"https:\\\/\\\/cinema.video\\\/it\\\/aperte-le-iscrizioni-per-forward-trentino-producers-lab#article\",\"isPartOf\":{\"@id\":\"https:\\\/\\\/cinema.video\\\/it\\\/aperte-le-iscrizioni-per-forward-trentino-producers-lab\"},\"author\":{\"name\":\"Redazione\",\"@id\":\"https:\\\/\\\/cinema.video\\\/it#\\\/schema\\\/person\\\/aeb01b91d874e8b01e76a1db04c668c6\"},\"headline\":\"Aperte le iscrizioni per Forward &#8211; Trentino Producers Lab\",\"datePublished\":\"2026-03-10T18:35:51+00:00\",\"dateModified\":\"2026-04-10T02:12:09+00:00\",\"mainEntityOfPage\":{\"@id\":\"https:\\\/\\\/cinema.video\\\/it\\\/aperte-le-iscrizioni-per-forward-trentino-producers-lab\"},\"wordCount\":443,\"publisher\":{\"@id\":\"https:\\\/\\\/cinema.video\\\/it#organization\"},\"image\":{\"@id\":\"https:\\\/\\\/cinema.video\\\/it\\\/aperte-le-iscrizioni-per-forward-trentino-producers-lab#primaryimage\"},\"thumbnailUrl\":\"https:\\\/\\\/cinema.video\\\/wp-content\\\/uploads\\\/2026\\\/03\\\/Forward-masterclass-con-Elisa-Vittone.jpg\",\"keywords\":[\"FILM COMMISSIONS\",\"focus\",\"LOCATIONS\",\"PRODUCTION\",\"TRENTINO FILM COMMISSION\"],\"articleSection\":[\"LEARNING\"],\"inLanguage\":\"it-IT\"},{\"@type\":\"WebPage\",\"@id\":\"https:\\\/\\\/cinema.video\\\/it\\\/aperte-le-iscrizioni-per-forward-trentino-producers-lab\",\"url\":\"https:\\\/\\\/cinema.video\\\/it\\\/aperte-le-iscrizioni-per-forward-trentino-producers-lab\",\"name\":\"Aperte le iscrizioni per Forward - Trentino Producers Lab - Cinema &amp; Video International\",\"isPartOf\":{\"@id\":\"https:\\\/\\\/cinema.video\\\/it#website\"},\"primaryImageOfPage\":{\"@id\":\"https:\\\/\\\/cinema.video\\\/it\\\/aperte-le-iscrizioni-per-forward-trentino-producers-lab#primaryimage\"},\"image\":{\"@id\":\"https:\\\/\\\/cinema.video\\\/it\\\/aperte-le-iscrizioni-per-forward-trentino-producers-lab#primaryimage\"},\"thumbnailUrl\":\"https:\\\/\\\/cinema.video\\\/wp-content\\\/uploads\\\/2026\\\/03\\\/Forward-masterclass-con-Elisa-Vittone.jpg\",\"datePublished\":\"2026-03-10T18:35:51+00:00\",\"dateModified\":\"2026-04-10T02:12:09+00:00\",\"description\":\"Aperte le iscrizioni per Forward - Trentino Producers Lab \u2013 aperte le iscrizioni per forward trentino. Sono aperte fino al 31 marzo le iscrizioni per l\u20198\u00b0\",\"breadcrumb\":{\"@id\":\"https:\\\/\\\/cinema.video\\\/it\\\/aperte-le-iscrizioni-per-forward-trentino-producers-lab#breadcrumb\"},\"inLanguage\":\"it-IT\",\"potentialAction\":[{\"@type\":\"ReadAction\",\"target\":[\"https:\\\/\\\/cinema.video\\\/it\\\/aperte-le-iscrizioni-per-forward-trentino-producers-lab\"]}]},{\"@type\":\"ImageObject\",\"inLanguage\":\"it-IT\",\"@id\":\"https:\\\/\\\/cinema.video\\\/it\\\/aperte-le-iscrizioni-per-forward-trentino-producers-lab#primaryimage\",\"url\":\"https:\\\/\\\/cinema.video\\\/wp-content\\\/uploads\\\/2026\\\/03\\\/Forward-masterclass-con-Elisa-Vittone.jpg\",\"contentUrl\":\"https:\\\/\\\/cinema.video\\\/wp-content\\\/uploads\\\/2026\\\/03\\\/Forward-masterclass-con-Elisa-Vittone.jpg\",\"width\":1800,\"height\":1200,\"caption\":\"Aperte fino al 31 marzo le iscrizioni per l\u20198\u00b0 edizione di Forward - Trentino Producers Lab, organizzato da Trentino Film Commission, che si svolger\u00e0 a Trento dal 27 aprile al 2 maggio 2026\"},{\"@type\":\"BreadcrumbList\",\"@id\":\"https:\\\/\\\/cinema.video\\\/it\\\/aperte-le-iscrizioni-per-forward-trentino-producers-lab#breadcrumb\",\"itemListElement\":[{\"@type\":\"ListItem\",\"position\":1,\"name\":\"Home\",\"item\":\"https:\\\/\\\/cinema.video\\\/it\\\/home-2\"},{\"@type\":\"ListItem\",\"position\":2,\"name\":\"Aperte le iscrizioni per Forward &#8211; Trentino Producers Lab\"}]},{\"@type\":\"WebSite\",\"@id\":\"https:\\\/\\\/cinema.video\\\/it#website\",\"url\":\"https:\\\/\\\/cinema.video\\\/it\",\"name\":\"Cinema & Video International\",\"description\":\"Film &amp; Audiovisual Industry Trade Magazine\",\"publisher\":{\"@id\":\"https:\\\/\\\/cinema.video\\\/it#organization\"},\"alternateName\":\"Cinema & Video\",\"potentialAction\":[{\"@type\":\"SearchAction\",\"target\":{\"@type\":\"EntryPoint\",\"urlTemplate\":\"https:\\\/\\\/cinema.video\\\/it?s={search_term_string}\"},\"query-input\":{\"@type\":\"PropertyValueSpecification\",\"valueRequired\":true,\"valueName\":\"search_term_string\"}}],\"inLanguage\":\"it-IT\"},{\"@type\":\"Organization\",\"@id\":\"https:\\\/\\\/cinema.video\\\/it#organization\",\"name\":\"Cinema & Video\",\"url\":\"https:\\\/\\\/cinema.video\\\/it\",\"logo\":{\"@type\":\"ImageObject\",\"inLanguage\":\"it-IT\",\"@id\":\"https:\\\/\\\/cinema.video\\\/it#\\\/schema\\\/logo\\\/image\\\/\",\"url\":\"https:\\\/\\\/cinema.video\\\/wp-content\\\/uploads\\\/2026\\\/04\\\/CinemVideo_LogoBlack.png\",\"contentUrl\":\"https:\\\/\\\/cinema.video\\\/wp-content\\\/uploads\\\/2026\\\/04\\\/CinemVideo_LogoBlack.png\",\"width\":1336,\"height\":224,\"caption\":\"Cinema & Video\"},\"image\":{\"@id\":\"https:\\\/\\\/cinema.video\\\/it#\\\/schema\\\/logo\\\/image\\\/\"},\"sameAs\":[\"https:\\\/\\\/www.facebook.com\\\/CinemaVideoInternational\\\/\",\"https:\\\/\\\/www.instagram.com\\\/cinemaevideointernational\\\/\",\"https:\\\/\\\/it.linkedin.com\\\/company\\\/cinema-video-international\"],\"description\":\"Media Consulting & Marketing Agency\",\"email\":\"hello@darostudio.com\",\"legalName\":\"DARO studio LLC\",\"foundingDate\":\"2021-02-16\",\"numberOfEmployees\":{\"@type\":\"QuantitativeValue\",\"minValue\":\"1\",\"maxValue\":\"10\"}},{\"@type\":\"Person\",\"@id\":\"https:\\\/\\\/cinema.video\\\/it#\\\/schema\\\/person\\\/aeb01b91d874e8b01e76a1db04c668c6\",\"name\":\"Redazione\",\"image\":{\"@type\":\"ImageObject\",\"inLanguage\":\"it-IT\",\"@id\":\"https:\\\/\\\/secure.gravatar.com\\\/avatar\\\/06ad6f92eb14745b75fb592cadf8139d33242d81c9c8b085133c450aaf0b9731?s=96&d=mm&r=g\",\"url\":\"https:\\\/\\\/secure.gravatar.com\\\/avatar\\\/06ad6f92eb14745b75fb592cadf8139d33242d81c9c8b085133c450aaf0b9731?s=96&d=mm&r=g\",\"contentUrl\":\"https:\\\/\\\/secure.gravatar.com\\\/avatar\\\/06ad6f92eb14745b75fb592cadf8139d33242d81c9c8b085133c450aaf0b9731?s=96&d=mm&r=g\",\"caption\":\"Redazione\"},\"url\":\"https:\\\/\\\/cinema.video\\\/it\\\/author\\\/redazione\"}]}<\/script>\n<!-- \/ Yoast SEO Premium plugin. -->","yoast_head_json":{"title":"Aperte le iscrizioni per Forward - Trentino Producers Lab - Cinema &amp; Video International","description":"Aperte le iscrizioni per Forward - Trentino Producers Lab \u2013 aperte le iscrizioni per forward trentino. Sono aperte fino al 31 marzo le iscrizioni per l\u20198\u00b0","robots":{"index":"index","follow":"follow","max-snippet":"max-snippet:-1","max-image-preview":"max-image-preview:large","max-video-preview":"max-video-preview:-1"},"canonical":"https:\/\/cinema.video\/it\/aperte-le-iscrizioni-per-forward-trentino-producers-lab","og_locale":"it_IT","og_type":"article","og_title":"Aperte le iscrizioni per Forward - Trentino Producers Lab","og_description":"Aperte le iscrizioni per Forward - Trentino Producers Lab \u2013 aperte le iscrizioni per forward trentino. Sono aperte fino al 31 marzo le iscrizioni per l\u20198\u00b0","og_url":"https:\/\/cinema.video\/it\/aperte-le-iscrizioni-per-forward-trentino-producers-lab","og_site_name":"Cinema &amp; Video International","article_publisher":"https:\/\/www.facebook.com\/CinemaVideoInternational\/","article_published_time":"2026-03-10T18:35:51+00:00","article_modified_time":"2026-04-10T02:12:09+00:00","og_image":[{"width":1800,"height":1200,"url":"https:\/\/cinema.video\/wp-content\/uploads\/2026\/03\/Forward-masterclass-con-Elisa-Vittone.jpg","type":"image\/jpeg"}],"author":"Redazione","twitter_card":"summary_large_image","twitter_misc":{"Scritto da":"Redazione","Tempo di lettura stimato":"3 minuti"},"schema":{"@context":"https:\/\/schema.org","@graph":[{"@type":"Article","@id":"https:\/\/cinema.video\/it\/aperte-le-iscrizioni-per-forward-trentino-producers-lab#article","isPartOf":{"@id":"https:\/\/cinema.video\/it\/aperte-le-iscrizioni-per-forward-trentino-producers-lab"},"author":{"name":"Redazione","@id":"https:\/\/cinema.video\/it#\/schema\/person\/aeb01b91d874e8b01e76a1db04c668c6"},"headline":"Aperte le iscrizioni per Forward &#8211; Trentino Producers Lab","datePublished":"2026-03-10T18:35:51+00:00","dateModified":"2026-04-10T02:12:09+00:00","mainEntityOfPage":{"@id":"https:\/\/cinema.video\/it\/aperte-le-iscrizioni-per-forward-trentino-producers-lab"},"wordCount":443,"publisher":{"@id":"https:\/\/cinema.video\/it#organization"},"image":{"@id":"https:\/\/cinema.video\/it\/aperte-le-iscrizioni-per-forward-trentino-producers-lab#primaryimage"},"thumbnailUrl":"https:\/\/cinema.video\/wp-content\/uploads\/2026\/03\/Forward-masterclass-con-Elisa-Vittone.jpg","keywords":["FILM COMMISSIONS","focus","LOCATIONS","PRODUCTION","TRENTINO FILM COMMISSION"],"articleSection":["LEARNING"],"inLanguage":"it-IT"},{"@type":"WebPage","@id":"https:\/\/cinema.video\/it\/aperte-le-iscrizioni-per-forward-trentino-producers-lab","url":"https:\/\/cinema.video\/it\/aperte-le-iscrizioni-per-forward-trentino-producers-lab","name":"Aperte le iscrizioni per Forward - Trentino Producers Lab - Cinema &amp; Video International","isPartOf":{"@id":"https:\/\/cinema.video\/it#website"},"primaryImageOfPage":{"@id":"https:\/\/cinema.video\/it\/aperte-le-iscrizioni-per-forward-trentino-producers-lab#primaryimage"},"image":{"@id":"https:\/\/cinema.video\/it\/aperte-le-iscrizioni-per-forward-trentino-producers-lab#primaryimage"},"thumbnailUrl":"https:\/\/cinema.video\/wp-content\/uploads\/2026\/03\/Forward-masterclass-con-Elisa-Vittone.jpg","datePublished":"2026-03-10T18:35:51+00:00","dateModified":"2026-04-10T02:12:09+00:00","description":"Aperte le iscrizioni per Forward - Trentino Producers Lab \u2013 aperte le iscrizioni per forward trentino. Sono aperte fino al 31 marzo le iscrizioni per l\u20198\u00b0","breadcrumb":{"@id":"https:\/\/cinema.video\/it\/aperte-le-iscrizioni-per-forward-trentino-producers-lab#breadcrumb"},"inLanguage":"it-IT","potentialAction":[{"@type":"ReadAction","target":["https:\/\/cinema.video\/it\/aperte-le-iscrizioni-per-forward-trentino-producers-lab"]}]},{"@type":"ImageObject","inLanguage":"it-IT","@id":"https:\/\/cinema.video\/it\/aperte-le-iscrizioni-per-forward-trentino-producers-lab#primaryimage","url":"https:\/\/cinema.video\/wp-content\/uploads\/2026\/03\/Forward-masterclass-con-Elisa-Vittone.jpg","contentUrl":"https:\/\/cinema.video\/wp-content\/uploads\/2026\/03\/Forward-masterclass-con-Elisa-Vittone.jpg","width":1800,"height":1200,"caption":"Aperte fino al 31 marzo le iscrizioni per l\u20198\u00b0 edizione di Forward - Trentino Producers Lab, organizzato da Trentino Film Commission, che si svolger\u00e0 a Trento dal 27 aprile al 2 maggio 2026"},{"@type":"BreadcrumbList","@id":"https:\/\/cinema.video\/it\/aperte-le-iscrizioni-per-forward-trentino-producers-lab#breadcrumb","itemListElement":[{"@type":"ListItem","position":1,"name":"Home","item":"https:\/\/cinema.video\/it\/home-2"},{"@type":"ListItem","position":2,"name":"Aperte le iscrizioni per Forward &#8211; Trentino Producers Lab"}]},{"@type":"WebSite","@id":"https:\/\/cinema.video\/it#website","url":"https:\/\/cinema.video\/it","name":"Cinema & Video International","description":"Film &amp; Audiovisual Industry Trade Magazine","publisher":{"@id":"https:\/\/cinema.video\/it#organization"},"alternateName":"Cinema & Video","potentialAction":[{"@type":"SearchAction","target":{"@type":"EntryPoint","urlTemplate":"https:\/\/cinema.video\/it?s={search_term_string}"},"query-input":{"@type":"PropertyValueSpecification","valueRequired":true,"valueName":"search_term_string"}}],"inLanguage":"it-IT"},{"@type":"Organization","@id":"https:\/\/cinema.video\/it#organization","name":"Cinema & Video","url":"https:\/\/cinema.video\/it","logo":{"@type":"ImageObject","inLanguage":"it-IT","@id":"https:\/\/cinema.video\/it#\/schema\/logo\/image\/","url":"https:\/\/cinema.video\/wp-content\/uploads\/2026\/04\/CinemVideo_LogoBlack.png","contentUrl":"https:\/\/cinema.video\/wp-content\/uploads\/2026\/04\/CinemVideo_LogoBlack.png","width":1336,"height":224,"caption":"Cinema & Video"},"image":{"@id":"https:\/\/cinema.video\/it#\/schema\/logo\/image\/"},"sameAs":["https:\/\/www.facebook.com\/CinemaVideoInternational\/","https:\/\/www.instagram.com\/cinemaevideointernational\/","https:\/\/it.linkedin.com\/company\/cinema-video-international"],"description":"Media Consulting & Marketing Agency","email":"hello@darostudio.com","legalName":"DARO studio LLC","foundingDate":"2021-02-16","numberOfEmployees":{"@type":"QuantitativeValue","minValue":"1","maxValue":"10"}},{"@type":"Person","@id":"https:\/\/cinema.video\/it#\/schema\/person\/aeb01b91d874e8b01e76a1db04c668c6","name":"Redazione","image":{"@type":"ImageObject","inLanguage":"it-IT","@id":"https:\/\/secure.gravatar.com\/avatar\/06ad6f92eb14745b75fb592cadf8139d33242d81c9c8b085133c450aaf0b9731?s=96&d=mm&r=g","url":"https:\/\/secure.gravatar.com\/avatar\/06ad6f92eb14745b75fb592cadf8139d33242d81c9c8b085133c450aaf0b9731?s=96&d=mm&r=g","contentUrl":"https:\/\/secure.gravatar.com\/avatar\/06ad6f92eb14745b75fb592cadf8139d33242d81c9c8b085133c450aaf0b9731?s=96&d=mm&r=g","caption":"Redazione"},"url":"https:\/\/cinema.video\/it\/author\/redazione"}]}},"jetpack_featured_media_url":"https:\/\/cinema.video\/wp-content\/uploads\/2026\/03\/Forward-masterclass-con-Elisa-Vittone.jpg","jetpack_shortlink":"https:\/\/wp.me\/ph672m-1guN","_links":{"self":[{"href":"https:\/\/cinema.video\/it\/wp-json\/wp\/v2\/posts\/301741","targetHints":{"allow":["GET"]}}],"collection":[{"href":"https:\/\/cinema.video\/it\/wp-json\/wp\/v2\/posts"}],"about":[{"href":"https:\/\/cinema.video\/it\/wp-json\/wp\/v2\/types\/post"}],"author":[{"embeddable":true,"href":"https:\/\/cinema.video\/it\/wp-json\/wp\/v2\/users\/26"}],"replies":[{"embeddable":true,"href":"https:\/\/cinema.video\/it\/wp-json\/wp\/v2\/comments?post=301741"}],"version-history":[{"count":1,"href":"https:\/\/cinema.video\/it\/wp-json\/wp\/v2\/posts\/301741\/revisions"}],"predecessor-version":[{"id":302250,"href":"https:\/\/cinema.video\/it\/wp-json\/wp\/v2\/posts\/301741\/revisions\/302250"}],"wp:featuredmedia":[{"embeddable":true,"href":"https:\/\/cinema.video\/it\/wp-json\/wp\/v2\/media\/301742"}],"wp:attachment":[{"href":"https:\/\/cinema.video\/it\/wp-json\/wp\/v2\/media?parent=301741"}],"wp:term":[{"taxonomy":"category","embeddable":true,"href":"https:\/\/cinema.video\/it\/wp-json\/wp\/v2\/categories?post=301741"},{"taxonomy":"post_tag","embeddable":true,"href":"https:\/\/cinema.video\/it\/wp-json\/wp\/v2\/tags?post=301741"}],"curies":[{"name":"wp","href":"https:\/\/api.w.org\/{rel}","templated":true}]}}