{"id":301691,"date":"2026-02-23T13:32:52","date_gmt":"2026-02-23T12:32:52","guid":{"rendered":"https:\/\/cinema.video\/?p=301691"},"modified":"2026-04-10T04:12:05","modified_gmt":"2026-04-10T02:12:05","slug":"orso-doro-yellow-letters","status":"publish","type":"post","link":"https:\/\/cinema.video\/it\/orso-doro-yellow-letters","title":{"rendered":"Orso d&#8217;Oro a Yellow Letters. Italia premiata con Nina Roza e On our Own"},"content":{"rendered":"\n<p class=\"wp-block-paragraph\">&nbsp;E\u2019 andato a <strong><em>Yellow Letters<\/em><\/strong> (<em>Gelbe Briefe<\/em>) di <strong>\u0130lker \u00c7atak<\/strong>, regista berlinese di origini turche (nominato all\u2019Oscar per <em>La Sala Professori<\/em>) l\u2019<strong>Orso d\u2019Oro<\/strong> di questa 76\u00b0 Berlinale.<\/p>\n\n\n\n<p class=\"wp-block-paragraph\">Un\u2019edizione atipica, quella di quest\u2019anno, che, secondo i commenti di molti professionisti, non ha brillato per la qualit\u00e0 dei film, e in cui il festival \u00e8 stato accusato, con una lettera aperta firmata da filmmakers e attori legati alla Berlinale, fra cui Tilda Swinton e Javier Bardem,\u00a0di censurare gli artisti che si oppongono al continuo genocidio israeliano verso Gaza (il presidente di giuria, <strong>Wim Wenders,<\/strong> ha scelto di non commentare la situazione politica, affermando che \u201cil cinema \u00e8 il contrario della politica\u201d e lo stesso ha fatto l\u2019attrice <strong>Michelle Yeoh<\/strong>, che nella cerimonia di consegna dell\u2019Orso d\u2019Oro alla Carriera, ha detto \u201cmeglio non parlare di qualcosa che non conosce bene e concentrarsi sul cinema\u201d).\u00a0<\/p>\n\n\n\n<figure class=\"wp-block-image size-large\"><img loading=\"lazy\" decoding=\"async\" width=\"1024\" height=\"683\" src=\"https:\/\/cinema.video\/wp-content\/uploads\/2026\/02\/202615786_5-1024x683.jpg\" alt=\"\u00a9 Ella Knorz_ifProductions_Alamode Film\" class=\"wp-image-301696\"\/><figcaption class=\"wp-element-caption\">Yellow Letters \u00a9 Ella Knorz_ifProductions_Alamode Film<\/figcaption><\/figure>\n\n\n\n<p class=\"wp-block-paragraph\">La direttrice del festival, <strong>Tricia Tuttle<\/strong>, dopo aver risposto sulle pagine di Screen International alle accuse (<a href=\"https:\/\/www.screendaily.com\/news\/berlin-film-festival-director-tricia-tuttle-responds-to-gaza-open-letter\/5214039.article?utm_medium=email&amp;utm_campaign=UK%20%20Europe%20Daily%20Feb%2018&amp;utm_content=UK%20%20Europe%20Daily%20Feb%2018+CID_0ac95d3d2712514b478543eca26388da&amp;utm_source=Newsletter&amp;utm_term=Berlin%20Film%20Festival%20director%20Tricia%20Tuttle%20responds%20to%20Gaza%20open%20letter\"><strong>leggi qui<\/strong><\/a>), ha ribadito, nel corso della cerimonia di premiazione, che \u201cle voci della Berlinale, possono essere contraddittorie ma riflettono la diversit\u00e0 di prospettive. Un festival non risolve Ii conflitti mondiali ma pu\u00f2 dar spazio alla complessit\u00e0, all\u2019ascolto, all\u2019umanizzazione reciproca. Queste voci possono sembrare silenti, ma parlano attraverso il cinema.\u201d<\/p>\n\n\n\n<p class=\"wp-block-paragraph\">E il premio principale, in effetti, \u00e8 andato ad una storia che parla di repressione di una famiglia di artisti da parte dello Stato. <em>Yellow Letters<\/em>, che in Italia sar\u00e0 distribuito da <strong>Lucky Red,<\/strong> ha vinto anche il <strong>Guild Film Prize.<\/strong><\/p>\n\n\n\n<p class=\"wp-block-paragraph\"><\/p>\n\n\n\n<div class=\"wp-block-media-text has-media-on-the-right is-stacked-on-mobile\" style=\"grid-template-columns:auto 37%\"><div class=\"wp-block-media-text__content\">\n<p class=\"wp-block-paragraph\">La Migliore Opera prima, premiata con il <strong>GWFF Best First Feature Award\u00a0<\/strong> del valore di 50 mila euro, \u00e8 la co-produzione algerino-francese <strong><em>Chronicles from the Siege<\/em><\/strong>, in gara nella sezione <em>Perspektives,<\/em> diretta dal regista palestinese <strong>Abdallah AlKhatib<\/strong>. Il miglior corto \u00e8 il libanese <strong><em>Yawman ma walad <\/em><\/strong><em>(Someday a Child),<\/em>di <strong>Marie-Rose Osta,<\/strong> che ricordando il suo protagonista, bambino con superpoteri, ha detto: &#8220;in realt\u00e0 i bambini di Gaza, di tutta la Palestina e del mio Libano non hanno superpoteri per proteggerli dalle bombe israeliane&#8221;. (<em>foto \u00a9 Richard H\u00fcbner<\/em>)<\/p>\n<\/div><figure class=\"wp-block-media-text__media\"><img loading=\"lazy\" decoding=\"async\" width=\"683\" height=\"1024\" src=\"https:\/\/cinema.video\/wp-content\/uploads\/2026\/02\/04-gwff-683x1024.jpg\" alt=\"\" class=\"wp-image-301695 size-full\" srcset=\"https:\/\/cinema.video\/wp-content\/uploads\/2026\/02\/04-gwff-scaled.jpg 683w, https:\/\/cinema.video\/wp-content\/uploads\/2026\/02\/04-gwff-scaled.jpg 200w, https:\/\/cinema.video\/wp-content\/uploads\/2026\/02\/04-gwff-scaled.jpg 768w, https:\/\/cinema.video\/wp-content\/uploads\/2026\/02\/04-gwff-scaled.jpg 1024w, https:\/\/cinema.video\/wp-content\/uploads\/2026\/02\/04-gwff-scaled.jpg 1365w, https:\/\/cinema.video\/wp-content\/uploads\/2026\/02\/04-gwff-scaled.jpg 280w, https:\/\/cinema.video\/wp-content\/uploads\/2026\/02\/04-gwff-scaled.jpg 150w, https:\/\/cinema.video\/wp-content\/uploads\/2026\/02\/04-gwff-scaled.jpg 300w, https:\/\/cinema.video\/wp-content\/uploads\/2026\/02\/04-gwff-scaled.jpg 696w, https:\/\/cinema.video\/wp-content\/uploads\/2026\/02\/04-gwff-scaled.jpg 1068w, https:\/\/cinema.video\/wp-content\/uploads\/2026\/02\/04-gwff-scaled.jpg 1920w, https:\/\/cinema.video\/wp-content\/uploads\/2026\/02\/04-gwff-scaled.jpg 1706w\" sizes=\"auto, (max-width: 683px) 100vw, 683px\" \/><\/figure><\/div>\n\n\n\n<p class=\"wp-block-paragraph\"><\/p>\n\n\n\n<div class=\"wp-block-media-text is-stacked-on-mobile\" style=\"grid-template-columns:37% auto\"><figure class=\"wp-block-media-text__media\"><img loading=\"lazy\" decoding=\"async\" width=\"683\" height=\"1024\" src=\"https:\/\/cinema.video\/wp-content\/uploads\/2026\/02\/26-silberne-baeren-1-683x1024.jpg\" alt=\"\" class=\"wp-image-301694 size-full\" srcset=\"https:\/\/cinema.video\/wp-content\/uploads\/2026\/02\/26-silberne-baeren-1-scaled.jpg 683w, https:\/\/cinema.video\/wp-content\/uploads\/2026\/02\/26-silberne-baeren-1-scaled.jpg 200w, https:\/\/cinema.video\/wp-content\/uploads\/2026\/02\/26-silberne-baeren-1-scaled.jpg 768w, https:\/\/cinema.video\/wp-content\/uploads\/2026\/02\/26-silberne-baeren-1-scaled.jpg 1024w, https:\/\/cinema.video\/wp-content\/uploads\/2026\/02\/26-silberne-baeren-1-scaled.jpg 1365w, https:\/\/cinema.video\/wp-content\/uploads\/2026\/02\/26-silberne-baeren-1-scaled.jpg 280w, https:\/\/cinema.video\/wp-content\/uploads\/2026\/02\/26-silberne-baeren-1-scaled.jpg 150w, https:\/\/cinema.video\/wp-content\/uploads\/2026\/02\/26-silberne-baeren-1-scaled.jpg 300w, https:\/\/cinema.video\/wp-content\/uploads\/2026\/02\/26-silberne-baeren-1-scaled.jpg 696w, https:\/\/cinema.video\/wp-content\/uploads\/2026\/02\/26-silberne-baeren-1-scaled.jpg 1068w, https:\/\/cinema.video\/wp-content\/uploads\/2026\/02\/26-silberne-baeren-1-scaled.jpg 1920w, https:\/\/cinema.video\/wp-content\/uploads\/2026\/02\/26-silberne-baeren-1-scaled.jpg 1707w\" sizes=\"auto, (max-width: 683px) 100vw, 683px\" \/><\/figure><div class=\"wp-block-media-text__content\">\n<p class=\"wp-block-paragraph\">La sostanziale assenza del cinema italiano, sottolineata a pi\u00f9 riprese, \u00e8 stata parzialmente\u00a0 smentita da due premi, di cui si devono ringraziare le co-produzioni. <strong><em>Nina Roza<\/em>,\u00a0<\/strong>scritto e diretto da\u00a0<strong>Genevi\u00e8ve Dulude-de\u00a0Celles<\/strong>, (regista e produttrice gi\u00e0 vincitrice del Crystal Bear al Festival di Berlino con il film\u00a0<em>Une Colonie<\/em>nel 2019,<em> nella foto di Alexander Janetzko<\/em>), ha vinto l\u2019<strong>Orso d\u2019Argento alla Migliore Sceneggiatura<\/strong>. Interpretato anche\u00a0da <strong>Chiara Caselli,<\/strong><em>\u00a0Nina Roza <\/em>\u00e8 una coproduzione internazionale di Colonelle Films (Canada), \u00a0Echo Bravo (Belgio), Ginger Light Films e Premiere Studio (Bulgaria) e dell&#8217;italiana\u00a0<strong>UMI Films<\/strong>\u00a0di\u00a0<strong>Lorenzo Fiuzzi<\/strong>\u00a0e\u00a0<strong>Bardo Tarantelli<\/strong>.<\/p>\n<\/div><\/div>\n\n\n\n<p class=\"wp-block-paragraph\">Premiata anche <strong>Indyca<\/strong>, co-produttrice (con la rumena <strong>Libra Films<\/strong>) di <strong><em>De capul nostru <\/em><\/strong>(<em>On Our Own<\/em>) di Tudor Cristian Jurgiu, sostenuto anche da <strong>Emilia- Romagna Film Commission <\/strong>(<a href=\"https:\/\/cinema.video\/bando-emilia-romagna-inclusione-e-genitorialita\" type=\"post\" id=\"301599\"><strong>leggi qui<\/strong><\/a>): si \u00e8 aggiudicato il <strong>Cicae Art Cinema Award<\/strong> nella sezione <em>Forum.<\/em><\/p>\n\n\n\n<figure class=\"wp-block-image size-large\"><img loading=\"lazy\" decoding=\"async\" width=\"1024\" height=\"551\" src=\"https:\/\/cinema.video\/wp-content\/uploads\/2026\/02\/onourown-1024x551.jpg\" alt=\"\" class=\"wp-image-301697\" srcset=\"https:\/\/cinema.video\/wp-content\/uploads\/2026\/02\/onourown.jpg 1024w, https:\/\/cinema.video\/wp-content\/uploads\/2026\/02\/onourown.jpg 300w, https:\/\/cinema.video\/wp-content\/uploads\/2026\/02\/onourown.jpg 768w, https:\/\/cinema.video\/wp-content\/uploads\/2026\/02\/onourown.jpg 1536w, https:\/\/cinema.video\/wp-content\/uploads\/2026\/02\/onourown.jpg 781w, https:\/\/cinema.video\/wp-content\/uploads\/2026\/02\/onourown.jpg 150w, https:\/\/cinema.video\/wp-content\/uploads\/2026\/02\/onourown.jpg 696w, https:\/\/cinema.video\/wp-content\/uploads\/2026\/02\/onourown.jpg 1068w, https:\/\/cinema.video\/wp-content\/uploads\/2026\/02\/onourown.jpg 1918w, https:\/\/cinema.video\/wp-content\/uploads\/2026\/02\/onourown.jpg 1392w\" sizes=\"auto, (max-width: 696px) 100vw, 696px\" \/><figcaption class=\"wp-element-caption\">On our Own \u00a9 Lavinia Cioac\u0103<\/figcaption><\/figure>\n\n\n\n<p class=\"wp-block-paragraph\"><strong>\u00a0<\/strong>Il <strong>Gran premio della Giuria<\/strong>, l&#8217;Orso d&#8217;Argento \u00e8 andato a <strong><em>Kurtulu\u015f<\/em><\/strong> (<strong><em>Salvation<\/em><\/strong>) del regista <strong>Emin Alper,<\/strong> che ha ricordato i palestinesi di Gaza, gli iraniani, i curdi del Rojava e gli oppositori politici in Turchia: &#8220;non siete soli\u201d.<\/p>\n\n\n\n<p class=\"wp-block-paragraph\"><strong>L\u2019Orso d\u2019Argento <\/strong>\u00e8 per <strong><em>Queen at Sea <\/em><\/strong>di <strong>Laurence Hammer<\/strong>, che ha valso anche a <strong>Anna Calder-Marshall &amp; Tom Courtenay <\/strong>l\u2019Orso d\u2019Argento per la migliore interpretazione non protagonista. Migliore Perfomance nel ruolo principale&nbsp; \u00e8 invece quella di <strong>Sandra H\u00fcller,<\/strong> protagonista di <strong><em>Rose<\/em><\/strong> by Markus Schleinzer.<\/p>\n\n\n\n<p class=\"wp-block-paragraph\"><strong>Miglior Regista<\/strong> \u00e8 <strong>Grant Gee <\/strong>per il suo <strong><em>Everybody Digs Bill Evans<\/em><\/strong>, mentre l\u2019Orso d\u2019Argento per lo straordinario contributo artistico \u00e8 andato a <strong>Anna Fitch e Banker White<\/strong>, registi di <strong><em>Yo (Love is a Rebellious Bird)<\/em><\/strong>.<\/p>\n\n\n\n<p class=\"wp-block-paragraph\">Per la sezione <em>Panorama<\/em>, il <strong>Cicae Art Cinema Award<\/strong>, \u00e8 andato al film coreano <strong><em>Staatsschutz <\/em><\/strong>(<em>Prosecution<\/em>) di <strong>Faraz Shariat<\/strong>, che ha vinto anche il <strong>Premio del Pubblico <\/strong>e l\u2019<strong>Heiner Carow Prize<\/strong>.<\/p>\n\n\n\n<figure class=\"wp-block-image size-large\"><img loading=\"lazy\" decoding=\"async\" width=\"1024\" height=\"554\" src=\"https:\/\/cinema.video\/wp-content\/uploads\/2026\/02\/prosecution-1024x554.jpg\" alt=\"\" class=\"wp-image-301698\" srcset=\"https:\/\/cinema.video\/wp-content\/uploads\/2026\/02\/prosecution.jpg 1024w, https:\/\/cinema.video\/wp-content\/uploads\/2026\/02\/prosecution.jpg 300w, https:\/\/cinema.video\/wp-content\/uploads\/2026\/02\/prosecution.jpg 768w, https:\/\/cinema.video\/wp-content\/uploads\/2026\/02\/prosecution.jpg 1536w, https:\/\/cinema.video\/wp-content\/uploads\/2026\/02\/prosecution.jpg 777w, https:\/\/cinema.video\/wp-content\/uploads\/2026\/02\/prosecution.jpg 150w, https:\/\/cinema.video\/wp-content\/uploads\/2026\/02\/prosecution.jpg 696w, https:\/\/cinema.video\/wp-content\/uploads\/2026\/02\/prosecution.jpg 1068w, https:\/\/cinema.video\/wp-content\/uploads\/2026\/02\/prosecution.jpg 1920w, https:\/\/cinema.video\/wp-content\/uploads\/2026\/02\/prosecution.jpg 1998w, https:\/\/cinema.video\/wp-content\/uploads\/2026\/02\/prosecution.jpg 1392w\" sizes=\"auto, (max-width: 696px) 100vw, 696px\" \/><figcaption class=\"wp-element-caption\"><em>Prosecution<\/em> \u00a9 Lotta Kilian \/ J\u00fcnglinge Film<\/figcaption><\/figure>\n\n\n\n<p class=\"wp-block-paragraph\">Il film premiato come <strong>Miglior Documentario<\/strong> (con 40 mila euro), <strong><em>If Pigeons Turned to Gold<\/em><\/strong> di <strong>Pepa Lubojacki<\/strong>, \u00e8 il vincitore anche del <strong>Caligari Prize<\/strong>.&nbsp;<\/p>\n\n\n\n<p class=\"wp-block-paragraph\">Premi doppi anche per due film di <em>Generation KPlus<\/em> (il Crystal Bear della Giuria Internazionale \u00e8 andato a <strong><em>Feito Pipa<\/em><\/strong><em> (Gugu\u2019s World) <\/em>di <strong>Allan Debertonche,<\/strong> premiato come miglior film anche dalla Giuria dei Bambini, e entrambe le menzioni sono andate a <strong><em>Under the Wave off Little Dragon<\/em>di Luo Jian<\/strong>) e <em>Generation 14Plus<\/em> (<strong><em>Chicas Tristes<\/em><\/strong> di <strong>Fernanda Tovar <\/strong>ha messo d\u2019accordo\u00a0 la Giuria del Giovani e quella Internazionale).<\/p>\n\n\n\n<p class=\"wp-block-paragraph\">I <strong>Teddy Awards<\/strong>: Best Feature Film a <strong><em>Iv\u00e1n &amp; Hadoum<\/em><\/strong> di <strong>Ian de la Rosa<\/strong>; Best Documentary\/Essay Film a <strong><em>Barbara Forever<\/em><\/strong> di <strong>Brydie O\u2019Connor<\/strong>; Best Short Film a <strong><em>Taxi Moto<\/em><\/strong> di <strong>Ga\u00ebl Kamilindi.<\/strong><\/p>\n\n\n\n<p class=\"wp-block-paragraph\">Da sottolineare, che l\u2019Orso d\u2019Oro \u0130lker \u00c7atak era presente al mercato delle coproduzioni della Berlinale, con un progetto (<strong><em>The Granddaughter<\/em><\/strong>) al <strong>Co-Pro Series<\/strong> (<a href=\"https:\/\/cinema.video\/gold-co-pro-series-series-mania-forum\" type=\"post\" id=\"301603\"><strong>leggi qui<\/strong><\/a>).<\/p>\n","protected":false},"excerpt":{"rendered":"<p>&#8220;Le  voci del festival possono sembrare silenti, ma parlano con il cinema &#8221; ha detto la direttrice del Festival, Tricia Tuttle. Con la migliore opera prima a Chronicles from the Siege del regista palestinese Abdallah AlKhatib&#8230;<\/p>\n","protected":false},"author":2,"featured_media":301692,"comment_status":"closed","ping_status":"closed","sticky":false,"template":"","format":"standard","meta":{"googlesitekit_rrm_CAow3e7fCw:productID":"","_crdt_document":"","footnotes":""},"categories":[2331],"tags":[420,356],"class_list":{"0":"post-301691","1":"post","2":"type-post","3":"status-publish","4":"format-standard","5":"has-post-thumbnail","7":"category-awards","8":"tag-emilia-romagna-film-commission","9":"tag-focus"},"yoast_head":"<!-- This site is optimized with the Yoast SEO Premium plugin v27.4 (Yoast SEO v27.4) - https:\/\/yoast.com\/product\/yoast-seo-premium-wordpress\/ -->\n<title>Orso d&#039;Oro a Yellow Letters. Italia premiata con Nina Roza e On our Own - Cinema &amp; Video International<\/title>\n<meta name=\"description\" content=\"Orso d&#039;Oro a Yellow Letters. Italia premiata con Nina Roza e On our Own \u2013 orso doro a yellow letters italia. &nbsp;E\u2019 andato a Yellow Letters (Gelbe Brief\" \/>\n<meta name=\"robots\" content=\"index, follow, max-snippet:-1, max-image-preview:large, max-video-preview:-1\" \/>\n<link rel=\"canonical\" href=\"https:\/\/cinema.video\/it\/orso-doro-yellow-letters\" \/>\n<meta property=\"og:locale\" content=\"it_IT\" \/>\n<meta property=\"og:type\" content=\"article\" \/>\n<meta property=\"og:title\" content=\"Orso d&#039;Oro a Yellow Letters. Italia premiata con Nina Roza e On our Own\" \/>\n<meta property=\"og:description\" content=\"Orso d&#039;Oro a Yellow Letters. Italia premiata con Nina Roza e On our Own \u2013 orso doro a yellow letters italia. &nbsp;E\u2019 andato a Yellow Letters (Gelbe Brief\" \/>\n<meta property=\"og:url\" content=\"https:\/\/cinema.video\/it\/orso-doro-yellow-letters\" \/>\n<meta property=\"og:site_name\" content=\"Cinema &amp; Video International\" \/>\n<meta property=\"article:publisher\" content=\"https:\/\/www.facebook.com\/CinemaVideoInternational\/\" \/>\n<meta property=\"article:published_time\" content=\"2026-02-23T12:32:52+00:00\" \/>\n<meta property=\"article:modified_time\" content=\"2026-04-10T02:12:05+00:00\" \/>\n<meta property=\"og:image\" content=\"https:\/\/cinema.video\/wp-content\/uploads\/2026\/02\/06-goldener-baer-scaled-e1771838665633.jpg\" \/>\n\t<meta property=\"og:image:width\" content=\"800\" \/>\n\t<meta property=\"og:image:height\" content=\"533\" \/>\n\t<meta property=\"og:image:type\" content=\"image\/jpeg\" \/>\n<meta name=\"author\" content=\"Carolina Mancini\" \/>\n<meta name=\"twitter:card\" content=\"summary_large_image\" \/>\n<meta name=\"twitter:label1\" content=\"Scritto da\" \/>\n\t<meta name=\"twitter:data1\" content=\"Carolina Mancini\" \/>\n\t<meta name=\"twitter:label2\" content=\"Tempo di lettura stimato\" \/>\n\t<meta name=\"twitter:data2\" content=\"6 minuti\" \/>\n<script type=\"application\/ld+json\" class=\"yoast-schema-graph\">{\"@context\":\"https:\\\/\\\/schema.org\",\"@graph\":[{\"@type\":\"Article\",\"@id\":\"https:\\\/\\\/cinema.video\\\/it\\\/orso-doro-yellow-letters#article\",\"isPartOf\":{\"@id\":\"https:\\\/\\\/cinema.video\\\/it\\\/orso-doro-yellow-letters\"},\"author\":{\"name\":\"Carolina Mancini\",\"@id\":\"https:\\\/\\\/cinema.video\\\/it#\\\/schema\\\/person\\\/d5479fad8d0f2360000eb4aab6bb6e5d\"},\"headline\":\"Orso d&#8217;Oro a Yellow Letters. Italia premiata con Nina Roza e On our Own\",\"datePublished\":\"2026-02-23T12:32:52+00:00\",\"dateModified\":\"2026-04-10T02:12:05+00:00\",\"mainEntityOfPage\":{\"@id\":\"https:\\\/\\\/cinema.video\\\/it\\\/orso-doro-yellow-letters\"},\"wordCount\":823,\"publisher\":{\"@id\":\"https:\\\/\\\/cinema.video\\\/it#organization\"},\"image\":{\"@id\":\"https:\\\/\\\/cinema.video\\\/it\\\/orso-doro-yellow-letters#primaryimage\"},\"thumbnailUrl\":\"https:\\\/\\\/cinema.video\\\/wp-content\\\/uploads\\\/2026\\\/02\\\/06-goldener-baer-scaled-e1771838665633.jpg\",\"keywords\":[\"EMILIA ROMAGNA FILM COMMISSION\",\"focus\"],\"articleSection\":[\"AWARDS\"],\"inLanguage\":\"it-IT\"},{\"@type\":\"WebPage\",\"@id\":\"https:\\\/\\\/cinema.video\\\/it\\\/orso-doro-yellow-letters\",\"url\":\"https:\\\/\\\/cinema.video\\\/it\\\/orso-doro-yellow-letters\",\"name\":\"Orso d'Oro a Yellow Letters. Italia premiata con Nina Roza e On our Own - Cinema &amp; Video International\",\"isPartOf\":{\"@id\":\"https:\\\/\\\/cinema.video\\\/it#website\"},\"primaryImageOfPage\":{\"@id\":\"https:\\\/\\\/cinema.video\\\/it\\\/orso-doro-yellow-letters#primaryimage\"},\"image\":{\"@id\":\"https:\\\/\\\/cinema.video\\\/it\\\/orso-doro-yellow-letters#primaryimage\"},\"thumbnailUrl\":\"https:\\\/\\\/cinema.video\\\/wp-content\\\/uploads\\\/2026\\\/02\\\/06-goldener-baer-scaled-e1771838665633.jpg\",\"datePublished\":\"2026-02-23T12:32:52+00:00\",\"dateModified\":\"2026-04-10T02:12:05+00:00\",\"description\":\"Orso d'Oro a Yellow Letters. Italia premiata con Nina Roza e On our Own \u2013 orso doro a yellow letters italia. &nbsp;E\u2019 andato a Yellow Letters (Gelbe Brief\",\"breadcrumb\":{\"@id\":\"https:\\\/\\\/cinema.video\\\/it\\\/orso-doro-yellow-letters#breadcrumb\"},\"inLanguage\":\"it-IT\",\"potentialAction\":[{\"@type\":\"ReadAction\",\"target\":[\"https:\\\/\\\/cinema.video\\\/it\\\/orso-doro-yellow-letters\"]}]},{\"@type\":\"ImageObject\",\"inLanguage\":\"it-IT\",\"@id\":\"https:\\\/\\\/cinema.video\\\/it\\\/orso-doro-yellow-letters#primaryimage\",\"url\":\"https:\\\/\\\/cinema.video\\\/wp-content\\\/uploads\\\/2026\\\/02\\\/06-goldener-baer-scaled-e1771838665633.jpg\",\"contentUrl\":\"https:\\\/\\\/cinema.video\\\/wp-content\\\/uploads\\\/2026\\\/02\\\/06-goldener-baer-scaled-e1771838665633.jpg\",\"width\":800,\"height\":533,\"caption\":\"\u00a9 Dirk Michael Deckbar \\\/ Berlinale 2026\"},{\"@type\":\"BreadcrumbList\",\"@id\":\"https:\\\/\\\/cinema.video\\\/it\\\/orso-doro-yellow-letters#breadcrumb\",\"itemListElement\":[{\"@type\":\"ListItem\",\"position\":1,\"name\":\"Home\",\"item\":\"https:\\\/\\\/cinema.video\\\/it\\\/home-2\"},{\"@type\":\"ListItem\",\"position\":2,\"name\":\"Orso d&#8217;Oro a Yellow Letters. Italia premiata con Nina Roza e On our Own\"}]},{\"@type\":\"WebSite\",\"@id\":\"https:\\\/\\\/cinema.video\\\/it#website\",\"url\":\"https:\\\/\\\/cinema.video\\\/it\",\"name\":\"Cinema & Video International\",\"description\":\"Film &amp; Audiovisual Industry Trade Magazine\",\"publisher\":{\"@id\":\"https:\\\/\\\/cinema.video\\\/it#organization\"},\"alternateName\":\"Cinema & Video\",\"potentialAction\":[{\"@type\":\"SearchAction\",\"target\":{\"@type\":\"EntryPoint\",\"urlTemplate\":\"https:\\\/\\\/cinema.video\\\/it?s={search_term_string}\"},\"query-input\":{\"@type\":\"PropertyValueSpecification\",\"valueRequired\":true,\"valueName\":\"search_term_string\"}}],\"inLanguage\":\"it-IT\"},{\"@type\":\"Organization\",\"@id\":\"https:\\\/\\\/cinema.video\\\/it#organization\",\"name\":\"Cinema & Video\",\"url\":\"https:\\\/\\\/cinema.video\\\/it\",\"logo\":{\"@type\":\"ImageObject\",\"inLanguage\":\"it-IT\",\"@id\":\"https:\\\/\\\/cinema.video\\\/it#\\\/schema\\\/logo\\\/image\\\/\",\"url\":\"https:\\\/\\\/cinema.video\\\/wp-content\\\/uploads\\\/2026\\\/04\\\/CinemVideo_LogoBlack.png\",\"contentUrl\":\"https:\\\/\\\/cinema.video\\\/wp-content\\\/uploads\\\/2026\\\/04\\\/CinemVideo_LogoBlack.png\",\"width\":1336,\"height\":224,\"caption\":\"Cinema & Video\"},\"image\":{\"@id\":\"https:\\\/\\\/cinema.video\\\/it#\\\/schema\\\/logo\\\/image\\\/\"},\"sameAs\":[\"https:\\\/\\\/www.facebook.com\\\/CinemaVideoInternational\\\/\",\"https:\\\/\\\/www.instagram.com\\\/cinemaevideointernational\\\/\",\"https:\\\/\\\/it.linkedin.com\\\/company\\\/cinema-video-international\"],\"description\":\"Media Consulting & Marketing Agency\",\"email\":\"hello@darostudio.com\",\"legalName\":\"DARO studio LLC\",\"foundingDate\":\"2021-02-16\",\"numberOfEmployees\":{\"@type\":\"QuantitativeValue\",\"minValue\":\"1\",\"maxValue\":\"10\"}},{\"@type\":\"Person\",\"@id\":\"https:\\\/\\\/cinema.video\\\/it#\\\/schema\\\/person\\\/d5479fad8d0f2360000eb4aab6bb6e5d\",\"name\":\"Carolina Mancini\",\"image\":{\"@type\":\"ImageObject\",\"inLanguage\":\"it-IT\",\"@id\":\"https:\\\/\\\/secure.gravatar.com\\\/avatar\\\/d4758965c5e8730dbaaa7131a628547771a26c1e5bf14fe323d96f8246a62baf?s=96&d=mm&r=g\",\"url\":\"https:\\\/\\\/secure.gravatar.com\\\/avatar\\\/d4758965c5e8730dbaaa7131a628547771a26c1e5bf14fe323d96f8246a62baf?s=96&d=mm&r=g\",\"contentUrl\":\"https:\\\/\\\/secure.gravatar.com\\\/avatar\\\/d4758965c5e8730dbaaa7131a628547771a26c1e5bf14fe323d96f8246a62baf?s=96&d=mm&r=g\",\"caption\":\"Carolina Mancini\"},\"url\":\"https:\\\/\\\/cinema.video\\\/it\\\/author\\\/carolin\"}]}<\/script>\n<!-- \/ Yoast SEO Premium plugin. -->","yoast_head_json":{"title":"Orso d'Oro a Yellow Letters. Italia premiata con Nina Roza e On our Own - Cinema &amp; Video International","description":"Orso d'Oro a Yellow Letters. Italia premiata con Nina Roza e On our Own \u2013 orso doro a yellow letters italia. &nbsp;E\u2019 andato a Yellow Letters (Gelbe Brief","robots":{"index":"index","follow":"follow","max-snippet":"max-snippet:-1","max-image-preview":"max-image-preview:large","max-video-preview":"max-video-preview:-1"},"canonical":"https:\/\/cinema.video\/it\/orso-doro-yellow-letters","og_locale":"it_IT","og_type":"article","og_title":"Orso d'Oro a Yellow Letters. Italia premiata con Nina Roza e On our Own","og_description":"Orso d'Oro a Yellow Letters. Italia premiata con Nina Roza e On our Own \u2013 orso doro a yellow letters italia. &nbsp;E\u2019 andato a Yellow Letters (Gelbe Brief","og_url":"https:\/\/cinema.video\/it\/orso-doro-yellow-letters","og_site_name":"Cinema &amp; Video International","article_publisher":"https:\/\/www.facebook.com\/CinemaVideoInternational\/","article_published_time":"2026-02-23T12:32:52+00:00","article_modified_time":"2026-04-10T02:12:05+00:00","og_image":[{"width":800,"height":533,"url":"https:\/\/cinema.video\/wp-content\/uploads\/2026\/02\/06-goldener-baer-scaled-e1771838665633.jpg","type":"image\/jpeg"}],"author":"Carolina Mancini","twitter_card":"summary_large_image","twitter_misc":{"Scritto da":"Carolina Mancini","Tempo di lettura stimato":"6 minuti"},"schema":{"@context":"https:\/\/schema.org","@graph":[{"@type":"Article","@id":"https:\/\/cinema.video\/it\/orso-doro-yellow-letters#article","isPartOf":{"@id":"https:\/\/cinema.video\/it\/orso-doro-yellow-letters"},"author":{"name":"Carolina Mancini","@id":"https:\/\/cinema.video\/it#\/schema\/person\/d5479fad8d0f2360000eb4aab6bb6e5d"},"headline":"Orso d&#8217;Oro a Yellow Letters. Italia premiata con Nina Roza e On our Own","datePublished":"2026-02-23T12:32:52+00:00","dateModified":"2026-04-10T02:12:05+00:00","mainEntityOfPage":{"@id":"https:\/\/cinema.video\/it\/orso-doro-yellow-letters"},"wordCount":823,"publisher":{"@id":"https:\/\/cinema.video\/it#organization"},"image":{"@id":"https:\/\/cinema.video\/it\/orso-doro-yellow-letters#primaryimage"},"thumbnailUrl":"https:\/\/cinema.video\/wp-content\/uploads\/2026\/02\/06-goldener-baer-scaled-e1771838665633.jpg","keywords":["EMILIA ROMAGNA FILM COMMISSION","focus"],"articleSection":["AWARDS"],"inLanguage":"it-IT"},{"@type":"WebPage","@id":"https:\/\/cinema.video\/it\/orso-doro-yellow-letters","url":"https:\/\/cinema.video\/it\/orso-doro-yellow-letters","name":"Orso d'Oro a Yellow Letters. Italia premiata con Nina Roza e On our Own - Cinema &amp; Video International","isPartOf":{"@id":"https:\/\/cinema.video\/it#website"},"primaryImageOfPage":{"@id":"https:\/\/cinema.video\/it\/orso-doro-yellow-letters#primaryimage"},"image":{"@id":"https:\/\/cinema.video\/it\/orso-doro-yellow-letters#primaryimage"},"thumbnailUrl":"https:\/\/cinema.video\/wp-content\/uploads\/2026\/02\/06-goldener-baer-scaled-e1771838665633.jpg","datePublished":"2026-02-23T12:32:52+00:00","dateModified":"2026-04-10T02:12:05+00:00","description":"Orso d'Oro a Yellow Letters. Italia premiata con Nina Roza e On our Own \u2013 orso doro a yellow letters italia. &nbsp;E\u2019 andato a Yellow Letters (Gelbe Brief","breadcrumb":{"@id":"https:\/\/cinema.video\/it\/orso-doro-yellow-letters#breadcrumb"},"inLanguage":"it-IT","potentialAction":[{"@type":"ReadAction","target":["https:\/\/cinema.video\/it\/orso-doro-yellow-letters"]}]},{"@type":"ImageObject","inLanguage":"it-IT","@id":"https:\/\/cinema.video\/it\/orso-doro-yellow-letters#primaryimage","url":"https:\/\/cinema.video\/wp-content\/uploads\/2026\/02\/06-goldener-baer-scaled-e1771838665633.jpg","contentUrl":"https:\/\/cinema.video\/wp-content\/uploads\/2026\/02\/06-goldener-baer-scaled-e1771838665633.jpg","width":800,"height":533,"caption":"\u00a9 Dirk Michael Deckbar \/ Berlinale 2026"},{"@type":"BreadcrumbList","@id":"https:\/\/cinema.video\/it\/orso-doro-yellow-letters#breadcrumb","itemListElement":[{"@type":"ListItem","position":1,"name":"Home","item":"https:\/\/cinema.video\/it\/home-2"},{"@type":"ListItem","position":2,"name":"Orso d&#8217;Oro a Yellow Letters. Italia premiata con Nina Roza e On our Own"}]},{"@type":"WebSite","@id":"https:\/\/cinema.video\/it#website","url":"https:\/\/cinema.video\/it","name":"Cinema & Video International","description":"Film &amp; Audiovisual Industry Trade Magazine","publisher":{"@id":"https:\/\/cinema.video\/it#organization"},"alternateName":"Cinema & Video","potentialAction":[{"@type":"SearchAction","target":{"@type":"EntryPoint","urlTemplate":"https:\/\/cinema.video\/it?s={search_term_string}"},"query-input":{"@type":"PropertyValueSpecification","valueRequired":true,"valueName":"search_term_string"}}],"inLanguage":"it-IT"},{"@type":"Organization","@id":"https:\/\/cinema.video\/it#organization","name":"Cinema & Video","url":"https:\/\/cinema.video\/it","logo":{"@type":"ImageObject","inLanguage":"it-IT","@id":"https:\/\/cinema.video\/it#\/schema\/logo\/image\/","url":"https:\/\/cinema.video\/wp-content\/uploads\/2026\/04\/CinemVideo_LogoBlack.png","contentUrl":"https:\/\/cinema.video\/wp-content\/uploads\/2026\/04\/CinemVideo_LogoBlack.png","width":1336,"height":224,"caption":"Cinema & Video"},"image":{"@id":"https:\/\/cinema.video\/it#\/schema\/logo\/image\/"},"sameAs":["https:\/\/www.facebook.com\/CinemaVideoInternational\/","https:\/\/www.instagram.com\/cinemaevideointernational\/","https:\/\/it.linkedin.com\/company\/cinema-video-international"],"description":"Media Consulting & Marketing Agency","email":"hello@darostudio.com","legalName":"DARO studio LLC","foundingDate":"2021-02-16","numberOfEmployees":{"@type":"QuantitativeValue","minValue":"1","maxValue":"10"}},{"@type":"Person","@id":"https:\/\/cinema.video\/it#\/schema\/person\/d5479fad8d0f2360000eb4aab6bb6e5d","name":"Carolina Mancini","image":{"@type":"ImageObject","inLanguage":"it-IT","@id":"https:\/\/secure.gravatar.com\/avatar\/d4758965c5e8730dbaaa7131a628547771a26c1e5bf14fe323d96f8246a62baf?s=96&d=mm&r=g","url":"https:\/\/secure.gravatar.com\/avatar\/d4758965c5e8730dbaaa7131a628547771a26c1e5bf14fe323d96f8246a62baf?s=96&d=mm&r=g","contentUrl":"https:\/\/secure.gravatar.com\/avatar\/d4758965c5e8730dbaaa7131a628547771a26c1e5bf14fe323d96f8246a62baf?s=96&d=mm&r=g","caption":"Carolina Mancini"},"url":"https:\/\/cinema.video\/it\/author\/carolin"}]}},"jetpack_featured_media_url":"https:\/\/cinema.video\/wp-content\/uploads\/2026\/02\/06-goldener-baer-scaled-e1771838665633.jpg","jetpack_shortlink":"https:\/\/wp.me\/ph672m-1gtZ","_links":{"self":[{"href":"https:\/\/cinema.video\/it\/wp-json\/wp\/v2\/posts\/301691","targetHints":{"allow":["GET"]}}],"collection":[{"href":"https:\/\/cinema.video\/it\/wp-json\/wp\/v2\/posts"}],"about":[{"href":"https:\/\/cinema.video\/it\/wp-json\/wp\/v2\/types\/post"}],"author":[{"embeddable":true,"href":"https:\/\/cinema.video\/it\/wp-json\/wp\/v2\/users\/2"}],"replies":[{"embeddable":true,"href":"https:\/\/cinema.video\/it\/wp-json\/wp\/v2\/comments?post=301691"}],"version-history":[{"count":1,"href":"https:\/\/cinema.video\/it\/wp-json\/wp\/v2\/posts\/301691\/revisions"}],"predecessor-version":[{"id":303173,"href":"https:\/\/cinema.video\/it\/wp-json\/wp\/v2\/posts\/301691\/revisions\/303173"}],"wp:featuredmedia":[{"embeddable":true,"href":"https:\/\/cinema.video\/it\/wp-json\/wp\/v2\/media\/301692"}],"wp:attachment":[{"href":"https:\/\/cinema.video\/it\/wp-json\/wp\/v2\/media?parent=301691"}],"wp:term":[{"taxonomy":"category","embeddable":true,"href":"https:\/\/cinema.video\/it\/wp-json\/wp\/v2\/categories?post=301691"},{"taxonomy":"post_tag","embeddable":true,"href":"https:\/\/cinema.video\/it\/wp-json\/wp\/v2\/tags?post=301691"}],"curies":[{"name":"wp","href":"https:\/\/api.w.org\/{rel}","templated":true}]}}