{"id":301646,"date":"2026-02-20T11:06:33","date_gmt":"2026-02-20T10:06:33","guid":{"rendered":"https:\/\/cinema.video\/?p=301646"},"modified":"2026-04-10T04:12:03","modified_gmt":"2026-04-10T02:12:03","slug":"eufcn-location-awards-a-la-palma-e-a-figueira-da-foz","status":"publish","type":"post","link":"https:\/\/cinema.video\/it\/eufcn-location-awards-a-la-palma-e-a-figueira-da-foz","title":{"rendered":"EUFCN Location Awards a La Palma e a Figueira da Foz"},"content":{"rendered":"\n<p class=\"wp-block-paragraph\">La isola Canaria de <strong>La Palma<\/strong> e la cittadina portoghese di <strong>Figueira da Foz<\/strong> sono le vincitrici degli <strong>EUFCN Location Awards 2025<\/strong>, che sono stati annunciati lo scorso 15 febbraio in una cerimonia ospitata dall\u2019<strong>European Film Commission Network<\/strong>\u00a0a Berlino presso il Radisson Collection Hotel, nel contesto dell\u2019 <strong>EFM &#8211; European Film Market 2026<\/strong>.\u00a0<\/p>\n\n\n\n<p class=\"wp-block-paragraph\">A La Palma, rappresentata da <strong>Canary Islands Film<\/strong>, \u00e8 andato il premio principale, <br>l\u2019 <strong>EUFCN Location Award 2025 <\/strong>per la serie Netflix <strong><em>La Palma<\/em>, <\/strong>assegnato dalla giuria, composta da <strong>Alessandro Bonino <\/strong>(Production Supervisor di Wildside, a Fremantle company, Italia),<strong>Andrea Keener (<\/strong>Location Manager, Board Member of the LMGI, USA),<strong>Gail McQuillan<\/strong> (Head of TV Production, Blueprint Pictures, UK),<strong>Sue Quinn<\/strong> (Supervising Location Manager, Member of the LMGI, UK), e <strong>Caroline von K\u00fchn<\/strong> (Executive Director of Oxbelly, Grecia).<\/p>\n\n\n\n<figure class=\"wp-block-image size-large\"><img loading=\"lazy\" decoding=\"async\" width=\"1024\" height=\"577\" src=\"https:\/\/cinema.video\/wp-content\/uploads\/2026\/02\/20260215_192351-1024x577.jpg\" alt=\"La isola Canaria de La Palma e la cittadina portoghese di Figueira da Foz sono le vincitrici degli EUFCN Location Awards 2025\" class=\"wp-image-301667\"\/><figcaption class=\"wp-element-caption\">Da sx: Lorena Mart\u00edn, Project Manager di Canary Islands Film, Natacha Mora, Coordinatrice di Canary Islands Film,  Beatriz P\u00e1ez, Island Director of Tourism of the Island Council of La Palma e Venia Vergou, EUFCN network manager<\/figcaption><\/figure>\n\n\n\n<p class=\"wp-block-paragraph\">Figueira da Foz, rappresentata da <strong>Portugal Film Commission, <\/strong>ha vinto l&#8217;<strong>EUFCN Audience Location Award 2025<\/strong>, per la serie <strong><em>Broken Spies<\/em><\/strong> decretato&nbsp;dal pubblico mediante votazione online.<\/p>\n\n\n\n<p class=\"wp-block-paragraph\">Il mercato della&nbsp; Berlinale ha avuto in effetti&nbsp; un ruolo di primo piano per entrambi i progetti: risale all\u2019edizione online dell\u2019EFM nel 2021, la decisione della norvegese <strong>Fanta Film <\/strong>di ambientare la loro serie <em>disaster <\/em>nella piccola isola Canaria. L\u2019interesse, spiega <strong>Natacha Mora<\/strong>, Coordinatrice di <strong>Canary Islands Film,<\/strong> \u201cderiva da una teoria degli anni \u201960, secondo cui un collasso dell\u2019 isola de La Palma dovuto ad un\u2019eruzione vulcanica,&nbsp; creerebbe uno tsunami che arriverebbe fino agli Stati Uniti.\u201d <br>La teoria \u00e8 oggi totalmente screditata, ma fatalit\u00e0 ha voluto, continua Mora, \u201cche una settimana dopo che Fanta aveva deciso di girare da noi, si verificasse la tremenda eruzione di cui parlarono tutti i media, e&nbsp;che seppell\u00ec buona parte dell\u2019isola sotto la lava portando distruzione e disagio per la popolazione locale\u201d.<\/p>\n\n\n\n<figure class=\"wp-block-image size-large\"><img loading=\"lazy\" decoding=\"async\" width=\"1024\" height=\"605\" src=\"https:\/\/cinema.video\/wp-content\/uploads\/2026\/02\/WhatsApp-Image-2026-02-19-at-20.34.46-1024x605.jpeg\" alt=\"\" class=\"wp-image-301672\" srcset=\"https:\/\/cinema.video\/wp-content\/uploads\/2026\/02\/WhatsApp-Image-2026-02-19-at-20.34.46.jpeg 1024w, https:\/\/cinema.video\/wp-content\/uploads\/2026\/02\/WhatsApp-Image-2026-02-19-at-20.34.46.jpeg 300w, https:\/\/cinema.video\/wp-content\/uploads\/2026\/02\/WhatsApp-Image-2026-02-19-at-20.34.46.jpeg 768w, https:\/\/cinema.video\/wp-content\/uploads\/2026\/02\/WhatsApp-Image-2026-02-19-at-20.34.46.jpeg 1536w, https:\/\/cinema.video\/wp-content\/uploads\/2026\/02\/WhatsApp-Image-2026-02-19-at-20.34.46.jpeg 710w, https:\/\/cinema.video\/wp-content\/uploads\/2026\/02\/WhatsApp-Image-2026-02-19-at-20.34.46.jpeg 150w, https:\/\/cinema.video\/wp-content\/uploads\/2026\/02\/WhatsApp-Image-2026-02-19-at-20.34.46.jpeg 696w, https:\/\/cinema.video\/wp-content\/uploads\/2026\/02\/WhatsApp-Image-2026-02-19-at-20.34.46.jpeg 1068w, https:\/\/cinema.video\/wp-content\/uploads\/2026\/02\/WhatsApp-Image-2026-02-19-at-20.34.46.jpeg 1600w, https:\/\/cinema.video\/wp-content\/uploads\/2026\/02\/WhatsApp-Image-2026-02-19-at-20.34.46.jpeg 1392w\" sizes=\"auto, (max-width: 696px) 100vw, 696px\" \/><figcaption class=\"wp-element-caption\">La Palma<\/figcaption><\/figure>\n\n\n\n<p class=\"wp-block-paragraph\">Le riprese della serie, che sono state ovviamente ritardate e si sono svolte ad ottobre 2023, sono&nbsp; state un toccasana per l\u2019economia del territorio, anche se girarla ha richiesto molta delicatezza, anche perch\u00e9 la storia, raccontata dal punto di vista di una famiglia norvegese che va in vacanza a La Palma, prevedeva proprio un\u2019eruzione che genera lo tsunami della teoria sopracitata.<\/p>\n\n\n\n<p class=\"wp-block-paragraph\">\u201cAbbiamo lavorato molto bene con la produzione nel gestire i rapporti con la comunit\u00e0 locale e le persone colpite da questo disastro naturale, prendendoci il tempo di spiegargli il progetto e anche le importanti ricadute economiche che ne sarebbero derivate.\u201d Conclude Mora.<\/p>\n\n\n\n<p class=\"wp-block-paragraph\">Certo, \u00e8 stata necessaria una buona dose di delicatezza, visto che l\u2019eruzione era molto recente e c\u2019erano persone che avevano perso tutto. <br>&#8220;Non abbiamo usato ad esempio, gli scenari reali&nbsp; della tragedia, ed \u00e8 stato fatto un grande lavoro di effetti speciali. Ciononostante, qualcuno si \u00e8 sentito anche offeso, ma questo purtroppo fa parte del gioco.\u201d Dice <strong>Alejandro \u00c1lamo,<\/strong> che ha co-prodotto la serie per la&nbsp; di <strong>Volcano Films <\/strong>di <strong>Sebasti\u00e1n \u00c1lvarez. <\/strong><\/p>\n\n\n\n<p class=\"wp-block-paragraph\">Senza dubbio le ricadute sul territorio sono state ingenti: le isole Canarie, infatti, mettono a disposizione un Tax Rebate che pu\u00f2 arrivare fino al 54% delle spese eleggibili. Non solo, precisa \u00c1lamo: \u201cproprio una settimana prima dell\u2019inizio delle riprese, \u00e8 stata approvata una disposizione di legge che permetteva che questa percentuale potesse essere applicata ad ogni episodio della serie, proprio come se si trattasse di un film a s\u00e9, a condizione, per\u00f2, che avesse un ammontare di costi eleggibili superiore a un milione.\u201d<\/p>\n\n\n\n<p class=\"wp-block-paragraph\">Le riprese de La Palma si sono svolte per 48 giorni fra l\u2019isola stessa, Tenerife e Gran Canaria.<\/p>\n\n\n\n<div class=\"wp-block-media-text is-stacked-on-mobile\" style=\"grid-template-columns:47% auto\"><figure class=\"wp-block-media-text__media\"><img loading=\"lazy\" decoding=\"async\" width=\"577\" height=\"1024\" src=\"https:\/\/cinema.video\/wp-content\/uploads\/2026\/02\/20260215_193440-577x1024.jpg\" alt=\"\" class=\"wp-image-301668 size-full\" srcset=\"https:\/\/cinema.video\/wp-content\/uploads\/2026\/02\/20260215_193440-scaled.jpg 577w, https:\/\/cinema.video\/wp-content\/uploads\/2026\/02\/20260215_193440-scaled.jpg 169w, https:\/\/cinema.video\/wp-content\/uploads\/2026\/02\/20260215_193440-scaled.jpg 768w, https:\/\/cinema.video\/wp-content\/uploads\/2026\/02\/20260215_193440-scaled.jpg 865w, https:\/\/cinema.video\/wp-content\/uploads\/2026\/02\/20260215_193440-scaled.jpg 1153w, https:\/\/cinema.video\/wp-content\/uploads\/2026\/02\/20260215_193440-scaled.jpg 236w, https:\/\/cinema.video\/wp-content\/uploads\/2026\/02\/20260215_193440-scaled.jpg 150w, https:\/\/cinema.video\/wp-content\/uploads\/2026\/02\/20260215_193440-scaled.jpg 300w, https:\/\/cinema.video\/wp-content\/uploads\/2026\/02\/20260215_193440-scaled.jpg 696w, https:\/\/cinema.video\/wp-content\/uploads\/2026\/02\/20260215_193440-scaled.jpg 1068w, https:\/\/cinema.video\/wp-content\/uploads\/2026\/02\/20260215_193440-scaled.jpg 1920w, https:\/\/cinema.video\/wp-content\/uploads\/2026\/02\/20260215_193440-scaled.jpg 1441w\" sizes=\"auto, (max-width: 577px) 100vw, 577px\" \/><\/figure><div class=\"wp-block-media-text__content\">\n<p class=\"wp-block-paragraph\">Figueira da Foz, che \u00e8 la migliore location per il pubblico che ha votato online, \u00e8 stata fondamentale&nbsp; per la costruzione della storia di <em>Broken Spies,<\/em> che \u00e8 stata scritta su misura per questa location, rivela la sua autrice <strong>Pandora da Cunha Telles,&nbsp;<\/strong>(che \u00e8 anche produttrice della serie con la sua <strong>Ukbar Filmes<\/strong>).<br>Si tratta di una serie in costume ambientata negli anni \u201940, una storia che ha per protagoniste sette&nbsp; spie donne, affascinanti e estremamente intelligenti. <br>\u201cCi siamo ispirati alle vere spie che popolavano il Portogallo, che era neutrale durante la seconda guerra mondiale, e ci siamo immaginati che potessero esserci anche delle donne fra loro, anche se ovviamente questo la storia ufficiale non lo racconta. <\/p>\n<\/div><\/div>\n\n\n\n<p class=\"wp-block-paragraph\">Quando la film commission che ha mandato le foto di queste piantagioni saline a Figueira da Foz, che non avevamo mai visto, ci sono sembrate il luogo ideale: punteggiate di piccole case isolate di difficile accesso, perfetti nascondigli, che potevano essere tanti centri di controspionaggio. Dunque, siamo andati l\u00e0 in inverno e abbiamo scritto la sceneggiatura lasciandoci ispirare dall\u2019ambiente.\u201d<\/p>\n\n\n\n<figure class=\"wp-block-image size-large\"><img loading=\"lazy\" decoding=\"async\" width=\"1024\" height=\"576\" src=\"https:\/\/cinema.video\/wp-content\/uploads\/2026\/02\/Salinas_Figueira-da-Foz_Portugal_3-1024x576.jpg\" alt=\"\" class=\"wp-image-301680\" srcset=\"https:\/\/cinema.video\/wp-content\/uploads\/2026\/02\/Salinas_Figueira-da-Foz_Portugal_3.jpg 1024w, https:\/\/cinema.video\/wp-content\/uploads\/2026\/02\/Salinas_Figueira-da-Foz_Portugal_3.jpg 300w, https:\/\/cinema.video\/wp-content\/uploads\/2026\/02\/Salinas_Figueira-da-Foz_Portugal_3.jpg 768w, https:\/\/cinema.video\/wp-content\/uploads\/2026\/02\/Salinas_Figueira-da-Foz_Portugal_3.jpg 1536w, https:\/\/cinema.video\/wp-content\/uploads\/2026\/02\/Salinas_Figueira-da-Foz_Portugal_3.jpg 747w, https:\/\/cinema.video\/wp-content\/uploads\/2026\/02\/Salinas_Figueira-da-Foz_Portugal_3.jpg 150w, https:\/\/cinema.video\/wp-content\/uploads\/2026\/02\/Salinas_Figueira-da-Foz_Portugal_3.jpg 696w, https:\/\/cinema.video\/wp-content\/uploads\/2026\/02\/Salinas_Figueira-da-Foz_Portugal_3.jpg 1068w, https:\/\/cinema.video\/wp-content\/uploads\/2026\/02\/Salinas_Figueira-da-Foz_Portugal_3.jpg 1920w, https:\/\/cinema.video\/wp-content\/uploads\/2026\/02\/Salinas_Figueira-da-Foz_Portugal_3.jpg 1392w\" sizes=\"auto, (max-width: 696px) 100vw, 696px\" \/><figcaption class=\"wp-element-caption\">Figueira da Foz<\/figcaption><\/figure>\n\n\n\n<p class=\"wp-block-paragraph\">\u201cFigueira da Foz \u00e8 una cittadina poco conosciuta al centro del Porotgallo, ed \u00e8 un perfetto&nbsp; esempio della diversit\u00e0 delle locations del nostro paese: partecipare a questa selezione, e ora vincere questo premio \u00e8 molto importante per fissare&nbsp; il Portogallo sulla mappa delle destinazioni cinematografiche.\u201d Afferma <strong>Ana Marques<\/strong>, direttrice esecutiva di Portugal Film Commission.<\/p>\n\n\n\n<p class=\"wp-block-paragraph\">In Portogallo esiste un cash rebate del 30%, che si alza al 40% nell\u2019arcipelago delle Azzorre e\u00a0nelle aree a bassa densit\u00e0 abitativa.<\/p>\n\n\n\n<figure class=\"wp-block-image size-large\"><img loading=\"lazy\" decoding=\"async\" width=\"1024\" height=\"576\" src=\"https:\/\/cinema.video\/wp-content\/uploads\/2026\/02\/Palacio-Sotto-Mayor_Figueira-da-Foz_Portugal_1-1024x576.jpg\" alt=\"\" class=\"wp-image-301681\" srcset=\"https:\/\/cinema.video\/wp-content\/uploads\/2026\/02\/Palacio-Sotto-Mayor_Figueira-da-Foz_Portugal_1.jpg 1024w, https:\/\/cinema.video\/wp-content\/uploads\/2026\/02\/Palacio-Sotto-Mayor_Figueira-da-Foz_Portugal_1.jpg 300w, https:\/\/cinema.video\/wp-content\/uploads\/2026\/02\/Palacio-Sotto-Mayor_Figueira-da-Foz_Portugal_1.jpg 768w, https:\/\/cinema.video\/wp-content\/uploads\/2026\/02\/Palacio-Sotto-Mayor_Figueira-da-Foz_Portugal_1.jpg 1536w, https:\/\/cinema.video\/wp-content\/uploads\/2026\/02\/Palacio-Sotto-Mayor_Figueira-da-Foz_Portugal_1.jpg 747w, https:\/\/cinema.video\/wp-content\/uploads\/2026\/02\/Palacio-Sotto-Mayor_Figueira-da-Foz_Portugal_1.jpg 150w, https:\/\/cinema.video\/wp-content\/uploads\/2026\/02\/Palacio-Sotto-Mayor_Figueira-da-Foz_Portugal_1.jpg 696w, https:\/\/cinema.video\/wp-content\/uploads\/2026\/02\/Palacio-Sotto-Mayor_Figueira-da-Foz_Portugal_1.jpg 1068w, https:\/\/cinema.video\/wp-content\/uploads\/2026\/02\/Palacio-Sotto-Mayor_Figueira-da-Foz_Portugal_1.jpg 1920w, https:\/\/cinema.video\/wp-content\/uploads\/2026\/02\/Palacio-Sotto-Mayor_Figueira-da-Foz_Portugal_1.jpg 1392w\" sizes=\"auto, (max-width: 696px) 100vw, 696px\" \/><figcaption class=\"wp-element-caption\">Figueira da Foz<\/figcaption><\/figure>\n\n\n\n<p class=\"wp-block-paragraph\"><em>Broken Spies, <\/em>co-produzione fra Ukbar Filmes e la polacca <strong>Krakow Film Klaster,<\/strong>&nbsp;conta sulla collaborazione del broadcast pubblico portoghese <strong>RTP<\/strong>, sul quale \u00e8 andata in onda lo scorso ottobre. L\u2019anno passato, inoltre, faceva parte della selezione del Berlinale Series Market: \u00e8 qui che \u00e8 stata acquistata dall\u2019italiana <strong>True Colours<\/strong> che ne cura le vendite internazionali, proseguite durante questo EFM appena concluso.&nbsp;<\/p>\n\n\n\n<figure class=\"wp-block-image size-large\"><img loading=\"lazy\" decoding=\"async\" width=\"1024\" height=\"577\" src=\"https:\/\/cinema.video\/wp-content\/uploads\/2026\/02\/20260215_193614-1024x577.jpg\" alt=\"\" class=\"wp-image-301666\"\/><figcaption class=\"wp-element-caption\">Il presidente di Italian Film Commission, Jacopo Chessa (al centro) con le delegazioni delle film commission vincitrici<\/figcaption><\/figure>\n\n\n\n<p class=\"wp-block-paragraph\">E c\u2019\u00e8 un file rouge che ha legato Spagna, Portogallo e Italia in questa edizione dell\u2019EFM, dove <strong>Italian Film Commissions<\/strong> ha organizzato, nei primi giorni del mercato, un networking cocktail proprio in partnership con <strong>Spain Film Commission <\/strong>e <strong>Portugal Film Commission,<\/strong> che vuol essere \u201cun abbrivio di collaborazione con queste due strutture omologhe alla nostra- dice il Presidente di IFC, <strong>Jacopo Chessa<\/strong>. \u201cA Cannes organizzeremo eventi di networking che coinvolgano Italia e Spagna e Italia e Portogallo, con il fine di arrivare ad un accordo con questi due grandi paesi, sul modello di quello che abbiamo firmato a Focus con <strong>British Film Commission<\/strong> (leggi <a href=\"https:\/\/cinema.video\/mou-fra-ifc-e-british-film-commission\" type=\"post\" id=\"301288\"><strong>QUI<\/strong><\/a>), che avr\u00e0 la sua prima applicazione con una delegazione italiana in Gran Bretagna nel 2026.\u201d<\/p>\n\n\n\n<figure class=\"wp-block-image size-large\"><img loading=\"lazy\" decoding=\"async\" width=\"1024\" height=\"577\" src=\"https:\/\/cinema.video\/wp-content\/uploads\/2026\/02\/20260213_184523-1024x577.jpg\" alt=\"\" class=\"wp-image-301665\" srcset=\"https:\/\/cinema.video\/wp-content\/uploads\/2026\/02\/20260213_184523-scaled.jpg 1024w, https:\/\/cinema.video\/wp-content\/uploads\/2026\/02\/20260213_184523-scaled.jpg 300w, https:\/\/cinema.video\/wp-content\/uploads\/2026\/02\/20260213_184523-scaled.jpg 768w, https:\/\/cinema.video\/wp-content\/uploads\/2026\/02\/20260213_184523-scaled.jpg 1536w, https:\/\/cinema.video\/wp-content\/uploads\/2026\/02\/20260213_184523-scaled.jpg 2048w, https:\/\/cinema.video\/wp-content\/uploads\/2026\/02\/20260213_184523-scaled.jpg 746w, https:\/\/cinema.video\/wp-content\/uploads\/2026\/02\/20260213_184523-scaled.jpg 150w, https:\/\/cinema.video\/wp-content\/uploads\/2026\/02\/20260213_184523-scaled.jpg 696w, https:\/\/cinema.video\/wp-content\/uploads\/2026\/02\/20260213_184523-scaled.jpg 1068w, https:\/\/cinema.video\/wp-content\/uploads\/2026\/02\/20260213_184523-scaled.jpg 1920w, https:\/\/cinema.video\/wp-content\/uploads\/2026\/02\/20260213_184523-scaled.jpg 1392w\" sizes=\"auto, (max-width: 696px) 100vw, 696px\" \/><figcaption class=\"wp-element-caption\">Il Networking Cocktail all&#8217;Hotel Adlon Kempiski fra Italian Film Commissions, Spain Film Commission e Portugal Film Commission<\/figcaption><\/figure>\n","protected":false},"excerpt":{"rendered":"<p>A La Palma, rappresentata da Canary Islands Film, \u00e8 andato il premio principale,<br \/>\nl\u2019 EUFCN Location Award 2025 per l&#8217;omonima serie Netflix. Figueira da Foz, rappresentata da Portugal Film Commission, ha vinto l&#8217;EUFCN Audience Location Award<\/p>\n","protected":false},"author":2,"featured_media":301671,"comment_status":"closed","ping_status":"closed","sticky":false,"template":"","format":"standard","meta":{"googlesitekit_rrm_CAow3e7fCw:productID":"","_crdt_document":"","footnotes":""},"categories":[2331],"tags":[518,243,1350],"class_list":{"0":"post-301646","1":"post","2":"type-post","3":"status-publish","4":"format-standard","5":"has-post-thumbnail","7":"category-awards","8":"tag-eufcn","9":"tag-italian-film-commissions","10":"tag-spain-film-commission"},"yoast_head":"<!-- This site is optimized with the Yoast SEO Premium plugin v27.4 (Yoast SEO v27.4) - https:\/\/yoast.com\/product\/yoast-seo-premium-wordpress\/ -->\n<title>EUFCN Location Awards a La Palma e a Figueira da Foz - Cinema &amp; Video International<\/title>\n<meta name=\"description\" content=\"EUFCN Location Awards a La Palma e a Figueira da Foz \u2013 eufcn location awards a la palma. La isola Canaria de La Palma e la cittadina portoghese di Figueir\" \/>\n<meta name=\"robots\" content=\"index, follow, max-snippet:-1, max-image-preview:large, max-video-preview:-1\" \/>\n<link rel=\"canonical\" href=\"https:\/\/cinema.video\/it\/eufcn-location-awards-a-la-palma-e-a-figueira-da-foz\" \/>\n<meta property=\"og:locale\" content=\"it_IT\" \/>\n<meta property=\"og:type\" content=\"article\" \/>\n<meta property=\"og:title\" content=\"EUFCN Location Awards a La Palma e a Figueira da Foz\" \/>\n<meta property=\"og:description\" content=\"EUFCN Location Awards a La Palma e a Figueira da Foz \u2013 eufcn location awards a la palma. La isola Canaria de La Palma e la cittadina portoghese di Figueir\" \/>\n<meta property=\"og:url\" content=\"https:\/\/cinema.video\/it\/eufcn-location-awards-a-la-palma-e-a-figueira-da-foz\" \/>\n<meta property=\"og:site_name\" content=\"Cinema &amp; Video International\" \/>\n<meta property=\"article:publisher\" content=\"https:\/\/www.facebook.com\/CinemaVideoInternational\/\" \/>\n<meta property=\"article:published_time\" content=\"2026-02-20T10:06:33+00:00\" \/>\n<meta property=\"article:modified_time\" content=\"2026-04-10T02:12:03+00:00\" \/>\n<meta property=\"og:image\" content=\"https:\/\/cinema.video\/wp-content\/uploads\/2026\/02\/WhatsApp-Image-2026-02-19-at-20.34.46-2.jpeg\" \/>\n\t<meta property=\"og:image:width\" content=\"1280\" \/>\n\t<meta property=\"og:image:height\" content=\"720\" \/>\n\t<meta property=\"og:image:type\" content=\"image\/jpeg\" \/>\n<meta name=\"author\" content=\"Carolina Mancini\" \/>\n<meta name=\"twitter:card\" content=\"summary_large_image\" \/>\n<meta name=\"twitter:label1\" content=\"Scritto da\" \/>\n\t<meta name=\"twitter:data1\" content=\"Carolina Mancini\" \/>\n\t<meta name=\"twitter:label2\" content=\"Tempo di lettura stimato\" \/>\n\t<meta name=\"twitter:data2\" content=\"8 minuti\" \/>\n<script type=\"application\/ld+json\" class=\"yoast-schema-graph\">{\"@context\":\"https:\\\/\\\/schema.org\",\"@graph\":[{\"@type\":\"Article\",\"@id\":\"https:\\\/\\\/cinema.video\\\/it\\\/eufcn-location-awards-a-la-palma-e-a-figueira-da-foz#article\",\"isPartOf\":{\"@id\":\"https:\\\/\\\/cinema.video\\\/it\\\/eufcn-location-awards-a-la-palma-e-a-figueira-da-foz\"},\"author\":{\"name\":\"Carolina Mancini\",\"@id\":\"https:\\\/\\\/cinema.video\\\/it#\\\/schema\\\/person\\\/d5479fad8d0f2360000eb4aab6bb6e5d\"},\"headline\":\"EUFCN Location Awards a La Palma e a Figueira da Foz\",\"datePublished\":\"2026-02-20T10:06:33+00:00\",\"dateModified\":\"2026-04-10T02:12:03+00:00\",\"mainEntityOfPage\":{\"@id\":\"https:\\\/\\\/cinema.video\\\/it\\\/eufcn-location-awards-a-la-palma-e-a-figueira-da-foz\"},\"wordCount\":1094,\"publisher\":{\"@id\":\"https:\\\/\\\/cinema.video\\\/it#organization\"},\"image\":{\"@id\":\"https:\\\/\\\/cinema.video\\\/it\\\/eufcn-location-awards-a-la-palma-e-a-figueira-da-foz#primaryimage\"},\"thumbnailUrl\":\"https:\\\/\\\/cinema.video\\\/wp-content\\\/uploads\\\/2026\\\/02\\\/WhatsApp-Image-2026-02-19-at-20.34.46-2.jpeg\",\"keywords\":[\"EUFCN\",\"ITALIAN FILM COMMISSIONS\",\"Spain Film Commission\"],\"articleSection\":[\"AWARDS\"],\"inLanguage\":\"it-IT\"},{\"@type\":\"WebPage\",\"@id\":\"https:\\\/\\\/cinema.video\\\/it\\\/eufcn-location-awards-a-la-palma-e-a-figueira-da-foz\",\"url\":\"https:\\\/\\\/cinema.video\\\/it\\\/eufcn-location-awards-a-la-palma-e-a-figueira-da-foz\",\"name\":\"EUFCN Location Awards a La Palma e a Figueira da Foz - Cinema &amp; Video International\",\"isPartOf\":{\"@id\":\"https:\\\/\\\/cinema.video\\\/it#website\"},\"primaryImageOfPage\":{\"@id\":\"https:\\\/\\\/cinema.video\\\/it\\\/eufcn-location-awards-a-la-palma-e-a-figueira-da-foz#primaryimage\"},\"image\":{\"@id\":\"https:\\\/\\\/cinema.video\\\/it\\\/eufcn-location-awards-a-la-palma-e-a-figueira-da-foz#primaryimage\"},\"thumbnailUrl\":\"https:\\\/\\\/cinema.video\\\/wp-content\\\/uploads\\\/2026\\\/02\\\/WhatsApp-Image-2026-02-19-at-20.34.46-2.jpeg\",\"datePublished\":\"2026-02-20T10:06:33+00:00\",\"dateModified\":\"2026-04-10T02:12:03+00:00\",\"description\":\"EUFCN Location Awards a La Palma e a Figueira da Foz \u2013 eufcn location awards a la palma. La isola Canaria de La Palma e la cittadina portoghese di Figueir\",\"breadcrumb\":{\"@id\":\"https:\\\/\\\/cinema.video\\\/it\\\/eufcn-location-awards-a-la-palma-e-a-figueira-da-foz#breadcrumb\"},\"inLanguage\":\"it-IT\",\"potentialAction\":[{\"@type\":\"ReadAction\",\"target\":[\"https:\\\/\\\/cinema.video\\\/it\\\/eufcn-location-awards-a-la-palma-e-a-figueira-da-foz\"]}]},{\"@type\":\"ImageObject\",\"inLanguage\":\"it-IT\",\"@id\":\"https:\\\/\\\/cinema.video\\\/it\\\/eufcn-location-awards-a-la-palma-e-a-figueira-da-foz#primaryimage\",\"url\":\"https:\\\/\\\/cinema.video\\\/wp-content\\\/uploads\\\/2026\\\/02\\\/WhatsApp-Image-2026-02-19-at-20.34.46-2.jpeg\",\"contentUrl\":\"https:\\\/\\\/cinema.video\\\/wp-content\\\/uploads\\\/2026\\\/02\\\/WhatsApp-Image-2026-02-19-at-20.34.46-2.jpeg\",\"width\":1280,\"height\":720,\"caption\":\"La Palma\"},{\"@type\":\"BreadcrumbList\",\"@id\":\"https:\\\/\\\/cinema.video\\\/it\\\/eufcn-location-awards-a-la-palma-e-a-figueira-da-foz#breadcrumb\",\"itemListElement\":[{\"@type\":\"ListItem\",\"position\":1,\"name\":\"Home\",\"item\":\"https:\\\/\\\/cinema.video\\\/it\\\/home-2\"},{\"@type\":\"ListItem\",\"position\":2,\"name\":\"EUFCN Location Awards a La Palma e a Figueira da Foz\"}]},{\"@type\":\"WebSite\",\"@id\":\"https:\\\/\\\/cinema.video\\\/it#website\",\"url\":\"https:\\\/\\\/cinema.video\\\/it\",\"name\":\"Cinema & Video International\",\"description\":\"Film &amp; Audiovisual Industry Trade Magazine\",\"publisher\":{\"@id\":\"https:\\\/\\\/cinema.video\\\/it#organization\"},\"alternateName\":\"Cinema & Video\",\"potentialAction\":[{\"@type\":\"SearchAction\",\"target\":{\"@type\":\"EntryPoint\",\"urlTemplate\":\"https:\\\/\\\/cinema.video\\\/it?s={search_term_string}\"},\"query-input\":{\"@type\":\"PropertyValueSpecification\",\"valueRequired\":true,\"valueName\":\"search_term_string\"}}],\"inLanguage\":\"it-IT\"},{\"@type\":\"Organization\",\"@id\":\"https:\\\/\\\/cinema.video\\\/it#organization\",\"name\":\"Cinema & Video\",\"url\":\"https:\\\/\\\/cinema.video\\\/it\",\"logo\":{\"@type\":\"ImageObject\",\"inLanguage\":\"it-IT\",\"@id\":\"https:\\\/\\\/cinema.video\\\/it#\\\/schema\\\/logo\\\/image\\\/\",\"url\":\"https:\\\/\\\/cinema.video\\\/wp-content\\\/uploads\\\/2026\\\/04\\\/CinemVideo_LogoBlack.png\",\"contentUrl\":\"https:\\\/\\\/cinema.video\\\/wp-content\\\/uploads\\\/2026\\\/04\\\/CinemVideo_LogoBlack.png\",\"width\":1336,\"height\":224,\"caption\":\"Cinema & Video\"},\"image\":{\"@id\":\"https:\\\/\\\/cinema.video\\\/it#\\\/schema\\\/logo\\\/image\\\/\"},\"sameAs\":[\"https:\\\/\\\/www.facebook.com\\\/CinemaVideoInternational\\\/\",\"https:\\\/\\\/www.instagram.com\\\/cinemaevideointernational\\\/\",\"https:\\\/\\\/it.linkedin.com\\\/company\\\/cinema-video-international\"],\"description\":\"Media Consulting & Marketing Agency\",\"email\":\"hello@darostudio.com\",\"legalName\":\"DARO studio LLC\",\"foundingDate\":\"2021-02-16\",\"numberOfEmployees\":{\"@type\":\"QuantitativeValue\",\"minValue\":\"1\",\"maxValue\":\"10\"}},{\"@type\":\"Person\",\"@id\":\"https:\\\/\\\/cinema.video\\\/it#\\\/schema\\\/person\\\/d5479fad8d0f2360000eb4aab6bb6e5d\",\"name\":\"Carolina Mancini\",\"image\":{\"@type\":\"ImageObject\",\"inLanguage\":\"it-IT\",\"@id\":\"https:\\\/\\\/secure.gravatar.com\\\/avatar\\\/d4758965c5e8730dbaaa7131a628547771a26c1e5bf14fe323d96f8246a62baf?s=96&d=mm&r=g\",\"url\":\"https:\\\/\\\/secure.gravatar.com\\\/avatar\\\/d4758965c5e8730dbaaa7131a628547771a26c1e5bf14fe323d96f8246a62baf?s=96&d=mm&r=g\",\"contentUrl\":\"https:\\\/\\\/secure.gravatar.com\\\/avatar\\\/d4758965c5e8730dbaaa7131a628547771a26c1e5bf14fe323d96f8246a62baf?s=96&d=mm&r=g\",\"caption\":\"Carolina Mancini\"},\"url\":\"https:\\\/\\\/cinema.video\\\/it\\\/author\\\/carolin\"}]}<\/script>\n<!-- \/ Yoast SEO Premium plugin. -->","yoast_head_json":{"title":"EUFCN Location Awards a La Palma e a Figueira da Foz - Cinema &amp; Video International","description":"EUFCN Location Awards a La Palma e a Figueira da Foz \u2013 eufcn location awards a la palma. La isola Canaria de La Palma e la cittadina portoghese di Figueir","robots":{"index":"index","follow":"follow","max-snippet":"max-snippet:-1","max-image-preview":"max-image-preview:large","max-video-preview":"max-video-preview:-1"},"canonical":"https:\/\/cinema.video\/it\/eufcn-location-awards-a-la-palma-e-a-figueira-da-foz","og_locale":"it_IT","og_type":"article","og_title":"EUFCN Location Awards a La Palma e a Figueira da Foz","og_description":"EUFCN Location Awards a La Palma e a Figueira da Foz \u2013 eufcn location awards a la palma. La isola Canaria de La Palma e la cittadina portoghese di Figueir","og_url":"https:\/\/cinema.video\/it\/eufcn-location-awards-a-la-palma-e-a-figueira-da-foz","og_site_name":"Cinema &amp; Video International","article_publisher":"https:\/\/www.facebook.com\/CinemaVideoInternational\/","article_published_time":"2026-02-20T10:06:33+00:00","article_modified_time":"2026-04-10T02:12:03+00:00","og_image":[{"width":1280,"height":720,"url":"https:\/\/cinema.video\/wp-content\/uploads\/2026\/02\/WhatsApp-Image-2026-02-19-at-20.34.46-2.jpeg","type":"image\/jpeg"}],"author":"Carolina Mancini","twitter_card":"summary_large_image","twitter_misc":{"Scritto da":"Carolina Mancini","Tempo di lettura stimato":"8 minuti"},"schema":{"@context":"https:\/\/schema.org","@graph":[{"@type":"Article","@id":"https:\/\/cinema.video\/it\/eufcn-location-awards-a-la-palma-e-a-figueira-da-foz#article","isPartOf":{"@id":"https:\/\/cinema.video\/it\/eufcn-location-awards-a-la-palma-e-a-figueira-da-foz"},"author":{"name":"Carolina Mancini","@id":"https:\/\/cinema.video\/it#\/schema\/person\/d5479fad8d0f2360000eb4aab6bb6e5d"},"headline":"EUFCN Location Awards a La Palma e a Figueira da Foz","datePublished":"2026-02-20T10:06:33+00:00","dateModified":"2026-04-10T02:12:03+00:00","mainEntityOfPage":{"@id":"https:\/\/cinema.video\/it\/eufcn-location-awards-a-la-palma-e-a-figueira-da-foz"},"wordCount":1094,"publisher":{"@id":"https:\/\/cinema.video\/it#organization"},"image":{"@id":"https:\/\/cinema.video\/it\/eufcn-location-awards-a-la-palma-e-a-figueira-da-foz#primaryimage"},"thumbnailUrl":"https:\/\/cinema.video\/wp-content\/uploads\/2026\/02\/WhatsApp-Image-2026-02-19-at-20.34.46-2.jpeg","keywords":["EUFCN","ITALIAN FILM COMMISSIONS","Spain Film Commission"],"articleSection":["AWARDS"],"inLanguage":"it-IT"},{"@type":"WebPage","@id":"https:\/\/cinema.video\/it\/eufcn-location-awards-a-la-palma-e-a-figueira-da-foz","url":"https:\/\/cinema.video\/it\/eufcn-location-awards-a-la-palma-e-a-figueira-da-foz","name":"EUFCN Location Awards a La Palma e a Figueira da Foz - Cinema &amp; Video International","isPartOf":{"@id":"https:\/\/cinema.video\/it#website"},"primaryImageOfPage":{"@id":"https:\/\/cinema.video\/it\/eufcn-location-awards-a-la-palma-e-a-figueira-da-foz#primaryimage"},"image":{"@id":"https:\/\/cinema.video\/it\/eufcn-location-awards-a-la-palma-e-a-figueira-da-foz#primaryimage"},"thumbnailUrl":"https:\/\/cinema.video\/wp-content\/uploads\/2026\/02\/WhatsApp-Image-2026-02-19-at-20.34.46-2.jpeg","datePublished":"2026-02-20T10:06:33+00:00","dateModified":"2026-04-10T02:12:03+00:00","description":"EUFCN Location Awards a La Palma e a Figueira da Foz \u2013 eufcn location awards a la palma. La isola Canaria de La Palma e la cittadina portoghese di Figueir","breadcrumb":{"@id":"https:\/\/cinema.video\/it\/eufcn-location-awards-a-la-palma-e-a-figueira-da-foz#breadcrumb"},"inLanguage":"it-IT","potentialAction":[{"@type":"ReadAction","target":["https:\/\/cinema.video\/it\/eufcn-location-awards-a-la-palma-e-a-figueira-da-foz"]}]},{"@type":"ImageObject","inLanguage":"it-IT","@id":"https:\/\/cinema.video\/it\/eufcn-location-awards-a-la-palma-e-a-figueira-da-foz#primaryimage","url":"https:\/\/cinema.video\/wp-content\/uploads\/2026\/02\/WhatsApp-Image-2026-02-19-at-20.34.46-2.jpeg","contentUrl":"https:\/\/cinema.video\/wp-content\/uploads\/2026\/02\/WhatsApp-Image-2026-02-19-at-20.34.46-2.jpeg","width":1280,"height":720,"caption":"La Palma"},{"@type":"BreadcrumbList","@id":"https:\/\/cinema.video\/it\/eufcn-location-awards-a-la-palma-e-a-figueira-da-foz#breadcrumb","itemListElement":[{"@type":"ListItem","position":1,"name":"Home","item":"https:\/\/cinema.video\/it\/home-2"},{"@type":"ListItem","position":2,"name":"EUFCN Location Awards a La Palma e a Figueira da Foz"}]},{"@type":"WebSite","@id":"https:\/\/cinema.video\/it#website","url":"https:\/\/cinema.video\/it","name":"Cinema & Video International","description":"Film &amp; Audiovisual Industry Trade Magazine","publisher":{"@id":"https:\/\/cinema.video\/it#organization"},"alternateName":"Cinema & Video","potentialAction":[{"@type":"SearchAction","target":{"@type":"EntryPoint","urlTemplate":"https:\/\/cinema.video\/it?s={search_term_string}"},"query-input":{"@type":"PropertyValueSpecification","valueRequired":true,"valueName":"search_term_string"}}],"inLanguage":"it-IT"},{"@type":"Organization","@id":"https:\/\/cinema.video\/it#organization","name":"Cinema & Video","url":"https:\/\/cinema.video\/it","logo":{"@type":"ImageObject","inLanguage":"it-IT","@id":"https:\/\/cinema.video\/it#\/schema\/logo\/image\/","url":"https:\/\/cinema.video\/wp-content\/uploads\/2026\/04\/CinemVideo_LogoBlack.png","contentUrl":"https:\/\/cinema.video\/wp-content\/uploads\/2026\/04\/CinemVideo_LogoBlack.png","width":1336,"height":224,"caption":"Cinema & Video"},"image":{"@id":"https:\/\/cinema.video\/it#\/schema\/logo\/image\/"},"sameAs":["https:\/\/www.facebook.com\/CinemaVideoInternational\/","https:\/\/www.instagram.com\/cinemaevideointernational\/","https:\/\/it.linkedin.com\/company\/cinema-video-international"],"description":"Media Consulting & Marketing Agency","email":"hello@darostudio.com","legalName":"DARO studio LLC","foundingDate":"2021-02-16","numberOfEmployees":{"@type":"QuantitativeValue","minValue":"1","maxValue":"10"}},{"@type":"Person","@id":"https:\/\/cinema.video\/it#\/schema\/person\/d5479fad8d0f2360000eb4aab6bb6e5d","name":"Carolina Mancini","image":{"@type":"ImageObject","inLanguage":"it-IT","@id":"https:\/\/secure.gravatar.com\/avatar\/d4758965c5e8730dbaaa7131a628547771a26c1e5bf14fe323d96f8246a62baf?s=96&d=mm&r=g","url":"https:\/\/secure.gravatar.com\/avatar\/d4758965c5e8730dbaaa7131a628547771a26c1e5bf14fe323d96f8246a62baf?s=96&d=mm&r=g","contentUrl":"https:\/\/secure.gravatar.com\/avatar\/d4758965c5e8730dbaaa7131a628547771a26c1e5bf14fe323d96f8246a62baf?s=96&d=mm&r=g","caption":"Carolina Mancini"},"url":"https:\/\/cinema.video\/it\/author\/carolin"}]}},"jetpack_featured_media_url":"https:\/\/cinema.video\/wp-content\/uploads\/2026\/02\/WhatsApp-Image-2026-02-19-at-20.34.46-2.jpeg","jetpack_shortlink":"https:\/\/wp.me\/ph672m-1gtg","_links":{"self":[{"href":"https:\/\/cinema.video\/it\/wp-json\/wp\/v2\/posts\/301646","targetHints":{"allow":["GET"]}}],"collection":[{"href":"https:\/\/cinema.video\/it\/wp-json\/wp\/v2\/posts"}],"about":[{"href":"https:\/\/cinema.video\/it\/wp-json\/wp\/v2\/types\/post"}],"author":[{"embeddable":true,"href":"https:\/\/cinema.video\/it\/wp-json\/wp\/v2\/users\/2"}],"replies":[{"embeddable":true,"href":"https:\/\/cinema.video\/it\/wp-json\/wp\/v2\/comments?post=301646"}],"version-history":[{"count":1,"href":"https:\/\/cinema.video\/it\/wp-json\/wp\/v2\/posts\/301646\/revisions"}],"predecessor-version":[{"id":303180,"href":"https:\/\/cinema.video\/it\/wp-json\/wp\/v2\/posts\/301646\/revisions\/303180"}],"wp:featuredmedia":[{"embeddable":true,"href":"https:\/\/cinema.video\/it\/wp-json\/wp\/v2\/media\/301671"}],"wp:attachment":[{"href":"https:\/\/cinema.video\/it\/wp-json\/wp\/v2\/media?parent=301646"}],"wp:term":[{"taxonomy":"category","embeddable":true,"href":"https:\/\/cinema.video\/it\/wp-json\/wp\/v2\/categories?post=301646"},{"taxonomy":"post_tag","embeddable":true,"href":"https:\/\/cinema.video\/it\/wp-json\/wp\/v2\/tags?post=301646"}],"curies":[{"name":"wp","href":"https:\/\/api.w.org\/{rel}","templated":true}]}}