{"id":301500,"date":"2026-02-03T10:46:15","date_gmt":"2026-02-03T09:46:15","guid":{"rendered":"https:\/\/cinema.video\/?p=301500"},"modified":"2026-04-10T04:11:49","modified_gmt":"2026-04-10T02:11:49","slug":"irina-ignatiew-lemke-european-film-promotion","status":"publish","type":"post","link":"https:\/\/cinema.video\/it\/irina-ignatiew-lemke-european-film-promotion","title":{"rendered":"EFP Irina Ignatiew-Lemke \u00e8 la nuova direttrice"},"content":{"rendered":"\n<p class=\"wp-block-paragraph\"><strong>Irina Ignatiew-Lemke<\/strong> \u00e8 la nuova direttrice di <strong>European Film Promotion <\/strong>(EFP): la produttrice, che vanta oltre 25 anni di esperienza nell\u2019industria audiovisiva europea ed internazionale, che spazia dalla produzione e co-produzione, alla distribuzione, al finanziamento e al marketing, prender\u00e0 il posto di Sonja Heinen dal prossimo 1\u00b0 agosto.<\/p>\n\n\n\n<p class=\"wp-block-paragraph\">Il suo background comprende ruoli dirigenziali a Telepool, Red Arrow International and All3Media Fiction Deutschland, e un\u2019esperienza di vendite internazionali a Lionsgate Films a Los Angeles.<\/p>\n\n\n\n<p class=\"wp-block-paragraph\">Ha collaborato a progetti quali <em>Lilyhammer<\/em>,&nbsp;<em>Bosch<\/em>,&nbsp;<em>The 100 Code<\/em>,&nbsp;<em>Cleverman<\/em>&nbsp;and&nbsp;<em>Wild Republic, <\/em>e ha recentemente fondato la&nbsp;<\/p>\n\n\n\n<p class=\"wp-block-paragraph\">boutique company basata a <strong>Monaco Boxworks Media, <\/strong>che si dedica allo sviluppo e alla produzione di contenuti scripted internazionali.&nbsp;<\/p>\n\n\n\n<p class=\"wp-block-paragraph\">&#8220;Irina Ignatiew-Lemke combina una profonda conoscenza dell\u2019industria ad una prospettiva realmente internazionale\u201d ha dichiarato il presidente di EFP, <strong>V\u00edtor Pinheiro<\/strong>. \u201cComprende sia il lato creativo che aziendale dell\u2019industria cinematografica globale, ed ha una grande sensibilit\u00e0 per le diverse realt\u00e0 ed esigenze dei paesi membri della nostra associazione. Porter\u00e0 con s\u00e9 un approccio inclusivo che riconosce la ricchezza e le differenze all\u2019interno del network e una forte motivazione nei confronti della cooperazione europea. Siamo convinti che aiuter\u00e0 a rafforzare ulteriormente il nostro ruolo di network al servizio della promozione dei film e dei talenti europei nel mondo. Il board vuole anche ringraziare sinceramente Sonja Heinen&nbsp; per lo straordinario impegno e la sapiente guida di EFP negli ultimi dieci anni.\u201d<\/p>\n\n\n\n<p class=\"wp-block-paragraph\">\u201cIl cinema europeo ha una straordinaria forza creativa, diversit\u00e0 e rilevanza internazionale. Sono molto grata alla fiducia riservatami da EFP, che riveste un ruolo fondamentale nella sua promozione: non vedo l\u2019ora di iniziare a lavorare con il team e con i nostri partner internazionali.\u201d Ha commentato Ignatiew-Lemke.<\/p>\n","protected":false},"excerpt":{"rendered":"<p>Irina Ignatiew-Lemke \u00e8 la nuova direttrice di European Film Promotion (EFP): succeder\u00e0 a Sonja Heinen dal 1\u00b0 agosto<\/p>\n","protected":false},"author":26,"featured_media":301501,"comment_status":"closed","ping_status":"closed","sticky":false,"template":"","format":"standard","meta":{"googlesitekit_rrm_CAow3e7fCw:productID":"","_crdt_document":"","footnotes":""},"categories":[1690],"tags":[2333,294,356],"class_list":{"0":"post-301500","1":"post","2":"type-post","3":"status-publish","4":"format-standard","5":"has-post-thumbnail","7":"category-distribution","8":"tag-deals","9":"tag-european-film-promotion","10":"tag-focus"},"yoast_head":"<!-- This site is optimized with the Yoast SEO Premium plugin v27.4 (Yoast SEO v27.5) - https:\/\/yoast.com\/product\/yoast-seo-premium-wordpress\/ -->\n<title>EFP Irina Ignatiew-Lemke \u00e8 la nuova direttrice - Cinema &amp; Video International<\/title>\n<meta name=\"description\" content=\"EFP Irina Ignatiew-Lemke \u00e8 la nuova direttrice \u2013 efp irina ignatiewlemke la nuova direttrice. Irina Ignatiew-Lemke \u00e8 la nuova direttrice di European Film\" \/>\n<meta name=\"robots\" content=\"index, follow, max-snippet:-1, max-image-preview:large, max-video-preview:-1\" \/>\n<link rel=\"canonical\" href=\"https:\/\/cinema.video\/it\/irina-ignatiew-lemke-european-film-promotion\" \/>\n<meta property=\"og:locale\" content=\"it_IT\" \/>\n<meta property=\"og:type\" content=\"article\" \/>\n<meta property=\"og:title\" content=\"EFP Irina Ignatiew-Lemke \u00e8 la nuova direttrice\" \/>\n<meta property=\"og:description\" content=\"EFP Irina Ignatiew-Lemke \u00e8 la nuova direttrice \u2013 efp irina ignatiewlemke la nuova direttrice. Irina Ignatiew-Lemke \u00e8 la nuova direttrice di European Film\" \/>\n<meta property=\"og:url\" content=\"https:\/\/cinema.video\/it\/irina-ignatiew-lemke-european-film-promotion\" \/>\n<meta property=\"og:site_name\" content=\"Cinema &amp; Video International\" \/>\n<meta property=\"article:publisher\" content=\"https:\/\/www.facebook.com\/CinemaVideoInternational\/\" \/>\n<meta property=\"article:published_time\" content=\"2026-02-03T09:46:15+00:00\" \/>\n<meta property=\"article:modified_time\" content=\"2026-04-10T02:11:49+00:00\" \/>\n<meta property=\"og:image\" content=\"https:\/\/cinema.video\/wp-content\/uploads\/2026\/02\/Irina-Ignatiew-Lemke.jpeg\" \/>\n\t<meta property=\"og:image:width\" content=\"1920\" \/>\n\t<meta property=\"og:image:height\" content=\"1080\" \/>\n\t<meta property=\"og:image:type\" content=\"image\/jpeg\" \/>\n<meta name=\"author\" content=\"Redazione\" \/>\n<meta name=\"twitter:card\" content=\"summary_large_image\" \/>\n<meta name=\"twitter:label1\" content=\"Scritto da\" \/>\n\t<meta name=\"twitter:data1\" content=\"Redazione\" \/>\n\t<meta name=\"twitter:label2\" content=\"Tempo di lettura stimato\" \/>\n\t<meta name=\"twitter:data2\" content=\"2 minuti\" \/>\n<script type=\"application\/ld+json\" class=\"yoast-schema-graph\">{\"@context\":\"https:\\\/\\\/schema.org\",\"@graph\":[{\"@type\":\"Article\",\"@id\":\"https:\\\/\\\/cinema.video\\\/it\\\/irina-ignatiew-lemke-european-film-promotion#article\",\"isPartOf\":{\"@id\":\"https:\\\/\\\/cinema.video\\\/it\\\/irina-ignatiew-lemke-european-film-promotion\"},\"author\":{\"name\":\"Redazione\",\"@id\":\"https:\\\/\\\/cinema.video\\\/it#\\\/schema\\\/person\\\/aeb01b91d874e8b01e76a1db04c668c6\"},\"headline\":\"EFP Irina Ignatiew-Lemke \u00e8 la nuova direttrice\",\"datePublished\":\"2026-02-03T09:46:15+00:00\",\"dateModified\":\"2026-04-10T02:11:49+00:00\",\"mainEntityOfPage\":{\"@id\":\"https:\\\/\\\/cinema.video\\\/it\\\/irina-ignatiew-lemke-european-film-promotion\"},\"wordCount\":295,\"publisher\":{\"@id\":\"https:\\\/\\\/cinema.video\\\/it#organization\"},\"image\":{\"@id\":\"https:\\\/\\\/cinema.video\\\/it\\\/irina-ignatiew-lemke-european-film-promotion#primaryimage\"},\"thumbnailUrl\":\"https:\\\/\\\/cinema.video\\\/wp-content\\\/uploads\\\/2026\\\/02\\\/Irina-Ignatiew-Lemke.jpeg\",\"keywords\":[\"DEALS\",\"European Film Promotion\",\"focus\"],\"articleSection\":[\"DISTRIBUTION\"],\"inLanguage\":\"it-IT\"},{\"@type\":\"WebPage\",\"@id\":\"https:\\\/\\\/cinema.video\\\/it\\\/irina-ignatiew-lemke-european-film-promotion\",\"url\":\"https:\\\/\\\/cinema.video\\\/it\\\/irina-ignatiew-lemke-european-film-promotion\",\"name\":\"EFP Irina Ignatiew-Lemke \u00e8 la nuova direttrice - Cinema &amp; Video International\",\"isPartOf\":{\"@id\":\"https:\\\/\\\/cinema.video\\\/it#website\"},\"primaryImageOfPage\":{\"@id\":\"https:\\\/\\\/cinema.video\\\/it\\\/irina-ignatiew-lemke-european-film-promotion#primaryimage\"},\"image\":{\"@id\":\"https:\\\/\\\/cinema.video\\\/it\\\/irina-ignatiew-lemke-european-film-promotion#primaryimage\"},\"thumbnailUrl\":\"https:\\\/\\\/cinema.video\\\/wp-content\\\/uploads\\\/2026\\\/02\\\/Irina-Ignatiew-Lemke.jpeg\",\"datePublished\":\"2026-02-03T09:46:15+00:00\",\"dateModified\":\"2026-04-10T02:11:49+00:00\",\"description\":\"EFP Irina Ignatiew-Lemke \u00e8 la nuova direttrice \u2013 efp irina ignatiewlemke la nuova direttrice. Irina Ignatiew-Lemke \u00e8 la nuova direttrice di European Film\",\"breadcrumb\":{\"@id\":\"https:\\\/\\\/cinema.video\\\/it\\\/irina-ignatiew-lemke-european-film-promotion#breadcrumb\"},\"inLanguage\":\"it-IT\",\"potentialAction\":[{\"@type\":\"ReadAction\",\"target\":[\"https:\\\/\\\/cinema.video\\\/it\\\/irina-ignatiew-lemke-european-film-promotion\"]}]},{\"@type\":\"ImageObject\",\"inLanguage\":\"it-IT\",\"@id\":\"https:\\\/\\\/cinema.video\\\/it\\\/irina-ignatiew-lemke-european-film-promotion#primaryimage\",\"url\":\"https:\\\/\\\/cinema.video\\\/wp-content\\\/uploads\\\/2026\\\/02\\\/Irina-Ignatiew-Lemke.jpeg\",\"contentUrl\":\"https:\\\/\\\/cinema.video\\\/wp-content\\\/uploads\\\/2026\\\/02\\\/Irina-Ignatiew-Lemke.jpeg\",\"width\":1920,\"height\":1080,\"caption\":\"Irina Ignatiew-Lemke \u00e8 la nuova direttrice di European Film Promotion (EFP): succeder\u00e0 a Sonja Heinen dal 1\u00b0 agosto\"},{\"@type\":\"BreadcrumbList\",\"@id\":\"https:\\\/\\\/cinema.video\\\/it\\\/irina-ignatiew-lemke-european-film-promotion#breadcrumb\",\"itemListElement\":[{\"@type\":\"ListItem\",\"position\":1,\"name\":\"Home\",\"item\":\"https:\\\/\\\/cinema.video\\\/it\\\/home-2\"},{\"@type\":\"ListItem\",\"position\":2,\"name\":\"EFP Irina Ignatiew-Lemke \u00e8 la nuova direttrice\"}]},{\"@type\":\"WebSite\",\"@id\":\"https:\\\/\\\/cinema.video\\\/it#website\",\"url\":\"https:\\\/\\\/cinema.video\\\/it\",\"name\":\"Cinema & Video International\",\"description\":\"Film &amp; Audiovisual Industry Trade Magazine\",\"publisher\":{\"@id\":\"https:\\\/\\\/cinema.video\\\/it#organization\"},\"alternateName\":\"Cinema & Video\",\"potentialAction\":[{\"@type\":\"SearchAction\",\"target\":{\"@type\":\"EntryPoint\",\"urlTemplate\":\"https:\\\/\\\/cinema.video\\\/it?s={search_term_string}\"},\"query-input\":{\"@type\":\"PropertyValueSpecification\",\"valueRequired\":true,\"valueName\":\"search_term_string\"}}],\"inLanguage\":\"it-IT\"},{\"@type\":\"Organization\",\"@id\":\"https:\\\/\\\/cinema.video\\\/it#organization\",\"name\":\"Cinema & Video\",\"url\":\"https:\\\/\\\/cinema.video\\\/it\",\"logo\":{\"@type\":\"ImageObject\",\"inLanguage\":\"it-IT\",\"@id\":\"https:\\\/\\\/cinema.video\\\/it#\\\/schema\\\/logo\\\/image\\\/\",\"url\":\"https:\\\/\\\/cinema.video\\\/wp-content\\\/uploads\\\/2026\\\/04\\\/CinemVideo_LogoBlack.png\",\"contentUrl\":\"https:\\\/\\\/cinema.video\\\/wp-content\\\/uploads\\\/2026\\\/04\\\/CinemVideo_LogoBlack.png\",\"width\":1336,\"height\":224,\"caption\":\"Cinema & Video\"},\"image\":{\"@id\":\"https:\\\/\\\/cinema.video\\\/it#\\\/schema\\\/logo\\\/image\\\/\"},\"sameAs\":[\"https:\\\/\\\/www.facebook.com\\\/CinemaVideoInternational\\\/\",\"https:\\\/\\\/www.instagram.com\\\/cinemaevideointernational\\\/\",\"https:\\\/\\\/it.linkedin.com\\\/company\\\/cinema-video-international\"],\"description\":\"Media Consulting & Marketing Agency\",\"email\":\"hello@darostudio.com\",\"legalName\":\"DARO studio LLC\",\"foundingDate\":\"2021-02-16\",\"numberOfEmployees\":{\"@type\":\"QuantitativeValue\",\"minValue\":\"1\",\"maxValue\":\"10\"}},{\"@type\":\"Person\",\"@id\":\"https:\\\/\\\/cinema.video\\\/it#\\\/schema\\\/person\\\/aeb01b91d874e8b01e76a1db04c668c6\",\"name\":\"Redazione\",\"image\":{\"@type\":\"ImageObject\",\"inLanguage\":\"it-IT\",\"@id\":\"https:\\\/\\\/secure.gravatar.com\\\/avatar\\\/06ad6f92eb14745b75fb592cadf8139d33242d81c9c8b085133c450aaf0b9731?s=96&d=mm&r=g\",\"url\":\"https:\\\/\\\/secure.gravatar.com\\\/avatar\\\/06ad6f92eb14745b75fb592cadf8139d33242d81c9c8b085133c450aaf0b9731?s=96&d=mm&r=g\",\"contentUrl\":\"https:\\\/\\\/secure.gravatar.com\\\/avatar\\\/06ad6f92eb14745b75fb592cadf8139d33242d81c9c8b085133c450aaf0b9731?s=96&d=mm&r=g\",\"caption\":\"Redazione\"},\"url\":\"https:\\\/\\\/cinema.video\\\/it\\\/author\\\/redazione\"}]}<\/script>\n<!-- \/ Yoast SEO Premium plugin. -->","yoast_head_json":{"title":"EFP Irina Ignatiew-Lemke \u00e8 la nuova direttrice - Cinema &amp; Video International","description":"EFP Irina Ignatiew-Lemke \u00e8 la nuova direttrice \u2013 efp irina ignatiewlemke la nuova direttrice. Irina Ignatiew-Lemke \u00e8 la nuova direttrice di European Film","robots":{"index":"index","follow":"follow","max-snippet":"max-snippet:-1","max-image-preview":"max-image-preview:large","max-video-preview":"max-video-preview:-1"},"canonical":"https:\/\/cinema.video\/it\/irina-ignatiew-lemke-european-film-promotion","og_locale":"it_IT","og_type":"article","og_title":"EFP Irina Ignatiew-Lemke \u00e8 la nuova direttrice","og_description":"EFP Irina Ignatiew-Lemke \u00e8 la nuova direttrice \u2013 efp irina ignatiewlemke la nuova direttrice. Irina Ignatiew-Lemke \u00e8 la nuova direttrice di European Film","og_url":"https:\/\/cinema.video\/it\/irina-ignatiew-lemke-european-film-promotion","og_site_name":"Cinema &amp; Video International","article_publisher":"https:\/\/www.facebook.com\/CinemaVideoInternational\/","article_published_time":"2026-02-03T09:46:15+00:00","article_modified_time":"2026-04-10T02:11:49+00:00","og_image":[{"width":1920,"height":1080,"url":"https:\/\/cinema.video\/wp-content\/uploads\/2026\/02\/Irina-Ignatiew-Lemke.jpeg","type":"image\/jpeg"}],"author":"Redazione","twitter_card":"summary_large_image","twitter_misc":{"Scritto da":"Redazione","Tempo di lettura stimato":"2 minuti"},"schema":{"@context":"https:\/\/schema.org","@graph":[{"@type":"Article","@id":"https:\/\/cinema.video\/it\/irina-ignatiew-lemke-european-film-promotion#article","isPartOf":{"@id":"https:\/\/cinema.video\/it\/irina-ignatiew-lemke-european-film-promotion"},"author":{"name":"Redazione","@id":"https:\/\/cinema.video\/it#\/schema\/person\/aeb01b91d874e8b01e76a1db04c668c6"},"headline":"EFP Irina Ignatiew-Lemke \u00e8 la nuova direttrice","datePublished":"2026-02-03T09:46:15+00:00","dateModified":"2026-04-10T02:11:49+00:00","mainEntityOfPage":{"@id":"https:\/\/cinema.video\/it\/irina-ignatiew-lemke-european-film-promotion"},"wordCount":295,"publisher":{"@id":"https:\/\/cinema.video\/it#organization"},"image":{"@id":"https:\/\/cinema.video\/it\/irina-ignatiew-lemke-european-film-promotion#primaryimage"},"thumbnailUrl":"https:\/\/cinema.video\/wp-content\/uploads\/2026\/02\/Irina-Ignatiew-Lemke.jpeg","keywords":["DEALS","European Film Promotion","focus"],"articleSection":["DISTRIBUTION"],"inLanguage":"it-IT"},{"@type":"WebPage","@id":"https:\/\/cinema.video\/it\/irina-ignatiew-lemke-european-film-promotion","url":"https:\/\/cinema.video\/it\/irina-ignatiew-lemke-european-film-promotion","name":"EFP Irina Ignatiew-Lemke \u00e8 la nuova direttrice - Cinema &amp; Video International","isPartOf":{"@id":"https:\/\/cinema.video\/it#website"},"primaryImageOfPage":{"@id":"https:\/\/cinema.video\/it\/irina-ignatiew-lemke-european-film-promotion#primaryimage"},"image":{"@id":"https:\/\/cinema.video\/it\/irina-ignatiew-lemke-european-film-promotion#primaryimage"},"thumbnailUrl":"https:\/\/cinema.video\/wp-content\/uploads\/2026\/02\/Irina-Ignatiew-Lemke.jpeg","datePublished":"2026-02-03T09:46:15+00:00","dateModified":"2026-04-10T02:11:49+00:00","description":"EFP Irina Ignatiew-Lemke \u00e8 la nuova direttrice \u2013 efp irina ignatiewlemke la nuova direttrice. Irina Ignatiew-Lemke \u00e8 la nuova direttrice di European Film","breadcrumb":{"@id":"https:\/\/cinema.video\/it\/irina-ignatiew-lemke-european-film-promotion#breadcrumb"},"inLanguage":"it-IT","potentialAction":[{"@type":"ReadAction","target":["https:\/\/cinema.video\/it\/irina-ignatiew-lemke-european-film-promotion"]}]},{"@type":"ImageObject","inLanguage":"it-IT","@id":"https:\/\/cinema.video\/it\/irina-ignatiew-lemke-european-film-promotion#primaryimage","url":"https:\/\/cinema.video\/wp-content\/uploads\/2026\/02\/Irina-Ignatiew-Lemke.jpeg","contentUrl":"https:\/\/cinema.video\/wp-content\/uploads\/2026\/02\/Irina-Ignatiew-Lemke.jpeg","width":1920,"height":1080,"caption":"Irina Ignatiew-Lemke \u00e8 la nuova direttrice di European Film Promotion (EFP): succeder\u00e0 a Sonja Heinen dal 1\u00b0 agosto"},{"@type":"BreadcrumbList","@id":"https:\/\/cinema.video\/it\/irina-ignatiew-lemke-european-film-promotion#breadcrumb","itemListElement":[{"@type":"ListItem","position":1,"name":"Home","item":"https:\/\/cinema.video\/it\/home-2"},{"@type":"ListItem","position":2,"name":"EFP Irina Ignatiew-Lemke \u00e8 la nuova direttrice"}]},{"@type":"WebSite","@id":"https:\/\/cinema.video\/it#website","url":"https:\/\/cinema.video\/it","name":"Cinema & Video International","description":"Film &amp; Audiovisual Industry Trade Magazine","publisher":{"@id":"https:\/\/cinema.video\/it#organization"},"alternateName":"Cinema & Video","potentialAction":[{"@type":"SearchAction","target":{"@type":"EntryPoint","urlTemplate":"https:\/\/cinema.video\/it?s={search_term_string}"},"query-input":{"@type":"PropertyValueSpecification","valueRequired":true,"valueName":"search_term_string"}}],"inLanguage":"it-IT"},{"@type":"Organization","@id":"https:\/\/cinema.video\/it#organization","name":"Cinema & Video","url":"https:\/\/cinema.video\/it","logo":{"@type":"ImageObject","inLanguage":"it-IT","@id":"https:\/\/cinema.video\/it#\/schema\/logo\/image\/","url":"https:\/\/cinema.video\/wp-content\/uploads\/2026\/04\/CinemVideo_LogoBlack.png","contentUrl":"https:\/\/cinema.video\/wp-content\/uploads\/2026\/04\/CinemVideo_LogoBlack.png","width":1336,"height":224,"caption":"Cinema & Video"},"image":{"@id":"https:\/\/cinema.video\/it#\/schema\/logo\/image\/"},"sameAs":["https:\/\/www.facebook.com\/CinemaVideoInternational\/","https:\/\/www.instagram.com\/cinemaevideointernational\/","https:\/\/it.linkedin.com\/company\/cinema-video-international"],"description":"Media Consulting & Marketing Agency","email":"hello@darostudio.com","legalName":"DARO studio LLC","foundingDate":"2021-02-16","numberOfEmployees":{"@type":"QuantitativeValue","minValue":"1","maxValue":"10"}},{"@type":"Person","@id":"https:\/\/cinema.video\/it#\/schema\/person\/aeb01b91d874e8b01e76a1db04c668c6","name":"Redazione","image":{"@type":"ImageObject","inLanguage":"it-IT","@id":"https:\/\/secure.gravatar.com\/avatar\/06ad6f92eb14745b75fb592cadf8139d33242d81c9c8b085133c450aaf0b9731?s=96&d=mm&r=g","url":"https:\/\/secure.gravatar.com\/avatar\/06ad6f92eb14745b75fb592cadf8139d33242d81c9c8b085133c450aaf0b9731?s=96&d=mm&r=g","contentUrl":"https:\/\/secure.gravatar.com\/avatar\/06ad6f92eb14745b75fb592cadf8139d33242d81c9c8b085133c450aaf0b9731?s=96&d=mm&r=g","caption":"Redazione"},"url":"https:\/\/cinema.video\/it\/author\/redazione"}]}},"jetpack_featured_media_url":"https:\/\/cinema.video\/wp-content\/uploads\/2026\/02\/Irina-Ignatiew-Lemke.jpeg","jetpack_shortlink":"https:\/\/wp.me\/ph672m-1gqU","_links":{"self":[{"href":"https:\/\/cinema.video\/it\/wp-json\/wp\/v2\/posts\/301500","targetHints":{"allow":["GET"]}}],"collection":[{"href":"https:\/\/cinema.video\/it\/wp-json\/wp\/v2\/posts"}],"about":[{"href":"https:\/\/cinema.video\/it\/wp-json\/wp\/v2\/types\/post"}],"author":[{"embeddable":true,"href":"https:\/\/cinema.video\/it\/wp-json\/wp\/v2\/users\/26"}],"replies":[{"embeddable":true,"href":"https:\/\/cinema.video\/it\/wp-json\/wp\/v2\/comments?post=301500"}],"version-history":[{"count":2,"href":"https:\/\/cinema.video\/it\/wp-json\/wp\/v2\/posts\/301500\/revisions"}],"predecessor-version":[{"id":309857,"href":"https:\/\/cinema.video\/it\/wp-json\/wp\/v2\/posts\/301500\/revisions\/309857"}],"wp:featuredmedia":[{"embeddable":true,"href":"https:\/\/cinema.video\/it\/wp-json\/wp\/v2\/media\/301501"}],"wp:attachment":[{"href":"https:\/\/cinema.video\/it\/wp-json\/wp\/v2\/media?parent=301500"}],"wp:term":[{"taxonomy":"category","embeddable":true,"href":"https:\/\/cinema.video\/it\/wp-json\/wp\/v2\/categories?post=301500"},{"taxonomy":"post_tag","embeddable":true,"href":"https:\/\/cinema.video\/it\/wp-json\/wp\/v2\/tags?post=301500"}],"curies":[{"name":"wp","href":"https:\/\/api.w.org\/{rel}","templated":true}]}}