{"id":301318,"date":"2025-12-15T16:52:18","date_gmt":"2025-12-15T15:52:18","guid":{"rendered":"https:\/\/cinema.video\/?p=301318"},"modified":"2026-04-10T04:11:28","modified_gmt":"2026-04-10T02:11:28","slug":"local-roots-global-roles-roma-lazio-film-commission","status":"publish","type":"post","link":"https:\/\/cinema.video\/it\/local-roots-global-roles-roma-lazio-film-commission","title":{"rendered":"Roma Lazio Film Commission Talenti locali per mercati globali"},"content":{"rendered":"\n<p class=\"wp-block-paragraph\">Si \u00e8 conclusa il 13 dicembre la prima edizione di <strong>Local Roots, Global Roles<\/strong>, workshop organizzato dalla <strong>Fondazione Roma Lazio Film Commission <\/strong>con <strong>Filmmakers Europe OneMinuteMonologue, <\/strong>dedicato alle giovani attrici e ai giovani attori del Lazio all\u2019interno di in un nuovo progetto di formazione di alto livello della Fondazione RLFC.<\/p>\n\n\n\n<p class=\"wp-block-paragraph\">L\u2019iniziativa si propone di potenziare le professionalit\u00e0 del territorio per meglio affrontare il mercato internazionale.<\/p>\n\n\n\n<p class=\"wp-block-paragraph\">Con oltre 250 candidature da tutto il territorio regionale, la selezione finale del workshop ha individuato 24 giovani interpreti, per un percorso intensivo di due giorni, articolato in tre sessioni di lavoro guidate da alcuni tra i pi\u00f9 autorevoli casting directors italiani ed europei: <strong>Anja Dihrberg-Sieble (DE), Francesco Vedovati (IT), Kate Rhodes James (UK), Laura Muccino (IT), Maurilio Mangano (IT) <\/strong>e <strong>Nathalie Ch\u00e9ron (FR)<\/strong>.<\/p>\n\n\n\n<p class=\"wp-block-paragraph\">Durante i lavori, i partecipanti hanno avuto l\u2019opportunit\u00e0 di confrontarsi direttamente con i professionisti su temi fondamentali per la preparazione attoriale contemporanea, tra cui <em>chemistry<\/em> <em>reading<\/em> ,tecniche di<em> self-taping<\/em>, visibilit\u00e0 e opportunit\u00e0 internazionali, modalit\u00e0 di lavoro dei casting directors nei diversi Paesi.<\/p>\n\n\n\n<p class=\"wp-block-paragraph\">Al fine di ampliare al massimo il raggio formativo, il workshop ha previsto una sessione extra aperta anche ai candidati non selezionati, offrendo cos\u00ec a tutti una preziosa occasione di dialogo, confronto e crescita professionale, grazie all\u2019incontro con figure di rilievo del settore cine-audiovisivo.<\/p>\n\n\n\n<p class=\"wp-block-paragraph\">Con questa prima edizione, recita il comunicato, laFondazione Roma Lazio Film Commission <strong>\u201c<\/strong>conferma la propria visione in ambito formativo: costruire percorsi di eccellenza e rafforzare la competitivit\u00e0 del territorio, accompagnando i talenti del Lazio verso una crescita di qualit\u00e0, per prepararli anche ad affrontare contesti lavorativi internazionali\u201d.<\/p>\n","protected":false},"excerpt":{"rendered":"<p>Concluso il 13 dicembre Local Roots, Global Roles, un nuovo progetto di formazione  della Fondazione RLFC dedicato a giovani attrici e attori del Lazio, organizzato con Filmmakers Europe OneMinuteMonologue<\/p>\n","protected":false},"author":26,"featured_media":301320,"comment_status":"closed","ping_status":"closed","sticky":false,"template":"","format":"standard","meta":{"googlesitekit_rrm_CAow3e7fCw:productID":"","_crdt_document":"","footnotes":""},"categories":[1691],"tags":[243,2337,488],"class_list":{"0":"post-301318","1":"post","2":"type-post","3":"status-publish","4":"format-standard","5":"has-post-thumbnail","7":"category-learning","8":"tag-italian-film-commissions","9":"tag-learning","10":"tag-roma-lazio-film-commission"},"yoast_head":"<!-- This site is optimized with the Yoast SEO Premium plugin v27.4 (Yoast SEO v27.5) - https:\/\/yoast.com\/product\/yoast-seo-premium-wordpress\/ -->\n<title>Roma Lazio Film Commission Talenti locali per mercati globali - Cinema &amp; Video International<\/title>\n<meta name=\"description\" content=\"Roma Lazio Film Commission Talenti locali per mercati globali \u2013 roma lazio film commission talenti locali. Si \u00e8 conclusa il 13 dicembre la prima edizione\" \/>\n<meta name=\"robots\" content=\"index, follow, max-snippet:-1, max-image-preview:large, max-video-preview:-1\" \/>\n<link rel=\"canonical\" href=\"https:\/\/cinema.video\/it\/local-roots-global-roles-roma-lazio-film-commission\" \/>\n<meta property=\"og:locale\" content=\"it_IT\" \/>\n<meta property=\"og:type\" content=\"article\" \/>\n<meta property=\"og:title\" content=\"Roma Lazio Film Commission Talenti locali per mercati globali\" \/>\n<meta property=\"og:description\" content=\"Roma Lazio Film Commission Talenti locali per mercati globali \u2013 roma lazio film commission talenti locali. Si \u00e8 conclusa il 13 dicembre la prima edizione\" \/>\n<meta property=\"og:url\" content=\"https:\/\/cinema.video\/it\/local-roots-global-roles-roma-lazio-film-commission\" \/>\n<meta property=\"og:site_name\" content=\"Cinema &amp; Video International\" \/>\n<meta property=\"article:publisher\" content=\"https:\/\/www.facebook.com\/CinemaVideoInternational\/\" \/>\n<meta property=\"article:published_time\" content=\"2025-12-15T15:52:18+00:00\" \/>\n<meta property=\"article:modified_time\" content=\"2026-04-10T02:11:28+00:00\" \/>\n<meta property=\"og:image\" content=\"https:\/\/cinema.video\/wp-content\/uploads\/2025\/12\/Foto-1-1.jpg\" \/>\n\t<meta property=\"og:image:width\" content=\"935\" \/>\n\t<meta property=\"og:image:height\" content=\"715\" \/>\n\t<meta property=\"og:image:type\" content=\"image\/jpeg\" \/>\n<meta name=\"author\" content=\"Redazione\" \/>\n<meta name=\"twitter:card\" content=\"summary_large_image\" \/>\n<meta name=\"twitter:label1\" content=\"Scritto da\" \/>\n\t<meta name=\"twitter:data1\" content=\"Redazione\" \/>\n\t<meta name=\"twitter:label2\" content=\"Tempo di lettura stimato\" \/>\n\t<meta name=\"twitter:data2\" content=\"2 minuti\" \/>\n<script type=\"application\/ld+json\" class=\"yoast-schema-graph\">{\"@context\":\"https:\\\/\\\/schema.org\",\"@graph\":[{\"@type\":\"Article\",\"@id\":\"https:\\\/\\\/cinema.video\\\/it\\\/local-roots-global-roles-roma-lazio-film-commission#article\",\"isPartOf\":{\"@id\":\"https:\\\/\\\/cinema.video\\\/it\\\/local-roots-global-roles-roma-lazio-film-commission\"},\"author\":{\"name\":\"Redazione\",\"@id\":\"https:\\\/\\\/cinema.video\\\/it#\\\/schema\\\/person\\\/aeb01b91d874e8b01e76a1db04c668c6\"},\"headline\":\"Roma Lazio Film Commission Talenti locali per mercati globali\",\"datePublished\":\"2025-12-15T15:52:18+00:00\",\"dateModified\":\"2026-04-10T02:11:28+00:00\",\"mainEntityOfPage\":{\"@id\":\"https:\\\/\\\/cinema.video\\\/it\\\/local-roots-global-roles-roma-lazio-film-commission\"},\"wordCount\":272,\"publisher\":{\"@id\":\"https:\\\/\\\/cinema.video\\\/it#organization\"},\"image\":{\"@id\":\"https:\\\/\\\/cinema.video\\\/it\\\/local-roots-global-roles-roma-lazio-film-commission#primaryimage\"},\"thumbnailUrl\":\"https:\\\/\\\/cinema.video\\\/wp-content\\\/uploads\\\/2025\\\/12\\\/Foto-1-1.jpg\",\"keywords\":[\"ITALIAN FILM COMMISSIONS\",\"LEARNING\",\"Roma Lazio Film Commission\"],\"articleSection\":[\"LEARNING\"],\"inLanguage\":\"it-IT\"},{\"@type\":\"WebPage\",\"@id\":\"https:\\\/\\\/cinema.video\\\/it\\\/local-roots-global-roles-roma-lazio-film-commission\",\"url\":\"https:\\\/\\\/cinema.video\\\/it\\\/local-roots-global-roles-roma-lazio-film-commission\",\"name\":\"Roma Lazio Film Commission Talenti locali per mercati globali - Cinema &amp; Video International\",\"isPartOf\":{\"@id\":\"https:\\\/\\\/cinema.video\\\/it#website\"},\"primaryImageOfPage\":{\"@id\":\"https:\\\/\\\/cinema.video\\\/it\\\/local-roots-global-roles-roma-lazio-film-commission#primaryimage\"},\"image\":{\"@id\":\"https:\\\/\\\/cinema.video\\\/it\\\/local-roots-global-roles-roma-lazio-film-commission#primaryimage\"},\"thumbnailUrl\":\"https:\\\/\\\/cinema.video\\\/wp-content\\\/uploads\\\/2025\\\/12\\\/Foto-1-1.jpg\",\"datePublished\":\"2025-12-15T15:52:18+00:00\",\"dateModified\":\"2026-04-10T02:11:28+00:00\",\"description\":\"Roma Lazio Film Commission Talenti locali per mercati globali \u2013 roma lazio film commission talenti locali. Si \u00e8 conclusa il 13 dicembre la prima edizione\",\"breadcrumb\":{\"@id\":\"https:\\\/\\\/cinema.video\\\/it\\\/local-roots-global-roles-roma-lazio-film-commission#breadcrumb\"},\"inLanguage\":\"it-IT\",\"potentialAction\":[{\"@type\":\"ReadAction\",\"target\":[\"https:\\\/\\\/cinema.video\\\/it\\\/local-roots-global-roles-roma-lazio-film-commission\"]}]},{\"@type\":\"ImageObject\",\"inLanguage\":\"it-IT\",\"@id\":\"https:\\\/\\\/cinema.video\\\/it\\\/local-roots-global-roles-roma-lazio-film-commission#primaryimage\",\"url\":\"https:\\\/\\\/cinema.video\\\/wp-content\\\/uploads\\\/2025\\\/12\\\/Foto-1-1.jpg\",\"contentUrl\":\"https:\\\/\\\/cinema.video\\\/wp-content\\\/uploads\\\/2025\\\/12\\\/Foto-1-1.jpg\",\"width\":935,\"height\":715},{\"@type\":\"BreadcrumbList\",\"@id\":\"https:\\\/\\\/cinema.video\\\/it\\\/local-roots-global-roles-roma-lazio-film-commission#breadcrumb\",\"itemListElement\":[{\"@type\":\"ListItem\",\"position\":1,\"name\":\"Home\",\"item\":\"https:\\\/\\\/cinema.video\\\/it\\\/home-2\"},{\"@type\":\"ListItem\",\"position\":2,\"name\":\"Roma Lazio Film Commission Talenti locali per mercati globali\"}]},{\"@type\":\"WebSite\",\"@id\":\"https:\\\/\\\/cinema.video\\\/it#website\",\"url\":\"https:\\\/\\\/cinema.video\\\/it\",\"name\":\"Cinema & Video International\",\"description\":\"Film &amp; Audiovisual Industry Trade Magazine\",\"publisher\":{\"@id\":\"https:\\\/\\\/cinema.video\\\/it#organization\"},\"alternateName\":\"Cinema & Video\",\"potentialAction\":[{\"@type\":\"SearchAction\",\"target\":{\"@type\":\"EntryPoint\",\"urlTemplate\":\"https:\\\/\\\/cinema.video\\\/it?s={search_term_string}\"},\"query-input\":{\"@type\":\"PropertyValueSpecification\",\"valueRequired\":true,\"valueName\":\"search_term_string\"}}],\"inLanguage\":\"it-IT\"},{\"@type\":\"Organization\",\"@id\":\"https:\\\/\\\/cinema.video\\\/it#organization\",\"name\":\"Cinema & Video\",\"url\":\"https:\\\/\\\/cinema.video\\\/it\",\"logo\":{\"@type\":\"ImageObject\",\"inLanguage\":\"it-IT\",\"@id\":\"https:\\\/\\\/cinema.video\\\/it#\\\/schema\\\/logo\\\/image\\\/\",\"url\":\"https:\\\/\\\/cinema.video\\\/wp-content\\\/uploads\\\/2026\\\/04\\\/CinemVideo_LogoBlack.png\",\"contentUrl\":\"https:\\\/\\\/cinema.video\\\/wp-content\\\/uploads\\\/2026\\\/04\\\/CinemVideo_LogoBlack.png\",\"width\":1336,\"height\":224,\"caption\":\"Cinema & Video\"},\"image\":{\"@id\":\"https:\\\/\\\/cinema.video\\\/it#\\\/schema\\\/logo\\\/image\\\/\"},\"sameAs\":[\"https:\\\/\\\/www.facebook.com\\\/CinemaVideoInternational\\\/\",\"https:\\\/\\\/www.instagram.com\\\/cinemaevideointernational\\\/\",\"https:\\\/\\\/it.linkedin.com\\\/company\\\/cinema-video-international\"],\"description\":\"Media Consulting & Marketing Agency\",\"email\":\"hello@darostudio.com\",\"legalName\":\"DARO studio LLC\",\"foundingDate\":\"2021-02-16\",\"numberOfEmployees\":{\"@type\":\"QuantitativeValue\",\"minValue\":\"1\",\"maxValue\":\"10\"}},{\"@type\":\"Person\",\"@id\":\"https:\\\/\\\/cinema.video\\\/it#\\\/schema\\\/person\\\/aeb01b91d874e8b01e76a1db04c668c6\",\"name\":\"Redazione\",\"image\":{\"@type\":\"ImageObject\",\"inLanguage\":\"it-IT\",\"@id\":\"https:\\\/\\\/secure.gravatar.com\\\/avatar\\\/06ad6f92eb14745b75fb592cadf8139d33242d81c9c8b085133c450aaf0b9731?s=96&d=mm&r=g\",\"url\":\"https:\\\/\\\/secure.gravatar.com\\\/avatar\\\/06ad6f92eb14745b75fb592cadf8139d33242d81c9c8b085133c450aaf0b9731?s=96&d=mm&r=g\",\"contentUrl\":\"https:\\\/\\\/secure.gravatar.com\\\/avatar\\\/06ad6f92eb14745b75fb592cadf8139d33242d81c9c8b085133c450aaf0b9731?s=96&d=mm&r=g\",\"caption\":\"Redazione\"},\"url\":\"https:\\\/\\\/cinema.video\\\/it\\\/author\\\/redazione\"}]}<\/script>\n<!-- \/ Yoast SEO Premium plugin. -->","yoast_head_json":{"title":"Roma Lazio Film Commission Talenti locali per mercati globali - Cinema &amp; Video International","description":"Roma Lazio Film Commission Talenti locali per mercati globali \u2013 roma lazio film commission talenti locali. Si \u00e8 conclusa il 13 dicembre la prima edizione","robots":{"index":"index","follow":"follow","max-snippet":"max-snippet:-1","max-image-preview":"max-image-preview:large","max-video-preview":"max-video-preview:-1"},"canonical":"https:\/\/cinema.video\/it\/local-roots-global-roles-roma-lazio-film-commission","og_locale":"it_IT","og_type":"article","og_title":"Roma Lazio Film Commission Talenti locali per mercati globali","og_description":"Roma Lazio Film Commission Talenti locali per mercati globali \u2013 roma lazio film commission talenti locali. Si \u00e8 conclusa il 13 dicembre la prima edizione","og_url":"https:\/\/cinema.video\/it\/local-roots-global-roles-roma-lazio-film-commission","og_site_name":"Cinema &amp; Video International","article_publisher":"https:\/\/www.facebook.com\/CinemaVideoInternational\/","article_published_time":"2025-12-15T15:52:18+00:00","article_modified_time":"2026-04-10T02:11:28+00:00","og_image":[{"width":935,"height":715,"url":"https:\/\/cinema.video\/wp-content\/uploads\/2025\/12\/Foto-1-1.jpg","type":"image\/jpeg"}],"author":"Redazione","twitter_card":"summary_large_image","twitter_misc":{"Scritto da":"Redazione","Tempo di lettura stimato":"2 minuti"},"schema":{"@context":"https:\/\/schema.org","@graph":[{"@type":"Article","@id":"https:\/\/cinema.video\/it\/local-roots-global-roles-roma-lazio-film-commission#article","isPartOf":{"@id":"https:\/\/cinema.video\/it\/local-roots-global-roles-roma-lazio-film-commission"},"author":{"name":"Redazione","@id":"https:\/\/cinema.video\/it#\/schema\/person\/aeb01b91d874e8b01e76a1db04c668c6"},"headline":"Roma Lazio Film Commission Talenti locali per mercati globali","datePublished":"2025-12-15T15:52:18+00:00","dateModified":"2026-04-10T02:11:28+00:00","mainEntityOfPage":{"@id":"https:\/\/cinema.video\/it\/local-roots-global-roles-roma-lazio-film-commission"},"wordCount":272,"publisher":{"@id":"https:\/\/cinema.video\/it#organization"},"image":{"@id":"https:\/\/cinema.video\/it\/local-roots-global-roles-roma-lazio-film-commission#primaryimage"},"thumbnailUrl":"https:\/\/cinema.video\/wp-content\/uploads\/2025\/12\/Foto-1-1.jpg","keywords":["ITALIAN FILM COMMISSIONS","LEARNING","Roma Lazio Film Commission"],"articleSection":["LEARNING"],"inLanguage":"it-IT"},{"@type":"WebPage","@id":"https:\/\/cinema.video\/it\/local-roots-global-roles-roma-lazio-film-commission","url":"https:\/\/cinema.video\/it\/local-roots-global-roles-roma-lazio-film-commission","name":"Roma Lazio Film Commission Talenti locali per mercati globali - Cinema &amp; Video International","isPartOf":{"@id":"https:\/\/cinema.video\/it#website"},"primaryImageOfPage":{"@id":"https:\/\/cinema.video\/it\/local-roots-global-roles-roma-lazio-film-commission#primaryimage"},"image":{"@id":"https:\/\/cinema.video\/it\/local-roots-global-roles-roma-lazio-film-commission#primaryimage"},"thumbnailUrl":"https:\/\/cinema.video\/wp-content\/uploads\/2025\/12\/Foto-1-1.jpg","datePublished":"2025-12-15T15:52:18+00:00","dateModified":"2026-04-10T02:11:28+00:00","description":"Roma Lazio Film Commission Talenti locali per mercati globali \u2013 roma lazio film commission talenti locali. Si \u00e8 conclusa il 13 dicembre la prima edizione","breadcrumb":{"@id":"https:\/\/cinema.video\/it\/local-roots-global-roles-roma-lazio-film-commission#breadcrumb"},"inLanguage":"it-IT","potentialAction":[{"@type":"ReadAction","target":["https:\/\/cinema.video\/it\/local-roots-global-roles-roma-lazio-film-commission"]}]},{"@type":"ImageObject","inLanguage":"it-IT","@id":"https:\/\/cinema.video\/it\/local-roots-global-roles-roma-lazio-film-commission#primaryimage","url":"https:\/\/cinema.video\/wp-content\/uploads\/2025\/12\/Foto-1-1.jpg","contentUrl":"https:\/\/cinema.video\/wp-content\/uploads\/2025\/12\/Foto-1-1.jpg","width":935,"height":715},{"@type":"BreadcrumbList","@id":"https:\/\/cinema.video\/it\/local-roots-global-roles-roma-lazio-film-commission#breadcrumb","itemListElement":[{"@type":"ListItem","position":1,"name":"Home","item":"https:\/\/cinema.video\/it\/home-2"},{"@type":"ListItem","position":2,"name":"Roma Lazio Film Commission Talenti locali per mercati globali"}]},{"@type":"WebSite","@id":"https:\/\/cinema.video\/it#website","url":"https:\/\/cinema.video\/it","name":"Cinema & Video International","description":"Film &amp; Audiovisual Industry Trade Magazine","publisher":{"@id":"https:\/\/cinema.video\/it#organization"},"alternateName":"Cinema & Video","potentialAction":[{"@type":"SearchAction","target":{"@type":"EntryPoint","urlTemplate":"https:\/\/cinema.video\/it?s={search_term_string}"},"query-input":{"@type":"PropertyValueSpecification","valueRequired":true,"valueName":"search_term_string"}}],"inLanguage":"it-IT"},{"@type":"Organization","@id":"https:\/\/cinema.video\/it#organization","name":"Cinema & Video","url":"https:\/\/cinema.video\/it","logo":{"@type":"ImageObject","inLanguage":"it-IT","@id":"https:\/\/cinema.video\/it#\/schema\/logo\/image\/","url":"https:\/\/cinema.video\/wp-content\/uploads\/2026\/04\/CinemVideo_LogoBlack.png","contentUrl":"https:\/\/cinema.video\/wp-content\/uploads\/2026\/04\/CinemVideo_LogoBlack.png","width":1336,"height":224,"caption":"Cinema & Video"},"image":{"@id":"https:\/\/cinema.video\/it#\/schema\/logo\/image\/"},"sameAs":["https:\/\/www.facebook.com\/CinemaVideoInternational\/","https:\/\/www.instagram.com\/cinemaevideointernational\/","https:\/\/it.linkedin.com\/company\/cinema-video-international"],"description":"Media Consulting & Marketing Agency","email":"hello@darostudio.com","legalName":"DARO studio LLC","foundingDate":"2021-02-16","numberOfEmployees":{"@type":"QuantitativeValue","minValue":"1","maxValue":"10"}},{"@type":"Person","@id":"https:\/\/cinema.video\/it#\/schema\/person\/aeb01b91d874e8b01e76a1db04c668c6","name":"Redazione","image":{"@type":"ImageObject","inLanguage":"it-IT","@id":"https:\/\/secure.gravatar.com\/avatar\/06ad6f92eb14745b75fb592cadf8139d33242d81c9c8b085133c450aaf0b9731?s=96&d=mm&r=g","url":"https:\/\/secure.gravatar.com\/avatar\/06ad6f92eb14745b75fb592cadf8139d33242d81c9c8b085133c450aaf0b9731?s=96&d=mm&r=g","contentUrl":"https:\/\/secure.gravatar.com\/avatar\/06ad6f92eb14745b75fb592cadf8139d33242d81c9c8b085133c450aaf0b9731?s=96&d=mm&r=g","caption":"Redazione"},"url":"https:\/\/cinema.video\/it\/author\/redazione"}]}},"jetpack_featured_media_url":"https:\/\/cinema.video\/wp-content\/uploads\/2025\/12\/Foto-1-1.jpg","jetpack_shortlink":"https:\/\/wp.me\/ph672m-1gnY","_links":{"self":[{"href":"https:\/\/cinema.video\/it\/wp-json\/wp\/v2\/posts\/301318","targetHints":{"allow":["GET"]}}],"collection":[{"href":"https:\/\/cinema.video\/it\/wp-json\/wp\/v2\/posts"}],"about":[{"href":"https:\/\/cinema.video\/it\/wp-json\/wp\/v2\/types\/post"}],"author":[{"embeddable":true,"href":"https:\/\/cinema.video\/it\/wp-json\/wp\/v2\/users\/26"}],"replies":[{"embeddable":true,"href":"https:\/\/cinema.video\/it\/wp-json\/wp\/v2\/comments?post=301318"}],"version-history":[{"count":2,"href":"https:\/\/cinema.video\/it\/wp-json\/wp\/v2\/posts\/301318\/revisions"}],"predecessor-version":[{"id":309833,"href":"https:\/\/cinema.video\/it\/wp-json\/wp\/v2\/posts\/301318\/revisions\/309833"}],"wp:featuredmedia":[{"embeddable":true,"href":"https:\/\/cinema.video\/it\/wp-json\/wp\/v2\/media\/301320"}],"wp:attachment":[{"href":"https:\/\/cinema.video\/it\/wp-json\/wp\/v2\/media?parent=301318"}],"wp:term":[{"taxonomy":"category","embeddable":true,"href":"https:\/\/cinema.video\/it\/wp-json\/wp\/v2\/categories?post=301318"},{"taxonomy":"post_tag","embeddable":true,"href":"https:\/\/cinema.video\/it\/wp-json\/wp\/v2\/tags?post=301318"}],"curies":[{"name":"wp","href":"https:\/\/api.w.org\/{rel}","templated":true}]}}