{"id":301244,"date":"2025-12-05T09:06:24","date_gmt":"2025-12-05T08:06:24","guid":{"rendered":"https:\/\/cinema.video\/?p=301244"},"modified":"2026-04-10T04:11:23","modified_gmt":"2026-04-10T02:11:23","slug":"under-18-tiktok-sala","status":"publish","type":"post","link":"https:\/\/cinema.video\/it\/under-18-tiktok-sala","title":{"rendered":"Under 18 in sala fra la comunicazione fisica e TikTok (e la scuola)"},"content":{"rendered":"\n<p class=\"wp-block-paragraph\">L\u2019appello e l\u2019auspicio a una pi\u00f9 incisiva e efficace comunicazione e racconto dell\u2019industria audiovisiva fuori dal settore che come gi\u00e0 scritto ha attraversato le <strong>Giornate di Cinema di Sorrento<\/strong> (<a href=\"https:\/\/cinema.video\/il-bene-comune-rocco-papaleo\"><strong>leggi qui<\/strong><\/a>) ha riguardato anche il fronte internazionale e il confronto con gli altri paesi, in particolare con la <strong>Spagna<\/strong>. <br>Confronto sui dati di mercato interno, sui numeri e la tipologia delle sale. Sulla promozione, soprattutto nei confronti dei giovani e, a proposito dei giovani, dello stato dell\u2019arte per quanto riguarda l\u2019educazione all\u2019immagine nelle scuole.<\/p>\n\n\n\n<h2 class=\"wp-block-heading\">Il mercato e le sale<\/h2>\n\n\n\n<p class=\"wp-block-paragraph\">Il box office spagnolo nel 2025 \u00e8 stato pi\u00f9 ricco di quello italiano (circa 59 milioni di spettatori contro i circa 48 italiani, considerando anche che la popolazione in Spagna, che si avvicina a 50 milioni di persone, \u00e8 meno numerosa di quella italiana).<\/p>\n\n\n\n<p class=\"wp-block-paragraph\">La tipologia di sale \u00e8 anche molto diversa: in Italia sono dominanti le monosale (828 su circa 1358 strutture), mentre lo scenario spagnolo \u00e8 caratterizzato dai multiplex e i piccoli cinema sono spariti da tanti municipi.<\/p>\n\n\n\n<p class=\"wp-block-paragraph\">\u201cPer questo, -dice <strong>Jaime Tarrazon<\/strong>, Vice Presidente di <strong>UNIC<\/strong> (Unione Internazionale dei Cinema), e responsabile del Dipartimentto Affari Internazionali della<strong> FECE<\/strong> (Federazione dei Cinema Spagnoli)- spesso lo stesso film parte pi\u00f9 forte in Italia, ma poi nel lungo periodo la Spagna sorpassa.&#8221;<\/p>\n\n\n\n<p class=\"wp-block-paragraph\">Apparentemente in controtendenza, <strong>Alvaro Postigo<\/strong>, presidente della FECE, sostiene che sia necessario \u201ctornare alla comunicazione fisica, o per lo meno trovare un equilibrio fra quest\u2019ultima e quella digitale: a causa del \u2018terremoto Covid\u2019 la generazione degli adolescenti che avrebbero dovuto iniziare ad andare al cinema &#8216;da soli&#8217; in quel momento, non ha preso quell\u2019 abitudine. Il risultato \u00e8 che oggi per gli adolescenti andare al cinema non \u00e8 <em>cool<\/em>. E dobbiamo ricordarci che i nostri figli vivono in strada: \u00e8 li che bisogna intercettarli, perch\u00e9 dopo aver passato molto tempo sui social, \u00e8 fuori che vanno, e non al cinema.\u201d<br>La pensa in modo opposto <strong>Andrea Romeo<\/strong>, CEO di <strong>I Wonder Pictures<\/strong>, che ricorda i numeri da capogiro fatti sui social, in Italia e in Spagna, su film come<em> The Substance <\/em>l\u2019anno passato o, quest\u2019anno <em>The Ugly Stepsister<\/em>, &#8220;un piccolo horror norvegese che ha acceso una conversazione sui social poi \u2018riversata\u2019 nelle sale. E pensare che noi non volevamo neanche destinarlo alla sala questo film: sono stati i nostri collaboratori pi\u00f9 giovani e i creators a suggerirci di fare il contrario, proprio perch\u00e9 si era creato un \u2018hype\u2019&#8221;.) Stessa cosa era accaduto con <em>La Zona di Interesse<\/em>.<\/p>\n\n\n\n<figure class=\"wp-block-image size-large\"><img loading=\"lazy\" decoding=\"async\" width=\"1024\" height=\"466\" src=\"https:\/\/cinema.video\/wp-content\/uploads\/2025\/12\/tiktok-1024x466.jpg\" alt=\"\" class=\"wp-image-301251\"\/><\/figure>\n\n\n\n<p class=\"wp-block-paragraph\">Il punto \u00e8, secondo Romeo, cercare di rendere questi film eventi. Cosa che per\u00f2 non \u00e8 sempre fattibile, osserva <strong>Lara Perez Caminia<\/strong> co-presidente dell&#8217;associazione dei distributori indipendenti spagnoli (<strong>ADICINE<\/strong>) e socia di <strong>BTeam Pictures<\/strong>.<\/p>\n\n\n\n<p class=\"wp-block-paragraph\">Se <strong>Gabriele D\u2019Andrea<\/strong>, vice presidente di <strong>MUBI Distribution Italia<\/strong> e e CEO di <strong>Circuito Cinema<\/strong>, nutre scarsa fiducia sulla possibilit\u00e0 di poter riportare in sala i giovani sotto i 18 anni, <strong>Giorgia Di Cristo<\/strong>, direttrice marketing di <strong>Universal Pictures International<\/strong>, pensa che invece ci sia possibilit\u00e0 per la cosiddetta <em>generazione Alfa<\/em> che la sala non la conosce, perch\u00e9, appunto, complice il Covid, ha imparato a guardare i film sul divano: \u201cper questo andare in sala con gli amici pu\u00f2 diventare un\u2019eccezionalit\u00e0. Molti postano sui social contenuti inerenti alla sala: i social diventano cos\u00ec un\u2019estensione della memoria collettiva e privata sul cinema. Quello che in Francia succede da sempre, perch\u00e9 il cinema \u00e8 la loro memoria collettiva, qui sta accadendo sui social\u201d.<\/p>\n\n\n\n<p class=\"wp-block-paragraph\">Parlare di social implica chiamare in causa<strong> TikTok<\/strong>, che \u00e8 stato un altro importante protagonista delle Giornate, con due panel dedicati (con la presentazione, fra l\u2019altro di un\u2019interessante ricerca di <strong>ANEC Lab<\/strong> da cui Tik Tok emerge come l\u2019epicentro della scoperta cinematografica, con il&nbsp; 71% degli utenti italiani&nbsp; che afferma di aver scoperto un nuovo film, attore o serie proprio grazie al social).<\/p>\n\n\n\n<h2 class=\"wp-block-heading\">Tik Tok e la Digitalizzazione<\/h2>\n\n\n\n<p class=\"wp-block-paragraph\"><strong>Giuseppe Suma,<\/strong> Head of Media &amp; Entertainment, GBS, <strong>TikTok Italia<\/strong>, riprende il confronto fra Italia e Spagna (\u201cin Spagna&nbsp; con la&nbsp; societ\u00e0 esterna <strong>Liveramp<\/strong>, stiamo per implementare un\u2019analisi che va a&nbsp; mettere in relazione gli scontrini di chi fa una transazione commerciale nel circuito dei cinema con gli utenti di TikTok, in modo da calcolare l\u2019incrementalit\u00e0 generata dalla piattaforma. Una cosa che \u00e8 gi\u00e0 attiva in UK\u201d). E invita l\u2019ANEC \u201ca mettere all\u2019ordine del giorno anche il processo di digitalizzazione di questo paese, affinch\u00e9 si possa fare lo stesso anche in Italia.\u201d E aggiunge che in America, la app di TikTok ha integrato <strong>Fandango<\/strong>, il principale sito USA per l\u2019acquisto dei biglietti del cinema, che permette di comprare direttamente su TikTok. \u201cQuesto ha molto senso perch\u00e9 la nostra \u00e8 una piattaforma che favorisce gli acquisti d\u2019impulso.\u201d<\/p>\n\n\n\n<p class=\"wp-block-paragraph\"><strong>Mario Lorini<\/strong>, presidente <strong>ANEC<\/strong>, riprende le parole della Di Cristo sulla curiosit\u00e0 dei giovani (&#8220;testimoniata anche dai buoni risultati dei film restaurati presso questa fascia di pubblico&#8221;) asserendo che&nbsp; quest\u2019ultima \u201cva nutrita, rendendo l\u2019esperienza in sala cool\u201d.<\/p>\n\n\n\n<p class=\"wp-block-paragraph\">E sottolinea con entusiasmo la comunione d\u2019intenti con gli omologhi spagnoli: \u201csono d\u2019accordo con Portigo che \u00e8 necessario superare la genericit\u00e0 con cui affrontiamo i temi europei, e dobbiamo ritrovare una nuova via per il cinema europeo.\u201d<\/p>\n\n\n\n<h2 class=\"wp-block-heading\">La Festa (o Fiesta) del Cinema<\/h2>\n\n\n\n<p class=\"wp-block-paragraph\">Atra iniziativa che ha accumunato i due paesi \u00e8 la <strong>Festa\/Fiesta del Cinema<\/strong>, anche in Spagna ripetuta due volte l\u2019anno: un\u2019analisi post-Fiesta di quest\u2019anno, ha dimostrato, spiega Jaime Tarrazon, che \u201cha attratto in particolare modo la fascia 18-24 e che uno spettatore su cinque non era un frequentatore abituale.\u201d I risultati sono stati per\u00f2 molto diversi nei due appuntamenti: quella primaverile \u00e8 stata la migliore edizione degli ultimi 5 anni con 1,3 milioni di spettatori (+52% rispetto al 2024). Quella autunnale, la peggiore in assoluto da maggio 2022. \u201cC\u2019\u00e8 per\u00f2 un elemento positivo, &#8211; precisa Tarrazon.- Per la prima volta nella storia dell\u2019evento, tre film spagnoli sono stati in testa al botteghino.\u201d Si tratta di <em>La Cena<\/em>, <em>Los Domingos<\/em> e <em>Los Tigres<\/em>.&nbsp;<\/p>\n\n\n\n<figure class=\"wp-block-gallery has-nested-images columns-default is-cropped wp-block-gallery-1 is-layout-flex wp-block-gallery-is-layout-flex\">\n<figure class=\"wp-block-image size-large\"><img loading=\"lazy\" decoding=\"async\" width=\"1024\" height=\"577\" data-id=\"301255\" src=\"https:\/\/cinema.video\/wp-content\/uploads\/2025\/12\/20251202_151212-1024x577.jpg\" alt=\"\" class=\"wp-image-301255\"\/><\/figure>\n\n\n\n<figure class=\"wp-block-image size-large\"><img loading=\"lazy\" decoding=\"async\" width=\"1024\" height=\"577\" data-id=\"301254\" src=\"https:\/\/cinema.video\/wp-content\/uploads\/2025\/12\/20251202_150622-1024x577.jpg\" alt=\"\" class=\"wp-image-301254\"\/><\/figure>\n<\/figure>\n\n\n\n<p class=\"wp-block-paragraph\">Due di questi, <em><strong>Los Domingos<\/strong><\/em> di Alauda Ruiz de Az\u00faa (su una diciassettenne che vuole diventare monaca di clausura), vincitore del <strong>festival di San Sebastian<\/strong>, e <em>Los Tigres<\/em> (<em><strong>Le Tigri di Mompracem<\/strong><\/em>) thriller marino di Alberto Rodr\u00edguez, (regista de<em> La Isla Minima<\/em>) anch\u2019esso passato da San Sebastian, saranno distribuiti al cinema in Italia da <strong>Movies Inspired<\/strong>.<\/p>\n\n\n\n<h2 class=\"wp-block-heading\">Cinema&amp;Scuola<\/h2>\n\n\n\n<p class=\"wp-block-paragraph\">Anche&nbsp; il capitolo&nbsp;Cinema&amp;Scuola \u00e8 stato terreno di confronto fra i due paesi, con un\u2019interessante \u2018incursione francese\u2019.<\/p>\n\n\n\n<p class=\"wp-block-paragraph\"> In quest\u2019ambito, \u00e8 la Spagna a guardare all\u2019Italia e al suo <strong>Piano Nazionale Cinema e Immagini per la Scuola<\/strong> con interesse, hanno sottolineato i colleghi spagnoli, il cui nuovo programma<strong> Cine Escuela<\/strong>, ha detto Perez-Caminia, &#8220;partir\u00e0 il prossimo anno, con un budget di 6 milioni di euro e i si pagher\u00e0 un biglietto di 5 euro.\u201d<\/p>\n\n\n\n<figure class=\"wp-block-image size-large\"><img loading=\"lazy\" decoding=\"async\" width=\"1024\" height=\"577\" src=\"https:\/\/cinema.video\/wp-content\/uploads\/2025\/12\/18096974482669779_cinemaevideointernational-1024x577.jpg\" alt=\"\" class=\"wp-image-301243\"\/><figcaption class=\"wp-element-caption\">Le date della prossima edizione delle Giornate del Cinema per la Scuola<\/figcaption><\/figure>\n\n\n\n<p class=\"wp-block-paragraph\">Era presente a Sorrento, <strong>Aurelie Delage,<\/strong> vice presidente della <strong>Federation Nationale des Cinemas Fran\u00e7ais<\/strong>, dove presiede la Commissione de L\u2019Education a l\u2019Image, nonch\u00e9 esercente del <strong>Cin\u00e9 Lumi\u00e8re&nbsp;<\/strong> di Vierzon, che ha raccontato a Cinema&amp;Video Intenrational del nuovo progetto realizzato in concerto dal Ministero della Cultura e dal Ministero dell\u2019Istruzione <strong>Ma Classe au Cin\u00e9ma<\/strong>, che ha fatto seguito all\u2019insediamento del nuovo Ministro dell\u2019educazione, <strong>\u00c9douard Geffray<\/strong>, e che prevede che tutte le classi (dalla scuola materna alle superiori) vadano al cinema tre volte l\u2019anno. Il progetto \u00e8 un\u2019estensione del precedente&nbsp; <em>Coll\u00e9ge au Cinema<\/em>, che risale al 1989, e si propone di portare circa 4 milioni di studenti al cinema nei prossimi due anni.<\/p>\n\n\n\n<div class=\"wp-block-media-text is-stacked-on-mobile\"><figure class=\"wp-block-media-text__media\"><img loading=\"lazy\" decoding=\"async\" width=\"768\" height=\"1024\" src=\"https:\/\/cinema.video\/wp-content\/uploads\/2025\/12\/zamba-768x1024.jpg\" alt=\"\" class=\"wp-image-301250 size-full\" srcset=\"https:\/\/cinema.video\/wp-content\/uploads\/2025\/12\/zamba.jpg 768w, https:\/\/cinema.video\/wp-content\/uploads\/2025\/12\/zamba.jpg 225w, https:\/\/cinema.video\/wp-content\/uploads\/2025\/12\/zamba.jpg 1152w, https:\/\/cinema.video\/wp-content\/uploads\/2025\/12\/zamba.jpg 315w, https:\/\/cinema.video\/wp-content\/uploads\/2025\/12\/zamba.jpg 150w, https:\/\/cinema.video\/wp-content\/uploads\/2025\/12\/zamba.jpg 300w, https:\/\/cinema.video\/wp-content\/uploads\/2025\/12\/zamba.jpg 696w, https:\/\/cinema.video\/wp-content\/uploads\/2025\/12\/zamba.jpg 1068w, https:\/\/cinema.video\/wp-content\/uploads\/2025\/12\/zamba.jpg 1200w\" sizes=\"auto, (max-width: 696px) 100vw, 696px\" \/><\/figure><div class=\"wp-block-media-text__content\">\n<p class=\"wp-block-paragraph\">Nell\u2019illustrare il funzionamento&nbsp; e i risultati fondamentali del CIPS (per il quale si rimanda allo speciale realizzato da Cinema&amp;Video International e distribuito proprio alle Giornate di Sorrento &#8211; <strong><a href=\"https:\/\/issuu.com\/cinemaevideo\/docs\/speciale_cinema_e_scuola._il_cinema_che_aiuta_a_cr\">vedi qui<\/a><\/strong>&#8211; ),<strong> Bruno Zambardino<\/strong>, responsabile degli Affari Internazionali, di Italy for Movies e dell\u2019educazione all\u2019Immagine per la DGCA, ha ribadito il legame fondamentale con le proiezioni in sala (\u201cAlle Giornate di Palermo, le distribuzioni hanno tenuto delle vere e proprie mini convention dedicate alle scuole).<\/p>\n<\/div><\/div>\n\n\n\n<p class=\"wp-block-paragraph\">E anche nella presentazione dei listini a Sorrento l\u2019interesse per il pubblico delle scuole \u00e8 stato ribadito anche da pi\u00f9 distributori. Da<strong> Aldo Lemme,<\/strong> CEO di <strong>Adler Entertainment<\/strong>, che ha dichiarato: \u201cci siamo proposti di provare a fare qualcosa con le scuole: in questo momento in una settantina di sale ci sono circa 10 mila studenti che stanno vedendo il documentario sull\u2019atleta paralitica Ambra Sabatini (<em>Ambra Sabatini &#8211; A un Metro dal Traguardo<\/em>, n.d.r.). E nel nuovo listino, c\u2019\u00e8 un film che prevede un evento speciale per le scuole nel giorno della Memoria: <strong><em>Elena Del Ghetto<\/em><\/strong> di <strong>Stefano Casertano<\/strong>, dove Micaela Ramazzotti interpreta questa donna ebrea romana realmente esistita, che nei giorni precedenti il rastrellamento del ghetto, avvis\u00f2 e tent\u00f2 di salvare tutto il quartiere.<\/p>\n\n\n\n<figure class=\"wp-block-image size-large\"><img loading=\"lazy\" decoding=\"async\" width=\"1024\" height=\"577\" src=\"https:\/\/cinema.video\/wp-content\/uploads\/2025\/12\/Elene-ghetto-1024x577.jpg\" alt=\"\" class=\"wp-image-301248\"\/><\/figure>\n\n\n\n<p class=\"wp-block-paragraph\">Fra i film \u2018stellari\u2019 del listino <strong>Universal,<\/strong> trova spazio e si rivolger\u00e0 alle scuole anche un film pi\u00f9 piccolo (rispetto ai colossi di <em>Super Mario<\/em>, dei <em>Minions<\/em>, di <em>Michael Jackson<\/em>, di Nolan o Spielberg), ma molto rilevante e tra i favoriti per l\u2019Oscar: <strong><em>Hamnet- Nel nome del Figlio<\/em><\/strong> della regista premio Oscar Chlo\u00e9 Zhao, che racconta&nbsp; la storia di Shakespeare e della perdita che ha ispirato la creazione dell&#8217;Amleto.&nbsp; Vincitore del Festival di Toronto (People\u2019s Choice Award), il film uscir\u00e0 nelle sale italiane il 5 febbraio.<\/p>\n\n\n\n<p class=\"wp-block-paragraph\">Entra tra i banchi di scuola con due film <strong>Vision Distribution<\/strong>, (&#8220;e puntiamo molto su questo segmento&#8221; dice la Chief Marketing Officer <strong>Laura Mirabella<\/strong>): <em><strong>Due Cuori e Due Capanne<\/strong><\/em>, dove i protagonisti, <strong>Claudia Pandolfi<\/strong> ed<strong> Edoardo Leo<\/strong> (entrambi presenti a Sorrento assieme al regista Massimiliano Bruno, e premiati con le \u201c<strong>Chiavi d&#8217;oro del successo\u201d<\/strong>). E Domani interrogo di <strong>Umberto Carteni<\/strong>, tratto da un romanzo (e dalla storia vera) di Gaia Cenciarelli che ha raccontato la sua esperienza di insegnante in una scuola superiore di Rebibbia: sar\u00e0 al cinema dal 19 febbraio, con protagonista <strong>Anna Ferzetti<\/strong>, premiata anche lei a Sorrento con il <strong>Premio Led ANEC<\/strong>.<\/p>\n","protected":false},"excerpt":{"rendered":"<p>In Spagna, mentre TikTok sta implementando un sistema che matcha gli scontrini al cinema con i propri utenti., si guarda alle buone pratiche del Piano Nazionale Cinema e Immagini per la Scuola<\/p>\n","protected":false},"author":2,"featured_media":301247,"comment_status":"closed","ping_status":"closed","sticky":false,"template":"","format":"standard","meta":{"googlesitekit_rrm_CAow3e7fCw:productID":"","_crdt_document":"","footnotes":""},"categories":[1],"tags":[356,445],"class_list":{"0":"post-301244","1":"post","2":"type-post","3":"status-publish","4":"format-standard","5":"has-post-thumbnail","7":"category-senza-categoria","8":"tag-focus","9":"tag-universal"},"yoast_head":"<!-- This site is optimized with the Yoast SEO Premium plugin v27.4 (Yoast SEO v27.4) - https:\/\/yoast.com\/product\/yoast-seo-premium-wordpress\/ -->\n<title>Under 18 in sala fra la comunicazione fisica e TikTok (e la scuola) - Cinema &amp; Video International<\/title>\n<meta name=\"description\" content=\"Under 18 in sala fra la comunicazione fisica e TikTok (e la scuola) \u2013 under 18 in sala fra la. L\u2019appello e l\u2019auspicio a una pi\u00f9 incisiva e efficace comuni\" \/>\n<meta name=\"robots\" content=\"index, follow, max-snippet:-1, max-image-preview:large, max-video-preview:-1\" \/>\n<link rel=\"canonical\" href=\"https:\/\/cinema.video\/it\/under-18-tiktok-sala\" \/>\n<meta property=\"og:locale\" content=\"it_IT\" \/>\n<meta property=\"og:type\" content=\"article\" \/>\n<meta property=\"og:title\" content=\"Under 18 in sala fra la comunicazione fisica e TikTok (e la scuola)\" \/>\n<meta property=\"og:description\" content=\"Under 18 in sala fra la comunicazione fisica e TikTok (e la scuola) \u2013 under 18 in sala fra la. L\u2019appello e l\u2019auspicio a una pi\u00f9 incisiva e efficace comuni\" \/>\n<meta property=\"og:url\" content=\"https:\/\/cinema.video\/it\/under-18-tiktok-sala\" \/>\n<meta property=\"og:site_name\" content=\"Cinema &amp; Video International\" \/>\n<meta property=\"article:publisher\" content=\"https:\/\/www.facebook.com\/CinemaVideoInternational\/\" \/>\n<meta property=\"article:published_time\" content=\"2025-12-05T08:06:24+00:00\" \/>\n<meta property=\"article:modified_time\" content=\"2026-04-10T02:11:23+00:00\" \/>\n<meta property=\"og:image\" content=\"https:\/\/cinema.video\/wp-content\/uploads\/2025\/12\/LOS_DOMINGOS_STILL_24571.jpg\" \/>\n\t<meta property=\"og:image:width\" content=\"1000\" \/>\n\t<meta property=\"og:image:height\" content=\"667\" \/>\n\t<meta property=\"og:image:type\" content=\"image\/jpeg\" \/>\n<meta name=\"author\" content=\"Carolina Mancini\" \/>\n<meta name=\"twitter:card\" content=\"summary_large_image\" \/>\n<meta name=\"twitter:label1\" content=\"Scritto da\" \/>\n\t<meta name=\"twitter:data1\" content=\"Carolina Mancini\" \/>\n\t<meta name=\"twitter:label2\" content=\"Tempo di lettura stimato\" \/>\n\t<meta name=\"twitter:data2\" content=\"10 minuti\" \/>\n<script type=\"application\/ld+json\" class=\"yoast-schema-graph\">{\"@context\":\"https:\\\/\\\/schema.org\",\"@graph\":[{\"@type\":\"Article\",\"@id\":\"https:\\\/\\\/cinema.video\\\/it\\\/under-18-tiktok-sala#article\",\"isPartOf\":{\"@id\":\"https:\\\/\\\/cinema.video\\\/it\\\/under-18-tiktok-sala\"},\"author\":{\"name\":\"Carolina Mancini\",\"@id\":\"https:\\\/\\\/cinema.video\\\/it#\\\/schema\\\/person\\\/d5479fad8d0f2360000eb4aab6bb6e5d\"},\"headline\":\"Under 18 in sala fra la comunicazione fisica e TikTok (e la scuola)\",\"datePublished\":\"2025-12-05T08:06:24+00:00\",\"dateModified\":\"2026-04-10T02:11:23+00:00\",\"mainEntityOfPage\":{\"@id\":\"https:\\\/\\\/cinema.video\\\/it\\\/under-18-tiktok-sala\"},\"wordCount\":1666,\"publisher\":{\"@id\":\"https:\\\/\\\/cinema.video\\\/it#organization\"},\"image\":{\"@id\":\"https:\\\/\\\/cinema.video\\\/it\\\/under-18-tiktok-sala#primaryimage\"},\"thumbnailUrl\":\"https:\\\/\\\/cinema.video\\\/wp-content\\\/uploads\\\/2025\\\/12\\\/LOS_DOMINGOS_STILL_24571.jpg\",\"keywords\":[\"focus\",\"UNIVERSAL\"],\"inLanguage\":\"it-IT\"},{\"@type\":\"WebPage\",\"@id\":\"https:\\\/\\\/cinema.video\\\/it\\\/under-18-tiktok-sala\",\"url\":\"https:\\\/\\\/cinema.video\\\/it\\\/under-18-tiktok-sala\",\"name\":\"Under 18 in sala fra la comunicazione fisica e TikTok (e la scuola) - Cinema &amp; Video International\",\"isPartOf\":{\"@id\":\"https:\\\/\\\/cinema.video\\\/it#website\"},\"primaryImageOfPage\":{\"@id\":\"https:\\\/\\\/cinema.video\\\/it\\\/under-18-tiktok-sala#primaryimage\"},\"image\":{\"@id\":\"https:\\\/\\\/cinema.video\\\/it\\\/under-18-tiktok-sala#primaryimage\"},\"thumbnailUrl\":\"https:\\\/\\\/cinema.video\\\/wp-content\\\/uploads\\\/2025\\\/12\\\/LOS_DOMINGOS_STILL_24571.jpg\",\"datePublished\":\"2025-12-05T08:06:24+00:00\",\"dateModified\":\"2026-04-10T02:11:23+00:00\",\"description\":\"Under 18 in sala fra la comunicazione fisica e TikTok (e la scuola) \u2013 under 18 in sala fra la. L\u2019appello e l\u2019auspicio a una pi\u00f9 incisiva e efficace comuni\",\"breadcrumb\":{\"@id\":\"https:\\\/\\\/cinema.video\\\/it\\\/under-18-tiktok-sala#breadcrumb\"},\"inLanguage\":\"it-IT\",\"potentialAction\":[{\"@type\":\"ReadAction\",\"target\":[\"https:\\\/\\\/cinema.video\\\/it\\\/under-18-tiktok-sala\"]}]},{\"@type\":\"ImageObject\",\"inLanguage\":\"it-IT\",\"@id\":\"https:\\\/\\\/cinema.video\\\/it\\\/under-18-tiktok-sala#primaryimage\",\"url\":\"https:\\\/\\\/cinema.video\\\/wp-content\\\/uploads\\\/2025\\\/12\\\/LOS_DOMINGOS_STILL_24571.jpg\",\"contentUrl\":\"https:\\\/\\\/cinema.video\\\/wp-content\\\/uploads\\\/2025\\\/12\\\/LOS_DOMINGOS_STILL_24571.jpg\",\"width\":1000,\"height\":667,\"caption\":\"Los Domingos\"},{\"@type\":\"BreadcrumbList\",\"@id\":\"https:\\\/\\\/cinema.video\\\/it\\\/under-18-tiktok-sala#breadcrumb\",\"itemListElement\":[{\"@type\":\"ListItem\",\"position\":1,\"name\":\"Home\",\"item\":\"https:\\\/\\\/cinema.video\\\/it\\\/home-2\"},{\"@type\":\"ListItem\",\"position\":2,\"name\":\"Under 18 in sala fra la comunicazione fisica e TikTok (e la scuola)\"}]},{\"@type\":\"WebSite\",\"@id\":\"https:\\\/\\\/cinema.video\\\/it#website\",\"url\":\"https:\\\/\\\/cinema.video\\\/it\",\"name\":\"Cinema & Video International\",\"description\":\"Film &amp; Audiovisual Industry Trade Magazine\",\"publisher\":{\"@id\":\"https:\\\/\\\/cinema.video\\\/it#organization\"},\"alternateName\":\"Cinema & Video\",\"potentialAction\":[{\"@type\":\"SearchAction\",\"target\":{\"@type\":\"EntryPoint\",\"urlTemplate\":\"https:\\\/\\\/cinema.video\\\/it?s={search_term_string}\"},\"query-input\":{\"@type\":\"PropertyValueSpecification\",\"valueRequired\":true,\"valueName\":\"search_term_string\"}}],\"inLanguage\":\"it-IT\"},{\"@type\":\"Organization\",\"@id\":\"https:\\\/\\\/cinema.video\\\/it#organization\",\"name\":\"Cinema & Video\",\"url\":\"https:\\\/\\\/cinema.video\\\/it\",\"logo\":{\"@type\":\"ImageObject\",\"inLanguage\":\"it-IT\",\"@id\":\"https:\\\/\\\/cinema.video\\\/it#\\\/schema\\\/logo\\\/image\\\/\",\"url\":\"https:\\\/\\\/cinema.video\\\/wp-content\\\/uploads\\\/2026\\\/04\\\/CinemVideo_LogoBlack.png\",\"contentUrl\":\"https:\\\/\\\/cinema.video\\\/wp-content\\\/uploads\\\/2026\\\/04\\\/CinemVideo_LogoBlack.png\",\"width\":1336,\"height\":224,\"caption\":\"Cinema & Video\"},\"image\":{\"@id\":\"https:\\\/\\\/cinema.video\\\/it#\\\/schema\\\/logo\\\/image\\\/\"},\"sameAs\":[\"https:\\\/\\\/www.facebook.com\\\/CinemaVideoInternational\\\/\",\"https:\\\/\\\/www.instagram.com\\\/cinemaevideointernational\\\/\",\"https:\\\/\\\/it.linkedin.com\\\/company\\\/cinema-video-international\"],\"description\":\"Media Consulting & Marketing Agency\",\"email\":\"hello@darostudio.com\",\"legalName\":\"DARO studio LLC\",\"foundingDate\":\"2021-02-16\",\"numberOfEmployees\":{\"@type\":\"QuantitativeValue\",\"minValue\":\"1\",\"maxValue\":\"10\"}},{\"@type\":\"Person\",\"@id\":\"https:\\\/\\\/cinema.video\\\/it#\\\/schema\\\/person\\\/d5479fad8d0f2360000eb4aab6bb6e5d\",\"name\":\"Carolina Mancini\",\"image\":{\"@type\":\"ImageObject\",\"inLanguage\":\"it-IT\",\"@id\":\"https:\\\/\\\/secure.gravatar.com\\\/avatar\\\/d4758965c5e8730dbaaa7131a628547771a26c1e5bf14fe323d96f8246a62baf?s=96&d=mm&r=g\",\"url\":\"https:\\\/\\\/secure.gravatar.com\\\/avatar\\\/d4758965c5e8730dbaaa7131a628547771a26c1e5bf14fe323d96f8246a62baf?s=96&d=mm&r=g\",\"contentUrl\":\"https:\\\/\\\/secure.gravatar.com\\\/avatar\\\/d4758965c5e8730dbaaa7131a628547771a26c1e5bf14fe323d96f8246a62baf?s=96&d=mm&r=g\",\"caption\":\"Carolina Mancini\"},\"url\":\"https:\\\/\\\/cinema.video\\\/it\\\/author\\\/carolin\"}]}<\/script>\n<!-- \/ Yoast SEO Premium plugin. -->","yoast_head_json":{"title":"Under 18 in sala fra la comunicazione fisica e TikTok (e la scuola) - Cinema &amp; Video International","description":"Under 18 in sala fra la comunicazione fisica e TikTok (e la scuola) \u2013 under 18 in sala fra la. L\u2019appello e l\u2019auspicio a una pi\u00f9 incisiva e efficace comuni","robots":{"index":"index","follow":"follow","max-snippet":"max-snippet:-1","max-image-preview":"max-image-preview:large","max-video-preview":"max-video-preview:-1"},"canonical":"https:\/\/cinema.video\/it\/under-18-tiktok-sala","og_locale":"it_IT","og_type":"article","og_title":"Under 18 in sala fra la comunicazione fisica e TikTok (e la scuola)","og_description":"Under 18 in sala fra la comunicazione fisica e TikTok (e la scuola) \u2013 under 18 in sala fra la. L\u2019appello e l\u2019auspicio a una pi\u00f9 incisiva e efficace comuni","og_url":"https:\/\/cinema.video\/it\/under-18-tiktok-sala","og_site_name":"Cinema &amp; Video International","article_publisher":"https:\/\/www.facebook.com\/CinemaVideoInternational\/","article_published_time":"2025-12-05T08:06:24+00:00","article_modified_time":"2026-04-10T02:11:23+00:00","og_image":[{"width":1000,"height":667,"url":"https:\/\/cinema.video\/wp-content\/uploads\/2025\/12\/LOS_DOMINGOS_STILL_24571.jpg","type":"image\/jpeg"}],"author":"Carolina Mancini","twitter_card":"summary_large_image","twitter_misc":{"Scritto da":"Carolina Mancini","Tempo di lettura stimato":"10 minuti"},"schema":{"@context":"https:\/\/schema.org","@graph":[{"@type":"Article","@id":"https:\/\/cinema.video\/it\/under-18-tiktok-sala#article","isPartOf":{"@id":"https:\/\/cinema.video\/it\/under-18-tiktok-sala"},"author":{"name":"Carolina Mancini","@id":"https:\/\/cinema.video\/it#\/schema\/person\/d5479fad8d0f2360000eb4aab6bb6e5d"},"headline":"Under 18 in sala fra la comunicazione fisica e TikTok (e la scuola)","datePublished":"2025-12-05T08:06:24+00:00","dateModified":"2026-04-10T02:11:23+00:00","mainEntityOfPage":{"@id":"https:\/\/cinema.video\/it\/under-18-tiktok-sala"},"wordCount":1666,"publisher":{"@id":"https:\/\/cinema.video\/it#organization"},"image":{"@id":"https:\/\/cinema.video\/it\/under-18-tiktok-sala#primaryimage"},"thumbnailUrl":"https:\/\/cinema.video\/wp-content\/uploads\/2025\/12\/LOS_DOMINGOS_STILL_24571.jpg","keywords":["focus","UNIVERSAL"],"inLanguage":"it-IT"},{"@type":"WebPage","@id":"https:\/\/cinema.video\/it\/under-18-tiktok-sala","url":"https:\/\/cinema.video\/it\/under-18-tiktok-sala","name":"Under 18 in sala fra la comunicazione fisica e TikTok (e la scuola) - Cinema &amp; Video International","isPartOf":{"@id":"https:\/\/cinema.video\/it#website"},"primaryImageOfPage":{"@id":"https:\/\/cinema.video\/it\/under-18-tiktok-sala#primaryimage"},"image":{"@id":"https:\/\/cinema.video\/it\/under-18-tiktok-sala#primaryimage"},"thumbnailUrl":"https:\/\/cinema.video\/wp-content\/uploads\/2025\/12\/LOS_DOMINGOS_STILL_24571.jpg","datePublished":"2025-12-05T08:06:24+00:00","dateModified":"2026-04-10T02:11:23+00:00","description":"Under 18 in sala fra la comunicazione fisica e TikTok (e la scuola) \u2013 under 18 in sala fra la. L\u2019appello e l\u2019auspicio a una pi\u00f9 incisiva e efficace comuni","breadcrumb":{"@id":"https:\/\/cinema.video\/it\/under-18-tiktok-sala#breadcrumb"},"inLanguage":"it-IT","potentialAction":[{"@type":"ReadAction","target":["https:\/\/cinema.video\/it\/under-18-tiktok-sala"]}]},{"@type":"ImageObject","inLanguage":"it-IT","@id":"https:\/\/cinema.video\/it\/under-18-tiktok-sala#primaryimage","url":"https:\/\/cinema.video\/wp-content\/uploads\/2025\/12\/LOS_DOMINGOS_STILL_24571.jpg","contentUrl":"https:\/\/cinema.video\/wp-content\/uploads\/2025\/12\/LOS_DOMINGOS_STILL_24571.jpg","width":1000,"height":667,"caption":"Los Domingos"},{"@type":"BreadcrumbList","@id":"https:\/\/cinema.video\/it\/under-18-tiktok-sala#breadcrumb","itemListElement":[{"@type":"ListItem","position":1,"name":"Home","item":"https:\/\/cinema.video\/it\/home-2"},{"@type":"ListItem","position":2,"name":"Under 18 in sala fra la comunicazione fisica e TikTok (e la scuola)"}]},{"@type":"WebSite","@id":"https:\/\/cinema.video\/it#website","url":"https:\/\/cinema.video\/it","name":"Cinema & Video International","description":"Film &amp; Audiovisual Industry Trade Magazine","publisher":{"@id":"https:\/\/cinema.video\/it#organization"},"alternateName":"Cinema & Video","potentialAction":[{"@type":"SearchAction","target":{"@type":"EntryPoint","urlTemplate":"https:\/\/cinema.video\/it?s={search_term_string}"},"query-input":{"@type":"PropertyValueSpecification","valueRequired":true,"valueName":"search_term_string"}}],"inLanguage":"it-IT"},{"@type":"Organization","@id":"https:\/\/cinema.video\/it#organization","name":"Cinema & Video","url":"https:\/\/cinema.video\/it","logo":{"@type":"ImageObject","inLanguage":"it-IT","@id":"https:\/\/cinema.video\/it#\/schema\/logo\/image\/","url":"https:\/\/cinema.video\/wp-content\/uploads\/2026\/04\/CinemVideo_LogoBlack.png","contentUrl":"https:\/\/cinema.video\/wp-content\/uploads\/2026\/04\/CinemVideo_LogoBlack.png","width":1336,"height":224,"caption":"Cinema & Video"},"image":{"@id":"https:\/\/cinema.video\/it#\/schema\/logo\/image\/"},"sameAs":["https:\/\/www.facebook.com\/CinemaVideoInternational\/","https:\/\/www.instagram.com\/cinemaevideointernational\/","https:\/\/it.linkedin.com\/company\/cinema-video-international"],"description":"Media Consulting & Marketing Agency","email":"hello@darostudio.com","legalName":"DARO studio LLC","foundingDate":"2021-02-16","numberOfEmployees":{"@type":"QuantitativeValue","minValue":"1","maxValue":"10"}},{"@type":"Person","@id":"https:\/\/cinema.video\/it#\/schema\/person\/d5479fad8d0f2360000eb4aab6bb6e5d","name":"Carolina Mancini","image":{"@type":"ImageObject","inLanguage":"it-IT","@id":"https:\/\/secure.gravatar.com\/avatar\/d4758965c5e8730dbaaa7131a628547771a26c1e5bf14fe323d96f8246a62baf?s=96&d=mm&r=g","url":"https:\/\/secure.gravatar.com\/avatar\/d4758965c5e8730dbaaa7131a628547771a26c1e5bf14fe323d96f8246a62baf?s=96&d=mm&r=g","contentUrl":"https:\/\/secure.gravatar.com\/avatar\/d4758965c5e8730dbaaa7131a628547771a26c1e5bf14fe323d96f8246a62baf?s=96&d=mm&r=g","caption":"Carolina Mancini"},"url":"https:\/\/cinema.video\/it\/author\/carolin"}]}},"jetpack_featured_media_url":"https:\/\/cinema.video\/wp-content\/uploads\/2025\/12\/LOS_DOMINGOS_STILL_24571.jpg","jetpack_shortlink":"https:\/\/wp.me\/ph672m-1gmM","_links":{"self":[{"href":"https:\/\/cinema.video\/it\/wp-json\/wp\/v2\/posts\/301244","targetHints":{"allow":["GET"]}}],"collection":[{"href":"https:\/\/cinema.video\/it\/wp-json\/wp\/v2\/posts"}],"about":[{"href":"https:\/\/cinema.video\/it\/wp-json\/wp\/v2\/types\/post"}],"author":[{"embeddable":true,"href":"https:\/\/cinema.video\/it\/wp-json\/wp\/v2\/users\/2"}],"replies":[{"embeddable":true,"href":"https:\/\/cinema.video\/it\/wp-json\/wp\/v2\/comments?post=301244"}],"version-history":[{"count":1,"href":"https:\/\/cinema.video\/it\/wp-json\/wp\/v2\/posts\/301244\/revisions"}],"predecessor-version":[{"id":309823,"href":"https:\/\/cinema.video\/it\/wp-json\/wp\/v2\/posts\/301244\/revisions\/309823"}],"wp:featuredmedia":[{"embeddable":true,"href":"https:\/\/cinema.video\/it\/wp-json\/wp\/v2\/media\/301247"}],"wp:attachment":[{"href":"https:\/\/cinema.video\/it\/wp-json\/wp\/v2\/media?parent=301244"}],"wp:term":[{"taxonomy":"category","embeddable":true,"href":"https:\/\/cinema.video\/it\/wp-json\/wp\/v2\/categories?post=301244"},{"taxonomy":"post_tag","embeddable":true,"href":"https:\/\/cinema.video\/it\/wp-json\/wp\/v2\/tags?post=301244"}],"curies":[{"name":"wp","href":"https:\/\/api.w.org\/{rel}","templated":true}]}}