{"id":301232,"date":"2025-12-02T22:40:25","date_gmt":"2025-12-02T21:40:25","guid":{"rendered":"https:\/\/cinema.video\/?p=301232"},"modified":"2026-04-10T04:11:22","modified_gmt":"2026-04-10T02:11:22","slug":"il-bene-comune-rocco-papaleo","status":"publish","type":"post","link":"https:\/\/cinema.video\/it\/il-bene-comune-rocco-papaleo","title":{"rendered":"SORRENTO Il Bene Comune \u00e8 raccontare l&#8217;industria"},"content":{"rendered":"\n<p class=\"wp-block-paragraph\">\u201cRaccontarsi \u00e8 il modo migliore per favorire il bene comune\u201d: la frase- claim con cui\u00a0 da <strong>Rocco Papaleo <\/strong>ha concluso la presentazione del suo nuovo film, (<strong><em>Il Bene Comune,<\/em><\/strong> proposto da <strong>PiperFilm<\/strong>) affiancato dalla protagonista, <strong>Vanessa Scalera<\/strong>, potrebbe rappresentare il mantra di questa <strong>48\u00b0 edizione delle Giornate di Cinema di Sorrento<\/strong>.<\/p>\n\n\n\n<p class=\"wp-block-paragraph\">Ma il racconto pi\u00f9 auspicato dagli addetti ai lavori non \u00e8 solo quello dentro le storie:<\/p>\n\n\n\n<p class=\"wp-block-paragraph\">\u201cDobbiamo imparare a raccontare meglio cos\u2019\u00e8 la nostra industria audiovisiva, che fra l\u2019altro, \u00e8 una\u00a0 fra le poche in crescita (negli ultimi due anni quasi del 10%)\u00a0 nel contesto di un paese in declino industriale (da anni\u00a0la produzione annua segna 1,5\u00a0 punti meno).\u201d Lo dice <strong>Alessandro Usai,<\/strong> presidente <strong>ANICA <\/strong>in apertura delle Giornate: \u201cLa comunicazione\u00a0\u00e8 una delle armi con cui combattere la difficolt\u00e0 di questo momento, con i tagli annunciati dal governo e la legge finanziaria in dirittura d\u2019arrivo. In vista della pubblicazione del suo\u00a0 testo definitivo stiamo facendo molti incontri\u00a0per cercare di attenuare gli scossoni e far s\u00ec che le nuove regole non ci ostacolino.\u201d<\/p>\n\n\n\n<p class=\"wp-block-paragraph\">Sulla responsabilit\u00e0 del governo e delle istituzioni nel supporto al cinema costruiscono il loro sketch <strong>Ficarra e Picone<\/strong>, intervenuti con un video messaggio all\u2019interno della convention<strong> Medusa<\/strong>, per parlare del loro prossimo film: \u201cil governo ha lavorato alacremente e pare pronto a emanare un decreto dedicato al cinema italiano, il \u201cDecreto Si Salvi chi Pu\u00f2\u201d, dove i produttori e gli esercenti verranno forniti di un salvagente, di un gommone e di un rosario ciascuno.\u201d E ancora: \u201cquesto nuovo film l\u2019abbiamo non dichiarato come cinema ma come ristrutturazione edilizia, in modo da avere le sovvenzioni!\u201d<\/p>\n\n\n\n<p class=\"wp-block-paragraph\">Ribadisce\u00a0 la necessit\u00e0 di comunicare l\u2019industria e i suoi risultati (la quota del cinema italiano del 30% e il recupero, in termini assoluti dei dati del Pre-Covid) <strong>Massimiliano Orfei <\/strong>presidente di <strong>PiperFilm<\/strong>, che dando il suo sostegno ad Usai aggiunge:\u00a0 \u201cA breve\u00a0 ci sar\u00e0\u00a0un ricambio nella presidenza delle Unioni, pi\u00f9 che una filiera dobbiamo essere una famiglia.\u201d Cos\u00ec anche <strong>Paolo Del Brocco<\/strong>, AD di<strong> 01 Distribution<\/strong>.<\/p>\n\n\n\n<p class=\"wp-block-paragraph\">L\u2019incontro e il confronto&nbsp; con tutta la filiera \u00e8 \u201cla nota pi\u00f9 positiva in questi mie due mandati come presidente dell\u2019Accademia del David, &#8211; dice Piera Detassis.-&nbsp; Anche il \u201cDavid is growing\u201d:&nbsp; ci proponiamo di avere una membership pi\u00f9 forte e rappresentativa del cinema e di lavorare sulla formazione, con il David Giovani che diventer\u00e0 pi\u00f9 forte ed incisivo.\u201d<\/p>\n\n\n\n<p class=\"wp-block-paragraph\">Un altro antidoto alla complessit\u00e0 del momento, secondo <strong>Giampaolo Letta<\/strong>, AD di <strong>Medusa<\/strong>,&nbsp; \u00e8 \u201cla positivit\u00e0 che viene da ci\u00f2 che stiamo vedendo e che vedremo: la grande qualit\u00e0 di cinema, italiano e non. E la grande qualit\u00e0 delle sale che abbiamo visto con il tour di Riccardo Milani (per&nbsp; film <em>La Vita va Cos\u00ec <\/em>n.d.r.) e del lavoro delle persone, di tutta la filiera.\u201d<\/p>\n\n\n\n<p class=\"wp-block-paragraph\">Molti dei talenti presenti si dicono \u2018impazienti\u2019 di accompagnare i loro film nelle sale con tour \u201cche far\u00e0 impallidire Milani\u201d ha detto Pif, presentando il suo<strong><em> Che Dio Perdona a Tutti<\/em><\/strong>, assieme alla co-protagonsita, <strong>Giusi Buscemi<\/strong>, che interpreta una pasticcera siciliana molto osservante di cui il protagonista si innamora\u00a0<\/p>\n\n\n\n<p class=\"wp-block-paragraph\">E\u2019 tratto dall\u2019omonimo romanzo scritto da\u00a0 Pif per Feltrinelli, che ha venduto 200 mila copie: \u201cquindi, considerando che al cinema di solito si va in due, 400 mila spettatori sono assicurati\u201d ha scherzato il regista, mentre Rocco Papaleo ha chiesto agli esercenti di \u201cmettere le brandine nei vostri cinema, perch\u00e9 voglio venire da tutti!\u201d<\/p>\n","protected":false},"excerpt":{"rendered":"<p>La la necessit\u00e0 di comunicare meglio il settore e i suoi successi e la qualit\u00e0 delle proposte sono due delle armi per combattere le difficolt\u00e0 del momento e le preoccupazioni sul fronte della politica<\/p>\n","protected":false},"author":2,"featured_media":301233,"comment_status":"closed","ping_status":"closed","sticky":false,"template":"","format":"standard","meta":{"googlesitekit_rrm_CAow3e7fCw:productID":"","_crdt_document":"","footnotes":""},"categories":[1],"tags":[],"class_list":{"0":"post-301232","1":"post","2":"type-post","3":"status-publish","4":"format-standard","5":"has-post-thumbnail","7":"category-senza-categoria"},"yoast_head":"<!-- This site is optimized with the Yoast SEO Premium plugin v27.4 (Yoast SEO v27.5) - https:\/\/yoast.com\/product\/yoast-seo-premium-wordpress\/ -->\n<title>SORRENTO Il Bene Comune \u00e8 raccontare l&#039;industria - Cinema &amp; Video International<\/title>\n<meta name=\"description\" content=\"SORRENTO Il Bene Comune \u00e8 raccontare l&#039;industria \u2013 sorrento il bene comune raccontare lindustria. \u201cRaccontarsi \u00e8 il modo migliore per favorire il bene com\" \/>\n<meta name=\"robots\" content=\"index, follow, max-snippet:-1, max-image-preview:large, max-video-preview:-1\" \/>\n<link rel=\"canonical\" href=\"https:\/\/cinema.video\/it\/il-bene-comune-rocco-papaleo\" \/>\n<meta property=\"og:locale\" content=\"it_IT\" \/>\n<meta property=\"og:type\" content=\"article\" \/>\n<meta property=\"og:title\" content=\"SORRENTO Il Bene Comune \u00e8 raccontare l&#039;industria\" \/>\n<meta property=\"og:description\" content=\"SORRENTO Il Bene Comune \u00e8 raccontare l&#039;industria \u2013 sorrento il bene comune raccontare lindustria. \u201cRaccontarsi \u00e8 il modo migliore per favorire il bene com\" \/>\n<meta property=\"og:url\" content=\"https:\/\/cinema.video\/it\/il-bene-comune-rocco-papaleo\" \/>\n<meta property=\"og:site_name\" content=\"Cinema &amp; Video International\" \/>\n<meta property=\"article:publisher\" content=\"https:\/\/www.facebook.com\/CinemaVideoInternational\/\" \/>\n<meta property=\"article:published_time\" content=\"2025-12-02T21:40:25+00:00\" \/>\n<meta property=\"article:modified_time\" content=\"2026-04-10T02:11:22+00:00\" \/>\n<meta property=\"og:image\" content=\"https:\/\/cinema.video\/wp-content\/uploads\/2025\/12\/20251202_104158.jpg\" \/>\n\t<meta property=\"og:image:width\" content=\"1000\" \/>\n\t<meta property=\"og:image:height\" content=\"563\" \/>\n\t<meta property=\"og:image:type\" content=\"image\/jpeg\" \/>\n<meta name=\"author\" content=\"Carolina Mancini\" \/>\n<meta name=\"twitter:card\" content=\"summary_large_image\" \/>\n<meta name=\"twitter:label1\" content=\"Scritto da\" \/>\n\t<meta name=\"twitter:data1\" content=\"Carolina Mancini\" \/>\n\t<meta name=\"twitter:label2\" content=\"Tempo di lettura stimato\" \/>\n\t<meta name=\"twitter:data2\" content=\"4 minuti\" \/>\n<script type=\"application\/ld+json\" class=\"yoast-schema-graph\">{\"@context\":\"https:\\\/\\\/schema.org\",\"@graph\":[{\"@type\":\"Article\",\"@id\":\"https:\\\/\\\/cinema.video\\\/it\\\/il-bene-comune-rocco-papaleo#article\",\"isPartOf\":{\"@id\":\"https:\\\/\\\/cinema.video\\\/it\\\/il-bene-comune-rocco-papaleo\"},\"author\":{\"name\":\"Carolina Mancini\",\"@id\":\"https:\\\/\\\/cinema.video\\\/it#\\\/schema\\\/person\\\/d5479fad8d0f2360000eb4aab6bb6e5d\"},\"headline\":\"SORRENTO Il Bene Comune \u00e8 raccontare l&#8217;industria\",\"datePublished\":\"2025-12-02T21:40:25+00:00\",\"dateModified\":\"2026-04-10T02:11:22+00:00\",\"mainEntityOfPage\":{\"@id\":\"https:\\\/\\\/cinema.video\\\/it\\\/il-bene-comune-rocco-papaleo\"},\"wordCount\":574,\"publisher\":{\"@id\":\"https:\\\/\\\/cinema.video\\\/it#organization\"},\"image\":{\"@id\":\"https:\\\/\\\/cinema.video\\\/it\\\/il-bene-comune-rocco-papaleo#primaryimage\"},\"thumbnailUrl\":\"https:\\\/\\\/cinema.video\\\/wp-content\\\/uploads\\\/2025\\\/12\\\/20251202_104158.jpg\",\"inLanguage\":\"it-IT\"},{\"@type\":\"WebPage\",\"@id\":\"https:\\\/\\\/cinema.video\\\/it\\\/il-bene-comune-rocco-papaleo\",\"url\":\"https:\\\/\\\/cinema.video\\\/it\\\/il-bene-comune-rocco-papaleo\",\"name\":\"SORRENTO Il Bene Comune \u00e8 raccontare l'industria - Cinema &amp; Video International\",\"isPartOf\":{\"@id\":\"https:\\\/\\\/cinema.video\\\/it#website\"},\"primaryImageOfPage\":{\"@id\":\"https:\\\/\\\/cinema.video\\\/it\\\/il-bene-comune-rocco-papaleo#primaryimage\"},\"image\":{\"@id\":\"https:\\\/\\\/cinema.video\\\/it\\\/il-bene-comune-rocco-papaleo#primaryimage\"},\"thumbnailUrl\":\"https:\\\/\\\/cinema.video\\\/wp-content\\\/uploads\\\/2025\\\/12\\\/20251202_104158.jpg\",\"datePublished\":\"2025-12-02T21:40:25+00:00\",\"dateModified\":\"2026-04-10T02:11:22+00:00\",\"description\":\"SORRENTO Il Bene Comune \u00e8 raccontare l'industria \u2013 sorrento il bene comune raccontare lindustria. \u201cRaccontarsi \u00e8 il modo migliore per favorire il bene com\",\"breadcrumb\":{\"@id\":\"https:\\\/\\\/cinema.video\\\/it\\\/il-bene-comune-rocco-papaleo#breadcrumb\"},\"inLanguage\":\"it-IT\",\"potentialAction\":[{\"@type\":\"ReadAction\",\"target\":[\"https:\\\/\\\/cinema.video\\\/it\\\/il-bene-comune-rocco-papaleo\"]}]},{\"@type\":\"ImageObject\",\"inLanguage\":\"it-IT\",\"@id\":\"https:\\\/\\\/cinema.video\\\/it\\\/il-bene-comune-rocco-papaleo#primaryimage\",\"url\":\"https:\\\/\\\/cinema.video\\\/wp-content\\\/uploads\\\/2025\\\/12\\\/20251202_104158.jpg\",\"contentUrl\":\"https:\\\/\\\/cinema.video\\\/wp-content\\\/uploads\\\/2025\\\/12\\\/20251202_104158.jpg\",\"width\":1000,\"height\":563,\"caption\":\"Il Bene Comune \u00e8 raccontare l'industria: alle Giornate di Sorrento si ribadisce la necessit\u00e0 di comunicare meglio il settore\"},{\"@type\":\"BreadcrumbList\",\"@id\":\"https:\\\/\\\/cinema.video\\\/it\\\/il-bene-comune-rocco-papaleo#breadcrumb\",\"itemListElement\":[{\"@type\":\"ListItem\",\"position\":1,\"name\":\"Home\",\"item\":\"https:\\\/\\\/cinema.video\\\/it\\\/home-2\"},{\"@type\":\"ListItem\",\"position\":2,\"name\":\"SORRENTO Il Bene Comune \u00e8 raccontare l&#8217;industria\"}]},{\"@type\":\"WebSite\",\"@id\":\"https:\\\/\\\/cinema.video\\\/it#website\",\"url\":\"https:\\\/\\\/cinema.video\\\/it\",\"name\":\"Cinema & Video International\",\"description\":\"Film &amp; Audiovisual Industry Trade Magazine\",\"publisher\":{\"@id\":\"https:\\\/\\\/cinema.video\\\/it#organization\"},\"alternateName\":\"Cinema & Video\",\"potentialAction\":[{\"@type\":\"SearchAction\",\"target\":{\"@type\":\"EntryPoint\",\"urlTemplate\":\"https:\\\/\\\/cinema.video\\\/it?s={search_term_string}\"},\"query-input\":{\"@type\":\"PropertyValueSpecification\",\"valueRequired\":true,\"valueName\":\"search_term_string\"}}],\"inLanguage\":\"it-IT\"},{\"@type\":\"Organization\",\"@id\":\"https:\\\/\\\/cinema.video\\\/it#organization\",\"name\":\"Cinema & Video\",\"url\":\"https:\\\/\\\/cinema.video\\\/it\",\"logo\":{\"@type\":\"ImageObject\",\"inLanguage\":\"it-IT\",\"@id\":\"https:\\\/\\\/cinema.video\\\/it#\\\/schema\\\/logo\\\/image\\\/\",\"url\":\"https:\\\/\\\/cinema.video\\\/wp-content\\\/uploads\\\/2026\\\/04\\\/CinemVideo_LogoBlack.png\",\"contentUrl\":\"https:\\\/\\\/cinema.video\\\/wp-content\\\/uploads\\\/2026\\\/04\\\/CinemVideo_LogoBlack.png\",\"width\":1336,\"height\":224,\"caption\":\"Cinema & Video\"},\"image\":{\"@id\":\"https:\\\/\\\/cinema.video\\\/it#\\\/schema\\\/logo\\\/image\\\/\"},\"sameAs\":[\"https:\\\/\\\/www.facebook.com\\\/CinemaVideoInternational\\\/\",\"https:\\\/\\\/www.instagram.com\\\/cinemaevideointernational\\\/\",\"https:\\\/\\\/it.linkedin.com\\\/company\\\/cinema-video-international\"],\"description\":\"Media Consulting & Marketing Agency\",\"email\":\"hello@darostudio.com\",\"legalName\":\"DARO studio LLC\",\"foundingDate\":\"2021-02-16\",\"numberOfEmployees\":{\"@type\":\"QuantitativeValue\",\"minValue\":\"1\",\"maxValue\":\"10\"}},{\"@type\":\"Person\",\"@id\":\"https:\\\/\\\/cinema.video\\\/it#\\\/schema\\\/person\\\/d5479fad8d0f2360000eb4aab6bb6e5d\",\"name\":\"Carolina Mancini\",\"image\":{\"@type\":\"ImageObject\",\"inLanguage\":\"it-IT\",\"@id\":\"https:\\\/\\\/secure.gravatar.com\\\/avatar\\\/d4758965c5e8730dbaaa7131a628547771a26c1e5bf14fe323d96f8246a62baf?s=96&d=mm&r=g\",\"url\":\"https:\\\/\\\/secure.gravatar.com\\\/avatar\\\/d4758965c5e8730dbaaa7131a628547771a26c1e5bf14fe323d96f8246a62baf?s=96&d=mm&r=g\",\"contentUrl\":\"https:\\\/\\\/secure.gravatar.com\\\/avatar\\\/d4758965c5e8730dbaaa7131a628547771a26c1e5bf14fe323d96f8246a62baf?s=96&d=mm&r=g\",\"caption\":\"Carolina Mancini\"},\"url\":\"https:\\\/\\\/cinema.video\\\/it\\\/author\\\/carolin\"}]}<\/script>\n<!-- \/ Yoast SEO Premium plugin. -->","yoast_head_json":{"title":"SORRENTO Il Bene Comune \u00e8 raccontare l'industria - Cinema &amp; Video International","description":"SORRENTO Il Bene Comune \u00e8 raccontare l'industria \u2013 sorrento il bene comune raccontare lindustria. \u201cRaccontarsi \u00e8 il modo migliore per favorire il bene com","robots":{"index":"index","follow":"follow","max-snippet":"max-snippet:-1","max-image-preview":"max-image-preview:large","max-video-preview":"max-video-preview:-1"},"canonical":"https:\/\/cinema.video\/it\/il-bene-comune-rocco-papaleo","og_locale":"it_IT","og_type":"article","og_title":"SORRENTO Il Bene Comune \u00e8 raccontare l'industria","og_description":"SORRENTO Il Bene Comune \u00e8 raccontare l'industria \u2013 sorrento il bene comune raccontare lindustria. \u201cRaccontarsi \u00e8 il modo migliore per favorire il bene com","og_url":"https:\/\/cinema.video\/it\/il-bene-comune-rocco-papaleo","og_site_name":"Cinema &amp; Video International","article_publisher":"https:\/\/www.facebook.com\/CinemaVideoInternational\/","article_published_time":"2025-12-02T21:40:25+00:00","article_modified_time":"2026-04-10T02:11:22+00:00","og_image":[{"width":1000,"height":563,"url":"https:\/\/cinema.video\/wp-content\/uploads\/2025\/12\/20251202_104158.jpg","type":"image\/jpeg"}],"author":"Carolina Mancini","twitter_card":"summary_large_image","twitter_misc":{"Scritto da":"Carolina Mancini","Tempo di lettura stimato":"4 minuti"},"schema":{"@context":"https:\/\/schema.org","@graph":[{"@type":"Article","@id":"https:\/\/cinema.video\/it\/il-bene-comune-rocco-papaleo#article","isPartOf":{"@id":"https:\/\/cinema.video\/it\/il-bene-comune-rocco-papaleo"},"author":{"name":"Carolina Mancini","@id":"https:\/\/cinema.video\/it#\/schema\/person\/d5479fad8d0f2360000eb4aab6bb6e5d"},"headline":"SORRENTO Il Bene Comune \u00e8 raccontare l&#8217;industria","datePublished":"2025-12-02T21:40:25+00:00","dateModified":"2026-04-10T02:11:22+00:00","mainEntityOfPage":{"@id":"https:\/\/cinema.video\/it\/il-bene-comune-rocco-papaleo"},"wordCount":574,"publisher":{"@id":"https:\/\/cinema.video\/it#organization"},"image":{"@id":"https:\/\/cinema.video\/it\/il-bene-comune-rocco-papaleo#primaryimage"},"thumbnailUrl":"https:\/\/cinema.video\/wp-content\/uploads\/2025\/12\/20251202_104158.jpg","inLanguage":"it-IT"},{"@type":"WebPage","@id":"https:\/\/cinema.video\/it\/il-bene-comune-rocco-papaleo","url":"https:\/\/cinema.video\/it\/il-bene-comune-rocco-papaleo","name":"SORRENTO Il Bene Comune \u00e8 raccontare l'industria - Cinema &amp; Video International","isPartOf":{"@id":"https:\/\/cinema.video\/it#website"},"primaryImageOfPage":{"@id":"https:\/\/cinema.video\/it\/il-bene-comune-rocco-papaleo#primaryimage"},"image":{"@id":"https:\/\/cinema.video\/it\/il-bene-comune-rocco-papaleo#primaryimage"},"thumbnailUrl":"https:\/\/cinema.video\/wp-content\/uploads\/2025\/12\/20251202_104158.jpg","datePublished":"2025-12-02T21:40:25+00:00","dateModified":"2026-04-10T02:11:22+00:00","description":"SORRENTO Il Bene Comune \u00e8 raccontare l'industria \u2013 sorrento il bene comune raccontare lindustria. \u201cRaccontarsi \u00e8 il modo migliore per favorire il bene com","breadcrumb":{"@id":"https:\/\/cinema.video\/it\/il-bene-comune-rocco-papaleo#breadcrumb"},"inLanguage":"it-IT","potentialAction":[{"@type":"ReadAction","target":["https:\/\/cinema.video\/it\/il-bene-comune-rocco-papaleo"]}]},{"@type":"ImageObject","inLanguage":"it-IT","@id":"https:\/\/cinema.video\/it\/il-bene-comune-rocco-papaleo#primaryimage","url":"https:\/\/cinema.video\/wp-content\/uploads\/2025\/12\/20251202_104158.jpg","contentUrl":"https:\/\/cinema.video\/wp-content\/uploads\/2025\/12\/20251202_104158.jpg","width":1000,"height":563,"caption":"Il Bene Comune \u00e8 raccontare l'industria: alle Giornate di Sorrento si ribadisce la necessit\u00e0 di comunicare meglio il settore"},{"@type":"BreadcrumbList","@id":"https:\/\/cinema.video\/it\/il-bene-comune-rocco-papaleo#breadcrumb","itemListElement":[{"@type":"ListItem","position":1,"name":"Home","item":"https:\/\/cinema.video\/it\/home-2"},{"@type":"ListItem","position":2,"name":"SORRENTO Il Bene Comune \u00e8 raccontare l&#8217;industria"}]},{"@type":"WebSite","@id":"https:\/\/cinema.video\/it#website","url":"https:\/\/cinema.video\/it","name":"Cinema & Video International","description":"Film &amp; Audiovisual Industry Trade Magazine","publisher":{"@id":"https:\/\/cinema.video\/it#organization"},"alternateName":"Cinema & Video","potentialAction":[{"@type":"SearchAction","target":{"@type":"EntryPoint","urlTemplate":"https:\/\/cinema.video\/it?s={search_term_string}"},"query-input":{"@type":"PropertyValueSpecification","valueRequired":true,"valueName":"search_term_string"}}],"inLanguage":"it-IT"},{"@type":"Organization","@id":"https:\/\/cinema.video\/it#organization","name":"Cinema & Video","url":"https:\/\/cinema.video\/it","logo":{"@type":"ImageObject","inLanguage":"it-IT","@id":"https:\/\/cinema.video\/it#\/schema\/logo\/image\/","url":"https:\/\/cinema.video\/wp-content\/uploads\/2026\/04\/CinemVideo_LogoBlack.png","contentUrl":"https:\/\/cinema.video\/wp-content\/uploads\/2026\/04\/CinemVideo_LogoBlack.png","width":1336,"height":224,"caption":"Cinema & Video"},"image":{"@id":"https:\/\/cinema.video\/it#\/schema\/logo\/image\/"},"sameAs":["https:\/\/www.facebook.com\/CinemaVideoInternational\/","https:\/\/www.instagram.com\/cinemaevideointernational\/","https:\/\/it.linkedin.com\/company\/cinema-video-international"],"description":"Media Consulting & Marketing Agency","email":"hello@darostudio.com","legalName":"DARO studio LLC","foundingDate":"2021-02-16","numberOfEmployees":{"@type":"QuantitativeValue","minValue":"1","maxValue":"10"}},{"@type":"Person","@id":"https:\/\/cinema.video\/it#\/schema\/person\/d5479fad8d0f2360000eb4aab6bb6e5d","name":"Carolina Mancini","image":{"@type":"ImageObject","inLanguage":"it-IT","@id":"https:\/\/secure.gravatar.com\/avatar\/d4758965c5e8730dbaaa7131a628547771a26c1e5bf14fe323d96f8246a62baf?s=96&d=mm&r=g","url":"https:\/\/secure.gravatar.com\/avatar\/d4758965c5e8730dbaaa7131a628547771a26c1e5bf14fe323d96f8246a62baf?s=96&d=mm&r=g","contentUrl":"https:\/\/secure.gravatar.com\/avatar\/d4758965c5e8730dbaaa7131a628547771a26c1e5bf14fe323d96f8246a62baf?s=96&d=mm&r=g","caption":"Carolina Mancini"},"url":"https:\/\/cinema.video\/it\/author\/carolin"}]}},"jetpack_featured_media_url":"https:\/\/cinema.video\/wp-content\/uploads\/2025\/12\/20251202_104158.jpg","jetpack_shortlink":"https:\/\/wp.me\/ph672m-1gmA","_links":{"self":[{"href":"https:\/\/cinema.video\/it\/wp-json\/wp\/v2\/posts\/301232","targetHints":{"allow":["GET"]}}],"collection":[{"href":"https:\/\/cinema.video\/it\/wp-json\/wp\/v2\/posts"}],"about":[{"href":"https:\/\/cinema.video\/it\/wp-json\/wp\/v2\/types\/post"}],"author":[{"embeddable":true,"href":"https:\/\/cinema.video\/it\/wp-json\/wp\/v2\/users\/2"}],"replies":[{"embeddable":true,"href":"https:\/\/cinema.video\/it\/wp-json\/wp\/v2\/comments?post=301232"}],"version-history":[{"count":1,"href":"https:\/\/cinema.video\/it\/wp-json\/wp\/v2\/posts\/301232\/revisions"}],"predecessor-version":[{"id":309822,"href":"https:\/\/cinema.video\/it\/wp-json\/wp\/v2\/posts\/301232\/revisions\/309822"}],"wp:featuredmedia":[{"embeddable":true,"href":"https:\/\/cinema.video\/it\/wp-json\/wp\/v2\/media\/301233"}],"wp:attachment":[{"href":"https:\/\/cinema.video\/it\/wp-json\/wp\/v2\/media?parent=301232"}],"wp:term":[{"taxonomy":"category","embeddable":true,"href":"https:\/\/cinema.video\/it\/wp-json\/wp\/v2\/categories?post=301232"},{"taxonomy":"post_tag","embeddable":true,"href":"https:\/\/cinema.video\/it\/wp-json\/wp\/v2\/tags?post=301232"}],"curies":[{"name":"wp","href":"https:\/\/api.w.org\/{rel}","templated":true}]}}