{"id":301205,"date":"2025-11-26T11:24:42","date_gmt":"2025-11-26T10:24:42","guid":{"rendered":"https:\/\/cinema.video\/?p=301205"},"modified":"2026-04-10T04:11:16","modified_gmt":"2026-04-10T02:11:16","slug":"convenzione-per-la-co-produzione-di-serie-europee","status":"publish","type":"post","link":"https:\/\/cinema.video\/it\/convenzione-per-la-co-produzione-di-serie-europee","title":{"rendered":"Europa adottata la Convenzione per la co-produzione di serie"},"content":{"rendered":"\n<p class=\"wp-block-paragraph\">Il Consiglio Europeo ha adottato ufficialmente la <strong>Convenzione sulla Co-Produzione di opere audiovisive in forma seriale<\/strong>: \u00e8 la prima cornice legale internazionale dedicata specificamente alla co-produzione indipendente di serie per la tv o per le piattaforme.<\/p>\n\n\n\n<p class=\"wp-block-paragraph\">Si tratta di un passo significativo per il settore audiovisivo europeo e internazionale, che rafforza la cooperazione culturale supportando i produttori indipendenti e promuovendo la trasparenza in un mondo sempre pi\u00f9 veloce. <\/p>\n\n\n\n<p class=\"wp-block-paragraph\">La nuova Convenzione risponde alla rapida crescita delle serie come formato dominante nel panorama dell&#8217;offerta audiovisiva globale, ed introduce una serie di regole di co-produzione, che fino ad ora esistevano solo per le opere cinematografiche, e che riflettono la realt\u00e0 delle narrazioni serializzate. Ottimizzando  le procedure amministrative e chiarificando gli obblighi, la Convenzione semplifica la collaborazione per produttori indipendenti dei diversi paesi, e cos\u00ec facendo rinforza il loro ruolo, rendendo possibile una spartizione  equa dei diritti di propriet\u00e0 e dei ricavi che garantiscano una sopravvivenza a lungo termine. <\/p>\n\n\n\n<p class=\"wp-block-paragraph\">Incoraggiando la cooperazione culturale transfrontaliera, la Convenzione promuove la diffusione di un&#8217;offerta  pi\u00f9 varia e ricca di lingue, culture e tradizioni audiovisive presso gli spettatori europei e incentiva una circolazione pi\u00f9 ampia.<\/p>\n\n\n\n<p class=\"wp-block-paragraph\">Oltre a focalizzarsi sul settore della produzione indipendente, questo nuovo strumento riconosce il ruolo essenziale dei media service providers pubblici e privati nel creare e disitrubuire serie e fornisce linee guide per un&#8217;interazione bilanciata, dove le serie sono introdotte dai produttori indipendenti. <\/p>\n\n\n\n<p class=\"wp-block-paragraph\">Una volta in essere, la Convenzione stabilit\u00e0 una fondazione permanente e internazionalmente riconosciuta per opere di serie di alta qualit\u00e0, supportando il loro ruolo come bene pubblico che nutre la vitalit\u00e0 linguistica, il pluralismo e la partecipazione democratica, in linea con la missione del Consiglio d&#8217;Europa di salvaguardare la democrazia.  <\/p>\n\n\n\n<p class=\"wp-block-paragraph\">La Convenzione si avvier\u00e0 con la firma degli stati membri del Consiglio d&#8217;Europa all&#8217;inizio del 2026 e entrer\u00e0 in vigore dopo la ratifica di tre paesi.   <\/p>\n","protected":false},"excerpt":{"rendered":"<p>La Convenzione introduce una serie di regole di co-produzione, che fino ad ora esistevano solo per le opere cinematografiche semplificando la cooperazione fra produttori europei indipendenti<\/p>\n","protected":false},"author":26,"featured_media":301209,"comment_status":"closed","ping_status":"closed","sticky":false,"template":"","format":"standard","meta":{"googlesitekit_rrm_CAow3e7fCw:productID":"","_crdt_document":"","footnotes":""},"categories":[1],"tags":[1161],"class_list":{"0":"post-301205","1":"post","2":"type-post","3":"status-publish","4":"format-standard","5":"has-post-thumbnail","7":"category-senza-categoria","8":"tag-serie-tv"},"yoast_head":"<!-- This site is optimized with the Yoast SEO Premium plugin v27.4 (Yoast SEO v27.4) - https:\/\/yoast.com\/product\/yoast-seo-premium-wordpress\/ -->\n<title>Europa adottata la Convenzione per la co-produzione di serie - Cinema &amp; Video International<\/title>\n<meta name=\"description\" content=\"Europa adottata la Convenzione per la co-produzione di serie \u2013 europa adottata la convenzione per la. Il Consiglio Europeo ha adottato ufficialmente la Co\" \/>\n<meta name=\"robots\" content=\"index, follow, max-snippet:-1, max-image-preview:large, max-video-preview:-1\" \/>\n<link rel=\"canonical\" href=\"https:\/\/cinema.video\/it\/convenzione-per-la-co-produzione-di-serie-europee\" \/>\n<meta property=\"og:locale\" content=\"it_IT\" \/>\n<meta property=\"og:type\" content=\"article\" \/>\n<meta property=\"og:title\" content=\"Europa adottata la Convenzione per la co-produzione di serie\" \/>\n<meta property=\"og:description\" content=\"Europa adottata la Convenzione per la co-produzione di serie \u2013 europa adottata la convenzione per la. Il Consiglio Europeo ha adottato ufficialmente la Co\" \/>\n<meta property=\"og:url\" content=\"https:\/\/cinema.video\/it\/convenzione-per-la-co-produzione-di-serie-europee\" \/>\n<meta property=\"og:site_name\" content=\"Cinema &amp; Video International\" \/>\n<meta property=\"article:publisher\" content=\"https:\/\/www.facebook.com\/CinemaVideoInternational\/\" \/>\n<meta property=\"article:published_time\" content=\"2025-11-26T10:24:42+00:00\" \/>\n<meta property=\"article:modified_time\" content=\"2026-04-10T02:11:16+00:00\" \/>\n<meta property=\"og:image\" content=\"https:\/\/cinema.video\/wp-content\/uploads\/2025\/11\/audiovisual-television-living-room.jpg\" \/>\n\t<meta property=\"og:image:width\" content=\"870\" \/>\n\t<meta property=\"og:image:height\" content=\"489\" \/>\n\t<meta property=\"og:image:type\" content=\"image\/jpeg\" \/>\n<meta name=\"author\" content=\"Redazione\" \/>\n<meta name=\"twitter:card\" content=\"summary_large_image\" \/>\n<meta name=\"twitter:label1\" content=\"Scritto da\" \/>\n\t<meta name=\"twitter:data1\" content=\"Redazione\" \/>\n\t<meta name=\"twitter:label2\" content=\"Tempo di lettura stimato\" \/>\n\t<meta name=\"twitter:data2\" content=\"2 minuti\" \/>\n<script type=\"application\/ld+json\" class=\"yoast-schema-graph\">{\"@context\":\"https:\\\/\\\/schema.org\",\"@graph\":[{\"@type\":\"Article\",\"@id\":\"https:\\\/\\\/cinema.video\\\/it\\\/convenzione-per-la-co-produzione-di-serie-europee#article\",\"isPartOf\":{\"@id\":\"https:\\\/\\\/cinema.video\\\/it\\\/convenzione-per-la-co-produzione-di-serie-europee\"},\"author\":{\"name\":\"Redazione\",\"@id\":\"https:\\\/\\\/cinema.video\\\/it#\\\/schema\\\/person\\\/aeb01b91d874e8b01e76a1db04c668c6\"},\"headline\":\"Europa adottata la Convenzione per la co-produzione di serie\",\"datePublished\":\"2025-11-26T10:24:42+00:00\",\"dateModified\":\"2026-04-10T02:11:16+00:00\",\"mainEntityOfPage\":{\"@id\":\"https:\\\/\\\/cinema.video\\\/it\\\/convenzione-per-la-co-produzione-di-serie-europee\"},\"wordCount\":319,\"publisher\":{\"@id\":\"https:\\\/\\\/cinema.video\\\/it#organization\"},\"image\":{\"@id\":\"https:\\\/\\\/cinema.video\\\/it\\\/convenzione-per-la-co-produzione-di-serie-europee#primaryimage\"},\"thumbnailUrl\":\"https:\\\/\\\/cinema.video\\\/wp-content\\\/uploads\\\/2025\\\/11\\\/audiovisual-television-living-room.jpg\",\"keywords\":[\"Serie TV\"],\"inLanguage\":\"it-IT\"},{\"@type\":\"WebPage\",\"@id\":\"https:\\\/\\\/cinema.video\\\/it\\\/convenzione-per-la-co-produzione-di-serie-europee\",\"url\":\"https:\\\/\\\/cinema.video\\\/it\\\/convenzione-per-la-co-produzione-di-serie-europee\",\"name\":\"Europa adottata la Convenzione per la co-produzione di serie - Cinema &amp; Video International\",\"isPartOf\":{\"@id\":\"https:\\\/\\\/cinema.video\\\/it#website\"},\"primaryImageOfPage\":{\"@id\":\"https:\\\/\\\/cinema.video\\\/it\\\/convenzione-per-la-co-produzione-di-serie-europee#primaryimage\"},\"image\":{\"@id\":\"https:\\\/\\\/cinema.video\\\/it\\\/convenzione-per-la-co-produzione-di-serie-europee#primaryimage\"},\"thumbnailUrl\":\"https:\\\/\\\/cinema.video\\\/wp-content\\\/uploads\\\/2025\\\/11\\\/audiovisual-television-living-room.jpg\",\"datePublished\":\"2025-11-26T10:24:42+00:00\",\"dateModified\":\"2026-04-10T02:11:16+00:00\",\"description\":\"Europa adottata la Convenzione per la co-produzione di serie \u2013 europa adottata la convenzione per la. Il Consiglio Europeo ha adottato ufficialmente la Co\",\"breadcrumb\":{\"@id\":\"https:\\\/\\\/cinema.video\\\/it\\\/convenzione-per-la-co-produzione-di-serie-europee#breadcrumb\"},\"inLanguage\":\"it-IT\",\"potentialAction\":[{\"@type\":\"ReadAction\",\"target\":[\"https:\\\/\\\/cinema.video\\\/it\\\/convenzione-per-la-co-produzione-di-serie-europee\"]}]},{\"@type\":\"ImageObject\",\"inLanguage\":\"it-IT\",\"@id\":\"https:\\\/\\\/cinema.video\\\/it\\\/convenzione-per-la-co-produzione-di-serie-europee#primaryimage\",\"url\":\"https:\\\/\\\/cinema.video\\\/wp-content\\\/uploads\\\/2025\\\/11\\\/audiovisual-television-living-room.jpg\",\"contentUrl\":\"https:\\\/\\\/cinema.video\\\/wp-content\\\/uploads\\\/2025\\\/11\\\/audiovisual-television-living-room.jpg\",\"width\":870,\"height\":489,\"caption\":\"Il Consiglio d'Europa ha adottato Europa la Convenzione per la co-produzione indipendente di serie per la tv o per le piattaforme.\"},{\"@type\":\"BreadcrumbList\",\"@id\":\"https:\\\/\\\/cinema.video\\\/it\\\/convenzione-per-la-co-produzione-di-serie-europee#breadcrumb\",\"itemListElement\":[{\"@type\":\"ListItem\",\"position\":1,\"name\":\"Home\",\"item\":\"https:\\\/\\\/cinema.video\\\/it\\\/home-2\"},{\"@type\":\"ListItem\",\"position\":2,\"name\":\"Europa adottata la Convenzione per la co-produzione di serie\"}]},{\"@type\":\"WebSite\",\"@id\":\"https:\\\/\\\/cinema.video\\\/it#website\",\"url\":\"https:\\\/\\\/cinema.video\\\/it\",\"name\":\"Cinema & Video International\",\"description\":\"Film &amp; Audiovisual Industry Trade Magazine\",\"publisher\":{\"@id\":\"https:\\\/\\\/cinema.video\\\/it#organization\"},\"alternateName\":\"Cinema & Video\",\"potentialAction\":[{\"@type\":\"SearchAction\",\"target\":{\"@type\":\"EntryPoint\",\"urlTemplate\":\"https:\\\/\\\/cinema.video\\\/it?s={search_term_string}\"},\"query-input\":{\"@type\":\"PropertyValueSpecification\",\"valueRequired\":true,\"valueName\":\"search_term_string\"}}],\"inLanguage\":\"it-IT\"},{\"@type\":\"Organization\",\"@id\":\"https:\\\/\\\/cinema.video\\\/it#organization\",\"name\":\"Cinema & Video\",\"url\":\"https:\\\/\\\/cinema.video\\\/it\",\"logo\":{\"@type\":\"ImageObject\",\"inLanguage\":\"it-IT\",\"@id\":\"https:\\\/\\\/cinema.video\\\/it#\\\/schema\\\/logo\\\/image\\\/\",\"url\":\"https:\\\/\\\/cinema.video\\\/wp-content\\\/uploads\\\/2026\\\/04\\\/CinemVideo_LogoBlack.png\",\"contentUrl\":\"https:\\\/\\\/cinema.video\\\/wp-content\\\/uploads\\\/2026\\\/04\\\/CinemVideo_LogoBlack.png\",\"width\":1336,\"height\":224,\"caption\":\"Cinema & Video\"},\"image\":{\"@id\":\"https:\\\/\\\/cinema.video\\\/it#\\\/schema\\\/logo\\\/image\\\/\"},\"sameAs\":[\"https:\\\/\\\/www.facebook.com\\\/CinemaVideoInternational\\\/\",\"https:\\\/\\\/www.instagram.com\\\/cinemaevideointernational\\\/\",\"https:\\\/\\\/it.linkedin.com\\\/company\\\/cinema-video-international\"],\"description\":\"Media Consulting & Marketing Agency\",\"email\":\"hello@darostudio.com\",\"legalName\":\"DARO studio LLC\",\"foundingDate\":\"2021-02-16\",\"numberOfEmployees\":{\"@type\":\"QuantitativeValue\",\"minValue\":\"1\",\"maxValue\":\"10\"}},{\"@type\":\"Person\",\"@id\":\"https:\\\/\\\/cinema.video\\\/it#\\\/schema\\\/person\\\/aeb01b91d874e8b01e76a1db04c668c6\",\"name\":\"Redazione\",\"image\":{\"@type\":\"ImageObject\",\"inLanguage\":\"it-IT\",\"@id\":\"https:\\\/\\\/secure.gravatar.com\\\/avatar\\\/06ad6f92eb14745b75fb592cadf8139d33242d81c9c8b085133c450aaf0b9731?s=96&d=mm&r=g\",\"url\":\"https:\\\/\\\/secure.gravatar.com\\\/avatar\\\/06ad6f92eb14745b75fb592cadf8139d33242d81c9c8b085133c450aaf0b9731?s=96&d=mm&r=g\",\"contentUrl\":\"https:\\\/\\\/secure.gravatar.com\\\/avatar\\\/06ad6f92eb14745b75fb592cadf8139d33242d81c9c8b085133c450aaf0b9731?s=96&d=mm&r=g\",\"caption\":\"Redazione\"},\"url\":\"https:\\\/\\\/cinema.video\\\/it\\\/author\\\/redazione\"}]}<\/script>\n<!-- \/ Yoast SEO Premium plugin. -->","yoast_head_json":{"title":"Europa adottata la Convenzione per la co-produzione di serie - Cinema &amp; Video International","description":"Europa adottata la Convenzione per la co-produzione di serie \u2013 europa adottata la convenzione per la. Il Consiglio Europeo ha adottato ufficialmente la Co","robots":{"index":"index","follow":"follow","max-snippet":"max-snippet:-1","max-image-preview":"max-image-preview:large","max-video-preview":"max-video-preview:-1"},"canonical":"https:\/\/cinema.video\/it\/convenzione-per-la-co-produzione-di-serie-europee","og_locale":"it_IT","og_type":"article","og_title":"Europa adottata la Convenzione per la co-produzione di serie","og_description":"Europa adottata la Convenzione per la co-produzione di serie \u2013 europa adottata la convenzione per la. Il Consiglio Europeo ha adottato ufficialmente la Co","og_url":"https:\/\/cinema.video\/it\/convenzione-per-la-co-produzione-di-serie-europee","og_site_name":"Cinema &amp; Video International","article_publisher":"https:\/\/www.facebook.com\/CinemaVideoInternational\/","article_published_time":"2025-11-26T10:24:42+00:00","article_modified_time":"2026-04-10T02:11:16+00:00","og_image":[{"width":870,"height":489,"url":"https:\/\/cinema.video\/wp-content\/uploads\/2025\/11\/audiovisual-television-living-room.jpg","type":"image\/jpeg"}],"author":"Redazione","twitter_card":"summary_large_image","twitter_misc":{"Scritto da":"Redazione","Tempo di lettura stimato":"2 minuti"},"schema":{"@context":"https:\/\/schema.org","@graph":[{"@type":"Article","@id":"https:\/\/cinema.video\/it\/convenzione-per-la-co-produzione-di-serie-europee#article","isPartOf":{"@id":"https:\/\/cinema.video\/it\/convenzione-per-la-co-produzione-di-serie-europee"},"author":{"name":"Redazione","@id":"https:\/\/cinema.video\/it#\/schema\/person\/aeb01b91d874e8b01e76a1db04c668c6"},"headline":"Europa adottata la Convenzione per la co-produzione di serie","datePublished":"2025-11-26T10:24:42+00:00","dateModified":"2026-04-10T02:11:16+00:00","mainEntityOfPage":{"@id":"https:\/\/cinema.video\/it\/convenzione-per-la-co-produzione-di-serie-europee"},"wordCount":319,"publisher":{"@id":"https:\/\/cinema.video\/it#organization"},"image":{"@id":"https:\/\/cinema.video\/it\/convenzione-per-la-co-produzione-di-serie-europee#primaryimage"},"thumbnailUrl":"https:\/\/cinema.video\/wp-content\/uploads\/2025\/11\/audiovisual-television-living-room.jpg","keywords":["Serie TV"],"inLanguage":"it-IT"},{"@type":"WebPage","@id":"https:\/\/cinema.video\/it\/convenzione-per-la-co-produzione-di-serie-europee","url":"https:\/\/cinema.video\/it\/convenzione-per-la-co-produzione-di-serie-europee","name":"Europa adottata la Convenzione per la co-produzione di serie - Cinema &amp; Video International","isPartOf":{"@id":"https:\/\/cinema.video\/it#website"},"primaryImageOfPage":{"@id":"https:\/\/cinema.video\/it\/convenzione-per-la-co-produzione-di-serie-europee#primaryimage"},"image":{"@id":"https:\/\/cinema.video\/it\/convenzione-per-la-co-produzione-di-serie-europee#primaryimage"},"thumbnailUrl":"https:\/\/cinema.video\/wp-content\/uploads\/2025\/11\/audiovisual-television-living-room.jpg","datePublished":"2025-11-26T10:24:42+00:00","dateModified":"2026-04-10T02:11:16+00:00","description":"Europa adottata la Convenzione per la co-produzione di serie \u2013 europa adottata la convenzione per la. Il Consiglio Europeo ha adottato ufficialmente la Co","breadcrumb":{"@id":"https:\/\/cinema.video\/it\/convenzione-per-la-co-produzione-di-serie-europee#breadcrumb"},"inLanguage":"it-IT","potentialAction":[{"@type":"ReadAction","target":["https:\/\/cinema.video\/it\/convenzione-per-la-co-produzione-di-serie-europee"]}]},{"@type":"ImageObject","inLanguage":"it-IT","@id":"https:\/\/cinema.video\/it\/convenzione-per-la-co-produzione-di-serie-europee#primaryimage","url":"https:\/\/cinema.video\/wp-content\/uploads\/2025\/11\/audiovisual-television-living-room.jpg","contentUrl":"https:\/\/cinema.video\/wp-content\/uploads\/2025\/11\/audiovisual-television-living-room.jpg","width":870,"height":489,"caption":"Il Consiglio d'Europa ha adottato Europa la Convenzione per la co-produzione indipendente di serie per la tv o per le piattaforme."},{"@type":"BreadcrumbList","@id":"https:\/\/cinema.video\/it\/convenzione-per-la-co-produzione-di-serie-europee#breadcrumb","itemListElement":[{"@type":"ListItem","position":1,"name":"Home","item":"https:\/\/cinema.video\/it\/home-2"},{"@type":"ListItem","position":2,"name":"Europa adottata la Convenzione per la co-produzione di serie"}]},{"@type":"WebSite","@id":"https:\/\/cinema.video\/it#website","url":"https:\/\/cinema.video\/it","name":"Cinema & Video International","description":"Film &amp; Audiovisual Industry Trade Magazine","publisher":{"@id":"https:\/\/cinema.video\/it#organization"},"alternateName":"Cinema & Video","potentialAction":[{"@type":"SearchAction","target":{"@type":"EntryPoint","urlTemplate":"https:\/\/cinema.video\/it?s={search_term_string}"},"query-input":{"@type":"PropertyValueSpecification","valueRequired":true,"valueName":"search_term_string"}}],"inLanguage":"it-IT"},{"@type":"Organization","@id":"https:\/\/cinema.video\/it#organization","name":"Cinema & Video","url":"https:\/\/cinema.video\/it","logo":{"@type":"ImageObject","inLanguage":"it-IT","@id":"https:\/\/cinema.video\/it#\/schema\/logo\/image\/","url":"https:\/\/cinema.video\/wp-content\/uploads\/2026\/04\/CinemVideo_LogoBlack.png","contentUrl":"https:\/\/cinema.video\/wp-content\/uploads\/2026\/04\/CinemVideo_LogoBlack.png","width":1336,"height":224,"caption":"Cinema & Video"},"image":{"@id":"https:\/\/cinema.video\/it#\/schema\/logo\/image\/"},"sameAs":["https:\/\/www.facebook.com\/CinemaVideoInternational\/","https:\/\/www.instagram.com\/cinemaevideointernational\/","https:\/\/it.linkedin.com\/company\/cinema-video-international"],"description":"Media Consulting & Marketing Agency","email":"hello@darostudio.com","legalName":"DARO studio LLC","foundingDate":"2021-02-16","numberOfEmployees":{"@type":"QuantitativeValue","minValue":"1","maxValue":"10"}},{"@type":"Person","@id":"https:\/\/cinema.video\/it#\/schema\/person\/aeb01b91d874e8b01e76a1db04c668c6","name":"Redazione","image":{"@type":"ImageObject","inLanguage":"it-IT","@id":"https:\/\/secure.gravatar.com\/avatar\/06ad6f92eb14745b75fb592cadf8139d33242d81c9c8b085133c450aaf0b9731?s=96&d=mm&r=g","url":"https:\/\/secure.gravatar.com\/avatar\/06ad6f92eb14745b75fb592cadf8139d33242d81c9c8b085133c450aaf0b9731?s=96&d=mm&r=g","contentUrl":"https:\/\/secure.gravatar.com\/avatar\/06ad6f92eb14745b75fb592cadf8139d33242d81c9c8b085133c450aaf0b9731?s=96&d=mm&r=g","caption":"Redazione"},"url":"https:\/\/cinema.video\/it\/author\/redazione"}]}},"jetpack_featured_media_url":"https:\/\/cinema.video\/wp-content\/uploads\/2025\/11\/audiovisual-television-living-room.jpg","jetpack_shortlink":"https:\/\/wp.me\/ph672m-1gm9","_links":{"self":[{"href":"https:\/\/cinema.video\/it\/wp-json\/wp\/v2\/posts\/301205","targetHints":{"allow":["GET"]}}],"collection":[{"href":"https:\/\/cinema.video\/it\/wp-json\/wp\/v2\/posts"}],"about":[{"href":"https:\/\/cinema.video\/it\/wp-json\/wp\/v2\/types\/post"}],"author":[{"embeddable":true,"href":"https:\/\/cinema.video\/it\/wp-json\/wp\/v2\/users\/26"}],"replies":[{"embeddable":true,"href":"https:\/\/cinema.video\/it\/wp-json\/wp\/v2\/comments?post=301205"}],"version-history":[{"count":1,"href":"https:\/\/cinema.video\/it\/wp-json\/wp\/v2\/posts\/301205\/revisions"}],"predecessor-version":[{"id":309819,"href":"https:\/\/cinema.video\/it\/wp-json\/wp\/v2\/posts\/301205\/revisions\/309819"}],"wp:featuredmedia":[{"embeddable":true,"href":"https:\/\/cinema.video\/it\/wp-json\/wp\/v2\/media\/301209"}],"wp:attachment":[{"href":"https:\/\/cinema.video\/it\/wp-json\/wp\/v2\/media?parent=301205"}],"wp:term":[{"taxonomy":"category","embeddable":true,"href":"https:\/\/cinema.video\/it\/wp-json\/wp\/v2\/categories?post=301205"},{"taxonomy":"post_tag","embeddable":true,"href":"https:\/\/cinema.video\/it\/wp-json\/wp\/v2\/tags?post=301205"}],"curies":[{"name":"wp","href":"https:\/\/api.w.org\/{rel}","templated":true}]}}