{"id":301159,"date":"2025-11-26T10:36:15","date_gmt":"2025-11-26T09:36:15","guid":{"rendered":"https:\/\/cinema.video\/?p=301159"},"modified":"2026-04-10T04:11:14","modified_gmt":"2026-04-10T02:11:14","slug":"15-milioni-di-euro-per-il-piemonte-film-tv-fund-nel-biennio-26-27","status":"publish","type":"post","link":"https:\/\/cinema.video\/it\/15-milioni-di-euro-per-il-piemonte-film-tv-fund-nel-biennio-26-27","title":{"rendered":"15 milioni di euro per il Piemonte Film Tv Fund nel biennio &#8217;26-&#8217;27"},"content":{"rendered":"\n<p class=\"wp-block-paragraph\">\u201cContinuit\u00e0 e consolidamento\u201d: le parole dell\u2019assessore al&nbsp;Bilancio e alle&nbsp;Attivit\u00e0 produttive&nbsp;<strong>Andrea Tronzano<\/strong>, che hanno accompagnato l\u2019annuncio di ulteriori risorse al cinema e all\u2019audiovisivo, sintetizzano il percorso di quello che la<strong> Regione Piemonte<\/strong> da tempo considera un investimento.<\/p>\n\n\n\n<p class=\"wp-block-paragraph\">L\u2019annuncio \u00e8 stato fatto in occasione del panel istituzionale del <strong>Torino Film Industry<\/strong>: 7 milioni di euro per il 2026 e ulteriori 5 milioni per il 2027\u00a0destinati al\u00a0Piemonte Film TV Fund. Il nuovo bando sar\u00e0 pubblicato entro la prossima primavera.<\/p>\n\n\n\n<p class=\"wp-block-paragraph\">A questa misura si aggiungono\u00a0altri 600.000 euro\u00a0destinati a finanziare\u00a0la prosecuzione dei bandi triennali per la promozione delle attivit\u00e0 cinematografiche e per la valorizzazione delle sale.<\/p>\n\n\n\n<p class=\"wp-block-paragraph\">Il nuovo investimento si inserisce in un percorso gi\u00e0 avviato nel&nbsp;triennio 2023\u20132025, durante il quale la Regione ha stanziato&nbsp;oltre 21 milioni di euro a sostegno dell\u2019intera filiera.&nbsp;<\/p>\n\n\n\n<p class=\"wp-block-paragraph\">Grande soddisfazione \u00e8 stata espressa dalla Film Commission Torino Piemonte, nella dichiarazione congiunta della presidente Beatrice Borgia e del direttore Paolo Manera:<\/p>\n\n\n\n<p class=\"wp-block-paragraph\">\u00abL\u2019annuncio dei nuovi fondi a sostegno del settore ci permette di guardare con ancora maggiore fiducia al lavoro dei prossimi anni, in cui continueremo a concentrarci su internazionalit\u00e0, qualit\u00e0 e responsabilit\u00e0, i nostri asset strategici. Il sistema cinema piemontese sta crescendo e strutturandosi: siamo orgogliosi che la Film Commission \u2013 anche attraverso TFI Torino Film Industry \u2013 sia considerata cabina di regia e parte attiva di questo percorso.&nbsp;La variet\u00e0 delle location, una filiera sempre pi\u00f9 qualificata, la nostra sede che diventa casa per le crew e una rete di servizi e supporto ormai consolidata ci hanno permesso di aumentare qualit\u00e0 e quantit\u00e0 delle produzioni che scelgono il Piemonte.&nbsp;Un ringraziamento particolare ai partner e agli enti che ci accompagnano e supportano: Citt\u00e0 di Torino, altro socio fondatore con Regione Piemonte, Fondazione Compagnia di San Paolo &#8211; che da tre anni sostiene interamente il Bando Sviluppo &#8211; Camera di commercio di Torino e Ceipiemonte\u00bb<\/p>\n","protected":false},"excerpt":{"rendered":"<p>L\u2019annuncio \u00e8 stato fatto in occasione del panel istituzionale del Torino Film Industry: 7 milioni di euro per il 2026 e ulteriori 5 milioni per il 2027\u00a0destinati al\u00a0Piemonte Film TV Fund. Il nuovo bando sar\u00e0 pubblicato entro la prossima primavera.<\/p>\n","protected":false},"author":26,"featured_media":301168,"comment_status":"closed","ping_status":"closed","sticky":false,"template":"","format":"standard","meta":{"googlesitekit_rrm_CAow3e7fCw:productID":"","_crdt_document":"","footnotes":""},"categories":[1],"tags":[417],"class_list":{"0":"post-301159","1":"post","2":"type-post","3":"status-publish","4":"format-standard","5":"has-post-thumbnail","7":"category-senza-categoria","8":"tag-film-commission-torino-piemonte"},"yoast_head":"<!-- This site is optimized with the Yoast SEO Premium plugin v27.4 (Yoast SEO v27.5) - https:\/\/yoast.com\/product\/yoast-seo-premium-wordpress\/ -->\n<title>15 milioni di euro per il Piemonte Film Tv Fund nel biennio &#039;26-&#039;27 - Cinema &amp; Video International<\/title>\n<meta name=\"description\" content=\"15 milioni di euro per il Piemonte Film Tv Fund nel biennio &#039;26-&#039;27 \u2013 15 milioni di euro per il. \u201cContinuit\u00e0 e consolidamento\u201d: le parole dell\u2019assessore a\" \/>\n<meta name=\"robots\" content=\"index, follow, max-snippet:-1, max-image-preview:large, max-video-preview:-1\" \/>\n<link rel=\"canonical\" href=\"https:\/\/cinema.video\/it\/15-milioni-di-euro-per-il-piemonte-film-tv-fund-nel-biennio-26-27\" \/>\n<meta property=\"og:locale\" content=\"it_IT\" \/>\n<meta property=\"og:type\" content=\"article\" \/>\n<meta property=\"og:title\" content=\"15 milioni di euro per il Piemonte Film Tv Fund nel biennio &#039;26-&#039;27\" \/>\n<meta property=\"og:description\" content=\"15 milioni di euro per il Piemonte Film Tv Fund nel biennio &#039;26-&#039;27 \u2013 15 milioni di euro per il. \u201cContinuit\u00e0 e consolidamento\u201d: le parole dell\u2019assessore a\" \/>\n<meta property=\"og:url\" content=\"https:\/\/cinema.video\/it\/15-milioni-di-euro-per-il-piemonte-film-tv-fund-nel-biennio-26-27\" \/>\n<meta property=\"og:site_name\" content=\"Cinema &amp; Video International\" \/>\n<meta property=\"article:publisher\" content=\"https:\/\/www.facebook.com\/CinemaVideoInternational\/\" \/>\n<meta property=\"article:published_time\" content=\"2025-11-26T09:36:15+00:00\" \/>\n<meta property=\"article:modified_time\" content=\"2026-04-10T02:11:14+00:00\" \/>\n<meta property=\"og:image\" content=\"https:\/\/cinema.video\/wp-content\/uploads\/2025\/11\/DSC07573-2-e1764150516259.jpg\" \/>\n\t<meta property=\"og:image:width\" content=\"952\" \/>\n\t<meta property=\"og:image:height\" content=\"600\" \/>\n\t<meta property=\"og:image:type\" content=\"image\/jpeg\" \/>\n<meta name=\"author\" content=\"Redazione\" \/>\n<meta name=\"twitter:card\" content=\"summary_large_image\" \/>\n<meta name=\"twitter:label1\" content=\"Scritto da\" \/>\n\t<meta name=\"twitter:data1\" content=\"Redazione\" \/>\n\t<meta name=\"twitter:label2\" content=\"Tempo di lettura stimato\" \/>\n\t<meta name=\"twitter:data2\" content=\"2 minuti\" \/>\n<script type=\"application\/ld+json\" class=\"yoast-schema-graph\">{\"@context\":\"https:\\\/\\\/schema.org\",\"@graph\":[{\"@type\":\"Article\",\"@id\":\"https:\\\/\\\/cinema.video\\\/it\\\/15-milioni-di-euro-per-il-piemonte-film-tv-fund-nel-biennio-26-27#article\",\"isPartOf\":{\"@id\":\"https:\\\/\\\/cinema.video\\\/it\\\/15-milioni-di-euro-per-il-piemonte-film-tv-fund-nel-biennio-26-27\"},\"author\":{\"name\":\"Redazione\",\"@id\":\"https:\\\/\\\/cinema.video\\\/it#\\\/schema\\\/person\\\/aeb01b91d874e8b01e76a1db04c668c6\"},\"headline\":\"15 milioni di euro per il Piemonte Film Tv Fund nel biennio &#8217;26-&#8217;27\",\"datePublished\":\"2025-11-26T09:36:15+00:00\",\"dateModified\":\"2026-04-10T02:11:14+00:00\",\"mainEntityOfPage\":{\"@id\":\"https:\\\/\\\/cinema.video\\\/it\\\/15-milioni-di-euro-per-il-piemonte-film-tv-fund-nel-biennio-26-27\"},\"wordCount\":329,\"publisher\":{\"@id\":\"https:\\\/\\\/cinema.video\\\/it#organization\"},\"image\":{\"@id\":\"https:\\\/\\\/cinema.video\\\/it\\\/15-milioni-di-euro-per-il-piemonte-film-tv-fund-nel-biennio-26-27#primaryimage\"},\"thumbnailUrl\":\"https:\\\/\\\/cinema.video\\\/wp-content\\\/uploads\\\/2025\\\/11\\\/DSC07573-2-e1764150516259.jpg\",\"keywords\":[\"FILM COMMISSION TORINO PIEMONTE\"],\"inLanguage\":\"it-IT\"},{\"@type\":\"WebPage\",\"@id\":\"https:\\\/\\\/cinema.video\\\/it\\\/15-milioni-di-euro-per-il-piemonte-film-tv-fund-nel-biennio-26-27\",\"url\":\"https:\\\/\\\/cinema.video\\\/it\\\/15-milioni-di-euro-per-il-piemonte-film-tv-fund-nel-biennio-26-27\",\"name\":\"15 milioni di euro per il Piemonte Film Tv Fund nel biennio '26-'27 - Cinema &amp; Video International\",\"isPartOf\":{\"@id\":\"https:\\\/\\\/cinema.video\\\/it#website\"},\"primaryImageOfPage\":{\"@id\":\"https:\\\/\\\/cinema.video\\\/it\\\/15-milioni-di-euro-per-il-piemonte-film-tv-fund-nel-biennio-26-27#primaryimage\"},\"image\":{\"@id\":\"https:\\\/\\\/cinema.video\\\/it\\\/15-milioni-di-euro-per-il-piemonte-film-tv-fund-nel-biennio-26-27#primaryimage\"},\"thumbnailUrl\":\"https:\\\/\\\/cinema.video\\\/wp-content\\\/uploads\\\/2025\\\/11\\\/DSC07573-2-e1764150516259.jpg\",\"datePublished\":\"2025-11-26T09:36:15+00:00\",\"dateModified\":\"2026-04-10T02:11:14+00:00\",\"description\":\"15 milioni di euro per il Piemonte Film Tv Fund nel biennio '26-'27 \u2013 15 milioni di euro per il. \u201cContinuit\u00e0 e consolidamento\u201d: le parole dell\u2019assessore a\",\"breadcrumb\":{\"@id\":\"https:\\\/\\\/cinema.video\\\/it\\\/15-milioni-di-euro-per-il-piemonte-film-tv-fund-nel-biennio-26-27#breadcrumb\"},\"inLanguage\":\"it-IT\",\"potentialAction\":[{\"@type\":\"ReadAction\",\"target\":[\"https:\\\/\\\/cinema.video\\\/it\\\/15-milioni-di-euro-per-il-piemonte-film-tv-fund-nel-biennio-26-27\"]}]},{\"@type\":\"ImageObject\",\"inLanguage\":\"it-IT\",\"@id\":\"https:\\\/\\\/cinema.video\\\/it\\\/15-milioni-di-euro-per-il-piemonte-film-tv-fund-nel-biennio-26-27#primaryimage\",\"url\":\"https:\\\/\\\/cinema.video\\\/wp-content\\\/uploads\\\/2025\\\/11\\\/DSC07573-2-e1764150516259.jpg\",\"contentUrl\":\"https:\\\/\\\/cinema.video\\\/wp-content\\\/uploads\\\/2025\\\/11\\\/DSC07573-2-e1764150516259.jpg\",\"width\":952,\"height\":600},{\"@type\":\"BreadcrumbList\",\"@id\":\"https:\\\/\\\/cinema.video\\\/it\\\/15-milioni-di-euro-per-il-piemonte-film-tv-fund-nel-biennio-26-27#breadcrumb\",\"itemListElement\":[{\"@type\":\"ListItem\",\"position\":1,\"name\":\"Home\",\"item\":\"https:\\\/\\\/cinema.video\\\/it\\\/home-2\"},{\"@type\":\"ListItem\",\"position\":2,\"name\":\"15 milioni di euro per il Piemonte Film Tv Fund nel biennio &#8217;26-&#8217;27\"}]},{\"@type\":\"WebSite\",\"@id\":\"https:\\\/\\\/cinema.video\\\/it#website\",\"url\":\"https:\\\/\\\/cinema.video\\\/it\",\"name\":\"Cinema & Video International\",\"description\":\"Film &amp; Audiovisual Industry Trade Magazine\",\"publisher\":{\"@id\":\"https:\\\/\\\/cinema.video\\\/it#organization\"},\"alternateName\":\"Cinema & Video\",\"potentialAction\":[{\"@type\":\"SearchAction\",\"target\":{\"@type\":\"EntryPoint\",\"urlTemplate\":\"https:\\\/\\\/cinema.video\\\/it?s={search_term_string}\"},\"query-input\":{\"@type\":\"PropertyValueSpecification\",\"valueRequired\":true,\"valueName\":\"search_term_string\"}}],\"inLanguage\":\"it-IT\"},{\"@type\":\"Organization\",\"@id\":\"https:\\\/\\\/cinema.video\\\/it#organization\",\"name\":\"Cinema & Video\",\"url\":\"https:\\\/\\\/cinema.video\\\/it\",\"logo\":{\"@type\":\"ImageObject\",\"inLanguage\":\"it-IT\",\"@id\":\"https:\\\/\\\/cinema.video\\\/it#\\\/schema\\\/logo\\\/image\\\/\",\"url\":\"https:\\\/\\\/cinema.video\\\/wp-content\\\/uploads\\\/2026\\\/04\\\/CinemVideo_LogoBlack.png\",\"contentUrl\":\"https:\\\/\\\/cinema.video\\\/wp-content\\\/uploads\\\/2026\\\/04\\\/CinemVideo_LogoBlack.png\",\"width\":1336,\"height\":224,\"caption\":\"Cinema & Video\"},\"image\":{\"@id\":\"https:\\\/\\\/cinema.video\\\/it#\\\/schema\\\/logo\\\/image\\\/\"},\"sameAs\":[\"https:\\\/\\\/www.facebook.com\\\/CinemaVideoInternational\\\/\",\"https:\\\/\\\/www.instagram.com\\\/cinemaevideointernational\\\/\",\"https:\\\/\\\/it.linkedin.com\\\/company\\\/cinema-video-international\"],\"description\":\"Media Consulting & Marketing Agency\",\"email\":\"hello@darostudio.com\",\"legalName\":\"DARO studio LLC\",\"foundingDate\":\"2021-02-16\",\"numberOfEmployees\":{\"@type\":\"QuantitativeValue\",\"minValue\":\"1\",\"maxValue\":\"10\"}},{\"@type\":\"Person\",\"@id\":\"https:\\\/\\\/cinema.video\\\/it#\\\/schema\\\/person\\\/aeb01b91d874e8b01e76a1db04c668c6\",\"name\":\"Redazione\",\"image\":{\"@type\":\"ImageObject\",\"inLanguage\":\"it-IT\",\"@id\":\"https:\\\/\\\/secure.gravatar.com\\\/avatar\\\/06ad6f92eb14745b75fb592cadf8139d33242d81c9c8b085133c450aaf0b9731?s=96&d=mm&r=g\",\"url\":\"https:\\\/\\\/secure.gravatar.com\\\/avatar\\\/06ad6f92eb14745b75fb592cadf8139d33242d81c9c8b085133c450aaf0b9731?s=96&d=mm&r=g\",\"contentUrl\":\"https:\\\/\\\/secure.gravatar.com\\\/avatar\\\/06ad6f92eb14745b75fb592cadf8139d33242d81c9c8b085133c450aaf0b9731?s=96&d=mm&r=g\",\"caption\":\"Redazione\"},\"url\":\"https:\\\/\\\/cinema.video\\\/it\\\/author\\\/redazione\"}]}<\/script>\n<!-- \/ Yoast SEO Premium plugin. -->","yoast_head_json":{"title":"15 milioni di euro per il Piemonte Film Tv Fund nel biennio '26-'27 - Cinema &amp; Video International","description":"15 milioni di euro per il Piemonte Film Tv Fund nel biennio '26-'27 \u2013 15 milioni di euro per il. \u201cContinuit\u00e0 e consolidamento\u201d: le parole dell\u2019assessore a","robots":{"index":"index","follow":"follow","max-snippet":"max-snippet:-1","max-image-preview":"max-image-preview:large","max-video-preview":"max-video-preview:-1"},"canonical":"https:\/\/cinema.video\/it\/15-milioni-di-euro-per-il-piemonte-film-tv-fund-nel-biennio-26-27","og_locale":"it_IT","og_type":"article","og_title":"15 milioni di euro per il Piemonte Film Tv Fund nel biennio '26-'27","og_description":"15 milioni di euro per il Piemonte Film Tv Fund nel biennio '26-'27 \u2013 15 milioni di euro per il. \u201cContinuit\u00e0 e consolidamento\u201d: le parole dell\u2019assessore a","og_url":"https:\/\/cinema.video\/it\/15-milioni-di-euro-per-il-piemonte-film-tv-fund-nel-biennio-26-27","og_site_name":"Cinema &amp; Video International","article_publisher":"https:\/\/www.facebook.com\/CinemaVideoInternational\/","article_published_time":"2025-11-26T09:36:15+00:00","article_modified_time":"2026-04-10T02:11:14+00:00","og_image":[{"width":952,"height":600,"url":"https:\/\/cinema.video\/wp-content\/uploads\/2025\/11\/DSC07573-2-e1764150516259.jpg","type":"image\/jpeg"}],"author":"Redazione","twitter_card":"summary_large_image","twitter_misc":{"Scritto da":"Redazione","Tempo di lettura stimato":"2 minuti"},"schema":{"@context":"https:\/\/schema.org","@graph":[{"@type":"Article","@id":"https:\/\/cinema.video\/it\/15-milioni-di-euro-per-il-piemonte-film-tv-fund-nel-biennio-26-27#article","isPartOf":{"@id":"https:\/\/cinema.video\/it\/15-milioni-di-euro-per-il-piemonte-film-tv-fund-nel-biennio-26-27"},"author":{"name":"Redazione","@id":"https:\/\/cinema.video\/it#\/schema\/person\/aeb01b91d874e8b01e76a1db04c668c6"},"headline":"15 milioni di euro per il Piemonte Film Tv Fund nel biennio &#8217;26-&#8217;27","datePublished":"2025-11-26T09:36:15+00:00","dateModified":"2026-04-10T02:11:14+00:00","mainEntityOfPage":{"@id":"https:\/\/cinema.video\/it\/15-milioni-di-euro-per-il-piemonte-film-tv-fund-nel-biennio-26-27"},"wordCount":329,"publisher":{"@id":"https:\/\/cinema.video\/it#organization"},"image":{"@id":"https:\/\/cinema.video\/it\/15-milioni-di-euro-per-il-piemonte-film-tv-fund-nel-biennio-26-27#primaryimage"},"thumbnailUrl":"https:\/\/cinema.video\/wp-content\/uploads\/2025\/11\/DSC07573-2-e1764150516259.jpg","keywords":["FILM COMMISSION TORINO PIEMONTE"],"inLanguage":"it-IT"},{"@type":"WebPage","@id":"https:\/\/cinema.video\/it\/15-milioni-di-euro-per-il-piemonte-film-tv-fund-nel-biennio-26-27","url":"https:\/\/cinema.video\/it\/15-milioni-di-euro-per-il-piemonte-film-tv-fund-nel-biennio-26-27","name":"15 milioni di euro per il Piemonte Film Tv Fund nel biennio '26-'27 - Cinema &amp; Video International","isPartOf":{"@id":"https:\/\/cinema.video\/it#website"},"primaryImageOfPage":{"@id":"https:\/\/cinema.video\/it\/15-milioni-di-euro-per-il-piemonte-film-tv-fund-nel-biennio-26-27#primaryimage"},"image":{"@id":"https:\/\/cinema.video\/it\/15-milioni-di-euro-per-il-piemonte-film-tv-fund-nel-biennio-26-27#primaryimage"},"thumbnailUrl":"https:\/\/cinema.video\/wp-content\/uploads\/2025\/11\/DSC07573-2-e1764150516259.jpg","datePublished":"2025-11-26T09:36:15+00:00","dateModified":"2026-04-10T02:11:14+00:00","description":"15 milioni di euro per il Piemonte Film Tv Fund nel biennio '26-'27 \u2013 15 milioni di euro per il. \u201cContinuit\u00e0 e consolidamento\u201d: le parole dell\u2019assessore a","breadcrumb":{"@id":"https:\/\/cinema.video\/it\/15-milioni-di-euro-per-il-piemonte-film-tv-fund-nel-biennio-26-27#breadcrumb"},"inLanguage":"it-IT","potentialAction":[{"@type":"ReadAction","target":["https:\/\/cinema.video\/it\/15-milioni-di-euro-per-il-piemonte-film-tv-fund-nel-biennio-26-27"]}]},{"@type":"ImageObject","inLanguage":"it-IT","@id":"https:\/\/cinema.video\/it\/15-milioni-di-euro-per-il-piemonte-film-tv-fund-nel-biennio-26-27#primaryimage","url":"https:\/\/cinema.video\/wp-content\/uploads\/2025\/11\/DSC07573-2-e1764150516259.jpg","contentUrl":"https:\/\/cinema.video\/wp-content\/uploads\/2025\/11\/DSC07573-2-e1764150516259.jpg","width":952,"height":600},{"@type":"BreadcrumbList","@id":"https:\/\/cinema.video\/it\/15-milioni-di-euro-per-il-piemonte-film-tv-fund-nel-biennio-26-27#breadcrumb","itemListElement":[{"@type":"ListItem","position":1,"name":"Home","item":"https:\/\/cinema.video\/it\/home-2"},{"@type":"ListItem","position":2,"name":"15 milioni di euro per il Piemonte Film Tv Fund nel biennio &#8217;26-&#8217;27"}]},{"@type":"WebSite","@id":"https:\/\/cinema.video\/it#website","url":"https:\/\/cinema.video\/it","name":"Cinema & Video International","description":"Film &amp; Audiovisual Industry Trade Magazine","publisher":{"@id":"https:\/\/cinema.video\/it#organization"},"alternateName":"Cinema & Video","potentialAction":[{"@type":"SearchAction","target":{"@type":"EntryPoint","urlTemplate":"https:\/\/cinema.video\/it?s={search_term_string}"},"query-input":{"@type":"PropertyValueSpecification","valueRequired":true,"valueName":"search_term_string"}}],"inLanguage":"it-IT"},{"@type":"Organization","@id":"https:\/\/cinema.video\/it#organization","name":"Cinema & Video","url":"https:\/\/cinema.video\/it","logo":{"@type":"ImageObject","inLanguage":"it-IT","@id":"https:\/\/cinema.video\/it#\/schema\/logo\/image\/","url":"https:\/\/cinema.video\/wp-content\/uploads\/2026\/04\/CinemVideo_LogoBlack.png","contentUrl":"https:\/\/cinema.video\/wp-content\/uploads\/2026\/04\/CinemVideo_LogoBlack.png","width":1336,"height":224,"caption":"Cinema & Video"},"image":{"@id":"https:\/\/cinema.video\/it#\/schema\/logo\/image\/"},"sameAs":["https:\/\/www.facebook.com\/CinemaVideoInternational\/","https:\/\/www.instagram.com\/cinemaevideointernational\/","https:\/\/it.linkedin.com\/company\/cinema-video-international"],"description":"Media Consulting & Marketing Agency","email":"hello@darostudio.com","legalName":"DARO studio LLC","foundingDate":"2021-02-16","numberOfEmployees":{"@type":"QuantitativeValue","minValue":"1","maxValue":"10"}},{"@type":"Person","@id":"https:\/\/cinema.video\/it#\/schema\/person\/aeb01b91d874e8b01e76a1db04c668c6","name":"Redazione","image":{"@type":"ImageObject","inLanguage":"it-IT","@id":"https:\/\/secure.gravatar.com\/avatar\/06ad6f92eb14745b75fb592cadf8139d33242d81c9c8b085133c450aaf0b9731?s=96&d=mm&r=g","url":"https:\/\/secure.gravatar.com\/avatar\/06ad6f92eb14745b75fb592cadf8139d33242d81c9c8b085133c450aaf0b9731?s=96&d=mm&r=g","contentUrl":"https:\/\/secure.gravatar.com\/avatar\/06ad6f92eb14745b75fb592cadf8139d33242d81c9c8b085133c450aaf0b9731?s=96&d=mm&r=g","caption":"Redazione"},"url":"https:\/\/cinema.video\/it\/author\/redazione"}]}},"jetpack_featured_media_url":"https:\/\/cinema.video\/wp-content\/uploads\/2025\/11\/DSC07573-2-e1764150516259.jpg","jetpack_shortlink":"https:\/\/wp.me\/ph672m-1glp","_links":{"self":[{"href":"https:\/\/cinema.video\/it\/wp-json\/wp\/v2\/posts\/301159","targetHints":{"allow":["GET"]}}],"collection":[{"href":"https:\/\/cinema.video\/it\/wp-json\/wp\/v2\/posts"}],"about":[{"href":"https:\/\/cinema.video\/it\/wp-json\/wp\/v2\/types\/post"}],"author":[{"embeddable":true,"href":"https:\/\/cinema.video\/it\/wp-json\/wp\/v2\/users\/26"}],"replies":[{"embeddable":true,"href":"https:\/\/cinema.video\/it\/wp-json\/wp\/v2\/comments?post=301159"}],"version-history":[{"count":1,"href":"https:\/\/cinema.video\/it\/wp-json\/wp\/v2\/posts\/301159\/revisions"}],"predecessor-version":[{"id":309814,"href":"https:\/\/cinema.video\/it\/wp-json\/wp\/v2\/posts\/301159\/revisions\/309814"}],"wp:featuredmedia":[{"embeddable":true,"href":"https:\/\/cinema.video\/it\/wp-json\/wp\/v2\/media\/301168"}],"wp:attachment":[{"href":"https:\/\/cinema.video\/it\/wp-json\/wp\/v2\/media?parent=301159"}],"wp:term":[{"taxonomy":"category","embeddable":true,"href":"https:\/\/cinema.video\/it\/wp-json\/wp\/v2\/categories?post=301159"},{"taxonomy":"post_tag","embeddable":true,"href":"https:\/\/cinema.video\/it\/wp-json\/wp\/v2\/tags?post=301159"}],"curies":[{"name":"wp","href":"https:\/\/api.w.org\/{rel}","templated":true}]}}