{"id":301122,"date":"2025-11-25T13:00:16","date_gmt":"2025-11-25T12:00:16","guid":{"rendered":"https:\/\/cinema.video\/?p=301122"},"modified":"2026-04-10T04:11:12","modified_gmt":"2026-04-10T02:11:12","slug":"tfl-serieslab-giuria-francesco-capurro","status":"publish","type":"post","link":"https:\/\/cinema.video\/it\/tfl-serieslab-giuria-francesco-capurro","title":{"rendered":"La Parola ai Giurati SeriesLab e Francesco Capurro"},"content":{"rendered":"\n<p class=\"wp-block-paragraph\">La leggerezza sta sicuramente a cuore al TFL, che da per il secondo anno consecutivo ci ha costruito un percorso dedicato (<strong>ComedyLab<\/strong>). Ma se ne sente il bisogno anche nelle serie TV dove anche nel genere che domina incontrastato, quello del crime.<\/p>\n\n\n\n<p class=\"wp-block-paragraph\">\u201cIn questo momento in Europa funzionano molto bene i cosiddetti light crime show, che magari hanno all\u2019interno un aspetto di commedia\u201d Dice <strong>Francesco Capurro<\/strong>, direttore di <strong>Series Mania Forum,<\/strong> e quest\u2019anno giurato dei progetti di <strong>SeriesLab<\/strong>.<\/p>\n\n\n\n<p class=\"wp-block-paragraph\">Il progetto spagnolo <strong><em>Madre Mia<\/em><\/strong>, uno dei due vincitori dei <strong>Development Awards <\/strong>(del valore di 10 mila euro ciascuno), \u00e8 proprio un thriller con elementi di commedia nera: creato da <strong>Emmanuelle Kesche<\/strong> e da lei scritto con l\u2019italo-argentino <strong>Mauricio Cuffaro <\/strong>(che lo diriger\u00e0 con <strong>Marina Seresesky<\/strong>), e prodotto da <strong>Francisco Carrasco<\/strong> (<strong>Apnea Films<\/strong>), ha per protagonista una manicure che si allea con una scrittrice frustrata, la migliore amica di suo figlio, nel momento in cui quest\u2019ultimo sparisce. La rocambolesca ricerca attraverso i luoghi legati alla scena&nbsp; queer di Madrid, la condurranno a conoscerlo meglio e ad accettarlo, rivelando al contempo tutte le difficolt\u00e0 che le donne di mezz\u2019et\u00e0 incontrano nella nostra societ\u00e0.<\/p>\n\n\n\n<p class=\"wp-block-paragraph\">E\u2019 molto legato all\u2019Italia (e al Piemonte nello specifico) l\u2019altro progetto vincitore: <strong><em>Connection Lost<\/em><\/strong>, drama storico con un tocco di spy story ambientato ad Ivrea, nella fabbrica della Olivetti. L&#8217;altra faccia della \u201cconcreta utopia\u201d sar\u00e0 vista attraverso gli occhi di Lia, una giovane donna tedesca che arriva in citt\u00e0 dopo aver scoperto che Adriano Olivetti \u00e8 suo padre biologico, e si trover\u00e0 di fronte a una fitta serie di intrighi, inganni, tradimenti.<\/p>\n\n\n\n<figure class=\"wp-block-image size-large\"><img loading=\"lazy\" decoding=\"async\" width=\"1024\" height=\"677\" src=\"https:\/\/cinema.video\/wp-content\/uploads\/2025\/11\/Maja-Melina-1024x677.jpeg\" alt=\"\" class=\"wp-image-301139\" srcset=\"https:\/\/cinema.video\/wp-content\/uploads\/2025\/11\/Maja-Melina.jpeg 1024w, https:\/\/cinema.video\/wp-content\/uploads\/2025\/11\/Maja-Melina.jpeg 300w, https:\/\/cinema.video\/wp-content\/uploads\/2025\/11\/Maja-Melina.jpeg 768w, https:\/\/cinema.video\/wp-content\/uploads\/2025\/11\/Maja-Melina.jpeg 636w, https:\/\/cinema.video\/wp-content\/uploads\/2025\/11\/Maja-Melina.jpeg 150w, https:\/\/cinema.video\/wp-content\/uploads\/2025\/11\/Maja-Melina.jpeg 696w, https:\/\/cinema.video\/wp-content\/uploads\/2025\/11\/Maja-Melina.jpeg 1068w, https:\/\/cinema.video\/wp-content\/uploads\/2025\/11\/Maja-Melina.jpeg 1170w\" sizes=\"auto, (max-width: 696px) 100vw, 696px\" \/><figcaption class=\"wp-element-caption\">Melina Voss e Maja Costa<\/figcaption><\/figure>\n\n\n\n<p class=\"wp-block-paragraph\">Scritto da <strong>Maja Costa<\/strong>, autrice d\u2019origine italiana che vive fra la Germania e il Brasile, che, ha rivelato di essere rimasta profondamente colpita dalla vista del primo, enorme computer, durante una gita scolastica\u00a0 alla Olivetti, e da <strong>Melina Voss<\/strong>, anche produttrice con la sua <strong>Unframed Productions<\/strong>, all\u2019interno di una compagine che mette assieme l&#8217;italiana <strong>Titanus<\/strong> <strong>Production <\/strong>(<strong>Maria Grazia Sacc\u00e0<\/strong>) e la tedesca <strong>UFA Fiction <\/strong>(<strong>Tobias Timme<\/strong>). &#8220;Il progetto gode del sostegno della film commission <strong>Medienboard Berlin-Brandenburg<\/strong>, e io e Melina andremo presto a Ivrea per continuare la ricerca storica su Olivetti.&#8221; Ha dichiarato Maja Costa durante il pitch del TFL Meeting Event.<\/p>\n\n\n\n<p class=\"wp-block-paragraph\">Series Mania Forum ha un legame \u2018fondativo\u2019 con SeriesLab, che fu lanciato nel 2017 proprio grazie alla partnership fra TFL e il mercato di Series Mania, che nelle prime edizioni ospitava il pitch finale delle serie selezionate a SeriesLab: \u201cper questo mi fa molto piacere essere parte di questa Giuria: apprezzo molto il lavoro del team con cui abbiamo un\u2019affinit\u00e0 editoriale ed artistica.\u201d Dice Capurro. Non a caso uno dei progetti selezionati, <strong><em>The Tulip Era<\/em><\/strong>, \u00e8 stato sviluppato durante <strong>Serial Bridges<\/strong>, programma di formazione parte di <strong>SeriesMania Institute<\/strong>.<\/p>\n\n\n\n<p class=\"wp-block-paragraph\"><em>The Tulip Era<\/em> \u00e8 un <em>melodramedy<\/em> ambientato nell\u2019ambizioso mondo della televisione turca, dove una giovane produttrice ingaggia una star coreana per salvare una serie epica ambientata al tempo dell\u2019impero ottomano.<\/p>\n\n\n\n<p class=\"wp-block-paragraph\">Turchia e Korea sono due protagonisti dello scenario seriale internazionale attuale: \u201cSono paesi molto forti, ancora poco presenti in Europa ma dotati di grande potenziale e fortemente interessati al pubblico europeo. &#8211; Spiega Capurro-.&nbsp; In questi anni, in cui Series Mania Forum ha poco a poco cambiato il suo DNA, evolvendosi da mercato principalmente di co-produzione a mercato totale, che include anche la vendita e l\u2019 acquisto di progetti finiti, sto&nbsp;lavorando molto sull\u2019internazionale, per cercare di portare a Lille delegazioni da tutto il mondo, dalla Corea, da Taiwan, dal Canada&#8230;. Per dare l\u2019opportunit\u00e0 ai produttori europei di allargare la platea dei potenziali partners.\u201d <\/p>\n\n\n\n<p class=\"wp-block-paragraph\">Uno degli eventi che ha segnato questo cambio di passo \u00e8 senz&#8217;altro il Series Mania Buyers Upfront, evento che d\u00e0 ai buyers un accesso esclusivo a 12 nuove serie dal forte potenziale internazionale, e di cui \u00e8 stata da poco annunciata la Giuria della nuova (<strong><a href=\"https:\/\/cinema.video\/series-mania-buyers-upfront-giuria\">leggi qui<\/a><\/strong>)<\/p>\n\n\n\n<p class=\"wp-block-paragraph\">La Giuria di SeriesLab, composta inoltre da <strong>Malin Nevander<\/strong>,&nbsp;responsabile sviluppo del tv pubblica svedese <strong>SVT <\/strong>e<strong> Petra Stra\u0161ek<\/strong>, responsabile fiction del network televisivo sloveno <strong>Pro Plus<\/strong>, ha assegnato inoltre una menzione speciale: alla serie d\u2019animazione <strong><em>Buffalo Johansson<\/em><\/strong>, diretta dall\u2019olandese <strong>Lars Damoiseaux<\/strong>, e prodotta dal belga <strong>David Vermander<\/strong><\/p>\n","protected":false},"excerpt":{"rendered":"<p>Si spartiscono il Development Awards il progetto spagnolo Madre Mia e la co-produzione italo-tedesca Connection Lost ambientata nella fabbrica Olivetti ad Ivrea. Intervista con il direttore di Series Mania Forum<\/p>\n","protected":false},"author":2,"featured_media":301154,"comment_status":"closed","ping_status":"closed","sticky":false,"template":"","format":"standard","meta":{"googlesitekit_rrm_CAow3e7fCw:productID":"","_crdt_document":"","footnotes":""},"categories":[1],"tags":[356,2323,493],"class_list":{"0":"post-301122","1":"post","2":"type-post","3":"status-publish","4":"format-standard","5":"has-post-thumbnail","7":"category-senza-categoria","8":"tag-focus","9":"tag-series-mania","10":"tag-torino-film-festival"},"yoast_head":"<!-- This site is optimized with the Yoast SEO Premium plugin v27.4 (Yoast SEO v27.4) - https:\/\/yoast.com\/product\/yoast-seo-premium-wordpress\/ -->\n<title>La Parola ai Giurati SeriesLab e Francesco Capurro - Cinema &amp; Video International<\/title>\n<meta name=\"description\" content=\"La Parola ai Giurati SeriesLab e Francesco Capurro \u2013 la parola ai giurati serieslab e. La leggerezza sta sicuramente a cuore al TFL, che da per il secondo\" \/>\n<meta name=\"robots\" content=\"index, follow, max-snippet:-1, max-image-preview:large, max-video-preview:-1\" \/>\n<link rel=\"canonical\" href=\"https:\/\/cinema.video\/it\/tfl-serieslab-giuria-francesco-capurro\" \/>\n<meta property=\"og:locale\" content=\"it_IT\" \/>\n<meta property=\"og:type\" content=\"article\" \/>\n<meta property=\"og:title\" content=\"La Parola ai Giurati SeriesLab e Francesco Capurro\" \/>\n<meta property=\"og:description\" content=\"La Parola ai Giurati SeriesLab e Francesco Capurro \u2013 la parola ai giurati serieslab e. La leggerezza sta sicuramente a cuore al TFL, che da per il secondo\" \/>\n<meta property=\"og:url\" content=\"https:\/\/cinema.video\/it\/tfl-serieslab-giuria-francesco-capurro\" \/>\n<meta property=\"og:site_name\" content=\"Cinema &amp; Video International\" \/>\n<meta property=\"article:publisher\" content=\"https:\/\/www.facebook.com\/CinemaVideoInternational\/\" \/>\n<meta property=\"article:published_time\" content=\"2025-11-25T12:00:16+00:00\" \/>\n<meta property=\"article:modified_time\" content=\"2026-04-10T02:11:12+00:00\" \/>\n<meta property=\"og:image\" content=\"https:\/\/cinema.video\/wp-content\/uploads\/2025\/11\/Francesco-Capurro.webp\" \/>\n\t<meta property=\"og:image:width\" content=\"1040\" \/>\n\t<meta property=\"og:image:height\" content=\"1040\" \/>\n\t<meta property=\"og:image:type\" content=\"image\/webp\" \/>\n<meta name=\"author\" content=\"Carolina Mancini\" \/>\n<meta name=\"twitter:card\" content=\"summary_large_image\" \/>\n<meta name=\"twitter:label1\" content=\"Scritto da\" \/>\n\t<meta name=\"twitter:data1\" content=\"Carolina Mancini\" \/>\n\t<meta name=\"twitter:label2\" content=\"Tempo di lettura stimato\" \/>\n\t<meta name=\"twitter:data2\" content=\"5 minuti\" \/>\n<script type=\"application\/ld+json\" class=\"yoast-schema-graph\">{\"@context\":\"https:\\\/\\\/schema.org\",\"@graph\":[{\"@type\":\"Article\",\"@id\":\"https:\\\/\\\/cinema.video\\\/it\\\/tfl-serieslab-giuria-francesco-capurro#article\",\"isPartOf\":{\"@id\":\"https:\\\/\\\/cinema.video\\\/it\\\/tfl-serieslab-giuria-francesco-capurro\"},\"author\":{\"name\":\"Carolina Mancini\",\"@id\":\"https:\\\/\\\/cinema.video\\\/it#\\\/schema\\\/person\\\/d5479fad8d0f2360000eb4aab6bb6e5d\"},\"headline\":\"La Parola ai Giurati SeriesLab e Francesco Capurro\",\"datePublished\":\"2025-11-25T12:00:16+00:00\",\"dateModified\":\"2026-04-10T02:11:12+00:00\",\"mainEntityOfPage\":{\"@id\":\"https:\\\/\\\/cinema.video\\\/it\\\/tfl-serieslab-giuria-francesco-capurro\"},\"wordCount\":709,\"publisher\":{\"@id\":\"https:\\\/\\\/cinema.video\\\/it#organization\"},\"image\":{\"@id\":\"https:\\\/\\\/cinema.video\\\/it\\\/tfl-serieslab-giuria-francesco-capurro#primaryimage\"},\"thumbnailUrl\":\"https:\\\/\\\/cinema.video\\\/wp-content\\\/uploads\\\/2025\\\/11\\\/Francesco-Capurro.webp\",\"keywords\":[\"focus\",\"SERIES MANIA\",\"TORINO FILM FESTIVAL\"],\"inLanguage\":\"it-IT\"},{\"@type\":\"WebPage\",\"@id\":\"https:\\\/\\\/cinema.video\\\/it\\\/tfl-serieslab-giuria-francesco-capurro\",\"url\":\"https:\\\/\\\/cinema.video\\\/it\\\/tfl-serieslab-giuria-francesco-capurro\",\"name\":\"La Parola ai Giurati SeriesLab e Francesco Capurro - Cinema &amp; Video International\",\"isPartOf\":{\"@id\":\"https:\\\/\\\/cinema.video\\\/it#website\"},\"primaryImageOfPage\":{\"@id\":\"https:\\\/\\\/cinema.video\\\/it\\\/tfl-serieslab-giuria-francesco-capurro#primaryimage\"},\"image\":{\"@id\":\"https:\\\/\\\/cinema.video\\\/it\\\/tfl-serieslab-giuria-francesco-capurro#primaryimage\"},\"thumbnailUrl\":\"https:\\\/\\\/cinema.video\\\/wp-content\\\/uploads\\\/2025\\\/11\\\/Francesco-Capurro.webp\",\"datePublished\":\"2025-11-25T12:00:16+00:00\",\"dateModified\":\"2026-04-10T02:11:12+00:00\",\"description\":\"La Parola ai Giurati SeriesLab e Francesco Capurro \u2013 la parola ai giurati serieslab e. La leggerezza sta sicuramente a cuore al TFL, che da per il secondo\",\"breadcrumb\":{\"@id\":\"https:\\\/\\\/cinema.video\\\/it\\\/tfl-serieslab-giuria-francesco-capurro#breadcrumb\"},\"inLanguage\":\"it-IT\",\"potentialAction\":[{\"@type\":\"ReadAction\",\"target\":[\"https:\\\/\\\/cinema.video\\\/it\\\/tfl-serieslab-giuria-francesco-capurro\"]}]},{\"@type\":\"ImageObject\",\"inLanguage\":\"it-IT\",\"@id\":\"https:\\\/\\\/cinema.video\\\/it\\\/tfl-serieslab-giuria-francesco-capurro#primaryimage\",\"url\":\"https:\\\/\\\/cinema.video\\\/wp-content\\\/uploads\\\/2025\\\/11\\\/Francesco-Capurro.webp\",\"contentUrl\":\"https:\\\/\\\/cinema.video\\\/wp-content\\\/uploads\\\/2025\\\/11\\\/Francesco-Capurro.webp\",\"width\":1040,\"height\":1040,\"caption\":\"Intervista con Francesco Capurro, parte della Giuria del TFL SeriesLab, che ci svela i punti di contatto fra SeriesMania Forum e TFL\"},{\"@type\":\"BreadcrumbList\",\"@id\":\"https:\\\/\\\/cinema.video\\\/it\\\/tfl-serieslab-giuria-francesco-capurro#breadcrumb\",\"itemListElement\":[{\"@type\":\"ListItem\",\"position\":1,\"name\":\"Home\",\"item\":\"https:\\\/\\\/cinema.video\\\/it\\\/home-2\"},{\"@type\":\"ListItem\",\"position\":2,\"name\":\"La Parola ai Giurati SeriesLab e Francesco Capurro\"}]},{\"@type\":\"WebSite\",\"@id\":\"https:\\\/\\\/cinema.video\\\/it#website\",\"url\":\"https:\\\/\\\/cinema.video\\\/it\",\"name\":\"Cinema & Video International\",\"description\":\"Film &amp; Audiovisual Industry Trade Magazine\",\"publisher\":{\"@id\":\"https:\\\/\\\/cinema.video\\\/it#organization\"},\"alternateName\":\"Cinema & Video\",\"potentialAction\":[{\"@type\":\"SearchAction\",\"target\":{\"@type\":\"EntryPoint\",\"urlTemplate\":\"https:\\\/\\\/cinema.video\\\/it?s={search_term_string}\"},\"query-input\":{\"@type\":\"PropertyValueSpecification\",\"valueRequired\":true,\"valueName\":\"search_term_string\"}}],\"inLanguage\":\"it-IT\"},{\"@type\":\"Organization\",\"@id\":\"https:\\\/\\\/cinema.video\\\/it#organization\",\"name\":\"Cinema & Video\",\"url\":\"https:\\\/\\\/cinema.video\\\/it\",\"logo\":{\"@type\":\"ImageObject\",\"inLanguage\":\"it-IT\",\"@id\":\"https:\\\/\\\/cinema.video\\\/it#\\\/schema\\\/logo\\\/image\\\/\",\"url\":\"https:\\\/\\\/cinema.video\\\/wp-content\\\/uploads\\\/2026\\\/04\\\/CinemVideo_LogoBlack.png\",\"contentUrl\":\"https:\\\/\\\/cinema.video\\\/wp-content\\\/uploads\\\/2026\\\/04\\\/CinemVideo_LogoBlack.png\",\"width\":1336,\"height\":224,\"caption\":\"Cinema & Video\"},\"image\":{\"@id\":\"https:\\\/\\\/cinema.video\\\/it#\\\/schema\\\/logo\\\/image\\\/\"},\"sameAs\":[\"https:\\\/\\\/www.facebook.com\\\/CinemaVideoInternational\\\/\",\"https:\\\/\\\/www.instagram.com\\\/cinemaevideointernational\\\/\",\"https:\\\/\\\/it.linkedin.com\\\/company\\\/cinema-video-international\"],\"description\":\"Media Consulting & Marketing Agency\",\"email\":\"hello@darostudio.com\",\"legalName\":\"DARO studio LLC\",\"foundingDate\":\"2021-02-16\",\"numberOfEmployees\":{\"@type\":\"QuantitativeValue\",\"minValue\":\"1\",\"maxValue\":\"10\"}},{\"@type\":\"Person\",\"@id\":\"https:\\\/\\\/cinema.video\\\/it#\\\/schema\\\/person\\\/d5479fad8d0f2360000eb4aab6bb6e5d\",\"name\":\"Carolina Mancini\",\"image\":{\"@type\":\"ImageObject\",\"inLanguage\":\"it-IT\",\"@id\":\"https:\\\/\\\/secure.gravatar.com\\\/avatar\\\/d4758965c5e8730dbaaa7131a628547771a26c1e5bf14fe323d96f8246a62baf?s=96&d=mm&r=g\",\"url\":\"https:\\\/\\\/secure.gravatar.com\\\/avatar\\\/d4758965c5e8730dbaaa7131a628547771a26c1e5bf14fe323d96f8246a62baf?s=96&d=mm&r=g\",\"contentUrl\":\"https:\\\/\\\/secure.gravatar.com\\\/avatar\\\/d4758965c5e8730dbaaa7131a628547771a26c1e5bf14fe323d96f8246a62baf?s=96&d=mm&r=g\",\"caption\":\"Carolina Mancini\"},\"url\":\"https:\\\/\\\/cinema.video\\\/it\\\/author\\\/carolin\"}]}<\/script>\n<!-- \/ Yoast SEO Premium plugin. -->","yoast_head_json":{"title":"La Parola ai Giurati SeriesLab e Francesco Capurro - Cinema &amp; Video International","description":"La Parola ai Giurati SeriesLab e Francesco Capurro \u2013 la parola ai giurati serieslab e. La leggerezza sta sicuramente a cuore al TFL, che da per il secondo","robots":{"index":"index","follow":"follow","max-snippet":"max-snippet:-1","max-image-preview":"max-image-preview:large","max-video-preview":"max-video-preview:-1"},"canonical":"https:\/\/cinema.video\/it\/tfl-serieslab-giuria-francesco-capurro","og_locale":"it_IT","og_type":"article","og_title":"La Parola ai Giurati SeriesLab e Francesco Capurro","og_description":"La Parola ai Giurati SeriesLab e Francesco Capurro \u2013 la parola ai giurati serieslab e. La leggerezza sta sicuramente a cuore al TFL, che da per il secondo","og_url":"https:\/\/cinema.video\/it\/tfl-serieslab-giuria-francesco-capurro","og_site_name":"Cinema &amp; Video International","article_publisher":"https:\/\/www.facebook.com\/CinemaVideoInternational\/","article_published_time":"2025-11-25T12:00:16+00:00","article_modified_time":"2026-04-10T02:11:12+00:00","og_image":[{"width":1040,"height":1040,"url":"https:\/\/cinema.video\/wp-content\/uploads\/2025\/11\/Francesco-Capurro.webp","type":"image\/webp"}],"author":"Carolina Mancini","twitter_card":"summary_large_image","twitter_misc":{"Scritto da":"Carolina Mancini","Tempo di lettura stimato":"5 minuti"},"schema":{"@context":"https:\/\/schema.org","@graph":[{"@type":"Article","@id":"https:\/\/cinema.video\/it\/tfl-serieslab-giuria-francesco-capurro#article","isPartOf":{"@id":"https:\/\/cinema.video\/it\/tfl-serieslab-giuria-francesco-capurro"},"author":{"name":"Carolina Mancini","@id":"https:\/\/cinema.video\/it#\/schema\/person\/d5479fad8d0f2360000eb4aab6bb6e5d"},"headline":"La Parola ai Giurati SeriesLab e Francesco Capurro","datePublished":"2025-11-25T12:00:16+00:00","dateModified":"2026-04-10T02:11:12+00:00","mainEntityOfPage":{"@id":"https:\/\/cinema.video\/it\/tfl-serieslab-giuria-francesco-capurro"},"wordCount":709,"publisher":{"@id":"https:\/\/cinema.video\/it#organization"},"image":{"@id":"https:\/\/cinema.video\/it\/tfl-serieslab-giuria-francesco-capurro#primaryimage"},"thumbnailUrl":"https:\/\/cinema.video\/wp-content\/uploads\/2025\/11\/Francesco-Capurro.webp","keywords":["focus","SERIES MANIA","TORINO FILM FESTIVAL"],"inLanguage":"it-IT"},{"@type":"WebPage","@id":"https:\/\/cinema.video\/it\/tfl-serieslab-giuria-francesco-capurro","url":"https:\/\/cinema.video\/it\/tfl-serieslab-giuria-francesco-capurro","name":"La Parola ai Giurati SeriesLab e Francesco Capurro - Cinema &amp; Video International","isPartOf":{"@id":"https:\/\/cinema.video\/it#website"},"primaryImageOfPage":{"@id":"https:\/\/cinema.video\/it\/tfl-serieslab-giuria-francesco-capurro#primaryimage"},"image":{"@id":"https:\/\/cinema.video\/it\/tfl-serieslab-giuria-francesco-capurro#primaryimage"},"thumbnailUrl":"https:\/\/cinema.video\/wp-content\/uploads\/2025\/11\/Francesco-Capurro.webp","datePublished":"2025-11-25T12:00:16+00:00","dateModified":"2026-04-10T02:11:12+00:00","description":"La Parola ai Giurati SeriesLab e Francesco Capurro \u2013 la parola ai giurati serieslab e. La leggerezza sta sicuramente a cuore al TFL, che da per il secondo","breadcrumb":{"@id":"https:\/\/cinema.video\/it\/tfl-serieslab-giuria-francesco-capurro#breadcrumb"},"inLanguage":"it-IT","potentialAction":[{"@type":"ReadAction","target":["https:\/\/cinema.video\/it\/tfl-serieslab-giuria-francesco-capurro"]}]},{"@type":"ImageObject","inLanguage":"it-IT","@id":"https:\/\/cinema.video\/it\/tfl-serieslab-giuria-francesco-capurro#primaryimage","url":"https:\/\/cinema.video\/wp-content\/uploads\/2025\/11\/Francesco-Capurro.webp","contentUrl":"https:\/\/cinema.video\/wp-content\/uploads\/2025\/11\/Francesco-Capurro.webp","width":1040,"height":1040,"caption":"Intervista con Francesco Capurro, parte della Giuria del TFL SeriesLab, che ci svela i punti di contatto fra SeriesMania Forum e TFL"},{"@type":"BreadcrumbList","@id":"https:\/\/cinema.video\/it\/tfl-serieslab-giuria-francesco-capurro#breadcrumb","itemListElement":[{"@type":"ListItem","position":1,"name":"Home","item":"https:\/\/cinema.video\/it\/home-2"},{"@type":"ListItem","position":2,"name":"La Parola ai Giurati SeriesLab e Francesco Capurro"}]},{"@type":"WebSite","@id":"https:\/\/cinema.video\/it#website","url":"https:\/\/cinema.video\/it","name":"Cinema & Video International","description":"Film &amp; Audiovisual Industry Trade Magazine","publisher":{"@id":"https:\/\/cinema.video\/it#organization"},"alternateName":"Cinema & Video","potentialAction":[{"@type":"SearchAction","target":{"@type":"EntryPoint","urlTemplate":"https:\/\/cinema.video\/it?s={search_term_string}"},"query-input":{"@type":"PropertyValueSpecification","valueRequired":true,"valueName":"search_term_string"}}],"inLanguage":"it-IT"},{"@type":"Organization","@id":"https:\/\/cinema.video\/it#organization","name":"Cinema & Video","url":"https:\/\/cinema.video\/it","logo":{"@type":"ImageObject","inLanguage":"it-IT","@id":"https:\/\/cinema.video\/it#\/schema\/logo\/image\/","url":"https:\/\/cinema.video\/wp-content\/uploads\/2026\/04\/CinemVideo_LogoBlack.png","contentUrl":"https:\/\/cinema.video\/wp-content\/uploads\/2026\/04\/CinemVideo_LogoBlack.png","width":1336,"height":224,"caption":"Cinema & Video"},"image":{"@id":"https:\/\/cinema.video\/it#\/schema\/logo\/image\/"},"sameAs":["https:\/\/www.facebook.com\/CinemaVideoInternational\/","https:\/\/www.instagram.com\/cinemaevideointernational\/","https:\/\/it.linkedin.com\/company\/cinema-video-international"],"description":"Media Consulting & Marketing Agency","email":"hello@darostudio.com","legalName":"DARO studio LLC","foundingDate":"2021-02-16","numberOfEmployees":{"@type":"QuantitativeValue","minValue":"1","maxValue":"10"}},{"@type":"Person","@id":"https:\/\/cinema.video\/it#\/schema\/person\/d5479fad8d0f2360000eb4aab6bb6e5d","name":"Carolina Mancini","image":{"@type":"ImageObject","inLanguage":"it-IT","@id":"https:\/\/secure.gravatar.com\/avatar\/d4758965c5e8730dbaaa7131a628547771a26c1e5bf14fe323d96f8246a62baf?s=96&d=mm&r=g","url":"https:\/\/secure.gravatar.com\/avatar\/d4758965c5e8730dbaaa7131a628547771a26c1e5bf14fe323d96f8246a62baf?s=96&d=mm&r=g","contentUrl":"https:\/\/secure.gravatar.com\/avatar\/d4758965c5e8730dbaaa7131a628547771a26c1e5bf14fe323d96f8246a62baf?s=96&d=mm&r=g","caption":"Carolina Mancini"},"url":"https:\/\/cinema.video\/it\/author\/carolin"}]}},"jetpack_featured_media_url":"https:\/\/cinema.video\/wp-content\/uploads\/2025\/11\/Francesco-Capurro.webp","jetpack_shortlink":"https:\/\/wp.me\/ph672m-1gkO","_links":{"self":[{"href":"https:\/\/cinema.video\/it\/wp-json\/wp\/v2\/posts\/301122","targetHints":{"allow":["GET"]}}],"collection":[{"href":"https:\/\/cinema.video\/it\/wp-json\/wp\/v2\/posts"}],"about":[{"href":"https:\/\/cinema.video\/it\/wp-json\/wp\/v2\/types\/post"}],"author":[{"embeddable":true,"href":"https:\/\/cinema.video\/it\/wp-json\/wp\/v2\/users\/2"}],"replies":[{"embeddable":true,"href":"https:\/\/cinema.video\/it\/wp-json\/wp\/v2\/comments?post=301122"}],"version-history":[{"count":1,"href":"https:\/\/cinema.video\/it\/wp-json\/wp\/v2\/posts\/301122\/revisions"}],"predecessor-version":[{"id":309811,"href":"https:\/\/cinema.video\/it\/wp-json\/wp\/v2\/posts\/301122\/revisions\/309811"}],"wp:featuredmedia":[{"embeddable":true,"href":"https:\/\/cinema.video\/it\/wp-json\/wp\/v2\/media\/301154"}],"wp:attachment":[{"href":"https:\/\/cinema.video\/it\/wp-json\/wp\/v2\/media?parent=301122"}],"wp:term":[{"taxonomy":"category","embeddable":true,"href":"https:\/\/cinema.video\/it\/wp-json\/wp\/v2\/categories?post=301122"},{"taxonomy":"post_tag","embeddable":true,"href":"https:\/\/cinema.video\/it\/wp-json\/wp\/v2\/tags?post=301122"}],"curies":[{"name":"wp","href":"https:\/\/api.w.org\/{rel}","templated":true}]}}