{"id":301004,"date":"2025-11-07T17:03:44","date_gmt":"2025-11-07T16:03:44","guid":{"rendered":"https:\/\/cinema.video\/?p=301004"},"modified":"2026-04-10T04:11:00","modified_gmt":"2026-04-10T02:11:00","slug":"lo-schermo-dellarte-18-edizione","status":"publish","type":"post","link":"https:\/\/cinema.video\/it\/lo-schermo-dellarte-18-edizione","title":{"rendered":"Lo Schermo dell&#8217;Arte dal 12 novembre la 18\u00b0 edizione"},"content":{"rendered":"\n<p class=\"wp-block-paragraph\">Si aprir\u00e0 il prossimo 12 novembre la 18\u00aa edizione de <strong>Lo Schermo dell&#8217;Arte &#8211; Festival di cinema e arte contemporanea<\/strong>, che si terr\u00e0 al Cinema La Compagnia di Firenze (nell&#8217;ambito della \u00a0<em>50 giorni di cinema a Firenze<\/em>) e in altri luoghi della citt\u00e0 fino al 16 novembre diretto da<strong> Silvia Lucchesi<\/strong> e curato da <strong>Leonardo Bigazzi.<\/strong><br><br>Ad aprire questa mostra sulla migliore e pi\u00f9 recente produzione di film d\u2019artista e di documentari sull\u2019arte contemporanea sar\u00e0 il live-documentary\u00a0<em><strong>Non-Aligned Newsreels: Fragments<\/strong><\/em>, una performance appositamente realizzata per il Festival dall\u2019artista e filmmaker serba\u00a0<strong>Mila Turajlic<\/strong>.<\/p>\n\n\n\n<p class=\"wp-block-paragraph\">A seguire, alle ore 21:00, la prima italiana di<em>\u00a0<strong>L&#8217;Arbre de l&#8217;Authenticit\u00e9<\/strong><\/em>\u00a0(2025), primo lungometraggio dell\u2019artista\u00a0<strong>Sammy Baloji<\/strong>, presente in sala. Ambientato sulle rive del fiume Congo, il film riflette sullo stigma della distruzione ecologica iniziata con la colonizzazione belga. L&#8217;artista sar\u00e0 in conversazione con Rossella Catanese, NYU Florence, gioved\u00ec 13 novembre alle 15:00 alla NYU Florence.<\/p>\n\n\n\n<p class=\"wp-block-paragraph\">Closing night,&nbsp;domenica 16 novembre alle 21:00, con la prima mondiale del documentario&nbsp;<strong>Massimo Bartolini.<\/strong>&nbsp;<em><strong>Due qui \/ To Hear<\/strong><\/em>&nbsp;(2025) di&nbsp;<strong>Matteo Frittelli<\/strong>, che racconta il progetto di Massimo Bartolini per il Padiglione Italia all&#8217;ultima Biennale di Venezia, alla presenza dell\u2019autore, dell\u2019artista e del curatore&nbsp;<strong>Luca Cerizza<\/strong>.<br>Seguir\u00e0&nbsp;<em><strong>Sleep #2<\/strong><\/em>&nbsp;(2024) di&nbsp;<strong>Radu Jude<\/strong>, un video desktop che omaggia il cinema di Andy Warhol con riprese in streaming della sua tomba, in una riflessione su tempo e fragilit\u00e0.<\/p>\n\n\n\n<h2 class=\"wp-block-heading\"><strong>Focus 2025: Randa Maroufi<\/strong><\/h2>\n\n\n\n<p class=\"wp-block-paragraph\">Il Focus di questa edizione \u00e8 dedicato all\u2019artista marocchina&nbsp;<strong>Randa Maroufi<\/strong>&nbsp;di cui verranno presentati cinque film realizzati tra il 2015 e il 2025:&nbsp;<em><strong>L\u2019MINA&nbsp;<\/strong><\/em>(gioved\u00ec 13 novembre ore 21:00), vincitore del Leitz Cine Discovery Prize all&#8217;ultima Semaine de la Critique di Cannes; venerd\u00ec 14 novembre a partire dalle 17:00&nbsp;<em><strong>The Park&nbsp;<\/strong><\/em>(2015),&nbsp;<em><strong>Stand-by Office<\/strong><\/em>&nbsp;(2017),&nbsp;<em><strong>Barb\u00e8s<\/strong><\/em>&nbsp;(2019)<em><strong>,&nbsp;Bab Sebta&nbsp;<\/strong><\/em>(2019)<em><strong>.&nbsp;<\/strong><\/em>Randa Maroufi terr\u00e0 una lecture venerd\u00ec 14 novembre alle 15:00 all&#8217;Institut fran\u00e7ais Firenze.<\/p>\n\n\n\n<p class=\"wp-block-paragraph\">Tra le numerose anteprime italiane:\u00a0<em><strong>Like an Event in a Dream Dreamt by Another\u2014Insomnia<\/strong><\/em><strong>\u00a0<\/strong>(2025) dell&#8217;artista palestinese\u00a0<strong>Firas Shehadeh<\/strong>\u00a0(gioved\u00ec 13 novembre ore 19:50), sui giocatori palestinesi che modificano un videogioco per innescare atti di resistenza.\u00a0<\/p>\n\n\n\n<figure class=\"wp-block-image size-full\"><img loading=\"lazy\" decoding=\"async\" width=\"800\" height=\"450\" src=\"https:\/\/cinema.video\/wp-content\/uploads\/2025\/11\/15_Like-an-Event-in-a-Dream-Dreamt-by-Another\u2014Insomnia_2025-by-Firas-Shehadeh.png\" alt=\"\" class=\"wp-image-301011\" srcset=\"https:\/\/cinema.video\/wp-content\/uploads\/2025\/11\/15_Like-an-Event-in-a-Dream-Dreamt-by-Another\u2014Insomnia_2025-by-Firas-Shehadeh.png 800w, https:\/\/cinema.video\/wp-content\/uploads\/2025\/11\/15_Like-an-Event-in-a-Dream-Dreamt-by-Another\u2014Insomnia_2025-by-Firas-Shehadeh.png 300w, https:\/\/cinema.video\/wp-content\/uploads\/2025\/11\/15_Like-an-Event-in-a-Dream-Dreamt-by-Another\u2014Insomnia_2025-by-Firas-Shehadeh.png 768w, https:\/\/cinema.video\/wp-content\/uploads\/2025\/11\/15_Like-an-Event-in-a-Dream-Dreamt-by-Another\u2014Insomnia_2025-by-Firas-Shehadeh.png 747w, https:\/\/cinema.video\/wp-content\/uploads\/2025\/11\/15_Like-an-Event-in-a-Dream-Dreamt-by-Another\u2014Insomnia_2025-by-Firas-Shehadeh.png 150w, https:\/\/cinema.video\/wp-content\/uploads\/2025\/11\/15_Like-an-Event-in-a-Dream-Dreamt-by-Another\u2014Insomnia_2025-by-Firas-Shehadeh.png 696w\" sizes=\"auto, (max-width: 696px) 100vw, 696px\" \/><figcaption class=\"wp-element-caption\">15_Like an Event in a Dream Dreamt by Another\u2014Insomnia_2025 by Firas Shehadeh<\/figcaption><\/figure>\n\n\n\n<p class=\"wp-block-paragraph\"><br><em><strong>Fiert\u00e9 Nationale: De J\u00e9richo vers Gaza\u00a0<\/strong><\/em>(2025) di\u00a0<strong>Sven Augustijnen<\/strong>\u00a0(gioved\u00ec 13 novembre ore 22:00). Girato nel 2019, segue il ritorno in patria del diplomatico palestinese Hassan Al Balawi in\u00a0occasione del quindicesimo anniversario della morte di Yasser Arafat, storico leader dell&#8217;OLP, documentando le dinamiche che hanno prefigurato gli eventi del 7 ottobre.\u00a0<\/p>\n\n\n\n<p class=\"wp-block-paragraph\"><em><strong>BLKNWS: Terms &amp; Conditions<\/strong><\/em>\u00a0(2025) di\u00a0<strong>Kahlil Joseph\u00a0<\/strong>(sabato 15 novembre ore 21:00), in cui\u00a0l\u2019artista e regista afroamericano offre un&#8217;audace esplorazione della storia, dell&#8217;identit\u00e0 e delle possibilit\u00e0 della cultura nera, concepita come un&#8217;esperienza cinematografica che rispecchia le trame sonore di un album musicale.<br><em><strong>Panorama<\/strong><\/em>\u00a0(2023) di\u00a0<strong>Amie Siegel<\/strong>\u00a0indaga il viaggio attraverso cui i beni culturali, un tempo vivi, entrano a far parte delle collezioni museali e iniziano la loro seconda vita come oggetti da esposizione (venerd\u00ec 14 novembre ore 21:00), alla presenza dell\u2019artista e del compositore Jeff Murcko).<\/p>\n\n\n\n<p class=\"wp-block-paragraph\"><br>In occasione della proiezione del film<em>\u00a0Panorama<\/em>, il\u00a0<strong>Museo di Storia Naturale-La Specola\u00a0<\/strong>offre\u00a0due visite guidate gratuite\u00a0sabato 15 novembre ore 10.00 e ore 14.00\u00a0(max 25 persone). Prenotazione obbligatoria <strong><a href=\"http:\/\/www.schermodellarte.org\/prenotazioni\">QUI<\/a><\/strong><\/p>\n\n\n\n<figure class=\"wp-block-image size-full\"><img loading=\"lazy\" decoding=\"async\" width=\"800\" height=\"600\" src=\"https:\/\/cinema.video\/wp-content\/uploads\/2025\/11\/10_-Panorama-by-Amie-Siegel_photo-Courtesy-of-the-artist-and-Thomas-Dane-Gallery_1.jpg\" alt=\"\" class=\"wp-image-301010\" srcset=\"https:\/\/cinema.video\/wp-content\/uploads\/2025\/11\/10_-Panorama-by-Amie-Siegel_photo-Courtesy-of-the-artist-and-Thomas-Dane-Gallery_1.jpg 800w, https:\/\/cinema.video\/wp-content\/uploads\/2025\/11\/10_-Panorama-by-Amie-Siegel_photo-Courtesy-of-the-artist-and-Thomas-Dane-Gallery_1.jpg 300w, https:\/\/cinema.video\/wp-content\/uploads\/2025\/11\/10_-Panorama-by-Amie-Siegel_photo-Courtesy-of-the-artist-and-Thomas-Dane-Gallery_1.jpg 768w, https:\/\/cinema.video\/wp-content\/uploads\/2025\/11\/10_-Panorama-by-Amie-Siegel_photo-Courtesy-of-the-artist-and-Thomas-Dane-Gallery_1.jpg 560w, https:\/\/cinema.video\/wp-content\/uploads\/2025\/11\/10_-Panorama-by-Amie-Siegel_photo-Courtesy-of-the-artist-and-Thomas-Dane-Gallery_1.jpg 80w, https:\/\/cinema.video\/wp-content\/uploads\/2025\/11\/10_-Panorama-by-Amie-Siegel_photo-Courtesy-of-the-artist-and-Thomas-Dane-Gallery_1.jpg 150w, https:\/\/cinema.video\/wp-content\/uploads\/2025\/11\/10_-Panorama-by-Amie-Siegel_photo-Courtesy-of-the-artist-and-Thomas-Dane-Gallery_1.jpg 696w\" sizes=\"auto, (max-width: 696px) 100vw, 696px\" \/><figcaption class=\"wp-element-caption\">Panorama by Amie Siegel_photo Courtesy of the artist and Thomas Dane Gallery<\/figcaption><\/figure>\n\n\n\n<h2 class=\"wp-block-heading\"><strong>VISIO<\/strong> <strong>European Programme on Artists\u2019 Moving Images<\/strong><\/h2>\n\n\n\n<p class=\"wp-block-paragraph\"><br>Giunto alla sua XIV edizione, il programma a cura di&nbsp;<strong>Leonardo Bigazzi<\/strong>&nbsp; dedicato ad artisti&nbsp;<em>under 35<\/em>&nbsp;che utilizzano le immagini in movimento, accoglier\u00e0 8 artisti&nbsp;selezionati tra le 156 candidature ricevute da 54 paesi:&nbsp;<strong>Toh\u00e9 Commaret<\/strong>&nbsp;(Francia\/Cile 1992, vive e lavora in Francia),&nbsp;<strong>Rafik Greiss<\/strong>&nbsp;(Egitto 1997, vive e lavora in Francia),&nbsp;<strong>Vir Andres Hera<\/strong>&nbsp;(Messico 1990, vive e lavora in Francia),&nbsp;<strong>Maxime Jean-Baptiste<\/strong>&nbsp;(Francia 1993, vive e lavora in Belgio),&nbsp;<strong>Olukemi Lijadu<\/strong>&nbsp;(Regno Unito\/Nigeria 1994, vive e lavora nel Regno Unito),&nbsp;<strong>Thomias Radin<\/strong>&nbsp;(Francia 1993, vive e lavora in Germania),&nbsp;<strong>Jordan Starfer<\/strong>&nbsp;(Stati Uniti 1990, vive e lavora in Grecia) e&nbsp;<strong>Shen Xin&nbsp;<\/strong>(Cina 1990, vive e lavora nel Regno Unito).<\/p>\n\n\n\n<p class=\"wp-block-paragraph\">Il festival conferma inoltre il suo impegno nel sostegno alla produzione con il&nbsp;<strong>VISIO Production Fund<\/strong>, un fondo di&nbsp;<strong>35.000 euro<\/strong>&nbsp;concepito in collaborazione con Centro Pecci, Fondazione In Between Art Film, FRAC Bretagne e il contributo di Human Company. Durante il Festival saranno proiettate le opere di&nbsp;<strong>Valentin Nouja\u00efm<\/strong>&nbsp;(anteprima italiana sabato 15 novembre ore 18:30) e&nbsp;<strong>Peng Zuqiang<\/strong>&nbsp;(anteprima mondiale venerd\u00ec 14 novembre ore 18.45) prodotte con il VPF 2023 e 2024.<\/p>\n\n\n\n<p class=\"wp-block-paragraph\">Si rinnova la collaborazione con GUCCI per presentare opere video come parte della rassegna \u2018CONTROLUCE: STORIES OF BEAUTY\u2019: in anteprima nazionale&nbsp;<em><strong>BLKNWS<\/strong><\/em> (2020) di <strong>Kahlil Joseph<\/strong>, video che esplora la vita nera americana, le violenze sistemiche e gli spazi di resistenza. Palazzo Gucci, sala cinema, 2 Novembre 2025 &#8211; 11 Gennaio 2026 (tutti i giorni 10:00-19:00).<\/p>\n","protected":false},"excerpt":{"rendered":"<p>Dal 12 al 16 novembre la 18\u00aa edizione de Lo Schermo dell&#8217;Arte &#8211; Festival di cinema e arte contemporanea,  al Cinema La Compagnia di Firenze  <\/p>\n","protected":false},"author":26,"featured_media":301008,"comment_status":"closed","ping_status":"closed","sticky":false,"template":"","format":"standard","meta":{"googlesitekit_rrm_CAow3e7fCw:productID":"","_crdt_document":"","footnotes":""},"categories":[189],"tags":[2334,356,1538],"class_list":{"0":"post-301004","1":"post","2":"type-post","3":"status-publish","4":"format-standard","5":"has-post-thumbnail","7":"category-events","8":"tag-events","9":"tag-focus","10":"tag-lo-schermo-dellarte"},"yoast_head":"<!-- This site is optimized with the Yoast SEO Premium plugin v27.4 (Yoast SEO v27.5) - https:\/\/yoast.com\/product\/yoast-seo-premium-wordpress\/ -->\n<title>Lo Schermo dell&#039;Arte dal 12 novembre la 18\u00b0 edizione - Cinema &amp; Video International<\/title>\n<meta name=\"description\" content=\"Lo Schermo dell&#039;Arte dal 12 novembre la 18\u00b0 edizione \u2013 lo schermo dellarte dal 12 novembre. Si aprir\u00e0 il prossimo 12 novembre la 18\u00aa edizione de Lo Scherm\" \/>\n<meta name=\"robots\" content=\"index, follow, max-snippet:-1, max-image-preview:large, max-video-preview:-1\" \/>\n<link rel=\"canonical\" href=\"https:\/\/cinema.video\/it\/lo-schermo-dellarte-18-edizione\" \/>\n<meta property=\"og:locale\" content=\"it_IT\" \/>\n<meta property=\"og:type\" content=\"article\" \/>\n<meta property=\"og:title\" content=\"Lo Schermo dell&#039;Arte dal 12 novembre la 18\u00b0 edizione\" \/>\n<meta property=\"og:description\" content=\"Lo Schermo dell&#039;Arte dal 12 novembre la 18\u00b0 edizione \u2013 lo schermo dellarte dal 12 novembre. Si aprir\u00e0 il prossimo 12 novembre la 18\u00aa edizione de Lo Scherm\" \/>\n<meta property=\"og:url\" content=\"https:\/\/cinema.video\/it\/lo-schermo-dellarte-18-edizione\" \/>\n<meta property=\"og:site_name\" content=\"Cinema &amp; Video International\" \/>\n<meta property=\"article:publisher\" content=\"https:\/\/www.facebook.com\/CinemaVideoInternational\/\" \/>\n<meta property=\"article:published_time\" content=\"2025-11-07T16:03:44+00:00\" \/>\n<meta property=\"article:modified_time\" content=\"2026-04-10T02:11:00+00:00\" \/>\n<meta property=\"og:image\" content=\"https:\/\/cinema.video\/wp-content\/uploads\/2025\/11\/12__BLKNWS-Terms-Conditions-by-Kahlil-Joseph-\u00a9-Participant.png\" \/>\n\t<meta property=\"og:image:width\" content=\"800\" \/>\n\t<meta property=\"og:image:height\" content=\"528\" \/>\n\t<meta property=\"og:image:type\" content=\"image\/png\" \/>\n<meta name=\"author\" content=\"Redazione\" \/>\n<meta name=\"twitter:card\" content=\"summary_large_image\" \/>\n<meta name=\"twitter:label1\" content=\"Scritto da\" \/>\n\t<meta name=\"twitter:data1\" content=\"Redazione\" \/>\n\t<meta name=\"twitter:label2\" content=\"Tempo di lettura stimato\" \/>\n\t<meta name=\"twitter:data2\" content=\"5 minuti\" \/>\n<script type=\"application\/ld+json\" class=\"yoast-schema-graph\">{\"@context\":\"https:\\\/\\\/schema.org\",\"@graph\":[{\"@type\":\"Article\",\"@id\":\"https:\\\/\\\/cinema.video\\\/it\\\/lo-schermo-dellarte-18-edizione#article\",\"isPartOf\":{\"@id\":\"https:\\\/\\\/cinema.video\\\/it\\\/lo-schermo-dellarte-18-edizione\"},\"author\":{\"name\":\"Redazione\",\"@id\":\"https:\\\/\\\/cinema.video\\\/it#\\\/schema\\\/person\\\/aeb01b91d874e8b01e76a1db04c668c6\"},\"headline\":\"Lo Schermo dell&#8217;Arte dal 12 novembre la 18\u00b0 edizione\",\"datePublished\":\"2025-11-07T16:03:44+00:00\",\"dateModified\":\"2026-04-10T02:11:00+00:00\",\"mainEntityOfPage\":{\"@id\":\"https:\\\/\\\/cinema.video\\\/it\\\/lo-schermo-dellarte-18-edizione\"},\"wordCount\":813,\"publisher\":{\"@id\":\"https:\\\/\\\/cinema.video\\\/it#organization\"},\"image\":{\"@id\":\"https:\\\/\\\/cinema.video\\\/it\\\/lo-schermo-dellarte-18-edizione#primaryimage\"},\"thumbnailUrl\":\"https:\\\/\\\/cinema.video\\\/wp-content\\\/uploads\\\/2025\\\/11\\\/12__BLKNWS-Terms-Conditions-by-Kahlil-Joseph-\u00a9-Participant.png\",\"keywords\":[\"EVENTS\",\"focus\",\"Lo Schermo dell'Arte\"],\"articleSection\":[\"EVENTS\"],\"inLanguage\":\"it-IT\"},{\"@type\":\"WebPage\",\"@id\":\"https:\\\/\\\/cinema.video\\\/it\\\/lo-schermo-dellarte-18-edizione\",\"url\":\"https:\\\/\\\/cinema.video\\\/it\\\/lo-schermo-dellarte-18-edizione\",\"name\":\"Lo Schermo dell'Arte dal 12 novembre la 18\u00b0 edizione - Cinema &amp; Video International\",\"isPartOf\":{\"@id\":\"https:\\\/\\\/cinema.video\\\/it#website\"},\"primaryImageOfPage\":{\"@id\":\"https:\\\/\\\/cinema.video\\\/it\\\/lo-schermo-dellarte-18-edizione#primaryimage\"},\"image\":{\"@id\":\"https:\\\/\\\/cinema.video\\\/it\\\/lo-schermo-dellarte-18-edizione#primaryimage\"},\"thumbnailUrl\":\"https:\\\/\\\/cinema.video\\\/wp-content\\\/uploads\\\/2025\\\/11\\\/12__BLKNWS-Terms-Conditions-by-Kahlil-Joseph-\u00a9-Participant.png\",\"datePublished\":\"2025-11-07T16:03:44+00:00\",\"dateModified\":\"2026-04-10T02:11:00+00:00\",\"description\":\"Lo Schermo dell'Arte dal 12 novembre la 18\u00b0 edizione \u2013 lo schermo dellarte dal 12 novembre. Si aprir\u00e0 il prossimo 12 novembre la 18\u00aa edizione de Lo Scherm\",\"breadcrumb\":{\"@id\":\"https:\\\/\\\/cinema.video\\\/it\\\/lo-schermo-dellarte-18-edizione#breadcrumb\"},\"inLanguage\":\"it-IT\",\"potentialAction\":[{\"@type\":\"ReadAction\",\"target\":[\"https:\\\/\\\/cinema.video\\\/it\\\/lo-schermo-dellarte-18-edizione\"]}]},{\"@type\":\"ImageObject\",\"inLanguage\":\"it-IT\",\"@id\":\"https:\\\/\\\/cinema.video\\\/it\\\/lo-schermo-dellarte-18-edizione#primaryimage\",\"url\":\"https:\\\/\\\/cinema.video\\\/wp-content\\\/uploads\\\/2025\\\/11\\\/12__BLKNWS-Terms-Conditions-by-Kahlil-Joseph-\u00a9-Participant.png\",\"contentUrl\":\"https:\\\/\\\/cinema.video\\\/wp-content\\\/uploads\\\/2025\\\/11\\\/12__BLKNWS-Terms-Conditions-by-Kahlil-Joseph-\u00a9-Participant.png\",\"width\":800,\"height\":528,\"caption\":\"Dal 12 al 16 novembre la 18\u00aa edizione de Lo Schermo dell'Arte - Festival di cinema e arte contemporanea, al Cinema La Compagnia di Firenze\"},{\"@type\":\"BreadcrumbList\",\"@id\":\"https:\\\/\\\/cinema.video\\\/it\\\/lo-schermo-dellarte-18-edizione#breadcrumb\",\"itemListElement\":[{\"@type\":\"ListItem\",\"position\":1,\"name\":\"Home\",\"item\":\"https:\\\/\\\/cinema.video\\\/it\\\/home-2\"},{\"@type\":\"ListItem\",\"position\":2,\"name\":\"Lo Schermo dell&#8217;Arte dal 12 novembre la 18\u00b0 edizione\"}]},{\"@type\":\"WebSite\",\"@id\":\"https:\\\/\\\/cinema.video\\\/it#website\",\"url\":\"https:\\\/\\\/cinema.video\\\/it\",\"name\":\"Cinema & Video International\",\"description\":\"Film &amp; Audiovisual Industry Trade Magazine\",\"publisher\":{\"@id\":\"https:\\\/\\\/cinema.video\\\/it#organization\"},\"alternateName\":\"Cinema & Video\",\"potentialAction\":[{\"@type\":\"SearchAction\",\"target\":{\"@type\":\"EntryPoint\",\"urlTemplate\":\"https:\\\/\\\/cinema.video\\\/it?s={search_term_string}\"},\"query-input\":{\"@type\":\"PropertyValueSpecification\",\"valueRequired\":true,\"valueName\":\"search_term_string\"}}],\"inLanguage\":\"it-IT\"},{\"@type\":\"Organization\",\"@id\":\"https:\\\/\\\/cinema.video\\\/it#organization\",\"name\":\"Cinema & Video\",\"url\":\"https:\\\/\\\/cinema.video\\\/it\",\"logo\":{\"@type\":\"ImageObject\",\"inLanguage\":\"it-IT\",\"@id\":\"https:\\\/\\\/cinema.video\\\/it#\\\/schema\\\/logo\\\/image\\\/\",\"url\":\"https:\\\/\\\/cinema.video\\\/wp-content\\\/uploads\\\/2026\\\/04\\\/CinemVideo_LogoBlack.png\",\"contentUrl\":\"https:\\\/\\\/cinema.video\\\/wp-content\\\/uploads\\\/2026\\\/04\\\/CinemVideo_LogoBlack.png\",\"width\":1336,\"height\":224,\"caption\":\"Cinema & Video\"},\"image\":{\"@id\":\"https:\\\/\\\/cinema.video\\\/it#\\\/schema\\\/logo\\\/image\\\/\"},\"sameAs\":[\"https:\\\/\\\/www.facebook.com\\\/CinemaVideoInternational\\\/\",\"https:\\\/\\\/www.instagram.com\\\/cinemaevideointernational\\\/\",\"https:\\\/\\\/it.linkedin.com\\\/company\\\/cinema-video-international\"],\"description\":\"Media Consulting & Marketing Agency\",\"email\":\"hello@darostudio.com\",\"legalName\":\"DARO studio LLC\",\"foundingDate\":\"2021-02-16\",\"numberOfEmployees\":{\"@type\":\"QuantitativeValue\",\"minValue\":\"1\",\"maxValue\":\"10\"}},{\"@type\":\"Person\",\"@id\":\"https:\\\/\\\/cinema.video\\\/it#\\\/schema\\\/person\\\/aeb01b91d874e8b01e76a1db04c668c6\",\"name\":\"Redazione\",\"image\":{\"@type\":\"ImageObject\",\"inLanguage\":\"it-IT\",\"@id\":\"https:\\\/\\\/secure.gravatar.com\\\/avatar\\\/06ad6f92eb14745b75fb592cadf8139d33242d81c9c8b085133c450aaf0b9731?s=96&d=mm&r=g\",\"url\":\"https:\\\/\\\/secure.gravatar.com\\\/avatar\\\/06ad6f92eb14745b75fb592cadf8139d33242d81c9c8b085133c450aaf0b9731?s=96&d=mm&r=g\",\"contentUrl\":\"https:\\\/\\\/secure.gravatar.com\\\/avatar\\\/06ad6f92eb14745b75fb592cadf8139d33242d81c9c8b085133c450aaf0b9731?s=96&d=mm&r=g\",\"caption\":\"Redazione\"},\"url\":\"https:\\\/\\\/cinema.video\\\/it\\\/author\\\/redazione\"}]}<\/script>\n<!-- \/ Yoast SEO Premium plugin. -->","yoast_head_json":{"title":"Lo Schermo dell'Arte dal 12 novembre la 18\u00b0 edizione - Cinema &amp; Video International","description":"Lo Schermo dell'Arte dal 12 novembre la 18\u00b0 edizione \u2013 lo schermo dellarte dal 12 novembre. Si aprir\u00e0 il prossimo 12 novembre la 18\u00aa edizione de Lo Scherm","robots":{"index":"index","follow":"follow","max-snippet":"max-snippet:-1","max-image-preview":"max-image-preview:large","max-video-preview":"max-video-preview:-1"},"canonical":"https:\/\/cinema.video\/it\/lo-schermo-dellarte-18-edizione","og_locale":"it_IT","og_type":"article","og_title":"Lo Schermo dell'Arte dal 12 novembre la 18\u00b0 edizione","og_description":"Lo Schermo dell'Arte dal 12 novembre la 18\u00b0 edizione \u2013 lo schermo dellarte dal 12 novembre. Si aprir\u00e0 il prossimo 12 novembre la 18\u00aa edizione de Lo Scherm","og_url":"https:\/\/cinema.video\/it\/lo-schermo-dellarte-18-edizione","og_site_name":"Cinema &amp; Video International","article_publisher":"https:\/\/www.facebook.com\/CinemaVideoInternational\/","article_published_time":"2025-11-07T16:03:44+00:00","article_modified_time":"2026-04-10T02:11:00+00:00","og_image":[{"width":800,"height":528,"url":"https:\/\/cinema.video\/wp-content\/uploads\/2025\/11\/12__BLKNWS-Terms-Conditions-by-Kahlil-Joseph-\u00a9-Participant.png","type":"image\/png"}],"author":"Redazione","twitter_card":"summary_large_image","twitter_misc":{"Scritto da":"Redazione","Tempo di lettura stimato":"5 minuti"},"schema":{"@context":"https:\/\/schema.org","@graph":[{"@type":"Article","@id":"https:\/\/cinema.video\/it\/lo-schermo-dellarte-18-edizione#article","isPartOf":{"@id":"https:\/\/cinema.video\/it\/lo-schermo-dellarte-18-edizione"},"author":{"name":"Redazione","@id":"https:\/\/cinema.video\/it#\/schema\/person\/aeb01b91d874e8b01e76a1db04c668c6"},"headline":"Lo Schermo dell&#8217;Arte dal 12 novembre la 18\u00b0 edizione","datePublished":"2025-11-07T16:03:44+00:00","dateModified":"2026-04-10T02:11:00+00:00","mainEntityOfPage":{"@id":"https:\/\/cinema.video\/it\/lo-schermo-dellarte-18-edizione"},"wordCount":813,"publisher":{"@id":"https:\/\/cinema.video\/it#organization"},"image":{"@id":"https:\/\/cinema.video\/it\/lo-schermo-dellarte-18-edizione#primaryimage"},"thumbnailUrl":"https:\/\/cinema.video\/wp-content\/uploads\/2025\/11\/12__BLKNWS-Terms-Conditions-by-Kahlil-Joseph-\u00a9-Participant.png","keywords":["EVENTS","focus","Lo Schermo dell'Arte"],"articleSection":["EVENTS"],"inLanguage":"it-IT"},{"@type":"WebPage","@id":"https:\/\/cinema.video\/it\/lo-schermo-dellarte-18-edizione","url":"https:\/\/cinema.video\/it\/lo-schermo-dellarte-18-edizione","name":"Lo Schermo dell'Arte dal 12 novembre la 18\u00b0 edizione - Cinema &amp; Video International","isPartOf":{"@id":"https:\/\/cinema.video\/it#website"},"primaryImageOfPage":{"@id":"https:\/\/cinema.video\/it\/lo-schermo-dellarte-18-edizione#primaryimage"},"image":{"@id":"https:\/\/cinema.video\/it\/lo-schermo-dellarte-18-edizione#primaryimage"},"thumbnailUrl":"https:\/\/cinema.video\/wp-content\/uploads\/2025\/11\/12__BLKNWS-Terms-Conditions-by-Kahlil-Joseph-\u00a9-Participant.png","datePublished":"2025-11-07T16:03:44+00:00","dateModified":"2026-04-10T02:11:00+00:00","description":"Lo Schermo dell'Arte dal 12 novembre la 18\u00b0 edizione \u2013 lo schermo dellarte dal 12 novembre. Si aprir\u00e0 il prossimo 12 novembre la 18\u00aa edizione de Lo Scherm","breadcrumb":{"@id":"https:\/\/cinema.video\/it\/lo-schermo-dellarte-18-edizione#breadcrumb"},"inLanguage":"it-IT","potentialAction":[{"@type":"ReadAction","target":["https:\/\/cinema.video\/it\/lo-schermo-dellarte-18-edizione"]}]},{"@type":"ImageObject","inLanguage":"it-IT","@id":"https:\/\/cinema.video\/it\/lo-schermo-dellarte-18-edizione#primaryimage","url":"https:\/\/cinema.video\/wp-content\/uploads\/2025\/11\/12__BLKNWS-Terms-Conditions-by-Kahlil-Joseph-\u00a9-Participant.png","contentUrl":"https:\/\/cinema.video\/wp-content\/uploads\/2025\/11\/12__BLKNWS-Terms-Conditions-by-Kahlil-Joseph-\u00a9-Participant.png","width":800,"height":528,"caption":"Dal 12 al 16 novembre la 18\u00aa edizione de Lo Schermo dell'Arte - Festival di cinema e arte contemporanea, al Cinema La Compagnia di Firenze"},{"@type":"BreadcrumbList","@id":"https:\/\/cinema.video\/it\/lo-schermo-dellarte-18-edizione#breadcrumb","itemListElement":[{"@type":"ListItem","position":1,"name":"Home","item":"https:\/\/cinema.video\/it\/home-2"},{"@type":"ListItem","position":2,"name":"Lo Schermo dell&#8217;Arte dal 12 novembre la 18\u00b0 edizione"}]},{"@type":"WebSite","@id":"https:\/\/cinema.video\/it#website","url":"https:\/\/cinema.video\/it","name":"Cinema & Video International","description":"Film &amp; Audiovisual Industry Trade Magazine","publisher":{"@id":"https:\/\/cinema.video\/it#organization"},"alternateName":"Cinema & Video","potentialAction":[{"@type":"SearchAction","target":{"@type":"EntryPoint","urlTemplate":"https:\/\/cinema.video\/it?s={search_term_string}"},"query-input":{"@type":"PropertyValueSpecification","valueRequired":true,"valueName":"search_term_string"}}],"inLanguage":"it-IT"},{"@type":"Organization","@id":"https:\/\/cinema.video\/it#organization","name":"Cinema & Video","url":"https:\/\/cinema.video\/it","logo":{"@type":"ImageObject","inLanguage":"it-IT","@id":"https:\/\/cinema.video\/it#\/schema\/logo\/image\/","url":"https:\/\/cinema.video\/wp-content\/uploads\/2026\/04\/CinemVideo_LogoBlack.png","contentUrl":"https:\/\/cinema.video\/wp-content\/uploads\/2026\/04\/CinemVideo_LogoBlack.png","width":1336,"height":224,"caption":"Cinema & Video"},"image":{"@id":"https:\/\/cinema.video\/it#\/schema\/logo\/image\/"},"sameAs":["https:\/\/www.facebook.com\/CinemaVideoInternational\/","https:\/\/www.instagram.com\/cinemaevideointernational\/","https:\/\/it.linkedin.com\/company\/cinema-video-international"],"description":"Media Consulting & Marketing Agency","email":"hello@darostudio.com","legalName":"DARO studio LLC","foundingDate":"2021-02-16","numberOfEmployees":{"@type":"QuantitativeValue","minValue":"1","maxValue":"10"}},{"@type":"Person","@id":"https:\/\/cinema.video\/it#\/schema\/person\/aeb01b91d874e8b01e76a1db04c668c6","name":"Redazione","image":{"@type":"ImageObject","inLanguage":"it-IT","@id":"https:\/\/secure.gravatar.com\/avatar\/06ad6f92eb14745b75fb592cadf8139d33242d81c9c8b085133c450aaf0b9731?s=96&d=mm&r=g","url":"https:\/\/secure.gravatar.com\/avatar\/06ad6f92eb14745b75fb592cadf8139d33242d81c9c8b085133c450aaf0b9731?s=96&d=mm&r=g","contentUrl":"https:\/\/secure.gravatar.com\/avatar\/06ad6f92eb14745b75fb592cadf8139d33242d81c9c8b085133c450aaf0b9731?s=96&d=mm&r=g","caption":"Redazione"},"url":"https:\/\/cinema.video\/it\/author\/redazione"}]}},"jetpack_featured_media_url":"https:\/\/cinema.video\/wp-content\/uploads\/2025\/11\/12__BLKNWS-Terms-Conditions-by-Kahlil-Joseph-\u00a9-Participant.png","jetpack_shortlink":"https:\/\/wp.me\/ph672m-1giU","_links":{"self":[{"href":"https:\/\/cinema.video\/it\/wp-json\/wp\/v2\/posts\/301004","targetHints":{"allow":["GET"]}}],"collection":[{"href":"https:\/\/cinema.video\/it\/wp-json\/wp\/v2\/posts"}],"about":[{"href":"https:\/\/cinema.video\/it\/wp-json\/wp\/v2\/types\/post"}],"author":[{"embeddable":true,"href":"https:\/\/cinema.video\/it\/wp-json\/wp\/v2\/users\/26"}],"replies":[{"embeddable":true,"href":"https:\/\/cinema.video\/it\/wp-json\/wp\/v2\/comments?post=301004"}],"version-history":[{"count":2,"href":"https:\/\/cinema.video\/it\/wp-json\/wp\/v2\/posts\/301004\/revisions"}],"predecessor-version":[{"id":309796,"href":"https:\/\/cinema.video\/it\/wp-json\/wp\/v2\/posts\/301004\/revisions\/309796"}],"wp:featuredmedia":[{"embeddable":true,"href":"https:\/\/cinema.video\/it\/wp-json\/wp\/v2\/media\/301008"}],"wp:attachment":[{"href":"https:\/\/cinema.video\/it\/wp-json\/wp\/v2\/media?parent=301004"}],"wp:term":[{"taxonomy":"category","embeddable":true,"href":"https:\/\/cinema.video\/it\/wp-json\/wp\/v2\/categories?post=301004"},{"taxonomy":"post_tag","embeddable":true,"href":"https:\/\/cinema.video\/it\/wp-json\/wp\/v2\/tags?post=301004"}],"curies":[{"name":"wp","href":"https:\/\/api.w.org\/{rel}","templated":true}]}}