{"id":300908,"date":"2025-10-22T12:41:51","date_gmt":"2025-10-22T10:41:51","guid":{"rendered":"https:\/\/cinema.video\/?p=300908"},"modified":"2026-04-10T04:10:49","modified_gmt":"2026-04-10T02:10:49","slug":"cartoon-italia-lancia-lallarme-per-gli-annunciati-tagli-della-manovra","status":"publish","type":"post","link":"https:\/\/cinema.video\/it\/cartoon-italia-lancia-lallarme-per-gli-annunciati-tagli-della-manovra","title":{"rendered":"Cartoon Italia lancia l&#8217;allarme per gli annunciati tagli della manovra"},"content":{"rendered":"\n<p class=\"wp-block-paragraph\">L\u2019Associazione dei produttori italiani di animazione lancia un allarme: il taglio di 190 milioni di euro al Fondo per il Cinema e l\u2019Audiovisivo, previsto nella manovra di bilancio, rischia di mettere in seria difficolt\u00e0 un comparto che contribuisce in modo decisivo alla crescita culturale dei pi\u00f9 piccoli e alla diffusione dei valori italiani nel mondo.<br>Un settore- sottolinea una nota dell&#8217;Associazione &#8211;  che la stessa Presidente del Consiglio, Giorgia Meloni, ha pi\u00f9 volte indicato come parte integrante del \u201cmade in Italy\u201d da tutelare e promuovere.<\/p>\n\n\n\n<p class=\"wp-block-paragraph\">Fino a oggi &#8211; prosegue la nota-  correttivi introdotti dal Ministero della Cultura nella gestione dei fondi erano stati accolti positivamente: la conferma del tax credit e degli altri incentivi aveva garantito stabilit\u00e0 a un settore che opera in larga parte in coproduzione internazionale, rafforzando la competitivit\u00e0 delle imprese italiane nei confronti dei partner europei.<\/p>\n\n\n\n<p class=\"wp-block-paragraph\">\u201cServe razionalizzare, non tagliare. L\u2019animazione \u00e8 un investimento per il Paese\u201d, dichiara Maria Carolina Terzi, presidente di Cartoon Italia, ribadendo la piena disponibilit\u00e0 dell\u2019associazione a collaborare con le istituzioni. Nella stessa direzione si \u00e8 espresso anche Alessandro Usai, presidente di ANICA, di cui Cartoon Italia fa parte, sottolineando la necessit\u00e0 di valutare con attenzione l\u2019impatto di interventi cos\u00ec drastici e immediati.<\/p>\n\n\n\n<p class=\"wp-block-paragraph\">Un taglio netto, osserva Cartoon Italia, rischia di compromettere il futuro di un intero settore proprio nel momento in cui \u2014 con il sostegno del MiC \u2014 si stanno sperimentando soluzioni concrete per migliorarne la gestione e aumentarne l\u2019efficienza.<\/p>\n\n\n\n<p class=\"wp-block-paragraph\">L\u2019associazione ricorda che esistono gi\u00e0 strumenti per razionalizzare la spesa e prevenire gli sprechi: \u00e8 il momento di applicarli con senso di responsabilit\u00e0 e spirito costruttivo. &#8220;Scegliere la via del disinvestimento significherebbe fermare un comparto in crescita, che impiega oltre 6.000 giovani professionisti tra i 20 e i 35 anni e produce contenuti capaci di rappresentare e trasmettere i valori culturali italiani ai bambini di oggi e di domani&#8221;.<\/p>\n","protected":false},"excerpt":{"rendered":"<p>L\u2019Associazione dei produttori italiani di animazione lancia un allarme: il taglio di 190 milioni di euro al Fondo per il Cinema e l\u2019Audiovisivo, previsto nella manovra di bilancio, rischia di mettere in seria difficolt\u00e0 un comparto che contribuisce in modo decisivo alla crescita culturale dei pi\u00f9 piccoli e alla diffusione dei valori italiani nel mondo.Un [&hellip;]<\/p>\n","protected":false},"author":26,"featured_media":300911,"comment_status":"closed","ping_status":"closed","sticky":false,"template":"","format":"standard","meta":{"googlesitekit_rrm_CAow3e7fCw:productID":"","_crdt_document":"","footnotes":""},"categories":[1],"tags":[813,436],"class_list":{"0":"post-300908","1":"post","2":"type-post","3":"status-publish","4":"format-standard","5":"has-post-thumbnail","7":"category-senza-categoria","8":"tag-animation","9":"tag-animazione"},"yoast_head":"<!-- This site is optimized with the Yoast SEO Premium plugin v27.4 (Yoast SEO v27.4) - https:\/\/yoast.com\/product\/yoast-seo-premium-wordpress\/ -->\n<title>Cartoon Italia lancia l&#039;allarme per gli annunciati tagli della manovra - Cinema &amp; Video International<\/title>\n<meta name=\"description\" content=\"Cartoon Italia lancia l&#039;allarme per gli annunciati tagli della manovra \u2013 cartoon italia lancia lallarme per gli. L\u2019Associazione dei produttori italiani di\" \/>\n<meta name=\"robots\" content=\"index, follow, max-snippet:-1, max-image-preview:large, max-video-preview:-1\" \/>\n<link rel=\"canonical\" href=\"https:\/\/cinema.video\/it\/cartoon-italia-lancia-lallarme-per-gli-annunciati-tagli-della-manovra\" \/>\n<meta property=\"og:locale\" content=\"it_IT\" \/>\n<meta property=\"og:type\" content=\"article\" \/>\n<meta property=\"og:title\" content=\"Cartoon Italia lancia l&#039;allarme per gli annunciati tagli della manovra\" \/>\n<meta property=\"og:description\" content=\"Cartoon Italia lancia l&#039;allarme per gli annunciati tagli della manovra \u2013 cartoon italia lancia lallarme per gli. L\u2019Associazione dei produttori italiani di\" \/>\n<meta property=\"og:url\" content=\"https:\/\/cinema.video\/it\/cartoon-italia-lancia-lallarme-per-gli-annunciati-tagli-della-manovra\" \/>\n<meta property=\"og:site_name\" content=\"Cinema &amp; Video International\" \/>\n<meta property=\"article:publisher\" content=\"https:\/\/www.facebook.com\/CinemaVideoInternational\/\" \/>\n<meta property=\"article:published_time\" content=\"2025-10-22T10:41:51+00:00\" \/>\n<meta property=\"article:modified_time\" content=\"2026-04-10T02:10:49+00:00\" \/>\n<meta property=\"og:image\" content=\"https:\/\/cinema.video\/wp-content\/uploads\/2025\/10\/Maria-Carolina-Terzi-scaled.jpg\" \/>\n\t<meta property=\"og:image:width\" content=\"2560\" \/>\n\t<meta property=\"og:image:height\" content=\"1743\" \/>\n\t<meta property=\"og:image:type\" content=\"image\/jpeg\" \/>\n<meta name=\"author\" content=\"Redazione\" \/>\n<meta name=\"twitter:card\" content=\"summary_large_image\" \/>\n<meta name=\"twitter:label1\" content=\"Scritto da\" \/>\n\t<meta name=\"twitter:data1\" content=\"Redazione\" \/>\n\t<meta name=\"twitter:label2\" content=\"Tempo di lettura stimato\" \/>\n\t<meta name=\"twitter:data2\" content=\"2 minuti\" \/>\n<script type=\"application\/ld+json\" class=\"yoast-schema-graph\">{\"@context\":\"https:\\\/\\\/schema.org\",\"@graph\":[{\"@type\":\"Article\",\"@id\":\"https:\\\/\\\/cinema.video\\\/it\\\/cartoon-italia-lancia-lallarme-per-gli-annunciati-tagli-della-manovra#article\",\"isPartOf\":{\"@id\":\"https:\\\/\\\/cinema.video\\\/it\\\/cartoon-italia-lancia-lallarme-per-gli-annunciati-tagli-della-manovra\"},\"author\":{\"name\":\"Redazione\",\"@id\":\"https:\\\/\\\/cinema.video\\\/it#\\\/schema\\\/person\\\/aeb01b91d874e8b01e76a1db04c668c6\"},\"headline\":\"Cartoon Italia lancia l&#8217;allarme per gli annunciati tagli della manovra\",\"datePublished\":\"2025-10-22T10:41:51+00:00\",\"dateModified\":\"2026-04-10T02:10:49+00:00\",\"mainEntityOfPage\":{\"@id\":\"https:\\\/\\\/cinema.video\\\/it\\\/cartoon-italia-lancia-lallarme-per-gli-annunciati-tagli-della-manovra\"},\"wordCount\":319,\"publisher\":{\"@id\":\"https:\\\/\\\/cinema.video\\\/it#organization\"},\"image\":{\"@id\":\"https:\\\/\\\/cinema.video\\\/it\\\/cartoon-italia-lancia-lallarme-per-gli-annunciati-tagli-della-manovra#primaryimage\"},\"thumbnailUrl\":\"https:\\\/\\\/cinema.video\\\/wp-content\\\/uploads\\\/2025\\\/10\\\/Maria-Carolina-Terzi-scaled.jpg\",\"keywords\":[\"ANIMATION\",\"Animazione\"],\"inLanguage\":\"it-IT\"},{\"@type\":\"WebPage\",\"@id\":\"https:\\\/\\\/cinema.video\\\/it\\\/cartoon-italia-lancia-lallarme-per-gli-annunciati-tagli-della-manovra\",\"url\":\"https:\\\/\\\/cinema.video\\\/it\\\/cartoon-italia-lancia-lallarme-per-gli-annunciati-tagli-della-manovra\",\"name\":\"Cartoon Italia lancia l'allarme per gli annunciati tagli della manovra - Cinema &amp; Video International\",\"isPartOf\":{\"@id\":\"https:\\\/\\\/cinema.video\\\/it#website\"},\"primaryImageOfPage\":{\"@id\":\"https:\\\/\\\/cinema.video\\\/it\\\/cartoon-italia-lancia-lallarme-per-gli-annunciati-tagli-della-manovra#primaryimage\"},\"image\":{\"@id\":\"https:\\\/\\\/cinema.video\\\/it\\\/cartoon-italia-lancia-lallarme-per-gli-annunciati-tagli-della-manovra#primaryimage\"},\"thumbnailUrl\":\"https:\\\/\\\/cinema.video\\\/wp-content\\\/uploads\\\/2025\\\/10\\\/Maria-Carolina-Terzi-scaled.jpg\",\"datePublished\":\"2025-10-22T10:41:51+00:00\",\"dateModified\":\"2026-04-10T02:10:49+00:00\",\"description\":\"Cartoon Italia lancia l'allarme per gli annunciati tagli della manovra \u2013 cartoon italia lancia lallarme per gli. L\u2019Associazione dei produttori italiani di\",\"breadcrumb\":{\"@id\":\"https:\\\/\\\/cinema.video\\\/it\\\/cartoon-italia-lancia-lallarme-per-gli-annunciati-tagli-della-manovra#breadcrumb\"},\"inLanguage\":\"it-IT\",\"potentialAction\":[{\"@type\":\"ReadAction\",\"target\":[\"https:\\\/\\\/cinema.video\\\/it\\\/cartoon-italia-lancia-lallarme-per-gli-annunciati-tagli-della-manovra\"]}]},{\"@type\":\"ImageObject\",\"inLanguage\":\"it-IT\",\"@id\":\"https:\\\/\\\/cinema.video\\\/it\\\/cartoon-italia-lancia-lallarme-per-gli-annunciati-tagli-della-manovra#primaryimage\",\"url\":\"https:\\\/\\\/cinema.video\\\/wp-content\\\/uploads\\\/2025\\\/10\\\/Maria-Carolina-Terzi-scaled.jpg\",\"contentUrl\":\"https:\\\/\\\/cinema.video\\\/wp-content\\\/uploads\\\/2025\\\/10\\\/Maria-Carolina-Terzi-scaled.jpg\",\"width\":2560,\"height\":1743},{\"@type\":\"BreadcrumbList\",\"@id\":\"https:\\\/\\\/cinema.video\\\/it\\\/cartoon-italia-lancia-lallarme-per-gli-annunciati-tagli-della-manovra#breadcrumb\",\"itemListElement\":[{\"@type\":\"ListItem\",\"position\":1,\"name\":\"Home\",\"item\":\"https:\\\/\\\/cinema.video\\\/it\\\/home-2\"},{\"@type\":\"ListItem\",\"position\":2,\"name\":\"Cartoon Italia lancia l&#8217;allarme per gli annunciati tagli della manovra\"}]},{\"@type\":\"WebSite\",\"@id\":\"https:\\\/\\\/cinema.video\\\/it#website\",\"url\":\"https:\\\/\\\/cinema.video\\\/it\",\"name\":\"Cinema & Video International\",\"description\":\"Film &amp; Audiovisual Industry Trade Magazine\",\"publisher\":{\"@id\":\"https:\\\/\\\/cinema.video\\\/it#organization\"},\"alternateName\":\"Cinema & Video\",\"potentialAction\":[{\"@type\":\"SearchAction\",\"target\":{\"@type\":\"EntryPoint\",\"urlTemplate\":\"https:\\\/\\\/cinema.video\\\/it?s={search_term_string}\"},\"query-input\":{\"@type\":\"PropertyValueSpecification\",\"valueRequired\":true,\"valueName\":\"search_term_string\"}}],\"inLanguage\":\"it-IT\"},{\"@type\":\"Organization\",\"@id\":\"https:\\\/\\\/cinema.video\\\/it#organization\",\"name\":\"Cinema & Video\",\"url\":\"https:\\\/\\\/cinema.video\\\/it\",\"logo\":{\"@type\":\"ImageObject\",\"inLanguage\":\"it-IT\",\"@id\":\"https:\\\/\\\/cinema.video\\\/it#\\\/schema\\\/logo\\\/image\\\/\",\"url\":\"https:\\\/\\\/cinema.video\\\/wp-content\\\/uploads\\\/2026\\\/04\\\/CinemVideo_LogoBlack.png\",\"contentUrl\":\"https:\\\/\\\/cinema.video\\\/wp-content\\\/uploads\\\/2026\\\/04\\\/CinemVideo_LogoBlack.png\",\"width\":1336,\"height\":224,\"caption\":\"Cinema & Video\"},\"image\":{\"@id\":\"https:\\\/\\\/cinema.video\\\/it#\\\/schema\\\/logo\\\/image\\\/\"},\"sameAs\":[\"https:\\\/\\\/www.facebook.com\\\/CinemaVideoInternational\\\/\",\"https:\\\/\\\/www.instagram.com\\\/cinemaevideointernational\\\/\",\"https:\\\/\\\/it.linkedin.com\\\/company\\\/cinema-video-international\"],\"description\":\"Media Consulting & Marketing Agency\",\"email\":\"hello@darostudio.com\",\"legalName\":\"DARO studio LLC\",\"foundingDate\":\"2021-02-16\",\"numberOfEmployees\":{\"@type\":\"QuantitativeValue\",\"minValue\":\"1\",\"maxValue\":\"10\"}},{\"@type\":\"Person\",\"@id\":\"https:\\\/\\\/cinema.video\\\/it#\\\/schema\\\/person\\\/aeb01b91d874e8b01e76a1db04c668c6\",\"name\":\"Redazione\",\"image\":{\"@type\":\"ImageObject\",\"inLanguage\":\"it-IT\",\"@id\":\"https:\\\/\\\/secure.gravatar.com\\\/avatar\\\/06ad6f92eb14745b75fb592cadf8139d33242d81c9c8b085133c450aaf0b9731?s=96&d=mm&r=g\",\"url\":\"https:\\\/\\\/secure.gravatar.com\\\/avatar\\\/06ad6f92eb14745b75fb592cadf8139d33242d81c9c8b085133c450aaf0b9731?s=96&d=mm&r=g\",\"contentUrl\":\"https:\\\/\\\/secure.gravatar.com\\\/avatar\\\/06ad6f92eb14745b75fb592cadf8139d33242d81c9c8b085133c450aaf0b9731?s=96&d=mm&r=g\",\"caption\":\"Redazione\"},\"url\":\"https:\\\/\\\/cinema.video\\\/it\\\/author\\\/redazione\"}]}<\/script>\n<!-- \/ Yoast SEO Premium plugin. -->","yoast_head_json":{"title":"Cartoon Italia lancia l'allarme per gli annunciati tagli della manovra - Cinema &amp; Video International","description":"Cartoon Italia lancia l'allarme per gli annunciati tagli della manovra \u2013 cartoon italia lancia lallarme per gli. L\u2019Associazione dei produttori italiani di","robots":{"index":"index","follow":"follow","max-snippet":"max-snippet:-1","max-image-preview":"max-image-preview:large","max-video-preview":"max-video-preview:-1"},"canonical":"https:\/\/cinema.video\/it\/cartoon-italia-lancia-lallarme-per-gli-annunciati-tagli-della-manovra","og_locale":"it_IT","og_type":"article","og_title":"Cartoon Italia lancia l'allarme per gli annunciati tagli della manovra","og_description":"Cartoon Italia lancia l'allarme per gli annunciati tagli della manovra \u2013 cartoon italia lancia lallarme per gli. L\u2019Associazione dei produttori italiani di","og_url":"https:\/\/cinema.video\/it\/cartoon-italia-lancia-lallarme-per-gli-annunciati-tagli-della-manovra","og_site_name":"Cinema &amp; Video International","article_publisher":"https:\/\/www.facebook.com\/CinemaVideoInternational\/","article_published_time":"2025-10-22T10:41:51+00:00","article_modified_time":"2026-04-10T02:10:49+00:00","og_image":[{"width":2560,"height":1743,"url":"https:\/\/cinema.video\/wp-content\/uploads\/2025\/10\/Maria-Carolina-Terzi-scaled.jpg","type":"image\/jpeg"}],"author":"Redazione","twitter_card":"summary_large_image","twitter_misc":{"Scritto da":"Redazione","Tempo di lettura stimato":"2 minuti"},"schema":{"@context":"https:\/\/schema.org","@graph":[{"@type":"Article","@id":"https:\/\/cinema.video\/it\/cartoon-italia-lancia-lallarme-per-gli-annunciati-tagli-della-manovra#article","isPartOf":{"@id":"https:\/\/cinema.video\/it\/cartoon-italia-lancia-lallarme-per-gli-annunciati-tagli-della-manovra"},"author":{"name":"Redazione","@id":"https:\/\/cinema.video\/it#\/schema\/person\/aeb01b91d874e8b01e76a1db04c668c6"},"headline":"Cartoon Italia lancia l&#8217;allarme per gli annunciati tagli della manovra","datePublished":"2025-10-22T10:41:51+00:00","dateModified":"2026-04-10T02:10:49+00:00","mainEntityOfPage":{"@id":"https:\/\/cinema.video\/it\/cartoon-italia-lancia-lallarme-per-gli-annunciati-tagli-della-manovra"},"wordCount":319,"publisher":{"@id":"https:\/\/cinema.video\/it#organization"},"image":{"@id":"https:\/\/cinema.video\/it\/cartoon-italia-lancia-lallarme-per-gli-annunciati-tagli-della-manovra#primaryimage"},"thumbnailUrl":"https:\/\/cinema.video\/wp-content\/uploads\/2025\/10\/Maria-Carolina-Terzi-scaled.jpg","keywords":["ANIMATION","Animazione"],"inLanguage":"it-IT"},{"@type":"WebPage","@id":"https:\/\/cinema.video\/it\/cartoon-italia-lancia-lallarme-per-gli-annunciati-tagli-della-manovra","url":"https:\/\/cinema.video\/it\/cartoon-italia-lancia-lallarme-per-gli-annunciati-tagli-della-manovra","name":"Cartoon Italia lancia l'allarme per gli annunciati tagli della manovra - Cinema &amp; Video International","isPartOf":{"@id":"https:\/\/cinema.video\/it#website"},"primaryImageOfPage":{"@id":"https:\/\/cinema.video\/it\/cartoon-italia-lancia-lallarme-per-gli-annunciati-tagli-della-manovra#primaryimage"},"image":{"@id":"https:\/\/cinema.video\/it\/cartoon-italia-lancia-lallarme-per-gli-annunciati-tagli-della-manovra#primaryimage"},"thumbnailUrl":"https:\/\/cinema.video\/wp-content\/uploads\/2025\/10\/Maria-Carolina-Terzi-scaled.jpg","datePublished":"2025-10-22T10:41:51+00:00","dateModified":"2026-04-10T02:10:49+00:00","description":"Cartoon Italia lancia l'allarme per gli annunciati tagli della manovra \u2013 cartoon italia lancia lallarme per gli. L\u2019Associazione dei produttori italiani di","breadcrumb":{"@id":"https:\/\/cinema.video\/it\/cartoon-italia-lancia-lallarme-per-gli-annunciati-tagli-della-manovra#breadcrumb"},"inLanguage":"it-IT","potentialAction":[{"@type":"ReadAction","target":["https:\/\/cinema.video\/it\/cartoon-italia-lancia-lallarme-per-gli-annunciati-tagli-della-manovra"]}]},{"@type":"ImageObject","inLanguage":"it-IT","@id":"https:\/\/cinema.video\/it\/cartoon-italia-lancia-lallarme-per-gli-annunciati-tagli-della-manovra#primaryimage","url":"https:\/\/cinema.video\/wp-content\/uploads\/2025\/10\/Maria-Carolina-Terzi-scaled.jpg","contentUrl":"https:\/\/cinema.video\/wp-content\/uploads\/2025\/10\/Maria-Carolina-Terzi-scaled.jpg","width":2560,"height":1743},{"@type":"BreadcrumbList","@id":"https:\/\/cinema.video\/it\/cartoon-italia-lancia-lallarme-per-gli-annunciati-tagli-della-manovra#breadcrumb","itemListElement":[{"@type":"ListItem","position":1,"name":"Home","item":"https:\/\/cinema.video\/it\/home-2"},{"@type":"ListItem","position":2,"name":"Cartoon Italia lancia l&#8217;allarme per gli annunciati tagli della manovra"}]},{"@type":"WebSite","@id":"https:\/\/cinema.video\/it#website","url":"https:\/\/cinema.video\/it","name":"Cinema & Video International","description":"Film &amp; Audiovisual Industry Trade Magazine","publisher":{"@id":"https:\/\/cinema.video\/it#organization"},"alternateName":"Cinema & Video","potentialAction":[{"@type":"SearchAction","target":{"@type":"EntryPoint","urlTemplate":"https:\/\/cinema.video\/it?s={search_term_string}"},"query-input":{"@type":"PropertyValueSpecification","valueRequired":true,"valueName":"search_term_string"}}],"inLanguage":"it-IT"},{"@type":"Organization","@id":"https:\/\/cinema.video\/it#organization","name":"Cinema & Video","url":"https:\/\/cinema.video\/it","logo":{"@type":"ImageObject","inLanguage":"it-IT","@id":"https:\/\/cinema.video\/it#\/schema\/logo\/image\/","url":"https:\/\/cinema.video\/wp-content\/uploads\/2026\/04\/CinemVideo_LogoBlack.png","contentUrl":"https:\/\/cinema.video\/wp-content\/uploads\/2026\/04\/CinemVideo_LogoBlack.png","width":1336,"height":224,"caption":"Cinema & Video"},"image":{"@id":"https:\/\/cinema.video\/it#\/schema\/logo\/image\/"},"sameAs":["https:\/\/www.facebook.com\/CinemaVideoInternational\/","https:\/\/www.instagram.com\/cinemaevideointernational\/","https:\/\/it.linkedin.com\/company\/cinema-video-international"],"description":"Media Consulting & Marketing Agency","email":"hello@darostudio.com","legalName":"DARO studio LLC","foundingDate":"2021-02-16","numberOfEmployees":{"@type":"QuantitativeValue","minValue":"1","maxValue":"10"}},{"@type":"Person","@id":"https:\/\/cinema.video\/it#\/schema\/person\/aeb01b91d874e8b01e76a1db04c668c6","name":"Redazione","image":{"@type":"ImageObject","inLanguage":"it-IT","@id":"https:\/\/secure.gravatar.com\/avatar\/06ad6f92eb14745b75fb592cadf8139d33242d81c9c8b085133c450aaf0b9731?s=96&d=mm&r=g","url":"https:\/\/secure.gravatar.com\/avatar\/06ad6f92eb14745b75fb592cadf8139d33242d81c9c8b085133c450aaf0b9731?s=96&d=mm&r=g","contentUrl":"https:\/\/secure.gravatar.com\/avatar\/06ad6f92eb14745b75fb592cadf8139d33242d81c9c8b085133c450aaf0b9731?s=96&d=mm&r=g","caption":"Redazione"},"url":"https:\/\/cinema.video\/it\/author\/redazione"}]}},"jetpack_featured_media_url":"https:\/\/cinema.video\/wp-content\/uploads\/2025\/10\/Maria-Carolina-Terzi-scaled.jpg","jetpack_shortlink":"https:\/\/wp.me\/ph672m-1ghm","_links":{"self":[{"href":"https:\/\/cinema.video\/it\/wp-json\/wp\/v2\/posts\/300908","targetHints":{"allow":["GET"]}}],"collection":[{"href":"https:\/\/cinema.video\/it\/wp-json\/wp\/v2\/posts"}],"about":[{"href":"https:\/\/cinema.video\/it\/wp-json\/wp\/v2\/types\/post"}],"author":[{"embeddable":true,"href":"https:\/\/cinema.video\/it\/wp-json\/wp\/v2\/users\/26"}],"replies":[{"embeddable":true,"href":"https:\/\/cinema.video\/it\/wp-json\/wp\/v2\/comments?post=300908"}],"version-history":[{"count":1,"href":"https:\/\/cinema.video\/it\/wp-json\/wp\/v2\/posts\/300908\/revisions"}],"predecessor-version":[{"id":309786,"href":"https:\/\/cinema.video\/it\/wp-json\/wp\/v2\/posts\/300908\/revisions\/309786"}],"wp:featuredmedia":[{"embeddable":true,"href":"https:\/\/cinema.video\/it\/wp-json\/wp\/v2\/media\/300911"}],"wp:attachment":[{"href":"https:\/\/cinema.video\/it\/wp-json\/wp\/v2\/media?parent=300908"}],"wp:term":[{"taxonomy":"category","embeddable":true,"href":"https:\/\/cinema.video\/it\/wp-json\/wp\/v2\/categories?post=300908"},{"taxonomy":"post_tag","embeddable":true,"href":"https:\/\/cinema.video\/it\/wp-json\/wp\/v2\/tags?post=300908"}],"curies":[{"name":"wp","href":"https:\/\/api.w.org\/{rel}","templated":true}]}}