{"id":300728,"date":"2025-10-09T12:55:45","date_gmt":"2025-10-09T10:55:45","guid":{"rendered":"https:\/\/cinema.video\/?p=300728"},"modified":"2026-04-27T12:02:31","modified_gmt":"2026-04-27T17:02:31","slug":"idm-fondo-per-le-candidature-a-premi-e-festival-internazionali","status":"publish","type":"post","link":"https:\/\/cinema.video\/it\/idm-fondo-per-le-candidature-a-premi-e-festival-internazionali","title":{"rendered":"IDM con Vermiglio un fondo per le candidature internazionali"},"content":{"rendered":"\r\n<p class=\"wp-block-paragraph\">Un nuovo fondo da 290 mila euro l\u2019anno che potr\u00e0 coprire fino al 50% delle spese per sostenere le candidature dei film finanziati dal Fondo di <strong>IDM Film &amp; Music Commission S\u00fcdtirol<\/strong> ai pi\u00f9 importanti premi internazionali, quali gli Oscar, gli EFA e ai festival di Berlino, Cannes e Venezia. E\u2019 nato in occasione della candidatura di <strong><em>Vermiglio <\/em><\/strong>di Maura Delpero, candidato italiano agli EFA e agli Oscar: ne ha parlato <strong>Francesca Andreoli<\/strong>, produttrice del film (con <strong>Cinedora<\/strong>) all\u2019interno del panel<strong><em> The Great (South Tyrolean) Beauty <\/em><\/strong>che si \u00e8 tenuto oggi, 9 ottobre al MIA.<\/p>\r\n\r\n\r\n\r\n<p class=\"wp-block-paragraph\">E&#8217; una delle novit\u00e0, assieme al fondo dedicato alla musica, della struttura guidata da maggio scorso da <strong>Renate Ranze<\/strong> (<strong><a href=\"https:\/\/cinema.video\/idm-film-music-commission-sudtirol\">leggi qui<\/a><\/strong>).<\/p>\r\n\r\n\r\n\r\n<p class=\"wp-block-paragraph\">\u201cLa campagna Oscar \u00e8 strutturata in tour internazionali si USA e Europa e comporta un enorme logistico organizzativo: IDM ha capito subito la problematica e la nostra necessit\u00e0 di risorse: basti pensare che noi abbiamo avuto a disposizione un budget totale di 500 mila euro, mentre per un film come <em>Emilia Perez<\/em> Netflix ha stanziato 50 milioni \u201d .<\/p>\r\n\r\n\r\n\r\n<p class=\"wp-block-paragraph\"><em>Vermiglio<\/em> \u00e8 stato un film che, su carta, \u201cfarebbe fuggire un produttore-, prosegue Andreoli, ma le sue difficolt\u00e0 sono diventate paradossalmente i suoi punti di forza: la scelta linguistica del dialetto, gli attori non professionisti, un film in costume ambientato in tempo di guerra senza che questa si vedesse mai.\u201d<\/p>\r\n\r\n\r\n\r\n<p class=\"wp-block-paragraph\">\u00a0Altre risorse preziose sono state il fatto di lavorare con una troupe mista, in una co-produzione che ha coinvolto anche il Belgio e la Francia, oltre a due film commission che si sono integrate a favore del progetto (quella del Trentino, oltre a IDM). E una decisa presenza femminile sul set, anche in reparti a cui le donne storicamente accedono pi\u00f9 difficilmente: \u201cabbiamo avuto macchiniste, elettriciste, fotografe.\u201d<\/p>\r\n\r\n\r\n\r\n<p class=\"wp-block-paragraph\">L\u2019importanza di impiegare e formare giovani donne, seguendo l\u2019esempio della film commission altoatesina \u00e8 stato sottolineato con vigore anche da<strong> Carlo Cresto Dina<\/strong>, produttore con la sua <strong>tempesta<\/strong>, di<strong><em> Elisa<\/em><\/strong> di Leonardo Di Costanzo, girato in Alto Adige, con un supporto del fondo di 500 mila euro, \u201ca fronte dei quali abbiamo speso quasi un milione sul territorio, dando lavoro a 25 persone e contribuendo alla crescita delle maestranze locali che \u00e8 una delle due cose preziose che una struttura come IDM permette.\u201d<\/p>\r\n\r\n\r\n\r\n<figure class=\"wp-block-image size-large\"><img loading=\"lazy\" decoding=\"async\" width=\"1024\" height=\"577\" class=\"wp-image-300730\" src=\"https:\/\/cinema.video\/wp-content\/uploads\/2025\/10\/20251009_100837-1024x577.jpg\" alt=\"\" \/>\r\n<figcaption class=\"wp-element-caption\">Da sx: Renate Ranzi, Carlo Cresto Dina, Francesca Andreoli, Markus Frings e Alessandra De Luca, che ha moderato il panel<\/figcaption>\r\n<\/figure>\r\n\r\n\r\n\r\n<p class=\"wp-block-paragraph\">L\u2019altra, \u201cche tutte le film commission dovrebbero cercare di ottenere, \u00e8 la continuit\u00e0 del loro intervento: bisogna convincere i politici che dargliela \u00e8 fondamentale per costruire una struttura interna di professioniste (uso molto volentieri il femminile in questo caso!) competenti che capiscono esigenze e difficolt\u00e0 tempi del il nostro lavoro.\u201d<\/p>\r\n\r\n\r\n\r\n<p class=\"wp-block-paragraph\"><br \/>Il produttore altoatesino <strong>Markus Frings<\/strong>, CEO di<strong> movie.mento<\/strong> che ha realizzato la serie tv <strong><em>Von Fock<\/em><\/strong>, girata principalmente al castello di Campo Tures in co-produzione con l\u2019Estonia e la Lettonia, si considera \u201cun po\u2019 il prodotto di quella \u2018coltivazione di maestranze locali\u2019 di cui parla Carlo Cresto Dina. \u201cHo iniziato nel 2019 con un documentario su Reinhold Messner e adesso sono orgogliosamente diventato il presidente dell\u2019associazione dei produttori altoatesini, con cui abbiamo deciso di unire le forze anche in partnership con IDM per diventare un punto di riferimento per la produzione audiovisiva in questo territorio, collegamento ideale fra il Nord e il Sud Europa, grazie anche alle nostre capacit\u00e0 multilingusitiche e multiculturali.\u201d<\/p>\r\n\r\n\r\n\r\n<figure class=\"wp-block-image size-large\"><img loading=\"lazy\" decoding=\"async\" width=\"1024\" height=\"577\" class=\"wp-image-300731\" src=\"https:\/\/cinema.video\/wp-content\/uploads\/2025\/10\/20251009_103346-1024x577.jpg\" alt=\"\" \/><\/figure>\r\n","protected":false},"excerpt":{"rendered":"<p>La candidatura agli Oscar di Vermiglio ha portato IDM a istituire un fondo dedicato alle campagne per premi e festival internazionali: ne ha parlato Francesca Andreoli al panel del MIA &#8220;The Great (South Tyrolean) Beauty&#8221;<\/p>\n","protected":false},"author":2,"featured_media":300729,"comment_status":"closed","ping_status":"closed","sticky":false,"template":"","format":"standard","meta":{"googlesitekit_rrm_CAow3e7fCw:productID":"","_crdt_document":"","footnotes":""},"categories":[1],"tags":[1598],"class_list":{"0":"post-300728","1":"post","2":"type-post","3":"status-publish","4":"format-standard","5":"has-post-thumbnail","7":"category-senza-categoria","8":"tag-idm-film-music-commission-sudtirol"},"yoast_head":"<!-- This site is optimized with the Yoast SEO Premium plugin v27.4 (Yoast SEO v27.5) - https:\/\/yoast.com\/product\/yoast-seo-premium-wordpress\/ -->\n<title>IDM con Vermiglio un fondo per le candidature internazionali - Cinema &amp; Video International<\/title>\n<meta name=\"description\" content=\"IDM con Vermiglio un fondo per le candidature internazionali \u2013 idm con vermiglio un fondo per. Un nuovo fondo da 290 mila euro l\u2019anno che potr\u00e0 coprire fi\" \/>\n<meta name=\"robots\" content=\"index, follow, max-snippet:-1, max-image-preview:large, max-video-preview:-1\" \/>\n<link rel=\"canonical\" href=\"https:\/\/cinema.video\/it\/idm-fondo-per-le-candidature-a-premi-e-festival-internazionali\" \/>\n<meta property=\"og:locale\" content=\"it_IT\" \/>\n<meta property=\"og:type\" content=\"article\" \/>\n<meta property=\"og:title\" content=\"IDM con Vermiglio un fondo per le candidature internazionali\" \/>\n<meta property=\"og:description\" content=\"IDM con Vermiglio un fondo per le candidature internazionali \u2013 idm con vermiglio un fondo per. Un nuovo fondo da 290 mila euro l\u2019anno che potr\u00e0 coprire fi\" \/>\n<meta property=\"og:url\" content=\"https:\/\/cinema.video\/it\/idm-fondo-per-le-candidature-a-premi-e-festival-internazionali\" \/>\n<meta property=\"og:site_name\" content=\"Cinema &amp; Video International\" \/>\n<meta property=\"article:publisher\" content=\"https:\/\/www.facebook.com\/CinemaVideoInternational\/\" \/>\n<meta property=\"article:published_time\" content=\"2025-10-09T10:55:45+00:00\" \/>\n<meta property=\"article:modified_time\" content=\"2026-04-27T17:02:31+00:00\" \/>\n<meta property=\"og:image\" content=\"https:\/\/cinema.video\/wp-content\/uploads\/2025\/10\/20251009_102641-scaled-e1760007038482.jpg\" \/>\n\t<meta property=\"og:image:width\" content=\"800\" \/>\n\t<meta property=\"og:image:height\" content=\"450\" \/>\n\t<meta property=\"og:image:type\" content=\"image\/jpeg\" \/>\n<meta name=\"author\" content=\"Carolina Mancini\" \/>\n<meta name=\"twitter:card\" content=\"summary_large_image\" \/>\n<meta name=\"twitter:label1\" content=\"Scritto da\" \/>\n\t<meta name=\"twitter:data1\" content=\"Carolina Mancini\" \/>\n\t<meta name=\"twitter:label2\" content=\"Tempo di lettura stimato\" \/>\n\t<meta name=\"twitter:data2\" content=\"4 minuti\" \/>\n<script type=\"application\/ld+json\" class=\"yoast-schema-graph\">{\"@context\":\"https:\\\/\\\/schema.org\",\"@graph\":[{\"@type\":\"Article\",\"@id\":\"https:\\\/\\\/cinema.video\\\/it\\\/idm-fondo-per-le-candidature-a-premi-e-festival-internazionali#article\",\"isPartOf\":{\"@id\":\"https:\\\/\\\/cinema.video\\\/it\\\/idm-fondo-per-le-candidature-a-premi-e-festival-internazionali\"},\"author\":{\"name\":\"Carolina Mancini\",\"@id\":\"https:\\\/\\\/cinema.video\\\/it#\\\/schema\\\/person\\\/d5479fad8d0f2360000eb4aab6bb6e5d\"},\"headline\":\"IDM con Vermiglio un fondo per le candidature internazionali\",\"datePublished\":\"2025-10-09T10:55:45+00:00\",\"dateModified\":\"2026-04-27T17:02:31+00:00\",\"mainEntityOfPage\":{\"@id\":\"https:\\\/\\\/cinema.video\\\/it\\\/idm-fondo-per-le-candidature-a-premi-e-festival-internazionali\"},\"wordCount\":558,\"publisher\":{\"@id\":\"https:\\\/\\\/cinema.video\\\/it#organization\"},\"image\":{\"@id\":\"https:\\\/\\\/cinema.video\\\/it\\\/idm-fondo-per-le-candidature-a-premi-e-festival-internazionali#primaryimage\"},\"thumbnailUrl\":\"https:\\\/\\\/cinema.video\\\/wp-content\\\/uploads\\\/2025\\\/10\\\/20251009_102641-scaled-e1760007038482.jpg\",\"keywords\":[\"IDM FIlm &amp; Music Commission S\u00fcdtirol\"],\"inLanguage\":\"it-IT\"},{\"@type\":\"WebPage\",\"@id\":\"https:\\\/\\\/cinema.video\\\/it\\\/idm-fondo-per-le-candidature-a-premi-e-festival-internazionali\",\"url\":\"https:\\\/\\\/cinema.video\\\/it\\\/idm-fondo-per-le-candidature-a-premi-e-festival-internazionali\",\"name\":\"IDM con Vermiglio un fondo per le candidature internazionali - Cinema &amp; Video International\",\"isPartOf\":{\"@id\":\"https:\\\/\\\/cinema.video\\\/it#website\"},\"primaryImageOfPage\":{\"@id\":\"https:\\\/\\\/cinema.video\\\/it\\\/idm-fondo-per-le-candidature-a-premi-e-festival-internazionali#primaryimage\"},\"image\":{\"@id\":\"https:\\\/\\\/cinema.video\\\/it\\\/idm-fondo-per-le-candidature-a-premi-e-festival-internazionali#primaryimage\"},\"thumbnailUrl\":\"https:\\\/\\\/cinema.video\\\/wp-content\\\/uploads\\\/2025\\\/10\\\/20251009_102641-scaled-e1760007038482.jpg\",\"datePublished\":\"2025-10-09T10:55:45+00:00\",\"dateModified\":\"2026-04-27T17:02:31+00:00\",\"description\":\"IDM con Vermiglio un fondo per le candidature internazionali \u2013 idm con vermiglio un fondo per. Un nuovo fondo da 290 mila euro l\u2019anno che potr\u00e0 coprire fi\",\"breadcrumb\":{\"@id\":\"https:\\\/\\\/cinema.video\\\/it\\\/idm-fondo-per-le-candidature-a-premi-e-festival-internazionali#breadcrumb\"},\"inLanguage\":\"it-IT\",\"potentialAction\":[{\"@type\":\"ReadAction\",\"target\":[\"https:\\\/\\\/cinema.video\\\/it\\\/idm-fondo-per-le-candidature-a-premi-e-festival-internazionali\"]}]},{\"@type\":\"ImageObject\",\"inLanguage\":\"it-IT\",\"@id\":\"https:\\\/\\\/cinema.video\\\/it\\\/idm-fondo-per-le-candidature-a-premi-e-festival-internazionali#primaryimage\",\"url\":\"https:\\\/\\\/cinema.video\\\/wp-content\\\/uploads\\\/2025\\\/10\\\/20251009_102641-scaled-e1760007038482.jpg\",\"contentUrl\":\"https:\\\/\\\/cinema.video\\\/wp-content\\\/uploads\\\/2025\\\/10\\\/20251009_102641-scaled-e1760007038482.jpg\",\"width\":800,\"height\":450,\"caption\":\"La candidatura agli Oscar di Vermiglio ha portato IDM a istituire un fondo dedicato alle campagne per premi e festival internazionali: ne ha parlato Francesca Andreoli al panel del MIA \\\"The Great (South Tyrolean) Beauty\\\"\"},{\"@type\":\"BreadcrumbList\",\"@id\":\"https:\\\/\\\/cinema.video\\\/it\\\/idm-fondo-per-le-candidature-a-premi-e-festival-internazionali#breadcrumb\",\"itemListElement\":[{\"@type\":\"ListItem\",\"position\":1,\"name\":\"Home\",\"item\":\"https:\\\/\\\/cinema.video\\\/it\\\/home-2\"},{\"@type\":\"ListItem\",\"position\":2,\"name\":\"IDM con Vermiglio un fondo per le candidature internazionali\"}]},{\"@type\":\"WebSite\",\"@id\":\"https:\\\/\\\/cinema.video\\\/it#website\",\"url\":\"https:\\\/\\\/cinema.video\\\/it\",\"name\":\"Cinema & Video International\",\"description\":\"Film &amp; Audiovisual Industry Trade Magazine\",\"publisher\":{\"@id\":\"https:\\\/\\\/cinema.video\\\/it#organization\"},\"alternateName\":\"Cinema & Video\",\"potentialAction\":[{\"@type\":\"SearchAction\",\"target\":{\"@type\":\"EntryPoint\",\"urlTemplate\":\"https:\\\/\\\/cinema.video\\\/it?s={search_term_string}\"},\"query-input\":{\"@type\":\"PropertyValueSpecification\",\"valueRequired\":true,\"valueName\":\"search_term_string\"}}],\"inLanguage\":\"it-IT\"},{\"@type\":\"Organization\",\"@id\":\"https:\\\/\\\/cinema.video\\\/it#organization\",\"name\":\"Cinema & Video\",\"url\":\"https:\\\/\\\/cinema.video\\\/it\",\"logo\":{\"@type\":\"ImageObject\",\"inLanguage\":\"it-IT\",\"@id\":\"https:\\\/\\\/cinema.video\\\/it#\\\/schema\\\/logo\\\/image\\\/\",\"url\":\"https:\\\/\\\/cinema.video\\\/wp-content\\\/uploads\\\/2026\\\/04\\\/CinemVideo_LogoBlack.png\",\"contentUrl\":\"https:\\\/\\\/cinema.video\\\/wp-content\\\/uploads\\\/2026\\\/04\\\/CinemVideo_LogoBlack.png\",\"width\":1336,\"height\":224,\"caption\":\"Cinema & Video\"},\"image\":{\"@id\":\"https:\\\/\\\/cinema.video\\\/it#\\\/schema\\\/logo\\\/image\\\/\"},\"sameAs\":[\"https:\\\/\\\/www.facebook.com\\\/CinemaVideoInternational\\\/\",\"https:\\\/\\\/www.instagram.com\\\/cinemaevideointernational\\\/\",\"https:\\\/\\\/it.linkedin.com\\\/company\\\/cinema-video-international\"],\"description\":\"Media Consulting & Marketing Agency\",\"email\":\"hello@darostudio.com\",\"legalName\":\"DARO studio LLC\",\"foundingDate\":\"2021-02-16\",\"numberOfEmployees\":{\"@type\":\"QuantitativeValue\",\"minValue\":\"1\",\"maxValue\":\"10\"}},{\"@type\":\"Person\",\"@id\":\"https:\\\/\\\/cinema.video\\\/it#\\\/schema\\\/person\\\/d5479fad8d0f2360000eb4aab6bb6e5d\",\"name\":\"Carolina Mancini\",\"image\":{\"@type\":\"ImageObject\",\"inLanguage\":\"it-IT\",\"@id\":\"https:\\\/\\\/secure.gravatar.com\\\/avatar\\\/d4758965c5e8730dbaaa7131a628547771a26c1e5bf14fe323d96f8246a62baf?s=96&d=mm&r=g\",\"url\":\"https:\\\/\\\/secure.gravatar.com\\\/avatar\\\/d4758965c5e8730dbaaa7131a628547771a26c1e5bf14fe323d96f8246a62baf?s=96&d=mm&r=g\",\"contentUrl\":\"https:\\\/\\\/secure.gravatar.com\\\/avatar\\\/d4758965c5e8730dbaaa7131a628547771a26c1e5bf14fe323d96f8246a62baf?s=96&d=mm&r=g\",\"caption\":\"Carolina Mancini\"},\"url\":\"https:\\\/\\\/cinema.video\\\/it\\\/author\\\/carolin\"}]}<\/script>\n<!-- \/ Yoast SEO Premium plugin. -->","yoast_head_json":{"title":"IDM con Vermiglio un fondo per le candidature internazionali - Cinema &amp; Video International","description":"IDM con Vermiglio un fondo per le candidature internazionali \u2013 idm con vermiglio un fondo per. Un nuovo fondo da 290 mila euro l\u2019anno che potr\u00e0 coprire fi","robots":{"index":"index","follow":"follow","max-snippet":"max-snippet:-1","max-image-preview":"max-image-preview:large","max-video-preview":"max-video-preview:-1"},"canonical":"https:\/\/cinema.video\/it\/idm-fondo-per-le-candidature-a-premi-e-festival-internazionali","og_locale":"it_IT","og_type":"article","og_title":"IDM con Vermiglio un fondo per le candidature internazionali","og_description":"IDM con Vermiglio un fondo per le candidature internazionali \u2013 idm con vermiglio un fondo per. Un nuovo fondo da 290 mila euro l\u2019anno che potr\u00e0 coprire fi","og_url":"https:\/\/cinema.video\/it\/idm-fondo-per-le-candidature-a-premi-e-festival-internazionali","og_site_name":"Cinema &amp; Video International","article_publisher":"https:\/\/www.facebook.com\/CinemaVideoInternational\/","article_published_time":"2025-10-09T10:55:45+00:00","article_modified_time":"2026-04-27T17:02:31+00:00","og_image":[{"width":800,"height":450,"url":"https:\/\/cinema.video\/wp-content\/uploads\/2025\/10\/20251009_102641-scaled-e1760007038482.jpg","type":"image\/jpeg"}],"author":"Carolina Mancini","twitter_card":"summary_large_image","twitter_misc":{"Scritto da":"Carolina Mancini","Tempo di lettura stimato":"4 minuti"},"schema":{"@context":"https:\/\/schema.org","@graph":[{"@type":"Article","@id":"https:\/\/cinema.video\/it\/idm-fondo-per-le-candidature-a-premi-e-festival-internazionali#article","isPartOf":{"@id":"https:\/\/cinema.video\/it\/idm-fondo-per-le-candidature-a-premi-e-festival-internazionali"},"author":{"name":"Carolina Mancini","@id":"https:\/\/cinema.video\/it#\/schema\/person\/d5479fad8d0f2360000eb4aab6bb6e5d"},"headline":"IDM con Vermiglio un fondo per le candidature internazionali","datePublished":"2025-10-09T10:55:45+00:00","dateModified":"2026-04-27T17:02:31+00:00","mainEntityOfPage":{"@id":"https:\/\/cinema.video\/it\/idm-fondo-per-le-candidature-a-premi-e-festival-internazionali"},"wordCount":558,"publisher":{"@id":"https:\/\/cinema.video\/it#organization"},"image":{"@id":"https:\/\/cinema.video\/it\/idm-fondo-per-le-candidature-a-premi-e-festival-internazionali#primaryimage"},"thumbnailUrl":"https:\/\/cinema.video\/wp-content\/uploads\/2025\/10\/20251009_102641-scaled-e1760007038482.jpg","keywords":["IDM FIlm &amp; Music Commission S\u00fcdtirol"],"inLanguage":"it-IT"},{"@type":"WebPage","@id":"https:\/\/cinema.video\/it\/idm-fondo-per-le-candidature-a-premi-e-festival-internazionali","url":"https:\/\/cinema.video\/it\/idm-fondo-per-le-candidature-a-premi-e-festival-internazionali","name":"IDM con Vermiglio un fondo per le candidature internazionali - Cinema &amp; Video International","isPartOf":{"@id":"https:\/\/cinema.video\/it#website"},"primaryImageOfPage":{"@id":"https:\/\/cinema.video\/it\/idm-fondo-per-le-candidature-a-premi-e-festival-internazionali#primaryimage"},"image":{"@id":"https:\/\/cinema.video\/it\/idm-fondo-per-le-candidature-a-premi-e-festival-internazionali#primaryimage"},"thumbnailUrl":"https:\/\/cinema.video\/wp-content\/uploads\/2025\/10\/20251009_102641-scaled-e1760007038482.jpg","datePublished":"2025-10-09T10:55:45+00:00","dateModified":"2026-04-27T17:02:31+00:00","description":"IDM con Vermiglio un fondo per le candidature internazionali \u2013 idm con vermiglio un fondo per. Un nuovo fondo da 290 mila euro l\u2019anno che potr\u00e0 coprire fi","breadcrumb":{"@id":"https:\/\/cinema.video\/it\/idm-fondo-per-le-candidature-a-premi-e-festival-internazionali#breadcrumb"},"inLanguage":"it-IT","potentialAction":[{"@type":"ReadAction","target":["https:\/\/cinema.video\/it\/idm-fondo-per-le-candidature-a-premi-e-festival-internazionali"]}]},{"@type":"ImageObject","inLanguage":"it-IT","@id":"https:\/\/cinema.video\/it\/idm-fondo-per-le-candidature-a-premi-e-festival-internazionali#primaryimage","url":"https:\/\/cinema.video\/wp-content\/uploads\/2025\/10\/20251009_102641-scaled-e1760007038482.jpg","contentUrl":"https:\/\/cinema.video\/wp-content\/uploads\/2025\/10\/20251009_102641-scaled-e1760007038482.jpg","width":800,"height":450,"caption":"La candidatura agli Oscar di Vermiglio ha portato IDM a istituire un fondo dedicato alle campagne per premi e festival internazionali: ne ha parlato Francesca Andreoli al panel del MIA \"The Great (South Tyrolean) Beauty\""},{"@type":"BreadcrumbList","@id":"https:\/\/cinema.video\/it\/idm-fondo-per-le-candidature-a-premi-e-festival-internazionali#breadcrumb","itemListElement":[{"@type":"ListItem","position":1,"name":"Home","item":"https:\/\/cinema.video\/it\/home-2"},{"@type":"ListItem","position":2,"name":"IDM con Vermiglio un fondo per le candidature internazionali"}]},{"@type":"WebSite","@id":"https:\/\/cinema.video\/it#website","url":"https:\/\/cinema.video\/it","name":"Cinema & Video International","description":"Film &amp; Audiovisual Industry Trade Magazine","publisher":{"@id":"https:\/\/cinema.video\/it#organization"},"alternateName":"Cinema & Video","potentialAction":[{"@type":"SearchAction","target":{"@type":"EntryPoint","urlTemplate":"https:\/\/cinema.video\/it?s={search_term_string}"},"query-input":{"@type":"PropertyValueSpecification","valueRequired":true,"valueName":"search_term_string"}}],"inLanguage":"it-IT"},{"@type":"Organization","@id":"https:\/\/cinema.video\/it#organization","name":"Cinema & Video","url":"https:\/\/cinema.video\/it","logo":{"@type":"ImageObject","inLanguage":"it-IT","@id":"https:\/\/cinema.video\/it#\/schema\/logo\/image\/","url":"https:\/\/cinema.video\/wp-content\/uploads\/2026\/04\/CinemVideo_LogoBlack.png","contentUrl":"https:\/\/cinema.video\/wp-content\/uploads\/2026\/04\/CinemVideo_LogoBlack.png","width":1336,"height":224,"caption":"Cinema & Video"},"image":{"@id":"https:\/\/cinema.video\/it#\/schema\/logo\/image\/"},"sameAs":["https:\/\/www.facebook.com\/CinemaVideoInternational\/","https:\/\/www.instagram.com\/cinemaevideointernational\/","https:\/\/it.linkedin.com\/company\/cinema-video-international"],"description":"Media Consulting & Marketing Agency","email":"hello@darostudio.com","legalName":"DARO studio LLC","foundingDate":"2021-02-16","numberOfEmployees":{"@type":"QuantitativeValue","minValue":"1","maxValue":"10"}},{"@type":"Person","@id":"https:\/\/cinema.video\/it#\/schema\/person\/d5479fad8d0f2360000eb4aab6bb6e5d","name":"Carolina Mancini","image":{"@type":"ImageObject","inLanguage":"it-IT","@id":"https:\/\/secure.gravatar.com\/avatar\/d4758965c5e8730dbaaa7131a628547771a26c1e5bf14fe323d96f8246a62baf?s=96&d=mm&r=g","url":"https:\/\/secure.gravatar.com\/avatar\/d4758965c5e8730dbaaa7131a628547771a26c1e5bf14fe323d96f8246a62baf?s=96&d=mm&r=g","contentUrl":"https:\/\/secure.gravatar.com\/avatar\/d4758965c5e8730dbaaa7131a628547771a26c1e5bf14fe323d96f8246a62baf?s=96&d=mm&r=g","caption":"Carolina Mancini"},"url":"https:\/\/cinema.video\/it\/author\/carolin"}]}},"jetpack_featured_media_url":"https:\/\/cinema.video\/wp-content\/uploads\/2025\/10\/20251009_102641-scaled-e1760007038482.jpg","jetpack_shortlink":"https:\/\/wp.me\/ph672m-1ges","_links":{"self":[{"href":"https:\/\/cinema.video\/it\/wp-json\/wp\/v2\/posts\/300728","targetHints":{"allow":["GET"]}}],"collection":[{"href":"https:\/\/cinema.video\/it\/wp-json\/wp\/v2\/posts"}],"about":[{"href":"https:\/\/cinema.video\/it\/wp-json\/wp\/v2\/types\/post"}],"author":[{"embeddable":true,"href":"https:\/\/cinema.video\/it\/wp-json\/wp\/v2\/users\/2"}],"replies":[{"embeddable":true,"href":"https:\/\/cinema.video\/it\/wp-json\/wp\/v2\/comments?post=300728"}],"version-history":[{"count":2,"href":"https:\/\/cinema.video\/it\/wp-json\/wp\/v2\/posts\/300728\/revisions"}],"predecessor-version":[{"id":310801,"href":"https:\/\/cinema.video\/it\/wp-json\/wp\/v2\/posts\/300728\/revisions\/310801"}],"wp:featuredmedia":[{"embeddable":true,"href":"https:\/\/cinema.video\/it\/wp-json\/wp\/v2\/media\/300729"}],"wp:attachment":[{"href":"https:\/\/cinema.video\/it\/wp-json\/wp\/v2\/media?parent=300728"}],"wp:term":[{"taxonomy":"category","embeddable":true,"href":"https:\/\/cinema.video\/it\/wp-json\/wp\/v2\/categories?post=300728"},{"taxonomy":"post_tag","embeddable":true,"href":"https:\/\/cinema.video\/it\/wp-json\/wp\/v2\/tags?post=300728"}],"curies":[{"name":"wp","href":"https:\/\/api.w.org\/{rel}","templated":true}]}}