{"id":300698,"date":"2025-10-06T13:54:22","date_gmt":"2025-10-06T11:54:22","guid":{"rendered":"https:\/\/cinema.video\/?p=300698"},"modified":"2026-04-10T04:10:29","modified_gmt":"2026-04-10T02:10:29","slug":"mia-11-edizione-nuovo-dg","status":"publish","type":"post","link":"https:\/\/cinema.video\/it\/mia-11-edizione-nuovo-dg","title":{"rendered":"Aperta l&#8217;11\u00b0 edizione. Borgonzoni entro il fine settimana il nuovo DG"},"content":{"rendered":"\n<p class=\"wp-block-paragraph\">Si apre oggi il <strong>MIA, il Mercato Internazionale dell\u2019Audiovisivo Italiano<\/strong>: l\u201911\u00b0 edizione si svolger\u00e0 fra Palazzo e il Cinema Barberini fino al 10 ottobre, diretta da<strong> Gaia Tridente<\/strong>, che ha anticipato gli highlights del programma.<\/p>\n\n\n\n<p class=\"wp-block-paragraph\">\u201cUn evento fondamentale per la nostra industria e la sua promozione all\u2019estero, che sempre pi\u00f9 dobbiamo impegnarci a strutturare in maniera coordinata\u201d. Ha dichiarato il Sottosegretario alla Cultura <strong>Lucia Borgonzoni,<\/strong> ricordando l\u2019accordo per la promozione internazionale recentemente firmato da Ministero della Cultura -DGCA\u00a0 e ICE, \u201cche vien in seguito ad un altro accordo siglato nel 2024 anche con il Ministero degli Esteri.\u201d<\/p>\n\n\n\n<p class=\"wp-block-paragraph\">Inoltre, ha annunciato Borgonzoni: \u201ccredo che entro il fine settimana avremo il nome del nuovo direttore generale. Intanto abbiamo gi\u00e0 programmato il prossimo incontro per parlare di tax credit: inizieremo dai produttori e poi incontrer\u00f2 tutte le singole associazioni per affrontare i loro specifici problemi.<\/p>\n\n\n\n<p class=\"wp-block-paragraph\">Anche il direttore dell\u2019ICE, <strong>Lorenzo Galanti <\/strong>ha sottolineato l\u2019importanza dell\u2019accordo firmato con la DGCA al fine\u00a0 di strutturare una collaborazione sempre pi\u00f9 coordinata, e ha ricordato i 264 operatori provenienti da 53 paesi che ICE ha \u2018portato\u2019 al MIA. Altra collaborazione importante, precisa infine Galanti, \u00e8 quella con le film commission. <strong>Roma Lazio Film Commission<\/strong>, fra l\u2019altro, \u00e8 da quest\u2019anno fra gli sponsor ufficiali del MIA: <strong>Lorenza Lei <\/strong>\u00e8 intervenuta nella doppia veste di AD della Fondazione e delegata del presidente della Regione, Francesco Rocca, di cui la RLFC \u00e8 organo in house. Lei ha citato il nuovo <strong>BAF Book Adaptation Right Forum<\/strong> (\u201clo abbiamo sostenuto con grande tenacia, e da giurata mi sembra che il livello degli editori sia molto buono\u201d), e per tutte le novit\u00e0 e le opportunit\u00e0 offerte dalla Fondazione ha rimandato all\u2019appuntamento del 9 ottobre al MIA (ore 17).<\/p>\n\n\n\n<p class=\"wp-block-paragraph\">\u201cIl settore audiovisivo genera una fatturato di circa&nbsp; 1,9 miliardi come produzione, e sono quasi 6 miliardi i fatturati aggregati, per questo \u00e8 uno dei pilastri dell\u2019industria italiana, che vogliamo continuare a finanziare. E ci sono fattori che rendono sostenibile questo finanziamento\u201d. Lo ha detto <strong>Roberto Fiorini<\/strong>, Regional Manager per il Centro Italia di Unicredit, che ne parler\u00e0 questo pomeriggio, nel panel <strong><em>Il futuro non aspetta.<\/em><\/strong><em>&nbsp;<\/em><\/p>\n\n\n\n<p class=\"wp-block-paragraph\">Uno dei temi del panel sar\u00e0 anche la dimensione delle imprese: piccole e medie solitamente quelle della produzione italiana, ma con ambizione di crescita. Il MIA \u00e8 uno strumento di questo processo: quello riuscito meglio, secondo <strong>Chiara Sbarigia<\/strong>, presidente di <strong>APA<\/strong>, che assieme a <strong>ANICA<\/strong> organizza e promuove il mercato. \u201cCon ANICA abbiamo sempre cercato di mettere al centro il produttore, le sue relazioni e la sua capacit\u00e0 di raccontare i suoi progetti al mercato internazionale: il riconoscimento del produttore indipendente non \u00e8 solo economico, ma anche culturale perch\u00e9 il&nbsp; loro ruolo creativo \u00e8 fondamentale .\u201d<\/p>\n\n\n\n<p class=\"wp-block-paragraph\"><strong>Alessandro Usai,<\/strong> presidente di ANICA ha evidenziato come l\u2019eccezionalit\u00e0 del MIA sia anche nella sua capacit\u00e0 di innovarsi, stando al passo con l\u2019evoluzione dei mercati audiovisivi, che da \u201cmomenti in cui si faceva vedere il prodotto finito che veniva scambiato fra paesi, sono diventati anche momenti di networking, in cui si parla dei progetti a venire, di coproduzioni possibili\u2026e si cerca di accorciare la distanza fra chi il prodotto lo fa e chi lo compra.\u201d<\/p>\n\n\n\n<figure class=\"wp-block-image size-large\"><img loading=\"lazy\" decoding=\"async\" width=\"1024\" height=\"683\" src=\"https:\/\/cinema.video\/wp-content\/uploads\/2025\/10\/L.-Galanti-L.-Lei-G.-Tridente-A.-Usai-C.-Sbarigia-R.-Fiorini-1024x683.jpg\" alt=\"\" class=\"wp-image-300700\" srcset=\"https:\/\/cinema.video\/wp-content\/uploads\/2025\/10\/L.-Galanti-L.-Lei-G.-Tridente-A.-Usai-C.-Sbarigia-R.-Fiorini.jpg 1024w, https:\/\/cinema.video\/wp-content\/uploads\/2025\/10\/L.-Galanti-L.-Lei-G.-Tridente-A.-Usai-C.-Sbarigia-R.-Fiorini.jpg 300w, https:\/\/cinema.video\/wp-content\/uploads\/2025\/10\/L.-Galanti-L.-Lei-G.-Tridente-A.-Usai-C.-Sbarigia-R.-Fiorini.jpg 768w, https:\/\/cinema.video\/wp-content\/uploads\/2025\/10\/L.-Galanti-L.-Lei-G.-Tridente-A.-Usai-C.-Sbarigia-R.-Fiorini.jpg 630w, https:\/\/cinema.video\/wp-content\/uploads\/2025\/10\/L.-Galanti-L.-Lei-G.-Tridente-A.-Usai-C.-Sbarigia-R.-Fiorini.jpg 150w, https:\/\/cinema.video\/wp-content\/uploads\/2025\/10\/L.-Galanti-L.-Lei-G.-Tridente-A.-Usai-C.-Sbarigia-R.-Fiorini.jpg 696w, https:\/\/cinema.video\/wp-content\/uploads\/2025\/10\/L.-Galanti-L.-Lei-G.-Tridente-A.-Usai-C.-Sbarigia-R.-Fiorini.jpg 1068w, https:\/\/cinema.video\/wp-content\/uploads\/2025\/10\/L.-Galanti-L.-Lei-G.-Tridente-A.-Usai-C.-Sbarigia-R.-Fiorini.jpg 1080w\" sizes=\"auto, (max-width: 696px) 100vw, 696px\" \/><figcaption class=\"wp-element-caption\">Da sx: Lorenzo Galanti, Lorenza Lei, Gaia Tridente, Alessandro Usai, Chiara Sbarigia, Roberto Fiorini<\/figcaption><\/figure>\n\n\n\n<p class=\"wp-block-paragraph\">Gaia Tridente ha poi parlato degli appuntamenti pi\u00f9 importanti del programma, partendo dalle quattro divisioni editoriali. L\u2019animazione \u00e8 quella pi\u00f9 \u2018giovane\u2019, guidata da <strong>Carla Vulpiano e Federica Pazzano<\/strong>, quest\u2019anno offrir\u00e0 un forum che riunir\u00e0&nbsp; tutti i principali broadcaster europei dedicati alla produzione per bambini. La divisione Drama, diretta da <strong>Paolo Ciccarelli,<\/strong> far\u00e0 una panoramica sui principali broadcaster del nord europa con <strong><em>The Nordic BLueprint<\/em><\/strong>, e poi torner\u00e0 in Italia per parlare con Sky e con alcuni produttori delle serie nostrane pi\u00f9 di successo. \u201cUn incontro estremamente interessante sar\u00e0 quello in cui varie professioniste dell\u2019industria commenteranno il dato, recentemente uscito da uno studio dell\u2019Osservatorio Audiovisivo Europeo, secondo cui solo il 27% delle donne \u00e8 attivo nell\u2019industria audiovisiva europa (B<strong><em>eyond 27%: Shaping European Drama<\/em><\/strong>: l\u20198 ottobre alle 12).<\/p>\n\n\n\n<p class=\"wp-block-paragraph\">Uno degli eventi pi\u00f9 attesi della Divisione Doc &amp;Factual guadata da Marco Spagnoli, \u00e8 l\u2019incontro con <strong>Thom Timmy <\/strong>regista del doc su Bruce Sprengsteen.<\/p>\n\n\n\n<p class=\"wp-block-paragraph\">La divisione Film, guidata da <strong>Francesca Palleschi e Alessia De Vito<\/strong>, presenter\u00e0, fra le altre cose un panel sul finanziamento cinematografico (<strong><em>Follow the Money: Navigating Global Film Financing and Packaging: <\/em><\/strong>l\u20198 ottobre alle 15) a cui prenderanno parte il produttore brasiliano Rodrigo Texieria che ha prodotto il film premio Oscar<em> I am still here<\/em>, UTA, e&nbsp; agenzie di equity financing come il fondo finlandese IPR.VC.<\/p>\n\n\n\n<p class=\"wp-block-paragraph\">E ancora, sul fronte dell\u2019innovazione, gli <strong>workshops sull\u2019AI <\/strong>che seguono tutta la catena di valore dell\u2019industria. Quasi sold out, rivela Tridente. Attesissimo anche il gi\u00e0 citato Book Adaptation Forum.<\/p>\n\n\n\n<p class=\"wp-block-paragraph\">Novit\u00e0 \u00e8 anche <strong>Apollo Series<\/strong>, il workshop di alta formazione nato in collaborazione con Series Mania, e G\u00f6teborg la TV Drama Vision del Gotheborg Film Festival. O <strong>UNBOX Short Film Days<\/strong> \u201cche quest\u2019anno entrano a pieno titolo nelle dinamiche e negli spazi di mercato con la presentazione di&nbsp; 9 progetti che provengono da talenti del cortometraggio.&#8221;<\/p>\n","protected":false},"excerpt":{"rendered":"<p>Si apre oggi, 6 ottobre, l&#8217;11\u00b0 edizione del MIA diretta da Gaia Tridente, promossa da ANICA e APA. Borgonzoni annuncia: a giorni il nuovo DG<\/p>\n","protected":false},"author":26,"featured_media":300699,"comment_status":"closed","ping_status":"closed","sticky":false,"template":"","format":"standard","meta":{"googlesitekit_rrm_CAow3e7fCw:productID":"","_wpcom_ai_launchpad_first_post":false,"footnotes":"","jetpack_post_was_ever_published":false},"categories":[1],"tags":[356],"class_list":["post-300698","post","type-post","status-publish","format-standard","has-post-thumbnail","category-senza-categoria","tag-focus"],"yoast_head":"<!-- This site is optimized with the Yoast SEO Premium plugin v28.3 (Yoast SEO v28.3) - https:\/\/yoast.com\/product\/yoast-seo-premium-wordpress\/ -->\n<title>Aperta l&#039;11\u00b0 edizione. Borgonzoni entro il fine settimana il nuovo DG - Cinema &amp; Video International<\/title>\n<meta name=\"description\" content=\"Aperta l&#039;11\u00b0 edizione. Borgonzoni entro il fine settimana il nuovo DG \u2013 aperta l11 edizione borgonzoni entro il. Si apre oggi il MIA, il Mercato Internazi\" \/>\n<meta name=\"robots\" content=\"index, follow, max-snippet:-1, max-image-preview:large, max-video-preview:-1\" \/>\n<link rel=\"canonical\" href=\"https:\/\/cinema.video\/it\/mia-11-edizione-nuovo-dg\" \/>\n<meta property=\"og:locale\" content=\"it_IT\" \/>\n<meta property=\"og:type\" content=\"article\" \/>\n<meta property=\"og:title\" content=\"Aperta l&#039;11\u00b0 edizione. Borgonzoni entro il fine settimana il nuovo DG\" \/>\n<meta property=\"og:description\" content=\"Aperta l&#039;11\u00b0 edizione. Borgonzoni entro il fine settimana il nuovo DG \u2013 aperta l11 edizione borgonzoni entro il. Si apre oggi il MIA, il Mercato Internazi\" \/>\n<meta property=\"og:url\" content=\"https:\/\/cinema.video\/it\/mia-11-edizione-nuovo-dg\" \/>\n<meta property=\"og:site_name\" content=\"Cinema &amp; Video International\" \/>\n<meta property=\"article:publisher\" content=\"https:\/\/www.facebook.com\/CinemaVideoInternational\/\" \/>\n<meta property=\"article:published_time\" content=\"2025-10-06T11:54:22+00:00\" \/>\n<meta property=\"article:modified_time\" content=\"2026-04-10T02:10:29+00:00\" \/>\n<meta property=\"og:image\" content=\"https:\/\/cinema.video\/wp-content\/uploads\/2025\/10\/20251006_112403-scaled-e1759751483471.jpg\" \/>\n\t<meta property=\"og:image:width\" content=\"800\" \/>\n\t<meta property=\"og:image:height\" content=\"450\" \/>\n\t<meta property=\"og:image:type\" content=\"image\/jpeg\" \/>\n<meta name=\"author\" content=\"Editorial\" \/>\n<meta name=\"twitter:card\" content=\"summary_large_image\" \/>\n<meta name=\"twitter:label1\" content=\"Scritto da\" \/>\n\t<meta name=\"twitter:data1\" content=\"Editorial\" \/>\n\t<meta name=\"twitter:label2\" content=\"Tempo di lettura stimato\" \/>\n\t<meta name=\"twitter:data2\" content=\"5 minuti\" \/>\n<script type=\"application\/ld+json\" class=\"yoast-schema-graph\">{\"@context\":\"https:\\\/\\\/schema.org\",\"@graph\":[{\"@type\":\"Article\",\"@id\":\"https:\\\/\\\/cinema.video\\\/it\\\/mia-11-edizione-nuovo-dg#article\",\"isPartOf\":{\"@id\":\"https:\\\/\\\/cinema.video\\\/it\\\/mia-11-edizione-nuovo-dg\"},\"author\":{\"name\":\"Editorial\",\"@id\":\"https:\\\/\\\/cinema.video\\\/it#\\\/schema\\\/person\\\/aeb01b91d874e8b01e76a1db04c668c6\"},\"headline\":\"Aperta l&#8217;11\u00b0 edizione. Borgonzoni entro il fine settimana il nuovo DG\",\"datePublished\":\"2025-10-06T11:54:22+00:00\",\"dateModified\":\"2026-04-10T02:10:29+00:00\",\"mainEntityOfPage\":{\"@id\":\"https:\\\/\\\/cinema.video\\\/it\\\/mia-11-edizione-nuovo-dg\"},\"wordCount\":854,\"publisher\":{\"@id\":\"https:\\\/\\\/cinema.video\\\/it#organization\"},\"image\":{\"@id\":\"https:\\\/\\\/cinema.video\\\/it\\\/mia-11-edizione-nuovo-dg#primaryimage\"},\"thumbnailUrl\":\"https:\\\/\\\/cinema.video\\\/wp-content\\\/uploads\\\/2025\\\/10\\\/20251006_112403-scaled-e1759751483471.jpg\",\"keywords\":[\"focus\"],\"inLanguage\":\"it-IT\"},{\"@type\":\"WebPage\",\"@id\":\"https:\\\/\\\/cinema.video\\\/it\\\/mia-11-edizione-nuovo-dg\",\"url\":\"https:\\\/\\\/cinema.video\\\/it\\\/mia-11-edizione-nuovo-dg\",\"name\":\"Aperta l'11\u00b0 edizione. Borgonzoni entro il fine settimana il nuovo DG - Cinema &amp; Video International\",\"isPartOf\":{\"@id\":\"https:\\\/\\\/cinema.video\\\/it#website\"},\"primaryImageOfPage\":{\"@id\":\"https:\\\/\\\/cinema.video\\\/it\\\/mia-11-edizione-nuovo-dg#primaryimage\"},\"image\":{\"@id\":\"https:\\\/\\\/cinema.video\\\/it\\\/mia-11-edizione-nuovo-dg#primaryimage\"},\"thumbnailUrl\":\"https:\\\/\\\/cinema.video\\\/wp-content\\\/uploads\\\/2025\\\/10\\\/20251006_112403-scaled-e1759751483471.jpg\",\"datePublished\":\"2025-10-06T11:54:22+00:00\",\"dateModified\":\"2026-04-10T02:10:29+00:00\",\"description\":\"Aperta l'11\u00b0 edizione. Borgonzoni entro il fine settimana il nuovo DG \u2013 aperta l11 edizione borgonzoni entro il. Si apre oggi il MIA, il Mercato Internazi\",\"breadcrumb\":{\"@id\":\"https:\\\/\\\/cinema.video\\\/it\\\/mia-11-edizione-nuovo-dg#breadcrumb\"},\"inLanguage\":\"it-IT\",\"potentialAction\":[{\"@type\":\"ReadAction\",\"target\":[\"https:\\\/\\\/cinema.video\\\/it\\\/mia-11-edizione-nuovo-dg\"]}]},{\"@type\":\"ImageObject\",\"inLanguage\":\"it-IT\",\"@id\":\"https:\\\/\\\/cinema.video\\\/it\\\/mia-11-edizione-nuovo-dg#primaryimage\",\"url\":\"https:\\\/\\\/cinema.video\\\/wp-content\\\/uploads\\\/2025\\\/10\\\/20251006_112403-scaled-e1759751483471.jpg\",\"contentUrl\":\"https:\\\/\\\/cinema.video\\\/wp-content\\\/uploads\\\/2025\\\/10\\\/20251006_112403-scaled-e1759751483471.jpg\",\"width\":800,\"height\":450,\"caption\":\"Si apre oggi, 6 ottobre, l'11\u00b0 edizione del MIA diretta da Gaia Tridente, promossa da ANICA e APA. Borgonzoni annuncia: a giorni il nuovo DG\"},{\"@type\":\"BreadcrumbList\",\"@id\":\"https:\\\/\\\/cinema.video\\\/it\\\/mia-11-edizione-nuovo-dg#breadcrumb\",\"itemListElement\":[{\"@type\":\"ListItem\",\"position\":1,\"name\":\"Home\",\"item\":\"https:\\\/\\\/cinema.video\\\/it\"},{\"@type\":\"ListItem\",\"position\":2,\"name\":\"Aperta l&#8217;11\u00b0 edizione. Borgonzoni entro il fine settimana il nuovo DG\"}]},{\"@type\":\"WebSite\",\"@id\":\"https:\\\/\\\/cinema.video\\\/it#website\",\"url\":\"https:\\\/\\\/cinema.video\\\/it\",\"name\":\"Cinema & Video International\",\"description\":\"Film &amp; Audiovisual B2B Industry Trade Platform Magazine\",\"publisher\":{\"@id\":\"https:\\\/\\\/cinema.video\\\/it#organization\"},\"alternateName\":\"Cinema & Video\",\"potentialAction\":[{\"@type\":\"SearchAction\",\"target\":{\"@type\":\"EntryPoint\",\"urlTemplate\":\"https:\\\/\\\/cinema.video\\\/it?s={search_term_string}\"},\"query-input\":{\"@type\":\"PropertyValueSpecification\",\"valueRequired\":true,\"valueName\":\"search_term_string\"}}],\"inLanguage\":\"it-IT\"},{\"@type\":\"Organization\",\"@id\":\"https:\\\/\\\/cinema.video\\\/it#organization\",\"name\":\"Cinema & Video\",\"url\":\"https:\\\/\\\/cinema.video\\\/it\",\"logo\":{\"@type\":\"ImageObject\",\"inLanguage\":\"it-IT\",\"@id\":\"https:\\\/\\\/cinema.video\\\/it#\\\/schema\\\/logo\\\/image\\\/\",\"url\":\"https:\\\/\\\/cinema.video\\\/wp-content\\\/uploads\\\/2026\\\/04\\\/CinemVideo_LogoBlack.png\",\"contentUrl\":\"https:\\\/\\\/cinema.video\\\/wp-content\\\/uploads\\\/2026\\\/04\\\/CinemVideo_LogoBlack.png\",\"width\":1336,\"height\":224,\"caption\":\"Cinema & Video\"},\"image\":{\"@id\":\"https:\\\/\\\/cinema.video\\\/it#\\\/schema\\\/logo\\\/image\\\/\"},\"sameAs\":[\"https:\\\/\\\/www.facebook.com\\\/CinemaVideoInternational\\\/\",\"https:\\\/\\\/www.instagram.com\\\/cinemaevideointernational\\\/\",\"https:\\\/\\\/it.linkedin.com\\\/company\\\/cinema-video-international\"],\"description\":\"Media Consulting & Marketing Agency\",\"email\":\"hello@darostudio.com\",\"legalName\":\"DARO studio LLC\",\"foundingDate\":\"2021-02-16\",\"numberOfEmployees\":{\"@type\":\"QuantitativeValue\",\"minValue\":\"1\",\"maxValue\":\"10\"},\"publishingPrinciples\":\"https:\\\/\\\/cinema.video\\\/about\"},{\"@type\":\"Person\",\"@id\":\"https:\\\/\\\/cinema.video\\\/it#\\\/schema\\\/person\\\/aeb01b91d874e8b01e76a1db04c668c6\",\"name\":\"Editorial\",\"image\":{\"@type\":\"ImageObject\",\"inLanguage\":\"it-IT\",\"@id\":\"https:\\\/\\\/secure.gravatar.com\\\/avatar\\\/06ad6f92eb14745b75fb592cadf8139d33242d81c9c8b085133c450aaf0b9731?s=96&d=mm&r=g\",\"url\":\"https:\\\/\\\/secure.gravatar.com\\\/avatar\\\/06ad6f92eb14745b75fb592cadf8139d33242d81c9c8b085133c450aaf0b9731?s=96&d=mm&r=g\",\"contentUrl\":\"https:\\\/\\\/secure.gravatar.com\\\/avatar\\\/06ad6f92eb14745b75fb592cadf8139d33242d81c9c8b085133c450aaf0b9731?s=96&d=mm&r=g\",\"caption\":\"Editorial\"},\"url\":\"https:\\\/\\\/cinema.video\\\/it\\\/author\\\/redazione\"}]}<\/script>\n<!-- \/ Yoast SEO Premium plugin. -->","yoast_head_json":{"title":"Aperta l'11\u00b0 edizione. Borgonzoni entro il fine settimana il nuovo DG - Cinema &amp; Video International","description":"Aperta l'11\u00b0 edizione. Borgonzoni entro il fine settimana il nuovo DG \u2013 aperta l11 edizione borgonzoni entro il. Si apre oggi il MIA, il Mercato Internazi","robots":{"index":"index","follow":"follow","max-snippet":"max-snippet:-1","max-image-preview":"max-image-preview:large","max-video-preview":"max-video-preview:-1"},"canonical":"https:\/\/cinema.video\/it\/mia-11-edizione-nuovo-dg","og_locale":"it_IT","og_type":"article","og_title":"Aperta l'11\u00b0 edizione. Borgonzoni entro il fine settimana il nuovo DG","og_description":"Aperta l'11\u00b0 edizione. Borgonzoni entro il fine settimana il nuovo DG \u2013 aperta l11 edizione borgonzoni entro il. Si apre oggi il MIA, il Mercato Internazi","og_url":"https:\/\/cinema.video\/it\/mia-11-edizione-nuovo-dg","og_site_name":"Cinema &amp; Video International","article_publisher":"https:\/\/www.facebook.com\/CinemaVideoInternational\/","article_published_time":"2025-10-06T11:54:22+00:00","article_modified_time":"2026-04-10T02:10:29+00:00","og_image":[{"width":800,"height":450,"url":"https:\/\/cinema.video\/wp-content\/uploads\/2025\/10\/20251006_112403-scaled-e1759751483471.jpg","type":"image\/jpeg"}],"author":"Editorial","twitter_card":"summary_large_image","twitter_misc":{"Scritto da":"Editorial","Tempo di lettura stimato":"5 minuti"},"schema":{"@context":"https:\/\/schema.org","@graph":[{"@type":"Article","@id":"https:\/\/cinema.video\/it\/mia-11-edizione-nuovo-dg#article","isPartOf":{"@id":"https:\/\/cinema.video\/it\/mia-11-edizione-nuovo-dg"},"author":{"name":"Editorial","@id":"https:\/\/cinema.video\/it#\/schema\/person\/aeb01b91d874e8b01e76a1db04c668c6"},"headline":"Aperta l&#8217;11\u00b0 edizione. Borgonzoni entro il fine settimana il nuovo DG","datePublished":"2025-10-06T11:54:22+00:00","dateModified":"2026-04-10T02:10:29+00:00","mainEntityOfPage":{"@id":"https:\/\/cinema.video\/it\/mia-11-edizione-nuovo-dg"},"wordCount":854,"publisher":{"@id":"https:\/\/cinema.video\/it#organization"},"image":{"@id":"https:\/\/cinema.video\/it\/mia-11-edizione-nuovo-dg#primaryimage"},"thumbnailUrl":"https:\/\/cinema.video\/wp-content\/uploads\/2025\/10\/20251006_112403-scaled-e1759751483471.jpg","keywords":["focus"],"inLanguage":"it-IT"},{"@type":"WebPage","@id":"https:\/\/cinema.video\/it\/mia-11-edizione-nuovo-dg","url":"https:\/\/cinema.video\/it\/mia-11-edizione-nuovo-dg","name":"Aperta l'11\u00b0 edizione. Borgonzoni entro il fine settimana il nuovo DG - Cinema &amp; Video International","isPartOf":{"@id":"https:\/\/cinema.video\/it#website"},"primaryImageOfPage":{"@id":"https:\/\/cinema.video\/it\/mia-11-edizione-nuovo-dg#primaryimage"},"image":{"@id":"https:\/\/cinema.video\/it\/mia-11-edizione-nuovo-dg#primaryimage"},"thumbnailUrl":"https:\/\/cinema.video\/wp-content\/uploads\/2025\/10\/20251006_112403-scaled-e1759751483471.jpg","datePublished":"2025-10-06T11:54:22+00:00","dateModified":"2026-04-10T02:10:29+00:00","description":"Aperta l'11\u00b0 edizione. Borgonzoni entro il fine settimana il nuovo DG \u2013 aperta l11 edizione borgonzoni entro il. Si apre oggi il MIA, il Mercato Internazi","breadcrumb":{"@id":"https:\/\/cinema.video\/it\/mia-11-edizione-nuovo-dg#breadcrumb"},"inLanguage":"it-IT","potentialAction":[{"@type":"ReadAction","target":["https:\/\/cinema.video\/it\/mia-11-edizione-nuovo-dg"]}]},{"@type":"ImageObject","inLanguage":"it-IT","@id":"https:\/\/cinema.video\/it\/mia-11-edizione-nuovo-dg#primaryimage","url":"https:\/\/cinema.video\/wp-content\/uploads\/2025\/10\/20251006_112403-scaled-e1759751483471.jpg","contentUrl":"https:\/\/cinema.video\/wp-content\/uploads\/2025\/10\/20251006_112403-scaled-e1759751483471.jpg","width":800,"height":450,"caption":"Si apre oggi, 6 ottobre, l'11\u00b0 edizione del MIA diretta da Gaia Tridente, promossa da ANICA e APA. Borgonzoni annuncia: a giorni il nuovo DG"},{"@type":"BreadcrumbList","@id":"https:\/\/cinema.video\/it\/mia-11-edizione-nuovo-dg#breadcrumb","itemListElement":[{"@type":"ListItem","position":1,"name":"Home","item":"https:\/\/cinema.video\/it"},{"@type":"ListItem","position":2,"name":"Aperta l&#8217;11\u00b0 edizione. Borgonzoni entro il fine settimana il nuovo DG"}]},{"@type":"WebSite","@id":"https:\/\/cinema.video\/it#website","url":"https:\/\/cinema.video\/it","name":"Cinema & Video International","description":"Film &amp; Audiovisual B2B Industry Trade Platform Magazine","publisher":{"@id":"https:\/\/cinema.video\/it#organization"},"alternateName":"Cinema & Video","potentialAction":[{"@type":"SearchAction","target":{"@type":"EntryPoint","urlTemplate":"https:\/\/cinema.video\/it?s={search_term_string}"},"query-input":{"@type":"PropertyValueSpecification","valueRequired":true,"valueName":"search_term_string"}}],"inLanguage":"it-IT"},{"@type":"Organization","@id":"https:\/\/cinema.video\/it#organization","name":"Cinema & Video","url":"https:\/\/cinema.video\/it","logo":{"@type":"ImageObject","inLanguage":"it-IT","@id":"https:\/\/cinema.video\/it#\/schema\/logo\/image\/","url":"https:\/\/cinema.video\/wp-content\/uploads\/2026\/04\/CinemVideo_LogoBlack.png","contentUrl":"https:\/\/cinema.video\/wp-content\/uploads\/2026\/04\/CinemVideo_LogoBlack.png","width":1336,"height":224,"caption":"Cinema & Video"},"image":{"@id":"https:\/\/cinema.video\/it#\/schema\/logo\/image\/"},"sameAs":["https:\/\/www.facebook.com\/CinemaVideoInternational\/","https:\/\/www.instagram.com\/cinemaevideointernational\/","https:\/\/it.linkedin.com\/company\/cinema-video-international"],"description":"Media Consulting & Marketing Agency","email":"hello@darostudio.com","legalName":"DARO studio LLC","foundingDate":"2021-02-16","numberOfEmployees":{"@type":"QuantitativeValue","minValue":"1","maxValue":"10"},"publishingPrinciples":"https:\/\/cinema.video\/about"},{"@type":"Person","@id":"https:\/\/cinema.video\/it#\/schema\/person\/aeb01b91d874e8b01e76a1db04c668c6","name":"Editorial","image":{"@type":"ImageObject","inLanguage":"it-IT","@id":"https:\/\/secure.gravatar.com\/avatar\/06ad6f92eb14745b75fb592cadf8139d33242d81c9c8b085133c450aaf0b9731?s=96&d=mm&r=g","url":"https:\/\/secure.gravatar.com\/avatar\/06ad6f92eb14745b75fb592cadf8139d33242d81c9c8b085133c450aaf0b9731?s=96&d=mm&r=g","contentUrl":"https:\/\/secure.gravatar.com\/avatar\/06ad6f92eb14745b75fb592cadf8139d33242d81c9c8b085133c450aaf0b9731?s=96&d=mm&r=g","caption":"Editorial"},"url":"https:\/\/cinema.video\/it\/author\/redazione"}]}},"jetpack_shortlink":"https:\/\/wp.me\/ph672m-1gdY","jetpack_featured_media_url":"https:\/\/cinema.video\/wp-content\/uploads\/2025\/10\/20251006_112403-scaled-e1759751483471.jpg","_links":{"self":[{"href":"https:\/\/cinema.video\/it\/wp-json\/wp\/v2\/posts\/300698","targetHints":{"allow":["GET"]}}],"collection":[{"href":"https:\/\/cinema.video\/it\/wp-json\/wp\/v2\/posts"}],"about":[{"href":"https:\/\/cinema.video\/it\/wp-json\/wp\/v2\/types\/post"}],"author":[{"embeddable":true,"href":"https:\/\/cinema.video\/it\/wp-json\/wp\/v2\/users\/26"}],"replies":[{"embeddable":true,"href":"https:\/\/cinema.video\/it\/wp-json\/wp\/v2\/comments?post=300698"}],"version-history":[{"count":1,"href":"https:\/\/cinema.video\/it\/wp-json\/wp\/v2\/posts\/300698\/revisions"}],"predecessor-version":[{"id":309758,"href":"https:\/\/cinema.video\/it\/wp-json\/wp\/v2\/posts\/300698\/revisions\/309758"}],"wp:featuredmedia":[{"embeddable":true,"href":"https:\/\/cinema.video\/it\/wp-json\/wp\/v2\/media\/300699"}],"wp:attachment":[{"href":"https:\/\/cinema.video\/it\/wp-json\/wp\/v2\/media?parent=300698"}],"wp:term":[{"taxonomy":"category","embeddable":true,"href":"https:\/\/cinema.video\/it\/wp-json\/wp\/v2\/categories?post=300698"},{"taxonomy":"post_tag","embeddable":true,"href":"https:\/\/cinema.video\/it\/wp-json\/wp\/v2\/tags?post=300698"}],"curies":[{"name":"wp","href":"https:\/\/api.w.org\/{rel}","templated":true}]}}