{"id":300538,"date":"2025-09-12T13:41:10","date_gmt":"2025-09-12T11:41:10","guid":{"rendered":"https:\/\/cinema.video\/?p=300538"},"modified":"2026-04-10T04:10:16","modified_gmt":"2026-04-10T02:10:16","slug":"mia-storie-roma","status":"publish","type":"post","link":"https:\/\/cinema.video\/it\/mia-storie-roma","title":{"rendered":"Tutte le Storie portano a Roma"},"content":{"rendered":"\n<p class=\"wp-block-paragraph\"><strong>Palazzo Barberini<\/strong> e il<strong> Cinema Barberini <\/strong>saranno nuovamente protagonisti, dal<strong> 6 al 10 ottobre prossimi<\/strong>, dell\u2019 11\u00b0 edizione del Mercato Internazionale Audiovisivo di Roma, diretto da\u00a0<strong>Gaia Tridente, <\/strong>promosso da <strong>ANICA e\u00a0<\/strong> <strong>APA<\/strong>.<\/p>\n\n\n\n<p class=\"wp-block-paragraph\">Giocando sul celebre detto sulla citt\u00e0 eterna, il nuovo claim <em><strong>Tutte le Storie portano al MIA<\/strong><\/em>, illustra la volont\u00e0 del mercato di farsi epicentro \u00a0creativo dell\u2019industria audiovisiva internazionale: saranno 62 i progetti che verranno presentati nel <strong>Co-Production Market e Pitching Forum<\/strong> declinato nelle sezioni di animazione, documentari, drama e film.<\/p>\n\n\n\n<p class=\"wp-block-paragraph\">Tra le principali novit\u00e0 di quest\u2019anno, il <strong>Book Adaptation Forum (BAF)<\/strong>: programma dedicato alla collaborazione tra editoria e industria audiovisiva, realizzato grazie al sostegno della <strong>Fondazione Roma Lazio Film Commission<\/strong>, comprender\u00e0 anche anche <strong>Shoot the Book! MIA Edition, <\/strong>una piattaforma di mercato curata dalla\u00a0<strong>Soci\u00e9t\u00e9 civile des \u00e9diteurs de langue fran\u00e7aise\u00a0<\/strong>(SCELF) e dall&#8217;<strong>Institut fran\u00e7ais<\/strong>, dove una delegazione di\u00a0editori francesi\u00a0presenter\u00e0 una selezione di 8 titoli tratti dalle pi\u00f9 importanti nuove uscite editoriali dell&#8217;anno, i cui diritti audiovisivi sono liberi per il mercato internazionale.<br><br>Gi\u00e0 annunciato al Series Mania Forum, (<a href=\"https:\/\/cinema.video\/apollo-series-series-mania-institute-mia-e-goteborg-ff\"><strong>leggi qui<\/strong><\/a>) \u00e8 <strong>Apollo Series, <\/strong>il nuovo programma di training sviluppato in collaborazione con <strong>Series Mania Institute<\/strong> e la <strong>TV Drama Vision <\/strong>del<strong> G\u00f6teborg Film Festival<\/strong>, dedicato a sostenere dieci produttori europei emergenti nello sviluppo di progetti seriali forti e con una prospettiva internazionale,  attraverso una formazione mirata sugli aspetti legali, finanziari e artistici delle co-produzioni. Al MIA sono previste due giornate di formazione a porte chiuse e due giorni aperti alle attivit\u00e0 industry del mercato.<\/p>\n\n\n\n<p class=\"wp-block-paragraph\">Da quest\u2019anno inoltre, entra nel programma ufficiale del MIA <strong>UNBOX | Short Film Days-<em>The Talents of the Future<\/em><\/strong>, appuntamento industry in collaborazione con Alice nella Citt\u00e0 dedicato ai talenti del cortometraggio. Include\u00a0 tre azioni principali: <strong>UNBOX | Pitching<\/strong>, con la presentazione pubblica di 6 progetti di debutto al lungometraggio realizzati da giovani autori italiani distintisi nel cortometraggio; <strong>UNBOX | Academy<\/strong>, pensata per creare un ponte tra i nuovi talenti del cinema europeo; e, infine, gli <strong>Stati Generali del Cortometraggio | Focus 2025<\/strong>, dedicati al tema cruciale del finanziamento del cortometraggio.\u00a0<\/p>\n\n\n\n<p class=\"wp-block-paragraph\">Grazie anche alla partecipazione di <strong>Creative Europe MEDIA Desk Italia, <\/strong>debutta al MIA anche<strong> Vertical AI<\/strong>, un ciclo di quattro incontri a cura di <strong>Largo.ai<\/strong>, piattaforma svizzera leader nell\u2019applicazione dell\u2019intelligenza artificiale all\u2019industria audiovisiva, condotti dal suo CEO e co-fondatore <strong>Sami Arpa.&nbsp;<\/strong> I workshop offriranno un percorso concreto e strategico per esplorare le opportunit\u00e0 dell\u2019intelligenza artificiale in tutte le fasi della filiera: dalla produzione allo sviluppo, fino alla distribuzione e al marketing.<\/p>\n\n\n\n<p class=\"wp-block-paragraph\">Un\u2019altra, nuova, opportunit\u00e0 di formazione professionale \u00e8 l\u2019<strong>Industry Insider Bootcamp<\/strong>:\u00a0 <strong>Charles Ferraro<\/strong>, agente di Hollywood e partner della <strong>United Talent Agency <\/strong>(UTA),  guider\u00e0 i partecipanti all\u2019interno delle dinamiche dell\u2019industria cinematografica, affrontando temi chiave come l\u2019ingaggio di talenti internazionali, la presentazione di progetti vincenti e l\u2019accesso al mercato di Hollywood. La formula sar\u00e0 quella dell\u2019 <em>Open Mic<\/em>, che offrir\u00e0 la possibilit\u00e0 di fare domande in tempo reale, presentare brevi pitch e ricevere consigli concreti da Ferraro.<\/p>\n\n\n\n<figure class=\"wp-block-image size-full\"><img loading=\"lazy\" decoding=\"async\" width=\"1000\" height=\"667\" src=\"https:\/\/cinema.video\/wp-content\/uploads\/2025\/09\/panel.jpg\" alt=\"\" class=\"wp-image-300540\" srcset=\"https:\/\/cinema.video\/wp-content\/uploads\/2025\/09\/panel.jpg 1000w, https:\/\/cinema.video\/wp-content\/uploads\/2025\/09\/panel.jpg 300w, https:\/\/cinema.video\/wp-content\/uploads\/2025\/09\/panel.jpg 768w, https:\/\/cinema.video\/wp-content\/uploads\/2025\/09\/panel.jpg 630w, https:\/\/cinema.video\/wp-content\/uploads\/2025\/09\/panel.jpg 150w, https:\/\/cinema.video\/wp-content\/uploads\/2025\/09\/panel.jpg 696w\" sizes=\"auto, (max-width: 696px) 100vw, 696px\" \/><\/figure>\n\n\n\n<h2 class=\"wp-block-heading\"><strong>Co-Production Market &amp; Pitching Forum &#8211; Animazione<\/strong><\/h2>\n\n\n\n<p class=\"wp-block-paragraph\"><strong><a href=\"https:\/\/www.miamarket.it\/it\/co-pro-market\/animation-coproduction\/\">Clicca qui per la selezione<\/a><\/strong>, composta da 7 lungometraggi e 9 serie TV<\/p>\n\n\n\n<p class=\"wp-block-paragraph\">Tre sono i progetti italiani: il lungometraggio <strong><em>The Treasure of the  Wyrm (Il Tesoro del Bigatto),<\/em><\/strong> co-produzione fra Repubblica Ceca, Francia e l\u2019italiana<strong> Small Boss. <\/strong>diretto da <strong>Francesco Vecchi<\/strong>, che ci porta tra i paesaggi nebbiosi della Pianura Padana attraverso il viaggio del vecchio eremita Anselmo. E le serie<strong><em> Profumina<\/em><\/strong> di <strong>Caterina De Mata, Luca Di Cecca e Annalisa Corsi<\/strong>, prodotto da\u00a0<strong>L&amp;C S.r.l<\/strong>, su una giovane puzzola che non puzza, e  <strong><em>Roc and Lola<\/em>, <\/strong>diretta da <strong>Andrea Giro<\/strong> e prodotta da <strong>Primal Shape<\/strong>..<\/p>\n\n\n\n<h2 class=\"wp-block-heading\"><strong>Co-production Market &amp; Pitching Forum- Doc<\/strong><\/h2>\n\n\n\n<p class=\"wp-block-paragraph\"><strong><a href=\"https:\/\/www.miamarket.it\/it\/co-pro-market\/doc\/\">Clicca qui per la selezione<\/a><\/strong>, composta da 11 lungometraggi, 2 One-Off per la\u00a0 TV e 2 docuserie<\/p>\n\n\n\n<p class=\"wp-block-paragraph\">Sono sei i progetti dove \u00e8 coinvolta l\u2019Italia: <strong><em>Building Venice <\/em><\/strong>(prodotto da <strong>EiE film<\/strong>, diretto da <strong>Katia Bernardi<\/strong>) conduce nel cuore nascosto dei mestieri che difendono Venezia; <strong><em>Non potr\u00f2 pi\u00f9 sposarmi- La brutta storia di Palmina Martinelli,<\/em><\/strong> prodotto da <strong>Salice Production<\/strong>, diretto da <strong>Antonio Palumbo<\/strong>, affronta il tema dell\u2019identit\u00e0 e della giustizia negata; di creativit\u00e0 e resilienza italiana parla<strong><em> The Maserati Chronicles <\/em><\/strong>diretto da <strong>Edoardo Vojvoda<\/strong> e prodotto da <strong>Cromo;<\/strong> le Alpi e la natura sono invece protagoniste di <strong><em>Per Silenzio e Vento<\/em><\/strong>, prodotto da <strong>Albolina Film<\/strong>, e diretto da <strong>Marco Zuin<\/strong>.<\/p>\n\n\n\n<p class=\"wp-block-paragraph\">Co-produzione Italia-USA \u00e8 <strong><em>Sottass: the Poetry of Things<\/em><\/strong> (prodotto da <strong>Basement HQ<\/strong>, diretto da <strong>Mattia Ramberti)<\/strong>; mentre con l\u2019Ucraina (<strong>Dykhai Production<\/strong>) l\u2019Italia co-produce <strong><em>Tsybli,<\/em><\/strong> in cui <strong>Lesya Kharchenko<\/strong> racconta l\u2019amore che resiste anche nei luoghi pi\u00f9 fragili.<\/p>\n\n\n\n<h2 class=\"wp-block-heading\"><strong>Co-Production Market &amp; Pitching Forum &#8211; Drama<\/strong><\/h2>\n\n\n\n<p class=\"wp-block-paragraph\"><strong><a href=\"https:\/\/www.miamarket.it\/it\/co-pro-market\/drama\/\">Clicca qui per la selezione<\/a><\/strong>, composta da i 15 progetti di serie<\/p>\n\n\n\n<p class=\"wp-block-paragraph\">I progetti italiani ci portano nella Venezia del \u2018700 con <strong><em>Casanova Investigates\/Le indagini di Giacomo Casanova<\/em><\/strong>, prodotto da <strong>Massimo Del Frate<\/strong> (<strong>Banijay Studios Italy<\/strong>) e scritto da <strong>Peter Exacoustos, Magda Mangano e Laura Nuti<\/strong>, thriller ispirato alla vita di Giacomo Casanova. E nella vita di due donne forti: <strong><em>Caterina<\/em><\/strong>, procuratrice minorile che torna nella sua citt\u00e0 natale e affronta fantasmi del passato, mentre lotta per la giustizia, prodotto da <strong>Gloria Giorgianni <\/strong>(<strong>Anele<\/strong>) e scritto da <strong>Mariolina Venezia, Dario Sardelli e Debora Alessi<\/strong>. E <strong><em>Connection Lost\u2013 The Story of Lia Olivetti<\/em><\/strong> co-prodotto dalle tedesche<strong> Unframed Productions <\/strong>(<strong>Melina Voss<\/strong>) e <strong>UFA Fiction<\/strong> (<strong>Tobias Timme<\/strong>) e <strong>Titanus Production <\/strong>(<strong>Maria Grazia Sacc\u00e0<\/strong>), scritto da Melina Voss e <strong>Maja Costa<\/strong>, racconta la storia di una giovane prodigio della matematica che, dopo la morte del padre biologico, eredita il suo computer segreto e i suoi nemici.<\/p>\n\n\n\n<h2 class=\"wp-block-heading\"><strong>Co-Production Market &amp; Pitching Forum &#8211; Film<\/strong><\/h2>\n\n\n\n<p class=\"wp-block-paragraph\"><strong><a href=\"https:\/\/www.miamarket.it\/it\/co-pro-market\/film\/\">Clicca qui per la selezione<\/a><\/strong>, composta da i 16 progetti di lungometraggi di finzione<\/p>\n\n\n\n<p class=\"wp-block-paragraph\">Due gli esordi italiani: <strong><em>I have to fuck before the World ends\u00a0 <\/em><\/strong>dove il regista italo-filippino <strong>Andrea Benjamin Manenti<\/strong> attinge alla propria storia familiare per esplorare intimit\u00e0, memoria e resilienza a cavallo tra due mondi (prodotto da <strong>Volos Films Italia <\/strong>e <strong>Citrullo International<\/strong>), e <strong><em>Roma Shocking <\/em><\/strong>di <strong>Angela Norelli<\/strong>, targato <strong>Lucky Red<\/strong>: Camilla e Alessia, due diciottenni romane, sembrano non avere nulla in comune, finch\u00e9 un atto di violenza maschile unir\u00e0 i loro destini, rivelando un legame pi\u00f9 profondo di quanto potessero immaginare.<\/p>\n\n\n\n<p class=\"wp-block-paragraph\">Inoltre, il Film Co-Production Market &amp; Pitching Forum presenta ancora una volta <strong>WANNA TASTE IT?<\/strong>, una sezione dedicata esclusivamente a progetti cinematografici italiani in fase di sviluppo.<\/p>\n\n\n\n<p class=\"wp-block-paragraph\">Quattro i progetti selezionati quest\u2019anno: <strong><em>The Blue Line\/La Riga Blu<\/em><\/strong> di <strong>Tomaso Mannoni <\/strong>(prodotto da <strong>Ombre Rosse<\/strong> e <strong>Lama Film<\/strong>); <strong><em>The Boundary\/Il Confine <\/em><\/strong>di <strong>Federica Cellini <\/strong>(prodotto da <strong>Quoomoon<\/strong> e<strong> IBC Movie<\/strong>); <strong><em>The Colour of Doubt\/Il Colore del Dubbio<\/em><\/strong> di<strong> Ivan Gergolet <\/strong>(Italia\/Slovenia, prodotto da <strong>Staragara I.T.<\/strong>); <strong><em>Via di Bravetta, 415<\/em><\/strong> di <strong>Mounir Derbal<\/strong> (prodotto da <strong>Dorje Film<\/strong>).<\/p>\n\n\n\n<figure class=\"wp-block-image size-full\"><img loading=\"lazy\" decoding=\"async\" width=\"1000\" height=\"667\" src=\"https:\/\/cinema.video\/wp-content\/uploads\/2025\/09\/Barberini1.jpg\" alt=\"\" class=\"wp-image-300541\" srcset=\"https:\/\/cinema.video\/wp-content\/uploads\/2025\/09\/Barberini1.jpg 1000w, https:\/\/cinema.video\/wp-content\/uploads\/2025\/09\/Barberini1.jpg 300w, https:\/\/cinema.video\/wp-content\/uploads\/2025\/09\/Barberini1.jpg 768w, https:\/\/cinema.video\/wp-content\/uploads\/2025\/09\/Barberini1.jpg 630w, https:\/\/cinema.video\/wp-content\/uploads\/2025\/09\/Barberini1.jpg 150w, https:\/\/cinema.video\/wp-content\/uploads\/2025\/09\/Barberini1.jpg 696w\" sizes=\"auto, (max-width: 696px) 100vw, 696px\" \/><\/figure>\n\n\n\n<p class=\"wp-block-paragraph\">Torna al MIA 2025 anche il <strong>MIA Buyers\u2019 Club<\/strong>, programma specifico a <strong>sostegno della distribuzione cinematografica<\/strong>, con <strong>Comin\u2019UP<\/strong> dove i sales agents presentano in anteprima ai buyer theatrical scene, estratti o teaser di film ancora in lavorazione e in uscita nelle sale tra dicembre 2025 e il 2026. E i <strong>Market Screenings<\/strong>: dalle anteprime assolute ai titoli pi\u00f9 recenti presentati nei principali festival.&nbsp;<\/p>\n\n\n\n<p class=\"wp-block-paragraph\">Sette i titoli selezionati per <strong>Work in Progress | C EU Soon<\/strong>, vetrina di film europei in fase di post-produzione e alla ricerca di distributori internazionali. Tre sono esordi: <strong><em>Runner <\/em><\/strong>della spagnola \u00a0Laura Garc\u00eda Alonso, <strong><em>I\u2019ll be gone in June<\/em><\/strong> di Katharina Rivilis, prodotto dalla Road Movies di Wim Wenders e dalla svizzera 8horses; <strong><em>The Circle <\/em><\/strong>dell\u2019attore, regista e sceneggiatore rumeno, Valeriu Andriuta, interprete di due film di Cristian Mungiu (che \u00e8 produttore di un altro dei WIP: <strong><em>The Incident <\/em><\/strong>Tomasz Wolski). <\/p>\n\n\n\n<p class=\"wp-block-paragraph\">C&#8217;\u00e8 poi <em><strong> Il Cileno<\/strong><\/em>, del fotografo, regista e sceneggiatore <strong>Sergio Castro San Mart\u00edn<\/strong>, coproduzione Italia\u2013Cile\u2013Svizzera, presentato al MIA Film Co-Production Market nel 2023. Ambientato nel 1976, il film segue Aldo, un ex minatore cileno costretto all\u2019esilio che cerca rifugio in Italia, solo per trovare un paese anch\u2019esso scosso da tensioni politiche (<a href=\"https:\/\/cinema.video\/a-torino-si-gira-il-cileno\"><strong>ne abbiamo parlato qui<\/strong><\/a>).<\/p>\n\n\n\n<h2 class=\"wp-block-heading\"><strong>Il MIA come INCUBATORE di progetti di film e serie<\/strong><\/h2>\n\n\n\n<p class=\"wp-block-paragraph\"><strong>Scenari Transalpini:<\/strong>\u00a0 6 le opere selezionati nell\u2019ambito del progetto dell\u2019Institut fran\u00e7ais Italia in partnership con il MIA e <strong>Villa Medici<\/strong>, in collaborazione con <strong>Cinecitt\u00e0<\/strong>, con il supporto della <strong>DGCA<\/strong>-Direzione Generale Cinema e Audiovisivo del Ministero della Cultura e del <strong>CNC<\/strong>-Centre national du cin\u00e9ma et de l&#8217;image anim\u00e9e<strong>: <em>The clan of the Marseillais\/Il Clan dei Marsigliesi<\/em><\/strong> prodotto da <strong>Giorgio Gucci <\/strong>e scritto da <strong>Alessandro Fabbri<\/strong> (Italia); <strong><em>The White Queen\/La regina bianca<\/em><\/strong> di <strong>Sara Loffredi <\/strong>e<strong> Alberto Ostini<\/strong> (Italia);<strong><em>Ex Tenebris Lux<\/em><\/strong> di <strong>Giacomo Arrigoni <\/strong>(Italia);<strong><em>La linea verde<\/em><\/strong> di<strong> Elio e Chiara Cassaghi <\/strong>(Francia); <strong><em>Lake Como<\/em><\/strong> di <strong>Hanna Ladoul <\/strong>e <strong>Marco La Via<\/strong> (Francia); <strong><em>O Sole Mio<\/em><\/strong> di <strong>Marguerite e Th\u00e9r\u00e8se Quadrelli <\/strong>(Francia).<\/p>\n\n\n\n<p class=\"wp-block-paragraph\"><strong>Apollo Series<\/strong>: i produttori e i progetti europei che parteciperanno alla prima edizione sono: <strong>Serena Alfieri<\/strong> (Italia) con <strong><em>Hallyu<\/em><\/strong>; <strong>Anders Berg<\/strong> (Danimarca) con <strong><em>The Acid Clinic<\/em><\/strong>; <strong>Estephania Bonnett <\/strong>(Spagna) con <strong><em>Alex Is Not Alex<\/em>;<\/strong> <strong>Evelin Penttil\u00e4 <\/strong>(Estonia) con <strong><em>Business as Usual<\/em><\/strong>;<strong> Jimm Garbis <\/strong>(Svezia) con <strong><em>Yani<\/em>; Steffen Gerdes<\/strong> (Germania) con <strong><em>The StrangeGrimm<\/em>; Anna Gonchar <\/strong>(Ucraina) con <strong><em>Outlaw Educators<\/em>;<\/strong> <strong>Karoline Kunz <\/strong>(Germania) con<strong><em>Le Grand Cahier<\/em><\/strong>;<strong> Marcian Lazar<\/strong> (Romania) con <strong><em>Bark<\/em><\/strong><em>;<\/em> e <strong>Viktorija Rimkut\u0117 <\/strong>(Lituania) con <strong><em>Not That Kind of People<\/em>.<\/strong><\/p>\n\n\n\n<p class=\"wp-block-paragraph\">Il programma <strong>B2B Exchange | CEE Animation Lab,<\/strong> organizzato in collaborazione con\u00a0 <strong>CEE Animation Workshop<\/strong>, torna nel 2025 per il terzo anno come programma di formazione e networking per produttori interessati all\u2019animazione: 9 i profili selezionati per il laboratorio sostenuto anche da Creative Europe Media che offre preziosi approfondimenti su temi quali\u00a0 co-produzioni internazionali, i modelli di finanziamento e il mercato europeo, grazie agli interventi di produttori affermati come <strong>Alessandra Principini<\/strong> (Fundraiser, Movimenti Production, Italia) e <strong>Pablo Jordi <\/strong>(Founder and Producer, Pikkukala, Finlandia\/Spagna)<\/p>\n","protected":false},"excerpt":{"rendered":"<p>Tutte le novit\u00e0 e. i progetti dell&#8217;11\u00b0 edizione del MIA, dal 6 al 10 ottobre a Roma, fra Palazzo Barberini e al Cinema Barberini, diretto da\u00a0Gaia Tridente, promosso da ANICA e\u00a0 APA.<\/p>\n","protected":false},"author":2,"featured_media":300539,"comment_status":"closed","ping_status":"closed","sticky":false,"template":"","format":"standard","meta":{"googlesitekit_rrm_CAow3e7fCw:productID":"","_crdt_document":"","footnotes":""},"categories":[1],"tags":[805,356],"class_list":{"0":"post-300538","1":"post","2":"type-post","3":"status-publish","4":"format-standard","5":"has-post-thumbnail","7":"category-senza-categoria","8":"tag-creative-europe-media","9":"tag-focus"},"yoast_head":"<!-- This site is optimized with the Yoast SEO Premium plugin v27.4 (Yoast SEO v27.4) - https:\/\/yoast.com\/product\/yoast-seo-premium-wordpress\/ -->\n<title>Tutte le Storie portano a Roma - Cinema &amp; Video International<\/title>\n<meta name=\"description\" content=\"Tutte le Storie portano a Roma \u2013 tutte le storie portano a roma. Palazzo Barberini e il Cinema Barberini saranno nuovamente protagonisti, dal 6 al 10 otto\" \/>\n<meta name=\"robots\" content=\"index, follow, max-snippet:-1, max-image-preview:large, max-video-preview:-1\" \/>\n<link rel=\"canonical\" href=\"https:\/\/cinema.video\/it\/mia-storie-roma\" \/>\n<meta property=\"og:locale\" content=\"it_IT\" \/>\n<meta property=\"og:type\" content=\"article\" \/>\n<meta property=\"og:title\" content=\"Tutte le Storie portano a Roma\" \/>\n<meta property=\"og:description\" content=\"Tutte le Storie portano a Roma \u2013 tutte le storie portano a roma. Palazzo Barberini e il Cinema Barberini saranno nuovamente protagonisti, dal 6 al 10 otto\" \/>\n<meta property=\"og:url\" content=\"https:\/\/cinema.video\/it\/mia-storie-roma\" \/>\n<meta property=\"og:site_name\" content=\"Cinema &amp; Video International\" \/>\n<meta property=\"article:publisher\" content=\"https:\/\/www.facebook.com\/CinemaVideoInternational\/\" \/>\n<meta property=\"article:published_time\" content=\"2025-09-12T11:41:10+00:00\" \/>\n<meta property=\"article:modified_time\" content=\"2026-04-10T02:10:16+00:00\" \/>\n<meta property=\"og:image\" content=\"https:\/\/cinema.video\/wp-content\/uploads\/2025\/09\/Usai_Tridente-Sbarigia-scaled-e1757670721924.jpg\" \/>\n\t<meta property=\"og:image:width\" content=\"800\" \/>\n\t<meta property=\"og:image:height\" content=\"475\" \/>\n\t<meta property=\"og:image:type\" content=\"image\/jpeg\" \/>\n<meta name=\"author\" content=\"Carolina Mancini\" \/>\n<meta name=\"twitter:card\" content=\"summary_large_image\" \/>\n<meta name=\"twitter:label1\" content=\"Scritto da\" \/>\n\t<meta name=\"twitter:data1\" content=\"Carolina Mancini\" \/>\n\t<meta name=\"twitter:label2\" content=\"Tempo di lettura stimato\" \/>\n\t<meta name=\"twitter:data2\" content=\"8 minuti\" \/>\n<script type=\"application\/ld+json\" class=\"yoast-schema-graph\">{\"@context\":\"https:\\\/\\\/schema.org\",\"@graph\":[{\"@type\":\"Article\",\"@id\":\"https:\\\/\\\/cinema.video\\\/it\\\/mia-storie-roma#article\",\"isPartOf\":{\"@id\":\"https:\\\/\\\/cinema.video\\\/it\\\/mia-storie-roma\"},\"author\":{\"name\":\"Carolina Mancini\",\"@id\":\"https:\\\/\\\/cinema.video\\\/it#\\\/schema\\\/person\\\/d5479fad8d0f2360000eb4aab6bb6e5d\"},\"headline\":\"Tutte le Storie portano a Roma\",\"datePublished\":\"2025-09-12T11:41:10+00:00\",\"dateModified\":\"2026-04-10T02:10:16+00:00\",\"mainEntityOfPage\":{\"@id\":\"https:\\\/\\\/cinema.video\\\/it\\\/mia-storie-roma\"},\"wordCount\":1607,\"publisher\":{\"@id\":\"https:\\\/\\\/cinema.video\\\/it#organization\"},\"image\":{\"@id\":\"https:\\\/\\\/cinema.video\\\/it\\\/mia-storie-roma#primaryimage\"},\"thumbnailUrl\":\"https:\\\/\\\/cinema.video\\\/wp-content\\\/uploads\\\/2025\\\/09\\\/Usai_Tridente-Sbarigia-scaled-e1757670721924.jpg\",\"keywords\":[\"Creative Europe MEDIA\",\"focus\"],\"inLanguage\":\"it-IT\"},{\"@type\":\"WebPage\",\"@id\":\"https:\\\/\\\/cinema.video\\\/it\\\/mia-storie-roma\",\"url\":\"https:\\\/\\\/cinema.video\\\/it\\\/mia-storie-roma\",\"name\":\"Tutte le Storie portano a Roma - Cinema &amp; Video International\",\"isPartOf\":{\"@id\":\"https:\\\/\\\/cinema.video\\\/it#website\"},\"primaryImageOfPage\":{\"@id\":\"https:\\\/\\\/cinema.video\\\/it\\\/mia-storie-roma#primaryimage\"},\"image\":{\"@id\":\"https:\\\/\\\/cinema.video\\\/it\\\/mia-storie-roma#primaryimage\"},\"thumbnailUrl\":\"https:\\\/\\\/cinema.video\\\/wp-content\\\/uploads\\\/2025\\\/09\\\/Usai_Tridente-Sbarigia-scaled-e1757670721924.jpg\",\"datePublished\":\"2025-09-12T11:41:10+00:00\",\"dateModified\":\"2026-04-10T02:10:16+00:00\",\"description\":\"Tutte le Storie portano a Roma \u2013 tutte le storie portano a roma. Palazzo Barberini e il Cinema Barberini saranno nuovamente protagonisti, dal 6 al 10 otto\",\"breadcrumb\":{\"@id\":\"https:\\\/\\\/cinema.video\\\/it\\\/mia-storie-roma#breadcrumb\"},\"inLanguage\":\"it-IT\",\"potentialAction\":[{\"@type\":\"ReadAction\",\"target\":[\"https:\\\/\\\/cinema.video\\\/it\\\/mia-storie-roma\"]}]},{\"@type\":\"ImageObject\",\"inLanguage\":\"it-IT\",\"@id\":\"https:\\\/\\\/cinema.video\\\/it\\\/mia-storie-roma#primaryimage\",\"url\":\"https:\\\/\\\/cinema.video\\\/wp-content\\\/uploads\\\/2025\\\/09\\\/Usai_Tridente-Sbarigia-scaled-e1757670721924.jpg\",\"contentUrl\":\"https:\\\/\\\/cinema.video\\\/wp-content\\\/uploads\\\/2025\\\/09\\\/Usai_Tridente-Sbarigia-scaled-e1757670721924.jpg\",\"width\":800,\"height\":475,\"caption\":\"A Palazzo Barberini e al Cinema Barberini, dal 6 al 10 ottobre, l\u2019 11\u00b0 edizione del MIA, diretto da\u00a0Gaia Tridente, promosso da ANICA e\u00a0 APA.\"},{\"@type\":\"BreadcrumbList\",\"@id\":\"https:\\\/\\\/cinema.video\\\/it\\\/mia-storie-roma#breadcrumb\",\"itemListElement\":[{\"@type\":\"ListItem\",\"position\":1,\"name\":\"Home\",\"item\":\"https:\\\/\\\/cinema.video\\\/it\\\/home-2\"},{\"@type\":\"ListItem\",\"position\":2,\"name\":\"Tutte le Storie portano a Roma\"}]},{\"@type\":\"WebSite\",\"@id\":\"https:\\\/\\\/cinema.video\\\/it#website\",\"url\":\"https:\\\/\\\/cinema.video\\\/it\",\"name\":\"Cinema & Video International\",\"description\":\"Film &amp; Audiovisual Industry Trade Magazine\",\"publisher\":{\"@id\":\"https:\\\/\\\/cinema.video\\\/it#organization\"},\"alternateName\":\"Cinema & Video\",\"potentialAction\":[{\"@type\":\"SearchAction\",\"target\":{\"@type\":\"EntryPoint\",\"urlTemplate\":\"https:\\\/\\\/cinema.video\\\/it?s={search_term_string}\"},\"query-input\":{\"@type\":\"PropertyValueSpecification\",\"valueRequired\":true,\"valueName\":\"search_term_string\"}}],\"inLanguage\":\"it-IT\"},{\"@type\":\"Organization\",\"@id\":\"https:\\\/\\\/cinema.video\\\/it#organization\",\"name\":\"Cinema & Video\",\"url\":\"https:\\\/\\\/cinema.video\\\/it\",\"logo\":{\"@type\":\"ImageObject\",\"inLanguage\":\"it-IT\",\"@id\":\"https:\\\/\\\/cinema.video\\\/it#\\\/schema\\\/logo\\\/image\\\/\",\"url\":\"https:\\\/\\\/cinema.video\\\/wp-content\\\/uploads\\\/2026\\\/04\\\/CinemVideo_LogoBlack.png\",\"contentUrl\":\"https:\\\/\\\/cinema.video\\\/wp-content\\\/uploads\\\/2026\\\/04\\\/CinemVideo_LogoBlack.png\",\"width\":1336,\"height\":224,\"caption\":\"Cinema & Video\"},\"image\":{\"@id\":\"https:\\\/\\\/cinema.video\\\/it#\\\/schema\\\/logo\\\/image\\\/\"},\"sameAs\":[\"https:\\\/\\\/www.facebook.com\\\/CinemaVideoInternational\\\/\",\"https:\\\/\\\/www.instagram.com\\\/cinemaevideointernational\\\/\",\"https:\\\/\\\/it.linkedin.com\\\/company\\\/cinema-video-international\"],\"description\":\"Media Consulting & Marketing Agency\",\"email\":\"hello@darostudio.com\",\"legalName\":\"DARO studio LLC\",\"foundingDate\":\"2021-02-16\",\"numberOfEmployees\":{\"@type\":\"QuantitativeValue\",\"minValue\":\"1\",\"maxValue\":\"10\"}},{\"@type\":\"Person\",\"@id\":\"https:\\\/\\\/cinema.video\\\/it#\\\/schema\\\/person\\\/d5479fad8d0f2360000eb4aab6bb6e5d\",\"name\":\"Carolina Mancini\",\"image\":{\"@type\":\"ImageObject\",\"inLanguage\":\"it-IT\",\"@id\":\"https:\\\/\\\/secure.gravatar.com\\\/avatar\\\/d4758965c5e8730dbaaa7131a628547771a26c1e5bf14fe323d96f8246a62baf?s=96&d=mm&r=g\",\"url\":\"https:\\\/\\\/secure.gravatar.com\\\/avatar\\\/d4758965c5e8730dbaaa7131a628547771a26c1e5bf14fe323d96f8246a62baf?s=96&d=mm&r=g\",\"contentUrl\":\"https:\\\/\\\/secure.gravatar.com\\\/avatar\\\/d4758965c5e8730dbaaa7131a628547771a26c1e5bf14fe323d96f8246a62baf?s=96&d=mm&r=g\",\"caption\":\"Carolina Mancini\"},\"url\":\"https:\\\/\\\/cinema.video\\\/it\\\/author\\\/carolin\"}]}<\/script>\n<!-- \/ Yoast SEO Premium plugin. -->","yoast_head_json":{"title":"Tutte le Storie portano a Roma - Cinema &amp; Video International","description":"Tutte le Storie portano a Roma \u2013 tutte le storie portano a roma. Palazzo Barberini e il Cinema Barberini saranno nuovamente protagonisti, dal 6 al 10 otto","robots":{"index":"index","follow":"follow","max-snippet":"max-snippet:-1","max-image-preview":"max-image-preview:large","max-video-preview":"max-video-preview:-1"},"canonical":"https:\/\/cinema.video\/it\/mia-storie-roma","og_locale":"it_IT","og_type":"article","og_title":"Tutte le Storie portano a Roma","og_description":"Tutte le Storie portano a Roma \u2013 tutte le storie portano a roma. Palazzo Barberini e il Cinema Barberini saranno nuovamente protagonisti, dal 6 al 10 otto","og_url":"https:\/\/cinema.video\/it\/mia-storie-roma","og_site_name":"Cinema &amp; Video International","article_publisher":"https:\/\/www.facebook.com\/CinemaVideoInternational\/","article_published_time":"2025-09-12T11:41:10+00:00","article_modified_time":"2026-04-10T02:10:16+00:00","og_image":[{"width":800,"height":475,"url":"https:\/\/cinema.video\/wp-content\/uploads\/2025\/09\/Usai_Tridente-Sbarigia-scaled-e1757670721924.jpg","type":"image\/jpeg"}],"author":"Carolina Mancini","twitter_card":"summary_large_image","twitter_misc":{"Scritto da":"Carolina Mancini","Tempo di lettura stimato":"8 minuti"},"schema":{"@context":"https:\/\/schema.org","@graph":[{"@type":"Article","@id":"https:\/\/cinema.video\/it\/mia-storie-roma#article","isPartOf":{"@id":"https:\/\/cinema.video\/it\/mia-storie-roma"},"author":{"name":"Carolina Mancini","@id":"https:\/\/cinema.video\/it#\/schema\/person\/d5479fad8d0f2360000eb4aab6bb6e5d"},"headline":"Tutte le Storie portano a Roma","datePublished":"2025-09-12T11:41:10+00:00","dateModified":"2026-04-10T02:10:16+00:00","mainEntityOfPage":{"@id":"https:\/\/cinema.video\/it\/mia-storie-roma"},"wordCount":1607,"publisher":{"@id":"https:\/\/cinema.video\/it#organization"},"image":{"@id":"https:\/\/cinema.video\/it\/mia-storie-roma#primaryimage"},"thumbnailUrl":"https:\/\/cinema.video\/wp-content\/uploads\/2025\/09\/Usai_Tridente-Sbarigia-scaled-e1757670721924.jpg","keywords":["Creative Europe MEDIA","focus"],"inLanguage":"it-IT"},{"@type":"WebPage","@id":"https:\/\/cinema.video\/it\/mia-storie-roma","url":"https:\/\/cinema.video\/it\/mia-storie-roma","name":"Tutte le Storie portano a Roma - Cinema &amp; Video International","isPartOf":{"@id":"https:\/\/cinema.video\/it#website"},"primaryImageOfPage":{"@id":"https:\/\/cinema.video\/it\/mia-storie-roma#primaryimage"},"image":{"@id":"https:\/\/cinema.video\/it\/mia-storie-roma#primaryimage"},"thumbnailUrl":"https:\/\/cinema.video\/wp-content\/uploads\/2025\/09\/Usai_Tridente-Sbarigia-scaled-e1757670721924.jpg","datePublished":"2025-09-12T11:41:10+00:00","dateModified":"2026-04-10T02:10:16+00:00","description":"Tutte le Storie portano a Roma \u2013 tutte le storie portano a roma. Palazzo Barberini e il Cinema Barberini saranno nuovamente protagonisti, dal 6 al 10 otto","breadcrumb":{"@id":"https:\/\/cinema.video\/it\/mia-storie-roma#breadcrumb"},"inLanguage":"it-IT","potentialAction":[{"@type":"ReadAction","target":["https:\/\/cinema.video\/it\/mia-storie-roma"]}]},{"@type":"ImageObject","inLanguage":"it-IT","@id":"https:\/\/cinema.video\/it\/mia-storie-roma#primaryimage","url":"https:\/\/cinema.video\/wp-content\/uploads\/2025\/09\/Usai_Tridente-Sbarigia-scaled-e1757670721924.jpg","contentUrl":"https:\/\/cinema.video\/wp-content\/uploads\/2025\/09\/Usai_Tridente-Sbarigia-scaled-e1757670721924.jpg","width":800,"height":475,"caption":"A Palazzo Barberini e al Cinema Barberini, dal 6 al 10 ottobre, l\u2019 11\u00b0 edizione del MIA, diretto da\u00a0Gaia Tridente, promosso da ANICA e\u00a0 APA."},{"@type":"BreadcrumbList","@id":"https:\/\/cinema.video\/it\/mia-storie-roma#breadcrumb","itemListElement":[{"@type":"ListItem","position":1,"name":"Home","item":"https:\/\/cinema.video\/it\/home-2"},{"@type":"ListItem","position":2,"name":"Tutte le Storie portano a Roma"}]},{"@type":"WebSite","@id":"https:\/\/cinema.video\/it#website","url":"https:\/\/cinema.video\/it","name":"Cinema & Video International","description":"Film &amp; Audiovisual Industry Trade Magazine","publisher":{"@id":"https:\/\/cinema.video\/it#organization"},"alternateName":"Cinema & Video","potentialAction":[{"@type":"SearchAction","target":{"@type":"EntryPoint","urlTemplate":"https:\/\/cinema.video\/it?s={search_term_string}"},"query-input":{"@type":"PropertyValueSpecification","valueRequired":true,"valueName":"search_term_string"}}],"inLanguage":"it-IT"},{"@type":"Organization","@id":"https:\/\/cinema.video\/it#organization","name":"Cinema & Video","url":"https:\/\/cinema.video\/it","logo":{"@type":"ImageObject","inLanguage":"it-IT","@id":"https:\/\/cinema.video\/it#\/schema\/logo\/image\/","url":"https:\/\/cinema.video\/wp-content\/uploads\/2026\/04\/CinemVideo_LogoBlack.png","contentUrl":"https:\/\/cinema.video\/wp-content\/uploads\/2026\/04\/CinemVideo_LogoBlack.png","width":1336,"height":224,"caption":"Cinema & Video"},"image":{"@id":"https:\/\/cinema.video\/it#\/schema\/logo\/image\/"},"sameAs":["https:\/\/www.facebook.com\/CinemaVideoInternational\/","https:\/\/www.instagram.com\/cinemaevideointernational\/","https:\/\/it.linkedin.com\/company\/cinema-video-international"],"description":"Media Consulting & Marketing Agency","email":"hello@darostudio.com","legalName":"DARO studio LLC","foundingDate":"2021-02-16","numberOfEmployees":{"@type":"QuantitativeValue","minValue":"1","maxValue":"10"}},{"@type":"Person","@id":"https:\/\/cinema.video\/it#\/schema\/person\/d5479fad8d0f2360000eb4aab6bb6e5d","name":"Carolina Mancini","image":{"@type":"ImageObject","inLanguage":"it-IT","@id":"https:\/\/secure.gravatar.com\/avatar\/d4758965c5e8730dbaaa7131a628547771a26c1e5bf14fe323d96f8246a62baf?s=96&d=mm&r=g","url":"https:\/\/secure.gravatar.com\/avatar\/d4758965c5e8730dbaaa7131a628547771a26c1e5bf14fe323d96f8246a62baf?s=96&d=mm&r=g","contentUrl":"https:\/\/secure.gravatar.com\/avatar\/d4758965c5e8730dbaaa7131a628547771a26c1e5bf14fe323d96f8246a62baf?s=96&d=mm&r=g","caption":"Carolina Mancini"},"url":"https:\/\/cinema.video\/it\/author\/carolin"}]}},"jetpack_featured_media_url":"https:\/\/cinema.video\/wp-content\/uploads\/2025\/09\/Usai_Tridente-Sbarigia-scaled-e1757670721924.jpg","jetpack_shortlink":"https:\/\/wp.me\/ph672m-1gbo","_links":{"self":[{"href":"https:\/\/cinema.video\/it\/wp-json\/wp\/v2\/posts\/300538","targetHints":{"allow":["GET"]}}],"collection":[{"href":"https:\/\/cinema.video\/it\/wp-json\/wp\/v2\/posts"}],"about":[{"href":"https:\/\/cinema.video\/it\/wp-json\/wp\/v2\/types\/post"}],"author":[{"embeddable":true,"href":"https:\/\/cinema.video\/it\/wp-json\/wp\/v2\/users\/2"}],"replies":[{"embeddable":true,"href":"https:\/\/cinema.video\/it\/wp-json\/wp\/v2\/comments?post=300538"}],"version-history":[{"count":1,"href":"https:\/\/cinema.video\/it\/wp-json\/wp\/v2\/posts\/300538\/revisions"}],"predecessor-version":[{"id":309742,"href":"https:\/\/cinema.video\/it\/wp-json\/wp\/v2\/posts\/300538\/revisions\/309742"}],"wp:featuredmedia":[{"embeddable":true,"href":"https:\/\/cinema.video\/it\/wp-json\/wp\/v2\/media\/300539"}],"wp:attachment":[{"href":"https:\/\/cinema.video\/it\/wp-json\/wp\/v2\/media?parent=300538"}],"wp:term":[{"taxonomy":"category","embeddable":true,"href":"https:\/\/cinema.video\/it\/wp-json\/wp\/v2\/categories?post=300538"},{"taxonomy":"post_tag","embeddable":true,"href":"https:\/\/cinema.video\/it\/wp-json\/wp\/v2\/tags?post=300538"}],"curies":[{"name":"wp","href":"https:\/\/api.w.org\/{rel}","templated":true}]}}