{"id":300518,"date":"2025-09-09T11:53:56","date_gmt":"2025-09-09T09:53:56","guid":{"rendered":"https:\/\/cinema.video\/?p=300518"},"modified":"2026-04-10T04:10:14","modified_gmt":"2026-04-10T02:10:14","slug":"esercenti-coraggiosi-2025-premio-lizzani","status":"publish","type":"post","link":"https:\/\/cinema.video\/it\/esercenti-coraggiosi-2025-premio-lizzani","title":{"rendered":"Fortunato Lovaglio e Cerd\u00e1 gli esercenti coraggiosi 2025"},"content":{"rendered":"\n<p class=\"wp-block-paragraph\"><strong>Marco Fortunato<\/strong> (<strong>Cinemazero <\/strong>di Pordenone), <strong>Lidia Lovaglio<\/strong> (<strong>Cinema Lovaglio<\/strong> di Venosa -PZ-); <strong>Nacho Cerd\u00e1<\/strong> (<strong>Cinema Phenomena<\/strong> di Barcellona): sono loro i tre esercenti pi\u00f9 coraggiosi del 2025, a cui \u00e8 andato il <strong>Premio Carlo Lizzani<\/strong>, consegnato lo scorso 5 settembre presso l\u2019Italian Pavilion dell\u2019Hotel Excelsior dalla giuria composta da <strong>Flaminia Lizzani, <\/strong>figlia del grande regista a cui \u00e8 dedicato il Premio, <strong>Francesco Lizzani, Francesco Ranieri Martinotti <\/strong>ed<strong> Emanuela Piovano<\/strong> (Presidente e Vicepresidente ANAC).<\/p>\n\n\n\n<p class=\"wp-block-paragraph\">Fortunato \u00e8 stato premiato per la categoria Associazioni\/Circoli del cinema italiani; Lovaglio per quella delle imprese private italiane, Cerd\u00e1, infine per la nuova categoria delle sale europee, istituita l\u2019anno passato.<\/p>\n\n\n\n<p class=\"wp-block-paragraph\">\u201cAnche quest\u2019anno abbiamo ricevuto tantissime candidature\u201d \u2013 dichiara Flaminia Lizzani \u2013 \u201cma ancora pi\u00f9 degli anni precedenti non \u00e8 stato facile prendere una decisione. \u00c8 sorprendete registrare il coraggio e la passione con cui gli esercenti continuano a portare avanti il loro lavoro. Sulla scelta finale ha influito molto la dimensione territoriale della Basilicata e del Friuli-Venezia Giulia. Straordinario il dinamismo di Cinemazero, capace di attrarre spettatori non solo dalla provincia di Pordenone, ma dall\u2019intera regione; cos\u00ec come ci ha emozionato la tenacia con la quale un\u2019invincibile signora di ottant\u2019anni continui ad alzare la saracinesca del Cinema Lovaglio, nella citt\u00e0 lucana che diede i natali a Orazio.\u201d<\/p>\n\n\n\n<p class=\"wp-block-paragraph\">\u201cPer quanto riguarda il premio, che dallo scorso anno assegniamo anche a una sala europea, l&#8217;intenso lavoro svolto dal regista e imprenditore Nacho Cerd\u00e1 a Barcellona \u00e8 davvero incredibile\u201d \u2013 dice il Presidente dell\u2019Anac Francesco Ranieri Martinott<strong>i<\/strong> \u2013 \u201cRistrutturare un vecchio cinema da 450 posti per mostrare sul grande schermo, oltre ai film contemporanei, i grandi classici, \u00e8 un\u2019operazione audace che stabilisce una continuit\u00e0, non solo tra il cinema del passato e quello del presente, ma anche tra generazioni diverse che frequentano con assiduit\u00e0 la sala della citt\u00e0 catalana.\u201d<\/p>\n\n\n\n<p class=\"wp-block-paragraph\">Di seguito le motivazioni:<\/p>\n\n\n\n<ul class=\"wp-block-list\">\n<li>A<strong> Lidia Lovaglio<\/strong> e ai suoi collaboratori del <strong>Cinema Lovaglio <\/strong>di Venosa, per la storia quasi centenaria di una sala che, in un piccolo paese della Basilicata, rappresenta uno degli ultimi punti di riferimento per la visione sul grande schermo del cinema di qualit\u00e0 di questa regione. Un riconoscimento che valorizza anche l\u2019impegno di una donna esercente che, con passione e amore, porta avanti la tradizione di famiglia.<\/li>\n<\/ul>\n\n\n\n<ul class=\"wp-block-list\">\n<li><strong>Al Cinemazero<\/strong> di Pordenone e al Presidente <strong>Marco Fortunato<\/strong> per l\u2019intraprendenza e l\u2019impegno costante sul territorio. Fra le numerose manifestazioni degne di nota, spiccano le Giornate del Cinema Muto, Pordenone Docs Fest, FMK &#8211; festival internazionale del cortometraggio e la cura e la conservazione di importanti patrimoni cinematografici e fotografici, dal valore culturale e artistico inestimabile.<\/li>\n<\/ul>\n\n\n\n<p class=\"wp-block-paragraph\">\u00b7 A <strong>Nacho Cerd\u00e1 <\/strong>per la volont\u00e0 e l\u2019inesauribile impulso che lo hanno spinto ad applicare la sua creativit\u00e0 di regista al segmento pi\u00f9 fragile del sistema cinematografico: la sala. Cerd\u00e1 ha saputo cos\u00ec ridare vita e pubblico ad un luogo simbolico di Barcellona riconducendo il <strong>Cinema Phenomena<\/strong> alla sua vera dimensione spaziale e spettacolare (450 posti), con un\u2019offerta alternativa tipica delle vecchie sale di quartiere, in particolare con i doppi spettacoli, impegnandosi anche nella programmazione di film indipendenti privi di distribuzione nazionale o caduti nell\u2019oblio, spesso proiettati in 35 mm.<\/p>\n\n\n\n<p class=\"wp-block-paragraph\">Marco Fortunato e di Lidia Lovaglio, assieme a <strong>Flaminia Lizzani<\/strong>, di <strong>Giuliana Gamba<\/strong> (ANAC e Presidente della Fondazione Pesaro Nuovo Cinema), hanno successivamente consegnato il <strong>Premio Carlo Lizzani al miglior film italiano 2025<\/strong>, ideato e organizzato dall\u2019Associazione Nazionale Autori Cinematografici a <strong>Andrea Leone<\/strong> e <strong>Antonella Di Martino<\/strong> ai produttori (con <strong>Mosaicon Film<\/strong>) di\u00a0 <strong><em>Confiteor \u2013 come scoprii che non avrei fatto la rivoluzione<\/em><\/strong> di <strong>Bonifacio Angius.<\/strong><\/p>\n\n\n\n<p class=\"wp-block-paragraph\">Un altro traguardo importante per una sala italiana \u00e8 quello del <strong>Cinema Edera<\/strong> di Treviso, che ieri, 8 settembre, ha festeggiato i suoi primi 65 anni di attivit\u00e0.<\/p>\n\n\n\n<p class=\"wp-block-paragraph\">Il Cinema \u00e8 gestito da sempre dalla <strong>famiglia Fantoni<\/strong>, a cui <strong>Mario Conte, <\/strong>Sindaco di Treviso, ha consegnato un attestato da parte della Comunit\u00e0 Trevigiana \u201cquale segno di gratitudine per l\u2019importante attivit\u00e0 di promozione e diffusione della cultura\u201d.&nbsp;<\/p>\n\n\n\n<p class=\"wp-block-paragraph\">L\u2019Edera \u00e8&nbsp; tra i primi locali d\u2019essai in Italia a cui, nel 2021, in piena pandemia, \u00e8 stato assegnato il Biglietto d\u2019Oro, riconoscimento istituito dall\u2019ANEC per il numero di biglietti venduti in base ai dati demografici del centro urbano di riferimento.<\/p>\n\n\n\n<p class=\"wp-block-paragraph\">A dirigerlo \u00e8 <strong>Giuliana Fantoni, <\/strong>Presidente<strong> FICE &#8211; Federazione Italiana Cinema D\u2019Essai,<\/strong> che dichiara:<\/p>\n\n\n\n<div class=\"wp-block-media-text is-stacked-on-mobile\" style=\"grid-template-columns:52% auto\"><figure class=\"wp-block-media-text__media\"><img loading=\"lazy\" decoding=\"async\" width=\"768\" height=\"1024\" src=\"https:\/\/cinema.video\/wp-content\/uploads\/2025\/09\/fantoni-e-madre-768x1024.jpg\" alt=\"\" class=\"wp-image-300519 size-full\" srcset=\"https:\/\/cinema.video\/wp-content\/uploads\/2025\/09\/fantoni-e-madre-scaled.jpg 768w, https:\/\/cinema.video\/wp-content\/uploads\/2025\/09\/fantoni-e-madre-scaled.jpg 225w, https:\/\/cinema.video\/wp-content\/uploads\/2025\/09\/fantoni-e-madre-scaled.jpg 1152w, https:\/\/cinema.video\/wp-content\/uploads\/2025\/09\/fantoni-e-madre-scaled.jpg 1536w, https:\/\/cinema.video\/wp-content\/uploads\/2025\/09\/fantoni-e-madre-scaled.jpg 315w, https:\/\/cinema.video\/wp-content\/uploads\/2025\/09\/fantoni-e-madre-scaled.jpg 150w, https:\/\/cinema.video\/wp-content\/uploads\/2025\/09\/fantoni-e-madre-scaled.jpg 300w, https:\/\/cinema.video\/wp-content\/uploads\/2025\/09\/fantoni-e-madre-scaled.jpg 696w, https:\/\/cinema.video\/wp-content\/uploads\/2025\/09\/fantoni-e-madre-scaled.jpg 1068w, https:\/\/cinema.video\/wp-content\/uploads\/2025\/09\/fantoni-e-madre-scaled.jpg 1920w, https:\/\/cinema.video\/wp-content\/uploads\/2025\/09\/fantoni-e-madre-scaled.jpg 1392w\" sizes=\"auto, (max-width: 696px) 100vw, 696px\" \/><\/figure><div class=\"wp-block-media-text__content\">\n<p class=\"wp-block-paragraph\">\u201cOggi \u00e8 stata una giornata speciale, \u00e8 stata una vera maratona di auguri, di saluti e di affetto da parte sia del pubblico che di alcuni ospiti che abbiamo avuto negli anni che ci hanno tenuto a farci avere un video di auguri con la speranza che l\u2019Edera resista e che continui ad essere il locale che \u00e8. Io mi sono impegnata oggi di fronte agli spettatori a dare continuit\u00e0 a questa bellissima avventura che \u00e8 iniziata 65 anni fa grazie all\u2019impegno di mia mamma e di mio pap\u00e0 e quindi sono molto contenta di aver visto tutto il pubblico che quest\u2019anno \u00e8 cresciuto con noi e anche devo dire che a questi spettacoli serali, molti nuovi giovani cinefili che mi fanno sperare che l\u2019Edera proseguir\u00e0 per lungo periodo e questa bella storia avr\u00e0 un proseguo che merita\u201d.&nbsp;<\/p>\n<\/div><\/div>\n","protected":false},"excerpt":{"rendered":"<p>A Venezia 82. la consegna del Premio Carlo Lizzani agli esercenti pi\u00f9 coraggiosi del 2025. E al miglior film 2025: Confiteor di Bonifacio Angius. Il Premio Carlo Lizzani agli esercenti coraggiosi 2025 va a Marco Fortunato, Lidia Lovaglio e Nacho  Cerd\u00e1. Il cinema Edera festeggia 65 anni <\/p>\n","protected":false},"author":26,"featured_media":300520,"comment_status":"closed","ping_status":"closed","sticky":false,"template":"","format":"standard","meta":{"googlesitekit_rrm_CAow3e7fCw:productID":"","_wpcom_ai_launchpad_first_post":false,"footnotes":"","jetpack_post_was_ever_published":false},"categories":[2329],"tags":[356,2343],"class_list":["post-300518","post","type-post","status-publish","format-standard","has-post-thumbnail","category-movie-theaters","tag-focus","tag-theaters"],"yoast_head":"<!-- This site is optimized with the Yoast SEO Premium plugin v28.3 (Yoast SEO v28.3) - https:\/\/yoast.com\/product\/yoast-seo-premium-wordpress\/ -->\n<title>Fortunato Lovaglio e Cerd\u00e1 gli esercenti coraggiosi 2025 - Cinema &amp; Video International<\/title>\n<meta name=\"description\" content=\"Fortunato Lovaglio e Cerd\u00e1 gli esercenti coraggiosi 2025 \u2013 fortunato lovaglio e cerd gli esercenti. Marco Fortunato (Cinemazero di Pordenone), Lidia Lovag\" \/>\n<meta name=\"robots\" content=\"index, follow, max-snippet:-1, max-image-preview:large, max-video-preview:-1\" \/>\n<link rel=\"canonical\" href=\"https:\/\/cinema.video\/it\/esercenti-coraggiosi-2025-premio-lizzani\" \/>\n<meta property=\"og:locale\" content=\"it_IT\" \/>\n<meta property=\"og:type\" content=\"article\" \/>\n<meta property=\"og:title\" content=\"Fortunato Lovaglio e Cerd\u00e1 gli esercenti coraggiosi 2025\" \/>\n<meta property=\"og:description\" content=\"Fortunato Lovaglio e Cerd\u00e1 gli esercenti coraggiosi 2025 \u2013 fortunato lovaglio e cerd gli esercenti. Marco Fortunato (Cinemazero di Pordenone), Lidia Lovag\" \/>\n<meta property=\"og:url\" content=\"https:\/\/cinema.video\/it\/esercenti-coraggiosi-2025-premio-lizzani\" \/>\n<meta property=\"og:site_name\" content=\"Cinema &amp; Video International\" \/>\n<meta property=\"article:publisher\" content=\"https:\/\/www.facebook.com\/CinemaVideoInternational\/\" \/>\n<meta property=\"article:published_time\" content=\"2025-09-09T09:53:56+00:00\" \/>\n<meta property=\"article:modified_time\" content=\"2026-04-10T02:10:14+00:00\" \/>\n<meta property=\"og:image\" content=\"https:\/\/cinema.video\/wp-content\/uploads\/2025\/09\/premiati-con-produttore-confiteor-e1757411623311.jpg\" \/>\n\t<meta property=\"og:image:width\" content=\"800\" \/>\n\t<meta property=\"og:image:height\" content=\"533\" \/>\n\t<meta property=\"og:image:type\" content=\"image\/jpeg\" \/>\n<meta name=\"author\" content=\"Editorial\" \/>\n<meta name=\"twitter:card\" content=\"summary_large_image\" \/>\n<meta name=\"twitter:label1\" content=\"Scritto da\" \/>\n\t<meta name=\"twitter:data1\" content=\"Editorial\" \/>\n\t<meta name=\"twitter:label2\" content=\"Tempo di lettura stimato\" \/>\n\t<meta name=\"twitter:data2\" content=\"5 minuti\" \/>\n<script type=\"application\/ld+json\" class=\"yoast-schema-graph\">{\"@context\":\"https:\\\/\\\/schema.org\",\"@graph\":[{\"@type\":\"Article\",\"@id\":\"https:\\\/\\\/cinema.video\\\/it\\\/esercenti-coraggiosi-2025-premio-lizzani#article\",\"isPartOf\":{\"@id\":\"https:\\\/\\\/cinema.video\\\/it\\\/esercenti-coraggiosi-2025-premio-lizzani\"},\"author\":{\"name\":\"Editorial\",\"@id\":\"https:\\\/\\\/cinema.video\\\/it#\\\/schema\\\/person\\\/aeb01b91d874e8b01e76a1db04c668c6\"},\"headline\":\"Fortunato Lovaglio e Cerd\u00e1 gli esercenti coraggiosi 2025\",\"datePublished\":\"2025-09-09T09:53:56+00:00\",\"dateModified\":\"2026-04-10T02:10:14+00:00\",\"mainEntityOfPage\":{\"@id\":\"https:\\\/\\\/cinema.video\\\/it\\\/esercenti-coraggiosi-2025-premio-lizzani\"},\"wordCount\":848,\"publisher\":{\"@id\":\"https:\\\/\\\/cinema.video\\\/it#organization\"},\"image\":{\"@id\":\"https:\\\/\\\/cinema.video\\\/it\\\/esercenti-coraggiosi-2025-premio-lizzani#primaryimage\"},\"thumbnailUrl\":\"https:\\\/\\\/cinema.video\\\/wp-content\\\/uploads\\\/2025\\\/09\\\/premiati-con-produttore-confiteor-e1757411623311.jpg\",\"keywords\":[\"focus\",\"THEATERS\"],\"articleSection\":[\"THEATERS\"],\"inLanguage\":\"it-IT\"},{\"@type\":\"WebPage\",\"@id\":\"https:\\\/\\\/cinema.video\\\/it\\\/esercenti-coraggiosi-2025-premio-lizzani\",\"url\":\"https:\\\/\\\/cinema.video\\\/it\\\/esercenti-coraggiosi-2025-premio-lizzani\",\"name\":\"Fortunato Lovaglio e Cerd\u00e1 gli esercenti coraggiosi 2025 - Cinema &amp; Video International\",\"isPartOf\":{\"@id\":\"https:\\\/\\\/cinema.video\\\/it#website\"},\"primaryImageOfPage\":{\"@id\":\"https:\\\/\\\/cinema.video\\\/it\\\/esercenti-coraggiosi-2025-premio-lizzani#primaryimage\"},\"image\":{\"@id\":\"https:\\\/\\\/cinema.video\\\/it\\\/esercenti-coraggiosi-2025-premio-lizzani#primaryimage\"},\"thumbnailUrl\":\"https:\\\/\\\/cinema.video\\\/wp-content\\\/uploads\\\/2025\\\/09\\\/premiati-con-produttore-confiteor-e1757411623311.jpg\",\"datePublished\":\"2025-09-09T09:53:56+00:00\",\"dateModified\":\"2026-04-10T02:10:14+00:00\",\"description\":\"Fortunato Lovaglio e Cerd\u00e1 gli esercenti coraggiosi 2025 \u2013 fortunato lovaglio e cerd gli esercenti. Marco Fortunato (Cinemazero di Pordenone), Lidia Lovag\",\"breadcrumb\":{\"@id\":\"https:\\\/\\\/cinema.video\\\/it\\\/esercenti-coraggiosi-2025-premio-lizzani#breadcrumb\"},\"inLanguage\":\"it-IT\",\"potentialAction\":[{\"@type\":\"ReadAction\",\"target\":[\"https:\\\/\\\/cinema.video\\\/it\\\/esercenti-coraggiosi-2025-premio-lizzani\"]}]},{\"@type\":\"ImageObject\",\"inLanguage\":\"it-IT\",\"@id\":\"https:\\\/\\\/cinema.video\\\/it\\\/esercenti-coraggiosi-2025-premio-lizzani#primaryimage\",\"url\":\"https:\\\/\\\/cinema.video\\\/wp-content\\\/uploads\\\/2025\\\/09\\\/premiati-con-produttore-confiteor-e1757411623311.jpg\",\"contentUrl\":\"https:\\\/\\\/cinema.video\\\/wp-content\\\/uploads\\\/2025\\\/09\\\/premiati-con-produttore-confiteor-e1757411623311.jpg\",\"width\":800,\"height\":533,\"caption\":\"Il Premio Carlo Lizzani agli esercenti coraggiosi 2025 va a Marco Fortunato, Lidia Lovaglio e Nacho Cerd\u00e1. Il cinema Edera festeggia 65 anni\"},{\"@type\":\"BreadcrumbList\",\"@id\":\"https:\\\/\\\/cinema.video\\\/it\\\/esercenti-coraggiosi-2025-premio-lizzani#breadcrumb\",\"itemListElement\":[{\"@type\":\"ListItem\",\"position\":1,\"name\":\"Home\",\"item\":\"https:\\\/\\\/cinema.video\\\/it\"},{\"@type\":\"ListItem\",\"position\":2,\"name\":\"Fortunato Lovaglio e Cerd\u00e1 gli esercenti coraggiosi 2025\"}]},{\"@type\":\"WebSite\",\"@id\":\"https:\\\/\\\/cinema.video\\\/it#website\",\"url\":\"https:\\\/\\\/cinema.video\\\/it\",\"name\":\"Cinema & Video International\",\"description\":\"Film &amp; Audiovisual B2B Industry Trade Platform Magazine\",\"publisher\":{\"@id\":\"https:\\\/\\\/cinema.video\\\/it#organization\"},\"alternateName\":\"Cinema & Video\",\"potentialAction\":[{\"@type\":\"SearchAction\",\"target\":{\"@type\":\"EntryPoint\",\"urlTemplate\":\"https:\\\/\\\/cinema.video\\\/it?s={search_term_string}\"},\"query-input\":{\"@type\":\"PropertyValueSpecification\",\"valueRequired\":true,\"valueName\":\"search_term_string\"}}],\"inLanguage\":\"it-IT\"},{\"@type\":\"Organization\",\"@id\":\"https:\\\/\\\/cinema.video\\\/it#organization\",\"name\":\"Cinema & Video\",\"url\":\"https:\\\/\\\/cinema.video\\\/it\",\"logo\":{\"@type\":\"ImageObject\",\"inLanguage\":\"it-IT\",\"@id\":\"https:\\\/\\\/cinema.video\\\/it#\\\/schema\\\/logo\\\/image\\\/\",\"url\":\"https:\\\/\\\/cinema.video\\\/wp-content\\\/uploads\\\/2026\\\/04\\\/CinemVideo_LogoBlack.png\",\"contentUrl\":\"https:\\\/\\\/cinema.video\\\/wp-content\\\/uploads\\\/2026\\\/04\\\/CinemVideo_LogoBlack.png\",\"width\":1336,\"height\":224,\"caption\":\"Cinema & Video\"},\"image\":{\"@id\":\"https:\\\/\\\/cinema.video\\\/it#\\\/schema\\\/logo\\\/image\\\/\"},\"sameAs\":[\"https:\\\/\\\/www.facebook.com\\\/CinemaVideoInternational\\\/\",\"https:\\\/\\\/www.instagram.com\\\/cinemaevideointernational\\\/\",\"https:\\\/\\\/it.linkedin.com\\\/company\\\/cinema-video-international\"],\"description\":\"Media Consulting & Marketing Agency\",\"email\":\"hello@darostudio.com\",\"legalName\":\"DARO studio LLC\",\"foundingDate\":\"2021-02-16\",\"numberOfEmployees\":{\"@type\":\"QuantitativeValue\",\"minValue\":\"1\",\"maxValue\":\"10\"},\"publishingPrinciples\":\"https:\\\/\\\/cinema.video\\\/about\"},{\"@type\":\"Person\",\"@id\":\"https:\\\/\\\/cinema.video\\\/it#\\\/schema\\\/person\\\/aeb01b91d874e8b01e76a1db04c668c6\",\"name\":\"Editorial\",\"image\":{\"@type\":\"ImageObject\",\"inLanguage\":\"it-IT\",\"@id\":\"https:\\\/\\\/secure.gravatar.com\\\/avatar\\\/06ad6f92eb14745b75fb592cadf8139d33242d81c9c8b085133c450aaf0b9731?s=96&d=mm&r=g\",\"url\":\"https:\\\/\\\/secure.gravatar.com\\\/avatar\\\/06ad6f92eb14745b75fb592cadf8139d33242d81c9c8b085133c450aaf0b9731?s=96&d=mm&r=g\",\"contentUrl\":\"https:\\\/\\\/secure.gravatar.com\\\/avatar\\\/06ad6f92eb14745b75fb592cadf8139d33242d81c9c8b085133c450aaf0b9731?s=96&d=mm&r=g\",\"caption\":\"Editorial\"},\"url\":\"https:\\\/\\\/cinema.video\\\/it\\\/author\\\/redazione\"}]}<\/script>\n<!-- \/ Yoast SEO Premium plugin. -->","yoast_head_json":{"title":"Fortunato Lovaglio e Cerd\u00e1 gli esercenti coraggiosi 2025 - Cinema &amp; Video International","description":"Fortunato Lovaglio e Cerd\u00e1 gli esercenti coraggiosi 2025 \u2013 fortunato lovaglio e cerd gli esercenti. Marco Fortunato (Cinemazero di Pordenone), Lidia Lovag","robots":{"index":"index","follow":"follow","max-snippet":"max-snippet:-1","max-image-preview":"max-image-preview:large","max-video-preview":"max-video-preview:-1"},"canonical":"https:\/\/cinema.video\/it\/esercenti-coraggiosi-2025-premio-lizzani","og_locale":"it_IT","og_type":"article","og_title":"Fortunato Lovaglio e Cerd\u00e1 gli esercenti coraggiosi 2025","og_description":"Fortunato Lovaglio e Cerd\u00e1 gli esercenti coraggiosi 2025 \u2013 fortunato lovaglio e cerd gli esercenti. Marco Fortunato (Cinemazero di Pordenone), Lidia Lovag","og_url":"https:\/\/cinema.video\/it\/esercenti-coraggiosi-2025-premio-lizzani","og_site_name":"Cinema &amp; Video International","article_publisher":"https:\/\/www.facebook.com\/CinemaVideoInternational\/","article_published_time":"2025-09-09T09:53:56+00:00","article_modified_time":"2026-04-10T02:10:14+00:00","og_image":[{"width":800,"height":533,"url":"https:\/\/cinema.video\/wp-content\/uploads\/2025\/09\/premiati-con-produttore-confiteor-e1757411623311.jpg","type":"image\/jpeg"}],"author":"Editorial","twitter_card":"summary_large_image","twitter_misc":{"Scritto da":"Editorial","Tempo di lettura stimato":"5 minuti"},"schema":{"@context":"https:\/\/schema.org","@graph":[{"@type":"Article","@id":"https:\/\/cinema.video\/it\/esercenti-coraggiosi-2025-premio-lizzani#article","isPartOf":{"@id":"https:\/\/cinema.video\/it\/esercenti-coraggiosi-2025-premio-lizzani"},"author":{"name":"Editorial","@id":"https:\/\/cinema.video\/it#\/schema\/person\/aeb01b91d874e8b01e76a1db04c668c6"},"headline":"Fortunato Lovaglio e Cerd\u00e1 gli esercenti coraggiosi 2025","datePublished":"2025-09-09T09:53:56+00:00","dateModified":"2026-04-10T02:10:14+00:00","mainEntityOfPage":{"@id":"https:\/\/cinema.video\/it\/esercenti-coraggiosi-2025-premio-lizzani"},"wordCount":848,"publisher":{"@id":"https:\/\/cinema.video\/it#organization"},"image":{"@id":"https:\/\/cinema.video\/it\/esercenti-coraggiosi-2025-premio-lizzani#primaryimage"},"thumbnailUrl":"https:\/\/cinema.video\/wp-content\/uploads\/2025\/09\/premiati-con-produttore-confiteor-e1757411623311.jpg","keywords":["focus","THEATERS"],"articleSection":["THEATERS"],"inLanguage":"it-IT"},{"@type":"WebPage","@id":"https:\/\/cinema.video\/it\/esercenti-coraggiosi-2025-premio-lizzani","url":"https:\/\/cinema.video\/it\/esercenti-coraggiosi-2025-premio-lizzani","name":"Fortunato Lovaglio e Cerd\u00e1 gli esercenti coraggiosi 2025 - Cinema &amp; Video International","isPartOf":{"@id":"https:\/\/cinema.video\/it#website"},"primaryImageOfPage":{"@id":"https:\/\/cinema.video\/it\/esercenti-coraggiosi-2025-premio-lizzani#primaryimage"},"image":{"@id":"https:\/\/cinema.video\/it\/esercenti-coraggiosi-2025-premio-lizzani#primaryimage"},"thumbnailUrl":"https:\/\/cinema.video\/wp-content\/uploads\/2025\/09\/premiati-con-produttore-confiteor-e1757411623311.jpg","datePublished":"2025-09-09T09:53:56+00:00","dateModified":"2026-04-10T02:10:14+00:00","description":"Fortunato Lovaglio e Cerd\u00e1 gli esercenti coraggiosi 2025 \u2013 fortunato lovaglio e cerd gli esercenti. Marco Fortunato (Cinemazero di Pordenone), Lidia Lovag","breadcrumb":{"@id":"https:\/\/cinema.video\/it\/esercenti-coraggiosi-2025-premio-lizzani#breadcrumb"},"inLanguage":"it-IT","potentialAction":[{"@type":"ReadAction","target":["https:\/\/cinema.video\/it\/esercenti-coraggiosi-2025-premio-lizzani"]}]},{"@type":"ImageObject","inLanguage":"it-IT","@id":"https:\/\/cinema.video\/it\/esercenti-coraggiosi-2025-premio-lizzani#primaryimage","url":"https:\/\/cinema.video\/wp-content\/uploads\/2025\/09\/premiati-con-produttore-confiteor-e1757411623311.jpg","contentUrl":"https:\/\/cinema.video\/wp-content\/uploads\/2025\/09\/premiati-con-produttore-confiteor-e1757411623311.jpg","width":800,"height":533,"caption":"Il Premio Carlo Lizzani agli esercenti coraggiosi 2025 va a Marco Fortunato, Lidia Lovaglio e Nacho Cerd\u00e1. Il cinema Edera festeggia 65 anni"},{"@type":"BreadcrumbList","@id":"https:\/\/cinema.video\/it\/esercenti-coraggiosi-2025-premio-lizzani#breadcrumb","itemListElement":[{"@type":"ListItem","position":1,"name":"Home","item":"https:\/\/cinema.video\/it"},{"@type":"ListItem","position":2,"name":"Fortunato Lovaglio e Cerd\u00e1 gli esercenti coraggiosi 2025"}]},{"@type":"WebSite","@id":"https:\/\/cinema.video\/it#website","url":"https:\/\/cinema.video\/it","name":"Cinema & Video International","description":"Film &amp; Audiovisual B2B Industry Trade Platform Magazine","publisher":{"@id":"https:\/\/cinema.video\/it#organization"},"alternateName":"Cinema & Video","potentialAction":[{"@type":"SearchAction","target":{"@type":"EntryPoint","urlTemplate":"https:\/\/cinema.video\/it?s={search_term_string}"},"query-input":{"@type":"PropertyValueSpecification","valueRequired":true,"valueName":"search_term_string"}}],"inLanguage":"it-IT"},{"@type":"Organization","@id":"https:\/\/cinema.video\/it#organization","name":"Cinema & Video","url":"https:\/\/cinema.video\/it","logo":{"@type":"ImageObject","inLanguage":"it-IT","@id":"https:\/\/cinema.video\/it#\/schema\/logo\/image\/","url":"https:\/\/cinema.video\/wp-content\/uploads\/2026\/04\/CinemVideo_LogoBlack.png","contentUrl":"https:\/\/cinema.video\/wp-content\/uploads\/2026\/04\/CinemVideo_LogoBlack.png","width":1336,"height":224,"caption":"Cinema & Video"},"image":{"@id":"https:\/\/cinema.video\/it#\/schema\/logo\/image\/"},"sameAs":["https:\/\/www.facebook.com\/CinemaVideoInternational\/","https:\/\/www.instagram.com\/cinemaevideointernational\/","https:\/\/it.linkedin.com\/company\/cinema-video-international"],"description":"Media Consulting & Marketing Agency","email":"hello@darostudio.com","legalName":"DARO studio LLC","foundingDate":"2021-02-16","numberOfEmployees":{"@type":"QuantitativeValue","minValue":"1","maxValue":"10"},"publishingPrinciples":"https:\/\/cinema.video\/about"},{"@type":"Person","@id":"https:\/\/cinema.video\/it#\/schema\/person\/aeb01b91d874e8b01e76a1db04c668c6","name":"Editorial","image":{"@type":"ImageObject","inLanguage":"it-IT","@id":"https:\/\/secure.gravatar.com\/avatar\/06ad6f92eb14745b75fb592cadf8139d33242d81c9c8b085133c450aaf0b9731?s=96&d=mm&r=g","url":"https:\/\/secure.gravatar.com\/avatar\/06ad6f92eb14745b75fb592cadf8139d33242d81c9c8b085133c450aaf0b9731?s=96&d=mm&r=g","contentUrl":"https:\/\/secure.gravatar.com\/avatar\/06ad6f92eb14745b75fb592cadf8139d33242d81c9c8b085133c450aaf0b9731?s=96&d=mm&r=g","caption":"Editorial"},"url":"https:\/\/cinema.video\/it\/author\/redazione"}]}},"jetpack_shortlink":"https:\/\/wp.me\/ph672m-1gb4","jetpack_featured_media_url":"https:\/\/cinema.video\/wp-content\/uploads\/2025\/09\/premiati-con-produttore-confiteor-e1757411623311.jpg","_links":{"self":[{"href":"https:\/\/cinema.video\/it\/wp-json\/wp\/v2\/posts\/300518","targetHints":{"allow":["GET"]}}],"collection":[{"href":"https:\/\/cinema.video\/it\/wp-json\/wp\/v2\/posts"}],"about":[{"href":"https:\/\/cinema.video\/it\/wp-json\/wp\/v2\/types\/post"}],"author":[{"embeddable":true,"href":"https:\/\/cinema.video\/it\/wp-json\/wp\/v2\/users\/26"}],"replies":[{"embeddable":true,"href":"https:\/\/cinema.video\/it\/wp-json\/wp\/v2\/comments?post=300518"}],"version-history":[{"count":2,"href":"https:\/\/cinema.video\/it\/wp-json\/wp\/v2\/posts\/300518\/revisions"}],"predecessor-version":[{"id":309739,"href":"https:\/\/cinema.video\/it\/wp-json\/wp\/v2\/posts\/300518\/revisions\/309739"}],"wp:featuredmedia":[{"embeddable":true,"href":"https:\/\/cinema.video\/it\/wp-json\/wp\/v2\/media\/300520"}],"wp:attachment":[{"href":"https:\/\/cinema.video\/it\/wp-json\/wp\/v2\/media?parent=300518"}],"wp:term":[{"taxonomy":"category","embeddable":true,"href":"https:\/\/cinema.video\/it\/wp-json\/wp\/v2\/categories?post=300518"},{"taxonomy":"post_tag","embeddable":true,"href":"https:\/\/cinema.video\/it\/wp-json\/wp\/v2\/tags?post=300518"}],"curies":[{"name":"wp","href":"https:\/\/api.w.org\/{rel}","templated":true}]}}