{"id":300480,"date":"2025-09-07T12:35:44","date_gmt":"2025-09-07T10:35:44","guid":{"rendered":"https:\/\/cinema.video\/?p=300480"},"modified":"2026-04-10T04:10:14","modified_gmt":"2026-04-10T02:10:14","slug":"animazione-venezia82","status":"publish","type":"post","link":"https:\/\/cinema.video\/it\/animazione-venezia82","title":{"rendered":"Un Lido non molto animato"},"content":{"rendered":"\n<p class=\"wp-block-paragraph\"><em><strong>Scarlet<\/strong><\/em>, il nuovo film di Mamoru Hosoda, il regista giapponese che pi\u00f9 di altri ha raggiunto fama e riconoscibilit\u00e0 in Occidente dopo Hayao Miyazaki, del quale \u00e8 stato indicato spesso come un \u201cerede\u201d, sembra non essere all\u2019altezza de <em>La ragazza che saltava nel tempo <\/em>con il quale si fece molto apprezzare ormai quasi vent\u2019anni fa. <em>Scarlet <\/em>\u00e8 stato anche l\u2019unico vero film di animazione nel programma di <strong>Venezia82<\/strong>, passato <em>Fuori Concorso<\/em>.<\/p>\n\n\n\n<p class=\"wp-block-paragraph\">A differenza di Cannes, che ha ospitato negli anni anche lanci mondiali di blockbuster, uno su tutti, <em>Shrek<\/em>, il primo film d&#8217;animazione (dopo <em>Peter Pan<\/em> nel 1953) ad essere selezionato in concorso per la Palma d&#8217;Oro al Festival nel lontano 2001, la Mostra non ha mai avuto un gran feeling con quest\u2019arte cinematografica, peraltro cosa abbastanza bizzarra se non altro perch\u00e9 la bellissima sigla del festival, riproposta anche quest\u2019anno, \u00e8 in animazione, e porta la firma dell\u2019illustratore e regista<strong> Lorenzo Mattotti\u00a0<\/strong>che ha<strong> <\/strong>firmato per sette anni anche l\u2019immagine del\u00a0manifesto ufficiale di Venezia. Se al Lido si vuole vedere qualcosa nella tecnica (e non genere) dell\u2019animazione bisogna prendere il battello e andare al Lazzaretto Vecchio dove a Venice Immersive si scova qui e l\u00ec qualche opera in VR. Oppure cercare fra i cortometraggi\u00a0del Premio <em>Orizzonti<\/em>, dove Fuori concorso \u00e8 stato presentato quest\u2019anno il breve (6 minuti) <em>Rukeli\u00a0<\/em>di <strong>Alessandro Rak<\/strong>, che ha riscoperto la storia del pugile Rom omonimo.<\/p>\n\n\n\n<p class=\"wp-block-paragraph\">Il programma dell\u2019<strong>Italian Pavilion all\u2019Excelsior<\/strong> propone qualche panel o lancio di opere animate. Quest\u2019anno ci si \u00e8 accontentati di un Focus sull\u2019India, Paese peraltro messo in luce gi\u00e0 in una scorsa edizione, in un incontro in cui si parlava genericamente di Intelligenza Artificiale cui ha partecipato <strong>Cristian Jezdic<\/strong>, CEO e produttore di<strong> beQ Entertainment<\/strong>, responsabile dell&#8217;internazionalizzazione per\u00a0<strong>Cartoon Italia<\/strong>, l&#8217;associazione italiana dei\u00a0produttori di\u00a0animazione. \u201cL\u2019animazione ha sempre accolto tutte le innovazioni tecnologiche \u2013 ha detto Jezdic, esperto di gestioni di produzioni all\u2019estero e in particolare proprio in India \u2013 ma con un \u201cmantra\u201d: l\u2019essere umano \u00e8 al centro, il creativo \u00e8 al centro. Avere pi\u00f9 tempo per la parte veramente creativa \u00e8 un indubbio vantaggio\u201d. \u201cServe quindi in un codice etico ferreo e normative. Finora si \u00e8 fatto un uso disinvolto di una quantit\u00e0 enorme di dati\u201d, ha detto a nome dell\u2019associazione.<\/p>\n\n\n\n<p class=\"wp-block-paragraph\">Ci ha pensato\u00a0<strong>Iginio Straffi<\/strong>, fondatore e CEO di<strong> Rainbow<\/strong>, con una festa aperta a tutti sulla spiaggia del BlueMoon, a ricordare che uno dei successi commerciali italiani pi\u00f9 clamorosi degli ultimi vent\u2019anni \u00e8 la sua serie animata <em>Winx Club<\/em>, di cui a ottobre la Rai presenter\u00e0 la nuovissima, decima stagione: <em><strong>The Magic is Back<\/strong>, <\/em>da domani (luned\u00ec 8 settembre) in onda in anteprima sulla BBC, che verr\u00e0 accompagnata da centinaia di short per i social. \u201cAbbiamo infranto un tab\u00f9 \u2013 ha sottolineato Straffi \u2013 mai prima d\u2019ora le Winx erano state sulla BBC\u201d. Occasione questa, dopo il Festival Internazionale del Film di Animazione di Annecy, per celebrare anche in Italia la sua carriera e relativo studio di animazione che proprio quest\u2019anno compie trent\u2019anni, l\u2019evoluzione delle sue fatine e il percorso editoriale intrapreso con l\u2019acquisizione di Colorado in un incontro presentato da <strong>ITTV International Forum e TechInEntertainment<\/strong> all\u2019Italian Pavilion. All\u2019incontro ha partecipato da \u201cfuori campo\u201d anche il Presidente della Commissione VII Cultura della Camera dei Deputati, <strong>Federico Mollicone<\/strong>, sollecitato dallo stesso Straffi a fare qualcosa per l\u2019animazione, e a non indebolire la Rai, l\u2019unico vero investitore in Italia in questo settore attualmente fermo al palo. Regole certe e durature per almeno un triennio, ma soprattutto avere pi\u00f9 potere negoziale nei confronti degli studios e delle piattaforme i punti di Straffi che \u00e8 anche vice presidente APA con delega per l\u2019animazione, per non ritrovarsi a non avere pi\u00f9 contenuti europei ma anche per lo Stato meno introiti. \u201cCrediamo che l\u2019animazione sia un\u2019eccellenza italiana\u201d, gli ha risposto Mollicone, assicurando con le nuove normative in via di ridefinizione anche un rafforzamento della Rai e nello specifico di Rai Kids.<\/p>\n","protected":false},"excerpt":{"rendered":"<p>Il cinema d&#8217;animazione a Venezia: pochi titoli al festival, il focus sull&#8217;India tenutosi all&#8217;Italian Pavilion e la celebrazione di Rainnbow all&#8217;ITTV International Forum e TechInEntertainment<\/p>\n","protected":false},"author":14,"featured_media":300482,"comment_status":"closed","ping_status":"closed","sticky":false,"template":"","format":"standard","meta":{"googlesitekit_rrm_CAow3e7fCw:productID":"","_wpcom_ai_launchpad_first_post":false,"footnotes":"","jetpack_post_was_ever_published":false},"categories":[1],"tags":[813,436,607,1694],"class_list":["post-300480","post","type-post","status-publish","format-standard","has-post-thumbnail","category-senza-categoria","tag-animation","tag-animazione","tag-mic","tag-venice-film-festival"],"yoast_head":"<!-- This site is optimized with the Yoast SEO Premium plugin v28.3 (Yoast SEO v28.3) - https:\/\/yoast.com\/product\/yoast-seo-premium-wordpress\/ -->\n<title>Un Lido non molto animato - Cinema &amp; Video International<\/title>\n<meta name=\"description\" content=\"Un Lido non molto animato \u2013 un lido non molto animato. Scarlet, il nuovo film di Mamoru Hosoda, il regista giapponese che pi\u00f9 di altri ha raggiunto fama e\" \/>\n<meta name=\"robots\" content=\"index, follow, max-snippet:-1, max-image-preview:large, max-video-preview:-1\" \/>\n<link rel=\"canonical\" href=\"https:\/\/cinema.video\/it\/animazione-venezia82\" \/>\n<meta property=\"og:locale\" content=\"it_IT\" \/>\n<meta property=\"og:type\" content=\"article\" \/>\n<meta property=\"og:title\" content=\"Un Lido non molto animato\" \/>\n<meta property=\"og:description\" content=\"Un Lido non molto animato \u2013 un lido non molto animato. Scarlet, il nuovo film di Mamoru Hosoda, il regista giapponese che pi\u00f9 di altri ha raggiunto fama e\" \/>\n<meta property=\"og:url\" content=\"https:\/\/cinema.video\/it\/animazione-venezia82\" \/>\n<meta property=\"og:site_name\" content=\"Cinema &amp; Video International\" \/>\n<meta property=\"article:publisher\" content=\"https:\/\/www.facebook.com\/CinemaVideoInternational\/\" \/>\n<meta property=\"article:published_time\" content=\"2025-09-07T10:35:44+00:00\" \/>\n<meta property=\"article:modified_time\" content=\"2026-04-10T02:10:14+00:00\" \/>\n<meta property=\"og:image\" content=\"https:\/\/cinema.video\/wp-content\/uploads\/2025\/09\/IMG_7238-scaled.jpg\" \/>\n\t<meta property=\"og:image:width\" content=\"2560\" \/>\n\t<meta property=\"og:image:height\" content=\"1920\" \/>\n\t<meta property=\"og:image:type\" content=\"image\/jpeg\" \/>\n<meta name=\"author\" content=\"Monica Tasciotti\" \/>\n<meta name=\"twitter:card\" content=\"summary_large_image\" \/>\n<meta name=\"twitter:label1\" content=\"Scritto da\" \/>\n\t<meta name=\"twitter:data1\" content=\"Monica Tasciotti\" \/>\n\t<meta name=\"twitter:label2\" content=\"Tempo di lettura stimato\" \/>\n\t<meta name=\"twitter:data2\" content=\"4 minuti\" \/>\n<script type=\"application\/ld+json\" class=\"yoast-schema-graph\">{\"@context\":\"https:\\\/\\\/schema.org\",\"@graph\":[{\"@type\":\"Article\",\"@id\":\"https:\\\/\\\/cinema.video\\\/it\\\/animazione-venezia82#article\",\"isPartOf\":{\"@id\":\"https:\\\/\\\/cinema.video\\\/it\\\/animazione-venezia82\"},\"author\":{\"name\":\"Monica Tasciotti\",\"@id\":\"https:\\\/\\\/cinema.video\\\/it#\\\/schema\\\/person\\\/1ee8b2699ef9820dce5f2d4deb57c0be\"},\"headline\":\"Un Lido non molto animato\",\"datePublished\":\"2025-09-07T10:35:44+00:00\",\"dateModified\":\"2026-04-10T02:10:14+00:00\",\"mainEntityOfPage\":{\"@id\":\"https:\\\/\\\/cinema.video\\\/it\\\/animazione-venezia82\"},\"wordCount\":671,\"publisher\":{\"@id\":\"https:\\\/\\\/cinema.video\\\/it#organization\"},\"image\":{\"@id\":\"https:\\\/\\\/cinema.video\\\/it\\\/animazione-venezia82#primaryimage\"},\"thumbnailUrl\":\"https:\\\/\\\/cinema.video\\\/wp-content\\\/uploads\\\/2025\\\/09\\\/IMG_7238-scaled.jpg\",\"keywords\":[\"ANIMATION\",\"Animazione\",\"MIC\",\"VENICE FILM FESTIVAL\"],\"inLanguage\":\"it-IT\"},{\"@type\":\"WebPage\",\"@id\":\"https:\\\/\\\/cinema.video\\\/it\\\/animazione-venezia82\",\"url\":\"https:\\\/\\\/cinema.video\\\/it\\\/animazione-venezia82\",\"name\":\"Un Lido non molto animato - Cinema &amp; Video International\",\"isPartOf\":{\"@id\":\"https:\\\/\\\/cinema.video\\\/it#website\"},\"primaryImageOfPage\":{\"@id\":\"https:\\\/\\\/cinema.video\\\/it\\\/animazione-venezia82#primaryimage\"},\"image\":{\"@id\":\"https:\\\/\\\/cinema.video\\\/it\\\/animazione-venezia82#primaryimage\"},\"thumbnailUrl\":\"https:\\\/\\\/cinema.video\\\/wp-content\\\/uploads\\\/2025\\\/09\\\/IMG_7238-scaled.jpg\",\"datePublished\":\"2025-09-07T10:35:44+00:00\",\"dateModified\":\"2026-04-10T02:10:14+00:00\",\"description\":\"Un Lido non molto animato \u2013 un lido non molto animato. Scarlet, il nuovo film di Mamoru Hosoda, il regista giapponese che pi\u00f9 di altri ha raggiunto fama e\",\"breadcrumb\":{\"@id\":\"https:\\\/\\\/cinema.video\\\/it\\\/animazione-venezia82#breadcrumb\"},\"inLanguage\":\"it-IT\",\"potentialAction\":[{\"@type\":\"ReadAction\",\"target\":[\"https:\\\/\\\/cinema.video\\\/it\\\/animazione-venezia82\"]}]},{\"@type\":\"ImageObject\",\"inLanguage\":\"it-IT\",\"@id\":\"https:\\\/\\\/cinema.video\\\/it\\\/animazione-venezia82#primaryimage\",\"url\":\"https:\\\/\\\/cinema.video\\\/wp-content\\\/uploads\\\/2025\\\/09\\\/IMG_7238-scaled.jpg\",\"contentUrl\":\"https:\\\/\\\/cinema.video\\\/wp-content\\\/uploads\\\/2025\\\/09\\\/IMG_7238-scaled.jpg\",\"width\":2560,\"height\":1920},{\"@type\":\"BreadcrumbList\",\"@id\":\"https:\\\/\\\/cinema.video\\\/it\\\/animazione-venezia82#breadcrumb\",\"itemListElement\":[{\"@type\":\"ListItem\",\"position\":1,\"name\":\"Home\",\"item\":\"https:\\\/\\\/cinema.video\\\/it\"},{\"@type\":\"ListItem\",\"position\":2,\"name\":\"Un Lido non molto animato\"}]},{\"@type\":\"WebSite\",\"@id\":\"https:\\\/\\\/cinema.video\\\/it#website\",\"url\":\"https:\\\/\\\/cinema.video\\\/it\",\"name\":\"Cinema & Video International\",\"description\":\"Film &amp; Audiovisual B2B Industry Trade Platform Magazine\",\"publisher\":{\"@id\":\"https:\\\/\\\/cinema.video\\\/it#organization\"},\"alternateName\":\"Cinema & Video\",\"potentialAction\":[{\"@type\":\"SearchAction\",\"target\":{\"@type\":\"EntryPoint\",\"urlTemplate\":\"https:\\\/\\\/cinema.video\\\/it?s={search_term_string}\"},\"query-input\":{\"@type\":\"PropertyValueSpecification\",\"valueRequired\":true,\"valueName\":\"search_term_string\"}}],\"inLanguage\":\"it-IT\"},{\"@type\":\"Organization\",\"@id\":\"https:\\\/\\\/cinema.video\\\/it#organization\",\"name\":\"Cinema & Video\",\"url\":\"https:\\\/\\\/cinema.video\\\/it\",\"logo\":{\"@type\":\"ImageObject\",\"inLanguage\":\"it-IT\",\"@id\":\"https:\\\/\\\/cinema.video\\\/it#\\\/schema\\\/logo\\\/image\\\/\",\"url\":\"https:\\\/\\\/cinema.video\\\/wp-content\\\/uploads\\\/2026\\\/04\\\/CinemVideo_LogoBlack.png\",\"contentUrl\":\"https:\\\/\\\/cinema.video\\\/wp-content\\\/uploads\\\/2026\\\/04\\\/CinemVideo_LogoBlack.png\",\"width\":1336,\"height\":224,\"caption\":\"Cinema & Video\"},\"image\":{\"@id\":\"https:\\\/\\\/cinema.video\\\/it#\\\/schema\\\/logo\\\/image\\\/\"},\"sameAs\":[\"https:\\\/\\\/www.facebook.com\\\/CinemaVideoInternational\\\/\",\"https:\\\/\\\/www.instagram.com\\\/cinemaevideointernational\\\/\",\"https:\\\/\\\/it.linkedin.com\\\/company\\\/cinema-video-international\"],\"description\":\"Media Consulting & Marketing Agency\",\"email\":\"hello@darostudio.com\",\"legalName\":\"DARO studio LLC\",\"foundingDate\":\"2021-02-16\",\"numberOfEmployees\":{\"@type\":\"QuantitativeValue\",\"minValue\":\"1\",\"maxValue\":\"10\"},\"publishingPrinciples\":\"https:\\\/\\\/cinema.video\\\/about\"},{\"@type\":\"Person\",\"@id\":\"https:\\\/\\\/cinema.video\\\/it#\\\/schema\\\/person\\\/1ee8b2699ef9820dce5f2d4deb57c0be\",\"name\":\"Monica Tasciotti\",\"image\":{\"@type\":\"ImageObject\",\"inLanguage\":\"it-IT\",\"@id\":\"https:\\\/\\\/secure.gravatar.com\\\/avatar\\\/b6c16aab817044746bca86a66f5c3d236a2ce9151db90e36a71509f650f31bf9?s=96&d=mm&r=g\",\"url\":\"https:\\\/\\\/secure.gravatar.com\\\/avatar\\\/b6c16aab817044746bca86a66f5c3d236a2ce9151db90e36a71509f650f31bf9?s=96&d=mm&r=g\",\"contentUrl\":\"https:\\\/\\\/secure.gravatar.com\\\/avatar\\\/b6c16aab817044746bca86a66f5c3d236a2ce9151db90e36a71509f650f31bf9?s=96&d=mm&r=g\",\"caption\":\"Monica Tasciotti\"},\"url\":\"https:\\\/\\\/cinema.video\\\/it\\\/author\\\/monica-tasciotti\"}]}<\/script>\n<!-- \/ Yoast SEO Premium plugin. -->","yoast_head_json":{"title":"Un Lido non molto animato - Cinema &amp; Video International","description":"Un Lido non molto animato \u2013 un lido non molto animato. Scarlet, il nuovo film di Mamoru Hosoda, il regista giapponese che pi\u00f9 di altri ha raggiunto fama e","robots":{"index":"index","follow":"follow","max-snippet":"max-snippet:-1","max-image-preview":"max-image-preview:large","max-video-preview":"max-video-preview:-1"},"canonical":"https:\/\/cinema.video\/it\/animazione-venezia82","og_locale":"it_IT","og_type":"article","og_title":"Un Lido non molto animato","og_description":"Un Lido non molto animato \u2013 un lido non molto animato. Scarlet, il nuovo film di Mamoru Hosoda, il regista giapponese che pi\u00f9 di altri ha raggiunto fama e","og_url":"https:\/\/cinema.video\/it\/animazione-venezia82","og_site_name":"Cinema &amp; Video International","article_publisher":"https:\/\/www.facebook.com\/CinemaVideoInternational\/","article_published_time":"2025-09-07T10:35:44+00:00","article_modified_time":"2026-04-10T02:10:14+00:00","og_image":[{"width":2560,"height":1920,"url":"https:\/\/cinema.video\/wp-content\/uploads\/2025\/09\/IMG_7238-scaled.jpg","type":"image\/jpeg"}],"author":"Monica Tasciotti","twitter_card":"summary_large_image","twitter_misc":{"Scritto da":"Monica Tasciotti","Tempo di lettura stimato":"4 minuti"},"schema":{"@context":"https:\/\/schema.org","@graph":[{"@type":"Article","@id":"https:\/\/cinema.video\/it\/animazione-venezia82#article","isPartOf":{"@id":"https:\/\/cinema.video\/it\/animazione-venezia82"},"author":{"name":"Monica Tasciotti","@id":"https:\/\/cinema.video\/it#\/schema\/person\/1ee8b2699ef9820dce5f2d4deb57c0be"},"headline":"Un Lido non molto animato","datePublished":"2025-09-07T10:35:44+00:00","dateModified":"2026-04-10T02:10:14+00:00","mainEntityOfPage":{"@id":"https:\/\/cinema.video\/it\/animazione-venezia82"},"wordCount":671,"publisher":{"@id":"https:\/\/cinema.video\/it#organization"},"image":{"@id":"https:\/\/cinema.video\/it\/animazione-venezia82#primaryimage"},"thumbnailUrl":"https:\/\/cinema.video\/wp-content\/uploads\/2025\/09\/IMG_7238-scaled.jpg","keywords":["ANIMATION","Animazione","MIC","VENICE FILM FESTIVAL"],"inLanguage":"it-IT"},{"@type":"WebPage","@id":"https:\/\/cinema.video\/it\/animazione-venezia82","url":"https:\/\/cinema.video\/it\/animazione-venezia82","name":"Un Lido non molto animato - Cinema &amp; Video International","isPartOf":{"@id":"https:\/\/cinema.video\/it#website"},"primaryImageOfPage":{"@id":"https:\/\/cinema.video\/it\/animazione-venezia82#primaryimage"},"image":{"@id":"https:\/\/cinema.video\/it\/animazione-venezia82#primaryimage"},"thumbnailUrl":"https:\/\/cinema.video\/wp-content\/uploads\/2025\/09\/IMG_7238-scaled.jpg","datePublished":"2025-09-07T10:35:44+00:00","dateModified":"2026-04-10T02:10:14+00:00","description":"Un Lido non molto animato \u2013 un lido non molto animato. Scarlet, il nuovo film di Mamoru Hosoda, il regista giapponese che pi\u00f9 di altri ha raggiunto fama e","breadcrumb":{"@id":"https:\/\/cinema.video\/it\/animazione-venezia82#breadcrumb"},"inLanguage":"it-IT","potentialAction":[{"@type":"ReadAction","target":["https:\/\/cinema.video\/it\/animazione-venezia82"]}]},{"@type":"ImageObject","inLanguage":"it-IT","@id":"https:\/\/cinema.video\/it\/animazione-venezia82#primaryimage","url":"https:\/\/cinema.video\/wp-content\/uploads\/2025\/09\/IMG_7238-scaled.jpg","contentUrl":"https:\/\/cinema.video\/wp-content\/uploads\/2025\/09\/IMG_7238-scaled.jpg","width":2560,"height":1920},{"@type":"BreadcrumbList","@id":"https:\/\/cinema.video\/it\/animazione-venezia82#breadcrumb","itemListElement":[{"@type":"ListItem","position":1,"name":"Home","item":"https:\/\/cinema.video\/it"},{"@type":"ListItem","position":2,"name":"Un Lido non molto animato"}]},{"@type":"WebSite","@id":"https:\/\/cinema.video\/it#website","url":"https:\/\/cinema.video\/it","name":"Cinema & Video International","description":"Film &amp; Audiovisual B2B Industry Trade Platform Magazine","publisher":{"@id":"https:\/\/cinema.video\/it#organization"},"alternateName":"Cinema & Video","potentialAction":[{"@type":"SearchAction","target":{"@type":"EntryPoint","urlTemplate":"https:\/\/cinema.video\/it?s={search_term_string}"},"query-input":{"@type":"PropertyValueSpecification","valueRequired":true,"valueName":"search_term_string"}}],"inLanguage":"it-IT"},{"@type":"Organization","@id":"https:\/\/cinema.video\/it#organization","name":"Cinema & Video","url":"https:\/\/cinema.video\/it","logo":{"@type":"ImageObject","inLanguage":"it-IT","@id":"https:\/\/cinema.video\/it#\/schema\/logo\/image\/","url":"https:\/\/cinema.video\/wp-content\/uploads\/2026\/04\/CinemVideo_LogoBlack.png","contentUrl":"https:\/\/cinema.video\/wp-content\/uploads\/2026\/04\/CinemVideo_LogoBlack.png","width":1336,"height":224,"caption":"Cinema & Video"},"image":{"@id":"https:\/\/cinema.video\/it#\/schema\/logo\/image\/"},"sameAs":["https:\/\/www.facebook.com\/CinemaVideoInternational\/","https:\/\/www.instagram.com\/cinemaevideointernational\/","https:\/\/it.linkedin.com\/company\/cinema-video-international"],"description":"Media Consulting & Marketing Agency","email":"hello@darostudio.com","legalName":"DARO studio LLC","foundingDate":"2021-02-16","numberOfEmployees":{"@type":"QuantitativeValue","minValue":"1","maxValue":"10"},"publishingPrinciples":"https:\/\/cinema.video\/about"},{"@type":"Person","@id":"https:\/\/cinema.video\/it#\/schema\/person\/1ee8b2699ef9820dce5f2d4deb57c0be","name":"Monica Tasciotti","image":{"@type":"ImageObject","inLanguage":"it-IT","@id":"https:\/\/secure.gravatar.com\/avatar\/b6c16aab817044746bca86a66f5c3d236a2ce9151db90e36a71509f650f31bf9?s=96&d=mm&r=g","url":"https:\/\/secure.gravatar.com\/avatar\/b6c16aab817044746bca86a66f5c3d236a2ce9151db90e36a71509f650f31bf9?s=96&d=mm&r=g","contentUrl":"https:\/\/secure.gravatar.com\/avatar\/b6c16aab817044746bca86a66f5c3d236a2ce9151db90e36a71509f650f31bf9?s=96&d=mm&r=g","caption":"Monica Tasciotti"},"url":"https:\/\/cinema.video\/it\/author\/monica-tasciotti"}]}},"jetpack_shortlink":"https:\/\/wp.me\/ph672m-1gas","jetpack_featured_media_url":"https:\/\/cinema.video\/wp-content\/uploads\/2025\/09\/IMG_7238-scaled.jpg","_links":{"self":[{"href":"https:\/\/cinema.video\/it\/wp-json\/wp\/v2\/posts\/300480","targetHints":{"allow":["GET"]}}],"collection":[{"href":"https:\/\/cinema.video\/it\/wp-json\/wp\/v2\/posts"}],"about":[{"href":"https:\/\/cinema.video\/it\/wp-json\/wp\/v2\/types\/post"}],"author":[{"embeddable":true,"href":"https:\/\/cinema.video\/it\/wp-json\/wp\/v2\/users\/14"}],"replies":[{"embeddable":true,"href":"https:\/\/cinema.video\/it\/wp-json\/wp\/v2\/comments?post=300480"}],"version-history":[{"count":1,"href":"https:\/\/cinema.video\/it\/wp-json\/wp\/v2\/posts\/300480\/revisions"}],"predecessor-version":[{"id":309738,"href":"https:\/\/cinema.video\/it\/wp-json\/wp\/v2\/posts\/300480\/revisions\/309738"}],"wp:featuredmedia":[{"embeddable":true,"href":"https:\/\/cinema.video\/it\/wp-json\/wp\/v2\/media\/300482"}],"wp:attachment":[{"href":"https:\/\/cinema.video\/it\/wp-json\/wp\/v2\/media?parent=300480"}],"wp:term":[{"taxonomy":"category","embeddable":true,"href":"https:\/\/cinema.video\/it\/wp-json\/wp\/v2\/categories?post=300480"},{"taxonomy":"post_tag","embeddable":true,"href":"https:\/\/cinema.video\/it\/wp-json\/wp\/v2\/tags?post=300480"}],"curies":[{"name":"wp","href":"https:\/\/api.w.org\/{rel}","templated":true}]}}