{"id":300464,"date":"2025-09-07T09:26:22","date_gmt":"2025-09-07T07:26:22","guid":{"rendered":"https:\/\/cinema.video\/?p=300464"},"modified":"2026-04-10T04:10:08","modified_gmt":"2026-04-10T02:10:08","slug":"lspg-popocorn-venezia-82","status":"publish","type":"post","link":"https:\/\/cinema.video\/it\/lspg-popocorn-venezia-82","title":{"rendered":"Luca Severi la sfida nelle sale italiane con LSPG Popcorn"},"content":{"rendered":"\n<p class=\"wp-block-paragraph\">A quasi un anno dal suo esordio ad Alice nelle Citt\u00e0, <strong><em>I racconti del Mare<\/em><\/strong>, la commedia surreale \u2018girata in mezzo al mare\u2019 diretta e prodotta da <strong>Luca Severi <\/strong>con<strong> LSPG,<\/strong> arriver\u00e0 nelle sale italiane con la <strong>LSPG Popcorn<\/strong>, la nuova divisione distributiva dello studio indipendente guidato dal giovane professionista veneto, con sede a Roma e Los Angeles (<strong><a href=\"https:\/\/cinema.video\/i-racconti-del-mare-alice-nelle-citta\">leggi qui<\/a><\/strong> l\u2019intervista realizzata con lui un anno fa).<\/p>\n\n\n\n<p class=\"wp-block-paragraph\">LSPG Popcorn ha fatto il suo debutto ufficiale alla <strong>Mostra d\u2019Arte Cinematografica di Venezia<\/strong>,&nbsp;presentandosi per le vie del Lido con un simpatico carrellino pieno di pop corn.<\/p>\n\n\n\n<div class=\"wp-block-media-text is-stacked-on-mobile\"><figure class=\"wp-block-media-text__media\"><img loading=\"lazy\" decoding=\"async\" width=\"768\" height=\"1024\" src=\"https:\/\/cinema.video\/wp-content\/uploads\/2025\/09\/luca-768x1024.jpg\" alt=\"\" class=\"wp-image-300465 size-full\" srcset=\"https:\/\/cinema.video\/wp-content\/uploads\/2025\/09\/luca-scaled.jpg 768w, https:\/\/cinema.video\/wp-content\/uploads\/2025\/09\/luca-scaled.jpg 225w, https:\/\/cinema.video\/wp-content\/uploads\/2025\/09\/luca-scaled.jpg 1152w, https:\/\/cinema.video\/wp-content\/uploads\/2025\/09\/luca-scaled.jpg 1536w, https:\/\/cinema.video\/wp-content\/uploads\/2025\/09\/luca-scaled.jpg 315w, https:\/\/cinema.video\/wp-content\/uploads\/2025\/09\/luca-scaled.jpg 150w, https:\/\/cinema.video\/wp-content\/uploads\/2025\/09\/luca-scaled.jpg 300w, https:\/\/cinema.video\/wp-content\/uploads\/2025\/09\/luca-scaled.jpg 696w, https:\/\/cinema.video\/wp-content\/uploads\/2025\/09\/luca-scaled.jpg 1068w, https:\/\/cinema.video\/wp-content\/uploads\/2025\/09\/luca-scaled.jpg 1920w, https:\/\/cinema.video\/wp-content\/uploads\/2025\/09\/luca-scaled.jpg 1392w\" sizes=\"auto, (max-width: 696px) 100vw, 696px\" \/><\/figure><div class=\"wp-block-media-text__content\">\n<p class=\"wp-block-paragraph\">E con due speciali \u2018biglietti di visita\u2019, \u2018sfoderati\u2019 alle <strong>Giornate degli Autori<\/strong>: <strong><em>6:06 <\/em><\/strong>opera seconda di <strong>Tekla Taidelli<\/strong>, in <em>Notti Veneziane<\/em>, co-produzione Italia- Portogallo (fra <strong>Argo Film, Traky Film e Filmesdamente<\/strong>, con <strong>Film Algarve e Film Aim<\/strong>\u00a0 come produzioni associate) che racconta l\u2019incontro di due anime caotiche e outsider all\u2019interno di un viaggio verso  il paese iberico, e <strong><em>Articolo 1<\/em><\/strong>, documentario di <strong>Luca Bianchini<\/strong> presentato in <em>Confronti<\/em>, che affronta il tema della sicurezza sul lavoro attraverso le storie delle persone che restano con il vuoto di chi di lavoro \u00e8 morto, prodotto da <strong>Alveare<\/strong> e <strong>Rai Documentari.<\/strong><\/p>\n<\/div><\/div>\n\n\n\n<p class=\"wp-block-paragraph\">\u201cDue esempi diversi di cinema italiano indipendente, dotato di sguardo, linguaggi, e tematiche universali. &#8211; Racconta Severi.- Quella del lavoro mi sta particolarmente a cuore, perch\u00e9 \u00e8 un filo rosso che tocca tutto quello che noi facciamo: credo nelle imprese cinematografiche come imprese, appunto, che producono lavoro, economia, possibilit\u00e0. Che devono generare formazione e inserirsi in un circuito di sostenibilit\u00e0 intesa anche come sicurezza sul lavoro.\u201d<\/p>\n\n\n\n<figure class=\"wp-block-image size-large\"><img loading=\"lazy\" decoding=\"async\" width=\"1024\" height=\"569\" src=\"https:\/\/cinema.video\/wp-content\/uploads\/2025\/09\/Screenshot-145-1024x569.png\" alt=\"\" class=\"wp-image-300467\" srcset=\"https:\/\/cinema.video\/wp-content\/uploads\/2025\/09\/Screenshot-145.png 1024w, https:\/\/cinema.video\/wp-content\/uploads\/2025\/09\/Screenshot-145.png 300w, https:\/\/cinema.video\/wp-content\/uploads\/2025\/09\/Screenshot-145.png 768w, https:\/\/cinema.video\/wp-content\/uploads\/2025\/09\/Screenshot-145.png 1536w, https:\/\/cinema.video\/wp-content\/uploads\/2025\/09\/Screenshot-145.png 755w, https:\/\/cinema.video\/wp-content\/uploads\/2025\/09\/Screenshot-145.png 150w, https:\/\/cinema.video\/wp-content\/uploads\/2025\/09\/Screenshot-145.png 696w, https:\/\/cinema.video\/wp-content\/uploads\/2025\/09\/Screenshot-145.png 1068w, https:\/\/cinema.video\/wp-content\/uploads\/2025\/09\/Screenshot-145.png 1881w, https:\/\/cinema.video\/wp-content\/uploads\/2025\/09\/Screenshot-145.png 1392w\" sizes=\"auto, (max-width: 696px) 100vw, 696px\" \/><figcaption class=\"wp-element-caption\">Articolo 1<\/figcaption><\/figure>\n\n\n\n<p class=\"wp-block-paragraph\">Per Severi la sostenibilit\u00e0 sta anche nella produzione indipendente, dove indipendente \u201cnon \u00e8 sinonimo di art-house (ecco spiegata la ragione dell\u2019aggiunta della parola Popcorn al nome della societ\u00e0, n.d.r.), ma \u00e8 una modalit\u00e0 di produzione. E\u2019 un binario altro dove corre ogni tipo di treno, quindi anche l\u2019intrattenimento\u201d.&nbsp;<\/p>\n\n\n\n<p class=\"wp-block-paragraph\">Produrre a basso budget, infatti, significa anche avere pi\u00f9 possibilit\u00e0 di recuperare l\u2019investimento in distribuzione.<\/p>\n\n\n\n<p class=\"wp-block-paragraph\"><em>I racconti del Mare <\/em>ad esempio, \u201cdopo un ottimo percorso festivaliero (che l\u2019ha portato, fra l\u2019altro a vincere la&nbsp; menzione special&nbsp; a Buenos Aires e a Calcutta), uscir\u00e0 in novembre in 50 sale, che, \u201cse lavorate bene, ci garantiranno il recupero sul mercato italiano\u201d. Spiega Severi.&nbsp;<\/p>\n\n\n\n<figure class=\"wp-block-image size-large\"><img loading=\"lazy\" decoding=\"async\" width=\"1024\" height=\"540\" src=\"https:\/\/cinema.video\/wp-content\/uploads\/2024\/10\/KHADIM-FAYE-E-LUKA-ZUNIC-in-I-RACCONTI-DEL-MARE_3-1024x540.jpg\" alt=\"&quot;I Racconti del Mare&quot; di Luca Severi \u00e8 in Panorama Italia di Alice nelle Citt\u00e0. Intervista con il regista e produttore italiano\" class=\"wp-image-298283\"\/><\/figure>\n\n\n\n<p class=\"wp-block-paragraph\">Entriamo dunque nel merito di una strategia distributiva ancorata ad un modello di business che si scontra \u201ccon un emisfero granitico da oltre 40 anni\u201d (quello della distribuzione italiana, n.d.r.).&nbsp;<\/p>\n\n\n\n<p class=\"wp-block-paragraph\">\u201cI nostri film, che sono quelli \u2018scartati\u2019 dalla grande distribuzione, hanno bisogno di una strategia costruita su misura ogni volta, ognuno va trattato come un unicum, andando a cercare il suo pubblico specifico. Su <em>Articolo 1<\/em> ad esempio, c\u2019\u00e8 bisogno di coinvolgere le associazioni e le&nbsp; realt\u00e0 che trattano di lavoro. <\/p>\n\n\n\n<p class=\"wp-block-paragraph\">Ne <em>I Racconti del Mare<\/em> abbiamo cercato una collaborazione con le associazioni dei migranti, con un\u2019 orchestra che ha inciso e registrato le musiche per fare mini concerti prima e dopo le proiezioni, con le scuole di cinema, perch\u00e9 \u00e8 l\u2019esempio del film indie per eccellenza, girato letteralmente in mezzo al mare.<\/p>\n\n\n\n<div class=\"wp-block-media-text is-stacked-on-mobile\" style=\"grid-template-columns:54% auto\"><figure class=\"wp-block-media-text__media\"><img loading=\"lazy\" decoding=\"async\" width=\"1024\" height=\"576\" src=\"https:\/\/cinema.video\/wp-content\/uploads\/2025\/09\/606_BERLINO_1.158.1-1024x576.jpg\" alt=\"\" class=\"wp-image-300470 size-full\"\/><\/figure><div class=\"wp-block-media-text__content\">\n<p class=\"wp-block-paragraph\"><em>6:06<\/em> ha un pubblico pi\u00f9 giovane, pi\u00f9 aggressivo, attueremo una strategia di comunicazione pi\u00f9 psichedelica.<\/p>\n\n\n\n<p class=\"wp-block-paragraph\">Nei cinema&nbsp; intendiamo creare una dimensione da evento, trasformando la sala in un centro di discussione su un tema, di cui il film \u00e8 solo uno degli elementi.\u201d<\/p>\n<\/div><\/div>\n\n\n\n<p class=\"wp-block-paragraph\">Il modello \u00e8 mutuato da tanti paesi europei: \u201cStiamo prendendo spunto da cose viste in Inghilterra, a Rotterdam, in Francia\u2026e che in Italia , non riesco a capire perch\u00e9, non si fanno.&#8221;<\/p>\n\n\n\n<p class=\"wp-block-paragraph\">Sicuramente&nbsp; si tratta di una sfida ambiziosa che presuppone un investimento importante in comunicazione e marketing.<\/p>\n\n\n\n<p class=\"wp-block-paragraph\">Il target sono sale piccole e d\u2019essai, ma anche quelle grandi, da \u2018presidiare\u2019 per almeno una settimana. Impresa non semplice in un mercato affollato come quello dell\u2019esercizio italiano.<\/p>\n\n\n\n<p class=\"wp-block-paragraph\">\u201cDevo ringraziare i tanti esercenti strutturati territorialmente che ci hanno dato fiducia. Con altri, invece, abbiamo fatto un accordo economico, affittando sostanzialmente la sala\u201d. Racconta Severi.<\/p>\n\n\n\n<p class=\"wp-block-paragraph\">La forza di LSPG \u00e8 quella di essere un mini-studio, che conta oggi su 5 divisioni (oltre alla produzione e alla nuova distribuzione, c\u2019\u00e8 quella di post-produzione, produzione esecutiva, e publicity) e un team di 30 persone suddivise fra l\u2019ufficio di Roma e quello di Los Angeles.<\/p>\n\n\n\n<p class=\"wp-block-paragraph\">A capo del nuovo ramo distributivo, <strong>Paolo Teta<\/strong>, impegnato nei prossimi mesi in un tour dei mercati internazionali:&nbsp;<\/p>\n\n\n\n<p class=\"wp-block-paragraph\">\u201cSiamo adesso a Toronto, poi a Busan, Roma, all\u2019 AFM, a Gedda a Singapore, e poi cominceremo il 2026 con Sundance e la Berlinale. Vogliamo essere capillari, farci conoscere ed imparare.\u201d Continua Severi.&nbsp;<\/p>\n\n\n\n<p class=\"wp-block-paragraph\">In questi giorni la LSPG \u00e8 al lavoro sul set del nuovo film di Verdone targato Filmauro, di cui cura la publicity, \u201ccome di altri progetti internazionali che si gireranno a breve in Italia\u201d.<\/p>\n\n\n\n<p class=\"wp-block-paragraph\">E a questo proposito, rivela: \u201cVorrei riprendere a lavorare anche su territorio americano, visto che fondamentalmente in Italia collaboriamo con le major in questo settore: lo facevamo anche in USA ma ci siamo fermati con il Covid.\u201d<\/p>\n\n\n\n<p class=\"wp-block-paragraph\">L\u2019intenzione di Severi \u00e8 anche quella di rilanciare, a Los Angeles, i dipartimenti di produzione, post-produzione e publicity di LSPG, che sono rimasti pi\u00f9 fermi con il blocco delle produzioni:<br><\/p>\n\n\n\n<p class=\"wp-block-paragraph\">\u201cLos Angeles, \u00e8 una citt\u00e0 che ha sofferto moltissimo negli ultimi anni, oltre che per la pandemia, per le proteste di <em>Black Lives Matter<\/em>, per gli scioperi di autori e sceneggiatori, per gli incendi\u2026Ora ha una forza e un\u2019energia rinnovata che vogliamo cogliere.&nbsp; Sta ripartendo tutto, noi abbiamo del personale appena assunto nel nostro ufficio, che lavora in sinergia con quello italiano e con la nuova LSPG Popcorn \u201d.<\/p>\n\n\n\n<p class=\"wp-block-paragraph\">In sviluppo c\u2019\u00e8 gi\u00e0 una co-produzione, nata proprio nell\u2019ufficio di LA:&nbsp; \u201c<strong><em>Don\u2019t be a stranger<\/em><\/strong> \u00e8 una commedia poetica diretta da <strong>Peter Herold,<\/strong> dove la storia assume la prospettiva di una sedia a rotelle \u201c<\/p>\n\n\n\n<p class=\"wp-block-paragraph\">E sono in valutazione altre due possibili co-produzioni fra USA e Italia:<\/p>\n\n\n\n<p class=\"wp-block-paragraph\">\u201cAnche questo elemento produttivo indica la discontinuit\u00e0 del nostro percorso: con gli USA quasi nessuno fa co-produzioni perch\u00e9 non c\u2019\u00e8 un trattato, mentre noi abbiamo fatto una scelta da <em>outsider\u2026\u201d <\/em>Scherza (ma non troppo) Severi.<\/p>\n\n\n\n<p class=\"wp-block-paragraph\">Tornando al listino LSPG Popcorn, lo completano <strong><em>Have you seen me? <\/em><\/strong>road movie di <strong>Ekaterina Volkova<\/strong>; <strong><em>Hambre<\/em><\/strong> di <strong>Joanna Cristina Nelson,<\/strong> dramma intimista venezuelano, prodotto da <strong>Samarcanda<\/strong>, e <strong><em>Il Cannone della Pace<\/em><\/strong> di<strong> Paolo Bianchini<\/strong>, la storia del violino di Paganini detto <em>il cannone,<\/em> che divent\u00f2 uno strumento di pace e fratellanza fra realt\u00e0 lontane.<\/p>\n","protected":false},"excerpt":{"rendered":"<p>E&#8217; la quinta divisione di Luca Severi Production Group, lo studio indipendente guidato da Luca Severi: l&#8217;annuncio a Venezia 82. con due film alle Giornate degli Autori<\/p>\n","protected":false},"author":2,"featured_media":300468,"comment_status":"closed","ping_status":"closed","sticky":false,"template":"","format":"standard","meta":{"googlesitekit_rrm_CAow3e7fCw:productID":"","_crdt_document":"","footnotes":""},"categories":[1],"tags":[356,265,1694],"class_list":{"0":"post-300464","1":"post","2":"type-post","3":"status-publish","4":"format-standard","5":"has-post-thumbnail","7":"category-senza-categoria","8":"tag-focus","9":"tag-giornate-degli-autori","10":"tag-venice-film-festival"},"yoast_head":"<!-- This site is optimized with the Yoast SEO Premium plugin v27.4 (Yoast SEO v27.5) - https:\/\/yoast.com\/product\/yoast-seo-premium-wordpress\/ -->\n<title>Luca Severi la sfida nelle sale italiane con LSPG Popcorn - Cinema &amp; Video International<\/title>\n<meta name=\"description\" content=\"Luca Severi la sfida nelle sale italiane con LSPG Popcorn \u2013 luca severi la sfida nelle sale. A quasi un anno dal suo esordio ad Alice nelle Citt\u00e0, I racco\" \/>\n<meta name=\"robots\" content=\"index, follow, max-snippet:-1, max-image-preview:large, max-video-preview:-1\" \/>\n<link rel=\"canonical\" href=\"https:\/\/cinema.video\/it\/lspg-popocorn-venezia-82\" \/>\n<meta property=\"og:locale\" content=\"it_IT\" \/>\n<meta property=\"og:type\" content=\"article\" \/>\n<meta property=\"og:title\" content=\"Luca Severi la sfida nelle sale italiane con LSPG Popcorn\" \/>\n<meta property=\"og:description\" content=\"Luca Severi la sfida nelle sale italiane con LSPG Popcorn \u2013 luca severi la sfida nelle sale. A quasi un anno dal suo esordio ad Alice nelle Citt\u00e0, I racco\" \/>\n<meta property=\"og:url\" content=\"https:\/\/cinema.video\/it\/lspg-popocorn-venezia-82\" \/>\n<meta property=\"og:site_name\" content=\"Cinema &amp; Video International\" \/>\n<meta property=\"article:publisher\" content=\"https:\/\/www.facebook.com\/CinemaVideoInternational\/\" \/>\n<meta property=\"article:published_time\" content=\"2025-09-07T07:26:22+00:00\" \/>\n<meta property=\"article:modified_time\" content=\"2026-04-10T02:10:08+00:00\" \/>\n<meta property=\"og:image\" content=\"https:\/\/cinema.video\/wp-content\/uploads\/2025\/09\/606_BERLINO_1.397.1-scaled-e1757166669835.jpg\" \/>\n\t<meta property=\"og:image:width\" content=\"800\" \/>\n\t<meta property=\"og:image:height\" content=\"450\" \/>\n\t<meta property=\"og:image:type\" content=\"image\/jpeg\" \/>\n<meta name=\"author\" content=\"Carolina Mancini\" \/>\n<meta name=\"twitter:card\" content=\"summary_large_image\" \/>\n<meta name=\"twitter:label1\" content=\"Scritto da\" \/>\n\t<meta name=\"twitter:data1\" content=\"Carolina Mancini\" \/>\n\t<meta name=\"twitter:label2\" content=\"Tempo di lettura stimato\" \/>\n\t<meta name=\"twitter:data2\" content=\"7 minuti\" \/>\n<script type=\"application\/ld+json\" class=\"yoast-schema-graph\">{\"@context\":\"https:\\\/\\\/schema.org\",\"@graph\":[{\"@type\":\"Article\",\"@id\":\"https:\\\/\\\/cinema.video\\\/it\\\/lspg-popocorn-venezia-82#article\",\"isPartOf\":{\"@id\":\"https:\\\/\\\/cinema.video\\\/it\\\/lspg-popocorn-venezia-82\"},\"author\":{\"name\":\"Carolina Mancini\",\"@id\":\"https:\\\/\\\/cinema.video\\\/it#\\\/schema\\\/person\\\/d5479fad8d0f2360000eb4aab6bb6e5d\"},\"headline\":\"Luca Severi la sfida nelle sale italiane con LSPG Popcorn\",\"datePublished\":\"2025-09-07T07:26:22+00:00\",\"dateModified\":\"2026-04-10T02:10:08+00:00\",\"mainEntityOfPage\":{\"@id\":\"https:\\\/\\\/cinema.video\\\/it\\\/lspg-popocorn-venezia-82\"},\"wordCount\":1074,\"publisher\":{\"@id\":\"https:\\\/\\\/cinema.video\\\/it#organization\"},\"image\":{\"@id\":\"https:\\\/\\\/cinema.video\\\/it\\\/lspg-popocorn-venezia-82#primaryimage\"},\"thumbnailUrl\":\"https:\\\/\\\/cinema.video\\\/wp-content\\\/uploads\\\/2025\\\/09\\\/606_BERLINO_1.397.1-scaled-e1757166669835.jpg\",\"keywords\":[\"focus\",\"Giornate degli Autori\",\"VENICE FILM FESTIVAL\"],\"inLanguage\":\"it-IT\"},{\"@type\":\"WebPage\",\"@id\":\"https:\\\/\\\/cinema.video\\\/it\\\/lspg-popocorn-venezia-82\",\"url\":\"https:\\\/\\\/cinema.video\\\/it\\\/lspg-popocorn-venezia-82\",\"name\":\"Luca Severi la sfida nelle sale italiane con LSPG Popcorn - Cinema &amp; Video International\",\"isPartOf\":{\"@id\":\"https:\\\/\\\/cinema.video\\\/it#website\"},\"primaryImageOfPage\":{\"@id\":\"https:\\\/\\\/cinema.video\\\/it\\\/lspg-popocorn-venezia-82#primaryimage\"},\"image\":{\"@id\":\"https:\\\/\\\/cinema.video\\\/it\\\/lspg-popocorn-venezia-82#primaryimage\"},\"thumbnailUrl\":\"https:\\\/\\\/cinema.video\\\/wp-content\\\/uploads\\\/2025\\\/09\\\/606_BERLINO_1.397.1-scaled-e1757166669835.jpg\",\"datePublished\":\"2025-09-07T07:26:22+00:00\",\"dateModified\":\"2026-04-10T02:10:08+00:00\",\"description\":\"Luca Severi la sfida nelle sale italiane con LSPG Popcorn \u2013 luca severi la sfida nelle sale. A quasi un anno dal suo esordio ad Alice nelle Citt\u00e0, I racco\",\"breadcrumb\":{\"@id\":\"https:\\\/\\\/cinema.video\\\/it\\\/lspg-popocorn-venezia-82#breadcrumb\"},\"inLanguage\":\"it-IT\",\"potentialAction\":[{\"@type\":\"ReadAction\",\"target\":[\"https:\\\/\\\/cinema.video\\\/it\\\/lspg-popocorn-venezia-82\"]}]},{\"@type\":\"ImageObject\",\"inLanguage\":\"it-IT\",\"@id\":\"https:\\\/\\\/cinema.video\\\/it\\\/lspg-popocorn-venezia-82#primaryimage\",\"url\":\"https:\\\/\\\/cinema.video\\\/wp-content\\\/uploads\\\/2025\\\/09\\\/606_BERLINO_1.397.1-scaled-e1757166669835.jpg\",\"contentUrl\":\"https:\\\/\\\/cinema.video\\\/wp-content\\\/uploads\\\/2025\\\/09\\\/606_BERLINO_1.397.1-scaled-e1757166669835.jpg\",\"width\":800,\"height\":450,\"caption\":\"Nasce LSPG Popcorn, divisione distributiva di Luca Severi Production Group: l'annuncio a Venezia 82. con 2 film alle GDA\"},{\"@type\":\"BreadcrumbList\",\"@id\":\"https:\\\/\\\/cinema.video\\\/it\\\/lspg-popocorn-venezia-82#breadcrumb\",\"itemListElement\":[{\"@type\":\"ListItem\",\"position\":1,\"name\":\"Home\",\"item\":\"https:\\\/\\\/cinema.video\\\/it\\\/home-2\"},{\"@type\":\"ListItem\",\"position\":2,\"name\":\"Luca Severi la sfida nelle sale italiane con LSPG Popcorn\"}]},{\"@type\":\"WebSite\",\"@id\":\"https:\\\/\\\/cinema.video\\\/it#website\",\"url\":\"https:\\\/\\\/cinema.video\\\/it\",\"name\":\"Cinema & Video International\",\"description\":\"Film &amp; Audiovisual Industry Trade Magazine\",\"publisher\":{\"@id\":\"https:\\\/\\\/cinema.video\\\/it#organization\"},\"alternateName\":\"Cinema & Video\",\"potentialAction\":[{\"@type\":\"SearchAction\",\"target\":{\"@type\":\"EntryPoint\",\"urlTemplate\":\"https:\\\/\\\/cinema.video\\\/it?s={search_term_string}\"},\"query-input\":{\"@type\":\"PropertyValueSpecification\",\"valueRequired\":true,\"valueName\":\"search_term_string\"}}],\"inLanguage\":\"it-IT\"},{\"@type\":\"Organization\",\"@id\":\"https:\\\/\\\/cinema.video\\\/it#organization\",\"name\":\"Cinema & Video\",\"url\":\"https:\\\/\\\/cinema.video\\\/it\",\"logo\":{\"@type\":\"ImageObject\",\"inLanguage\":\"it-IT\",\"@id\":\"https:\\\/\\\/cinema.video\\\/it#\\\/schema\\\/logo\\\/image\\\/\",\"url\":\"https:\\\/\\\/cinema.video\\\/wp-content\\\/uploads\\\/2026\\\/04\\\/CinemVideo_LogoBlack.png\",\"contentUrl\":\"https:\\\/\\\/cinema.video\\\/wp-content\\\/uploads\\\/2026\\\/04\\\/CinemVideo_LogoBlack.png\",\"width\":1336,\"height\":224,\"caption\":\"Cinema & Video\"},\"image\":{\"@id\":\"https:\\\/\\\/cinema.video\\\/it#\\\/schema\\\/logo\\\/image\\\/\"},\"sameAs\":[\"https:\\\/\\\/www.facebook.com\\\/CinemaVideoInternational\\\/\",\"https:\\\/\\\/www.instagram.com\\\/cinemaevideointernational\\\/\",\"https:\\\/\\\/it.linkedin.com\\\/company\\\/cinema-video-international\"],\"description\":\"Media Consulting & Marketing Agency\",\"email\":\"hello@darostudio.com\",\"legalName\":\"DARO studio LLC\",\"foundingDate\":\"2021-02-16\",\"numberOfEmployees\":{\"@type\":\"QuantitativeValue\",\"minValue\":\"1\",\"maxValue\":\"10\"}},{\"@type\":\"Person\",\"@id\":\"https:\\\/\\\/cinema.video\\\/it#\\\/schema\\\/person\\\/d5479fad8d0f2360000eb4aab6bb6e5d\",\"name\":\"Carolina Mancini\",\"image\":{\"@type\":\"ImageObject\",\"inLanguage\":\"it-IT\",\"@id\":\"https:\\\/\\\/secure.gravatar.com\\\/avatar\\\/d4758965c5e8730dbaaa7131a628547771a26c1e5bf14fe323d96f8246a62baf?s=96&d=mm&r=g\",\"url\":\"https:\\\/\\\/secure.gravatar.com\\\/avatar\\\/d4758965c5e8730dbaaa7131a628547771a26c1e5bf14fe323d96f8246a62baf?s=96&d=mm&r=g\",\"contentUrl\":\"https:\\\/\\\/secure.gravatar.com\\\/avatar\\\/d4758965c5e8730dbaaa7131a628547771a26c1e5bf14fe323d96f8246a62baf?s=96&d=mm&r=g\",\"caption\":\"Carolina Mancini\"},\"url\":\"https:\\\/\\\/cinema.video\\\/it\\\/author\\\/carolin\"}]}<\/script>\n<!-- \/ Yoast SEO Premium plugin. -->","yoast_head_json":{"title":"Luca Severi la sfida nelle sale italiane con LSPG Popcorn - Cinema &amp; Video International","description":"Luca Severi la sfida nelle sale italiane con LSPG Popcorn \u2013 luca severi la sfida nelle sale. A quasi un anno dal suo esordio ad Alice nelle Citt\u00e0, I racco","robots":{"index":"index","follow":"follow","max-snippet":"max-snippet:-1","max-image-preview":"max-image-preview:large","max-video-preview":"max-video-preview:-1"},"canonical":"https:\/\/cinema.video\/it\/lspg-popocorn-venezia-82","og_locale":"it_IT","og_type":"article","og_title":"Luca Severi la sfida nelle sale italiane con LSPG Popcorn","og_description":"Luca Severi la sfida nelle sale italiane con LSPG Popcorn \u2013 luca severi la sfida nelle sale. A quasi un anno dal suo esordio ad Alice nelle Citt\u00e0, I racco","og_url":"https:\/\/cinema.video\/it\/lspg-popocorn-venezia-82","og_site_name":"Cinema &amp; Video International","article_publisher":"https:\/\/www.facebook.com\/CinemaVideoInternational\/","article_published_time":"2025-09-07T07:26:22+00:00","article_modified_time":"2026-04-10T02:10:08+00:00","og_image":[{"width":800,"height":450,"url":"https:\/\/cinema.video\/wp-content\/uploads\/2025\/09\/606_BERLINO_1.397.1-scaled-e1757166669835.jpg","type":"image\/jpeg"}],"author":"Carolina Mancini","twitter_card":"summary_large_image","twitter_misc":{"Scritto da":"Carolina Mancini","Tempo di lettura stimato":"7 minuti"},"schema":{"@context":"https:\/\/schema.org","@graph":[{"@type":"Article","@id":"https:\/\/cinema.video\/it\/lspg-popocorn-venezia-82#article","isPartOf":{"@id":"https:\/\/cinema.video\/it\/lspg-popocorn-venezia-82"},"author":{"name":"Carolina Mancini","@id":"https:\/\/cinema.video\/it#\/schema\/person\/d5479fad8d0f2360000eb4aab6bb6e5d"},"headline":"Luca Severi la sfida nelle sale italiane con LSPG Popcorn","datePublished":"2025-09-07T07:26:22+00:00","dateModified":"2026-04-10T02:10:08+00:00","mainEntityOfPage":{"@id":"https:\/\/cinema.video\/it\/lspg-popocorn-venezia-82"},"wordCount":1074,"publisher":{"@id":"https:\/\/cinema.video\/it#organization"},"image":{"@id":"https:\/\/cinema.video\/it\/lspg-popocorn-venezia-82#primaryimage"},"thumbnailUrl":"https:\/\/cinema.video\/wp-content\/uploads\/2025\/09\/606_BERLINO_1.397.1-scaled-e1757166669835.jpg","keywords":["focus","Giornate degli Autori","VENICE FILM FESTIVAL"],"inLanguage":"it-IT"},{"@type":"WebPage","@id":"https:\/\/cinema.video\/it\/lspg-popocorn-venezia-82","url":"https:\/\/cinema.video\/it\/lspg-popocorn-venezia-82","name":"Luca Severi la sfida nelle sale italiane con LSPG Popcorn - Cinema &amp; Video International","isPartOf":{"@id":"https:\/\/cinema.video\/it#website"},"primaryImageOfPage":{"@id":"https:\/\/cinema.video\/it\/lspg-popocorn-venezia-82#primaryimage"},"image":{"@id":"https:\/\/cinema.video\/it\/lspg-popocorn-venezia-82#primaryimage"},"thumbnailUrl":"https:\/\/cinema.video\/wp-content\/uploads\/2025\/09\/606_BERLINO_1.397.1-scaled-e1757166669835.jpg","datePublished":"2025-09-07T07:26:22+00:00","dateModified":"2026-04-10T02:10:08+00:00","description":"Luca Severi la sfida nelle sale italiane con LSPG Popcorn \u2013 luca severi la sfida nelle sale. A quasi un anno dal suo esordio ad Alice nelle Citt\u00e0, I racco","breadcrumb":{"@id":"https:\/\/cinema.video\/it\/lspg-popocorn-venezia-82#breadcrumb"},"inLanguage":"it-IT","potentialAction":[{"@type":"ReadAction","target":["https:\/\/cinema.video\/it\/lspg-popocorn-venezia-82"]}]},{"@type":"ImageObject","inLanguage":"it-IT","@id":"https:\/\/cinema.video\/it\/lspg-popocorn-venezia-82#primaryimage","url":"https:\/\/cinema.video\/wp-content\/uploads\/2025\/09\/606_BERLINO_1.397.1-scaled-e1757166669835.jpg","contentUrl":"https:\/\/cinema.video\/wp-content\/uploads\/2025\/09\/606_BERLINO_1.397.1-scaled-e1757166669835.jpg","width":800,"height":450,"caption":"Nasce LSPG Popcorn, divisione distributiva di Luca Severi Production Group: l'annuncio a Venezia 82. con 2 film alle GDA"},{"@type":"BreadcrumbList","@id":"https:\/\/cinema.video\/it\/lspg-popocorn-venezia-82#breadcrumb","itemListElement":[{"@type":"ListItem","position":1,"name":"Home","item":"https:\/\/cinema.video\/it\/home-2"},{"@type":"ListItem","position":2,"name":"Luca Severi la sfida nelle sale italiane con LSPG Popcorn"}]},{"@type":"WebSite","@id":"https:\/\/cinema.video\/it#website","url":"https:\/\/cinema.video\/it","name":"Cinema & Video International","description":"Film &amp; Audiovisual Industry Trade Magazine","publisher":{"@id":"https:\/\/cinema.video\/it#organization"},"alternateName":"Cinema & Video","potentialAction":[{"@type":"SearchAction","target":{"@type":"EntryPoint","urlTemplate":"https:\/\/cinema.video\/it?s={search_term_string}"},"query-input":{"@type":"PropertyValueSpecification","valueRequired":true,"valueName":"search_term_string"}}],"inLanguage":"it-IT"},{"@type":"Organization","@id":"https:\/\/cinema.video\/it#organization","name":"Cinema & Video","url":"https:\/\/cinema.video\/it","logo":{"@type":"ImageObject","inLanguage":"it-IT","@id":"https:\/\/cinema.video\/it#\/schema\/logo\/image\/","url":"https:\/\/cinema.video\/wp-content\/uploads\/2026\/04\/CinemVideo_LogoBlack.png","contentUrl":"https:\/\/cinema.video\/wp-content\/uploads\/2026\/04\/CinemVideo_LogoBlack.png","width":1336,"height":224,"caption":"Cinema & Video"},"image":{"@id":"https:\/\/cinema.video\/it#\/schema\/logo\/image\/"},"sameAs":["https:\/\/www.facebook.com\/CinemaVideoInternational\/","https:\/\/www.instagram.com\/cinemaevideointernational\/","https:\/\/it.linkedin.com\/company\/cinema-video-international"],"description":"Media Consulting & Marketing Agency","email":"hello@darostudio.com","legalName":"DARO studio LLC","foundingDate":"2021-02-16","numberOfEmployees":{"@type":"QuantitativeValue","minValue":"1","maxValue":"10"}},{"@type":"Person","@id":"https:\/\/cinema.video\/it#\/schema\/person\/d5479fad8d0f2360000eb4aab6bb6e5d","name":"Carolina Mancini","image":{"@type":"ImageObject","inLanguage":"it-IT","@id":"https:\/\/secure.gravatar.com\/avatar\/d4758965c5e8730dbaaa7131a628547771a26c1e5bf14fe323d96f8246a62baf?s=96&d=mm&r=g","url":"https:\/\/secure.gravatar.com\/avatar\/d4758965c5e8730dbaaa7131a628547771a26c1e5bf14fe323d96f8246a62baf?s=96&d=mm&r=g","contentUrl":"https:\/\/secure.gravatar.com\/avatar\/d4758965c5e8730dbaaa7131a628547771a26c1e5bf14fe323d96f8246a62baf?s=96&d=mm&r=g","caption":"Carolina Mancini"},"url":"https:\/\/cinema.video\/it\/author\/carolin"}]}},"jetpack_featured_media_url":"https:\/\/cinema.video\/wp-content\/uploads\/2025\/09\/606_BERLINO_1.397.1-scaled-e1757166669835.jpg","jetpack_shortlink":"https:\/\/wp.me\/ph672m-1gac","_links":{"self":[{"href":"https:\/\/cinema.video\/it\/wp-json\/wp\/v2\/posts\/300464","targetHints":{"allow":["GET"]}}],"collection":[{"href":"https:\/\/cinema.video\/it\/wp-json\/wp\/v2\/posts"}],"about":[{"href":"https:\/\/cinema.video\/it\/wp-json\/wp\/v2\/types\/post"}],"author":[{"embeddable":true,"href":"https:\/\/cinema.video\/it\/wp-json\/wp\/v2\/users\/2"}],"replies":[{"embeddable":true,"href":"https:\/\/cinema.video\/it\/wp-json\/wp\/v2\/comments?post=300464"}],"version-history":[{"count":1,"href":"https:\/\/cinema.video\/it\/wp-json\/wp\/v2\/posts\/300464\/revisions"}],"predecessor-version":[{"id":309735,"href":"https:\/\/cinema.video\/it\/wp-json\/wp\/v2\/posts\/300464\/revisions\/309735"}],"wp:featuredmedia":[{"embeddable":true,"href":"https:\/\/cinema.video\/it\/wp-json\/wp\/v2\/media\/300468"}],"wp:attachment":[{"href":"https:\/\/cinema.video\/it\/wp-json\/wp\/v2\/media?parent=300464"}],"wp:term":[{"taxonomy":"category","embeddable":true,"href":"https:\/\/cinema.video\/it\/wp-json\/wp\/v2\/categories?post=300464"},{"taxonomy":"post_tag","embeddable":true,"href":"https:\/\/cinema.video\/it\/wp-json\/wp\/v2\/tags?post=300464"}],"curies":[{"name":"wp","href":"https:\/\/api.w.org\/{rel}","templated":true}]}}