{"id":300388,"date":"2025-09-02T19:16:37","date_gmt":"2025-09-02T17:16:37","guid":{"rendered":"https:\/\/cinema.video\/?p=300388"},"modified":"2026-04-10T04:10:05","modified_gmt":"2026-04-10T02:10:05","slug":"cinema-eden-parte-con-in-questo-mondo-di-ladri","status":"publish","type":"post","link":"https:\/\/cinema.video\/it\/cinema-eden-parte-con-in-questo-mondo-di-ladri","title":{"rendered":"Cinema Eden parte con \u201cIn questo mondo di ladri"},"content":{"rendered":"\n<p class=\"wp-block-paragraph\">E\u2019 un nome magico per il cinema (la prima sala cinematografica con questo nome apr\u00ec a Pistoia nel 1926): per la sua potenza iconica, ma anche perch\u00e9 \u00e8 il nome del cinema romano che ospiter\u00e0 la nuova avventura, si chiama <strong>Cinema Eden<\/strong> il podcast sul cinema italiano nato sull\u2019onda del successo della chat \u201cviva il cinema italiano\u201d che in due anni ha coinvolto pi\u00f9 di 500 tra appassionati e professionisti.<\/p>\n\n\n\n<p class=\"wp-block-paragraph\">\u201cStiamo arrivando\u201d, ha promesso <strong>Francesco Gesualdi, <\/strong>direttore di Marche Film Commission<strong> <\/strong>e animatore del progetto, incontrando ieri, 1<sup>o<\/sup> settembre, i professionisti all\u2019Italian Pavilion del Lido di Venezia: la prima puntata del podcast sar\u00e0 a met\u00e0 ottobre durante la manifestazione <em>Alice nella Citt\u00e0<\/em>.<\/p>\n\n\n\n<p class=\"wp-block-paragraph\">Parlare di cinema italiano fuori dagli schemi paludati dei convegni: affrontare i problemi, proporre soluzioni facendo intrattenimento. I \u201ccompagni di strada\u201d, presenti nell\u2019incontro assieme a Gesualdi, sono esperti del settore pieni di passione ma anche di tanta voglia di divertirsi. Sono critici e giornalisti cinematografici: il \u201ccerimonioso\u201d <strong>Giorgio Gosetti <\/strong>con il ruolo di direttore ( \u201cil podcast vuol essere un racconto, un insieme di storie\u201d) e il \u201cfacinoroso\u201d <strong>Steve della Casa<\/strong>, felice di poter dire cose che altri non dicono, in piena libert\u00e0 intellettuale, \u201csenza rendere conto a nessuno\u201d. C\u2019\u00e8 l\u2019apparentemente serio <strong>Bruno della Ragione<\/strong>, noto avvocato del cinema italiano, che ha gi\u00e0 anticipato tre temi che verranno affrontati , dall\u2019impatto dell\u2019Intelligenza Artificiale sulla creativit\u00e0, al tax credit, a questioni giudiziarie come \u201cplagi\u201d nel cinema; mentre l\u2019esperta di musica <strong>Anna Collabolletta <\/strong>racconter\u00e0 storie che stanno dietro alle colonne sonore dei film. Il regista <strong>Paolo Mastrorosato<\/strong> cura la parte tecnica: \u201cil podcast \u2013 ha detto \u2013 \u00e8 un esempio di come un media possa risorgere attraverso un altro media\u201d. E\u2019 significativo, infine, che sar\u00e0 realizzato in una sala cinematografica \u2013 il cinema Eden appunto \u2013 ed avr\u00e0 anche un pubblico.<\/p>\n\n\n\n<p class=\"wp-block-paragraph\">\u201cFar diventare il cinema di moda come era un tempo\u201d \u00e8 il desiderio di Francesco Gesualdi che in chiusura ha anticipato il titolo della prima puntata del podcast &#8211; \u201cIn questo mondo di ladri\u201d &#8211; dovendo attivare applausi registrati (leggi: voglia di divertirsi) per coprire l\u2019imbarazzo con cui il pubblico presente ha accolto l\u2019annuncio.<\/p>\n","protected":false},"excerpt":{"rendered":"<p>Nasce il podcast Cinema Eden. A ottobre la prima puntata<\/p>\n","protected":false},"author":3,"featured_media":300390,"comment_status":"closed","ping_status":"closed","sticky":false,"template":"","format":"standard","meta":{"googlesitekit_rrm_CAow3e7fCw:productID":"","_crdt_document":"","footnotes":""},"categories":[1],"tags":[1694],"class_list":{"0":"post-300388","1":"post","2":"type-post","3":"status-publish","4":"format-standard","5":"has-post-thumbnail","7":"category-senza-categoria","8":"tag-venice-film-festival"},"yoast_head":"<!-- This site is optimized with the Yoast SEO Premium plugin v27.4 (Yoast SEO v27.5) - https:\/\/yoast.com\/product\/yoast-seo-premium-wordpress\/ -->\n<title>Cinema Eden parte con \u201cIn questo mondo di ladri - Cinema &amp; Video International<\/title>\n<meta name=\"description\" content=\"Cinema Eden parte con \u201cIn questo mondo di ladri \u2013 cinema eden parte con in questo. E\u2019 un nome magico per il cinema (la prima sala cinematografica con ques\" \/>\n<meta name=\"robots\" content=\"index, follow, max-snippet:-1, max-image-preview:large, max-video-preview:-1\" \/>\n<link rel=\"canonical\" href=\"https:\/\/cinema.video\/it\/cinema-eden-parte-con-in-questo-mondo-di-ladri\" \/>\n<meta property=\"og:locale\" content=\"it_IT\" \/>\n<meta property=\"og:type\" content=\"article\" \/>\n<meta property=\"og:title\" content=\"Cinema Eden parte con \u201cIn questo mondo di ladri\" \/>\n<meta property=\"og:description\" content=\"Cinema Eden parte con \u201cIn questo mondo di ladri \u2013 cinema eden parte con in questo. E\u2019 un nome magico per il cinema (la prima sala cinematografica con ques\" \/>\n<meta property=\"og:url\" content=\"https:\/\/cinema.video\/it\/cinema-eden-parte-con-in-questo-mondo-di-ladri\" \/>\n<meta property=\"og:site_name\" content=\"Cinema &amp; Video International\" \/>\n<meta property=\"article:publisher\" content=\"https:\/\/www.facebook.com\/CinemaVideoInternational\/\" \/>\n<meta property=\"article:published_time\" content=\"2025-09-02T17:16:37+00:00\" \/>\n<meta property=\"article:modified_time\" content=\"2026-04-10T02:10:05+00:00\" \/>\n<meta property=\"og:image\" content=\"https:\/\/cinema.video\/wp-content\/uploads\/2025\/09\/podcast-scaled-e1756832918894.jpg\" \/>\n\t<meta property=\"og:image:width\" content=\"1840\" \/>\n\t<meta property=\"og:image:height\" content=\"1195\" \/>\n\t<meta property=\"og:image:type\" content=\"image\/jpeg\" \/>\n<meta name=\"author\" content=\"Paolo di Maira\" \/>\n<meta name=\"twitter:card\" content=\"summary_large_image\" \/>\n<meta name=\"twitter:label1\" content=\"Scritto da\" \/>\n\t<meta name=\"twitter:data1\" content=\"Paolo di Maira\" \/>\n\t<meta name=\"twitter:label2\" content=\"Tempo di lettura stimato\" \/>\n\t<meta name=\"twitter:data2\" content=\"3 minuti\" \/>\n<script type=\"application\/ld+json\" class=\"yoast-schema-graph\">{\"@context\":\"https:\\\/\\\/schema.org\",\"@graph\":[{\"@type\":\"Article\",\"@id\":\"https:\\\/\\\/cinema.video\\\/it\\\/cinema-eden-parte-con-in-questo-mondo-di-ladri#article\",\"isPartOf\":{\"@id\":\"https:\\\/\\\/cinema.video\\\/it\\\/cinema-eden-parte-con-in-questo-mondo-di-ladri\"},\"author\":{\"name\":\"Paolo di Maira\",\"@id\":\"https:\\\/\\\/cinema.video\\\/it#\\\/schema\\\/person\\\/f8104a60677fb10fe493beb104706772\"},\"headline\":\"Cinema Eden parte con \u201cIn questo mondo di ladri\",\"datePublished\":\"2025-09-02T17:16:37+00:00\",\"dateModified\":\"2026-04-10T02:10:05+00:00\",\"mainEntityOfPage\":{\"@id\":\"https:\\\/\\\/cinema.video\\\/it\\\/cinema-eden-parte-con-in-questo-mondo-di-ladri\"},\"wordCount\":362,\"publisher\":{\"@id\":\"https:\\\/\\\/cinema.video\\\/it#organization\"},\"image\":{\"@id\":\"https:\\\/\\\/cinema.video\\\/it\\\/cinema-eden-parte-con-in-questo-mondo-di-ladri#primaryimage\"},\"thumbnailUrl\":\"https:\\\/\\\/cinema.video\\\/wp-content\\\/uploads\\\/2025\\\/09\\\/podcast-scaled-e1756832918894.jpg\",\"keywords\":[\"VENICE FILM FESTIVAL\"],\"inLanguage\":\"it-IT\"},{\"@type\":\"WebPage\",\"@id\":\"https:\\\/\\\/cinema.video\\\/it\\\/cinema-eden-parte-con-in-questo-mondo-di-ladri\",\"url\":\"https:\\\/\\\/cinema.video\\\/it\\\/cinema-eden-parte-con-in-questo-mondo-di-ladri\",\"name\":\"Cinema Eden parte con \u201cIn questo mondo di ladri - Cinema &amp; Video International\",\"isPartOf\":{\"@id\":\"https:\\\/\\\/cinema.video\\\/it#website\"},\"primaryImageOfPage\":{\"@id\":\"https:\\\/\\\/cinema.video\\\/it\\\/cinema-eden-parte-con-in-questo-mondo-di-ladri#primaryimage\"},\"image\":{\"@id\":\"https:\\\/\\\/cinema.video\\\/it\\\/cinema-eden-parte-con-in-questo-mondo-di-ladri#primaryimage\"},\"thumbnailUrl\":\"https:\\\/\\\/cinema.video\\\/wp-content\\\/uploads\\\/2025\\\/09\\\/podcast-scaled-e1756832918894.jpg\",\"datePublished\":\"2025-09-02T17:16:37+00:00\",\"dateModified\":\"2026-04-10T02:10:05+00:00\",\"description\":\"Cinema Eden parte con \u201cIn questo mondo di ladri \u2013 cinema eden parte con in questo. E\u2019 un nome magico per il cinema (la prima sala cinematografica con ques\",\"breadcrumb\":{\"@id\":\"https:\\\/\\\/cinema.video\\\/it\\\/cinema-eden-parte-con-in-questo-mondo-di-ladri#breadcrumb\"},\"inLanguage\":\"it-IT\",\"potentialAction\":[{\"@type\":\"ReadAction\",\"target\":[\"https:\\\/\\\/cinema.video\\\/it\\\/cinema-eden-parte-con-in-questo-mondo-di-ladri\"]}]},{\"@type\":\"ImageObject\",\"inLanguage\":\"it-IT\",\"@id\":\"https:\\\/\\\/cinema.video\\\/it\\\/cinema-eden-parte-con-in-questo-mondo-di-ladri#primaryimage\",\"url\":\"https:\\\/\\\/cinema.video\\\/wp-content\\\/uploads\\\/2025\\\/09\\\/podcast-scaled-e1756832918894.jpg\",\"contentUrl\":\"https:\\\/\\\/cinema.video\\\/wp-content\\\/uploads\\\/2025\\\/09\\\/podcast-scaled-e1756832918894.jpg\",\"width\":1840,\"height\":1195},{\"@type\":\"BreadcrumbList\",\"@id\":\"https:\\\/\\\/cinema.video\\\/it\\\/cinema-eden-parte-con-in-questo-mondo-di-ladri#breadcrumb\",\"itemListElement\":[{\"@type\":\"ListItem\",\"position\":1,\"name\":\"Home\",\"item\":\"https:\\\/\\\/cinema.video\\\/it\\\/home-2\"},{\"@type\":\"ListItem\",\"position\":2,\"name\":\"Cinema Eden parte con \u201cIn questo mondo di ladri\"}]},{\"@type\":\"WebSite\",\"@id\":\"https:\\\/\\\/cinema.video\\\/it#website\",\"url\":\"https:\\\/\\\/cinema.video\\\/it\",\"name\":\"Cinema & Video International\",\"description\":\"Film &amp; Audiovisual Industry Trade Magazine\",\"publisher\":{\"@id\":\"https:\\\/\\\/cinema.video\\\/it#organization\"},\"alternateName\":\"Cinema & Video\",\"potentialAction\":[{\"@type\":\"SearchAction\",\"target\":{\"@type\":\"EntryPoint\",\"urlTemplate\":\"https:\\\/\\\/cinema.video\\\/it?s={search_term_string}\"},\"query-input\":{\"@type\":\"PropertyValueSpecification\",\"valueRequired\":true,\"valueName\":\"search_term_string\"}}],\"inLanguage\":\"it-IT\"},{\"@type\":\"Organization\",\"@id\":\"https:\\\/\\\/cinema.video\\\/it#organization\",\"name\":\"Cinema & Video\",\"url\":\"https:\\\/\\\/cinema.video\\\/it\",\"logo\":{\"@type\":\"ImageObject\",\"inLanguage\":\"it-IT\",\"@id\":\"https:\\\/\\\/cinema.video\\\/it#\\\/schema\\\/logo\\\/image\\\/\",\"url\":\"https:\\\/\\\/cinema.video\\\/wp-content\\\/uploads\\\/2026\\\/04\\\/CinemVideo_LogoBlack.png\",\"contentUrl\":\"https:\\\/\\\/cinema.video\\\/wp-content\\\/uploads\\\/2026\\\/04\\\/CinemVideo_LogoBlack.png\",\"width\":1336,\"height\":224,\"caption\":\"Cinema & Video\"},\"image\":{\"@id\":\"https:\\\/\\\/cinema.video\\\/it#\\\/schema\\\/logo\\\/image\\\/\"},\"sameAs\":[\"https:\\\/\\\/www.facebook.com\\\/CinemaVideoInternational\\\/\",\"https:\\\/\\\/www.instagram.com\\\/cinemaevideointernational\\\/\",\"https:\\\/\\\/it.linkedin.com\\\/company\\\/cinema-video-international\"],\"description\":\"Media Consulting & Marketing Agency\",\"email\":\"hello@darostudio.com\",\"legalName\":\"DARO studio LLC\",\"foundingDate\":\"2021-02-16\",\"numberOfEmployees\":{\"@type\":\"QuantitativeValue\",\"minValue\":\"1\",\"maxValue\":\"10\"}},{\"@type\":\"Person\",\"@id\":\"https:\\\/\\\/cinema.video\\\/it#\\\/schema\\\/person\\\/f8104a60677fb10fe493beb104706772\",\"name\":\"Paolo di Maira\",\"image\":{\"@type\":\"ImageObject\",\"inLanguage\":\"it-IT\",\"@id\":\"https:\\\/\\\/secure.gravatar.com\\\/avatar\\\/771f2f1ed52288870c094eaf85ff9ee49655ec12aa7e7832c3b3e4b8f5afdf10?s=96&d=mm&r=g\",\"url\":\"https:\\\/\\\/secure.gravatar.com\\\/avatar\\\/771f2f1ed52288870c094eaf85ff9ee49655ec12aa7e7832c3b3e4b8f5afdf10?s=96&d=mm&r=g\",\"contentUrl\":\"https:\\\/\\\/secure.gravatar.com\\\/avatar\\\/771f2f1ed52288870c094eaf85ff9ee49655ec12aa7e7832c3b3e4b8f5afdf10?s=96&d=mm&r=g\",\"caption\":\"Paolo di Maira\"},\"description\":\"Paolo Di Maira, giornalista, ha fondato Cinema&amp;Video International nel 1994, portando nella nuova testata l\u2019esperienza e le risorse accumulate nella direzione di Nuovo Cinema Europeo, rivista storica dei professionisti del settore, pubblicata fino al 1993. Ha svolto attivit\u00e0 di consulenza alla comunicazione per istituzioni culturali e prestigiose aziende audiovisive. (Mifed-Fiera Milano; Rai Trade; Istituto Italiano di Scienze Umane). Le relazioni fra cinema e territorio, che da sempre occupano un posto privilegiato all\u2019interno di Cinema&amp;Video (con rubriche dedicate al cineturismo, alle attivit\u00e0 delle film commission, e ai fondi regionali all\u2019audiovisivo), lo hanno portato a fondare nel 2005, assieme ad Andrea Rocco ed Alessandro Signetto, il \u00a0Centro Studi su Audiovisivo e Territorio Luoghi&amp;Location, e a ideare a realizzare, assieme all\u2019operatore turistico Ville in Italia e a Carolina Mancini, Emotions in Italy, magazine online che si occupa di cultura, territorio ed Italian Lifestyle. Attraverso la IMPACT, azienda di cui \u00e8 titolare, edita Cinema&amp;Video International, e realizza servizi editoriali per conto terzi.\",\"url\":\"https:\\\/\\\/cinema.video\\\/it\\\/author\\\/paolo\"}]}<\/script>\n<!-- \/ Yoast SEO Premium plugin. -->","yoast_head_json":{"title":"Cinema Eden parte con \u201cIn questo mondo di ladri - Cinema &amp; Video International","description":"Cinema Eden parte con \u201cIn questo mondo di ladri \u2013 cinema eden parte con in questo. E\u2019 un nome magico per il cinema (la prima sala cinematografica con ques","robots":{"index":"index","follow":"follow","max-snippet":"max-snippet:-1","max-image-preview":"max-image-preview:large","max-video-preview":"max-video-preview:-1"},"canonical":"https:\/\/cinema.video\/it\/cinema-eden-parte-con-in-questo-mondo-di-ladri","og_locale":"it_IT","og_type":"article","og_title":"Cinema Eden parte con \u201cIn questo mondo di ladri","og_description":"Cinema Eden parte con \u201cIn questo mondo di ladri \u2013 cinema eden parte con in questo. E\u2019 un nome magico per il cinema (la prima sala cinematografica con ques","og_url":"https:\/\/cinema.video\/it\/cinema-eden-parte-con-in-questo-mondo-di-ladri","og_site_name":"Cinema &amp; Video International","article_publisher":"https:\/\/www.facebook.com\/CinemaVideoInternational\/","article_published_time":"2025-09-02T17:16:37+00:00","article_modified_time":"2026-04-10T02:10:05+00:00","og_image":[{"width":1840,"height":1195,"url":"https:\/\/cinema.video\/wp-content\/uploads\/2025\/09\/podcast-scaled-e1756832918894.jpg","type":"image\/jpeg"}],"author":"Paolo di Maira","twitter_card":"summary_large_image","twitter_misc":{"Scritto da":"Paolo di Maira","Tempo di lettura stimato":"3 minuti"},"schema":{"@context":"https:\/\/schema.org","@graph":[{"@type":"Article","@id":"https:\/\/cinema.video\/it\/cinema-eden-parte-con-in-questo-mondo-di-ladri#article","isPartOf":{"@id":"https:\/\/cinema.video\/it\/cinema-eden-parte-con-in-questo-mondo-di-ladri"},"author":{"name":"Paolo di Maira","@id":"https:\/\/cinema.video\/it#\/schema\/person\/f8104a60677fb10fe493beb104706772"},"headline":"Cinema Eden parte con \u201cIn questo mondo di ladri","datePublished":"2025-09-02T17:16:37+00:00","dateModified":"2026-04-10T02:10:05+00:00","mainEntityOfPage":{"@id":"https:\/\/cinema.video\/it\/cinema-eden-parte-con-in-questo-mondo-di-ladri"},"wordCount":362,"publisher":{"@id":"https:\/\/cinema.video\/it#organization"},"image":{"@id":"https:\/\/cinema.video\/it\/cinema-eden-parte-con-in-questo-mondo-di-ladri#primaryimage"},"thumbnailUrl":"https:\/\/cinema.video\/wp-content\/uploads\/2025\/09\/podcast-scaled-e1756832918894.jpg","keywords":["VENICE FILM FESTIVAL"],"inLanguage":"it-IT"},{"@type":"WebPage","@id":"https:\/\/cinema.video\/it\/cinema-eden-parte-con-in-questo-mondo-di-ladri","url":"https:\/\/cinema.video\/it\/cinema-eden-parte-con-in-questo-mondo-di-ladri","name":"Cinema Eden parte con \u201cIn questo mondo di ladri - Cinema &amp; Video International","isPartOf":{"@id":"https:\/\/cinema.video\/it#website"},"primaryImageOfPage":{"@id":"https:\/\/cinema.video\/it\/cinema-eden-parte-con-in-questo-mondo-di-ladri#primaryimage"},"image":{"@id":"https:\/\/cinema.video\/it\/cinema-eden-parte-con-in-questo-mondo-di-ladri#primaryimage"},"thumbnailUrl":"https:\/\/cinema.video\/wp-content\/uploads\/2025\/09\/podcast-scaled-e1756832918894.jpg","datePublished":"2025-09-02T17:16:37+00:00","dateModified":"2026-04-10T02:10:05+00:00","description":"Cinema Eden parte con \u201cIn questo mondo di ladri \u2013 cinema eden parte con in questo. E\u2019 un nome magico per il cinema (la prima sala cinematografica con ques","breadcrumb":{"@id":"https:\/\/cinema.video\/it\/cinema-eden-parte-con-in-questo-mondo-di-ladri#breadcrumb"},"inLanguage":"it-IT","potentialAction":[{"@type":"ReadAction","target":["https:\/\/cinema.video\/it\/cinema-eden-parte-con-in-questo-mondo-di-ladri"]}]},{"@type":"ImageObject","inLanguage":"it-IT","@id":"https:\/\/cinema.video\/it\/cinema-eden-parte-con-in-questo-mondo-di-ladri#primaryimage","url":"https:\/\/cinema.video\/wp-content\/uploads\/2025\/09\/podcast-scaled-e1756832918894.jpg","contentUrl":"https:\/\/cinema.video\/wp-content\/uploads\/2025\/09\/podcast-scaled-e1756832918894.jpg","width":1840,"height":1195},{"@type":"BreadcrumbList","@id":"https:\/\/cinema.video\/it\/cinema-eden-parte-con-in-questo-mondo-di-ladri#breadcrumb","itemListElement":[{"@type":"ListItem","position":1,"name":"Home","item":"https:\/\/cinema.video\/it\/home-2"},{"@type":"ListItem","position":2,"name":"Cinema Eden parte con \u201cIn questo mondo di ladri"}]},{"@type":"WebSite","@id":"https:\/\/cinema.video\/it#website","url":"https:\/\/cinema.video\/it","name":"Cinema & Video International","description":"Film &amp; Audiovisual Industry Trade Magazine","publisher":{"@id":"https:\/\/cinema.video\/it#organization"},"alternateName":"Cinema & Video","potentialAction":[{"@type":"SearchAction","target":{"@type":"EntryPoint","urlTemplate":"https:\/\/cinema.video\/it?s={search_term_string}"},"query-input":{"@type":"PropertyValueSpecification","valueRequired":true,"valueName":"search_term_string"}}],"inLanguage":"it-IT"},{"@type":"Organization","@id":"https:\/\/cinema.video\/it#organization","name":"Cinema & Video","url":"https:\/\/cinema.video\/it","logo":{"@type":"ImageObject","inLanguage":"it-IT","@id":"https:\/\/cinema.video\/it#\/schema\/logo\/image\/","url":"https:\/\/cinema.video\/wp-content\/uploads\/2026\/04\/CinemVideo_LogoBlack.png","contentUrl":"https:\/\/cinema.video\/wp-content\/uploads\/2026\/04\/CinemVideo_LogoBlack.png","width":1336,"height":224,"caption":"Cinema & Video"},"image":{"@id":"https:\/\/cinema.video\/it#\/schema\/logo\/image\/"},"sameAs":["https:\/\/www.facebook.com\/CinemaVideoInternational\/","https:\/\/www.instagram.com\/cinemaevideointernational\/","https:\/\/it.linkedin.com\/company\/cinema-video-international"],"description":"Media Consulting & Marketing Agency","email":"hello@darostudio.com","legalName":"DARO studio LLC","foundingDate":"2021-02-16","numberOfEmployees":{"@type":"QuantitativeValue","minValue":"1","maxValue":"10"}},{"@type":"Person","@id":"https:\/\/cinema.video\/it#\/schema\/person\/f8104a60677fb10fe493beb104706772","name":"Paolo di Maira","image":{"@type":"ImageObject","inLanguage":"it-IT","@id":"https:\/\/secure.gravatar.com\/avatar\/771f2f1ed52288870c094eaf85ff9ee49655ec12aa7e7832c3b3e4b8f5afdf10?s=96&d=mm&r=g","url":"https:\/\/secure.gravatar.com\/avatar\/771f2f1ed52288870c094eaf85ff9ee49655ec12aa7e7832c3b3e4b8f5afdf10?s=96&d=mm&r=g","contentUrl":"https:\/\/secure.gravatar.com\/avatar\/771f2f1ed52288870c094eaf85ff9ee49655ec12aa7e7832c3b3e4b8f5afdf10?s=96&d=mm&r=g","caption":"Paolo di Maira"},"description":"Paolo Di Maira, giornalista, ha fondato Cinema&amp;Video International nel 1994, portando nella nuova testata l\u2019esperienza e le risorse accumulate nella direzione di Nuovo Cinema Europeo, rivista storica dei professionisti del settore, pubblicata fino al 1993. Ha svolto attivit\u00e0 di consulenza alla comunicazione per istituzioni culturali e prestigiose aziende audiovisive. (Mifed-Fiera Milano; Rai Trade; Istituto Italiano di Scienze Umane). Le relazioni fra cinema e territorio, che da sempre occupano un posto privilegiato all\u2019interno di Cinema&amp;Video (con rubriche dedicate al cineturismo, alle attivit\u00e0 delle film commission, e ai fondi regionali all\u2019audiovisivo), lo hanno portato a fondare nel 2005, assieme ad Andrea Rocco ed Alessandro Signetto, il \u00a0Centro Studi su Audiovisivo e Territorio Luoghi&amp;Location, e a ideare a realizzare, assieme all\u2019operatore turistico Ville in Italia e a Carolina Mancini, Emotions in Italy, magazine online che si occupa di cultura, territorio ed Italian Lifestyle. Attraverso la IMPACT, azienda di cui \u00e8 titolare, edita Cinema&amp;Video International, e realizza servizi editoriali per conto terzi.","url":"https:\/\/cinema.video\/it\/author\/paolo"}]}},"jetpack_featured_media_url":"https:\/\/cinema.video\/wp-content\/uploads\/2025\/09\/podcast-scaled-e1756832918894.jpg","jetpack_shortlink":"https:\/\/wp.me\/ph672m-1g8Y","_links":{"self":[{"href":"https:\/\/cinema.video\/it\/wp-json\/wp\/v2\/posts\/300388","targetHints":{"allow":["GET"]}}],"collection":[{"href":"https:\/\/cinema.video\/it\/wp-json\/wp\/v2\/posts"}],"about":[{"href":"https:\/\/cinema.video\/it\/wp-json\/wp\/v2\/types\/post"}],"author":[{"embeddable":true,"href":"https:\/\/cinema.video\/it\/wp-json\/wp\/v2\/users\/3"}],"replies":[{"embeddable":true,"href":"https:\/\/cinema.video\/it\/wp-json\/wp\/v2\/comments?post=300388"}],"version-history":[{"count":1,"href":"https:\/\/cinema.video\/it\/wp-json\/wp\/v2\/posts\/300388\/revisions"}],"predecessor-version":[{"id":309728,"href":"https:\/\/cinema.video\/it\/wp-json\/wp\/v2\/posts\/300388\/revisions\/309728"}],"wp:featuredmedia":[{"embeddable":true,"href":"https:\/\/cinema.video\/it\/wp-json\/wp\/v2\/media\/300390"}],"wp:attachment":[{"href":"https:\/\/cinema.video\/it\/wp-json\/wp\/v2\/media?parent=300388"}],"wp:term":[{"taxonomy":"category","embeddable":true,"href":"https:\/\/cinema.video\/it\/wp-json\/wp\/v2\/categories?post=300388"},{"taxonomy":"post_tag","embeddable":true,"href":"https:\/\/cinema.video\/it\/wp-json\/wp\/v2\/tags?post=300388"}],"curies":[{"name":"wp","href":"https:\/\/api.w.org\/{rel}","templated":true}]}}