{"id":300341,"date":"2025-08-31T10:35:23","date_gmt":"2025-08-31T08:35:23","guid":{"rendered":"https:\/\/cinema.video\/?p=300341"},"modified":"2026-04-10T04:10:01","modified_gmt":"2026-04-10T02:10:01","slug":"un-milione-di-euro-per-le-coproduzioni-con-lamerica-latina","status":"publish","type":"post","link":"https:\/\/cinema.video\/it\/un-milione-di-euro-per-le-coproduzioni-con-lamerica-latina","title":{"rendered":"Un milione di euro per le coproduzioni con l&#8217;America Latina"},"content":{"rendered":"\n<p class=\"wp-block-paragraph\">Un milione di euro a disposizione di tutti i produttori italiani che hanno progetti di coproduzione tra Italia e America Latina: l\u2019incentivo, con cadenza annuale, funziona come Ibermedia, il progetto da cui l\u2019Italia \u00e8 uscita, e include anche Spagna e Portogallo (in questo caso \u00e8 necessario che il terzo partner sia un paese dell\u2019America latina).<\/p>\n\n\n\n<p class=\"wp-block-paragraph\">La conferma ieri, 30 agosto nell\u2019Italian Pavilion del Lido di Venezia, data da <strong>Roberto Stabile<\/strong>, responsabile per l\u2019Internazionalizzazione di Cinecitt\u00e0\/DGCA, nell&#8217;incontro preceduto dal saluto di <strong>Antonio Saccone<\/strong>, nuovo presidente di Cinecitt\u00e0.<\/p>\n\n\n\n<p class=\"wp-block-paragraph\">Il progetto, che \u00e8 parte dell&#8217;attivit\u00e0 di internazionalizzazione di Cinecitt\u00e0, ha trovato un approdo \u201cgrazie al lavoro di Nicola Borrelli: \u00e8 stato uno degli ultimi atti che portano la sua firma\u201d ha tenuto a precisare Stabile, che ha ringraziato per questo il DG Cinema dimessosi a inizio estate.<\/p>\n\n\n\n<p class=\"wp-block-paragraph\">Le procedure per l\u2019accesso al fondo, di imminente pubblicazione, saranno molto semplici. Oltre al contratto di coproduzione col paese partner, occorre (\u00e8 quel che c\u2019\u00e8 in pi\u00f9 rispetto a Ibermedia) una lettera di avvallo da parte dell\u2019 ente cinematografico del Paese con il quale si va a produrre, che confermi l\u2019esistenza del progetto.<\/p>\n\n\n\n<p class=\"wp-block-paragraph\">Il fondo sar\u00e0 cos\u00ec ripartito: 800 mila euro per le coproduzioni (fino a 200 mila a progetto e in casi speciali raddoppiabile) e 200 mila per lo sviluppo dei progetti (con un tetto di 50 mila a progetto).<\/p>\n\n\n\n<p class=\"wp-block-paragraph\">Le domande saranno valutate da un gruppo di lavoro composto da un rappresentante della DGC, uno di Cinecitt\u00e0 e due esperti di internazionalizzazione . Presto verranno resi noti i loro nomi.<\/p>\n\n\n\n<p class=\"wp-block-paragraph\">\u201cAbbiamo deciso, almeno in una prima fase, di non fare delle call, ma lasciare finestre aperte . Valuteremo in corso d\u2019opera se questo funziona o meno\u201d.<\/p>\n\n\n\n<p class=\"wp-block-paragraph\">Per quanto concerne la parte \u201csviluppo\u201d,  \u201cprobabilmente, almeno nella fase iniziale, faremo accordi con i principali mercati internazionali per far s\u00ec che una parte dei fondi destinati allo sviluppo vengano gestiti come una sorta di premio ai progetti selezionati all\u2019interno delle rispettive sezioni dedicate alle coproduzioni\u201d, ha concluso Stabile.<\/p>\n\n\n\n<p class=\"wp-block-paragraph\">Prossimo appuntamento: Ventana Sur, il maggiore Mercato audiovisivo dell\u2019America Latina che si terr\u00e0 dal 1<sup>o<\/sup> al 5 dicembre 2025.<\/p>\n","protected":false},"excerpt":{"rendered":"<p>Un milione di euro a disposizione di tutti i produttori italiani che hanno progetti di coproduzione tra Italia e America Latina:  \u00e8 stato annunciato all&#8217;Italian Pavilion da Roberto Stabile, responsabile per l\u2019Internazionalizzazione di Cinecitt\u00e0\/DGCA<\/p>\n","protected":false},"author":3,"featured_media":300347,"comment_status":"closed","ping_status":"closed","sticky":false,"template":"","format":"standard","meta":{"googlesitekit_rrm_CAow3e7fCw:productID":"","_crdt_document":"","footnotes":""},"categories":[1],"tags":[514,356,1694],"class_list":{"0":"post-300341","1":"post","2":"type-post","3":"status-publish","4":"format-standard","5":"has-post-thumbnail","7":"category-senza-categoria","8":"tag-cinecitta","9":"tag-focus","10":"tag-venice-film-festival"},"yoast_head":"<!-- This site is optimized with the Yoast SEO Premium plugin v27.4 (Yoast SEO v27.5) - https:\/\/yoast.com\/product\/yoast-seo-premium-wordpress\/ -->\n<title>Un milione di euro per le coproduzioni con l&#039;America Latina - Cinema &amp; Video International<\/title>\n<meta name=\"description\" content=\"Un milione di euro per le coproduzioni con l&#039;America Latina \u2013 un milione di euro per le. Un milione di euro a disposizione di tutti i produttori italiani\" \/>\n<meta name=\"robots\" content=\"index, follow, max-snippet:-1, max-image-preview:large, max-video-preview:-1\" \/>\n<link rel=\"canonical\" href=\"https:\/\/cinema.video\/it\/un-milione-di-euro-per-le-coproduzioni-con-lamerica-latina\" \/>\n<meta property=\"og:locale\" content=\"it_IT\" \/>\n<meta property=\"og:type\" content=\"article\" \/>\n<meta property=\"og:title\" content=\"Un milione di euro per le coproduzioni con l&#039;America Latina\" \/>\n<meta property=\"og:description\" content=\"Un milione di euro per le coproduzioni con l&#039;America Latina \u2013 un milione di euro per le. Un milione di euro a disposizione di tutti i produttori italiani\" \/>\n<meta property=\"og:url\" content=\"https:\/\/cinema.video\/it\/un-milione-di-euro-per-le-coproduzioni-con-lamerica-latina\" \/>\n<meta property=\"og:site_name\" content=\"Cinema &amp; Video International\" \/>\n<meta property=\"article:publisher\" content=\"https:\/\/www.facebook.com\/CinemaVideoInternational\/\" \/>\n<meta property=\"article:published_time\" content=\"2025-08-31T08:35:23+00:00\" \/>\n<meta property=\"article:modified_time\" content=\"2026-04-10T02:10:01+00:00\" \/>\n<meta property=\"og:image\" content=\"https:\/\/cinema.video\/wp-content\/uploads\/2025\/08\/Immagine-WhatsApp-2025-08-31-ore-10.03.49_af615431.jpg\" \/>\n\t<meta property=\"og:image:width\" content=\"1600\" \/>\n\t<meta property=\"og:image:height\" content=\"1200\" \/>\n\t<meta property=\"og:image:type\" content=\"image\/jpeg\" \/>\n<meta name=\"author\" content=\"Paolo di Maira\" \/>\n<meta name=\"twitter:card\" content=\"summary_large_image\" \/>\n<meta name=\"twitter:label1\" content=\"Scritto da\" \/>\n\t<meta name=\"twitter:data1\" content=\"Paolo di Maira\" \/>\n\t<meta name=\"twitter:label2\" content=\"Tempo di lettura stimato\" \/>\n\t<meta name=\"twitter:data2\" content=\"3 minuti\" \/>\n<script type=\"application\/ld+json\" class=\"yoast-schema-graph\">{\"@context\":\"https:\\\/\\\/schema.org\",\"@graph\":[{\"@type\":\"Article\",\"@id\":\"https:\\\/\\\/cinema.video\\\/it\\\/un-milione-di-euro-per-le-coproduzioni-con-lamerica-latina#article\",\"isPartOf\":{\"@id\":\"https:\\\/\\\/cinema.video\\\/it\\\/un-milione-di-euro-per-le-coproduzioni-con-lamerica-latina\"},\"author\":{\"name\":\"Paolo di Maira\",\"@id\":\"https:\\\/\\\/cinema.video\\\/it#\\\/schema\\\/person\\\/f8104a60677fb10fe493beb104706772\"},\"headline\":\"Un milione di euro per le coproduzioni con l&#8217;America Latina\",\"datePublished\":\"2025-08-31T08:35:23+00:00\",\"dateModified\":\"2026-04-10T02:10:01+00:00\",\"mainEntityOfPage\":{\"@id\":\"https:\\\/\\\/cinema.video\\\/it\\\/un-milione-di-euro-per-le-coproduzioni-con-lamerica-latina\"},\"wordCount\":360,\"publisher\":{\"@id\":\"https:\\\/\\\/cinema.video\\\/it#organization\"},\"image\":{\"@id\":\"https:\\\/\\\/cinema.video\\\/it\\\/un-milione-di-euro-per-le-coproduzioni-con-lamerica-latina#primaryimage\"},\"thumbnailUrl\":\"https:\\\/\\\/cinema.video\\\/wp-content\\\/uploads\\\/2025\\\/08\\\/Immagine-WhatsApp-2025-08-31-ore-10.03.49_af615431.jpg\",\"keywords\":[\"CINECITT\u00c0\",\"focus\",\"VENICE FILM FESTIVAL\"],\"inLanguage\":\"it-IT\"},{\"@type\":\"WebPage\",\"@id\":\"https:\\\/\\\/cinema.video\\\/it\\\/un-milione-di-euro-per-le-coproduzioni-con-lamerica-latina\",\"url\":\"https:\\\/\\\/cinema.video\\\/it\\\/un-milione-di-euro-per-le-coproduzioni-con-lamerica-latina\",\"name\":\"Un milione di euro per le coproduzioni con l'America Latina - Cinema &amp; Video International\",\"isPartOf\":{\"@id\":\"https:\\\/\\\/cinema.video\\\/it#website\"},\"primaryImageOfPage\":{\"@id\":\"https:\\\/\\\/cinema.video\\\/it\\\/un-milione-di-euro-per-le-coproduzioni-con-lamerica-latina#primaryimage\"},\"image\":{\"@id\":\"https:\\\/\\\/cinema.video\\\/it\\\/un-milione-di-euro-per-le-coproduzioni-con-lamerica-latina#primaryimage\"},\"thumbnailUrl\":\"https:\\\/\\\/cinema.video\\\/wp-content\\\/uploads\\\/2025\\\/08\\\/Immagine-WhatsApp-2025-08-31-ore-10.03.49_af615431.jpg\",\"datePublished\":\"2025-08-31T08:35:23+00:00\",\"dateModified\":\"2026-04-10T02:10:01+00:00\",\"description\":\"Un milione di euro per le coproduzioni con l'America Latina \u2013 un milione di euro per le. Un milione di euro a disposizione di tutti i produttori italiani\",\"breadcrumb\":{\"@id\":\"https:\\\/\\\/cinema.video\\\/it\\\/un-milione-di-euro-per-le-coproduzioni-con-lamerica-latina#breadcrumb\"},\"inLanguage\":\"it-IT\",\"potentialAction\":[{\"@type\":\"ReadAction\",\"target\":[\"https:\\\/\\\/cinema.video\\\/it\\\/un-milione-di-euro-per-le-coproduzioni-con-lamerica-latina\"]}]},{\"@type\":\"ImageObject\",\"inLanguage\":\"it-IT\",\"@id\":\"https:\\\/\\\/cinema.video\\\/it\\\/un-milione-di-euro-per-le-coproduzioni-con-lamerica-latina#primaryimage\",\"url\":\"https:\\\/\\\/cinema.video\\\/wp-content\\\/uploads\\\/2025\\\/08\\\/Immagine-WhatsApp-2025-08-31-ore-10.03.49_af615431.jpg\",\"contentUrl\":\"https:\\\/\\\/cinema.video\\\/wp-content\\\/uploads\\\/2025\\\/08\\\/Immagine-WhatsApp-2025-08-31-ore-10.03.49_af615431.jpg\",\"width\":1600,\"height\":1200},{\"@type\":\"BreadcrumbList\",\"@id\":\"https:\\\/\\\/cinema.video\\\/it\\\/un-milione-di-euro-per-le-coproduzioni-con-lamerica-latina#breadcrumb\",\"itemListElement\":[{\"@type\":\"ListItem\",\"position\":1,\"name\":\"Home\",\"item\":\"https:\\\/\\\/cinema.video\\\/it\\\/home-2\"},{\"@type\":\"ListItem\",\"position\":2,\"name\":\"Un milione di euro per le coproduzioni con l&#8217;America Latina\"}]},{\"@type\":\"WebSite\",\"@id\":\"https:\\\/\\\/cinema.video\\\/it#website\",\"url\":\"https:\\\/\\\/cinema.video\\\/it\",\"name\":\"Cinema & Video International\",\"description\":\"Film &amp; Audiovisual Industry Trade Magazine\",\"publisher\":{\"@id\":\"https:\\\/\\\/cinema.video\\\/it#organization\"},\"alternateName\":\"Cinema & Video\",\"potentialAction\":[{\"@type\":\"SearchAction\",\"target\":{\"@type\":\"EntryPoint\",\"urlTemplate\":\"https:\\\/\\\/cinema.video\\\/it?s={search_term_string}\"},\"query-input\":{\"@type\":\"PropertyValueSpecification\",\"valueRequired\":true,\"valueName\":\"search_term_string\"}}],\"inLanguage\":\"it-IT\"},{\"@type\":\"Organization\",\"@id\":\"https:\\\/\\\/cinema.video\\\/it#organization\",\"name\":\"Cinema & Video\",\"url\":\"https:\\\/\\\/cinema.video\\\/it\",\"logo\":{\"@type\":\"ImageObject\",\"inLanguage\":\"it-IT\",\"@id\":\"https:\\\/\\\/cinema.video\\\/it#\\\/schema\\\/logo\\\/image\\\/\",\"url\":\"https:\\\/\\\/cinema.video\\\/wp-content\\\/uploads\\\/2026\\\/04\\\/CinemVideo_LogoBlack.png\",\"contentUrl\":\"https:\\\/\\\/cinema.video\\\/wp-content\\\/uploads\\\/2026\\\/04\\\/CinemVideo_LogoBlack.png\",\"width\":1336,\"height\":224,\"caption\":\"Cinema & Video\"},\"image\":{\"@id\":\"https:\\\/\\\/cinema.video\\\/it#\\\/schema\\\/logo\\\/image\\\/\"},\"sameAs\":[\"https:\\\/\\\/www.facebook.com\\\/CinemaVideoInternational\\\/\",\"https:\\\/\\\/www.instagram.com\\\/cinemaevideointernational\\\/\",\"https:\\\/\\\/it.linkedin.com\\\/company\\\/cinema-video-international\"],\"description\":\"Media Consulting & Marketing Agency\",\"email\":\"hello@darostudio.com\",\"legalName\":\"DARO studio LLC\",\"foundingDate\":\"2021-02-16\",\"numberOfEmployees\":{\"@type\":\"QuantitativeValue\",\"minValue\":\"1\",\"maxValue\":\"10\"}},{\"@type\":\"Person\",\"@id\":\"https:\\\/\\\/cinema.video\\\/it#\\\/schema\\\/person\\\/f8104a60677fb10fe493beb104706772\",\"name\":\"Paolo di Maira\",\"image\":{\"@type\":\"ImageObject\",\"inLanguage\":\"it-IT\",\"@id\":\"https:\\\/\\\/secure.gravatar.com\\\/avatar\\\/771f2f1ed52288870c094eaf85ff9ee49655ec12aa7e7832c3b3e4b8f5afdf10?s=96&d=mm&r=g\",\"url\":\"https:\\\/\\\/secure.gravatar.com\\\/avatar\\\/771f2f1ed52288870c094eaf85ff9ee49655ec12aa7e7832c3b3e4b8f5afdf10?s=96&d=mm&r=g\",\"contentUrl\":\"https:\\\/\\\/secure.gravatar.com\\\/avatar\\\/771f2f1ed52288870c094eaf85ff9ee49655ec12aa7e7832c3b3e4b8f5afdf10?s=96&d=mm&r=g\",\"caption\":\"Paolo di Maira\"},\"description\":\"Paolo Di Maira, giornalista, ha fondato Cinema&amp;Video International nel 1994, portando nella nuova testata l\u2019esperienza e le risorse accumulate nella direzione di Nuovo Cinema Europeo, rivista storica dei professionisti del settore, pubblicata fino al 1993. Ha svolto attivit\u00e0 di consulenza alla comunicazione per istituzioni culturali e prestigiose aziende audiovisive. (Mifed-Fiera Milano; Rai Trade; Istituto Italiano di Scienze Umane). Le relazioni fra cinema e territorio, che da sempre occupano un posto privilegiato all\u2019interno di Cinema&amp;Video (con rubriche dedicate al cineturismo, alle attivit\u00e0 delle film commission, e ai fondi regionali all\u2019audiovisivo), lo hanno portato a fondare nel 2005, assieme ad Andrea Rocco ed Alessandro Signetto, il \u00a0Centro Studi su Audiovisivo e Territorio Luoghi&amp;Location, e a ideare a realizzare, assieme all\u2019operatore turistico Ville in Italia e a Carolina Mancini, Emotions in Italy, magazine online che si occupa di cultura, territorio ed Italian Lifestyle. Attraverso la IMPACT, azienda di cui \u00e8 titolare, edita Cinema&amp;Video International, e realizza servizi editoriali per conto terzi.\",\"url\":\"https:\\\/\\\/cinema.video\\\/it\\\/author\\\/paolo\"}]}<\/script>\n<!-- \/ Yoast SEO Premium plugin. -->","yoast_head_json":{"title":"Un milione di euro per le coproduzioni con l'America Latina - Cinema &amp; Video International","description":"Un milione di euro per le coproduzioni con l'America Latina \u2013 un milione di euro per le. Un milione di euro a disposizione di tutti i produttori italiani","robots":{"index":"index","follow":"follow","max-snippet":"max-snippet:-1","max-image-preview":"max-image-preview:large","max-video-preview":"max-video-preview:-1"},"canonical":"https:\/\/cinema.video\/it\/un-milione-di-euro-per-le-coproduzioni-con-lamerica-latina","og_locale":"it_IT","og_type":"article","og_title":"Un milione di euro per le coproduzioni con l'America Latina","og_description":"Un milione di euro per le coproduzioni con l'America Latina \u2013 un milione di euro per le. Un milione di euro a disposizione di tutti i produttori italiani","og_url":"https:\/\/cinema.video\/it\/un-milione-di-euro-per-le-coproduzioni-con-lamerica-latina","og_site_name":"Cinema &amp; Video International","article_publisher":"https:\/\/www.facebook.com\/CinemaVideoInternational\/","article_published_time":"2025-08-31T08:35:23+00:00","article_modified_time":"2026-04-10T02:10:01+00:00","og_image":[{"width":1600,"height":1200,"url":"https:\/\/cinema.video\/wp-content\/uploads\/2025\/08\/Immagine-WhatsApp-2025-08-31-ore-10.03.49_af615431.jpg","type":"image\/jpeg"}],"author":"Paolo di Maira","twitter_card":"summary_large_image","twitter_misc":{"Scritto da":"Paolo di Maira","Tempo di lettura stimato":"3 minuti"},"schema":{"@context":"https:\/\/schema.org","@graph":[{"@type":"Article","@id":"https:\/\/cinema.video\/it\/un-milione-di-euro-per-le-coproduzioni-con-lamerica-latina#article","isPartOf":{"@id":"https:\/\/cinema.video\/it\/un-milione-di-euro-per-le-coproduzioni-con-lamerica-latina"},"author":{"name":"Paolo di Maira","@id":"https:\/\/cinema.video\/it#\/schema\/person\/f8104a60677fb10fe493beb104706772"},"headline":"Un milione di euro per le coproduzioni con l&#8217;America Latina","datePublished":"2025-08-31T08:35:23+00:00","dateModified":"2026-04-10T02:10:01+00:00","mainEntityOfPage":{"@id":"https:\/\/cinema.video\/it\/un-milione-di-euro-per-le-coproduzioni-con-lamerica-latina"},"wordCount":360,"publisher":{"@id":"https:\/\/cinema.video\/it#organization"},"image":{"@id":"https:\/\/cinema.video\/it\/un-milione-di-euro-per-le-coproduzioni-con-lamerica-latina#primaryimage"},"thumbnailUrl":"https:\/\/cinema.video\/wp-content\/uploads\/2025\/08\/Immagine-WhatsApp-2025-08-31-ore-10.03.49_af615431.jpg","keywords":["CINECITT\u00c0","focus","VENICE FILM FESTIVAL"],"inLanguage":"it-IT"},{"@type":"WebPage","@id":"https:\/\/cinema.video\/it\/un-milione-di-euro-per-le-coproduzioni-con-lamerica-latina","url":"https:\/\/cinema.video\/it\/un-milione-di-euro-per-le-coproduzioni-con-lamerica-latina","name":"Un milione di euro per le coproduzioni con l'America Latina - Cinema &amp; Video International","isPartOf":{"@id":"https:\/\/cinema.video\/it#website"},"primaryImageOfPage":{"@id":"https:\/\/cinema.video\/it\/un-milione-di-euro-per-le-coproduzioni-con-lamerica-latina#primaryimage"},"image":{"@id":"https:\/\/cinema.video\/it\/un-milione-di-euro-per-le-coproduzioni-con-lamerica-latina#primaryimage"},"thumbnailUrl":"https:\/\/cinema.video\/wp-content\/uploads\/2025\/08\/Immagine-WhatsApp-2025-08-31-ore-10.03.49_af615431.jpg","datePublished":"2025-08-31T08:35:23+00:00","dateModified":"2026-04-10T02:10:01+00:00","description":"Un milione di euro per le coproduzioni con l'America Latina \u2013 un milione di euro per le. Un milione di euro a disposizione di tutti i produttori italiani","breadcrumb":{"@id":"https:\/\/cinema.video\/it\/un-milione-di-euro-per-le-coproduzioni-con-lamerica-latina#breadcrumb"},"inLanguage":"it-IT","potentialAction":[{"@type":"ReadAction","target":["https:\/\/cinema.video\/it\/un-milione-di-euro-per-le-coproduzioni-con-lamerica-latina"]}]},{"@type":"ImageObject","inLanguage":"it-IT","@id":"https:\/\/cinema.video\/it\/un-milione-di-euro-per-le-coproduzioni-con-lamerica-latina#primaryimage","url":"https:\/\/cinema.video\/wp-content\/uploads\/2025\/08\/Immagine-WhatsApp-2025-08-31-ore-10.03.49_af615431.jpg","contentUrl":"https:\/\/cinema.video\/wp-content\/uploads\/2025\/08\/Immagine-WhatsApp-2025-08-31-ore-10.03.49_af615431.jpg","width":1600,"height":1200},{"@type":"BreadcrumbList","@id":"https:\/\/cinema.video\/it\/un-milione-di-euro-per-le-coproduzioni-con-lamerica-latina#breadcrumb","itemListElement":[{"@type":"ListItem","position":1,"name":"Home","item":"https:\/\/cinema.video\/it\/home-2"},{"@type":"ListItem","position":2,"name":"Un milione di euro per le coproduzioni con l&#8217;America Latina"}]},{"@type":"WebSite","@id":"https:\/\/cinema.video\/it#website","url":"https:\/\/cinema.video\/it","name":"Cinema & Video International","description":"Film &amp; Audiovisual Industry Trade Magazine","publisher":{"@id":"https:\/\/cinema.video\/it#organization"},"alternateName":"Cinema & Video","potentialAction":[{"@type":"SearchAction","target":{"@type":"EntryPoint","urlTemplate":"https:\/\/cinema.video\/it?s={search_term_string}"},"query-input":{"@type":"PropertyValueSpecification","valueRequired":true,"valueName":"search_term_string"}}],"inLanguage":"it-IT"},{"@type":"Organization","@id":"https:\/\/cinema.video\/it#organization","name":"Cinema & Video","url":"https:\/\/cinema.video\/it","logo":{"@type":"ImageObject","inLanguage":"it-IT","@id":"https:\/\/cinema.video\/it#\/schema\/logo\/image\/","url":"https:\/\/cinema.video\/wp-content\/uploads\/2026\/04\/CinemVideo_LogoBlack.png","contentUrl":"https:\/\/cinema.video\/wp-content\/uploads\/2026\/04\/CinemVideo_LogoBlack.png","width":1336,"height":224,"caption":"Cinema & Video"},"image":{"@id":"https:\/\/cinema.video\/it#\/schema\/logo\/image\/"},"sameAs":["https:\/\/www.facebook.com\/CinemaVideoInternational\/","https:\/\/www.instagram.com\/cinemaevideointernational\/","https:\/\/it.linkedin.com\/company\/cinema-video-international"],"description":"Media Consulting & Marketing Agency","email":"hello@darostudio.com","legalName":"DARO studio LLC","foundingDate":"2021-02-16","numberOfEmployees":{"@type":"QuantitativeValue","minValue":"1","maxValue":"10"}},{"@type":"Person","@id":"https:\/\/cinema.video\/it#\/schema\/person\/f8104a60677fb10fe493beb104706772","name":"Paolo di Maira","image":{"@type":"ImageObject","inLanguage":"it-IT","@id":"https:\/\/secure.gravatar.com\/avatar\/771f2f1ed52288870c094eaf85ff9ee49655ec12aa7e7832c3b3e4b8f5afdf10?s=96&d=mm&r=g","url":"https:\/\/secure.gravatar.com\/avatar\/771f2f1ed52288870c094eaf85ff9ee49655ec12aa7e7832c3b3e4b8f5afdf10?s=96&d=mm&r=g","contentUrl":"https:\/\/secure.gravatar.com\/avatar\/771f2f1ed52288870c094eaf85ff9ee49655ec12aa7e7832c3b3e4b8f5afdf10?s=96&d=mm&r=g","caption":"Paolo di Maira"},"description":"Paolo Di Maira, giornalista, ha fondato Cinema&amp;Video International nel 1994, portando nella nuova testata l\u2019esperienza e le risorse accumulate nella direzione di Nuovo Cinema Europeo, rivista storica dei professionisti del settore, pubblicata fino al 1993. Ha svolto attivit\u00e0 di consulenza alla comunicazione per istituzioni culturali e prestigiose aziende audiovisive. (Mifed-Fiera Milano; Rai Trade; Istituto Italiano di Scienze Umane). Le relazioni fra cinema e territorio, che da sempre occupano un posto privilegiato all\u2019interno di Cinema&amp;Video (con rubriche dedicate al cineturismo, alle attivit\u00e0 delle film commission, e ai fondi regionali all\u2019audiovisivo), lo hanno portato a fondare nel 2005, assieme ad Andrea Rocco ed Alessandro Signetto, il \u00a0Centro Studi su Audiovisivo e Territorio Luoghi&amp;Location, e a ideare a realizzare, assieme all\u2019operatore turistico Ville in Italia e a Carolina Mancini, Emotions in Italy, magazine online che si occupa di cultura, territorio ed Italian Lifestyle. Attraverso la IMPACT, azienda di cui \u00e8 titolare, edita Cinema&amp;Video International, e realizza servizi editoriali per conto terzi.","url":"https:\/\/cinema.video\/it\/author\/paolo"}]}},"jetpack_featured_media_url":"https:\/\/cinema.video\/wp-content\/uploads\/2025\/08\/Immagine-WhatsApp-2025-08-31-ore-10.03.49_af615431.jpg","jetpack_shortlink":"https:\/\/wp.me\/ph672m-1g8d","_links":{"self":[{"href":"https:\/\/cinema.video\/it\/wp-json\/wp\/v2\/posts\/300341","targetHints":{"allow":["GET"]}}],"collection":[{"href":"https:\/\/cinema.video\/it\/wp-json\/wp\/v2\/posts"}],"about":[{"href":"https:\/\/cinema.video\/it\/wp-json\/wp\/v2\/types\/post"}],"author":[{"embeddable":true,"href":"https:\/\/cinema.video\/it\/wp-json\/wp\/v2\/users\/3"}],"replies":[{"embeddable":true,"href":"https:\/\/cinema.video\/it\/wp-json\/wp\/v2\/comments?post=300341"}],"version-history":[{"count":1,"href":"https:\/\/cinema.video\/it\/wp-json\/wp\/v2\/posts\/300341\/revisions"}],"predecessor-version":[{"id":309720,"href":"https:\/\/cinema.video\/it\/wp-json\/wp\/v2\/posts\/300341\/revisions\/309720"}],"wp:featuredmedia":[{"embeddable":true,"href":"https:\/\/cinema.video\/it\/wp-json\/wp\/v2\/media\/300347"}],"wp:attachment":[{"href":"https:\/\/cinema.video\/it\/wp-json\/wp\/v2\/media?parent=300341"}],"wp:term":[{"taxonomy":"category","embeddable":true,"href":"https:\/\/cinema.video\/it\/wp-json\/wp\/v2\/categories?post=300341"},{"taxonomy":"post_tag","embeddable":true,"href":"https:\/\/cinema.video\/it\/wp-json\/wp\/v2\/tags?post=300341"}],"curies":[{"name":"wp","href":"https:\/\/api.w.org\/{rel}","templated":true}]}}