{"id":300233,"date":"2025-08-20T10:05:16","date_gmt":"2025-08-20T08:05:16","guid":{"rendered":"https:\/\/cinema.video\/?p=300233"},"modified":"2026-04-10T04:09:50","modified_gmt":"2026-04-10T02:09:50","slug":"due-film-fvg-al-sarajevo-film-festival","status":"publish","type":"post","link":"https:\/\/cinema.video\/it\/due-film-fvg-al-sarajevo-film-festival","title":{"rendered":"Due film girati in FVG al Sarajevo FF (e molte coproduzioni italiane)"},"content":{"rendered":"\n<p class=\"wp-block-paragraph\"><strong><em>Little Trouble Girls<\/em><\/strong> di <strong>Ur\u0161ka Djuki\u0107 <\/strong>e <strong><em>Il Bianco si lava a novanta<\/em><\/strong> di <strong>Marko Nabersnik:<\/strong> due film di registi sloveni, girati in Friuli Venezia Giulia e realizzati con il contributo della <strong>FVG Film Commission \u2013 PromoTurismoFVG <\/strong>sono in arrivo alla 28\u00b0 edizione del <strong>Sarajevo Film Festival,<\/strong> che si sta svolgendo in questo momento nella capitale bosniaca (15-22 settembre), e dove \u00e8 in corso anche un omaggio a <strong>Paolo Sorrentino<\/strong> che ricever\u00e0 l&#8217;Honorary Heart of Sarajevo (<a href=\"https:\/\/cinema.video\/paolo-sorrentino-honorary-heart-of-sarajevo-award\"><strong>leggi qui<\/strong><\/a>)<\/p>\n\n\n\n<p class=\"wp-block-paragraph\">Oggi, <strong>20 agosto<\/strong>, l\u2019opera prima della regista slovena Ur\u0161ka Djuki\u0107, sar\u00e0 presentato nella sezione <em>Focus<\/em>:&nbsp;prosegue il suo percorso festivaliero iniziato con la premiere alla scorsa Berlinale questa storia di formazione che ha per protagonista una sedicenne introversa e inquieta, che scopre nuove emozioni e desideri durante un ritiro corale nel convento della sua scuola cattolica, mettendo in crisi amicizie e certezze.<\/p>\n\n\n\n<div class=\"wp-block-media-text is-stacked-on-mobile\"><figure class=\"wp-block-media-text__media\"><img loading=\"lazy\" decoding=\"async\" width=\"722\" height=\"1024\" src=\"https:\/\/cinema.video\/wp-content\/uploads\/2025\/08\/littletroublegirls_regista-protagonista-722x1024.jpeg\" alt=\"\" class=\"wp-image-300235 size-full\" srcset=\"https:\/\/cinema.video\/wp-content\/uploads\/2025\/08\/littletroublegirls_regista-protagonista.jpeg 722w, https:\/\/cinema.video\/wp-content\/uploads\/2025\/08\/littletroublegirls_regista-protagonista.jpeg 211w, https:\/\/cinema.video\/wp-content\/uploads\/2025\/08\/littletroublegirls_regista-protagonista.jpeg 768w, https:\/\/cinema.video\/wp-content\/uploads\/2025\/08\/littletroublegirls_regista-protagonista.jpeg 1083w, https:\/\/cinema.video\/wp-content\/uploads\/2025\/08\/littletroublegirls_regista-protagonista.jpeg 1444w, https:\/\/cinema.video\/wp-content\/uploads\/2025\/08\/littletroublegirls_regista-protagonista.jpeg 296w, https:\/\/cinema.video\/wp-content\/uploads\/2025\/08\/littletroublegirls_regista-protagonista.jpeg 150w, https:\/\/cinema.video\/wp-content\/uploads\/2025\/08\/littletroublegirls_regista-protagonista.jpeg 300w, https:\/\/cinema.video\/wp-content\/uploads\/2025\/08\/littletroublegirls_regista-protagonista.jpeg 696w, https:\/\/cinema.video\/wp-content\/uploads\/2025\/08\/littletroublegirls_regista-protagonista.jpeg 1068w, https:\/\/cinema.video\/wp-content\/uploads\/2025\/08\/littletroublegirls_regista-protagonista.jpeg 1748w, https:\/\/cinema.video\/wp-content\/uploads\/2025\/08\/littletroublegirls_regista-protagonista.jpeg 1392w\" sizes=\"auto, (max-width: 696px) 100vw, 696px\" \/><\/figure><div class=\"wp-block-media-text__content\">\n<p class=\"wp-block-paragraph\">Girato nell\u2019estate del 2023 in Friuli Venezia Giulia a Cividale del Friuli (Monastero di Santa Maria in Valle, ex San Francesco, centro storico, Ponte del Diavolo) e nelle Valli del Natisone: San Pietro al Natisone, Pulfero, San Leonardo, grotta e chiesa di San Giovanni d\u2019 Antro, cascata del Kot, spiagge di Biarzo, Tiglio e Muz,&nbsp; \u00e8 una co-produzione tra Slovenia (Spok Films), Italia (<strong>Staragara I.T.<\/strong>), Croazia (365 Films), Serbia (Non-Aligned Films), Francia (Sister Productions) e RTV Slovenija, ed \u00e8 sostenuta da GO!2025 \u2013 Nova Gorica e Gorizia Capitale Europea della Cultura, Eurimages, <strong>MiC \u2013 Ministero della Cultura<\/strong> e dal <strong>Fondo per l\u2019 Audiovisivo del FVG<\/strong>. In Italia sar\u00e0 distribuito da Tucker Film.<\/p>\n<\/div><\/div>\n\n\n\n<p class=\"wp-block-paragraph\">Domani, invece, <strong>21 agosto<\/strong>, la sezione <em>Open Air <\/em>ospiter\u00e0<strong> <em>Il Bianco si lava a novanta<\/em><\/strong><em>: a<\/em>dattamento dell\u2019omonimo best seller autobiografico di Bronja \u017dakelj, edito in Italia da Bottega Errante, iil film racconta tre decenni di storia personale e collettiva \u2013 dagli anni \u201980 ai primi 2000 \u2013 attraversando la caduta del muro di Berlino e lo sgretolamento della Jugoslavia. La sceneggiatura \u00e8 firmata dalla stessa \u017dakelj insieme al regista sloveno Marko Nabersnik.<\/p>\n\n\n\n<p class=\"wp-block-paragraph\">Le riprese si sono svolte in due fasi: una prima sessione a Trieste (giugno 2024), seguita da altre nove giornate a settembre nei comuni di Udine, Povoletto, Torviscosa e Gonars.<\/p>\n\n\n\n<p class=\"wp-block-paragraph\">La co-produzione internazionale che coinvolge sei Paesi europei, fra cui l\u2019Italia con la&nbsp;friulana <strong>Quasar Film<\/strong> di Povoletto, primo co-produttore insieme alla slovena <strong>Perfo<\/strong>. Diverse maestranze locali sono state coinvolte anche nella post-produzione, con colonna sonora firmata da <strong>Luca Ciut<\/strong> e lavorazioni tecniche affidate a studi specializzati della regione.<\/p>\n\n\n\n<figure class=\"wp-block-image size-large\"><img loading=\"lazy\" decoding=\"async\" width=\"1024\" height=\"768\" src=\"https:\/\/cinema.video\/wp-content\/uploads\/2025\/08\/Il-bianco-si-lava-a-novanta-2-1024x768.jpeg\" alt=\"\" class=\"wp-image-300234\"\/><figcaption class=\"wp-element-caption\">Il Bianco si lava a novanta<\/figcaption><\/figure>\n\n\n\n<p class=\"wp-block-paragraph\">Sono molte co-produzioni con l\u2019Italia presenti al festival.&nbsp;<\/p>\n\n\n\n<p class=\"wp-block-paragraph\">Nel<em> Concorso Internazionale<\/em>&nbsp; troviamo <strong><em>Vidra<\/em><\/strong> di <strong>Srdjan Vuletic<\/strong> co-prodotto da <strong>Redibis Film<\/strong> di&nbsp; <strong>Daniele Segre<\/strong> (le musiche sono di Giorgio Giamp\u00e0 e Marta Lucchesini);<\/p>\n\n\n\n<p class=\"wp-block-paragraph\">Tre sono firmate da<strong> Nightswim <\/strong>di<strong> Ines Vasilievic <\/strong>e<strong> Stefano Sardo<\/strong>: <strong><em>Terra del Fuoco <\/em><\/strong>di <strong>Jana Husic,<\/strong> che ha recentemente valso il Pardo per la migliore interpretazione a Manuela Martelli e Ana Marija Veselcic al Locarno Film festival (prodotto anche da Croazia, Romania, Grecia, Francia, Slovenia); <strong><em>Il Sogno pi\u00f9 lungo<\/em><\/strong> di <strong>Ivana Mladenovic<\/strong> passato anch\u2019esso dal <em>Concorso<\/em> di Locarno (coinvolge anche Romania, Serbia e Spagna), e <strong><em>La Rinuncia del Principe<\/em><\/strong> di <strong>Ivan Salatic<\/strong>, che dopo la <em>Tiger Competition<\/em> del\u2019 IFFR e. il <em>Concorso<\/em> di Taormina arriva nella sezione <em>Focus<\/em> (\u00e8 una co-produzione fra Montenegro\/Italia\/Serbia\/Croazia\/Francia).<\/p>\n\n\n\n<figure class=\"wp-block-image size-large\"><img loading=\"lazy\" decoding=\"async\" width=\"1024\" height=\"553\" src=\"https:\/\/cinema.video\/wp-content\/uploads\/2025\/08\/terra-del-fuoco-1024x553.jpg\" alt=\"\" class=\"wp-image-300237\" srcset=\"https:\/\/cinema.video\/wp-content\/uploads\/2025\/08\/terra-del-fuoco.jpg 1024w, https:\/\/cinema.video\/wp-content\/uploads\/2025\/08\/terra-del-fuoco.jpg 300w, https:\/\/cinema.video\/wp-content\/uploads\/2025\/08\/terra-del-fuoco.jpg 768w, https:\/\/cinema.video\/wp-content\/uploads\/2025\/08\/terra-del-fuoco.jpg 1536w, https:\/\/cinema.video\/wp-content\/uploads\/2025\/08\/terra-del-fuoco.jpg 778w, https:\/\/cinema.video\/wp-content\/uploads\/2025\/08\/terra-del-fuoco.jpg 150w, https:\/\/cinema.video\/wp-content\/uploads\/2025\/08\/terra-del-fuoco.jpg 696w, https:\/\/cinema.video\/wp-content\/uploads\/2025\/08\/terra-del-fuoco.jpg 1068w, https:\/\/cinema.video\/wp-content\/uploads\/2025\/08\/terra-del-fuoco.jpg 1920w, https:\/\/cinema.video\/wp-content\/uploads\/2025\/08\/terra-del-fuoco.jpg 1392w\" sizes=\"auto, (max-width: 696px) 100vw, 696px\" \/><figcaption class=\"wp-element-caption\">Terra del fuoco<\/figcaption><\/figure>\n\n\n\n<p class=\"wp-block-paragraph\">&nbsp;Sempre in <em>Focus<\/em> troviamo l\u2019opera prima del regista albanese <strong>Andamion Murataj,<\/strong> <strong><em>Man of the House,<\/em><\/strong> coprodotto da Palomar (Albania\/Italia\/Austria\/Croazia\/Kosovo\/Macedonia del Nord)<\/p>\n\n\n\n<p class=\"wp-block-paragraph\">Nel programma dedicato ai film realizzati in Bosnia e Herzegovina negli ultimi 12 mesi c\u2019\u00e8 <strong><em>Dom<\/em><\/strong>, di <strong>Massimiliano Battistella<\/strong>, prodotto da <strong>Riccardo Biadene <\/strong>per <strong>Kama Productions<\/strong>, e che poi proseguir\u00e0 il suo viaggio festivaliero in direzione di Venezia, dove sar\u00e0 alle <strong>Giornate degli Autori<\/strong> in <em>Notti Veneziane<\/em> (<a href=\"https:\/\/cinema.video\/giornate-degli-autori-la-gioia-gelormini\"><strong>leggi qui<\/strong><\/a>)<\/p>\n\n\n\n<p class=\"wp-block-paragraph\">In <em>Paesaggi d\u2019Autore<\/em>, due corti animati firmati da due talentuose registe: <strong>Carolina Melis,<\/strong> che nell\u2019epico <strong><em>S\u2019Ozzastru <\/em><\/strong>racconta millenni di storia attraverso la testimonianza di un albero di 4000 anni (prodotto da <strong>Nicola Films, ISRE &#8211; Sardegna<\/strong>, con il contributo del<strong> MiC<\/strong> e il sostegno di <strong>Fondazione Sardegna Film Commission<\/strong>) e <strong>Margherita Giusti<\/strong> con <strong><em>The Meatseller,<\/em><\/strong> documentario animato, storia vera di Selinna Ajamikoko, una giovane ragazza nigeriana che sogna di diventare una macellaia come sua madre.&nbsp;<\/p>\n\n\n\n<figure class=\"wp-block-image size-full\"><img loading=\"lazy\" decoding=\"async\" width=\"970\" height=\"647\" src=\"https:\/\/cinema.video\/wp-content\/uploads\/2025\/08\/meatseller.jpg\" alt=\"\" class=\"wp-image-300238\" srcset=\"https:\/\/cinema.video\/wp-content\/uploads\/2025\/08\/meatseller.jpg 970w, https:\/\/cinema.video\/wp-content\/uploads\/2025\/08\/meatseller.jpg 300w, https:\/\/cinema.video\/wp-content\/uploads\/2025\/08\/meatseller.jpg 768w, https:\/\/cinema.video\/wp-content\/uploads\/2025\/08\/meatseller.jpg 630w, https:\/\/cinema.video\/wp-content\/uploads\/2025\/08\/meatseller.jpg 150w, https:\/\/cinema.video\/wp-content\/uploads\/2025\/08\/meatseller.jpg 696w\" sizes=\"auto, (max-width: 696px) 100vw, 696px\" \/><figcaption class=\"wp-element-caption\">The meatseller<\/figcaption><\/figure>\n","protected":false},"excerpt":{"rendered":"<p>Alla 28\u00b0 edizione del Sarajevo Film Festival, Little Trouble Girls di Ur\u0161ka Djuki\u0107 e Il Bianco si lava a novanta di Marko Nabersnik: due film di registi sloveni, girati in Friuli Venezia Giulia e realizzati con il contributo della FVG Film Commission \u2013 PromoTurismoFVG. Molte le co-produzioni italiane<\/p>\n","protected":false},"author":2,"featured_media":300236,"comment_status":"closed","ping_status":"closed","sticky":false,"template":"","format":"standard","meta":{"googlesitekit_rrm_CAow3e7fCw:productID":"","_crdt_document":"","footnotes":""},"categories":[189],"tags":[2334,356,491,217,2321],"class_list":{"0":"post-300233","1":"post","2":"type-post","3":"status-publish","4":"format-standard","5":"has-post-thumbnail","7":"category-events","8":"tag-events","9":"tag-focus","10":"tag-friuli-venezia-giulia-film-commission","11":"tag-sardegna-film-commission","12":"tag-select-fvg-film-commission-fvg-film-commission"},"yoast_head":"<!-- This site is optimized with the Yoast SEO Premium plugin v27.4 (Yoast SEO v27.5) - https:\/\/yoast.com\/product\/yoast-seo-premium-wordpress\/ -->\n<title>Due film girati in FVG al Sarajevo FF (e molte coproduzioni italiane) - Cinema &amp; Video International<\/title>\n<meta name=\"description\" content=\"Due film girati in FVG al Sarajevo FF (e molte coproduzioni italiane) \u2013 due film girati in fvg al. Little Trouble Girls di Ur\u0161ka Djuki\u0107 e Il Bianco si lav\" \/>\n<meta name=\"robots\" content=\"index, follow, max-snippet:-1, max-image-preview:large, max-video-preview:-1\" \/>\n<link rel=\"canonical\" href=\"https:\/\/cinema.video\/it\/due-film-fvg-al-sarajevo-film-festival\" \/>\n<meta property=\"og:locale\" content=\"it_IT\" \/>\n<meta property=\"og:type\" content=\"article\" \/>\n<meta property=\"og:title\" content=\"Due film girati in FVG al Sarajevo FF (e molte coproduzioni italiane)\" \/>\n<meta property=\"og:description\" content=\"Due film girati in FVG al Sarajevo FF (e molte coproduzioni italiane) \u2013 due film girati in fvg al. Little Trouble Girls di Ur\u0161ka Djuki\u0107 e Il Bianco si lav\" \/>\n<meta property=\"og:url\" content=\"https:\/\/cinema.video\/it\/due-film-fvg-al-sarajevo-film-festival\" \/>\n<meta property=\"og:site_name\" content=\"Cinema &amp; Video International\" \/>\n<meta property=\"article:publisher\" content=\"https:\/\/www.facebook.com\/CinemaVideoInternational\/\" \/>\n<meta property=\"article:published_time\" content=\"2025-08-20T08:05:16+00:00\" \/>\n<meta property=\"article:modified_time\" content=\"2026-04-10T02:09:50+00:00\" \/>\n<meta property=\"og:image\" content=\"https:\/\/cinema.video\/wp-content\/uploads\/2025\/08\/Il-bianco-si-lava-a-novanta-3.jpeg\" \/>\n\t<meta property=\"og:image:width\" content=\"1600\" \/>\n\t<meta property=\"og:image:height\" content=\"864\" \/>\n\t<meta property=\"og:image:type\" content=\"image\/jpeg\" \/>\n<meta name=\"author\" content=\"Carolina Mancini\" \/>\n<meta name=\"twitter:card\" content=\"summary_large_image\" \/>\n<meta name=\"twitter:label1\" content=\"Scritto da\" \/>\n\t<meta name=\"twitter:data1\" content=\"Carolina Mancini\" \/>\n\t<meta name=\"twitter:label2\" content=\"Tempo di lettura stimato\" \/>\n\t<meta name=\"twitter:data2\" content=\"5 minuti\" \/>\n<script type=\"application\/ld+json\" class=\"yoast-schema-graph\">{\"@context\":\"https:\\\/\\\/schema.org\",\"@graph\":[{\"@type\":\"Article\",\"@id\":\"https:\\\/\\\/cinema.video\\\/it\\\/due-film-fvg-al-sarajevo-film-festival#article\",\"isPartOf\":{\"@id\":\"https:\\\/\\\/cinema.video\\\/it\\\/due-film-fvg-al-sarajevo-film-festival\"},\"author\":{\"name\":\"Carolina Mancini\",\"@id\":\"https:\\\/\\\/cinema.video\\\/it#\\\/schema\\\/person\\\/d5479fad8d0f2360000eb4aab6bb6e5d\"},\"headline\":\"Due film girati in FVG al Sarajevo FF (e molte coproduzioni italiane)\",\"datePublished\":\"2025-08-20T08:05:16+00:00\",\"dateModified\":\"2026-04-10T02:09:50+00:00\",\"mainEntityOfPage\":{\"@id\":\"https:\\\/\\\/cinema.video\\\/it\\\/due-film-fvg-al-sarajevo-film-festival\"},\"wordCount\":708,\"publisher\":{\"@id\":\"https:\\\/\\\/cinema.video\\\/it#organization\"},\"image\":{\"@id\":\"https:\\\/\\\/cinema.video\\\/it\\\/due-film-fvg-al-sarajevo-film-festival#primaryimage\"},\"thumbnailUrl\":\"https:\\\/\\\/cinema.video\\\/wp-content\\\/uploads\\\/2025\\\/08\\\/Il-bianco-si-lava-a-novanta-3.jpeg\",\"keywords\":[\"EVENTS\",\"focus\",\"FRIULI VENEZIA GIULIA FILM COMMISSION\",\"Sardegna Film Commission\",\"Select FVG FILM COMMISSION FVG FILM COMMISSION\"],\"articleSection\":[\"EVENTS\"],\"inLanguage\":\"it-IT\"},{\"@type\":\"WebPage\",\"@id\":\"https:\\\/\\\/cinema.video\\\/it\\\/due-film-fvg-al-sarajevo-film-festival\",\"url\":\"https:\\\/\\\/cinema.video\\\/it\\\/due-film-fvg-al-sarajevo-film-festival\",\"name\":\"Due film girati in FVG al Sarajevo FF (e molte coproduzioni italiane) - Cinema &amp; Video International\",\"isPartOf\":{\"@id\":\"https:\\\/\\\/cinema.video\\\/it#website\"},\"primaryImageOfPage\":{\"@id\":\"https:\\\/\\\/cinema.video\\\/it\\\/due-film-fvg-al-sarajevo-film-festival#primaryimage\"},\"image\":{\"@id\":\"https:\\\/\\\/cinema.video\\\/it\\\/due-film-fvg-al-sarajevo-film-festival#primaryimage\"},\"thumbnailUrl\":\"https:\\\/\\\/cinema.video\\\/wp-content\\\/uploads\\\/2025\\\/08\\\/Il-bianco-si-lava-a-novanta-3.jpeg\",\"datePublished\":\"2025-08-20T08:05:16+00:00\",\"dateModified\":\"2026-04-10T02:09:50+00:00\",\"description\":\"Due film girati in FVG al Sarajevo FF (e molte coproduzioni italiane) \u2013 due film girati in fvg al. Little Trouble Girls di Ur\u0161ka Djuki\u0107 e Il Bianco si lav\",\"breadcrumb\":{\"@id\":\"https:\\\/\\\/cinema.video\\\/it\\\/due-film-fvg-al-sarajevo-film-festival#breadcrumb\"},\"inLanguage\":\"it-IT\",\"potentialAction\":[{\"@type\":\"ReadAction\",\"target\":[\"https:\\\/\\\/cinema.video\\\/it\\\/due-film-fvg-al-sarajevo-film-festival\"]}]},{\"@type\":\"ImageObject\",\"inLanguage\":\"it-IT\",\"@id\":\"https:\\\/\\\/cinema.video\\\/it\\\/due-film-fvg-al-sarajevo-film-festival#primaryimage\",\"url\":\"https:\\\/\\\/cinema.video\\\/wp-content\\\/uploads\\\/2025\\\/08\\\/Il-bianco-si-lava-a-novanta-3.jpeg\",\"contentUrl\":\"https:\\\/\\\/cinema.video\\\/wp-content\\\/uploads\\\/2025\\\/08\\\/Il-bianco-si-lava-a-novanta-3.jpeg\",\"width\":1600,\"height\":864,\"caption\":\"2 film girati in FVG al Sarajevo FF: oggi 20 agosto, Little Trouble Girls, domani Il Bianco si lava a novanta. Molte coproduzioni italiane\"},{\"@type\":\"BreadcrumbList\",\"@id\":\"https:\\\/\\\/cinema.video\\\/it\\\/due-film-fvg-al-sarajevo-film-festival#breadcrumb\",\"itemListElement\":[{\"@type\":\"ListItem\",\"position\":1,\"name\":\"Home\",\"item\":\"https:\\\/\\\/cinema.video\\\/it\\\/home-2\"},{\"@type\":\"ListItem\",\"position\":2,\"name\":\"Due film girati in FVG al Sarajevo FF (e molte coproduzioni italiane)\"}]},{\"@type\":\"WebSite\",\"@id\":\"https:\\\/\\\/cinema.video\\\/it#website\",\"url\":\"https:\\\/\\\/cinema.video\\\/it\",\"name\":\"Cinema & Video International\",\"description\":\"Film &amp; Audiovisual Industry Trade Magazine\",\"publisher\":{\"@id\":\"https:\\\/\\\/cinema.video\\\/it#organization\"},\"alternateName\":\"Cinema & Video\",\"potentialAction\":[{\"@type\":\"SearchAction\",\"target\":{\"@type\":\"EntryPoint\",\"urlTemplate\":\"https:\\\/\\\/cinema.video\\\/it?s={search_term_string}\"},\"query-input\":{\"@type\":\"PropertyValueSpecification\",\"valueRequired\":true,\"valueName\":\"search_term_string\"}}],\"inLanguage\":\"it-IT\"},{\"@type\":\"Organization\",\"@id\":\"https:\\\/\\\/cinema.video\\\/it#organization\",\"name\":\"Cinema & Video\",\"url\":\"https:\\\/\\\/cinema.video\\\/it\",\"logo\":{\"@type\":\"ImageObject\",\"inLanguage\":\"it-IT\",\"@id\":\"https:\\\/\\\/cinema.video\\\/it#\\\/schema\\\/logo\\\/image\\\/\",\"url\":\"https:\\\/\\\/cinema.video\\\/wp-content\\\/uploads\\\/2026\\\/04\\\/CinemVideo_LogoBlack.png\",\"contentUrl\":\"https:\\\/\\\/cinema.video\\\/wp-content\\\/uploads\\\/2026\\\/04\\\/CinemVideo_LogoBlack.png\",\"width\":1336,\"height\":224,\"caption\":\"Cinema & Video\"},\"image\":{\"@id\":\"https:\\\/\\\/cinema.video\\\/it#\\\/schema\\\/logo\\\/image\\\/\"},\"sameAs\":[\"https:\\\/\\\/www.facebook.com\\\/CinemaVideoInternational\\\/\",\"https:\\\/\\\/www.instagram.com\\\/cinemaevideointernational\\\/\",\"https:\\\/\\\/it.linkedin.com\\\/company\\\/cinema-video-international\"],\"description\":\"Media Consulting & Marketing Agency\",\"email\":\"hello@darostudio.com\",\"legalName\":\"DARO studio LLC\",\"foundingDate\":\"2021-02-16\",\"numberOfEmployees\":{\"@type\":\"QuantitativeValue\",\"minValue\":\"1\",\"maxValue\":\"10\"}},{\"@type\":\"Person\",\"@id\":\"https:\\\/\\\/cinema.video\\\/it#\\\/schema\\\/person\\\/d5479fad8d0f2360000eb4aab6bb6e5d\",\"name\":\"Carolina Mancini\",\"image\":{\"@type\":\"ImageObject\",\"inLanguage\":\"it-IT\",\"@id\":\"https:\\\/\\\/secure.gravatar.com\\\/avatar\\\/d4758965c5e8730dbaaa7131a628547771a26c1e5bf14fe323d96f8246a62baf?s=96&d=mm&r=g\",\"url\":\"https:\\\/\\\/secure.gravatar.com\\\/avatar\\\/d4758965c5e8730dbaaa7131a628547771a26c1e5bf14fe323d96f8246a62baf?s=96&d=mm&r=g\",\"contentUrl\":\"https:\\\/\\\/secure.gravatar.com\\\/avatar\\\/d4758965c5e8730dbaaa7131a628547771a26c1e5bf14fe323d96f8246a62baf?s=96&d=mm&r=g\",\"caption\":\"Carolina Mancini\"},\"url\":\"https:\\\/\\\/cinema.video\\\/it\\\/author\\\/carolin\"}]}<\/script>\n<!-- \/ Yoast SEO Premium plugin. -->","yoast_head_json":{"title":"Due film girati in FVG al Sarajevo FF (e molte coproduzioni italiane) - Cinema &amp; Video International","description":"Due film girati in FVG al Sarajevo FF (e molte coproduzioni italiane) \u2013 due film girati in fvg al. Little Trouble Girls di Ur\u0161ka Djuki\u0107 e Il Bianco si lav","robots":{"index":"index","follow":"follow","max-snippet":"max-snippet:-1","max-image-preview":"max-image-preview:large","max-video-preview":"max-video-preview:-1"},"canonical":"https:\/\/cinema.video\/it\/due-film-fvg-al-sarajevo-film-festival","og_locale":"it_IT","og_type":"article","og_title":"Due film girati in FVG al Sarajevo FF (e molte coproduzioni italiane)","og_description":"Due film girati in FVG al Sarajevo FF (e molte coproduzioni italiane) \u2013 due film girati in fvg al. Little Trouble Girls di Ur\u0161ka Djuki\u0107 e Il Bianco si lav","og_url":"https:\/\/cinema.video\/it\/due-film-fvg-al-sarajevo-film-festival","og_site_name":"Cinema &amp; Video International","article_publisher":"https:\/\/www.facebook.com\/CinemaVideoInternational\/","article_published_time":"2025-08-20T08:05:16+00:00","article_modified_time":"2026-04-10T02:09:50+00:00","og_image":[{"width":1600,"height":864,"url":"https:\/\/cinema.video\/wp-content\/uploads\/2025\/08\/Il-bianco-si-lava-a-novanta-3.jpeg","type":"image\/jpeg"}],"author":"Carolina Mancini","twitter_card":"summary_large_image","twitter_misc":{"Scritto da":"Carolina Mancini","Tempo di lettura stimato":"5 minuti"},"schema":{"@context":"https:\/\/schema.org","@graph":[{"@type":"Article","@id":"https:\/\/cinema.video\/it\/due-film-fvg-al-sarajevo-film-festival#article","isPartOf":{"@id":"https:\/\/cinema.video\/it\/due-film-fvg-al-sarajevo-film-festival"},"author":{"name":"Carolina Mancini","@id":"https:\/\/cinema.video\/it#\/schema\/person\/d5479fad8d0f2360000eb4aab6bb6e5d"},"headline":"Due film girati in FVG al Sarajevo FF (e molte coproduzioni italiane)","datePublished":"2025-08-20T08:05:16+00:00","dateModified":"2026-04-10T02:09:50+00:00","mainEntityOfPage":{"@id":"https:\/\/cinema.video\/it\/due-film-fvg-al-sarajevo-film-festival"},"wordCount":708,"publisher":{"@id":"https:\/\/cinema.video\/it#organization"},"image":{"@id":"https:\/\/cinema.video\/it\/due-film-fvg-al-sarajevo-film-festival#primaryimage"},"thumbnailUrl":"https:\/\/cinema.video\/wp-content\/uploads\/2025\/08\/Il-bianco-si-lava-a-novanta-3.jpeg","keywords":["EVENTS","focus","FRIULI VENEZIA GIULIA FILM COMMISSION","Sardegna Film Commission","Select FVG FILM COMMISSION FVG FILM COMMISSION"],"articleSection":["EVENTS"],"inLanguage":"it-IT"},{"@type":"WebPage","@id":"https:\/\/cinema.video\/it\/due-film-fvg-al-sarajevo-film-festival","url":"https:\/\/cinema.video\/it\/due-film-fvg-al-sarajevo-film-festival","name":"Due film girati in FVG al Sarajevo FF (e molte coproduzioni italiane) - Cinema &amp; Video International","isPartOf":{"@id":"https:\/\/cinema.video\/it#website"},"primaryImageOfPage":{"@id":"https:\/\/cinema.video\/it\/due-film-fvg-al-sarajevo-film-festival#primaryimage"},"image":{"@id":"https:\/\/cinema.video\/it\/due-film-fvg-al-sarajevo-film-festival#primaryimage"},"thumbnailUrl":"https:\/\/cinema.video\/wp-content\/uploads\/2025\/08\/Il-bianco-si-lava-a-novanta-3.jpeg","datePublished":"2025-08-20T08:05:16+00:00","dateModified":"2026-04-10T02:09:50+00:00","description":"Due film girati in FVG al Sarajevo FF (e molte coproduzioni italiane) \u2013 due film girati in fvg al. Little Trouble Girls di Ur\u0161ka Djuki\u0107 e Il Bianco si lav","breadcrumb":{"@id":"https:\/\/cinema.video\/it\/due-film-fvg-al-sarajevo-film-festival#breadcrumb"},"inLanguage":"it-IT","potentialAction":[{"@type":"ReadAction","target":["https:\/\/cinema.video\/it\/due-film-fvg-al-sarajevo-film-festival"]}]},{"@type":"ImageObject","inLanguage":"it-IT","@id":"https:\/\/cinema.video\/it\/due-film-fvg-al-sarajevo-film-festival#primaryimage","url":"https:\/\/cinema.video\/wp-content\/uploads\/2025\/08\/Il-bianco-si-lava-a-novanta-3.jpeg","contentUrl":"https:\/\/cinema.video\/wp-content\/uploads\/2025\/08\/Il-bianco-si-lava-a-novanta-3.jpeg","width":1600,"height":864,"caption":"2 film girati in FVG al Sarajevo FF: oggi 20 agosto, Little Trouble Girls, domani Il Bianco si lava a novanta. Molte coproduzioni italiane"},{"@type":"BreadcrumbList","@id":"https:\/\/cinema.video\/it\/due-film-fvg-al-sarajevo-film-festival#breadcrumb","itemListElement":[{"@type":"ListItem","position":1,"name":"Home","item":"https:\/\/cinema.video\/it\/home-2"},{"@type":"ListItem","position":2,"name":"Due film girati in FVG al Sarajevo FF (e molte coproduzioni italiane)"}]},{"@type":"WebSite","@id":"https:\/\/cinema.video\/it#website","url":"https:\/\/cinema.video\/it","name":"Cinema & Video International","description":"Film &amp; Audiovisual Industry Trade Magazine","publisher":{"@id":"https:\/\/cinema.video\/it#organization"},"alternateName":"Cinema & Video","potentialAction":[{"@type":"SearchAction","target":{"@type":"EntryPoint","urlTemplate":"https:\/\/cinema.video\/it?s={search_term_string}"},"query-input":{"@type":"PropertyValueSpecification","valueRequired":true,"valueName":"search_term_string"}}],"inLanguage":"it-IT"},{"@type":"Organization","@id":"https:\/\/cinema.video\/it#organization","name":"Cinema & Video","url":"https:\/\/cinema.video\/it","logo":{"@type":"ImageObject","inLanguage":"it-IT","@id":"https:\/\/cinema.video\/it#\/schema\/logo\/image\/","url":"https:\/\/cinema.video\/wp-content\/uploads\/2026\/04\/CinemVideo_LogoBlack.png","contentUrl":"https:\/\/cinema.video\/wp-content\/uploads\/2026\/04\/CinemVideo_LogoBlack.png","width":1336,"height":224,"caption":"Cinema & Video"},"image":{"@id":"https:\/\/cinema.video\/it#\/schema\/logo\/image\/"},"sameAs":["https:\/\/www.facebook.com\/CinemaVideoInternational\/","https:\/\/www.instagram.com\/cinemaevideointernational\/","https:\/\/it.linkedin.com\/company\/cinema-video-international"],"description":"Media Consulting & Marketing Agency","email":"hello@darostudio.com","legalName":"DARO studio LLC","foundingDate":"2021-02-16","numberOfEmployees":{"@type":"QuantitativeValue","minValue":"1","maxValue":"10"}},{"@type":"Person","@id":"https:\/\/cinema.video\/it#\/schema\/person\/d5479fad8d0f2360000eb4aab6bb6e5d","name":"Carolina Mancini","image":{"@type":"ImageObject","inLanguage":"it-IT","@id":"https:\/\/secure.gravatar.com\/avatar\/d4758965c5e8730dbaaa7131a628547771a26c1e5bf14fe323d96f8246a62baf?s=96&d=mm&r=g","url":"https:\/\/secure.gravatar.com\/avatar\/d4758965c5e8730dbaaa7131a628547771a26c1e5bf14fe323d96f8246a62baf?s=96&d=mm&r=g","contentUrl":"https:\/\/secure.gravatar.com\/avatar\/d4758965c5e8730dbaaa7131a628547771a26c1e5bf14fe323d96f8246a62baf?s=96&d=mm&r=g","caption":"Carolina Mancini"},"url":"https:\/\/cinema.video\/it\/author\/carolin"}]}},"jetpack_featured_media_url":"https:\/\/cinema.video\/wp-content\/uploads\/2025\/08\/Il-bianco-si-lava-a-novanta-3.jpeg","jetpack_shortlink":"https:\/\/wp.me\/ph672m-1g6t","_links":{"self":[{"href":"https:\/\/cinema.video\/it\/wp-json\/wp\/v2\/posts\/300233","targetHints":{"allow":["GET"]}}],"collection":[{"href":"https:\/\/cinema.video\/it\/wp-json\/wp\/v2\/posts"}],"about":[{"href":"https:\/\/cinema.video\/it\/wp-json\/wp\/v2\/types\/post"}],"author":[{"embeddable":true,"href":"https:\/\/cinema.video\/it\/wp-json\/wp\/v2\/users\/2"}],"replies":[{"embeddable":true,"href":"https:\/\/cinema.video\/it\/wp-json\/wp\/v2\/comments?post=300233"}],"version-history":[{"count":1,"href":"https:\/\/cinema.video\/it\/wp-json\/wp\/v2\/posts\/300233\/revisions"}],"predecessor-version":[{"id":302359,"href":"https:\/\/cinema.video\/it\/wp-json\/wp\/v2\/posts\/300233\/revisions\/302359"}],"wp:featuredmedia":[{"embeddable":true,"href":"https:\/\/cinema.video\/it\/wp-json\/wp\/v2\/media\/300236"}],"wp:attachment":[{"href":"https:\/\/cinema.video\/it\/wp-json\/wp\/v2\/media?parent=300233"}],"wp:term":[{"taxonomy":"category","embeddable":true,"href":"https:\/\/cinema.video\/it\/wp-json\/wp\/v2\/categories?post=300233"},{"taxonomy":"post_tag","embeddable":true,"href":"https:\/\/cinema.video\/it\/wp-json\/wp\/v2\/tags?post=300233"}],"curies":[{"name":"wp","href":"https:\/\/api.w.org\/{rel}","templated":true}]}}