{"id":300172,"date":"2025-07-22T15:18:00","date_gmt":"2025-07-22T13:18:00","guid":{"rendered":"https:\/\/cinema.video\/?p=300172"},"modified":"2026-04-10T04:09:48","modified_gmt":"2026-04-10T02:09:48","slug":"4-avp-summit-merano-ponte-tra-nord-e-sud","status":"publish","type":"post","link":"https:\/\/cinema.video\/it\/4-avp-summit-merano-ponte-tra-nord-e-sud","title":{"rendered":"4\u00b0 AVP Summit Merano ponte tra Nord e Sud"},"content":{"rendered":"\n<p class=\"wp-block-paragraph\">E\u2019 in corso a Merano la quarta edizione dell\u2019<strong>Audio<\/strong>&#8211;<strong>Visual<\/strong>&nbsp;<strong>Producers<\/strong>&nbsp;<strong>Summit<\/strong>, appuntamento che riunisce i vertici dell\u2019industria audiovisiva internazionale per un confronto sui cambiamenti strutturali in atto.&nbsp;<\/p>\n\n\n\n<p class=\"wp-block-paragraph\">Dal 21 al 23 luglio, la citt\u00e0 altoatesina ospita i protagonisti del settore per dialogare sui temi cruciali per lo sviluppo del mercato<\/p>\n\n\n\n<p class=\"wp-block-paragraph\">L\u2019AVP Summit \u00e8 un evento realizzato dall\u2019<strong>Associazione Produttori Audiovisivi (APA)<\/strong>, promosso dal&nbsp;<strong>MiC<\/strong>&nbsp;\u2013 <strong>Ministero della Cultura<\/strong>, con il supporto di&nbsp;<strong>MAECI<\/strong>&nbsp;\u2013&nbsp;<strong>Ministero degli Affari Esteri,&nbsp;ICE<\/strong>,&nbsp;<strong>Provincia Autonoma di Bolzano<\/strong>,&nbsp;<strong>IDM Film Commission S\u00fcdtirol<\/strong>, con la collaborazione di&nbsp;<strong>PGA \u2013 Producers Guild of America e MPA \u2013 Motion Picture Association<\/strong>, e con il contributo di&nbsp;<strong>PFX<\/strong>.<\/p>\n\n\n\n<p class=\"wp-block-paragraph\">L\u2019agenda dei lavori si compone di una serie di panel e incontri dedicati all\u2019analisi dell\u2019impatto economico del settore audiovisivo<strong> <\/strong>in Italia, con un\u2019attenzione particolare alla capacit\u00e0 di attrarre investimenti esteri.&nbsp;<\/p>\n\n\n\n<p class=\"wp-block-paragraph\">Al centro del programma anche un approfondimento comparativo delle&nbsp;normative legate<strong> al tax credit<\/strong>, con un confronto tra i modelli di finanziamento e gli incentivi statali adottati da Italia, Germania e Regno Unito.<\/p>\n\n\n\n<p class=\"wp-block-paragraph\">Tra i temi di maggior interesse figura, poi, l\u2019adozione delle nuove tecnologie nelle produzioni, tra cui<strong> intelligenza artificiale <\/strong>e<strong> VFX<\/strong>: tre panel multidisciplinari affrontano questi temi riunendo produttori, accademici e rappresentanti delle principali realt\u00e0 tecnologiche internazionali.&nbsp;<\/p>\n\n\n\n<p class=\"wp-block-paragraph\">L\u2019evento propone, inoltre, una sessione dedicata alla&nbsp;trasformazione in corso a <strong>Hollywood<\/strong>&nbsp;per far luce sulle principali sfide e opportunit\u00e0 per l\u2019industria cinematografica globale in un contesto di rapido cambiamento.&nbsp;<\/p>\n\n\n\n<p class=\"wp-block-paragraph\">\u201cIn un contesto in continua evoluzione caratterizzato dall&#8217;innovazione tecnologica \u2013 ha commentato <strong>Chiara Sbarigia <\/strong>presidente di <strong>APA <\/strong>&#8211; \u00e8 importante trovare uno spazio di riflessione strategica per ragionare sulle nuove abitudini del pubblico, le criticit\u00e0 e opportunit\u00e0 offerte dall&#8217;intelligenza artificiale e come costruire alleanze internazionali\u201d<\/p>\n\n\n\n<p class=\"wp-block-paragraph\">\u201cPer la Provincia Autonoma di Bolzano e IDM Film Commission S\u00fcdtirol ospitare in Alto Adige l\u2019AVP-Summit 2025 \u00e8 un\u2019occasione preziosa per rafforzare le coproduzioni audiovisive internazionali e promuovere il territorio come location cinematografica attrattiva e ponte culturale ed economico tra Nord e Sud, in particolare tra l\u2019Italia e l\u2019area di lingua tedesca\u201d<strong>, <\/strong>ha dichiarato<strong> Renate Ranzi<\/strong>, responsabile di<strong> IDM Film Commission S\u00fcdtirol.<\/strong>&nbsp;\u201cPer questo con la nostra Film Commission abbiamo lavorato attivamente nei mesi passati per preparare le aziende, i partner, gli sponsor e i produttori e i professionisti locali ad accogliere questo prestigioso evento\u201d.<\/p>\n","protected":false},"excerpt":{"rendered":"<p>E\u2019 in corso a Merano la quarta edizione dell\u2019Audio-Visual\u00a0Producers\u00a0Summit, appuntamento che riunisce i vertici dell\u2019industria audiovisiva internazionale per un confronto&#8230;<\/p>\n","protected":false},"author":26,"featured_media":300173,"comment_status":"closed","ping_status":"closed","sticky":false,"template":"","format":"standard","meta":{"googlesitekit_rrm_CAow3e7fCw:productID":"","_crdt_document":"","footnotes":""},"categories":[215,198],"tags":[2339,225,1003,2338,226,607],"class_list":{"0":"post-300172","1":"post","2":"type-post","3":"status-publish","4":"format-standard","5":"has-post-thumbnail","7":"category-film-commissions","8":"category-industry","9":"tag-film-commissions","10":"tag-ice","11":"tag-idm-film-commission-suditirol","12":"tag-locations","13":"tag-maeci","14":"tag-mic"},"yoast_head":"<!-- This site is optimized with the Yoast SEO Premium plugin v27.4 (Yoast SEO v27.5) - https:\/\/yoast.com\/product\/yoast-seo-premium-wordpress\/ -->\n<title>4\u00b0 AVP Summit Merano ponte tra Nord e Sud - Cinema &amp; Video International<\/title>\n<meta name=\"description\" content=\"4\u00b0 AVP Summit Merano ponte tra Nord e Sud \u2013 4 avp summit merano ponte tra. E\u2019 in corso a Merano la quarta edizione dell\u2019Audio-Visual&nbsp;Producers&nbsp;S\" \/>\n<meta name=\"robots\" content=\"index, follow, max-snippet:-1, max-image-preview:large, max-video-preview:-1\" \/>\n<link rel=\"canonical\" href=\"https:\/\/cinema.video\/it\/4-avp-summit-merano-ponte-tra-nord-e-sud\" \/>\n<meta property=\"og:locale\" content=\"it_IT\" \/>\n<meta property=\"og:type\" content=\"article\" \/>\n<meta property=\"og:title\" content=\"4\u00b0 AVP Summit Merano ponte tra Nord e Sud\" \/>\n<meta property=\"og:description\" content=\"4\u00b0 AVP Summit Merano ponte tra Nord e Sud \u2013 4 avp summit merano ponte tra. E\u2019 in corso a Merano la quarta edizione dell\u2019Audio-Visual&nbsp;Producers&nbsp;S\" \/>\n<meta property=\"og:url\" content=\"https:\/\/cinema.video\/it\/4-avp-summit-merano-ponte-tra-nord-e-sud\" \/>\n<meta property=\"og:site_name\" content=\"Cinema &amp; Video International\" \/>\n<meta property=\"article:publisher\" content=\"https:\/\/www.facebook.com\/CinemaVideoInternational\/\" \/>\n<meta property=\"article:published_time\" content=\"2025-07-22T13:18:00+00:00\" \/>\n<meta property=\"article:modified_time\" content=\"2026-04-10T02:09:48+00:00\" \/>\n<meta property=\"og:image\" content=\"https:\/\/cinema.video\/wp-content\/uploads\/2025\/07\/AVP_Summit_IDM_Day_1_Press-\u00a9RosarioMultari-21.jpeg\" \/>\n\t<meta property=\"og:image:width\" content=\"1280\" \/>\n\t<meta property=\"og:image:height\" content=\"853\" \/>\n\t<meta property=\"og:image:type\" content=\"image\/jpeg\" \/>\n<meta name=\"author\" content=\"Redazione\" \/>\n<meta name=\"twitter:card\" content=\"summary_large_image\" \/>\n<meta name=\"twitter:label1\" content=\"Scritto da\" \/>\n\t<meta name=\"twitter:data1\" content=\"Redazione\" \/>\n\t<meta name=\"twitter:label2\" content=\"Tempo di lettura stimato\" \/>\n\t<meta name=\"twitter:data2\" content=\"3 minuti\" \/>\n<script type=\"application\/ld+json\" class=\"yoast-schema-graph\">{\"@context\":\"https:\\\/\\\/schema.org\",\"@graph\":[{\"@type\":\"Article\",\"@id\":\"https:\\\/\\\/cinema.video\\\/it\\\/4-avp-summit-merano-ponte-tra-nord-e-sud#article\",\"isPartOf\":{\"@id\":\"https:\\\/\\\/cinema.video\\\/it\\\/4-avp-summit-merano-ponte-tra-nord-e-sud\"},\"author\":{\"name\":\"Redazione\",\"@id\":\"https:\\\/\\\/cinema.video\\\/it#\\\/schema\\\/person\\\/aeb01b91d874e8b01e76a1db04c668c6\"},\"headline\":\"4\u00b0 AVP Summit Merano ponte tra Nord e Sud\",\"datePublished\":\"2025-07-22T13:18:00+00:00\",\"dateModified\":\"2026-04-10T02:09:48+00:00\",\"mainEntityOfPage\":{\"@id\":\"https:\\\/\\\/cinema.video\\\/it\\\/4-avp-summit-merano-ponte-tra-nord-e-sud\"},\"wordCount\":414,\"publisher\":{\"@id\":\"https:\\\/\\\/cinema.video\\\/it#organization\"},\"image\":{\"@id\":\"https:\\\/\\\/cinema.video\\\/it\\\/4-avp-summit-merano-ponte-tra-nord-e-sud#primaryimage\"},\"thumbnailUrl\":\"https:\\\/\\\/cinema.video\\\/wp-content\\\/uploads\\\/2025\\\/07\\\/AVP_Summit_IDM_Day_1_Press-\u00a9RosarioMultari-21.jpeg\",\"keywords\":[\"FILM COMMISSIONS\",\"ICE\",\"IDM FILM COMMISSION S\u00dcDTIROL\",\"LOCATIONS\",\"MAECI\",\"MIC\"],\"articleSection\":[\"FILM COMMISSIONS\",\"INDUSTRY\"],\"inLanguage\":\"it-IT\"},{\"@type\":\"WebPage\",\"@id\":\"https:\\\/\\\/cinema.video\\\/it\\\/4-avp-summit-merano-ponte-tra-nord-e-sud\",\"url\":\"https:\\\/\\\/cinema.video\\\/it\\\/4-avp-summit-merano-ponte-tra-nord-e-sud\",\"name\":\"4\u00b0 AVP Summit Merano ponte tra Nord e Sud - Cinema &amp; Video International\",\"isPartOf\":{\"@id\":\"https:\\\/\\\/cinema.video\\\/it#website\"},\"primaryImageOfPage\":{\"@id\":\"https:\\\/\\\/cinema.video\\\/it\\\/4-avp-summit-merano-ponte-tra-nord-e-sud#primaryimage\"},\"image\":{\"@id\":\"https:\\\/\\\/cinema.video\\\/it\\\/4-avp-summit-merano-ponte-tra-nord-e-sud#primaryimage\"},\"thumbnailUrl\":\"https:\\\/\\\/cinema.video\\\/wp-content\\\/uploads\\\/2025\\\/07\\\/AVP_Summit_IDM_Day_1_Press-\u00a9RosarioMultari-21.jpeg\",\"datePublished\":\"2025-07-22T13:18:00+00:00\",\"dateModified\":\"2026-04-10T02:09:48+00:00\",\"description\":\"4\u00b0 AVP Summit Merano ponte tra Nord e Sud \u2013 4 avp summit merano ponte tra. E\u2019 in corso a Merano la quarta edizione dell\u2019Audio-Visual&nbsp;Producers&nbsp;S\",\"breadcrumb\":{\"@id\":\"https:\\\/\\\/cinema.video\\\/it\\\/4-avp-summit-merano-ponte-tra-nord-e-sud#breadcrumb\"},\"inLanguage\":\"it-IT\",\"potentialAction\":[{\"@type\":\"ReadAction\",\"target\":[\"https:\\\/\\\/cinema.video\\\/it\\\/4-avp-summit-merano-ponte-tra-nord-e-sud\"]}]},{\"@type\":\"ImageObject\",\"inLanguage\":\"it-IT\",\"@id\":\"https:\\\/\\\/cinema.video\\\/it\\\/4-avp-summit-merano-ponte-tra-nord-e-sud#primaryimage\",\"url\":\"https:\\\/\\\/cinema.video\\\/wp-content\\\/uploads\\\/2025\\\/07\\\/AVP_Summit_IDM_Day_1_Press-\u00a9RosarioMultari-21.jpeg\",\"contentUrl\":\"https:\\\/\\\/cinema.video\\\/wp-content\\\/uploads\\\/2025\\\/07\\\/AVP_Summit_IDM_Day_1_Press-\u00a9RosarioMultari-21.jpeg\",\"width\":1280,\"height\":853,\"caption\":\"\u00a9RosarioMultari\"},{\"@type\":\"BreadcrumbList\",\"@id\":\"https:\\\/\\\/cinema.video\\\/it\\\/4-avp-summit-merano-ponte-tra-nord-e-sud#breadcrumb\",\"itemListElement\":[{\"@type\":\"ListItem\",\"position\":1,\"name\":\"Home\",\"item\":\"https:\\\/\\\/cinema.video\\\/it\\\/home-2\"},{\"@type\":\"ListItem\",\"position\":2,\"name\":\"4\u00b0 AVP Summit Merano ponte tra Nord e Sud\"}]},{\"@type\":\"WebSite\",\"@id\":\"https:\\\/\\\/cinema.video\\\/it#website\",\"url\":\"https:\\\/\\\/cinema.video\\\/it\",\"name\":\"Cinema & Video International\",\"description\":\"Film &amp; Audiovisual Industry Trade Magazine\",\"publisher\":{\"@id\":\"https:\\\/\\\/cinema.video\\\/it#organization\"},\"alternateName\":\"Cinema & Video\",\"potentialAction\":[{\"@type\":\"SearchAction\",\"target\":{\"@type\":\"EntryPoint\",\"urlTemplate\":\"https:\\\/\\\/cinema.video\\\/it?s={search_term_string}\"},\"query-input\":{\"@type\":\"PropertyValueSpecification\",\"valueRequired\":true,\"valueName\":\"search_term_string\"}}],\"inLanguage\":\"it-IT\"},{\"@type\":\"Organization\",\"@id\":\"https:\\\/\\\/cinema.video\\\/it#organization\",\"name\":\"Cinema & Video\",\"url\":\"https:\\\/\\\/cinema.video\\\/it\",\"logo\":{\"@type\":\"ImageObject\",\"inLanguage\":\"it-IT\",\"@id\":\"https:\\\/\\\/cinema.video\\\/it#\\\/schema\\\/logo\\\/image\\\/\",\"url\":\"https:\\\/\\\/cinema.video\\\/wp-content\\\/uploads\\\/2026\\\/04\\\/CinemVideo_LogoBlack.png\",\"contentUrl\":\"https:\\\/\\\/cinema.video\\\/wp-content\\\/uploads\\\/2026\\\/04\\\/CinemVideo_LogoBlack.png\",\"width\":1336,\"height\":224,\"caption\":\"Cinema & Video\"},\"image\":{\"@id\":\"https:\\\/\\\/cinema.video\\\/it#\\\/schema\\\/logo\\\/image\\\/\"},\"sameAs\":[\"https:\\\/\\\/www.facebook.com\\\/CinemaVideoInternational\\\/\",\"https:\\\/\\\/www.instagram.com\\\/cinemaevideointernational\\\/\",\"https:\\\/\\\/it.linkedin.com\\\/company\\\/cinema-video-international\"],\"description\":\"Media Consulting & Marketing Agency\",\"email\":\"hello@darostudio.com\",\"legalName\":\"DARO studio LLC\",\"foundingDate\":\"2021-02-16\",\"numberOfEmployees\":{\"@type\":\"QuantitativeValue\",\"minValue\":\"1\",\"maxValue\":\"10\"}},{\"@type\":\"Person\",\"@id\":\"https:\\\/\\\/cinema.video\\\/it#\\\/schema\\\/person\\\/aeb01b91d874e8b01e76a1db04c668c6\",\"name\":\"Redazione\",\"image\":{\"@type\":\"ImageObject\",\"inLanguage\":\"it-IT\",\"@id\":\"https:\\\/\\\/secure.gravatar.com\\\/avatar\\\/06ad6f92eb14745b75fb592cadf8139d33242d81c9c8b085133c450aaf0b9731?s=96&d=mm&r=g\",\"url\":\"https:\\\/\\\/secure.gravatar.com\\\/avatar\\\/06ad6f92eb14745b75fb592cadf8139d33242d81c9c8b085133c450aaf0b9731?s=96&d=mm&r=g\",\"contentUrl\":\"https:\\\/\\\/secure.gravatar.com\\\/avatar\\\/06ad6f92eb14745b75fb592cadf8139d33242d81c9c8b085133c450aaf0b9731?s=96&d=mm&r=g\",\"caption\":\"Redazione\"},\"url\":\"https:\\\/\\\/cinema.video\\\/it\\\/author\\\/redazione\"}]}<\/script>\n<!-- \/ Yoast SEO Premium plugin. -->","yoast_head_json":{"title":"4\u00b0 AVP Summit Merano ponte tra Nord e Sud - Cinema &amp; Video International","description":"4\u00b0 AVP Summit Merano ponte tra Nord e Sud \u2013 4 avp summit merano ponte tra. E\u2019 in corso a Merano la quarta edizione dell\u2019Audio-Visual&nbsp;Producers&nbsp;S","robots":{"index":"index","follow":"follow","max-snippet":"max-snippet:-1","max-image-preview":"max-image-preview:large","max-video-preview":"max-video-preview:-1"},"canonical":"https:\/\/cinema.video\/it\/4-avp-summit-merano-ponte-tra-nord-e-sud","og_locale":"it_IT","og_type":"article","og_title":"4\u00b0 AVP Summit Merano ponte tra Nord e Sud","og_description":"4\u00b0 AVP Summit Merano ponte tra Nord e Sud \u2013 4 avp summit merano ponte tra. E\u2019 in corso a Merano la quarta edizione dell\u2019Audio-Visual&nbsp;Producers&nbsp;S","og_url":"https:\/\/cinema.video\/it\/4-avp-summit-merano-ponte-tra-nord-e-sud","og_site_name":"Cinema &amp; Video International","article_publisher":"https:\/\/www.facebook.com\/CinemaVideoInternational\/","article_published_time":"2025-07-22T13:18:00+00:00","article_modified_time":"2026-04-10T02:09:48+00:00","og_image":[{"width":1280,"height":853,"url":"https:\/\/cinema.video\/wp-content\/uploads\/2025\/07\/AVP_Summit_IDM_Day_1_Press-\u00a9RosarioMultari-21.jpeg","type":"image\/jpeg"}],"author":"Redazione","twitter_card":"summary_large_image","twitter_misc":{"Scritto da":"Redazione","Tempo di lettura stimato":"3 minuti"},"schema":{"@context":"https:\/\/schema.org","@graph":[{"@type":"Article","@id":"https:\/\/cinema.video\/it\/4-avp-summit-merano-ponte-tra-nord-e-sud#article","isPartOf":{"@id":"https:\/\/cinema.video\/it\/4-avp-summit-merano-ponte-tra-nord-e-sud"},"author":{"name":"Redazione","@id":"https:\/\/cinema.video\/it#\/schema\/person\/aeb01b91d874e8b01e76a1db04c668c6"},"headline":"4\u00b0 AVP Summit Merano ponte tra Nord e Sud","datePublished":"2025-07-22T13:18:00+00:00","dateModified":"2026-04-10T02:09:48+00:00","mainEntityOfPage":{"@id":"https:\/\/cinema.video\/it\/4-avp-summit-merano-ponte-tra-nord-e-sud"},"wordCount":414,"publisher":{"@id":"https:\/\/cinema.video\/it#organization"},"image":{"@id":"https:\/\/cinema.video\/it\/4-avp-summit-merano-ponte-tra-nord-e-sud#primaryimage"},"thumbnailUrl":"https:\/\/cinema.video\/wp-content\/uploads\/2025\/07\/AVP_Summit_IDM_Day_1_Press-\u00a9RosarioMultari-21.jpeg","keywords":["FILM COMMISSIONS","ICE","IDM FILM COMMISSION S\u00dcDTIROL","LOCATIONS","MAECI","MIC"],"articleSection":["FILM COMMISSIONS","INDUSTRY"],"inLanguage":"it-IT"},{"@type":"WebPage","@id":"https:\/\/cinema.video\/it\/4-avp-summit-merano-ponte-tra-nord-e-sud","url":"https:\/\/cinema.video\/it\/4-avp-summit-merano-ponte-tra-nord-e-sud","name":"4\u00b0 AVP Summit Merano ponte tra Nord e Sud - Cinema &amp; Video International","isPartOf":{"@id":"https:\/\/cinema.video\/it#website"},"primaryImageOfPage":{"@id":"https:\/\/cinema.video\/it\/4-avp-summit-merano-ponte-tra-nord-e-sud#primaryimage"},"image":{"@id":"https:\/\/cinema.video\/it\/4-avp-summit-merano-ponte-tra-nord-e-sud#primaryimage"},"thumbnailUrl":"https:\/\/cinema.video\/wp-content\/uploads\/2025\/07\/AVP_Summit_IDM_Day_1_Press-\u00a9RosarioMultari-21.jpeg","datePublished":"2025-07-22T13:18:00+00:00","dateModified":"2026-04-10T02:09:48+00:00","description":"4\u00b0 AVP Summit Merano ponte tra Nord e Sud \u2013 4 avp summit merano ponte tra. E\u2019 in corso a Merano la quarta edizione dell\u2019Audio-Visual&nbsp;Producers&nbsp;S","breadcrumb":{"@id":"https:\/\/cinema.video\/it\/4-avp-summit-merano-ponte-tra-nord-e-sud#breadcrumb"},"inLanguage":"it-IT","potentialAction":[{"@type":"ReadAction","target":["https:\/\/cinema.video\/it\/4-avp-summit-merano-ponte-tra-nord-e-sud"]}]},{"@type":"ImageObject","inLanguage":"it-IT","@id":"https:\/\/cinema.video\/it\/4-avp-summit-merano-ponte-tra-nord-e-sud#primaryimage","url":"https:\/\/cinema.video\/wp-content\/uploads\/2025\/07\/AVP_Summit_IDM_Day_1_Press-\u00a9RosarioMultari-21.jpeg","contentUrl":"https:\/\/cinema.video\/wp-content\/uploads\/2025\/07\/AVP_Summit_IDM_Day_1_Press-\u00a9RosarioMultari-21.jpeg","width":1280,"height":853,"caption":"\u00a9RosarioMultari"},{"@type":"BreadcrumbList","@id":"https:\/\/cinema.video\/it\/4-avp-summit-merano-ponte-tra-nord-e-sud#breadcrumb","itemListElement":[{"@type":"ListItem","position":1,"name":"Home","item":"https:\/\/cinema.video\/it\/home-2"},{"@type":"ListItem","position":2,"name":"4\u00b0 AVP Summit Merano ponte tra Nord e Sud"}]},{"@type":"WebSite","@id":"https:\/\/cinema.video\/it#website","url":"https:\/\/cinema.video\/it","name":"Cinema & Video International","description":"Film &amp; Audiovisual Industry Trade Magazine","publisher":{"@id":"https:\/\/cinema.video\/it#organization"},"alternateName":"Cinema & Video","potentialAction":[{"@type":"SearchAction","target":{"@type":"EntryPoint","urlTemplate":"https:\/\/cinema.video\/it?s={search_term_string}"},"query-input":{"@type":"PropertyValueSpecification","valueRequired":true,"valueName":"search_term_string"}}],"inLanguage":"it-IT"},{"@type":"Organization","@id":"https:\/\/cinema.video\/it#organization","name":"Cinema & Video","url":"https:\/\/cinema.video\/it","logo":{"@type":"ImageObject","inLanguage":"it-IT","@id":"https:\/\/cinema.video\/it#\/schema\/logo\/image\/","url":"https:\/\/cinema.video\/wp-content\/uploads\/2026\/04\/CinemVideo_LogoBlack.png","contentUrl":"https:\/\/cinema.video\/wp-content\/uploads\/2026\/04\/CinemVideo_LogoBlack.png","width":1336,"height":224,"caption":"Cinema & Video"},"image":{"@id":"https:\/\/cinema.video\/it#\/schema\/logo\/image\/"},"sameAs":["https:\/\/www.facebook.com\/CinemaVideoInternational\/","https:\/\/www.instagram.com\/cinemaevideointernational\/","https:\/\/it.linkedin.com\/company\/cinema-video-international"],"description":"Media Consulting & Marketing Agency","email":"hello@darostudio.com","legalName":"DARO studio LLC","foundingDate":"2021-02-16","numberOfEmployees":{"@type":"QuantitativeValue","minValue":"1","maxValue":"10"}},{"@type":"Person","@id":"https:\/\/cinema.video\/it#\/schema\/person\/aeb01b91d874e8b01e76a1db04c668c6","name":"Redazione","image":{"@type":"ImageObject","inLanguage":"it-IT","@id":"https:\/\/secure.gravatar.com\/avatar\/06ad6f92eb14745b75fb592cadf8139d33242d81c9c8b085133c450aaf0b9731?s=96&d=mm&r=g","url":"https:\/\/secure.gravatar.com\/avatar\/06ad6f92eb14745b75fb592cadf8139d33242d81c9c8b085133c450aaf0b9731?s=96&d=mm&r=g","contentUrl":"https:\/\/secure.gravatar.com\/avatar\/06ad6f92eb14745b75fb592cadf8139d33242d81c9c8b085133c450aaf0b9731?s=96&d=mm&r=g","caption":"Redazione"},"url":"https:\/\/cinema.video\/it\/author\/redazione"}]}},"jetpack_featured_media_url":"https:\/\/cinema.video\/wp-content\/uploads\/2025\/07\/AVP_Summit_IDM_Day_1_Press-\u00a9RosarioMultari-21.jpeg","jetpack_shortlink":"https:\/\/wp.me\/ph672m-1g5u","_links":{"self":[{"href":"https:\/\/cinema.video\/it\/wp-json\/wp\/v2\/posts\/300172","targetHints":{"allow":["GET"]}}],"collection":[{"href":"https:\/\/cinema.video\/it\/wp-json\/wp\/v2\/posts"}],"about":[{"href":"https:\/\/cinema.video\/it\/wp-json\/wp\/v2\/types\/post"}],"author":[{"embeddable":true,"href":"https:\/\/cinema.video\/it\/wp-json\/wp\/v2\/users\/26"}],"replies":[{"embeddable":true,"href":"https:\/\/cinema.video\/it\/wp-json\/wp\/v2\/comments?post=300172"}],"version-history":[{"count":2,"href":"https:\/\/cinema.video\/it\/wp-json\/wp\/v2\/posts\/300172\/revisions"}],"predecessor-version":[{"id":309704,"href":"https:\/\/cinema.video\/it\/wp-json\/wp\/v2\/posts\/300172\/revisions\/309704"}],"wp:featuredmedia":[{"embeddable":true,"href":"https:\/\/cinema.video\/it\/wp-json\/wp\/v2\/media\/300173"}],"wp:attachment":[{"href":"https:\/\/cinema.video\/it\/wp-json\/wp\/v2\/media?parent=300172"}],"wp:term":[{"taxonomy":"category","embeddable":true,"href":"https:\/\/cinema.video\/it\/wp-json\/wp\/v2\/categories?post=300172"},{"taxonomy":"post_tag","embeddable":true,"href":"https:\/\/cinema.video\/it\/wp-json\/wp\/v2\/tags?post=300172"}],"curies":[{"name":"wp","href":"https:\/\/api.w.org\/{rel}","templated":true}]}}