{"id":300139,"date":"2025-07-21T17:11:17","date_gmt":"2025-07-21T15:11:17","guid":{"rendered":"https:\/\/cinema.video\/?p=300139"},"modified":"2026-04-10T04:09:42","modified_gmt":"2026-04-10T02:09:42","slug":"sic-sicsic-venezia","status":"publish","type":"post","link":"https:\/\/cinema.video\/it\/sic-sicsic-venezia","title":{"rendered":"SIC &amp; SIC@SIC Doppio anniversario"},"content":{"rendered":"\n<p class=\"wp-block-paragraph\">Doppio anniversario quest\u2019anno per la<strong> Settimana della Critica<\/strong>, sezione autonoma e parallela organizzata dal<strong> Sindacato Nazionale Critici Cinematografici Italiani <\/strong>(SNCCI) nell\u2019ambito della 82. Mostra Internazionale d\u2019ArteCinematografica della Biennale di Venezia (27 agosto &#8211; 6 settembre 2025) che arriva alla sua 40\u00b0 edizione, e festeggia anche i dieci anni di<strong> SIC@SIC<\/strong>, la sezione dedicata ai cortometraggi italiani nata dall&#8217;intuizione di Carla Cattani di <strong>Cinecitt\u00e0.<\/strong><\/p>\n\n\n\n<p class=\"wp-block-paragraph\">Sette opere prime in concorso e due eventi speciali, selezionati dalla Delegata Generale della SIC <strong>Beatrice Fiorentino<\/strong> con i membri della commissione di selezione <strong>Matteo Berardini, Marianna Cappi, Francesco Grieco, Marco Romagna.<\/strong><\/p>\n\n\n\n<figure class=\"wp-block-image size-large\"><img loading=\"lazy\" decoding=\"async\" width=\"1024\" height=\"576\" src=\"https:\/\/cinema.video\/wp-content\/uploads\/2025\/07\/Waking-Hours-1-1024x576.jpg\" alt=\"\" class=\"wp-image-300144\" srcset=\"https:\/\/cinema.video\/wp-content\/uploads\/2025\/07\/Waking-Hours-1.jpg 1024w, https:\/\/cinema.video\/wp-content\/uploads\/2025\/07\/Waking-Hours-1.jpg 300w, https:\/\/cinema.video\/wp-content\/uploads\/2025\/07\/Waking-Hours-1.jpg 768w, https:\/\/cinema.video\/wp-content\/uploads\/2025\/07\/Waking-Hours-1.jpg 1536w, https:\/\/cinema.video\/wp-content\/uploads\/2025\/07\/Waking-Hours-1.jpg 747w, https:\/\/cinema.video\/wp-content\/uploads\/2025\/07\/Waking-Hours-1.jpg 150w, https:\/\/cinema.video\/wp-content\/uploads\/2025\/07\/Waking-Hours-1.jpg 696w, https:\/\/cinema.video\/wp-content\/uploads\/2025\/07\/Waking-Hours-1.jpg 1068w, https:\/\/cinema.video\/wp-content\/uploads\/2025\/07\/Waking-Hours-1.jpg 1920w, https:\/\/cinema.video\/wp-content\/uploads\/2025\/07\/Waking-Hours-1.jpg 1392w\" sizes=\"auto, (max-width: 696px) 100vw, 696px\" \/><\/figure>\n\n\n\n<p class=\"wp-block-paragraph\">In<em> Concorso<\/em>, due produzioni che coinvolgono l\u2019Italia. <strong><em>Walking Hours <\/em><\/strong>di Federico Cammarata, Filippo Foscarini, su un clan di passeurs Afgani vive nell\u2019attesa di persone da traghettare dall\u2019altro lato di un muro di metallo che marca l\u2019inizio dell\u2019Europa, \u00e8&nbsp; prodotto da Stefano Centini e Serena Alfieri per <strong>Volos Films Italia<\/strong>, in co-produzione con Roberto Minervini e Dario Zonta (<strong>Pulpa Film<\/strong>), in collaborazione con <strong>Rai Cinema<\/strong>. E\u2019 venduto nel mondo da <strong>Luminalia<\/strong> di Tommaso Priante.&nbsp;<\/p>\n\n\n\n<p class=\"wp-block-paragraph\">E\u2019 invece una co-produzione fra Italia, Stati Uniti e Francia <strong><em>Agon<\/em><\/strong>, di Giulio Bertelli, ritratto di tre atlete di tiro a segno, scherma e judo mentre si preparano a gareggiare per i fittizi Giochi Olimpici di Ludoj 2024. Traendo ispirazione dalle figure storiche di Giovanna d\u2019Arco, Cleopatra e dell\u2019ufficiale di cavalleria russa Nadezhda Durova, traccia un resoconto contemporaneo delle contraddizioni di questi tre sport che recentemente hanno abbracciato anche il mondo dei video-giochi. Il film, che sar\u00e0 distribuito in Italia da <strong>MUBI<\/strong>, \u00e8 prodotto da<br>Giulio Bertelli,&nbsp;Max Brun (<strong>Art+Vibes<\/strong>), Jules Daly and Joe Anton (<strong>Big Red Films<\/strong>), Stella Rossa Savino (<strong>MIA FILM<\/strong>). E\u2019 interpretato da Yile Vianello, Alice Bellandi, Sofjia Zobina.<\/p>\n\n\n\n<p class=\"wp-block-paragraph\">Tutti i lungometraggi in <em>Concorso <\/em>alla SIC, come tutte le opere prime di lungometraggio di finzione presentate nelle diverse sezioni competitive della Mostra (Selezione Ufficiale e Sezioni Autonome e Parallele), saranno in gara anche per l&#8217;ambito <strong> Leone del Futuro \u2013 Premio Venezia Opera Prima \u201cLuigi De Laurentiis\u201d<\/strong> del valore di 100.000 USD, messi a disposizione da Filmauro, che saranno suddivisi in parti uguali tra il regista e il produttore. <\/p>\n\n\n\n<p class=\"wp-block-paragraph\">Ci saranno inoltre in palio, il Gran Premio IWONDERFULL, assegnato da una giuria internazionale al miglior film in concorso e del valore di 10.000 euro, il Premio del Pubblico The Film Club, assegnato dal pubblico in sala e dal valore di 3.000 euro, e al Premio Luciano Sovena destinato al Miglior Produttore Indipendente dal valore di 3.000 euro e assegnato da una giuria di membri dell\u2019Associazione Amici di Luciano Sovena.<\/p>\n\n\n\n<p class=\"wp-block-paragraph\">Yile Vianello \u00e8 protagonista anche del corto di apertura di SIC@SIC,<strong><em> Restare <\/em><\/strong>di Fabio Bobbio, da lui scritto assieme a Zelia Zbogar,  \u00e8 prodotto da Chiara Andrich e Andrea Mura (<strong>Ginko Film<\/strong>), Enrico Cannizzo e Valerio Valente (<strong>Filmine<\/strong>), Enrico Giovannone e Matteo Tortone (<strong>Malf\u00e8 Film<\/strong>), con il sostegno di <strong>Film Commission Torino Piemonte<\/strong>.<\/p>\n\n\n\n<p class=\"wp-block-paragraph\">Fra i corti in<em> Concorso<\/em>, tre sono prodotti dal CSC (<strong><em>Marina<\/em><\/strong>, di Paoli De Luca, distribuito da <strong>The Open Reel<\/strong>; <strong><em>Festa in Famiglia<\/em><\/strong> di Nadir Taji e<strong><em> Sante<\/em><\/strong> di Valeria Gaudieri, entrambi distribuiti da <strong>Premiere Film). <\/strong><em><strong>The P\u00f8rn\u00f8graph\u0259r<\/strong> <\/em>\u00e8 diretto da<strong> HARIEL, <\/strong>collettivo italiano per un cinema in intelligenza artificiale, fondato da Pietro Lafiandra, Flavio Pizzorno e Andrea Rossini: il loro manifesto umanista per un cinema in intelligenza artificiale, pubblicato il 01.04.2025, rappresenta il primo tentativo di formalizzare un approccio culturologico alle immagini algoritmiche. Produce <strong>Neural Network.<\/strong><\/p>\n\n\n\n<p class=\"wp-block-paragraph\">C\u2019\u00e8 poi <strong><em>Arca<\/em>, <\/strong>quarto cortometraggio di Lorenzo Quagliozzi, che con <em>De l\u2019amour perdu<\/em> ha vinto il Nastro d\u2019Argento 2024 per il Miglior Cortometraggio. Quagliozzi, unico \u2018ritorno\u2019 di quest\u2019anno a SIC@SIC, \u00e8p anche il produttore di <em>Arca, <\/em>combina immagini d\u2019archivio e deep fake per proiettarsi nel futuro portando con s\u00e9 la storia del cinema<em>, <\/em>assieme a Andrea Sbarbaro (<strong>Eclettica<\/strong>). La distribuzione italiana \u00e8 affidata a <strong>Gorrilla Film Distribution.<\/strong><\/p>\n\n\n\n<p class=\"wp-block-paragraph\"><strong><em>La Moto <\/em><\/strong>di Matteo Giampetruzzi \u00e8 invece una co-produzione fra Italia (<strong>FuoriStrada<\/strong>), Danimarca (<strong>Nowhere Studios<\/strong>) e Spagna (<strong>Fenomenal Productions<\/strong>),&nbsp; con il supporto di El\u00edas Querejeta Zine Eskola, Filmv\u00e6rksted Odense. La distribuzione italiana \u00e8 di <strong>Lights On. <\/strong>Mischia finzione e documentario <strong><em>El p\u00fct\u00ec p\u00e8rs<\/em><\/strong><strong>, <\/strong>di <strong>Paolo Baiguera,<\/strong> un Pinocchio al contrario, un racconto che si addentra nella profondit\u00e0 del bosco come luogo ancestrale e spirituale che inghiotte e restituisce.<\/p>\n\n\n\n<figure class=\"wp-block-image size-large\"><img loading=\"lazy\" decoding=\"async\" width=\"1024\" height=\"573\" src=\"https:\/\/cinema.video\/wp-content\/uploads\/2025\/07\/CONFINI-CANTI_1-Martina-Venturini-03-x-1024x573.jpg\" alt=\"\" class=\"wp-image-300143\" srcset=\"https:\/\/cinema.video\/wp-content\/uploads\/2025\/07\/CONFINI-CANTI_1-Martina-Venturini-03-x.jpg 1024w, https:\/\/cinema.video\/wp-content\/uploads\/2025\/07\/CONFINI-CANTI_1-Martina-Venturini-03-x.jpg 300w, https:\/\/cinema.video\/wp-content\/uploads\/2025\/07\/CONFINI-CANTI_1-Martina-Venturini-03-x.jpg 768w, https:\/\/cinema.video\/wp-content\/uploads\/2025\/07\/CONFINI-CANTI_1-Martina-Venturini-03-x.jpg 1536w, https:\/\/cinema.video\/wp-content\/uploads\/2025\/07\/CONFINI-CANTI_1-Martina-Venturini-03-x.jpg 2048w, https:\/\/cinema.video\/wp-content\/uploads\/2025\/07\/CONFINI-CANTI_1-Martina-Venturini-03-x.jpg 750w, https:\/\/cinema.video\/wp-content\/uploads\/2025\/07\/CONFINI-CANTI_1-Martina-Venturini-03-x.jpg 150w, https:\/\/cinema.video\/wp-content\/uploads\/2025\/07\/CONFINI-CANTI_1-Martina-Venturini-03-x.jpg 696w, https:\/\/cinema.video\/wp-content\/uploads\/2025\/07\/CONFINI-CANTI_1-Martina-Venturini-03-x.jpg 1068w, https:\/\/cinema.video\/wp-content\/uploads\/2025\/07\/CONFINI-CANTI_1-Martina-Venturini-03-x.jpg 1920w, https:\/\/cinema.video\/wp-content\/uploads\/2025\/07\/CONFINI-CANTI_1-Martina-Venturini-03-x.jpg 1392w\" sizes=\"auto, (max-width: 696px) 100vw, 696px\" \/><figcaption class=\"wp-element-caption\">foto di Martina-Venturini-<\/figcaption><\/figure>\n\n\n\n<p class=\"wp-block-paragraph\">L\u2019evento speciale di chiusura vede Gorizia e il suo iconico il piazzale della Transalpina protagonista di <strong><em>Confini, canti<\/em><\/strong> corto di animazione di <strong>Simone Massi<\/strong>, che racconta, con la tipica tecnica a pastelli ad olio su carta dell\u2019autore, la storia di una citt\u00e0 divisa da confini nazionali e ideologici, ma anche attraversata da sogni capaci di superare ogni barriera. Il corto fa parte del progetto <strong>\u201cCorti senza Confine\u201d<\/strong>, promosso dalla Direzione centrale cultura e sport della Regione Autonoma Friuli Venezia Giulia in collaborazione con <strong>FVG Film Commission \u2013 PromoTurismoFVG<\/strong>, e inserito nel programma culturale ufficiale di <strong>GO! 2025 \u2013 Nova Gorica e Gorizia Capitale Europea della Cultura<\/strong>. E\u2019 prodotto da <strong>Rumore Srl.<\/strong><\/p>\n","protected":false},"excerpt":{"rendered":"<p>I film della Settimana della Critica, sezione autonoma e parallela organizzata dal SNCCI alla Mostra del Cinema di Venezia. Due lungometraggi italiani in Concorso concorrono anche per l&#8217;ambito Leone del Futuro<\/p>\n","protected":false},"author":26,"featured_media":300141,"comment_status":"closed","ping_status":"closed","sticky":false,"template":"","format":"standard","meta":{"googlesitekit_rrm_CAow3e7fCw:productID":"","_crdt_document":"","footnotes":""},"categories":[1],"tags":[356,491,1372,1694],"class_list":{"0":"post-300139","1":"post","2":"type-post","3":"status-publish","4":"format-standard","5":"has-post-thumbnail","7":"category-senza-categoria","8":"tag-focus","9":"tag-friuli-venezia-giulia-film-commission","10":"tag-mubi","11":"tag-venice-film-festival"},"yoast_head":"<!-- This site is optimized with the Yoast SEO Premium plugin v27.4 (Yoast SEO v27.5) - https:\/\/yoast.com\/product\/yoast-seo-premium-wordpress\/ -->\n<title>SIC &amp; SIC@SIC Doppio anniversario - Cinema &amp; Video International<\/title>\n<meta name=\"description\" content=\"SIC &amp; SIC@SIC Doppio anniversario \u2013 sic amp sicsic doppio anniversario. Doppio anniversario quest\u2019anno per la Settimana della Critica, sezione autonom\" \/>\n<meta name=\"robots\" content=\"index, follow, max-snippet:-1, max-image-preview:large, max-video-preview:-1\" \/>\n<link rel=\"canonical\" href=\"https:\/\/cinema.video\/it\/sic-sicsic-venezia\" \/>\n<meta property=\"og:locale\" content=\"it_IT\" \/>\n<meta property=\"og:type\" content=\"article\" \/>\n<meta property=\"og:title\" content=\"SIC &amp; SIC@SIC Doppio anniversario\" \/>\n<meta property=\"og:description\" content=\"SIC &amp; SIC@SIC Doppio anniversario \u2013 sic amp sicsic doppio anniversario. Doppio anniversario quest\u2019anno per la Settimana della Critica, sezione autonom\" \/>\n<meta property=\"og:url\" content=\"https:\/\/cinema.video\/it\/sic-sicsic-venezia\" \/>\n<meta property=\"og:site_name\" content=\"Cinema &amp; Video International\" \/>\n<meta property=\"article:publisher\" content=\"https:\/\/www.facebook.com\/CinemaVideoInternational\/\" \/>\n<meta property=\"article:published_time\" content=\"2025-07-21T15:11:17+00:00\" \/>\n<meta property=\"article:modified_time\" content=\"2026-04-10T02:09:42+00:00\" \/>\n<meta property=\"og:image\" content=\"https:\/\/cinema.video\/wp-content\/uploads\/2025\/07\/THE-PORNOGRAPHER-6.png\" \/>\n\t<meta property=\"og:image:width\" content=\"1365\" \/>\n\t<meta property=\"og:image:height\" content=\"768\" \/>\n\t<meta property=\"og:image:type\" content=\"image\/png\" \/>\n<meta name=\"author\" content=\"Redazione\" \/>\n<meta name=\"twitter:card\" content=\"summary_large_image\" \/>\n<meta name=\"twitter:label1\" content=\"Scritto da\" \/>\n\t<meta name=\"twitter:data1\" content=\"Redazione\" \/>\n\t<meta name=\"twitter:label2\" content=\"Tempo di lettura stimato\" \/>\n\t<meta name=\"twitter:data2\" content=\"5 minuti\" \/>\n<script type=\"application\/ld+json\" class=\"yoast-schema-graph\">{\"@context\":\"https:\\\/\\\/schema.org\",\"@graph\":[{\"@type\":\"Article\",\"@id\":\"https:\\\/\\\/cinema.video\\\/it\\\/sic-sicsic-venezia#article\",\"isPartOf\":{\"@id\":\"https:\\\/\\\/cinema.video\\\/it\\\/sic-sicsic-venezia\"},\"author\":{\"name\":\"Redazione\",\"@id\":\"https:\\\/\\\/cinema.video\\\/it#\\\/schema\\\/person\\\/aeb01b91d874e8b01e76a1db04c668c6\"},\"headline\":\"SIC &amp; SIC@SIC Doppio anniversario\",\"datePublished\":\"2025-07-21T15:11:17+00:00\",\"dateModified\":\"2026-04-10T02:09:42+00:00\",\"mainEntityOfPage\":{\"@id\":\"https:\\\/\\\/cinema.video\\\/it\\\/sic-sicsic-venezia\"},\"wordCount\":823,\"publisher\":{\"@id\":\"https:\\\/\\\/cinema.video\\\/it#organization\"},\"image\":{\"@id\":\"https:\\\/\\\/cinema.video\\\/it\\\/sic-sicsic-venezia#primaryimage\"},\"thumbnailUrl\":\"https:\\\/\\\/cinema.video\\\/wp-content\\\/uploads\\\/2025\\\/07\\\/THE-PORNOGRAPHER-6.png\",\"keywords\":[\"focus\",\"FRIULI VENEZIA GIULIA FILM COMMISSION\",\"MUBI\",\"VENICE FILM FESTIVAL\"],\"inLanguage\":\"it-IT\"},{\"@type\":\"WebPage\",\"@id\":\"https:\\\/\\\/cinema.video\\\/it\\\/sic-sicsic-venezia\",\"url\":\"https:\\\/\\\/cinema.video\\\/it\\\/sic-sicsic-venezia\",\"name\":\"SIC &amp; SIC@SIC Doppio anniversario - Cinema &amp; Video International\",\"isPartOf\":{\"@id\":\"https:\\\/\\\/cinema.video\\\/it#website\"},\"primaryImageOfPage\":{\"@id\":\"https:\\\/\\\/cinema.video\\\/it\\\/sic-sicsic-venezia#primaryimage\"},\"image\":{\"@id\":\"https:\\\/\\\/cinema.video\\\/it\\\/sic-sicsic-venezia#primaryimage\"},\"thumbnailUrl\":\"https:\\\/\\\/cinema.video\\\/wp-content\\\/uploads\\\/2025\\\/07\\\/THE-PORNOGRAPHER-6.png\",\"datePublished\":\"2025-07-21T15:11:17+00:00\",\"dateModified\":\"2026-04-10T02:09:42+00:00\",\"description\":\"SIC &amp; SIC@SIC Doppio anniversario \u2013 sic amp sicsic doppio anniversario. Doppio anniversario quest\u2019anno per la Settimana della Critica, sezione autonom\",\"breadcrumb\":{\"@id\":\"https:\\\/\\\/cinema.video\\\/it\\\/sic-sicsic-venezia#breadcrumb\"},\"inLanguage\":\"it-IT\",\"potentialAction\":[{\"@type\":\"ReadAction\",\"target\":[\"https:\\\/\\\/cinema.video\\\/it\\\/sic-sicsic-venezia\"]}]},{\"@type\":\"ImageObject\",\"inLanguage\":\"it-IT\",\"@id\":\"https:\\\/\\\/cinema.video\\\/it\\\/sic-sicsic-venezia#primaryimage\",\"url\":\"https:\\\/\\\/cinema.video\\\/wp-content\\\/uploads\\\/2025\\\/07\\\/THE-PORNOGRAPHER-6.png\",\"contentUrl\":\"https:\\\/\\\/cinema.video\\\/wp-content\\\/uploads\\\/2025\\\/07\\\/THE-PORNOGRAPHER-6.png\",\"width\":1365,\"height\":768,\"caption\":\"I film della Settimana della Critica, sezione autonoma e parallela organizzata dal SNCCI alla Mostra del Cinema di Venezia\"},{\"@type\":\"BreadcrumbList\",\"@id\":\"https:\\\/\\\/cinema.video\\\/it\\\/sic-sicsic-venezia#breadcrumb\",\"itemListElement\":[{\"@type\":\"ListItem\",\"position\":1,\"name\":\"Home\",\"item\":\"https:\\\/\\\/cinema.video\\\/it\\\/home-2\"},{\"@type\":\"ListItem\",\"position\":2,\"name\":\"SIC &amp; SIC@SIC Doppio anniversario\"}]},{\"@type\":\"WebSite\",\"@id\":\"https:\\\/\\\/cinema.video\\\/it#website\",\"url\":\"https:\\\/\\\/cinema.video\\\/it\",\"name\":\"Cinema & Video International\",\"description\":\"Film &amp; Audiovisual Industry Trade Magazine\",\"publisher\":{\"@id\":\"https:\\\/\\\/cinema.video\\\/it#organization\"},\"alternateName\":\"Cinema & Video\",\"potentialAction\":[{\"@type\":\"SearchAction\",\"target\":{\"@type\":\"EntryPoint\",\"urlTemplate\":\"https:\\\/\\\/cinema.video\\\/it?s={search_term_string}\"},\"query-input\":{\"@type\":\"PropertyValueSpecification\",\"valueRequired\":true,\"valueName\":\"search_term_string\"}}],\"inLanguage\":\"it-IT\"},{\"@type\":\"Organization\",\"@id\":\"https:\\\/\\\/cinema.video\\\/it#organization\",\"name\":\"Cinema & Video\",\"url\":\"https:\\\/\\\/cinema.video\\\/it\",\"logo\":{\"@type\":\"ImageObject\",\"inLanguage\":\"it-IT\",\"@id\":\"https:\\\/\\\/cinema.video\\\/it#\\\/schema\\\/logo\\\/image\\\/\",\"url\":\"https:\\\/\\\/cinema.video\\\/wp-content\\\/uploads\\\/2026\\\/04\\\/CinemVideo_LogoBlack.png\",\"contentUrl\":\"https:\\\/\\\/cinema.video\\\/wp-content\\\/uploads\\\/2026\\\/04\\\/CinemVideo_LogoBlack.png\",\"width\":1336,\"height\":224,\"caption\":\"Cinema & Video\"},\"image\":{\"@id\":\"https:\\\/\\\/cinema.video\\\/it#\\\/schema\\\/logo\\\/image\\\/\"},\"sameAs\":[\"https:\\\/\\\/www.facebook.com\\\/CinemaVideoInternational\\\/\",\"https:\\\/\\\/www.instagram.com\\\/cinemaevideointernational\\\/\",\"https:\\\/\\\/it.linkedin.com\\\/company\\\/cinema-video-international\"],\"description\":\"Media Consulting & Marketing Agency\",\"email\":\"hello@darostudio.com\",\"legalName\":\"DARO studio LLC\",\"foundingDate\":\"2021-02-16\",\"numberOfEmployees\":{\"@type\":\"QuantitativeValue\",\"minValue\":\"1\",\"maxValue\":\"10\"}},{\"@type\":\"Person\",\"@id\":\"https:\\\/\\\/cinema.video\\\/it#\\\/schema\\\/person\\\/aeb01b91d874e8b01e76a1db04c668c6\",\"name\":\"Redazione\",\"image\":{\"@type\":\"ImageObject\",\"inLanguage\":\"it-IT\",\"@id\":\"https:\\\/\\\/secure.gravatar.com\\\/avatar\\\/06ad6f92eb14745b75fb592cadf8139d33242d81c9c8b085133c450aaf0b9731?s=96&d=mm&r=g\",\"url\":\"https:\\\/\\\/secure.gravatar.com\\\/avatar\\\/06ad6f92eb14745b75fb592cadf8139d33242d81c9c8b085133c450aaf0b9731?s=96&d=mm&r=g\",\"contentUrl\":\"https:\\\/\\\/secure.gravatar.com\\\/avatar\\\/06ad6f92eb14745b75fb592cadf8139d33242d81c9c8b085133c450aaf0b9731?s=96&d=mm&r=g\",\"caption\":\"Redazione\"},\"url\":\"https:\\\/\\\/cinema.video\\\/it\\\/author\\\/redazione\"}]}<\/script>\n<!-- \/ Yoast SEO Premium plugin. -->","yoast_head_json":{"title":"SIC &amp; SIC@SIC Doppio anniversario - Cinema &amp; Video International","description":"SIC &amp; SIC@SIC Doppio anniversario \u2013 sic amp sicsic doppio anniversario. Doppio anniversario quest\u2019anno per la Settimana della Critica, sezione autonom","robots":{"index":"index","follow":"follow","max-snippet":"max-snippet:-1","max-image-preview":"max-image-preview:large","max-video-preview":"max-video-preview:-1"},"canonical":"https:\/\/cinema.video\/it\/sic-sicsic-venezia","og_locale":"it_IT","og_type":"article","og_title":"SIC &amp; SIC@SIC Doppio anniversario","og_description":"SIC &amp; SIC@SIC Doppio anniversario \u2013 sic amp sicsic doppio anniversario. Doppio anniversario quest\u2019anno per la Settimana della Critica, sezione autonom","og_url":"https:\/\/cinema.video\/it\/sic-sicsic-venezia","og_site_name":"Cinema &amp; Video International","article_publisher":"https:\/\/www.facebook.com\/CinemaVideoInternational\/","article_published_time":"2025-07-21T15:11:17+00:00","article_modified_time":"2026-04-10T02:09:42+00:00","og_image":[{"width":1365,"height":768,"url":"https:\/\/cinema.video\/wp-content\/uploads\/2025\/07\/THE-PORNOGRAPHER-6.png","type":"image\/png"}],"author":"Redazione","twitter_card":"summary_large_image","twitter_misc":{"Scritto da":"Redazione","Tempo di lettura stimato":"5 minuti"},"schema":{"@context":"https:\/\/schema.org","@graph":[{"@type":"Article","@id":"https:\/\/cinema.video\/it\/sic-sicsic-venezia#article","isPartOf":{"@id":"https:\/\/cinema.video\/it\/sic-sicsic-venezia"},"author":{"name":"Redazione","@id":"https:\/\/cinema.video\/it#\/schema\/person\/aeb01b91d874e8b01e76a1db04c668c6"},"headline":"SIC &amp; SIC@SIC Doppio anniversario","datePublished":"2025-07-21T15:11:17+00:00","dateModified":"2026-04-10T02:09:42+00:00","mainEntityOfPage":{"@id":"https:\/\/cinema.video\/it\/sic-sicsic-venezia"},"wordCount":823,"publisher":{"@id":"https:\/\/cinema.video\/it#organization"},"image":{"@id":"https:\/\/cinema.video\/it\/sic-sicsic-venezia#primaryimage"},"thumbnailUrl":"https:\/\/cinema.video\/wp-content\/uploads\/2025\/07\/THE-PORNOGRAPHER-6.png","keywords":["focus","FRIULI VENEZIA GIULIA FILM COMMISSION","MUBI","VENICE FILM FESTIVAL"],"inLanguage":"it-IT"},{"@type":"WebPage","@id":"https:\/\/cinema.video\/it\/sic-sicsic-venezia","url":"https:\/\/cinema.video\/it\/sic-sicsic-venezia","name":"SIC &amp; SIC@SIC Doppio anniversario - Cinema &amp; Video International","isPartOf":{"@id":"https:\/\/cinema.video\/it#website"},"primaryImageOfPage":{"@id":"https:\/\/cinema.video\/it\/sic-sicsic-venezia#primaryimage"},"image":{"@id":"https:\/\/cinema.video\/it\/sic-sicsic-venezia#primaryimage"},"thumbnailUrl":"https:\/\/cinema.video\/wp-content\/uploads\/2025\/07\/THE-PORNOGRAPHER-6.png","datePublished":"2025-07-21T15:11:17+00:00","dateModified":"2026-04-10T02:09:42+00:00","description":"SIC &amp; SIC@SIC Doppio anniversario \u2013 sic amp sicsic doppio anniversario. Doppio anniversario quest\u2019anno per la Settimana della Critica, sezione autonom","breadcrumb":{"@id":"https:\/\/cinema.video\/it\/sic-sicsic-venezia#breadcrumb"},"inLanguage":"it-IT","potentialAction":[{"@type":"ReadAction","target":["https:\/\/cinema.video\/it\/sic-sicsic-venezia"]}]},{"@type":"ImageObject","inLanguage":"it-IT","@id":"https:\/\/cinema.video\/it\/sic-sicsic-venezia#primaryimage","url":"https:\/\/cinema.video\/wp-content\/uploads\/2025\/07\/THE-PORNOGRAPHER-6.png","contentUrl":"https:\/\/cinema.video\/wp-content\/uploads\/2025\/07\/THE-PORNOGRAPHER-6.png","width":1365,"height":768,"caption":"I film della Settimana della Critica, sezione autonoma e parallela organizzata dal SNCCI alla Mostra del Cinema di Venezia"},{"@type":"BreadcrumbList","@id":"https:\/\/cinema.video\/it\/sic-sicsic-venezia#breadcrumb","itemListElement":[{"@type":"ListItem","position":1,"name":"Home","item":"https:\/\/cinema.video\/it\/home-2"},{"@type":"ListItem","position":2,"name":"SIC &amp; SIC@SIC Doppio anniversario"}]},{"@type":"WebSite","@id":"https:\/\/cinema.video\/it#website","url":"https:\/\/cinema.video\/it","name":"Cinema & Video International","description":"Film &amp; Audiovisual Industry Trade Magazine","publisher":{"@id":"https:\/\/cinema.video\/it#organization"},"alternateName":"Cinema & Video","potentialAction":[{"@type":"SearchAction","target":{"@type":"EntryPoint","urlTemplate":"https:\/\/cinema.video\/it?s={search_term_string}"},"query-input":{"@type":"PropertyValueSpecification","valueRequired":true,"valueName":"search_term_string"}}],"inLanguage":"it-IT"},{"@type":"Organization","@id":"https:\/\/cinema.video\/it#organization","name":"Cinema & Video","url":"https:\/\/cinema.video\/it","logo":{"@type":"ImageObject","inLanguage":"it-IT","@id":"https:\/\/cinema.video\/it#\/schema\/logo\/image\/","url":"https:\/\/cinema.video\/wp-content\/uploads\/2026\/04\/CinemVideo_LogoBlack.png","contentUrl":"https:\/\/cinema.video\/wp-content\/uploads\/2026\/04\/CinemVideo_LogoBlack.png","width":1336,"height":224,"caption":"Cinema & Video"},"image":{"@id":"https:\/\/cinema.video\/it#\/schema\/logo\/image\/"},"sameAs":["https:\/\/www.facebook.com\/CinemaVideoInternational\/","https:\/\/www.instagram.com\/cinemaevideointernational\/","https:\/\/it.linkedin.com\/company\/cinema-video-international"],"description":"Media Consulting & Marketing Agency","email":"hello@darostudio.com","legalName":"DARO studio LLC","foundingDate":"2021-02-16","numberOfEmployees":{"@type":"QuantitativeValue","minValue":"1","maxValue":"10"}},{"@type":"Person","@id":"https:\/\/cinema.video\/it#\/schema\/person\/aeb01b91d874e8b01e76a1db04c668c6","name":"Redazione","image":{"@type":"ImageObject","inLanguage":"it-IT","@id":"https:\/\/secure.gravatar.com\/avatar\/06ad6f92eb14745b75fb592cadf8139d33242d81c9c8b085133c450aaf0b9731?s=96&d=mm&r=g","url":"https:\/\/secure.gravatar.com\/avatar\/06ad6f92eb14745b75fb592cadf8139d33242d81c9c8b085133c450aaf0b9731?s=96&d=mm&r=g","contentUrl":"https:\/\/secure.gravatar.com\/avatar\/06ad6f92eb14745b75fb592cadf8139d33242d81c9c8b085133c450aaf0b9731?s=96&d=mm&r=g","caption":"Redazione"},"url":"https:\/\/cinema.video\/it\/author\/redazione"}]}},"jetpack_featured_media_url":"https:\/\/cinema.video\/wp-content\/uploads\/2025\/07\/THE-PORNOGRAPHER-6.png","jetpack_shortlink":"https:\/\/wp.me\/ph672m-1g4X","_links":{"self":[{"href":"https:\/\/cinema.video\/it\/wp-json\/wp\/v2\/posts\/300139","targetHints":{"allow":["GET"]}}],"collection":[{"href":"https:\/\/cinema.video\/it\/wp-json\/wp\/v2\/posts"}],"about":[{"href":"https:\/\/cinema.video\/it\/wp-json\/wp\/v2\/types\/post"}],"author":[{"embeddable":true,"href":"https:\/\/cinema.video\/it\/wp-json\/wp\/v2\/users\/26"}],"replies":[{"embeddable":true,"href":"https:\/\/cinema.video\/it\/wp-json\/wp\/v2\/comments?post=300139"}],"version-history":[{"count":1,"href":"https:\/\/cinema.video\/it\/wp-json\/wp\/v2\/posts\/300139\/revisions"}],"predecessor-version":[{"id":309700,"href":"https:\/\/cinema.video\/it\/wp-json\/wp\/v2\/posts\/300139\/revisions\/309700"}],"wp:featuredmedia":[{"embeddable":true,"href":"https:\/\/cinema.video\/it\/wp-json\/wp\/v2\/media\/300141"}],"wp:attachment":[{"href":"https:\/\/cinema.video\/it\/wp-json\/wp\/v2\/media?parent=300139"}],"wp:term":[{"taxonomy":"category","embeddable":true,"href":"https:\/\/cinema.video\/it\/wp-json\/wp\/v2\/categories?post=300139"},{"taxonomy":"post_tag","embeddable":true,"href":"https:\/\/cinema.video\/it\/wp-json\/wp\/v2\/tags?post=300139"}],"curies":[{"name":"wp","href":"https:\/\/api.w.org\/{rel}","templated":true}]}}