{"id":300108,"date":"2025-07-03T10:16:00","date_gmt":"2025-07-03T08:16:00","guid":{"rendered":"https:\/\/cinema.video\/?p=300108"},"modified":"2026-04-10T04:09:40","modified_gmt":"2026-04-10T02:09:40","slug":"cinetel-30-anni","status":"publish","type":"post","link":"https:\/\/cinema.video\/it\/cinetel-30-anni","title":{"rendered":"CINETEL compie 30 anni"},"content":{"rendered":"\n<p class=\"wp-block-paragraph\">Compie 30 anni <strong>Cinetel<\/strong>, la societ\u00e0 partecipata pariteticamente da <strong>ANEC<\/strong> e <strong>ANICA<\/strong> che dal 1995 rileva quotidianamente gli incassi e le presenze dei cinema in Italia producendo ogni giorno pi\u00f9 di 100 tipi di report diversi e analisi ad-hoc sull\u2019andamento del settore del cinema in sala per tutti gli operatori, le istituzioni e le associazioni di filiera.<\/p>\n\n\n\n<p class=\"wp-block-paragraph\">Il &#8216;primo brindisi&#8217;,  a Cin\u00e9- Giornate di Cinema, ieri, 2 luglio, in un evento in cui \u00e8 stato ufficializzata la promozione al ruolo di\u00a0<strong>Direttore Operativo<\/strong>\u00a0di\u00a0<strong>Giorgio Bigoni<\/strong>, in societ\u00e0 dal 2017 e in precedenza Head of Operations, ed \u00e8 stato presentato il nuovo logo\u00a0introdotto da un\u2019animazione video dedicata.<\/p>\n\n\n<div class=\"wp-block-image\">\n<figure class=\"aligncenter\"><img decoding=\"async\" src=\"https:\/\/mailserver5.vhosting-it.com\/rainloop\/?\/Raw\/&amp;q[]=\/_kz-MC0hdZR9-4GObqPPOe_5WfGm6b_V5aOpAmahFVLSzLiZEklkirPuCbHPALYqYDAtwuPbACq67b66kPylxwA8mLTG4bx2r5z4IsEHBx6uUbcDNS4GNTnXMfUQlCyPha54RpAq4ou6GskXEYx0Jv7UJBU-W793m-kL1e7N9Lun8Ys_chhY0QDNL_-chfuG8q5PLNY8k9O9lWyJkfH4rNzEHUgaX8IKvgu86SJw8oXZfuZzGPeN817AWbeD9u5f4DYhSxX4KwdM416JCSFY9vmIqkiGR0Ycr3IUWUyPjHbhhuu-eaJAD-9sjYOL8AUNDcu-GQCIhqC6_gesRkchO0aivKXyhWK2yBqImWLmDobh--pzK1Oq7PlVfV-GHIvdspIVhPegktdQ\/View\/&amp;q[]=\/L7r_6VN_di0yblzVxjxDqIeP6tluwGF8F6KfETnvsOpYUIVXinCg3RXRLKKXVj1Rcb9NxaODK0kaFBwYw4EPJseTdgcQbAoMoBX2s21Kpkcv77eQ-OosC9EjxHGHiQnVC1Fz6uhp2cDnpjJ0gOv1q_zc63APnlJb4NtXuACtRR4hLiL8PhP5tCEucFFhi4wK5yU4l9cWpNa-wCOsS2-2jJAh7SmDVXWbf6k9PeXVn3Kt6I9PnEV9iDTpL2M05xva-bz31f_Tpcd8S0974KykA26A6D2Oir7LxVyg2XycL5W1GQdU2ShKTgak8g3wEBCKss8A2A\" alt=\"Immagine che contiene testo, Carattere, schermata, Elementi grafici Il contenuto generato dall'IA potrebbe non essere corretto.\"\/><\/figure>\n<\/div>\n\n\n<p class=\"wp-block-paragraph\">La nuova immagine riprende i colori storici di CINETEL attualizzandoli sia nella grafica che nel font e aggiungendo, attraverso un fascio luminoso, l\u2019elemento della \u201cmessa in luce\u201d ossia ci\u00f2 che i dati e le analisi della societ\u00e0 aiutano a fare nel lavoro quotidiano di tutti gli operatori.<\/p>\n\n\n\n<p class=\"wp-block-paragraph\">Si tratta del primo step di un rinnovamento generale<em>&nbsp;<\/em>sia grafico che funzionale che interesser\u00e0 nel corso dei prossimi mesi i report e i siti di CINETEL.<\/p>\n\n\n\n<p class=\"wp-block-paragraph\"> &#8220;L\u2019evoluzione delle basi di conoscenza per lo sviluppo del settore, la sempre pi\u00f9 crescente esigenza di analisi, di accesso a dati e informazioni, hanno spinto tutti noi che ci siamo succeduti in questi trent\u2019anni a implementare i sistemi e lo spettro di informazioni che CINETEL fornisce quotidianamente e a richiesta. &#8211; ha dichiarato <strong>Simone Gialdini<\/strong>, presidente CINETEL. &#8211;  Le sinergie sviluppate con le istituzioni, le universit\u00e0 e le numerose societ\u00e0 di analisi, oltrech\u00e9 con la stampa specializzata sono il segno tangibile di una realt\u00e0 strategica per il settore e la filiera cinematografica e numerose sono le novit\u00e0 che saranno rilasciate nei prossimi mesi. Un percorso sostenuto e valorizzato dalle presidenze delle due realt\u00e0 proprietarie della societ\u00e0 e sviluppato da un team di professionisti che ogni giorno, senza alcuna soluzione di continuit\u00e0, opera a servizio dell\u2019industria e delle esigenze costantemente in aggiornamento, cui va il mio pi\u00f9 sincero apprezzamento per il grande lavoro che fanno.\u201d<\/p>\n\n\n\n<figure class=\"wp-block-image size-large\"><img loading=\"lazy\" decoding=\"async\" width=\"1024\" height=\"577\" src=\"https:\/\/cinema.video\/wp-content\/uploads\/2025\/07\/Unknown-2-1024x577.jpg\" alt=\"\" class=\"wp-image-300110\"\/><figcaption class=\"wp-element-caption\">Da sx: Simone Gialdini, Davide Novelli, Giorgio Bigoni, Alessandro Usai, Mario Lorini, Luigi Lonigro e Paolo Orlando<\/figcaption><\/figure>\n\n\n\n<p class=\"wp-block-paragraph\">\u201cE\u2019 un grande privilegio per me celebrare questo speciale compleanno di CINETEL: i nomi di chi mi ha preceduto come presidente o amministratore delegato in questi 30 anni hanno fatto la storia del cinema in Italia e sono stati di ispirazione per lo svolgimento dei ruoli che sono stato chiamato a ricoprire in questi due mandati. Tengo in particolar modo a ringraziare le figure che mi hanno preceduto e lasciato il testimone, Richard Borg e Roberto Ferrari, per i loro preziosi consigli, oltre a Luigi Lonigro che mi ha concesso il privilegio di occuparmi e la fiducia nel rinnovare questa prestigiosa organizzazione. -Ha aggiunto <strong>Davide Novelli, Amministratore Delegato CINETEL<\/strong>. -Abbiamo tante volte sottolineato l\u2019unicit\u00e0 di CINETEL sia per la sua struttura che per la qualit\u00e0 del servizio che svolge. CINETEL dimostra che quando la filiera si unisce pu\u00f2 creare un valore superiore alla somma delle sue parti; che attraverso una visione di lungo periodo si pu\u00f2 essere al servizio di tutti senza essere a vantaggio di nessuno; che l\u2019informazione, l\u2019innovazione e la trasparenza sono ormai le uniche chiavi per navigare questi anni di grandi trasformazioni. Celebriamo questi trent\u2019anni con un nuovo logo che fa tesoro della tradizione guardando al futuro, e che sar\u00e0 accompagnato in questo anno da altre importanti novit\u00e0 che informeranno lo sviluppo di CINETEL e della filiera cinematografica italiana per il prossimo decennio. Non poteva esserci occasione migliore per celebrare anche la promozione di Giorgio Bigoni a Direttore Operativo e rendergli merito per il grande lavoro svolto in questi anni: Giorgio ha rappresentato l\u2019arma segreta dello sviluppo di CINETEL e nel suo nuovo ruolo ne garantir\u00e0 la continuit\u00e0 negli anni a venire.\u201d<\/p>\n","protected":false},"excerpt":{"rendered":"<p>I primi 30 anni di Cinetel a Cin\u00e9, in un evento in cui \u00e8 stata ufficializzata la promozione al ruolo di\u00a0Direttore Operativo\u00a0di\u00a0Giorgio Bigoni<\/p>\n","protected":false},"author":26,"featured_media":300109,"comment_status":"closed","ping_status":"closed","sticky":false,"template":"","format":"standard","meta":{"googlesitekit_rrm_CAow3e7fCw:productID":"","_crdt_document":"","footnotes":""},"categories":[1],"tags":[356],"class_list":{"0":"post-300108","1":"post","2":"type-post","3":"status-publish","4":"format-standard","5":"has-post-thumbnail","7":"category-senza-categoria","8":"tag-focus"},"yoast_head":"<!-- This site is optimized with the Yoast SEO Premium plugin v27.4 (Yoast SEO v27.4) - https:\/\/yoast.com\/product\/yoast-seo-premium-wordpress\/ -->\n<title>CINETEL compie 30 anni - Cinema &amp; Video International<\/title>\n<meta name=\"description\" content=\"CINETEL compie 30 anni \u2013 cinetel compie 30 anni. Compie 30 anni Cinetel, la societ\u00e0 partecipata pariteticamente da ANEC e ANICA che dal 1995 rileva quotid\" \/>\n<meta name=\"robots\" content=\"index, follow, max-snippet:-1, max-image-preview:large, max-video-preview:-1\" \/>\n<link rel=\"canonical\" href=\"https:\/\/cinema.video\/it\/cinetel-30-anni\" \/>\n<meta property=\"og:locale\" content=\"it_IT\" \/>\n<meta property=\"og:type\" content=\"article\" \/>\n<meta property=\"og:title\" content=\"CINETEL compie 30 anni\" \/>\n<meta property=\"og:description\" content=\"CINETEL compie 30 anni \u2013 cinetel compie 30 anni. Compie 30 anni Cinetel, la societ\u00e0 partecipata pariteticamente da ANEC e ANICA che dal 1995 rileva quotid\" \/>\n<meta property=\"og:url\" content=\"https:\/\/cinema.video\/it\/cinetel-30-anni\" \/>\n<meta property=\"og:site_name\" content=\"Cinema &amp; Video International\" \/>\n<meta property=\"article:publisher\" content=\"https:\/\/www.facebook.com\/CinemaVideoInternational\/\" \/>\n<meta property=\"article:published_time\" content=\"2025-07-03T08:16:00+00:00\" \/>\n<meta property=\"article:modified_time\" content=\"2026-04-10T02:09:40+00:00\" \/>\n<meta property=\"og:image\" content=\"https:\/\/cinema.video\/wp-content\/uploads\/2025\/07\/Unknown-e1752483175842.jpg\" \/>\n\t<meta property=\"og:image:width\" content=\"800\" \/>\n\t<meta property=\"og:image:height\" content=\"450\" \/>\n\t<meta property=\"og:image:type\" content=\"image\/jpeg\" \/>\n<meta name=\"author\" content=\"Redazione\" \/>\n<meta name=\"twitter:card\" content=\"summary_large_image\" \/>\n<meta name=\"twitter:label1\" content=\"Scritto da\" \/>\n\t<meta name=\"twitter:data1\" content=\"Redazione\" \/>\n\t<meta name=\"twitter:label2\" content=\"Tempo di lettura stimato\" \/>\n\t<meta name=\"twitter:data2\" content=\"4 minuti\" \/>\n<script type=\"application\/ld+json\" class=\"yoast-schema-graph\">{\"@context\":\"https:\\\/\\\/schema.org\",\"@graph\":[{\"@type\":\"Article\",\"@id\":\"https:\\\/\\\/cinema.video\\\/it\\\/cinetel-30-anni#article\",\"isPartOf\":{\"@id\":\"https:\\\/\\\/cinema.video\\\/it\\\/cinetel-30-anni\"},\"author\":{\"name\":\"Redazione\",\"@id\":\"https:\\\/\\\/cinema.video\\\/it#\\\/schema\\\/person\\\/aeb01b91d874e8b01e76a1db04c668c6\"},\"headline\":\"CINETEL compie 30 anni\",\"datePublished\":\"2025-07-03T08:16:00+00:00\",\"dateModified\":\"2026-04-10T02:09:40+00:00\",\"mainEntityOfPage\":{\"@id\":\"https:\\\/\\\/cinema.video\\\/it\\\/cinetel-30-anni\"},\"wordCount\":636,\"publisher\":{\"@id\":\"https:\\\/\\\/cinema.video\\\/it#organization\"},\"image\":{\"@id\":\"https:\\\/\\\/cinema.video\\\/it\\\/cinetel-30-anni#primaryimage\"},\"thumbnailUrl\":\"https:\\\/\\\/cinema.video\\\/wp-content\\\/uploads\\\/2025\\\/07\\\/Unknown-e1752483175842.jpg\",\"keywords\":[\"focus\"],\"inLanguage\":\"it-IT\"},{\"@type\":\"WebPage\",\"@id\":\"https:\\\/\\\/cinema.video\\\/it\\\/cinetel-30-anni\",\"url\":\"https:\\\/\\\/cinema.video\\\/it\\\/cinetel-30-anni\",\"name\":\"CINETEL compie 30 anni - Cinema &amp; Video International\",\"isPartOf\":{\"@id\":\"https:\\\/\\\/cinema.video\\\/it#website\"},\"primaryImageOfPage\":{\"@id\":\"https:\\\/\\\/cinema.video\\\/it\\\/cinetel-30-anni#primaryimage\"},\"image\":{\"@id\":\"https:\\\/\\\/cinema.video\\\/it\\\/cinetel-30-anni#primaryimage\"},\"thumbnailUrl\":\"https:\\\/\\\/cinema.video\\\/wp-content\\\/uploads\\\/2025\\\/07\\\/Unknown-e1752483175842.jpg\",\"datePublished\":\"2025-07-03T08:16:00+00:00\",\"dateModified\":\"2026-04-10T02:09:40+00:00\",\"description\":\"CINETEL compie 30 anni \u2013 cinetel compie 30 anni. Compie 30 anni Cinetel, la societ\u00e0 partecipata pariteticamente da ANEC e ANICA che dal 1995 rileva quotid\",\"breadcrumb\":{\"@id\":\"https:\\\/\\\/cinema.video\\\/it\\\/cinetel-30-anni#breadcrumb\"},\"inLanguage\":\"it-IT\",\"potentialAction\":[{\"@type\":\"ReadAction\",\"target\":[\"https:\\\/\\\/cinema.video\\\/it\\\/cinetel-30-anni\"]}]},{\"@type\":\"ImageObject\",\"inLanguage\":\"it-IT\",\"@id\":\"https:\\\/\\\/cinema.video\\\/it\\\/cinetel-30-anni#primaryimage\",\"url\":\"https:\\\/\\\/cinema.video\\\/wp-content\\\/uploads\\\/2025\\\/07\\\/Unknown-e1752483175842.jpg\",\"contentUrl\":\"https:\\\/\\\/cinema.video\\\/wp-content\\\/uploads\\\/2025\\\/07\\\/Unknown-e1752483175842.jpg\",\"width\":800,\"height\":450,\"caption\":\"I primi 30 anni di Cinetel a Cin\u00e9, in un evento in cui \u00e8 stata ufficializzata la promozione al ruolo di\u00a0Direttore Operativo\u00a0di\u00a0Giorgio Bigoni\"},{\"@type\":\"BreadcrumbList\",\"@id\":\"https:\\\/\\\/cinema.video\\\/it\\\/cinetel-30-anni#breadcrumb\",\"itemListElement\":[{\"@type\":\"ListItem\",\"position\":1,\"name\":\"Home\",\"item\":\"https:\\\/\\\/cinema.video\\\/it\\\/home-2\"},{\"@type\":\"ListItem\",\"position\":2,\"name\":\"CINETEL compie 30 anni\"}]},{\"@type\":\"WebSite\",\"@id\":\"https:\\\/\\\/cinema.video\\\/it#website\",\"url\":\"https:\\\/\\\/cinema.video\\\/it\",\"name\":\"Cinema & Video International\",\"description\":\"Film &amp; Audiovisual Industry Trade Magazine\",\"publisher\":{\"@id\":\"https:\\\/\\\/cinema.video\\\/it#organization\"},\"alternateName\":\"Cinema & Video\",\"potentialAction\":[{\"@type\":\"SearchAction\",\"target\":{\"@type\":\"EntryPoint\",\"urlTemplate\":\"https:\\\/\\\/cinema.video\\\/it?s={search_term_string}\"},\"query-input\":{\"@type\":\"PropertyValueSpecification\",\"valueRequired\":true,\"valueName\":\"search_term_string\"}}],\"inLanguage\":\"it-IT\"},{\"@type\":\"Organization\",\"@id\":\"https:\\\/\\\/cinema.video\\\/it#organization\",\"name\":\"Cinema & Video\",\"url\":\"https:\\\/\\\/cinema.video\\\/it\",\"logo\":{\"@type\":\"ImageObject\",\"inLanguage\":\"it-IT\",\"@id\":\"https:\\\/\\\/cinema.video\\\/it#\\\/schema\\\/logo\\\/image\\\/\",\"url\":\"https:\\\/\\\/cinema.video\\\/wp-content\\\/uploads\\\/2026\\\/04\\\/CinemVideo_LogoBlack.png\",\"contentUrl\":\"https:\\\/\\\/cinema.video\\\/wp-content\\\/uploads\\\/2026\\\/04\\\/CinemVideo_LogoBlack.png\",\"width\":1336,\"height\":224,\"caption\":\"Cinema & Video\"},\"image\":{\"@id\":\"https:\\\/\\\/cinema.video\\\/it#\\\/schema\\\/logo\\\/image\\\/\"},\"sameAs\":[\"https:\\\/\\\/www.facebook.com\\\/CinemaVideoInternational\\\/\",\"https:\\\/\\\/www.instagram.com\\\/cinemaevideointernational\\\/\",\"https:\\\/\\\/it.linkedin.com\\\/company\\\/cinema-video-international\"],\"description\":\"Media Consulting & Marketing Agency\",\"email\":\"hello@darostudio.com\",\"legalName\":\"DARO studio LLC\",\"foundingDate\":\"2021-02-16\",\"numberOfEmployees\":{\"@type\":\"QuantitativeValue\",\"minValue\":\"1\",\"maxValue\":\"10\"}},{\"@type\":\"Person\",\"@id\":\"https:\\\/\\\/cinema.video\\\/it#\\\/schema\\\/person\\\/aeb01b91d874e8b01e76a1db04c668c6\",\"name\":\"Redazione\",\"image\":{\"@type\":\"ImageObject\",\"inLanguage\":\"it-IT\",\"@id\":\"https:\\\/\\\/secure.gravatar.com\\\/avatar\\\/06ad6f92eb14745b75fb592cadf8139d33242d81c9c8b085133c450aaf0b9731?s=96&d=mm&r=g\",\"url\":\"https:\\\/\\\/secure.gravatar.com\\\/avatar\\\/06ad6f92eb14745b75fb592cadf8139d33242d81c9c8b085133c450aaf0b9731?s=96&d=mm&r=g\",\"contentUrl\":\"https:\\\/\\\/secure.gravatar.com\\\/avatar\\\/06ad6f92eb14745b75fb592cadf8139d33242d81c9c8b085133c450aaf0b9731?s=96&d=mm&r=g\",\"caption\":\"Redazione\"},\"url\":\"https:\\\/\\\/cinema.video\\\/it\\\/author\\\/redazione\"}]}<\/script>\n<!-- \/ Yoast SEO Premium plugin. -->","yoast_head_json":{"title":"CINETEL compie 30 anni - Cinema &amp; Video International","description":"CINETEL compie 30 anni \u2013 cinetel compie 30 anni. Compie 30 anni Cinetel, la societ\u00e0 partecipata pariteticamente da ANEC e ANICA che dal 1995 rileva quotid","robots":{"index":"index","follow":"follow","max-snippet":"max-snippet:-1","max-image-preview":"max-image-preview:large","max-video-preview":"max-video-preview:-1"},"canonical":"https:\/\/cinema.video\/it\/cinetel-30-anni","og_locale":"it_IT","og_type":"article","og_title":"CINETEL compie 30 anni","og_description":"CINETEL compie 30 anni \u2013 cinetel compie 30 anni. Compie 30 anni Cinetel, la societ\u00e0 partecipata pariteticamente da ANEC e ANICA che dal 1995 rileva quotid","og_url":"https:\/\/cinema.video\/it\/cinetel-30-anni","og_site_name":"Cinema &amp; Video International","article_publisher":"https:\/\/www.facebook.com\/CinemaVideoInternational\/","article_published_time":"2025-07-03T08:16:00+00:00","article_modified_time":"2026-04-10T02:09:40+00:00","og_image":[{"width":800,"height":450,"url":"https:\/\/cinema.video\/wp-content\/uploads\/2025\/07\/Unknown-e1752483175842.jpg","type":"image\/jpeg"}],"author":"Redazione","twitter_card":"summary_large_image","twitter_misc":{"Scritto da":"Redazione","Tempo di lettura stimato":"4 minuti"},"schema":{"@context":"https:\/\/schema.org","@graph":[{"@type":"Article","@id":"https:\/\/cinema.video\/it\/cinetel-30-anni#article","isPartOf":{"@id":"https:\/\/cinema.video\/it\/cinetel-30-anni"},"author":{"name":"Redazione","@id":"https:\/\/cinema.video\/it#\/schema\/person\/aeb01b91d874e8b01e76a1db04c668c6"},"headline":"CINETEL compie 30 anni","datePublished":"2025-07-03T08:16:00+00:00","dateModified":"2026-04-10T02:09:40+00:00","mainEntityOfPage":{"@id":"https:\/\/cinema.video\/it\/cinetel-30-anni"},"wordCount":636,"publisher":{"@id":"https:\/\/cinema.video\/it#organization"},"image":{"@id":"https:\/\/cinema.video\/it\/cinetel-30-anni#primaryimage"},"thumbnailUrl":"https:\/\/cinema.video\/wp-content\/uploads\/2025\/07\/Unknown-e1752483175842.jpg","keywords":["focus"],"inLanguage":"it-IT"},{"@type":"WebPage","@id":"https:\/\/cinema.video\/it\/cinetel-30-anni","url":"https:\/\/cinema.video\/it\/cinetel-30-anni","name":"CINETEL compie 30 anni - Cinema &amp; Video International","isPartOf":{"@id":"https:\/\/cinema.video\/it#website"},"primaryImageOfPage":{"@id":"https:\/\/cinema.video\/it\/cinetel-30-anni#primaryimage"},"image":{"@id":"https:\/\/cinema.video\/it\/cinetel-30-anni#primaryimage"},"thumbnailUrl":"https:\/\/cinema.video\/wp-content\/uploads\/2025\/07\/Unknown-e1752483175842.jpg","datePublished":"2025-07-03T08:16:00+00:00","dateModified":"2026-04-10T02:09:40+00:00","description":"CINETEL compie 30 anni \u2013 cinetel compie 30 anni. Compie 30 anni Cinetel, la societ\u00e0 partecipata pariteticamente da ANEC e ANICA che dal 1995 rileva quotid","breadcrumb":{"@id":"https:\/\/cinema.video\/it\/cinetel-30-anni#breadcrumb"},"inLanguage":"it-IT","potentialAction":[{"@type":"ReadAction","target":["https:\/\/cinema.video\/it\/cinetel-30-anni"]}]},{"@type":"ImageObject","inLanguage":"it-IT","@id":"https:\/\/cinema.video\/it\/cinetel-30-anni#primaryimage","url":"https:\/\/cinema.video\/wp-content\/uploads\/2025\/07\/Unknown-e1752483175842.jpg","contentUrl":"https:\/\/cinema.video\/wp-content\/uploads\/2025\/07\/Unknown-e1752483175842.jpg","width":800,"height":450,"caption":"I primi 30 anni di Cinetel a Cin\u00e9, in un evento in cui \u00e8 stata ufficializzata la promozione al ruolo di\u00a0Direttore Operativo\u00a0di\u00a0Giorgio Bigoni"},{"@type":"BreadcrumbList","@id":"https:\/\/cinema.video\/it\/cinetel-30-anni#breadcrumb","itemListElement":[{"@type":"ListItem","position":1,"name":"Home","item":"https:\/\/cinema.video\/it\/home-2"},{"@type":"ListItem","position":2,"name":"CINETEL compie 30 anni"}]},{"@type":"WebSite","@id":"https:\/\/cinema.video\/it#website","url":"https:\/\/cinema.video\/it","name":"Cinema & Video International","description":"Film &amp; Audiovisual Industry Trade Magazine","publisher":{"@id":"https:\/\/cinema.video\/it#organization"},"alternateName":"Cinema & Video","potentialAction":[{"@type":"SearchAction","target":{"@type":"EntryPoint","urlTemplate":"https:\/\/cinema.video\/it?s={search_term_string}"},"query-input":{"@type":"PropertyValueSpecification","valueRequired":true,"valueName":"search_term_string"}}],"inLanguage":"it-IT"},{"@type":"Organization","@id":"https:\/\/cinema.video\/it#organization","name":"Cinema & Video","url":"https:\/\/cinema.video\/it","logo":{"@type":"ImageObject","inLanguage":"it-IT","@id":"https:\/\/cinema.video\/it#\/schema\/logo\/image\/","url":"https:\/\/cinema.video\/wp-content\/uploads\/2026\/04\/CinemVideo_LogoBlack.png","contentUrl":"https:\/\/cinema.video\/wp-content\/uploads\/2026\/04\/CinemVideo_LogoBlack.png","width":1336,"height":224,"caption":"Cinema & Video"},"image":{"@id":"https:\/\/cinema.video\/it#\/schema\/logo\/image\/"},"sameAs":["https:\/\/www.facebook.com\/CinemaVideoInternational\/","https:\/\/www.instagram.com\/cinemaevideointernational\/","https:\/\/it.linkedin.com\/company\/cinema-video-international"],"description":"Media Consulting & Marketing Agency","email":"hello@darostudio.com","legalName":"DARO studio LLC","foundingDate":"2021-02-16","numberOfEmployees":{"@type":"QuantitativeValue","minValue":"1","maxValue":"10"}},{"@type":"Person","@id":"https:\/\/cinema.video\/it#\/schema\/person\/aeb01b91d874e8b01e76a1db04c668c6","name":"Redazione","image":{"@type":"ImageObject","inLanguage":"it-IT","@id":"https:\/\/secure.gravatar.com\/avatar\/06ad6f92eb14745b75fb592cadf8139d33242d81c9c8b085133c450aaf0b9731?s=96&d=mm&r=g","url":"https:\/\/secure.gravatar.com\/avatar\/06ad6f92eb14745b75fb592cadf8139d33242d81c9c8b085133c450aaf0b9731?s=96&d=mm&r=g","contentUrl":"https:\/\/secure.gravatar.com\/avatar\/06ad6f92eb14745b75fb592cadf8139d33242d81c9c8b085133c450aaf0b9731?s=96&d=mm&r=g","caption":"Redazione"},"url":"https:\/\/cinema.video\/it\/author\/redazione"}]}},"jetpack_featured_media_url":"https:\/\/cinema.video\/wp-content\/uploads\/2025\/07\/Unknown-e1752483175842.jpg","jetpack_shortlink":"https:\/\/wp.me\/ph672m-1g4s","_links":{"self":[{"href":"https:\/\/cinema.video\/it\/wp-json\/wp\/v2\/posts\/300108","targetHints":{"allow":["GET"]}}],"collection":[{"href":"https:\/\/cinema.video\/it\/wp-json\/wp\/v2\/posts"}],"about":[{"href":"https:\/\/cinema.video\/it\/wp-json\/wp\/v2\/types\/post"}],"author":[{"embeddable":true,"href":"https:\/\/cinema.video\/it\/wp-json\/wp\/v2\/users\/26"}],"replies":[{"embeddable":true,"href":"https:\/\/cinema.video\/it\/wp-json\/wp\/v2\/comments?post=300108"}],"version-history":[{"count":1,"href":"https:\/\/cinema.video\/it\/wp-json\/wp\/v2\/posts\/300108\/revisions"}],"predecessor-version":[{"id":309695,"href":"https:\/\/cinema.video\/it\/wp-json\/wp\/v2\/posts\/300108\/revisions\/309695"}],"wp:featuredmedia":[{"embeddable":true,"href":"https:\/\/cinema.video\/it\/wp-json\/wp\/v2\/media\/300109"}],"wp:attachment":[{"href":"https:\/\/cinema.video\/it\/wp-json\/wp\/v2\/media?parent=300108"}],"wp:term":[{"taxonomy":"category","embeddable":true,"href":"https:\/\/cinema.video\/it\/wp-json\/wp\/v2\/categories?post=300108"},{"taxonomy":"post_tag","embeddable":true,"href":"https:\/\/cinema.video\/it\/wp-json\/wp\/v2\/tags?post=300108"}],"curies":[{"name":"wp","href":"https:\/\/api.w.org\/{rel}","templated":true}]}}