{"id":300032,"date":"2025-07-02T10:50:38","date_gmt":"2025-07-02T08:50:38","guid":{"rendered":"https:\/\/cinema.video\/?p=300032"},"modified":"2026-04-10T04:09:35","modified_gmt":"2026-04-10T02:09:35","slug":"del-brocco-10-mln-per-la-campagna-oscar","status":"publish","type":"post","link":"https:\/\/cinema.video\/it\/del-brocco-10-mln-per-la-campagna-oscar","title":{"rendered":"La proposta di Del Brocco 10 mln per la campagna Oscar"},"content":{"rendered":"\n<p class=\"wp-block-paragraph\">10 milioni di euro da mettere a disposizione di una campagna Oscar che porti ogni anno un film italiano in cinquina: \u00e8 l\u2019idea lanciata da <strong>Paolo Del Brocco<\/strong>, amministratore delegato di<strong> Rai Cinema<\/strong> dal palco di <strong>Cin\u00e9<\/strong>, dove \u00e8 intervenuto all\u2019interno del convegno organizzato da Box Office, <strong><em>Produzione italiana e nuovi linguaggi narrativi<\/em><\/strong> che ha aperto la manifestazione<\/p>\n\n\n\n<p class=\"wp-block-paragraph\">Una somma che mette assieme risorse di aziende pubbliche e private e del Ministero della Cultura: \u201cFacendo le ultime due campagne, ho visto quanto conta per entrare in cinquina una campagna ben fatta, come \u00e8 stata ad esempio quella realizzata da MUBI per il film danese <em>The Girl with the Needle<\/em>. Il film di Paolo (Sorrentino, n.d.r.) ha dimostrato che vincere un Oscar crea un interesse enorme per il cinema italiano, e andare tutti gli anni in cinquina \u00e8 cosa che gioverebbe a tutto il sistema.\u201d<\/p>\n\n\n\n<p class=\"wp-block-paragraph\">La proposta di Del Brocco seguiva&nbsp; il ragionamento di <strong>Annamaria Morelli <\/strong>di <strong>The Apartment, <\/strong>CEO di&nbsp; <strong>The Apartment<\/strong>, per cui \u201c \u00e8 necessario far riappassionare le persone al cinema, lavorare sulle diverse comunit\u00e0. Un po\u2019 come \u00e8 accaduto con il tennis di cui per lungo tempo nessuno parlava gi\u00e0 mentre ora non si fa altro\u201d<\/p>\n\n\n\n<p class=\"wp-block-paragraph\">\u201cUna&nbsp; passione che per\u00f2 si riconquista con i vari Sinner i Mosetti Berrettini\u201d sottolinea scherzosamente <strong>Giampaolo Letta<\/strong>, vicepresidente e AD di <strong>Medusa <\/strong>proseguendo la metafora tennistica. Legando la questione qualit\u00e0 al fattore tempo, e al coraggio, perch\u00e9 : \u201c Alla pigrizia dello spettatore corrisponde quello dei produttori di sedersi un po\u2019 su certi meccanismi, cast storie. Quindi bisogna iniziare a dire anche dei no a produttori e autori, avendo il coraggio di rischiare e eventualmente cambiare strada.&nbsp;<\/p>\n\n\n\n<p class=\"wp-block-paragraph\">E di pretendere da loro quel controllo totale che \u00e8 ci\u00f2 che possiedono i veri autori, contrariamente a quello che si \u00e8 portati a pensare. Lo sostiene la sceneggiatrice <strong>Isabella Aguilar<\/strong>: \u201cIn Italia c\u2019\u00e8 questa convinzione radicata e erronea per cui \u201cl\u2019autore\u201d non fa cinema per il grande pubblico, ed \u00e8 una sorta di genio psicotico, improvvisamente&nbsp; investito da un\u2019idea che lo porta a creare senza sapere neanche bene come.\u201d&nbsp;<\/p>\n\n\n\n<p class=\"wp-block-paragraph\">Tutto il contrario. \u201cUn autore \u00e8 colui che ha il controllo dei mezzi con cui raggiungere il proprio pubblico o i propri pubblici, perch\u00e9 il pubblico non \u00e8 una massa indistinta&nbsp; ma un insieme di nicchie che a volte si intersecano\u2026 e\u201d a volte convivono anche nella stessa persona!\u201d<\/p>\n\n\n\n<p class=\"wp-block-paragraph\">Lo stesso controllo deve avvenire sul lato della comunicazione del film, della distribuzione:<\/p>\n\n\n\n<p class=\"wp-block-paragraph\">\u201cSono d\u2019accordo con la cura e l\u2019investimento sul tempo di cui parla Giampaolo, e anche se questo dal punto di vista dei produttori indipendenti comporta un problema di competitivit\u00e0, perch\u00e9 il tempo costa, questo fa parte del nostro rischio. &#8211; dice <strong>Marta Donzelli<\/strong>, produttrice&nbsp; di <strong>Vivo Film<\/strong>. &#8211; Qui per\u00f2 vorrei spezzare una lancia contro la convinzione che il cinema italiano non rischia pi\u00f9: Noi per primi lo facciamo, ma \u00e8 chiaro che rischiare \u00e8 pi\u00f9 semplice se ci sono le condizioni di mercato per pensare di poter recuperare il rischio ad esempio avere un distributore a monte.\u201d<\/p>\n\n\n\n<p class=\"wp-block-paragraph\">Per questo Donzelli \u00e8 convita della bont\u00e0 del nuovo tax credit produzione, laddove prevede la necessit\u00e0 di avere distributore a monte \u201cper quanto difficile, \u00e8&nbsp; importante per vincere la sfida di investire sui giovani talenti permettendogli di fare il secondo e il terzo film. Parte del problema, infatti sono quei 149 film che escono in meno di 50 sale: se fossero un terzo avrebbero&nbsp; la possibilit\u00e0 di giocare una partita che invece \u00e8 impedita da sovraffollamento.\u201d Letta concorda che il&nbsp; rapporto vincolante con distributore sia importante per \u201cbonificare il contesto\u201d. E sottolinea anche l\u2019importanza del tax credit distribuzione, che \u00e8 \u201cfondamentale per assicurare la giusta spinta di comunicazione al film\u201d. E che, aggiunge Del Brocco: \u201c\u00e8 strumento che ha solo l\u2019Italia,&nbsp; una cosa stramba perch\u00e9 sembra che vada solo al distributore, invece va al produttore.\u201d<\/p>\n","protected":false},"excerpt":{"rendered":"<p>La proposta lanciata all&#8217;interno del convegno &#8220;Produzione italiana e nuovi linguaggi narrativi&#8221; che ha aperto Cin\u00e8 il 1\u00b0 luglio, organizzato da Box Office<\/p>\n","protected":false},"author":2,"featured_media":300037,"comment_status":"closed","ping_status":"closed","sticky":false,"template":"","format":"standard","meta":{"googlesitekit_rrm_CAow3e7fCw:productID":"","_crdt_document":"","footnotes":""},"categories":[1],"tags":[356,433],"class_list":{"0":"post-300032","1":"post","2":"type-post","3":"status-publish","4":"format-standard","5":"has-post-thumbnail","7":"category-senza-categoria","8":"tag-focus","9":"tag-rai"},"yoast_head":"<!-- This site is optimized with the Yoast SEO Premium plugin v27.4 (Yoast SEO v27.5) - https:\/\/yoast.com\/product\/yoast-seo-premium-wordpress\/ -->\n<title>La proposta di Del Brocco 10 mln per la campagna Oscar - Cinema &amp; Video International<\/title>\n<meta name=\"description\" content=\"La proposta di Del Brocco 10 mln per la campagna Oscar \u2013 la proposta di del brocco 10. 10 milioni di euro da mettere a disposizione di una campagna Oscar\" \/>\n<meta name=\"robots\" content=\"index, follow, max-snippet:-1, max-image-preview:large, max-video-preview:-1\" \/>\n<link rel=\"canonical\" href=\"https:\/\/cinema.video\/it\/del-brocco-10-mln-per-la-campagna-oscar\" \/>\n<meta property=\"og:locale\" content=\"it_IT\" \/>\n<meta property=\"og:type\" content=\"article\" \/>\n<meta property=\"og:title\" content=\"La proposta di Del Brocco 10 mln per la campagna Oscar\" \/>\n<meta property=\"og:description\" content=\"La proposta di Del Brocco 10 mln per la campagna Oscar \u2013 la proposta di del brocco 10. 10 milioni di euro da mettere a disposizione di una campagna Oscar\" \/>\n<meta property=\"og:url\" content=\"https:\/\/cinema.video\/it\/del-brocco-10-mln-per-la-campagna-oscar\" \/>\n<meta property=\"og:site_name\" content=\"Cinema &amp; Video International\" \/>\n<meta property=\"article:publisher\" content=\"https:\/\/www.facebook.com\/CinemaVideoInternational\/\" \/>\n<meta property=\"article:published_time\" content=\"2025-07-02T08:50:38+00:00\" \/>\n<meta property=\"article:modified_time\" content=\"2026-04-10T02:09:35+00:00\" \/>\n<meta property=\"og:image\" content=\"https:\/\/cinema.video\/wp-content\/uploads\/2025\/07\/panel-box-office-scaled-e1751446167264.jpg\" \/>\n\t<meta property=\"og:image:width\" content=\"800\" \/>\n\t<meta property=\"og:image:height\" content=\"450\" \/>\n\t<meta property=\"og:image:type\" content=\"image\/jpeg\" \/>\n<meta name=\"author\" content=\"Carolina Mancini\" \/>\n<meta name=\"twitter:card\" content=\"summary_large_image\" \/>\n<meta name=\"twitter:label1\" content=\"Scritto da\" \/>\n\t<meta name=\"twitter:data1\" content=\"Carolina Mancini\" \/>\n\t<meta name=\"twitter:label2\" content=\"Tempo di lettura stimato\" \/>\n\t<meta name=\"twitter:data2\" content=\"4 minuti\" \/>\n<script type=\"application\/ld+json\" class=\"yoast-schema-graph\">{\"@context\":\"https:\\\/\\\/schema.org\",\"@graph\":[{\"@type\":\"Article\",\"@id\":\"https:\\\/\\\/cinema.video\\\/it\\\/del-brocco-10-mln-per-la-campagna-oscar#article\",\"isPartOf\":{\"@id\":\"https:\\\/\\\/cinema.video\\\/it\\\/del-brocco-10-mln-per-la-campagna-oscar\"},\"author\":{\"name\":\"Carolina Mancini\",\"@id\":\"https:\\\/\\\/cinema.video\\\/it#\\\/schema\\\/person\\\/d5479fad8d0f2360000eb4aab6bb6e5d\"},\"headline\":\"La proposta di Del Brocco 10 mln per la campagna Oscar\",\"datePublished\":\"2025-07-02T08:50:38+00:00\",\"dateModified\":\"2026-04-10T02:09:35+00:00\",\"mainEntityOfPage\":{\"@id\":\"https:\\\/\\\/cinema.video\\\/it\\\/del-brocco-10-mln-per-la-campagna-oscar\"},\"wordCount\":649,\"publisher\":{\"@id\":\"https:\\\/\\\/cinema.video\\\/it#organization\"},\"image\":{\"@id\":\"https:\\\/\\\/cinema.video\\\/it\\\/del-brocco-10-mln-per-la-campagna-oscar#primaryimage\"},\"thumbnailUrl\":\"https:\\\/\\\/cinema.video\\\/wp-content\\\/uploads\\\/2025\\\/07\\\/panel-box-office-scaled-e1751446167264.jpg\",\"keywords\":[\"focus\",\"RAI\"],\"inLanguage\":\"it-IT\"},{\"@type\":\"WebPage\",\"@id\":\"https:\\\/\\\/cinema.video\\\/it\\\/del-brocco-10-mln-per-la-campagna-oscar\",\"url\":\"https:\\\/\\\/cinema.video\\\/it\\\/del-brocco-10-mln-per-la-campagna-oscar\",\"name\":\"La proposta di Del Brocco 10 mln per la campagna Oscar - Cinema &amp; Video International\",\"isPartOf\":{\"@id\":\"https:\\\/\\\/cinema.video\\\/it#website\"},\"primaryImageOfPage\":{\"@id\":\"https:\\\/\\\/cinema.video\\\/it\\\/del-brocco-10-mln-per-la-campagna-oscar#primaryimage\"},\"image\":{\"@id\":\"https:\\\/\\\/cinema.video\\\/it\\\/del-brocco-10-mln-per-la-campagna-oscar#primaryimage\"},\"thumbnailUrl\":\"https:\\\/\\\/cinema.video\\\/wp-content\\\/uploads\\\/2025\\\/07\\\/panel-box-office-scaled-e1751446167264.jpg\",\"datePublished\":\"2025-07-02T08:50:38+00:00\",\"dateModified\":\"2026-04-10T02:09:35+00:00\",\"description\":\"La proposta di Del Brocco 10 mln per la campagna Oscar \u2013 la proposta di del brocco 10. 10 milioni di euro da mettere a disposizione di una campagna Oscar\",\"breadcrumb\":{\"@id\":\"https:\\\/\\\/cinema.video\\\/it\\\/del-brocco-10-mln-per-la-campagna-oscar#breadcrumb\"},\"inLanguage\":\"it-IT\",\"potentialAction\":[{\"@type\":\"ReadAction\",\"target\":[\"https:\\\/\\\/cinema.video\\\/it\\\/del-brocco-10-mln-per-la-campagna-oscar\"]}]},{\"@type\":\"ImageObject\",\"inLanguage\":\"it-IT\",\"@id\":\"https:\\\/\\\/cinema.video\\\/it\\\/del-brocco-10-mln-per-la-campagna-oscar#primaryimage\",\"url\":\"https:\\\/\\\/cinema.video\\\/wp-content\\\/uploads\\\/2025\\\/07\\\/panel-box-office-scaled-e1751446167264.jpg\",\"contentUrl\":\"https:\\\/\\\/cinema.video\\\/wp-content\\\/uploads\\\/2025\\\/07\\\/panel-box-office-scaled-e1751446167264.jpg\",\"width\":800,\"height\":450,\"caption\":\"Dal palco di Cin\u00e9, Paolo Del Brocco, AD di Rai Cinema lancia la proposta di un fondo- campagna Oscar per sostenere il cinema italiano\"},{\"@type\":\"BreadcrumbList\",\"@id\":\"https:\\\/\\\/cinema.video\\\/it\\\/del-brocco-10-mln-per-la-campagna-oscar#breadcrumb\",\"itemListElement\":[{\"@type\":\"ListItem\",\"position\":1,\"name\":\"Home\",\"item\":\"https:\\\/\\\/cinema.video\\\/it\\\/home-2\"},{\"@type\":\"ListItem\",\"position\":2,\"name\":\"La proposta di Del Brocco 10 mln per la campagna Oscar\"}]},{\"@type\":\"WebSite\",\"@id\":\"https:\\\/\\\/cinema.video\\\/it#website\",\"url\":\"https:\\\/\\\/cinema.video\\\/it\",\"name\":\"Cinema & Video International\",\"description\":\"Film &amp; Audiovisual Industry Trade Magazine\",\"publisher\":{\"@id\":\"https:\\\/\\\/cinema.video\\\/it#organization\"},\"alternateName\":\"Cinema & Video\",\"potentialAction\":[{\"@type\":\"SearchAction\",\"target\":{\"@type\":\"EntryPoint\",\"urlTemplate\":\"https:\\\/\\\/cinema.video\\\/it?s={search_term_string}\"},\"query-input\":{\"@type\":\"PropertyValueSpecification\",\"valueRequired\":true,\"valueName\":\"search_term_string\"}}],\"inLanguage\":\"it-IT\"},{\"@type\":\"Organization\",\"@id\":\"https:\\\/\\\/cinema.video\\\/it#organization\",\"name\":\"Cinema & Video\",\"url\":\"https:\\\/\\\/cinema.video\\\/it\",\"logo\":{\"@type\":\"ImageObject\",\"inLanguage\":\"it-IT\",\"@id\":\"https:\\\/\\\/cinema.video\\\/it#\\\/schema\\\/logo\\\/image\\\/\",\"url\":\"https:\\\/\\\/cinema.video\\\/wp-content\\\/uploads\\\/2026\\\/04\\\/CinemVideo_LogoBlack.png\",\"contentUrl\":\"https:\\\/\\\/cinema.video\\\/wp-content\\\/uploads\\\/2026\\\/04\\\/CinemVideo_LogoBlack.png\",\"width\":1336,\"height\":224,\"caption\":\"Cinema & Video\"},\"image\":{\"@id\":\"https:\\\/\\\/cinema.video\\\/it#\\\/schema\\\/logo\\\/image\\\/\"},\"sameAs\":[\"https:\\\/\\\/www.facebook.com\\\/CinemaVideoInternational\\\/\",\"https:\\\/\\\/www.instagram.com\\\/cinemaevideointernational\\\/\",\"https:\\\/\\\/it.linkedin.com\\\/company\\\/cinema-video-international\"],\"description\":\"Media Consulting & Marketing Agency\",\"email\":\"hello@darostudio.com\",\"legalName\":\"DARO studio LLC\",\"foundingDate\":\"2021-02-16\",\"numberOfEmployees\":{\"@type\":\"QuantitativeValue\",\"minValue\":\"1\",\"maxValue\":\"10\"}},{\"@type\":\"Person\",\"@id\":\"https:\\\/\\\/cinema.video\\\/it#\\\/schema\\\/person\\\/d5479fad8d0f2360000eb4aab6bb6e5d\",\"name\":\"Carolina Mancini\",\"image\":{\"@type\":\"ImageObject\",\"inLanguage\":\"it-IT\",\"@id\":\"https:\\\/\\\/secure.gravatar.com\\\/avatar\\\/d4758965c5e8730dbaaa7131a628547771a26c1e5bf14fe323d96f8246a62baf?s=96&d=mm&r=g\",\"url\":\"https:\\\/\\\/secure.gravatar.com\\\/avatar\\\/d4758965c5e8730dbaaa7131a628547771a26c1e5bf14fe323d96f8246a62baf?s=96&d=mm&r=g\",\"contentUrl\":\"https:\\\/\\\/secure.gravatar.com\\\/avatar\\\/d4758965c5e8730dbaaa7131a628547771a26c1e5bf14fe323d96f8246a62baf?s=96&d=mm&r=g\",\"caption\":\"Carolina Mancini\"},\"url\":\"https:\\\/\\\/cinema.video\\\/it\\\/author\\\/carolin\"}]}<\/script>\n<!-- \/ Yoast SEO Premium plugin. -->","yoast_head_json":{"title":"La proposta di Del Brocco 10 mln per la campagna Oscar - Cinema &amp; Video International","description":"La proposta di Del Brocco 10 mln per la campagna Oscar \u2013 la proposta di del brocco 10. 10 milioni di euro da mettere a disposizione di una campagna Oscar","robots":{"index":"index","follow":"follow","max-snippet":"max-snippet:-1","max-image-preview":"max-image-preview:large","max-video-preview":"max-video-preview:-1"},"canonical":"https:\/\/cinema.video\/it\/del-brocco-10-mln-per-la-campagna-oscar","og_locale":"it_IT","og_type":"article","og_title":"La proposta di Del Brocco 10 mln per la campagna Oscar","og_description":"La proposta di Del Brocco 10 mln per la campagna Oscar \u2013 la proposta di del brocco 10. 10 milioni di euro da mettere a disposizione di una campagna Oscar","og_url":"https:\/\/cinema.video\/it\/del-brocco-10-mln-per-la-campagna-oscar","og_site_name":"Cinema &amp; Video International","article_publisher":"https:\/\/www.facebook.com\/CinemaVideoInternational\/","article_published_time":"2025-07-02T08:50:38+00:00","article_modified_time":"2026-04-10T02:09:35+00:00","og_image":[{"width":800,"height":450,"url":"https:\/\/cinema.video\/wp-content\/uploads\/2025\/07\/panel-box-office-scaled-e1751446167264.jpg","type":"image\/jpeg"}],"author":"Carolina Mancini","twitter_card":"summary_large_image","twitter_misc":{"Scritto da":"Carolina Mancini","Tempo di lettura stimato":"4 minuti"},"schema":{"@context":"https:\/\/schema.org","@graph":[{"@type":"Article","@id":"https:\/\/cinema.video\/it\/del-brocco-10-mln-per-la-campagna-oscar#article","isPartOf":{"@id":"https:\/\/cinema.video\/it\/del-brocco-10-mln-per-la-campagna-oscar"},"author":{"name":"Carolina Mancini","@id":"https:\/\/cinema.video\/it#\/schema\/person\/d5479fad8d0f2360000eb4aab6bb6e5d"},"headline":"La proposta di Del Brocco 10 mln per la campagna Oscar","datePublished":"2025-07-02T08:50:38+00:00","dateModified":"2026-04-10T02:09:35+00:00","mainEntityOfPage":{"@id":"https:\/\/cinema.video\/it\/del-brocco-10-mln-per-la-campagna-oscar"},"wordCount":649,"publisher":{"@id":"https:\/\/cinema.video\/it#organization"},"image":{"@id":"https:\/\/cinema.video\/it\/del-brocco-10-mln-per-la-campagna-oscar#primaryimage"},"thumbnailUrl":"https:\/\/cinema.video\/wp-content\/uploads\/2025\/07\/panel-box-office-scaled-e1751446167264.jpg","keywords":["focus","RAI"],"inLanguage":"it-IT"},{"@type":"WebPage","@id":"https:\/\/cinema.video\/it\/del-brocco-10-mln-per-la-campagna-oscar","url":"https:\/\/cinema.video\/it\/del-brocco-10-mln-per-la-campagna-oscar","name":"La proposta di Del Brocco 10 mln per la campagna Oscar - Cinema &amp; Video International","isPartOf":{"@id":"https:\/\/cinema.video\/it#website"},"primaryImageOfPage":{"@id":"https:\/\/cinema.video\/it\/del-brocco-10-mln-per-la-campagna-oscar#primaryimage"},"image":{"@id":"https:\/\/cinema.video\/it\/del-brocco-10-mln-per-la-campagna-oscar#primaryimage"},"thumbnailUrl":"https:\/\/cinema.video\/wp-content\/uploads\/2025\/07\/panel-box-office-scaled-e1751446167264.jpg","datePublished":"2025-07-02T08:50:38+00:00","dateModified":"2026-04-10T02:09:35+00:00","description":"La proposta di Del Brocco 10 mln per la campagna Oscar \u2013 la proposta di del brocco 10. 10 milioni di euro da mettere a disposizione di una campagna Oscar","breadcrumb":{"@id":"https:\/\/cinema.video\/it\/del-brocco-10-mln-per-la-campagna-oscar#breadcrumb"},"inLanguage":"it-IT","potentialAction":[{"@type":"ReadAction","target":["https:\/\/cinema.video\/it\/del-brocco-10-mln-per-la-campagna-oscar"]}]},{"@type":"ImageObject","inLanguage":"it-IT","@id":"https:\/\/cinema.video\/it\/del-brocco-10-mln-per-la-campagna-oscar#primaryimage","url":"https:\/\/cinema.video\/wp-content\/uploads\/2025\/07\/panel-box-office-scaled-e1751446167264.jpg","contentUrl":"https:\/\/cinema.video\/wp-content\/uploads\/2025\/07\/panel-box-office-scaled-e1751446167264.jpg","width":800,"height":450,"caption":"Dal palco di Cin\u00e9, Paolo Del Brocco, AD di Rai Cinema lancia la proposta di un fondo- campagna Oscar per sostenere il cinema italiano"},{"@type":"BreadcrumbList","@id":"https:\/\/cinema.video\/it\/del-brocco-10-mln-per-la-campagna-oscar#breadcrumb","itemListElement":[{"@type":"ListItem","position":1,"name":"Home","item":"https:\/\/cinema.video\/it\/home-2"},{"@type":"ListItem","position":2,"name":"La proposta di Del Brocco 10 mln per la campagna Oscar"}]},{"@type":"WebSite","@id":"https:\/\/cinema.video\/it#website","url":"https:\/\/cinema.video\/it","name":"Cinema & Video International","description":"Film &amp; Audiovisual Industry Trade Magazine","publisher":{"@id":"https:\/\/cinema.video\/it#organization"},"alternateName":"Cinema & Video","potentialAction":[{"@type":"SearchAction","target":{"@type":"EntryPoint","urlTemplate":"https:\/\/cinema.video\/it?s={search_term_string}"},"query-input":{"@type":"PropertyValueSpecification","valueRequired":true,"valueName":"search_term_string"}}],"inLanguage":"it-IT"},{"@type":"Organization","@id":"https:\/\/cinema.video\/it#organization","name":"Cinema & Video","url":"https:\/\/cinema.video\/it","logo":{"@type":"ImageObject","inLanguage":"it-IT","@id":"https:\/\/cinema.video\/it#\/schema\/logo\/image\/","url":"https:\/\/cinema.video\/wp-content\/uploads\/2026\/04\/CinemVideo_LogoBlack.png","contentUrl":"https:\/\/cinema.video\/wp-content\/uploads\/2026\/04\/CinemVideo_LogoBlack.png","width":1336,"height":224,"caption":"Cinema & Video"},"image":{"@id":"https:\/\/cinema.video\/it#\/schema\/logo\/image\/"},"sameAs":["https:\/\/www.facebook.com\/CinemaVideoInternational\/","https:\/\/www.instagram.com\/cinemaevideointernational\/","https:\/\/it.linkedin.com\/company\/cinema-video-international"],"description":"Media Consulting & Marketing Agency","email":"hello@darostudio.com","legalName":"DARO studio LLC","foundingDate":"2021-02-16","numberOfEmployees":{"@type":"QuantitativeValue","minValue":"1","maxValue":"10"}},{"@type":"Person","@id":"https:\/\/cinema.video\/it#\/schema\/person\/d5479fad8d0f2360000eb4aab6bb6e5d","name":"Carolina Mancini","image":{"@type":"ImageObject","inLanguage":"it-IT","@id":"https:\/\/secure.gravatar.com\/avatar\/d4758965c5e8730dbaaa7131a628547771a26c1e5bf14fe323d96f8246a62baf?s=96&d=mm&r=g","url":"https:\/\/secure.gravatar.com\/avatar\/d4758965c5e8730dbaaa7131a628547771a26c1e5bf14fe323d96f8246a62baf?s=96&d=mm&r=g","contentUrl":"https:\/\/secure.gravatar.com\/avatar\/d4758965c5e8730dbaaa7131a628547771a26c1e5bf14fe323d96f8246a62baf?s=96&d=mm&r=g","caption":"Carolina Mancini"},"url":"https:\/\/cinema.video\/it\/author\/carolin"}]}},"jetpack_featured_media_url":"https:\/\/cinema.video\/wp-content\/uploads\/2025\/07\/panel-box-office-scaled-e1751446167264.jpg","jetpack_shortlink":"https:\/\/wp.me\/ph672m-1g3e","_links":{"self":[{"href":"https:\/\/cinema.video\/it\/wp-json\/wp\/v2\/posts\/300032","targetHints":{"allow":["GET"]}}],"collection":[{"href":"https:\/\/cinema.video\/it\/wp-json\/wp\/v2\/posts"}],"about":[{"href":"https:\/\/cinema.video\/it\/wp-json\/wp\/v2\/types\/post"}],"author":[{"embeddable":true,"href":"https:\/\/cinema.video\/it\/wp-json\/wp\/v2\/users\/2"}],"replies":[{"embeddable":true,"href":"https:\/\/cinema.video\/it\/wp-json\/wp\/v2\/comments?post=300032"}],"version-history":[{"count":1,"href":"https:\/\/cinema.video\/it\/wp-json\/wp\/v2\/posts\/300032\/revisions"}],"predecessor-version":[{"id":309686,"href":"https:\/\/cinema.video\/it\/wp-json\/wp\/v2\/posts\/300032\/revisions\/309686"}],"wp:featuredmedia":[{"embeddable":true,"href":"https:\/\/cinema.video\/it\/wp-json\/wp\/v2\/media\/300037"}],"wp:attachment":[{"href":"https:\/\/cinema.video\/it\/wp-json\/wp\/v2\/media?parent=300032"}],"wp:term":[{"taxonomy":"category","embeddable":true,"href":"https:\/\/cinema.video\/it\/wp-json\/wp\/v2\/categories?post=300032"},{"taxonomy":"post_tag","embeddable":true,"href":"https:\/\/cinema.video\/it\/wp-json\/wp\/v2\/tags?post=300032"}],"curies":[{"name":"wp","href":"https:\/\/api.w.org\/{rel}","templated":true}]}}