{"id":299989,"date":"2025-06-30T15:58:00","date_gmt":"2025-06-30T13:58:00","guid":{"rendered":"https:\/\/cinema.video\/?p=299989"},"modified":"2026-04-10T04:09:33","modified_gmt":"2026-04-10T02:09:33","slug":"idm-10-opere-finanziate-con-la-2-call","status":"publish","type":"post","link":"https:\/\/cinema.video\/it\/idm-10-opere-finanziate-con-la-2-call","title":{"rendered":"IDM 10 opere finanziate con la 2\u00b0 call. Crescono i corti in animazione"},"content":{"rendered":"\n<p class=\"wp-block-paragraph\">Albania, Austria, Germania, Polonia, Svizzera, Spagna, Francia e addirittura Nepal: sono questi i paesi di produzione delle opere che sono state finanziate dalla 2\u00b0 call del fondo di <strong>IDM Film Commission S\u00fcdtirol.<\/strong><\/p>\n\n\n\n<p class=\"wp-block-paragraph\">La produzione nepalese (<strong>Underground Talkies Nepal<\/strong>) \u2019arriva\u2019 in Alto Adige grazie a un corto sviluppato durante la 1\u00b0 edizione di<strong> MASO, <\/strong>lo <strong>Short Film Training Programme <\/strong>ideato da IDM Film Commission S\u00fcdtirol, dal Bolzano Film Festival Bozen e dagli Uffici Cultura della Provincia Autonoma di Bolzano.<br>Il titolo provvisorio del corto \u00e8 <strong><em>The Freezer<\/em><\/strong>, scritto e diretto da <strong>Suraj Paudel<\/strong>, una dark comedy che racconta la storia bizzarra di un congelatore che viene portato in un remoto villaggio nepalese, e accolto dagli abitanti come una soluzione divina per conservare i corpi dei defunti fino alla cremazione, assicurando loro un passaggio per il Paradiso. Produzione: (Lalitpur, Nepal).&nbsp; Finanziato in fase di produzione anche un altro corto sviluppato nell\u2019ambito della prima edizione di MASO, <strong><em>I\u2019m Not Nearly Cool Yet<\/em><\/strong> (titolo provvisorio) scritto e diretto da <strong>Anastazja Naumenko, <\/strong>che racconta &#8211; attraverso il linguaggio dell\u2019animazione &#8211; il percorso di formazione e rinascita di Ania, un&#8217;adolescente che vive in una citt\u00e0 ucraina negli anni &#8217;90 in lotta per la sua libert\u00e0, tra amore e desiderio. E\u2019 prodotto dalla <strong>Blurred<\/strong>&nbsp; di Varsavia.<\/p>\n\n\n\n<p class=\"wp-block-paragraph\">Gli altri tre cortometraggi di cui \u00e8 stata sostenuta la produzione arrivano dall\u2019Italia. Sono <strong><em>Ciao, ciao aus Tokio<\/em><\/strong> (titolo provvisorio), scritto e diretto dall\u2019altoatesino <strong>Martin Telser <\/strong>sull\u2019unico ristorante altoatesino in Giappone; <strong><em>IA School Day<\/em><\/strong> (titolo provvisorio) corto di animazione scritto e diretto da <strong>Roberto Romano <\/strong>che ha per protagonisti Evangeline, una giovane insegnante timida e sensibile e sensibile, e Luca, un bambino di otto anni con l\u2019autismo. E\u2019 prodotto dalla <strong>Fantasmagorie Studio<\/strong> di Roma. Infine, <strong><em>Questo corpo<\/em><\/strong> (titolo provvisorio) scritto e diretto da <strong>Martina Melilli<\/strong>, racconta di una donna che, come lavoro, prepara le salme prima del loro ultimo saluto. Per farlo, cerca di stabilire un legame con i defunti raccogliendo tracce della loro vita attraverso la loro casa e i loro oggetti pi\u00f9 cari. E\u2019 una co-produzione fra la <strong>Jump Cut<\/strong> di Trento e la <strong>Careof <\/strong>di Milano.<\/p>\n\n\n\n<p class=\"wp-block-paragraph\">3 i lungometraggi finanziati in fase di produzione. Due sono firmati da registe altoatesine, <strong>Nancy Camaldo<\/strong>, e <strong>Veronika Kaserer. <\/strong>La prima dirige il mistery thriller <strong><em>Wolf<\/em><\/strong> (titolo provvisorio) prodotto dalla <strong>Elfenholz Film <\/strong>di Monaco, ambientato in un piccolo villaggio di montagna e che sar\u00e0 girato tra la Valle Isarco, la Val Pusteria, Termeno sulla Strada del Vino e Chiusa. La protagonista della storia \u00e8 Tilda, che uccide illegalmente un lupo che ha ucciso un raro cervo bianco, andando contro gli ideali del sindaco che si batte per una coesistenza pacifica tra uomo e natura. Keserer ha scritto e dirige il documentario <strong><em>Schattenberge<\/em><\/strong> (titolo provvisorio), che racconta della prima scalata di una vetta di 7.000 metri ancora mai esplorata nel Pakistan settentrionale, in condizioni metereologiche imprevedibili, realizzata da due giovani alpinisti nell\u2019autunno del 2025. Prodotto dalla tedesca <strong>Beetz Brothers<\/strong> film production che ambienter\u00e0 le riprese altoatesine tra Naturno e Merano.<\/p>\n\n\n\n<p class=\"wp-block-paragraph\">Finanziata inoltre la produzione di <strong><em>Tania <\/em><\/strong>(titolo provvisorio) del regista e sceneggiatore tedesco <strong>Elmar Fischer<\/strong>, che firma il soggetto insieme con <strong>Thomas Brussig <\/strong>e <strong>J\u00f6rg Tensing<\/strong>. Un film che racconta i conflitti personali e politici attraverso le scelte di una giovane donna. Tamara Bunke, figlia di ebrei esuli in Argentina, durante una visita di Stato nel 1961 si appassiona agli obiettivi politici del rivoluzionario Che Guevara e rimane molto colpita dall\u2019incontro con il ventiseienne Ulises Estrada, carismatico comandante della squadra del Che. Il film, prodotto dalla tedesca <strong>near future films<\/strong> con la spagnola <strong>Sur-Film<\/strong>, sar\u00e0 girato in parte in Alto Adige tra la Valle Aurina, Gais e Brunico.<\/p>\n\n\n\n<p class=\"wp-block-paragraph\">Infine, due progetti sostenuti in fase di pre-produzione. <strong><em>K\u00f6nig der W\u00f6lfe<\/em><\/strong> (titolo provvisorio) \u00e8 un biopic del regista e produttore altoatesino <strong>Thomas Perathoner<\/strong> sulla vita di un uomo che, nonostante fosse un cacciatore di frodo gi\u00e0 da ragazzo, un giorno si avvicina alla fotografia e depone il fucile per iniziare a \u201ccatturare\u201d la sua preda senza ucciderla. Un gesto che ha cambiato la sua vita per sempre e gli ha permesso di studiare da vicino i grandi predatori come orsi e lupi, per comprenderli e proteggerli attraverso la sua arte. Il film \u00e8 sostenuto dalla casa di produzione <strong>movie.mento <\/strong>di Bolzano con la <strong>Orbrock Filmproduktion<\/strong> di Vienna.<\/p>\n\n\n\n<p class=\"wp-block-paragraph\"><strong><em>Me, You, and Gods<\/em><\/strong> (titolo provvisorio) sar\u00e0 il debutto al lungometraggio della documentarista, apprezzata a livello internazionale <strong>Francesca Scalisi<\/strong>, che scrive il trattamento insieme a Chiara Cremaschi. La protagonista del film \u00e8 dibattuta tra il dolore per la perdita inaspettata del fratello minore e l&#8217;imminente maternit\u00e0. Queste forze opposte della vita e della morte la spingono a mettere in discussione la propria esistenza. Il film \u00e8 prodotto dalla <strong>Articolture <\/strong>di Bologna con la Svizzera <strong>Dok Mobile<\/strong>, la francese <strong>Tomsa Films<\/strong> e l\u2019albanese <strong>Art Film.<\/strong><\/p>\n\n\n\n<p class=\"wp-block-paragraph\">La lavorazione delle 10 opere sostenutecoinvolger\u00e0 professionisti e aziende di servizi altoatesini sia durante la fase di lavorazione sui set che in post-produzione: si prevedono 26 giornate di lavorazione solo per i cortometraggi.<\/p>\n\n\n\n<p class=\"wp-block-paragraph\">47&nbsp; sono invece i giorni di riprese sul territorio.<\/p>\n","protected":false},"excerpt":{"rendered":"<p>Fra le 10 opere finanziate con la 2\u00b0 call del fondo di IDM Film Commission S\u00fcdtirol, anche 2 corti dello  Short Film Training Programme  MASO. Uno \u00e8 prodotto dal Nepal, l&#8217;altro \u00e8 in animazione. Gli altri 3 corti provengono dall&#8217;Italia, come <\/p>\n","protected":false},"author":26,"featured_media":300014,"comment_status":"closed","ping_status":"closed","sticky":false,"template":"","format":"standard","meta":{"googlesitekit_rrm_CAow3e7fCw:productID":"","_crdt_document":"","footnotes":""},"categories":[215,336,545],"tags":[2339,356,2335,1003,2338,2336],"class_list":{"0":"post-299989","1":"post","2":"type-post","3":"status-publish","4":"format-standard","5":"has-post-thumbnail","7":"category-film-commissions","8":"category-funding","9":"category-tax-incentives","10":"tag-film-commissions","11":"tag-focus","12":"tag-funding","13":"tag-idm-film-commission-suditirol","14":"tag-locations","15":"tag-tax-incentives"},"yoast_head":"<!-- This site is optimized with the Yoast SEO Premium plugin v27.4 (Yoast SEO v27.5) - https:\/\/yoast.com\/product\/yoast-seo-premium-wordpress\/ -->\n<title>IDM 10 opere finanziate con la 2\u00b0 call. Crescono i corti in animazione - Cinema &amp; Video International<\/title>\n<meta name=\"description\" content=\"IDM 10 opere finanziate con la 2\u00b0 call. Crescono i corti in animazione \u2013 idm 10 opere finanziate con la. Albania, Austria, Germania, Polonia, Svizzera, Sp\" \/>\n<meta name=\"robots\" content=\"index, follow, max-snippet:-1, max-image-preview:large, max-video-preview:-1\" \/>\n<link rel=\"canonical\" href=\"https:\/\/cinema.video\/it\/idm-10-opere-finanziate-con-la-2-call\" \/>\n<meta property=\"og:locale\" content=\"it_IT\" \/>\n<meta property=\"og:type\" content=\"article\" \/>\n<meta property=\"og:title\" content=\"IDM 10 opere finanziate con la 2\u00b0 call. Crescono i corti in animazione\" \/>\n<meta property=\"og:description\" content=\"IDM 10 opere finanziate con la 2\u00b0 call. Crescono i corti in animazione \u2013 idm 10 opere finanziate con la. Albania, Austria, Germania, Polonia, Svizzera, Sp\" \/>\n<meta property=\"og:url\" content=\"https:\/\/cinema.video\/it\/idm-10-opere-finanziate-con-la-2-call\" \/>\n<meta property=\"og:site_name\" content=\"Cinema &amp; Video International\" \/>\n<meta property=\"article:publisher\" content=\"https:\/\/www.facebook.com\/CinemaVideoInternational\/\" \/>\n<meta property=\"article:published_time\" content=\"2025-06-30T13:58:00+00:00\" \/>\n<meta property=\"article:modified_time\" content=\"2026-04-10T02:09:33+00:00\" \/>\n<meta property=\"og:image\" content=\"https:\/\/cinema.video\/wp-content\/uploads\/2025\/06\/Call-25-2-KF-014-Ciao-ciao-aus-Tokio_Project-Still.jpg\" \/>\n\t<meta property=\"og:image:width\" content=\"870\" \/>\n\t<meta property=\"og:image:height\" content=\"526\" \/>\n\t<meta property=\"og:image:type\" content=\"image\/jpeg\" \/>\n<meta name=\"author\" content=\"Redazione\" \/>\n<meta name=\"twitter:card\" content=\"summary_large_image\" \/>\n<meta name=\"twitter:label1\" content=\"Scritto da\" \/>\n\t<meta name=\"twitter:data1\" content=\"Redazione\" \/>\n\t<meta name=\"twitter:label2\" content=\"Tempo di lettura stimato\" \/>\n\t<meta name=\"twitter:data2\" content=\"5 minuti\" \/>\n<script type=\"application\/ld+json\" class=\"yoast-schema-graph\">{\"@context\":\"https:\\\/\\\/schema.org\",\"@graph\":[{\"@type\":\"Article\",\"@id\":\"https:\\\/\\\/cinema.video\\\/it\\\/idm-10-opere-finanziate-con-la-2-call#article\",\"isPartOf\":{\"@id\":\"https:\\\/\\\/cinema.video\\\/it\\\/idm-10-opere-finanziate-con-la-2-call\"},\"author\":{\"name\":\"Redazione\",\"@id\":\"https:\\\/\\\/cinema.video\\\/it#\\\/schema\\\/person\\\/aeb01b91d874e8b01e76a1db04c668c6\"},\"headline\":\"IDM 10 opere finanziate con la 2\u00b0 call. Crescono i corti in animazione\",\"datePublished\":\"2025-06-30T13:58:00+00:00\",\"dateModified\":\"2026-04-10T02:09:33+00:00\",\"mainEntityOfPage\":{\"@id\":\"https:\\\/\\\/cinema.video\\\/it\\\/idm-10-opere-finanziate-con-la-2-call\"},\"wordCount\":853,\"publisher\":{\"@id\":\"https:\\\/\\\/cinema.video\\\/it#organization\"},\"image\":{\"@id\":\"https:\\\/\\\/cinema.video\\\/it\\\/idm-10-opere-finanziate-con-la-2-call#primaryimage\"},\"thumbnailUrl\":\"https:\\\/\\\/cinema.video\\\/wp-content\\\/uploads\\\/2025\\\/06\\\/Call-25-2-KF-014-Ciao-ciao-aus-Tokio_Project-Still.jpg\",\"keywords\":[\"FILM COMMISSIONS\",\"focus\",\"FUNDING\",\"IDM FILM COMMISSION S\u00dcDTIROL\",\"LOCATIONS\",\"TAX INCENTIVES\"],\"articleSection\":[\"FILM COMMISSIONS\",\"FUNDING\",\"TAX INCENTIVES\"],\"inLanguage\":\"it-IT\"},{\"@type\":\"WebPage\",\"@id\":\"https:\\\/\\\/cinema.video\\\/it\\\/idm-10-opere-finanziate-con-la-2-call\",\"url\":\"https:\\\/\\\/cinema.video\\\/it\\\/idm-10-opere-finanziate-con-la-2-call\",\"name\":\"IDM 10 opere finanziate con la 2\u00b0 call. Crescono i corti in animazione - Cinema &amp; Video International\",\"isPartOf\":{\"@id\":\"https:\\\/\\\/cinema.video\\\/it#website\"},\"primaryImageOfPage\":{\"@id\":\"https:\\\/\\\/cinema.video\\\/it\\\/idm-10-opere-finanziate-con-la-2-call#primaryimage\"},\"image\":{\"@id\":\"https:\\\/\\\/cinema.video\\\/it\\\/idm-10-opere-finanziate-con-la-2-call#primaryimage\"},\"thumbnailUrl\":\"https:\\\/\\\/cinema.video\\\/wp-content\\\/uploads\\\/2025\\\/06\\\/Call-25-2-KF-014-Ciao-ciao-aus-Tokio_Project-Still.jpg\",\"datePublished\":\"2025-06-30T13:58:00+00:00\",\"dateModified\":\"2026-04-10T02:09:33+00:00\",\"description\":\"IDM 10 opere finanziate con la 2\u00b0 call. Crescono i corti in animazione \u2013 idm 10 opere finanziate con la. Albania, Austria, Germania, Polonia, Svizzera, Sp\",\"breadcrumb\":{\"@id\":\"https:\\\/\\\/cinema.video\\\/it\\\/idm-10-opere-finanziate-con-la-2-call#breadcrumb\"},\"inLanguage\":\"it-IT\",\"potentialAction\":[{\"@type\":\"ReadAction\",\"target\":[\"https:\\\/\\\/cinema.video\\\/it\\\/idm-10-opere-finanziate-con-la-2-call\"]}]},{\"@type\":\"ImageObject\",\"inLanguage\":\"it-IT\",\"@id\":\"https:\\\/\\\/cinema.video\\\/it\\\/idm-10-opere-finanziate-con-la-2-call#primaryimage\",\"url\":\"https:\\\/\\\/cinema.video\\\/wp-content\\\/uploads\\\/2025\\\/06\\\/Call-25-2-KF-014-Ciao-ciao-aus-Tokio_Project-Still.jpg\",\"contentUrl\":\"https:\\\/\\\/cinema.video\\\/wp-content\\\/uploads\\\/2025\\\/06\\\/Call-25-2-KF-014-Ciao-ciao-aus-Tokio_Project-Still.jpg\",\"width\":870,\"height\":526,\"caption\":\"Fra le 10 opere finanziate con la 2\u00b0 call del fondo di IDM Film Commission S\u00fcdtirol, anche 2 corti di MASO, uno prodotto dal Nepal\"},{\"@type\":\"BreadcrumbList\",\"@id\":\"https:\\\/\\\/cinema.video\\\/it\\\/idm-10-opere-finanziate-con-la-2-call#breadcrumb\",\"itemListElement\":[{\"@type\":\"ListItem\",\"position\":1,\"name\":\"Home\",\"item\":\"https:\\\/\\\/cinema.video\\\/it\\\/home-2\"},{\"@type\":\"ListItem\",\"position\":2,\"name\":\"IDM 10 opere finanziate con la 2\u00b0 call. Crescono i corti in animazione\"}]},{\"@type\":\"WebSite\",\"@id\":\"https:\\\/\\\/cinema.video\\\/it#website\",\"url\":\"https:\\\/\\\/cinema.video\\\/it\",\"name\":\"Cinema & Video International\",\"description\":\"Film &amp; Audiovisual Industry Trade Magazine\",\"publisher\":{\"@id\":\"https:\\\/\\\/cinema.video\\\/it#organization\"},\"alternateName\":\"Cinema & Video\",\"potentialAction\":[{\"@type\":\"SearchAction\",\"target\":{\"@type\":\"EntryPoint\",\"urlTemplate\":\"https:\\\/\\\/cinema.video\\\/it?s={search_term_string}\"},\"query-input\":{\"@type\":\"PropertyValueSpecification\",\"valueRequired\":true,\"valueName\":\"search_term_string\"}}],\"inLanguage\":\"it-IT\"},{\"@type\":\"Organization\",\"@id\":\"https:\\\/\\\/cinema.video\\\/it#organization\",\"name\":\"Cinema & Video\",\"url\":\"https:\\\/\\\/cinema.video\\\/it\",\"logo\":{\"@type\":\"ImageObject\",\"inLanguage\":\"it-IT\",\"@id\":\"https:\\\/\\\/cinema.video\\\/it#\\\/schema\\\/logo\\\/image\\\/\",\"url\":\"https:\\\/\\\/cinema.video\\\/wp-content\\\/uploads\\\/2026\\\/04\\\/CinemVideo_LogoBlack.png\",\"contentUrl\":\"https:\\\/\\\/cinema.video\\\/wp-content\\\/uploads\\\/2026\\\/04\\\/CinemVideo_LogoBlack.png\",\"width\":1336,\"height\":224,\"caption\":\"Cinema & Video\"},\"image\":{\"@id\":\"https:\\\/\\\/cinema.video\\\/it#\\\/schema\\\/logo\\\/image\\\/\"},\"sameAs\":[\"https:\\\/\\\/www.facebook.com\\\/CinemaVideoInternational\\\/\",\"https:\\\/\\\/www.instagram.com\\\/cinemaevideointernational\\\/\",\"https:\\\/\\\/it.linkedin.com\\\/company\\\/cinema-video-international\"],\"description\":\"Media Consulting & Marketing Agency\",\"email\":\"hello@darostudio.com\",\"legalName\":\"DARO studio LLC\",\"foundingDate\":\"2021-02-16\",\"numberOfEmployees\":{\"@type\":\"QuantitativeValue\",\"minValue\":\"1\",\"maxValue\":\"10\"}},{\"@type\":\"Person\",\"@id\":\"https:\\\/\\\/cinema.video\\\/it#\\\/schema\\\/person\\\/aeb01b91d874e8b01e76a1db04c668c6\",\"name\":\"Redazione\",\"image\":{\"@type\":\"ImageObject\",\"inLanguage\":\"it-IT\",\"@id\":\"https:\\\/\\\/secure.gravatar.com\\\/avatar\\\/06ad6f92eb14745b75fb592cadf8139d33242d81c9c8b085133c450aaf0b9731?s=96&d=mm&r=g\",\"url\":\"https:\\\/\\\/secure.gravatar.com\\\/avatar\\\/06ad6f92eb14745b75fb592cadf8139d33242d81c9c8b085133c450aaf0b9731?s=96&d=mm&r=g\",\"contentUrl\":\"https:\\\/\\\/secure.gravatar.com\\\/avatar\\\/06ad6f92eb14745b75fb592cadf8139d33242d81c9c8b085133c450aaf0b9731?s=96&d=mm&r=g\",\"caption\":\"Redazione\"},\"url\":\"https:\\\/\\\/cinema.video\\\/it\\\/author\\\/redazione\"}]}<\/script>\n<!-- \/ Yoast SEO Premium plugin. -->","yoast_head_json":{"title":"IDM 10 opere finanziate con la 2\u00b0 call. Crescono i corti in animazione - Cinema &amp; Video International","description":"IDM 10 opere finanziate con la 2\u00b0 call. Crescono i corti in animazione \u2013 idm 10 opere finanziate con la. Albania, Austria, Germania, Polonia, Svizzera, Sp","robots":{"index":"index","follow":"follow","max-snippet":"max-snippet:-1","max-image-preview":"max-image-preview:large","max-video-preview":"max-video-preview:-1"},"canonical":"https:\/\/cinema.video\/it\/idm-10-opere-finanziate-con-la-2-call","og_locale":"it_IT","og_type":"article","og_title":"IDM 10 opere finanziate con la 2\u00b0 call. Crescono i corti in animazione","og_description":"IDM 10 opere finanziate con la 2\u00b0 call. Crescono i corti in animazione \u2013 idm 10 opere finanziate con la. Albania, Austria, Germania, Polonia, Svizzera, Sp","og_url":"https:\/\/cinema.video\/it\/idm-10-opere-finanziate-con-la-2-call","og_site_name":"Cinema &amp; Video International","article_publisher":"https:\/\/www.facebook.com\/CinemaVideoInternational\/","article_published_time":"2025-06-30T13:58:00+00:00","article_modified_time":"2026-04-10T02:09:33+00:00","og_image":[{"width":870,"height":526,"url":"https:\/\/cinema.video\/wp-content\/uploads\/2025\/06\/Call-25-2-KF-014-Ciao-ciao-aus-Tokio_Project-Still.jpg","type":"image\/jpeg"}],"author":"Redazione","twitter_card":"summary_large_image","twitter_misc":{"Scritto da":"Redazione","Tempo di lettura stimato":"5 minuti"},"schema":{"@context":"https:\/\/schema.org","@graph":[{"@type":"Article","@id":"https:\/\/cinema.video\/it\/idm-10-opere-finanziate-con-la-2-call#article","isPartOf":{"@id":"https:\/\/cinema.video\/it\/idm-10-opere-finanziate-con-la-2-call"},"author":{"name":"Redazione","@id":"https:\/\/cinema.video\/it#\/schema\/person\/aeb01b91d874e8b01e76a1db04c668c6"},"headline":"IDM 10 opere finanziate con la 2\u00b0 call. Crescono i corti in animazione","datePublished":"2025-06-30T13:58:00+00:00","dateModified":"2026-04-10T02:09:33+00:00","mainEntityOfPage":{"@id":"https:\/\/cinema.video\/it\/idm-10-opere-finanziate-con-la-2-call"},"wordCount":853,"publisher":{"@id":"https:\/\/cinema.video\/it#organization"},"image":{"@id":"https:\/\/cinema.video\/it\/idm-10-opere-finanziate-con-la-2-call#primaryimage"},"thumbnailUrl":"https:\/\/cinema.video\/wp-content\/uploads\/2025\/06\/Call-25-2-KF-014-Ciao-ciao-aus-Tokio_Project-Still.jpg","keywords":["FILM COMMISSIONS","focus","FUNDING","IDM FILM COMMISSION S\u00dcDTIROL","LOCATIONS","TAX INCENTIVES"],"articleSection":["FILM COMMISSIONS","FUNDING","TAX INCENTIVES"],"inLanguage":"it-IT"},{"@type":"WebPage","@id":"https:\/\/cinema.video\/it\/idm-10-opere-finanziate-con-la-2-call","url":"https:\/\/cinema.video\/it\/idm-10-opere-finanziate-con-la-2-call","name":"IDM 10 opere finanziate con la 2\u00b0 call. Crescono i corti in animazione - Cinema &amp; Video International","isPartOf":{"@id":"https:\/\/cinema.video\/it#website"},"primaryImageOfPage":{"@id":"https:\/\/cinema.video\/it\/idm-10-opere-finanziate-con-la-2-call#primaryimage"},"image":{"@id":"https:\/\/cinema.video\/it\/idm-10-opere-finanziate-con-la-2-call#primaryimage"},"thumbnailUrl":"https:\/\/cinema.video\/wp-content\/uploads\/2025\/06\/Call-25-2-KF-014-Ciao-ciao-aus-Tokio_Project-Still.jpg","datePublished":"2025-06-30T13:58:00+00:00","dateModified":"2026-04-10T02:09:33+00:00","description":"IDM 10 opere finanziate con la 2\u00b0 call. Crescono i corti in animazione \u2013 idm 10 opere finanziate con la. Albania, Austria, Germania, Polonia, Svizzera, Sp","breadcrumb":{"@id":"https:\/\/cinema.video\/it\/idm-10-opere-finanziate-con-la-2-call#breadcrumb"},"inLanguage":"it-IT","potentialAction":[{"@type":"ReadAction","target":["https:\/\/cinema.video\/it\/idm-10-opere-finanziate-con-la-2-call"]}]},{"@type":"ImageObject","inLanguage":"it-IT","@id":"https:\/\/cinema.video\/it\/idm-10-opere-finanziate-con-la-2-call#primaryimage","url":"https:\/\/cinema.video\/wp-content\/uploads\/2025\/06\/Call-25-2-KF-014-Ciao-ciao-aus-Tokio_Project-Still.jpg","contentUrl":"https:\/\/cinema.video\/wp-content\/uploads\/2025\/06\/Call-25-2-KF-014-Ciao-ciao-aus-Tokio_Project-Still.jpg","width":870,"height":526,"caption":"Fra le 10 opere finanziate con la 2\u00b0 call del fondo di IDM Film Commission S\u00fcdtirol, anche 2 corti di MASO, uno prodotto dal Nepal"},{"@type":"BreadcrumbList","@id":"https:\/\/cinema.video\/it\/idm-10-opere-finanziate-con-la-2-call#breadcrumb","itemListElement":[{"@type":"ListItem","position":1,"name":"Home","item":"https:\/\/cinema.video\/it\/home-2"},{"@type":"ListItem","position":2,"name":"IDM 10 opere finanziate con la 2\u00b0 call. Crescono i corti in animazione"}]},{"@type":"WebSite","@id":"https:\/\/cinema.video\/it#website","url":"https:\/\/cinema.video\/it","name":"Cinema & Video International","description":"Film &amp; Audiovisual Industry Trade Magazine","publisher":{"@id":"https:\/\/cinema.video\/it#organization"},"alternateName":"Cinema & Video","potentialAction":[{"@type":"SearchAction","target":{"@type":"EntryPoint","urlTemplate":"https:\/\/cinema.video\/it?s={search_term_string}"},"query-input":{"@type":"PropertyValueSpecification","valueRequired":true,"valueName":"search_term_string"}}],"inLanguage":"it-IT"},{"@type":"Organization","@id":"https:\/\/cinema.video\/it#organization","name":"Cinema & Video","url":"https:\/\/cinema.video\/it","logo":{"@type":"ImageObject","inLanguage":"it-IT","@id":"https:\/\/cinema.video\/it#\/schema\/logo\/image\/","url":"https:\/\/cinema.video\/wp-content\/uploads\/2026\/04\/CinemVideo_LogoBlack.png","contentUrl":"https:\/\/cinema.video\/wp-content\/uploads\/2026\/04\/CinemVideo_LogoBlack.png","width":1336,"height":224,"caption":"Cinema & Video"},"image":{"@id":"https:\/\/cinema.video\/it#\/schema\/logo\/image\/"},"sameAs":["https:\/\/www.facebook.com\/CinemaVideoInternational\/","https:\/\/www.instagram.com\/cinemaevideointernational\/","https:\/\/it.linkedin.com\/company\/cinema-video-international"],"description":"Media Consulting & Marketing Agency","email":"hello@darostudio.com","legalName":"DARO studio LLC","foundingDate":"2021-02-16","numberOfEmployees":{"@type":"QuantitativeValue","minValue":"1","maxValue":"10"}},{"@type":"Person","@id":"https:\/\/cinema.video\/it#\/schema\/person\/aeb01b91d874e8b01e76a1db04c668c6","name":"Redazione","image":{"@type":"ImageObject","inLanguage":"it-IT","@id":"https:\/\/secure.gravatar.com\/avatar\/06ad6f92eb14745b75fb592cadf8139d33242d81c9c8b085133c450aaf0b9731?s=96&d=mm&r=g","url":"https:\/\/secure.gravatar.com\/avatar\/06ad6f92eb14745b75fb592cadf8139d33242d81c9c8b085133c450aaf0b9731?s=96&d=mm&r=g","contentUrl":"https:\/\/secure.gravatar.com\/avatar\/06ad6f92eb14745b75fb592cadf8139d33242d81c9c8b085133c450aaf0b9731?s=96&d=mm&r=g","caption":"Redazione"},"url":"https:\/\/cinema.video\/it\/author\/redazione"}]}},"jetpack_featured_media_url":"https:\/\/cinema.video\/wp-content\/uploads\/2025\/06\/Call-25-2-KF-014-Ciao-ciao-aus-Tokio_Project-Still.jpg","jetpack_shortlink":"https:\/\/wp.me\/ph672m-1g2x","_links":{"self":[{"href":"https:\/\/cinema.video\/it\/wp-json\/wp\/v2\/posts\/299989","targetHints":{"allow":["GET"]}}],"collection":[{"href":"https:\/\/cinema.video\/it\/wp-json\/wp\/v2\/posts"}],"about":[{"href":"https:\/\/cinema.video\/it\/wp-json\/wp\/v2\/types\/post"}],"author":[{"embeddable":true,"href":"https:\/\/cinema.video\/it\/wp-json\/wp\/v2\/users\/26"}],"replies":[{"embeddable":true,"href":"https:\/\/cinema.video\/it\/wp-json\/wp\/v2\/comments?post=299989"}],"version-history":[{"count":2,"href":"https:\/\/cinema.video\/it\/wp-json\/wp\/v2\/posts\/299989\/revisions"}],"predecessor-version":[{"id":309683,"href":"https:\/\/cinema.video\/it\/wp-json\/wp\/v2\/posts\/299989\/revisions\/309683"}],"wp:featuredmedia":[{"embeddable":true,"href":"https:\/\/cinema.video\/it\/wp-json\/wp\/v2\/media\/300014"}],"wp:attachment":[{"href":"https:\/\/cinema.video\/it\/wp-json\/wp\/v2\/media?parent=299989"}],"wp:term":[{"taxonomy":"category","embeddable":true,"href":"https:\/\/cinema.video\/it\/wp-json\/wp\/v2\/categories?post=299989"},{"taxonomy":"post_tag","embeddable":true,"href":"https:\/\/cinema.video\/it\/wp-json\/wp\/v2\/tags?post=299989"}],"curies":[{"name":"wp","href":"https:\/\/api.w.org\/{rel}","templated":true}]}}