{"id":299940,"date":"2025-06-26T12:56:48","date_gmt":"2025-06-26T10:56:48","guid":{"rendered":"https:\/\/cinema.video\/?p=299940"},"modified":"2026-04-10T04:09:26","modified_gmt":"2026-04-10T02:09:26","slug":"racconta-la-realta-doc-it","status":"publish","type":"post","link":"https:\/\/cinema.video\/it\/racconta-la-realta-doc-it","title":{"rendered":"RACCONTA LA REALTA&#8217; concluso il lab di Cinema Documentario di Doc it\u00a0"},"content":{"rendered":"\n<p class=\"wp-block-paragraph\">Analizzare, comprendere e raccontare la realt\u00e0 attraverso il linguaggio del cinema documentario: \u00e8 questo l&#8217;obiettivo di <strong><em>Racconta la Realt\u00e0 &#8211; Laboratorio Nazionale di Cinema Documentario<\/em><\/strong>\u00a0rivolto a studenti e studentesse delle scuole primarie e secondarie italiane e realizzato da\u00a0<strong>Doc\/it \u2013 Associazione Documentaristi Italiani<\/strong>, che ha appena concluso la sua terza edizione <\/p>\n\n\n\n<p class=\"wp-block-paragraph\">Sostenuto da&nbsp;<strong>MIM &#8211; Ministero dell&#8217;Istruzione<\/strong>&nbsp;<strong>e del Merito&nbsp;<\/strong>e&nbsp;<strong>MiC &#8211; Ministero della Cultura&nbsp;<\/strong>e realizzato con la collaborazione e il patrocinio del Dipartimento di Filosofia, Comunicazione e Spettacolo dell\u2019<strong>Universit\u00e0 Roma Tre<\/strong>, il progetto fa parte dei bandi&nbsp;<strong>CIPS &#8211; cinema e immagini per la scuola<\/strong>, nello specifico del bando &#8220;<strong>progetti di rilevanza territoriale<\/strong>&#8220;.&nbsp;<\/p>\n\n\n\n<p class=\"wp-block-paragraph\">L\u2019azione si \u00e8 dispiegata su tre livelli. In primis con un percorso di alfabetizzazione al cinema documentario, attraverso una rassegna di film documentari italiani e internazionali in lingua originale con sottotitoli in italiano in ore diurne. <br>Un percorso formativo indirizzato agli insegnanti e agli studenti interessati ad approfondire le tematiche e le forme dei film proposti con materiale didattico e servizi di tutoraggio. <\/p>\n\n\n\n<p class=\"wp-block-paragraph\">Tra gli argomenti trattati, l&#8217;abitare una periferia, umana, sociale o urbana, la determinazione e il riconoscimento dei diritti umani, la mutazione del rapporto tra l&#8217;individuo e la tecnologia, i nuovi sistemi di produzione e distribuzione alimentare su scala mondiale, il rapporto tra uomo e natura, gli equilibri culturali e geopolitici del mondo contemporaneo, la cultura della memoria intesa come sistema di valori collettivi con particolare attenzione al tema dei diritti civili. <\/p>\n\n\n\n<p class=\"wp-block-paragraph\">La\u00a0<strong>piattaforma digitale Italiandoc Educational<\/strong>\u00a0(<a href=\"http:\/\/www.italiandoc-edu.net\/\" target=\"_blank\" rel=\"noreferrer noopener\">www.italiandoc-edu.net<\/a>) \u00e8 stata resa disponibile alle scuole gratuitamente, con la funzione di una vera e propria \u201c<em>cassetta degli attrezzi<\/em>\u201d, in cui \u00e8 stato possibile trovare i film e i materiali didattici multimediali prodotti da Doc\/it con il supporto di esperti e dell&#8217;Universit\u00e0 Roma Tre, che danni collabora alla realizzazione di questo progetto.\u00a0<\/p>\n\n\n\n<p class=\"wp-block-paragraph\">Agli studenti e studentesse \u00e8 stato offerto del\u00a0materiale didattico multimediale, ideato da una commissione di esperti nominati da<strong>\u00a0Doc\/it<\/strong>, vero e proprio strumento di approfondimento dei temi e degli approcci creativi. <\/p>\n\n\n\n<p class=\"wp-block-paragraph\"><\/p>\n\n\n\n<div class=\"wp-block-media-text is-stacked-on-mobile\" style=\"grid-template-columns:47% auto\"><figure class=\"wp-block-media-text__media\"><img loading=\"lazy\" decoding=\"async\" width=\"768\" height=\"1024\" src=\"https:\/\/cinema.video\/wp-content\/uploads\/2025\/06\/IMG_20250428_172015-768x1024.jpg\" alt=\"\" class=\"wp-image-299942 size-full\" srcset=\"https:\/\/cinema.video\/wp-content\/uploads\/2025\/06\/IMG_20250428_172015.jpg 768w, https:\/\/cinema.video\/wp-content\/uploads\/2025\/06\/IMG_20250428_172015.jpg 225w, https:\/\/cinema.video\/wp-content\/uploads\/2025\/06\/IMG_20250428_172015.jpg 315w, https:\/\/cinema.video\/wp-content\/uploads\/2025\/06\/IMG_20250428_172015.jpg 150w, https:\/\/cinema.video\/wp-content\/uploads\/2025\/06\/IMG_20250428_172015.jpg 300w, https:\/\/cinema.video\/wp-content\/uploads\/2025\/06\/IMG_20250428_172015.jpg 696w, https:\/\/cinema.video\/wp-content\/uploads\/2025\/06\/IMG_20250428_172015.jpg 1000w\" sizes=\"auto, (max-width: 696px) 100vw, 696px\" \/><\/figure><div class=\"wp-block-media-text__content\">\n<p>Quindi, i laboratori formativi\/creativi: si sono tenuti da inizio aprile a met\u00e0 maggio in tre delle scuole per un totale di&nbsp;20 ore di laboratori per scuola, con il fine di realizzare cortometraggi documentari. Sono stati condotti dai tutor\/formatori:&nbsp;<strong>Benedetta Valabrega<\/strong>&nbsp;per l&#8217;ITT Livia Bottardi di Roma,<strong>&nbsp;Silvia Miola<\/strong>&nbsp;per il Convitto Nazionale Giovanni Falcone di Palermo ed&nbsp;<strong>Enrico Le Pera<\/strong>&nbsp;per l&#8217;Istituto Comprensivo Regio Parco di Torino.<\/p>\n<\/div><\/div>\n\n\n\n<p class=\"wp-block-paragraph\"><br>Gli istituti sopracitati e l&#8217;IIS John von Neumann di\u00a0Roma hanno inoltre partecipato alle proiezioni di film e ai dibattiti con i registi, moderati da rappresentati di Doc\/it, che hanno animato gli incontri nelle sale cinematografiche coinvolte dal progetto. Sono stati coinvolti <strong>395 studenti<\/strong>.<br><br>L&#8217;attore e regista\u00a0<strong>Luca Zingaretti<\/strong>\u00a0ha presentato al Cinema Eden di\u00a0<strong>Roma<\/strong>, di fronte a 100 studenti della scuola IIS John von Neumann,\u00a0<strong><em>La casa degli sguardi<\/em><\/strong>,<strong>\u00a0<\/strong>sua opera prima da regista, alla<strong>\u00a0<\/strong>presenza dell&#8217;attrice e regista\u00a0<strong>Stefania Casini\u00a0<\/strong>come rappresentante di Doc\/it e moderatrice dell&#8217;evento. Presso la scuola IIS John von Neumann di\u00a0<strong>Roma<\/strong>\u00a0si \u00e8 tenuta la proiezione de\u00a0<strong><em>Gli Intrepidi<\/em><\/strong>, raccontato dal suo regista,<strong>\u00a0Giovanni Cioni<\/strong>\u00a0con la moderazione di<strong>\u00a0Benedetta Valabrega<\/strong>\u00a0di Doc\/it. Sempre a Roma, e sempre con\u00a0<strong>Benedetta Valabrega<\/strong>\u00a0come moderatrice, ma al cinema Broadway, lo stesso regista\u00a0<strong>Giovanni Cioni<\/strong> ha presentato a 135 studenti della scuola ITT Livia Bottardi il suo\u00a0<strong><em>Parole tremanti<\/em><\/strong>. <\/p>\n\n\n\n<figure class=\"wp-block-image size-full\"><img loading=\"lazy\" decoding=\"async\" width=\"1000\" height=\"667\" src=\"https:\/\/cinema.video\/wp-content\/uploads\/2025\/06\/019_ELR_1416.jpg\" alt=\"\" class=\"wp-image-299943\" srcset=\"https:\/\/cinema.video\/wp-content\/uploads\/2025\/06\/019_ELR_1416.jpg 1000w, https:\/\/cinema.video\/wp-content\/uploads\/2025\/06\/019_ELR_1416.jpg 300w, https:\/\/cinema.video\/wp-content\/uploads\/2025\/06\/019_ELR_1416.jpg 768w, https:\/\/cinema.video\/wp-content\/uploads\/2025\/06\/019_ELR_1416.jpg 630w, https:\/\/cinema.video\/wp-content\/uploads\/2025\/06\/019_ELR_1416.jpg 150w, https:\/\/cinema.video\/wp-content\/uploads\/2025\/06\/019_ELR_1416.jpg 696w\" sizes=\"auto, (max-width: 696px) 100vw, 696px\" \/><\/figure>\n\n\n\n<p class=\"wp-block-paragraph\"><br>A\u00a0<strong>Palermo<\/strong>, nell&#8217;aula magna del Convitto Nazionale Giovanni Falcone gli studenti hanno visionato\u00a0<strong><em>La nostra strada<\/em><\/strong>, raccontato dal suo regista,\u00a0<strong>Pierfrancesco Li Donni<\/strong>, in un incontro moderato da\u00a0<strong>Danny Biancardi\u00a0<\/strong>di Doc\/it. Stessa location per\u00a0<strong><em>Il Castello Indistruttibile<\/em><\/strong>, presentato dallo stesso\u00a0<strong>Danny Biancardi<\/strong>\u00a0in qualit\u00e0 di co-regista del film (con Virginia Nardelli e Stefano La Rosa). A\u00a0<strong>Torino<\/strong>, presso il cinema Ideal Cityplex, gli studenti dell&#8217;Istituto Comprensivo Regio Parco hanno visionato\u00a0<strong><em>Honeyland<\/em><\/strong>\u00a0di Tamara Kotevska e Ljubomir Stefanov, con\u00a0<strong>Elena Filippini\u00a0<\/strong>di Doc\/it e rappresentante della casa di produzione Stefilm. Sempre al cinema Ideal Cityplex di\u00a0<strong>Torino<\/strong>, la stessa\u00a0<strong>Elena Filippini<\/strong>\u00a0ha presentato a 60 studenti dell&#8217;Istituto Comprensivo Regio Parco il film<strong>\u00a0<em>Mr Beau<\/em>,\u00a0<\/strong>diretto da Claudia Tosi.<\/p>\n\n\n\n<p class=\"wp-block-paragraph\">Al termine dell&#8217;ultima proiezione prevista per ogni scuola gli studenti hanno potuto visionare i cortometraggi prodotti durante i laboratori.\u00a0<\/p>\n","protected":false},"excerpt":{"rendered":"<p>Analizzare, comprendere e raccontare la realt\u00e0 attraverso il linguaggio del cinema documentario: \u00e8 questo l&#8217;obiettivo di Racconta la Realt\u00e0 &#8211; Laboratorio Nazionale di Cinema Documentario\u00a0rivolto a studenti e studentesse delle scuole primarie e secondarie italiane e realizzato da\u00a0Doc\/it \u2013 Associazione Documentaristi Italiani, che ha appena concluso la sua terza edizione Sostenuto da&nbsp;MIM &#8211; Ministero dell&#8217;Istruzione&nbsp;e [&hellip;]<\/p>\n","protected":false},"author":26,"featured_media":299941,"comment_status":"closed","ping_status":"closed","sticky":false,"template":"","format":"standard","meta":{"googlesitekit_rrm_CAow3e7fCw:productID":"","_crdt_document":"","footnotes":""},"categories":[1691],"tags":[2322,356,2337,607],"class_list":{"0":"post-299940","1":"post","2":"type-post","3":"status-publish","4":"format-standard","5":"has-post-thumbnail","7":"category-learning","8":"tag-documentary","9":"tag-focus","10":"tag-learning","11":"tag-mic"},"yoast_head":"<!-- This site is optimized with the Yoast SEO Premium plugin v27.4 (Yoast SEO v27.4) - https:\/\/yoast.com\/product\/yoast-seo-premium-wordpress\/ -->\n<title>RACCONTA LA REALTA&#039; concluso il lab di Cinema Documentario di Doc it\u00a0 - Cinema &amp; Video International<\/title>\n<meta name=\"description\" content=\"RACCONTA LA REALTA&#039; concluso il lab di Cinema Documentario di Doc it\u00a0 \u2013 racconta la realta concluso il lab. Analizzare, comprendere e raccontare la realt\u00e0\" \/>\n<meta name=\"robots\" content=\"index, follow, max-snippet:-1, max-image-preview:large, max-video-preview:-1\" \/>\n<link rel=\"canonical\" href=\"https:\/\/cinema.video\/it\/racconta-la-realta-doc-it\" \/>\n<meta property=\"og:locale\" content=\"it_IT\" \/>\n<meta property=\"og:type\" content=\"article\" \/>\n<meta property=\"og:title\" content=\"RACCONTA LA REALTA&#039; concluso il lab di Cinema Documentario di Doc it\u00a0\" \/>\n<meta property=\"og:description\" content=\"RACCONTA LA REALTA&#039; concluso il lab di Cinema Documentario di Doc it\u00a0 \u2013 racconta la realta concluso il lab. Analizzare, comprendere e raccontare la realt\u00e0\" \/>\n<meta property=\"og:url\" content=\"https:\/\/cinema.video\/it\/racconta-la-realta-doc-it\" \/>\n<meta property=\"og:site_name\" content=\"Cinema &amp; Video International\" \/>\n<meta property=\"article:publisher\" content=\"https:\/\/www.facebook.com\/CinemaVideoInternational\/\" \/>\n<meta property=\"article:published_time\" content=\"2025-06-26T10:56:48+00:00\" \/>\n<meta property=\"article:modified_time\" content=\"2026-04-10T02:09:26+00:00\" \/>\n<meta property=\"og:image\" content=\"https:\/\/cinema.video\/wp-content\/uploads\/2025\/06\/FLM_1948.jpg\" \/>\n\t<meta property=\"og:image:width\" content=\"1000\" \/>\n\t<meta property=\"og:image:height\" content=\"667\" \/>\n\t<meta property=\"og:image:type\" content=\"image\/jpeg\" \/>\n<meta name=\"author\" content=\"Redazione\" \/>\n<meta name=\"twitter:card\" content=\"summary_large_image\" \/>\n<meta name=\"twitter:label1\" content=\"Scritto da\" \/>\n\t<meta name=\"twitter:data1\" content=\"Redazione\" \/>\n\t<meta name=\"twitter:label2\" content=\"Tempo di lettura stimato\" \/>\n\t<meta name=\"twitter:data2\" content=\"5 minuti\" \/>\n<script type=\"application\/ld+json\" class=\"yoast-schema-graph\">{\"@context\":\"https:\\\/\\\/schema.org\",\"@graph\":[{\"@type\":\"Article\",\"@id\":\"https:\\\/\\\/cinema.video\\\/it\\\/racconta-la-realta-doc-it#article\",\"isPartOf\":{\"@id\":\"https:\\\/\\\/cinema.video\\\/it\\\/racconta-la-realta-doc-it\"},\"author\":{\"name\":\"Redazione\",\"@id\":\"https:\\\/\\\/cinema.video\\\/it#\\\/schema\\\/person\\\/aeb01b91d874e8b01e76a1db04c668c6\"},\"headline\":\"RACCONTA LA REALTA&#8217; concluso il lab di Cinema Documentario di Doc it\u00a0\",\"datePublished\":\"2025-06-26T10:56:48+00:00\",\"dateModified\":\"2026-04-10T02:09:26+00:00\",\"mainEntityOfPage\":{\"@id\":\"https:\\\/\\\/cinema.video\\\/it\\\/racconta-la-realta-doc-it\"},\"wordCount\":732,\"publisher\":{\"@id\":\"https:\\\/\\\/cinema.video\\\/it#organization\"},\"image\":{\"@id\":\"https:\\\/\\\/cinema.video\\\/it\\\/racconta-la-realta-doc-it#primaryimage\"},\"thumbnailUrl\":\"https:\\\/\\\/cinema.video\\\/wp-content\\\/uploads\\\/2025\\\/06\\\/FLM_1948.jpg\",\"keywords\":[\"DOCUMENTARY\",\"focus\",\"LEARNING\",\"MIC\"],\"articleSection\":[\"LEARNING\"],\"inLanguage\":\"it-IT\"},{\"@type\":\"WebPage\",\"@id\":\"https:\\\/\\\/cinema.video\\\/it\\\/racconta-la-realta-doc-it\",\"url\":\"https:\\\/\\\/cinema.video\\\/it\\\/racconta-la-realta-doc-it\",\"name\":\"RACCONTA LA REALTA' concluso il lab di Cinema Documentario di Doc it\u00a0 - Cinema &amp; Video International\",\"isPartOf\":{\"@id\":\"https:\\\/\\\/cinema.video\\\/it#website\"},\"primaryImageOfPage\":{\"@id\":\"https:\\\/\\\/cinema.video\\\/it\\\/racconta-la-realta-doc-it#primaryimage\"},\"image\":{\"@id\":\"https:\\\/\\\/cinema.video\\\/it\\\/racconta-la-realta-doc-it#primaryimage\"},\"thumbnailUrl\":\"https:\\\/\\\/cinema.video\\\/wp-content\\\/uploads\\\/2025\\\/06\\\/FLM_1948.jpg\",\"datePublished\":\"2025-06-26T10:56:48+00:00\",\"dateModified\":\"2026-04-10T02:09:26+00:00\",\"description\":\"RACCONTA LA REALTA' concluso il lab di Cinema Documentario di Doc it\u00a0 \u2013 racconta la realta concluso il lab. Analizzare, comprendere e raccontare la realt\u00e0\",\"breadcrumb\":{\"@id\":\"https:\\\/\\\/cinema.video\\\/it\\\/racconta-la-realta-doc-it#breadcrumb\"},\"inLanguage\":\"it-IT\",\"potentialAction\":[{\"@type\":\"ReadAction\",\"target\":[\"https:\\\/\\\/cinema.video\\\/it\\\/racconta-la-realta-doc-it\"]}]},{\"@type\":\"ImageObject\",\"inLanguage\":\"it-IT\",\"@id\":\"https:\\\/\\\/cinema.video\\\/it\\\/racconta-la-realta-doc-it#primaryimage\",\"url\":\"https:\\\/\\\/cinema.video\\\/wp-content\\\/uploads\\\/2025\\\/06\\\/FLM_1948.jpg\",\"contentUrl\":\"https:\\\/\\\/cinema.video\\\/wp-content\\\/uploads\\\/2025\\\/06\\\/FLM_1948.jpg\",\"width\":1000,\"height\":667,\"caption\":\"Si \u00e8 conclusa la 3\u00b0 edizione di Racconta la Realt\u00e0 - Laboratorio Nazionale di Cinema Documentario realizzato da\u00a0Doc\\\/it e finanziato da CIPS\"},{\"@type\":\"BreadcrumbList\",\"@id\":\"https:\\\/\\\/cinema.video\\\/it\\\/racconta-la-realta-doc-it#breadcrumb\",\"itemListElement\":[{\"@type\":\"ListItem\",\"position\":1,\"name\":\"Home\",\"item\":\"https:\\\/\\\/cinema.video\\\/it\\\/home-2\"},{\"@type\":\"ListItem\",\"position\":2,\"name\":\"RACCONTA LA REALTA&#8217; concluso il lab di Cinema Documentario di Doc it\u00a0\"}]},{\"@type\":\"WebSite\",\"@id\":\"https:\\\/\\\/cinema.video\\\/it#website\",\"url\":\"https:\\\/\\\/cinema.video\\\/it\",\"name\":\"Cinema & Video International\",\"description\":\"Film &amp; Audiovisual Industry Trade Magazine\",\"publisher\":{\"@id\":\"https:\\\/\\\/cinema.video\\\/it#organization\"},\"alternateName\":\"Cinema & Video\",\"potentialAction\":[{\"@type\":\"SearchAction\",\"target\":{\"@type\":\"EntryPoint\",\"urlTemplate\":\"https:\\\/\\\/cinema.video\\\/it?s={search_term_string}\"},\"query-input\":{\"@type\":\"PropertyValueSpecification\",\"valueRequired\":true,\"valueName\":\"search_term_string\"}}],\"inLanguage\":\"it-IT\"},{\"@type\":\"Organization\",\"@id\":\"https:\\\/\\\/cinema.video\\\/it#organization\",\"name\":\"Cinema & Video\",\"url\":\"https:\\\/\\\/cinema.video\\\/it\",\"logo\":{\"@type\":\"ImageObject\",\"inLanguage\":\"it-IT\",\"@id\":\"https:\\\/\\\/cinema.video\\\/it#\\\/schema\\\/logo\\\/image\\\/\",\"url\":\"https:\\\/\\\/cinema.video\\\/wp-content\\\/uploads\\\/2026\\\/04\\\/CinemVideo_LogoBlack.png\",\"contentUrl\":\"https:\\\/\\\/cinema.video\\\/wp-content\\\/uploads\\\/2026\\\/04\\\/CinemVideo_LogoBlack.png\",\"width\":1336,\"height\":224,\"caption\":\"Cinema & Video\"},\"image\":{\"@id\":\"https:\\\/\\\/cinema.video\\\/it#\\\/schema\\\/logo\\\/image\\\/\"},\"sameAs\":[\"https:\\\/\\\/www.facebook.com\\\/CinemaVideoInternational\\\/\",\"https:\\\/\\\/www.instagram.com\\\/cinemaevideointernational\\\/\",\"https:\\\/\\\/it.linkedin.com\\\/company\\\/cinema-video-international\"],\"description\":\"Media Consulting & Marketing Agency\",\"email\":\"hello@darostudio.com\",\"legalName\":\"DARO studio LLC\",\"foundingDate\":\"2021-02-16\",\"numberOfEmployees\":{\"@type\":\"QuantitativeValue\",\"minValue\":\"1\",\"maxValue\":\"10\"}},{\"@type\":\"Person\",\"@id\":\"https:\\\/\\\/cinema.video\\\/it#\\\/schema\\\/person\\\/aeb01b91d874e8b01e76a1db04c668c6\",\"name\":\"Redazione\",\"image\":{\"@type\":\"ImageObject\",\"inLanguage\":\"it-IT\",\"@id\":\"https:\\\/\\\/secure.gravatar.com\\\/avatar\\\/06ad6f92eb14745b75fb592cadf8139d33242d81c9c8b085133c450aaf0b9731?s=96&d=mm&r=g\",\"url\":\"https:\\\/\\\/secure.gravatar.com\\\/avatar\\\/06ad6f92eb14745b75fb592cadf8139d33242d81c9c8b085133c450aaf0b9731?s=96&d=mm&r=g\",\"contentUrl\":\"https:\\\/\\\/secure.gravatar.com\\\/avatar\\\/06ad6f92eb14745b75fb592cadf8139d33242d81c9c8b085133c450aaf0b9731?s=96&d=mm&r=g\",\"caption\":\"Redazione\"},\"url\":\"https:\\\/\\\/cinema.video\\\/it\\\/author\\\/redazione\"}]}<\/script>\n<!-- \/ Yoast SEO Premium plugin. -->","yoast_head_json":{"title":"RACCONTA LA REALTA' concluso il lab di Cinema Documentario di Doc it\u00a0 - Cinema &amp; Video International","description":"RACCONTA LA REALTA' concluso il lab di Cinema Documentario di Doc it\u00a0 \u2013 racconta la realta concluso il lab. Analizzare, comprendere e raccontare la realt\u00e0","robots":{"index":"index","follow":"follow","max-snippet":"max-snippet:-1","max-image-preview":"max-image-preview:large","max-video-preview":"max-video-preview:-1"},"canonical":"https:\/\/cinema.video\/it\/racconta-la-realta-doc-it","og_locale":"it_IT","og_type":"article","og_title":"RACCONTA LA REALTA' concluso il lab di Cinema Documentario di Doc it\u00a0","og_description":"RACCONTA LA REALTA' concluso il lab di Cinema Documentario di Doc it\u00a0 \u2013 racconta la realta concluso il lab. Analizzare, comprendere e raccontare la realt\u00e0","og_url":"https:\/\/cinema.video\/it\/racconta-la-realta-doc-it","og_site_name":"Cinema &amp; Video International","article_publisher":"https:\/\/www.facebook.com\/CinemaVideoInternational\/","article_published_time":"2025-06-26T10:56:48+00:00","article_modified_time":"2026-04-10T02:09:26+00:00","og_image":[{"width":1000,"height":667,"url":"https:\/\/cinema.video\/wp-content\/uploads\/2025\/06\/FLM_1948.jpg","type":"image\/jpeg"}],"author":"Redazione","twitter_card":"summary_large_image","twitter_misc":{"Scritto da":"Redazione","Tempo di lettura stimato":"5 minuti"},"schema":{"@context":"https:\/\/schema.org","@graph":[{"@type":"Article","@id":"https:\/\/cinema.video\/it\/racconta-la-realta-doc-it#article","isPartOf":{"@id":"https:\/\/cinema.video\/it\/racconta-la-realta-doc-it"},"author":{"name":"Redazione","@id":"https:\/\/cinema.video\/it#\/schema\/person\/aeb01b91d874e8b01e76a1db04c668c6"},"headline":"RACCONTA LA REALTA&#8217; concluso il lab di Cinema Documentario di Doc it\u00a0","datePublished":"2025-06-26T10:56:48+00:00","dateModified":"2026-04-10T02:09:26+00:00","mainEntityOfPage":{"@id":"https:\/\/cinema.video\/it\/racconta-la-realta-doc-it"},"wordCount":732,"publisher":{"@id":"https:\/\/cinema.video\/it#organization"},"image":{"@id":"https:\/\/cinema.video\/it\/racconta-la-realta-doc-it#primaryimage"},"thumbnailUrl":"https:\/\/cinema.video\/wp-content\/uploads\/2025\/06\/FLM_1948.jpg","keywords":["DOCUMENTARY","focus","LEARNING","MIC"],"articleSection":["LEARNING"],"inLanguage":"it-IT"},{"@type":"WebPage","@id":"https:\/\/cinema.video\/it\/racconta-la-realta-doc-it","url":"https:\/\/cinema.video\/it\/racconta-la-realta-doc-it","name":"RACCONTA LA REALTA' concluso il lab di Cinema Documentario di Doc it\u00a0 - Cinema &amp; Video International","isPartOf":{"@id":"https:\/\/cinema.video\/it#website"},"primaryImageOfPage":{"@id":"https:\/\/cinema.video\/it\/racconta-la-realta-doc-it#primaryimage"},"image":{"@id":"https:\/\/cinema.video\/it\/racconta-la-realta-doc-it#primaryimage"},"thumbnailUrl":"https:\/\/cinema.video\/wp-content\/uploads\/2025\/06\/FLM_1948.jpg","datePublished":"2025-06-26T10:56:48+00:00","dateModified":"2026-04-10T02:09:26+00:00","description":"RACCONTA LA REALTA' concluso il lab di Cinema Documentario di Doc it\u00a0 \u2013 racconta la realta concluso il lab. Analizzare, comprendere e raccontare la realt\u00e0","breadcrumb":{"@id":"https:\/\/cinema.video\/it\/racconta-la-realta-doc-it#breadcrumb"},"inLanguage":"it-IT","potentialAction":[{"@type":"ReadAction","target":["https:\/\/cinema.video\/it\/racconta-la-realta-doc-it"]}]},{"@type":"ImageObject","inLanguage":"it-IT","@id":"https:\/\/cinema.video\/it\/racconta-la-realta-doc-it#primaryimage","url":"https:\/\/cinema.video\/wp-content\/uploads\/2025\/06\/FLM_1948.jpg","contentUrl":"https:\/\/cinema.video\/wp-content\/uploads\/2025\/06\/FLM_1948.jpg","width":1000,"height":667,"caption":"Si \u00e8 conclusa la 3\u00b0 edizione di Racconta la Realt\u00e0 - Laboratorio Nazionale di Cinema Documentario realizzato da\u00a0Doc\/it e finanziato da CIPS"},{"@type":"BreadcrumbList","@id":"https:\/\/cinema.video\/it\/racconta-la-realta-doc-it#breadcrumb","itemListElement":[{"@type":"ListItem","position":1,"name":"Home","item":"https:\/\/cinema.video\/it\/home-2"},{"@type":"ListItem","position":2,"name":"RACCONTA LA REALTA&#8217; concluso il lab di Cinema Documentario di Doc it\u00a0"}]},{"@type":"WebSite","@id":"https:\/\/cinema.video\/it#website","url":"https:\/\/cinema.video\/it","name":"Cinema & Video International","description":"Film &amp; Audiovisual Industry Trade Magazine","publisher":{"@id":"https:\/\/cinema.video\/it#organization"},"alternateName":"Cinema & Video","potentialAction":[{"@type":"SearchAction","target":{"@type":"EntryPoint","urlTemplate":"https:\/\/cinema.video\/it?s={search_term_string}"},"query-input":{"@type":"PropertyValueSpecification","valueRequired":true,"valueName":"search_term_string"}}],"inLanguage":"it-IT"},{"@type":"Organization","@id":"https:\/\/cinema.video\/it#organization","name":"Cinema & Video","url":"https:\/\/cinema.video\/it","logo":{"@type":"ImageObject","inLanguage":"it-IT","@id":"https:\/\/cinema.video\/it#\/schema\/logo\/image\/","url":"https:\/\/cinema.video\/wp-content\/uploads\/2026\/04\/CinemVideo_LogoBlack.png","contentUrl":"https:\/\/cinema.video\/wp-content\/uploads\/2026\/04\/CinemVideo_LogoBlack.png","width":1336,"height":224,"caption":"Cinema & Video"},"image":{"@id":"https:\/\/cinema.video\/it#\/schema\/logo\/image\/"},"sameAs":["https:\/\/www.facebook.com\/CinemaVideoInternational\/","https:\/\/www.instagram.com\/cinemaevideointernational\/","https:\/\/it.linkedin.com\/company\/cinema-video-international"],"description":"Media Consulting & Marketing Agency","email":"hello@darostudio.com","legalName":"DARO studio LLC","foundingDate":"2021-02-16","numberOfEmployees":{"@type":"QuantitativeValue","minValue":"1","maxValue":"10"}},{"@type":"Person","@id":"https:\/\/cinema.video\/it#\/schema\/person\/aeb01b91d874e8b01e76a1db04c668c6","name":"Redazione","image":{"@type":"ImageObject","inLanguage":"it-IT","@id":"https:\/\/secure.gravatar.com\/avatar\/06ad6f92eb14745b75fb592cadf8139d33242d81c9c8b085133c450aaf0b9731?s=96&d=mm&r=g","url":"https:\/\/secure.gravatar.com\/avatar\/06ad6f92eb14745b75fb592cadf8139d33242d81c9c8b085133c450aaf0b9731?s=96&d=mm&r=g","contentUrl":"https:\/\/secure.gravatar.com\/avatar\/06ad6f92eb14745b75fb592cadf8139d33242d81c9c8b085133c450aaf0b9731?s=96&d=mm&r=g","caption":"Redazione"},"url":"https:\/\/cinema.video\/it\/author\/redazione"}]}},"jetpack_featured_media_url":"https:\/\/cinema.video\/wp-content\/uploads\/2025\/06\/FLM_1948.jpg","jetpack_shortlink":"https:\/\/wp.me\/ph672m-1g1K","_links":{"self":[{"href":"https:\/\/cinema.video\/it\/wp-json\/wp\/v2\/posts\/299940","targetHints":{"allow":["GET"]}}],"collection":[{"href":"https:\/\/cinema.video\/it\/wp-json\/wp\/v2\/posts"}],"about":[{"href":"https:\/\/cinema.video\/it\/wp-json\/wp\/v2\/types\/post"}],"author":[{"embeddable":true,"href":"https:\/\/cinema.video\/it\/wp-json\/wp\/v2\/users\/26"}],"replies":[{"embeddable":true,"href":"https:\/\/cinema.video\/it\/wp-json\/wp\/v2\/comments?post=299940"}],"version-history":[{"count":2,"href":"https:\/\/cinema.video\/it\/wp-json\/wp\/v2\/posts\/299940\/revisions"}],"predecessor-version":[{"id":309677,"href":"https:\/\/cinema.video\/it\/wp-json\/wp\/v2\/posts\/299940\/revisions\/309677"}],"wp:featuredmedia":[{"embeddable":true,"href":"https:\/\/cinema.video\/it\/wp-json\/wp\/v2\/media\/299941"}],"wp:attachment":[{"href":"https:\/\/cinema.video\/it\/wp-json\/wp\/v2\/media?parent=299940"}],"wp:term":[{"taxonomy":"category","embeddable":true,"href":"https:\/\/cinema.video\/it\/wp-json\/wp\/v2\/categories?post=299940"},{"taxonomy":"post_tag","embeddable":true,"href":"https:\/\/cinema.video\/it\/wp-json\/wp\/v2\/tags?post=299940"}],"curies":[{"name":"wp","href":"https:\/\/api.w.org\/{rel}","templated":true}]}}