{"id":299917,"date":"2025-06-19T18:56:51","date_gmt":"2025-06-19T16:56:51","guid":{"rendered":"https:\/\/cinema.video\/?p=299917"},"modified":"2026-04-10T04:09:24","modified_gmt":"2026-04-10T02:09:24","slug":"cine-convention-anteprime","status":"publish","type":"post","link":"https:\/\/cinema.video\/it\/cine-convention-anteprime","title":{"rendered":"CINE&#8217; torna in citt\u00e0&#8217; il calendario di convention e anteprime"},"content":{"rendered":"\n<p class=\"wp-block-paragraph\">Mancano meno di due settimane all&#8217;inizio di <strong>Cin\u00e9- Giornate di Cinema<\/strong>: la manifestazione dedicata al networking e all\u2019aggiornamento professionale per l\u2019industria cinematografica, prodotta e organizzata da<strong> Cineventi<\/strong>, si aprir\u00e0 per gli addetti ai lavori al Palazzo dei Congressi di Riccione dal 1\u00b0 al 4 luglio, preceduta,  partire dal 29 giugno, dagli eventi di <strong>Cin\u00e9 in Citt\u00e0 <\/strong>nell&#8217;arena a cielo aperto in Piazzale Ceccarini, e <strong>Cin\u00e9 Camp &#8211; Il camp di cinema per gli under 18<\/strong>, il palinsesto speciale per i pi\u00f9 giovani. <\/p>\n\n\n\n<p class=\"wp-block-paragraph\">Delle iniziative in programma, gi\u00e0 annunciate dal direttore di Cin\u00e9, <strong>Remigio Truocchio<\/strong>, durante la scorsa edizione del March\u00e9 du Film di Cannes, abbiamo gi\u00e0 scritto <strong><a href=\"https:\/\/cinema.video\/cine-14-anteprime-e-novita\">qui<\/a><\/strong>.<\/p>\n\n\n\n<p class=\"wp-block-paragraph\">Di seguito riportiamo un calendario delle le convention e delle presentazioni dei listini da parte delle case di distribuzione, oltre che delle anteprime in programma:<\/p>\n\n\n\n<h2 class=\"wp-block-heading\">Il 1\u00b0 luglio<\/h2>\n\n\n\n<p class=\"wp-block-paragraph\"><em>CONVENTION:<\/em> <br><strong>Universal<\/strong> e <strong>I Wonder Pictures<\/strong><\/p>\n\n\n\n<p class=\"wp-block-paragraph\"><em>ANTEPRIME:<\/em> <br><strong><em>La famiglia Leroy<\/em><\/strong><em> <\/em>di Florent Bernard con Charlotte Gainsbourg (ore 20.00 Aperta al pubblico) al cinema a settembre con Wanted Cinema.<br><strong><em>Warfare \u2013 Tempo di guerra<\/em><\/strong> (ore 22.00), film A24 di Alex Garland e Ray Mendoza, esperienza immersiva nella sconvolgente realt\u00e0 dei conflitti moderni, in uscita ad agosto con I Wonder Pictures<\/p>\n\n\n\n<h2 class=\"wp-block-heading\">Il 2 luglio<\/h2>\n\n\n\n<p class=\"wp-block-paragraph\"><em>CONVENTION:<\/em> <br><strong>01 Distribution<\/strong>, <strong>Lucky Red<\/strong>, <strong>BiM Distribuzione<\/strong>, <strong>Eagle Pictures<\/strong>, <strong>Notorious Pictures<\/strong>. La convention di Eagle avr\u00e0 come ospiti <strong>Lorenzo Zurzolo<\/strong> e <strong>Ginevra Francesconi <\/strong>per <em>Squali<\/em>, film di <strong>Daniele Barbiero<\/strong> liberamente tratto dal romanzo di <strong>Giacomo Mazzariol<\/strong>, anch\u2019essi presenti all\u2019interno della convention).<br>Presenti invece all&#8217;interno della convention di\u00a0Notorious,<strong>Monica Guerritore<\/strong>\u00a0per\u00a0<em>Anna<\/em>,<strong>Diego Abatantuono, Max Angioni<\/strong>\u00a0e il regista\u00a0<strong>Volfango De Biasi<\/strong>\u00a0per\u00a0<em>Esprimi un desiderio<\/em><\/p>\n\n\n\n<p class=\"wp-block-paragraph\"><em>LISTINI<\/em>: <br><strong>FilmClub Distribuzione<\/strong>,  <strong>Plaion Pictures<\/strong>\u00a0e\u00a0<strong>Wanted Cinema<\/strong>.<\/p>\n\n\n\n<p class=\"wp-block-paragraph\">\u00a0<em>ANTEPRIME: <\/em><br><strong><em>Strike \u2013 Figli di un\u2019era sbagliata<\/em><\/strong> di G. Berti, G. Nasta e D. Tricarico (Arena di Piazzale Ceccarini, ore 20.30. Aperta al pubblico). Una storia di amicizia e di lotta contro le dipendenze, distribuito da FilmClub Distribuzione, alla presenza dei protagonisti <strong>Matilde Gioli e Lorenzo Zurzolo <\/strong>e dei registi;<\/p>\n\n\n\n<p class=\"wp-block-paragraph\"><strong><em>Tutto quello che resta di te<\/em><\/strong><em> <\/em>di Cherien Dabis (ore 21.15), un dramma familiare che attraversa tre generazioni sotto l\u2019occupazione israeliana in Palestina, in sala da settembre con Officine UBU. <\/p>\n\n\n\n<h2 class=\"wp-block-heading\">Il 3 luglio <\/h2>\n\n\n\n<p class=\"wp-block-paragraph\"><em>CONVENTION:<\/em> <br><strong>Medusa Film<\/strong>, alla presenza di <strong>Diego Abatantuono<\/strong> e <strong>Geppi Cucciari<\/strong> per <em>La vita cos\u00ec,<\/em> il nuovo film di <strong>Riccardo Milani <\/strong>che saluter\u00e0 il pubblico  in collegamento insieme a <strong>Virginia Raffaele<\/strong> e <strong>Aldo Baglio<\/strong>. Seguir\u00e0 &nbsp;<strong>The Walt Disney Company<\/strong>.<br>Nel pomeriggio, <strong>Vision Distribution<\/strong>&nbsp;porter\u00e0 sul palco <strong>Andrea Di Stefano<\/strong> con <strong>Pierfrancesco Favino<\/strong> e <strong>Tiziano Menichelli <\/strong>per <em>Il Maestro<\/em>, <strong>Paolo Virz\u00ec <\/strong>e <strong>Valerio Mastandrea<\/strong> per <em>Cinque secondi<\/em>, <strong>Michele Riondino<\/strong> per il nuovo film di Paolo Strippoli <em>La valle dei sorrisi<\/em>, <strong>Massimiliano Bruno<\/strong> con <strong>Edoardo Leo<\/strong> per <em>2 cuori e 2 capanne.<\/em>&nbsp;<\/p>\n\n\n\n<p class=\"wp-block-paragraph\"><em>LISTINI:<\/em> <br><strong>Adler Entertainment<\/strong>, <strong>Fandango<\/strong>&nbsp;e&nbsp;<strong>Officine UBU<\/strong><\/p>\n\n\n\n<p class=\"wp-block-paragraph\"><em>ANTEPRIME: <\/em><br><strong><em>Quir<\/em><\/strong><em> <\/em>di Nicola Bellucci ( ore 21.30 Arena di Piazzale Ceccarini, ore 20.30. Aperta al pubblico). Documentario ambientato a Palermo che racconta un luogo d\u2019amore capace di sfidare ogni convenzione<\/p>\n\n\n\n<h2 class=\"wp-block-heading\">Il 4 luglio <\/h2>\n\n\n\n<p class=\"wp-block-paragraph\"><em>CONVENTION:<\/em> <strong>Warner Bros. Discovery <\/strong><\/p>\n\n\n\n<p class=\"wp-block-paragraph\"><em>LISTINI:<\/em> <strong>Movies Inspired<\/strong>,\u00a0<strong>Europictures<\/strong>,\u00a0<strong>PiperFilm<\/strong><br>Con PiperFilm\u00a0arriveranno\u00a0<strong>Lillo Petrolo<\/strong>,\u00a0<strong>Naska<\/strong>\u00a0e\u00a0<strong>Maurizio Lastrico<\/strong>\u00a0per\u00a0<em>Tutta colpa del rock<\/em>\u00a0di Andrea Jublin,\u00a0<strong>Claudio Amendola<\/strong>\u00a0per\u00a0<em>Fuori la verit\u00e0<\/em>\u00a0di Davide Minnella e\u00a0<strong>Edoardo Leo<\/strong>\u00a0per\u00a0<em>Per te<\/em>\u00a0di Alessandro Aronadio.<\/p>\n\n\n\n<p class=\"wp-block-paragraph\"><\/p>\n\n\n\n<p class=\"wp-block-paragraph\">Come di consuetudine, a dare il via a Cin\u00e9 sar\u00e0 il convegno inaugurale a cura di <strong>Box Office<\/strong>, intitolato <strong><em>Produzione italiana e nuovi linguaggi narrativi<\/em><\/strong>. L\u2019appuntamento offrir\u00e0 una riflessione sull\u2019evoluzione del cinema nazionale, tra nuovi modelli produttivi e linguaggi in trasformazione. Interverranno<strong> Isabel Aguilar <\/strong>(Sceneggiatrice), <strong>Paolo Del Brocco<\/strong> (Amministratore Delegato di Rai Cinema), <strong>Marta Donzelli<\/strong> (Produttrice di Vivo Film), <strong>Giampaolo Letta<\/strong> (Vicepresidente e Amministratore Delegato di Medusa Film), <strong>Annamaria Morelli<\/strong> (Ceo di The Apartment),<strong> Massimo Proietti<\/strong> (Ceo di Vision Distribution e Deputy Managing Director di Universal Pictures International Italy).<br><\/p>\n\n\n\n<p class=\"wp-block-paragraph\">Cin\u00e9 \u00e8 promossa da <strong>ANICA <\/strong>(Associazione Nazionale Industrie Cinematografiche Audiovisive e Digitali)<strong> <\/strong>in collaborazione con <strong>ANEC <\/strong>(Associazione Nazionale Esercenti Cinematografici), con la partecipazione di <strong>ACEC <\/strong>(Associazione Cattolica Esercenti Cinema), sostenuta dal <strong>MiC<\/strong>, dalla <strong>Regione Emilia-Romagna<\/strong>, dalla <strong>Emilia-Romagna Film Commission <\/strong>e dal<strong> Comune di Riccione<\/strong>, prodotta e organizzata da <strong>Cineventi<\/strong>.<br><\/p>\n\n\n\n<p class=\"wp-block-paragraph\"> .<\/p>\n\n\n\n<p class=\"wp-block-paragraph\"><br><br><br><br><\/p>\n","protected":false},"excerpt":{"rendered":"<p>Cin\u00e9 torna a Riccione dall&#8217; 1 al 4 luglio, preceduto dagli eventi di Cin\u00e8 in Citt\u00e0: il calendario delle convention, delle presentazioni dei listini e delle anteprime in programma<\/p>\n","protected":false},"author":26,"featured_media":299918,"comment_status":"closed","ping_status":"closed","sticky":false,"template":"","format":"standard","meta":{"googlesitekit_rrm_CAow3e7fCw:productID":"","_crdt_document":"","footnotes":""},"categories":[1],"tags":[420,356],"class_list":{"0":"post-299917","1":"post","2":"type-post","3":"status-publish","4":"format-standard","5":"has-post-thumbnail","7":"category-senza-categoria","8":"tag-emilia-romagna-film-commission","9":"tag-focus"},"yoast_head":"<!-- This site is optimized with the Yoast SEO Premium plugin v27.4 (Yoast SEO v27.5) - https:\/\/yoast.com\/product\/yoast-seo-premium-wordpress\/ -->\n<title>CINE&#039; torna in citt\u00e0&#039; il calendario di convention e anteprime - Cinema &amp; Video International<\/title>\n<meta name=\"description\" content=\"CINE&#039; torna in citt\u00e0&#039; il calendario di convention e anteprime \u2013 cine torna in citt il calendario. Mancano meno di due settimane all&#039;inizio di Cin\u00e9- Giorna\" \/>\n<meta name=\"robots\" content=\"index, follow, max-snippet:-1, max-image-preview:large, max-video-preview:-1\" \/>\n<link rel=\"canonical\" href=\"https:\/\/cinema.video\/it\/cine-convention-anteprime\" \/>\n<meta property=\"og:locale\" content=\"it_IT\" \/>\n<meta property=\"og:type\" content=\"article\" \/>\n<meta property=\"og:title\" content=\"CINE&#039; torna in citt\u00e0&#039; il calendario di convention e anteprime\" \/>\n<meta property=\"og:description\" content=\"CINE&#039; torna in citt\u00e0&#039; il calendario di convention e anteprime \u2013 cine torna in citt il calendario. Mancano meno di due settimane all&#039;inizio di Cin\u00e9- Giorna\" \/>\n<meta property=\"og:url\" content=\"https:\/\/cinema.video\/it\/cine-convention-anteprime\" \/>\n<meta property=\"og:site_name\" content=\"Cinema &amp; Video International\" \/>\n<meta property=\"article:publisher\" content=\"https:\/\/www.facebook.com\/CinemaVideoInternational\/\" \/>\n<meta property=\"article:published_time\" content=\"2025-06-19T16:56:51+00:00\" \/>\n<meta property=\"article:modified_time\" content=\"2026-04-10T02:09:24+00:00\" \/>\n<meta property=\"og:image\" content=\"https:\/\/cinema.video\/wp-content\/uploads\/2025\/06\/QUIR_shop-ext-scaled-e1750352154470.jpg\" \/>\n\t<meta property=\"og:image:width\" content=\"800\" \/>\n\t<meta property=\"og:image:height\" content=\"436\" \/>\n\t<meta property=\"og:image:type\" content=\"image\/jpeg\" \/>\n<meta name=\"author\" content=\"Redazione\" \/>\n<meta name=\"twitter:card\" content=\"summary_large_image\" \/>\n<meta name=\"twitter:label1\" content=\"Scritto da\" \/>\n\t<meta name=\"twitter:data1\" content=\"Redazione\" \/>\n\t<meta name=\"twitter:label2\" content=\"Tempo di lettura stimato\" \/>\n\t<meta name=\"twitter:data2\" content=\"4 minuti\" \/>\n<script type=\"application\/ld+json\" class=\"yoast-schema-graph\">{\"@context\":\"https:\\\/\\\/schema.org\",\"@graph\":[{\"@type\":\"Article\",\"@id\":\"https:\\\/\\\/cinema.video\\\/it\\\/cine-convention-anteprime#article\",\"isPartOf\":{\"@id\":\"https:\\\/\\\/cinema.video\\\/it\\\/cine-convention-anteprime\"},\"author\":{\"name\":\"Redazione\",\"@id\":\"https:\\\/\\\/cinema.video\\\/it#\\\/schema\\\/person\\\/aeb01b91d874e8b01e76a1db04c668c6\"},\"headline\":\"CINE&#8217; torna in citt\u00e0&#8217; il calendario di convention e anteprime\",\"datePublished\":\"2025-06-19T16:56:51+00:00\",\"dateModified\":\"2026-04-10T02:09:24+00:00\",\"mainEntityOfPage\":{\"@id\":\"https:\\\/\\\/cinema.video\\\/it\\\/cine-convention-anteprime\"},\"wordCount\":675,\"publisher\":{\"@id\":\"https:\\\/\\\/cinema.video\\\/it#organization\"},\"image\":{\"@id\":\"https:\\\/\\\/cinema.video\\\/it\\\/cine-convention-anteprime#primaryimage\"},\"thumbnailUrl\":\"https:\\\/\\\/cinema.video\\\/wp-content\\\/uploads\\\/2025\\\/06\\\/QUIR_shop-ext-scaled-e1750352154470.jpg\",\"keywords\":[\"EMILIA ROMAGNA FILM COMMISSION\",\"focus\"],\"inLanguage\":\"it-IT\"},{\"@type\":\"WebPage\",\"@id\":\"https:\\\/\\\/cinema.video\\\/it\\\/cine-convention-anteprime\",\"url\":\"https:\\\/\\\/cinema.video\\\/it\\\/cine-convention-anteprime\",\"name\":\"CINE' torna in citt\u00e0' il calendario di convention e anteprime - Cinema &amp; Video International\",\"isPartOf\":{\"@id\":\"https:\\\/\\\/cinema.video\\\/it#website\"},\"primaryImageOfPage\":{\"@id\":\"https:\\\/\\\/cinema.video\\\/it\\\/cine-convention-anteprime#primaryimage\"},\"image\":{\"@id\":\"https:\\\/\\\/cinema.video\\\/it\\\/cine-convention-anteprime#primaryimage\"},\"thumbnailUrl\":\"https:\\\/\\\/cinema.video\\\/wp-content\\\/uploads\\\/2025\\\/06\\\/QUIR_shop-ext-scaled-e1750352154470.jpg\",\"datePublished\":\"2025-06-19T16:56:51+00:00\",\"dateModified\":\"2026-04-10T02:09:24+00:00\",\"description\":\"CINE' torna in citt\u00e0' il calendario di convention e anteprime \u2013 cine torna in citt il calendario. Mancano meno di due settimane all'inizio di Cin\u00e9- Giorna\",\"breadcrumb\":{\"@id\":\"https:\\\/\\\/cinema.video\\\/it\\\/cine-convention-anteprime#breadcrumb\"},\"inLanguage\":\"it-IT\",\"potentialAction\":[{\"@type\":\"ReadAction\",\"target\":[\"https:\\\/\\\/cinema.video\\\/it\\\/cine-convention-anteprime\"]}]},{\"@type\":\"ImageObject\",\"inLanguage\":\"it-IT\",\"@id\":\"https:\\\/\\\/cinema.video\\\/it\\\/cine-convention-anteprime#primaryimage\",\"url\":\"https:\\\/\\\/cinema.video\\\/wp-content\\\/uploads\\\/2025\\\/06\\\/QUIR_shop-ext-scaled-e1750352154470.jpg\",\"contentUrl\":\"https:\\\/\\\/cinema.video\\\/wp-content\\\/uploads\\\/2025\\\/06\\\/QUIR_shop-ext-scaled-e1750352154470.jpg\",\"width\":800,\"height\":436,\"caption\":\"Cin\u00e9 torna a Riccione dall' 1 al 4 luglio: il calendario delle convention, delle presentazioni dei listini e delle anteprime in programma\"},{\"@type\":\"BreadcrumbList\",\"@id\":\"https:\\\/\\\/cinema.video\\\/it\\\/cine-convention-anteprime#breadcrumb\",\"itemListElement\":[{\"@type\":\"ListItem\",\"position\":1,\"name\":\"Home\",\"item\":\"https:\\\/\\\/cinema.video\\\/it\\\/home-2\"},{\"@type\":\"ListItem\",\"position\":2,\"name\":\"CINE&#8217; torna in citt\u00e0&#8217; il calendario di convention e anteprime\"}]},{\"@type\":\"WebSite\",\"@id\":\"https:\\\/\\\/cinema.video\\\/it#website\",\"url\":\"https:\\\/\\\/cinema.video\\\/it\",\"name\":\"Cinema & Video International\",\"description\":\"Film &amp; Audiovisual Industry Trade Magazine\",\"publisher\":{\"@id\":\"https:\\\/\\\/cinema.video\\\/it#organization\"},\"alternateName\":\"Cinema & Video\",\"potentialAction\":[{\"@type\":\"SearchAction\",\"target\":{\"@type\":\"EntryPoint\",\"urlTemplate\":\"https:\\\/\\\/cinema.video\\\/it?s={search_term_string}\"},\"query-input\":{\"@type\":\"PropertyValueSpecification\",\"valueRequired\":true,\"valueName\":\"search_term_string\"}}],\"inLanguage\":\"it-IT\"},{\"@type\":\"Organization\",\"@id\":\"https:\\\/\\\/cinema.video\\\/it#organization\",\"name\":\"Cinema & Video\",\"url\":\"https:\\\/\\\/cinema.video\\\/it\",\"logo\":{\"@type\":\"ImageObject\",\"inLanguage\":\"it-IT\",\"@id\":\"https:\\\/\\\/cinema.video\\\/it#\\\/schema\\\/logo\\\/image\\\/\",\"url\":\"https:\\\/\\\/cinema.video\\\/wp-content\\\/uploads\\\/2026\\\/04\\\/CinemVideo_LogoBlack.png\",\"contentUrl\":\"https:\\\/\\\/cinema.video\\\/wp-content\\\/uploads\\\/2026\\\/04\\\/CinemVideo_LogoBlack.png\",\"width\":1336,\"height\":224,\"caption\":\"Cinema & Video\"},\"image\":{\"@id\":\"https:\\\/\\\/cinema.video\\\/it#\\\/schema\\\/logo\\\/image\\\/\"},\"sameAs\":[\"https:\\\/\\\/www.facebook.com\\\/CinemaVideoInternational\\\/\",\"https:\\\/\\\/www.instagram.com\\\/cinemaevideointernational\\\/\",\"https:\\\/\\\/it.linkedin.com\\\/company\\\/cinema-video-international\"],\"description\":\"Media Consulting & Marketing Agency\",\"email\":\"hello@darostudio.com\",\"legalName\":\"DARO studio LLC\",\"foundingDate\":\"2021-02-16\",\"numberOfEmployees\":{\"@type\":\"QuantitativeValue\",\"minValue\":\"1\",\"maxValue\":\"10\"}},{\"@type\":\"Person\",\"@id\":\"https:\\\/\\\/cinema.video\\\/it#\\\/schema\\\/person\\\/aeb01b91d874e8b01e76a1db04c668c6\",\"name\":\"Redazione\",\"image\":{\"@type\":\"ImageObject\",\"inLanguage\":\"it-IT\",\"@id\":\"https:\\\/\\\/secure.gravatar.com\\\/avatar\\\/06ad6f92eb14745b75fb592cadf8139d33242d81c9c8b085133c450aaf0b9731?s=96&d=mm&r=g\",\"url\":\"https:\\\/\\\/secure.gravatar.com\\\/avatar\\\/06ad6f92eb14745b75fb592cadf8139d33242d81c9c8b085133c450aaf0b9731?s=96&d=mm&r=g\",\"contentUrl\":\"https:\\\/\\\/secure.gravatar.com\\\/avatar\\\/06ad6f92eb14745b75fb592cadf8139d33242d81c9c8b085133c450aaf0b9731?s=96&d=mm&r=g\",\"caption\":\"Redazione\"},\"url\":\"https:\\\/\\\/cinema.video\\\/it\\\/author\\\/redazione\"}]}<\/script>\n<!-- \/ Yoast SEO Premium plugin. -->","yoast_head_json":{"title":"CINE' torna in citt\u00e0' il calendario di convention e anteprime - Cinema &amp; Video International","description":"CINE' torna in citt\u00e0' il calendario di convention e anteprime \u2013 cine torna in citt il calendario. Mancano meno di due settimane all'inizio di Cin\u00e9- Giorna","robots":{"index":"index","follow":"follow","max-snippet":"max-snippet:-1","max-image-preview":"max-image-preview:large","max-video-preview":"max-video-preview:-1"},"canonical":"https:\/\/cinema.video\/it\/cine-convention-anteprime","og_locale":"it_IT","og_type":"article","og_title":"CINE' torna in citt\u00e0' il calendario di convention e anteprime","og_description":"CINE' torna in citt\u00e0' il calendario di convention e anteprime \u2013 cine torna in citt il calendario. Mancano meno di due settimane all'inizio di Cin\u00e9- Giorna","og_url":"https:\/\/cinema.video\/it\/cine-convention-anteprime","og_site_name":"Cinema &amp; Video International","article_publisher":"https:\/\/www.facebook.com\/CinemaVideoInternational\/","article_published_time":"2025-06-19T16:56:51+00:00","article_modified_time":"2026-04-10T02:09:24+00:00","og_image":[{"width":800,"height":436,"url":"https:\/\/cinema.video\/wp-content\/uploads\/2025\/06\/QUIR_shop-ext-scaled-e1750352154470.jpg","type":"image\/jpeg"}],"author":"Redazione","twitter_card":"summary_large_image","twitter_misc":{"Scritto da":"Redazione","Tempo di lettura stimato":"4 minuti"},"schema":{"@context":"https:\/\/schema.org","@graph":[{"@type":"Article","@id":"https:\/\/cinema.video\/it\/cine-convention-anteprime#article","isPartOf":{"@id":"https:\/\/cinema.video\/it\/cine-convention-anteprime"},"author":{"name":"Redazione","@id":"https:\/\/cinema.video\/it#\/schema\/person\/aeb01b91d874e8b01e76a1db04c668c6"},"headline":"CINE&#8217; torna in citt\u00e0&#8217; il calendario di convention e anteprime","datePublished":"2025-06-19T16:56:51+00:00","dateModified":"2026-04-10T02:09:24+00:00","mainEntityOfPage":{"@id":"https:\/\/cinema.video\/it\/cine-convention-anteprime"},"wordCount":675,"publisher":{"@id":"https:\/\/cinema.video\/it#organization"},"image":{"@id":"https:\/\/cinema.video\/it\/cine-convention-anteprime#primaryimage"},"thumbnailUrl":"https:\/\/cinema.video\/wp-content\/uploads\/2025\/06\/QUIR_shop-ext-scaled-e1750352154470.jpg","keywords":["EMILIA ROMAGNA FILM COMMISSION","focus"],"inLanguage":"it-IT"},{"@type":"WebPage","@id":"https:\/\/cinema.video\/it\/cine-convention-anteprime","url":"https:\/\/cinema.video\/it\/cine-convention-anteprime","name":"CINE' torna in citt\u00e0' il calendario di convention e anteprime - Cinema &amp; Video International","isPartOf":{"@id":"https:\/\/cinema.video\/it#website"},"primaryImageOfPage":{"@id":"https:\/\/cinema.video\/it\/cine-convention-anteprime#primaryimage"},"image":{"@id":"https:\/\/cinema.video\/it\/cine-convention-anteprime#primaryimage"},"thumbnailUrl":"https:\/\/cinema.video\/wp-content\/uploads\/2025\/06\/QUIR_shop-ext-scaled-e1750352154470.jpg","datePublished":"2025-06-19T16:56:51+00:00","dateModified":"2026-04-10T02:09:24+00:00","description":"CINE' torna in citt\u00e0' il calendario di convention e anteprime \u2013 cine torna in citt il calendario. Mancano meno di due settimane all'inizio di Cin\u00e9- Giorna","breadcrumb":{"@id":"https:\/\/cinema.video\/it\/cine-convention-anteprime#breadcrumb"},"inLanguage":"it-IT","potentialAction":[{"@type":"ReadAction","target":["https:\/\/cinema.video\/it\/cine-convention-anteprime"]}]},{"@type":"ImageObject","inLanguage":"it-IT","@id":"https:\/\/cinema.video\/it\/cine-convention-anteprime#primaryimage","url":"https:\/\/cinema.video\/wp-content\/uploads\/2025\/06\/QUIR_shop-ext-scaled-e1750352154470.jpg","contentUrl":"https:\/\/cinema.video\/wp-content\/uploads\/2025\/06\/QUIR_shop-ext-scaled-e1750352154470.jpg","width":800,"height":436,"caption":"Cin\u00e9 torna a Riccione dall' 1 al 4 luglio: il calendario delle convention, delle presentazioni dei listini e delle anteprime in programma"},{"@type":"BreadcrumbList","@id":"https:\/\/cinema.video\/it\/cine-convention-anteprime#breadcrumb","itemListElement":[{"@type":"ListItem","position":1,"name":"Home","item":"https:\/\/cinema.video\/it\/home-2"},{"@type":"ListItem","position":2,"name":"CINE&#8217; torna in citt\u00e0&#8217; il calendario di convention e anteprime"}]},{"@type":"WebSite","@id":"https:\/\/cinema.video\/it#website","url":"https:\/\/cinema.video\/it","name":"Cinema & Video International","description":"Film &amp; Audiovisual Industry Trade Magazine","publisher":{"@id":"https:\/\/cinema.video\/it#organization"},"alternateName":"Cinema & Video","potentialAction":[{"@type":"SearchAction","target":{"@type":"EntryPoint","urlTemplate":"https:\/\/cinema.video\/it?s={search_term_string}"},"query-input":{"@type":"PropertyValueSpecification","valueRequired":true,"valueName":"search_term_string"}}],"inLanguage":"it-IT"},{"@type":"Organization","@id":"https:\/\/cinema.video\/it#organization","name":"Cinema & Video","url":"https:\/\/cinema.video\/it","logo":{"@type":"ImageObject","inLanguage":"it-IT","@id":"https:\/\/cinema.video\/it#\/schema\/logo\/image\/","url":"https:\/\/cinema.video\/wp-content\/uploads\/2026\/04\/CinemVideo_LogoBlack.png","contentUrl":"https:\/\/cinema.video\/wp-content\/uploads\/2026\/04\/CinemVideo_LogoBlack.png","width":1336,"height":224,"caption":"Cinema & Video"},"image":{"@id":"https:\/\/cinema.video\/it#\/schema\/logo\/image\/"},"sameAs":["https:\/\/www.facebook.com\/CinemaVideoInternational\/","https:\/\/www.instagram.com\/cinemaevideointernational\/","https:\/\/it.linkedin.com\/company\/cinema-video-international"],"description":"Media Consulting & Marketing Agency","email":"hello@darostudio.com","legalName":"DARO studio LLC","foundingDate":"2021-02-16","numberOfEmployees":{"@type":"QuantitativeValue","minValue":"1","maxValue":"10"}},{"@type":"Person","@id":"https:\/\/cinema.video\/it#\/schema\/person\/aeb01b91d874e8b01e76a1db04c668c6","name":"Redazione","image":{"@type":"ImageObject","inLanguage":"it-IT","@id":"https:\/\/secure.gravatar.com\/avatar\/06ad6f92eb14745b75fb592cadf8139d33242d81c9c8b085133c450aaf0b9731?s=96&d=mm&r=g","url":"https:\/\/secure.gravatar.com\/avatar\/06ad6f92eb14745b75fb592cadf8139d33242d81c9c8b085133c450aaf0b9731?s=96&d=mm&r=g","contentUrl":"https:\/\/secure.gravatar.com\/avatar\/06ad6f92eb14745b75fb592cadf8139d33242d81c9c8b085133c450aaf0b9731?s=96&d=mm&r=g","caption":"Redazione"},"url":"https:\/\/cinema.video\/it\/author\/redazione"}]}},"jetpack_featured_media_url":"https:\/\/cinema.video\/wp-content\/uploads\/2025\/06\/QUIR_shop-ext-scaled-e1750352154470.jpg","jetpack_shortlink":"https:\/\/wp.me\/ph672m-1g1n","_links":{"self":[{"href":"https:\/\/cinema.video\/it\/wp-json\/wp\/v2\/posts\/299917","targetHints":{"allow":["GET"]}}],"collection":[{"href":"https:\/\/cinema.video\/it\/wp-json\/wp\/v2\/posts"}],"about":[{"href":"https:\/\/cinema.video\/it\/wp-json\/wp\/v2\/types\/post"}],"author":[{"embeddable":true,"href":"https:\/\/cinema.video\/it\/wp-json\/wp\/v2\/users\/26"}],"replies":[{"embeddable":true,"href":"https:\/\/cinema.video\/it\/wp-json\/wp\/v2\/comments?post=299917"}],"version-history":[{"count":1,"href":"https:\/\/cinema.video\/it\/wp-json\/wp\/v2\/posts\/299917\/revisions"}],"predecessor-version":[{"id":309673,"href":"https:\/\/cinema.video\/it\/wp-json\/wp\/v2\/posts\/299917\/revisions\/309673"}],"wp:featuredmedia":[{"embeddable":true,"href":"https:\/\/cinema.video\/it\/wp-json\/wp\/v2\/media\/299918"}],"wp:attachment":[{"href":"https:\/\/cinema.video\/it\/wp-json\/wp\/v2\/media?parent=299917"}],"wp:term":[{"taxonomy":"category","embeddable":true,"href":"https:\/\/cinema.video\/it\/wp-json\/wp\/v2\/categories?post=299917"},{"taxonomy":"post_tag","embeddable":true,"href":"https:\/\/cinema.video\/it\/wp-json\/wp\/v2\/tags?post=299917"}],"curies":[{"name":"wp","href":"https:\/\/api.w.org\/{rel}","templated":true}]}}