{"id":299894,"date":"2025-06-17T09:57:48","date_gmt":"2025-06-17T07:57:48","guid":{"rendered":"https:\/\/cinema.video\/?p=299894"},"modified":"2026-04-10T04:09:23","modified_gmt":"2026-04-10T02:09:23","slug":"annecy-e-di-enrico-casarosa-il-film-pixar-dellestate-2027","status":"publish","type":"post","link":"https:\/\/cinema.video\/it\/annecy-e-di-enrico-casarosa-il-film-pixar-dellestate-2027","title":{"rendered":"ANNECY E\u2019 di Enrico Casarosa il film Pixar dell\u2019estate 2027"},"content":{"rendered":"\n<p class=\"wp-block-paragraph\">Solo un cortometraggio in concorso &#8211;<em>Il burattino e la balena<\/em> di Roberto Catani \u2013 ma alla fine una partecipazione di tutto rispetto quella degli italiani al Festival del film d\u2019animazione di Annecy che si \u00e8 chiuso lo scorso sabato 14 giugno nell\u2019accaldata cittadina savoiarda.<\/p>\n\n\n\n<p class=\"wp-block-paragraph\"><strong>I NUOVI TITOLI DISNEY\/PIXAR<\/strong><\/p>\n\n\n\n<p class=\"wp-block-paragraph\">Ciliegina sulla torta, l\u2019annuncio da parte di Pete Docter, direttore creativo dei Pixar Animation Studios, che fra i numerosi film nella pipeline, l\u2019estate 2027 vedr\u00e0 il genovese <strong>Enrico Casarosa<\/strong> sugli schermi con <em>Gatto <\/em>per raccontare ancora una storia ambientata in Italia. Dopo l\u2019esordio alla regia di un lungometraggio nel 2021 con <em>Luca<\/em>, ambientato nella sua Liguria, Casarosa si cimenta ora con Venezia e i suoi canali dove questo simpatico gatto nero amante della musica, come tutti i gatti, non sa nuotare. Ma prima, a fine giugno, c\u2019\u00e8 la storia di <em>Elio<\/em>, il ragazzino che vuole farsi rapire dagli alieni, i cui i primi 25 minuti sono stati presentati dalle registe Madeline Sharafian al suo debutto in un lungo e dalla nuova stella della Pixar <strong>Domee Shi<\/strong> &#8211; vicepresidente del team creativo nonch\u00e9 candidata per il miglior film d&#8217;animazione per <em>Red<\/em> &#8211; insieme a Mary Alice Drumm, gi\u00e0 produttrice di <em>Coco <\/em>del quale arriver\u00e0 un secondo capitolo nel 2028. Una bambina che adora gli animali \u00e8 invece la protagonista dell\u2019action adventure comedy film della primavera 2026 dal titolo <em>Hoppers. <\/em>L\u2019estate 2026 per il quinto capitolo di Toy Story, franchise che festeggia 30 anni. \u201cEravamo in 120 all\u2019epoca a fare un film\u201d, ricorda Docter mostrando la sequenza di apertura con decine di Buzz Lightyear naufragati su una spiaggia tropicale e una foto che lo ritrae nel 1995 insieme ai fondatori dello studio, citando solo di sfuggita la presenza di John Lasseter, colui che \u00e8 stato direttore creativo prima di lui nonch\u00e9 regista del primo <em>Toy Story<\/em>, primo lungometraggio d&#8217;animazione di sempre realizzato completamente in CGI. <em>Sic transit gloria mundi<\/em>. Dal 2028 in poi, infine, oltre a <em>Coco 2<\/em> arriveranno anche <em>Gli Incredibili 3. \u201c<\/em>Uno dei migliori piani di sempre\u201d, ha commentato Docter. Le sue grandi mani, insieme a quelle di <strong>Ron Clements<\/strong> &#8211; protagonista di quello che \u00e8 stato definito il Rinascimento Disney con capolavori come <em>La Sirenetta<\/em>, ma anche parte del successivo Disney Revival con titoli come <em>Moana<\/em>, sempre in coppia con John Musker \u2013 faranno parte dell\u2019Animation Walk of Fame di Annecy nella nuova <strong>Citt\u00e0 dell\u2019animazione<\/strong> che verr\u00e0 inaugurata in occasione della prossima edizione del festival, dal 14 al 20 giugno 2026.<\/p>\n\n\n\n<p class=\"wp-block-paragraph\"><strong>Jared Bush<\/strong>, alla sua prima partecipazione, nel suo nuovo ruolo di direttore creativo dei Walt Disney Animation Studios, ha annunciato che <strong>Clements<\/strong> collaborer\u00e0 con lo studio in qualit\u00e0 di consulente creativo, per portare avanti la \u201clegacy\u201d, l\u2019eredit\u00e0 Disney. Dal canto suo il regista di <em>Aladdin<\/em> ha detto che \u201cnon vede l&#8217;ora di vivere altre avventure entusiasmanti con queste mani\u201d. E dunque chiss\u00e0 che oltre a passare le sue conoscenze ai nuovi talenti non possa firmare in prima persona qualche altro classico Disney. Intanto, il prossimo, <em>Zootropolis 2<\/em>, del quale Bush ha presentato contenuti esclusivi, lo vede stavolta alla regia, nelle sale da fine novembre. Fra i nuovi personaggi un simpatico serpente blu con la voce dell\u2019attore vietnamita naturalizzato statunitense Ke Huy Quan (Oscar al miglior attore non protagonista per <em>Everything Everywhere All at Once<\/em>) mentre Jean Reno prester\u00e0 la voce a un nuovo personaggio: un agente del Dipartimento di Polizia di Zootropolis. \u201cRealizzare nuove storie ma anche espandere le storie che gi\u00e0 amiamo\u201d, la linea di Bush. Se si aspettava questo nuovo ruolo? \u201cNo, ma se in un film Disney ci sono circa 800 persone con cui relazionarsi, questa \u00e8 solo un\u2019espansione\u201d, ha spiegato, considerando anche le oltre 200 che lavorano nello studio di Vancouver.<\/p>\n\n\n\n<p class=\"wp-block-paragraph\"><span class=\"td_text_columns_two_cols\"><strong>GLI ITALIANI<\/strong><\/span>Sei i progetti italiani selezionati per altrettanti pitches al Mifa grazie a <strong>Cinecitt\u00e0<\/strong>, per la\u00a0<strong>Direzione Generale per il Cinema e l\u2019Audiovisivo del Ministero della Cultura<\/strong>. Tre film e tre serie tv. <em>Canto per Europa<\/em>, basato sull\u2019omonimo libro di Paolo Rumiz, \u00e8 un film per giovani adulti realizzato con il live painting dell\u2019artista Cosimo Miorelli, biellese che vive e lavora a Berlino. Primo progetto in animazione nato dall\u2019iniziativa di <strong>Graffiti<\/strong>, la societ\u00e0 fondata da Enrica Capra a Torino, dopo aver partecipato come coproduttore al lungometraggio in stop motion di Alain Ughetto <em>Manodopera. <\/em>Per la prima volta al Mifa i giovani palermitani di <strong>Megadrago<\/strong>, Nicol\u00f2 Cucc\u00ec e Salvo di Paola, rivelazione italiana di quest\u2019anno, la cui serie tv, <em>Il Baracchino<\/em>, ha appena debuttato su Prime, prodotta da Lucky Red, prima serie animata italiana per adulti Amazon original. Ad Annecy hanno presentato il loro primo progetto per un lungometraggio, un \u201canime italiano\u201d dal titolo <em>Sushiboy <\/em>ambientato in una Napoli un po\u2019 Tokyo con protagonista Totoshi, il miglior fattorino di sushi in circolazione in sella a una Vespa malconcia. Nel cassetto di Megadrago, ragazzi poco pi\u00f9 che ventenni di cui si sentir\u00e0 certamente ancora parlare in futuro, altri tre i progetti di serie che aspettano la luce. <em>La guerra delle rane e dei topi <\/em>\u00e8 il lungometraggio di Marco Jemolo in stop-motion proposto da <strong>Insolita Film<\/strong> e Grey Ladder che sar\u00e0 realizzato tutto con materiale biodegradabile.<\/p>\n\n\n\n<p class=\"wp-block-paragraph\">Anche <em>Space Tales<\/em> parla di un futuro in cui la Terra \u00e8 sull\u2019orlo del collasso, protagonista un astronauta atipico che cercher\u00e0 di salvare il mondo come i giovani topi Cosmo e la Principessa Rubagrana lottano per salvare il loro mondo minacciato dagli umani. Un progetto di serie di <strong>M74<\/strong>, societ\u00e0 specializzata in visual effects di Parma. Protagonista della serie <em>In punta di matita<\/em> \u00e8 Camilla, una bambina di 4 anni, che ogni pomeriggio dopo l\u2019asilo visita suo nonno, un disegnatore di cartoni animati, per raccontargli ci\u00f2 che ha vissuto. Insieme, disegnano su un grande foglio bianco finch\u00e9 la fantasia li trasporta dentro le illustrazioni. Una proposta per l\u2019infanzia di <strong>Blackball <\/strong>presentata da Giulia Negretto. Infine, <em>Will Moogley Ghost Agency<\/em> \u00e8 il progetto di serie in Cgi dello <strong>Studio Pandora<\/strong> di Torino, basato sulla serie di libri per ragazzi di Pierdomenico Baccalario e Alessandro Gatti gi\u00e0 tradotti in 22 lingue. \u201cUn <em>Ghostbuster<\/em> che incontra <em>Inside Out<\/em>\u201d, ha spiegato il produttore Francesco Catarinolo, con la regia di <strong>Christian De Vita<\/strong>. Quest\u2019ultimo \u00e8 il supervisore di <em>In alto tra le nuvole, <\/em>una storia immaginata da Sir Paul McCartney su cinque leggende della musica quali lo stesso Paul McCartney, C\u00e9line Dion, Lionel Richie e Ringo Starr, per un\u2019uscita prevista nel 2027.<\/p>\n\n\n\n<p class=\"wp-block-paragraph\"><em>The Magic is Back<\/em>, \u00e8 invece per questo autunno. La nuova serie animata di <em>Winx Club<\/em> sar\u00e0 su RaiKids a settembre e su Netflix a ottobre ma prima sulla BBC, l\u2019annuncio della <strong>Rainbow<\/strong>, protagonista di un affollato Studio Focus a trent\u2019anni dalla fondazione dello studio marchigiano ormai conosciuto in tutto il mondo. Il segreto del successo? \u201cEssere cos\u00ec tanto ingenuo e spericolato da pensare che fosse possibile\u201d, ha detto il fondatore Iginio Straffi. \u201cNon abbiamo paura ogni volta di ricreare la property, di farla evolvere\u201d, ha aggiunto Joanne Lee, Chief Content Officer nonch\u00e9 moglie del creatore della IP diffusa in 150 paesi.<\/p>\n\n\n\n<p class=\"wp-block-paragraph\">Finanziata con i Fondi Next Generation&nbsp;del PNRR, <strong>Ibermedia Next<\/strong> \u00e8 un\u2019iniziativa del Programma Ibermedia nata per promuovere il talento e la professionalizzazione dell\u2019animazione iberoamericana. Oltre al contributo finanziario, i progetti selezionati beneficiano delle azioni di networking, comunicazione e promozione nell\u2019ambito dei festival Pixelatl (Messico) Premios Quirino (Spagna) Animation! Ventana Sur (Argentina) il Next Lab Generation (Spagna) e appunto il Festival internazionale del cinema d\u2019animazione di Annecy. Se l\u2019Italia non potr\u00e0 pi\u00f9 partecipare al programma in quanto non aderisce pi\u00f9 ai requisiti richiesti, fra i titoli selezionati nella prima edizione del bando, presentata al Mifa, due i progetti di iniziativa di altrettante societ\u00e0 italiane. Nel progetto di serie in CGI e live action <em>Il viaggio di Guaman <\/em>della romana <strong>Light &amp; Color<\/strong> insieme a partner dal Per\u00f9 e Bolivia, il protagonista si imbarca in un\u2019esplorazione del Per\u00f9 contemporaneo. <em>Citt\u00e0 dolente \u2013 The Mirror<\/em>, serie di installazioni VR, \u00e8 il titolo con l\u2019Argentina del torinese <strong>Ibrido Studio<\/strong>, secondo e ultimo italiano in concorso con la serie animata <em>Anselmo Wannabe<\/em> prodotta insieme a Rai Kids di prossima programmazione.<\/p>\n\n\n\n<p class=\"wp-block-paragraph\"><strong>IL CONCORSO<\/strong><\/p>\n\n\n\n<p class=\"wp-block-paragraph\">Troppo pochi i titoli italiani in concorso per sperare in un premio. Neanche l\u2019acclamato nuovo film di <strong>Sylvain Chomet<\/strong>, <em>Marcel e Monsieur Pagnol<\/em>, che ha ricevuto una standing ovation, \u00e8 riuscito nell\u2019impresa. Il premio per il miglior lungometraggio \u00e8 andato invece a un altro film francese, <em><strong>Arco<\/strong><\/em>, primo lungo di Ugo Bienvenu. Film al quale \u00e8 andato anche il Premio SACEM per la migliore colonna sonora originale. Peccato, perch\u00e9 la musica composta da <strong>Stefano Bollani<\/strong> per il film di Chomet prodotto da What the Prod, Mediawan Kids &amp; Family Cinema, Bidibul Productions e Walking the Dog sull\u2019acclamato drammaturgo, romanziere e regista di film con celebri attori come Raimu e Fernandel era davvero evocativa. Tale l\u2019ammirazione di Bollani per Chomet, che, ci ha rivelato il produttore di Mediawan Kids &amp; Family Atom Soumache, \u00e8 stato lo stesso Bollani a candidarsi per la colonna sonora. In Francia l&#8217;uscita di <em>The Magnificent Life<\/em>, questo il titolo per il mercato estero, \u00e8 prevista per il&nbsp;15 ottobre, come parte dei festeggiamenti per il 130\u00b0 anniversario della nascita di Pagnol, membro dell&#8217;Acad\u00e9mie fran\u00e7aise dal 1946.<\/p>\n\n\n\n<p class=\"wp-block-paragraph\">L\u2019anno prossimo invece, dopo aver festeggiato i 40 anni del Mercato internazionale del film d\u2019animazione quest\u2019anno, si celebrer\u00e0 la 50\u00b0 edizione del Festival, trasferito da Cannes a Annecy per una felice intuizione del Generale De Gaulle.<\/p>\n","protected":false},"excerpt":{"rendered":"<p>Pete Docter, direttore creativo dei Pixar Animation Studios, ha annunciato che nell&#8217;estate 2027 arriver\u00e0 al cinema Gatto, che cui il genovese Enrico Casarosa ambienter\u00e0 a Venezia<\/p>\n","protected":false},"author":14,"featured_media":299897,"comment_status":"closed","ping_status":"closed","sticky":false,"template":"","format":"standard","meta":{"googlesitekit_rrm_CAow3e7fCw:productID":"","_crdt_document":"","footnotes":""},"categories":[1],"tags":[436],"class_list":{"0":"post-299894","1":"post","2":"type-post","3":"status-publish","4":"format-standard","5":"has-post-thumbnail","7":"category-senza-categoria","8":"tag-animazione"},"yoast_head":"<!-- This site is optimized with the Yoast SEO Premium plugin v27.4 (Yoast SEO v27.4) - https:\/\/yoast.com\/product\/yoast-seo-premium-wordpress\/ -->\n<title>ANNECY E\u2019 di Enrico Casarosa il film Pixar dell\u2019estate 2027 - Cinema &amp; Video International<\/title>\n<meta name=\"description\" content=\"ANNECY E\u2019 di Enrico Casarosa il film Pixar dell\u2019estate 2027 \u2013 annecy e di enrico casarosa il. Solo un cortometraggio in concorso -Il burattino e la balena\" \/>\n<meta name=\"robots\" content=\"index, follow, max-snippet:-1, max-image-preview:large, max-video-preview:-1\" \/>\n<link rel=\"canonical\" href=\"https:\/\/cinema.video\/it\/annecy-e-di-enrico-casarosa-il-film-pixar-dellestate-2027\" \/>\n<meta property=\"og:locale\" content=\"it_IT\" \/>\n<meta property=\"og:type\" content=\"article\" \/>\n<meta property=\"og:title\" content=\"ANNECY E\u2019 di Enrico Casarosa il film Pixar dell\u2019estate 2027\" \/>\n<meta property=\"og:description\" content=\"ANNECY E\u2019 di Enrico Casarosa il film Pixar dell\u2019estate 2027 \u2013 annecy e di enrico casarosa il. Solo un cortometraggio in concorso -Il burattino e la balena\" \/>\n<meta property=\"og:url\" content=\"https:\/\/cinema.video\/it\/annecy-e-di-enrico-casarosa-il-film-pixar-dellestate-2027\" \/>\n<meta property=\"og:site_name\" content=\"Cinema &amp; Video International\" \/>\n<meta property=\"article:publisher\" content=\"https:\/\/www.facebook.com\/CinemaVideoInternational\/\" \/>\n<meta property=\"article:published_time\" content=\"2025-06-17T07:57:48+00:00\" \/>\n<meta property=\"article:modified_time\" content=\"2026-04-10T02:09:23+00:00\" \/>\n<meta property=\"og:image\" content=\"https:\/\/cinema.video\/wp-content\/uploads\/2025\/06\/delegazione-Pixar-con-Docter-scaled.jpg\" \/>\n\t<meta property=\"og:image:width\" content=\"2560\" \/>\n\t<meta property=\"og:image:height\" content=\"1707\" \/>\n\t<meta property=\"og:image:type\" content=\"image\/jpeg\" \/>\n<meta name=\"author\" content=\"Monica Tasciotti\" \/>\n<meta name=\"twitter:card\" content=\"summary_large_image\" \/>\n<meta name=\"twitter:label1\" content=\"Scritto da\" \/>\n\t<meta name=\"twitter:data1\" content=\"Monica Tasciotti\" \/>\n\t<meta name=\"twitter:label2\" content=\"Tempo di lettura stimato\" \/>\n\t<meta name=\"twitter:data2\" content=\"9 minuti\" \/>\n<script type=\"application\/ld+json\" class=\"yoast-schema-graph\">{\"@context\":\"https:\\\/\\\/schema.org\",\"@graph\":[{\"@type\":\"Article\",\"@id\":\"https:\\\/\\\/cinema.video\\\/it\\\/annecy-e-di-enrico-casarosa-il-film-pixar-dellestate-2027#article\",\"isPartOf\":{\"@id\":\"https:\\\/\\\/cinema.video\\\/it\\\/annecy-e-di-enrico-casarosa-il-film-pixar-dellestate-2027\"},\"author\":{\"name\":\"Monica Tasciotti\",\"@id\":\"https:\\\/\\\/cinema.video\\\/it#\\\/schema\\\/person\\\/1ee8b2699ef9820dce5f2d4deb57c0be\"},\"headline\":\"ANNECY E\u2019 di Enrico Casarosa il film Pixar dell\u2019estate 2027\",\"datePublished\":\"2025-06-17T07:57:48+00:00\",\"dateModified\":\"2026-04-10T02:09:23+00:00\",\"mainEntityOfPage\":{\"@id\":\"https:\\\/\\\/cinema.video\\\/it\\\/annecy-e-di-enrico-casarosa-il-film-pixar-dellestate-2027\"},\"wordCount\":1563,\"publisher\":{\"@id\":\"https:\\\/\\\/cinema.video\\\/it#organization\"},\"image\":{\"@id\":\"https:\\\/\\\/cinema.video\\\/it\\\/annecy-e-di-enrico-casarosa-il-film-pixar-dellestate-2027#primaryimage\"},\"thumbnailUrl\":\"https:\\\/\\\/cinema.video\\\/wp-content\\\/uploads\\\/2025\\\/06\\\/delegazione-Pixar-con-Docter-scaled.jpg\",\"keywords\":[\"Animazione\"],\"inLanguage\":\"it-IT\"},{\"@type\":\"WebPage\",\"@id\":\"https:\\\/\\\/cinema.video\\\/it\\\/annecy-e-di-enrico-casarosa-il-film-pixar-dellestate-2027\",\"url\":\"https:\\\/\\\/cinema.video\\\/it\\\/annecy-e-di-enrico-casarosa-il-film-pixar-dellestate-2027\",\"name\":\"ANNECY E\u2019 di Enrico Casarosa il film Pixar dell\u2019estate 2027 - Cinema &amp; Video International\",\"isPartOf\":{\"@id\":\"https:\\\/\\\/cinema.video\\\/it#website\"},\"primaryImageOfPage\":{\"@id\":\"https:\\\/\\\/cinema.video\\\/it\\\/annecy-e-di-enrico-casarosa-il-film-pixar-dellestate-2027#primaryimage\"},\"image\":{\"@id\":\"https:\\\/\\\/cinema.video\\\/it\\\/annecy-e-di-enrico-casarosa-il-film-pixar-dellestate-2027#primaryimage\"},\"thumbnailUrl\":\"https:\\\/\\\/cinema.video\\\/wp-content\\\/uploads\\\/2025\\\/06\\\/delegazione-Pixar-con-Docter-scaled.jpg\",\"datePublished\":\"2025-06-17T07:57:48+00:00\",\"dateModified\":\"2026-04-10T02:09:23+00:00\",\"description\":\"ANNECY E\u2019 di Enrico Casarosa il film Pixar dell\u2019estate 2027 \u2013 annecy e di enrico casarosa il. Solo un cortometraggio in concorso -Il burattino e la balena\",\"breadcrumb\":{\"@id\":\"https:\\\/\\\/cinema.video\\\/it\\\/annecy-e-di-enrico-casarosa-il-film-pixar-dellestate-2027#breadcrumb\"},\"inLanguage\":\"it-IT\",\"potentialAction\":[{\"@type\":\"ReadAction\",\"target\":[\"https:\\\/\\\/cinema.video\\\/it\\\/annecy-e-di-enrico-casarosa-il-film-pixar-dellestate-2027\"]}]},{\"@type\":\"ImageObject\",\"inLanguage\":\"it-IT\",\"@id\":\"https:\\\/\\\/cinema.video\\\/it\\\/annecy-e-di-enrico-casarosa-il-film-pixar-dellestate-2027#primaryimage\",\"url\":\"https:\\\/\\\/cinema.video\\\/wp-content\\\/uploads\\\/2025\\\/06\\\/delegazione-Pixar-con-Docter-scaled.jpg\",\"contentUrl\":\"https:\\\/\\\/cinema.video\\\/wp-content\\\/uploads\\\/2025\\\/06\\\/delegazione-Pixar-con-Docter-scaled.jpg\",\"width\":2560,\"height\":1707},{\"@type\":\"BreadcrumbList\",\"@id\":\"https:\\\/\\\/cinema.video\\\/it\\\/annecy-e-di-enrico-casarosa-il-film-pixar-dellestate-2027#breadcrumb\",\"itemListElement\":[{\"@type\":\"ListItem\",\"position\":1,\"name\":\"Home\",\"item\":\"https:\\\/\\\/cinema.video\\\/it\\\/home-2\"},{\"@type\":\"ListItem\",\"position\":2,\"name\":\"ANNECY E\u2019 di Enrico Casarosa il film Pixar dell\u2019estate 2027\"}]},{\"@type\":\"WebSite\",\"@id\":\"https:\\\/\\\/cinema.video\\\/it#website\",\"url\":\"https:\\\/\\\/cinema.video\\\/it\",\"name\":\"Cinema & Video International\",\"description\":\"Film &amp; Audiovisual Industry Trade Magazine\",\"publisher\":{\"@id\":\"https:\\\/\\\/cinema.video\\\/it#organization\"},\"alternateName\":\"Cinema & Video\",\"potentialAction\":[{\"@type\":\"SearchAction\",\"target\":{\"@type\":\"EntryPoint\",\"urlTemplate\":\"https:\\\/\\\/cinema.video\\\/it?s={search_term_string}\"},\"query-input\":{\"@type\":\"PropertyValueSpecification\",\"valueRequired\":true,\"valueName\":\"search_term_string\"}}],\"inLanguage\":\"it-IT\"},{\"@type\":\"Organization\",\"@id\":\"https:\\\/\\\/cinema.video\\\/it#organization\",\"name\":\"Cinema & Video\",\"url\":\"https:\\\/\\\/cinema.video\\\/it\",\"logo\":{\"@type\":\"ImageObject\",\"inLanguage\":\"it-IT\",\"@id\":\"https:\\\/\\\/cinema.video\\\/it#\\\/schema\\\/logo\\\/image\\\/\",\"url\":\"https:\\\/\\\/cinema.video\\\/wp-content\\\/uploads\\\/2026\\\/04\\\/CinemVideo_LogoBlack.png\",\"contentUrl\":\"https:\\\/\\\/cinema.video\\\/wp-content\\\/uploads\\\/2026\\\/04\\\/CinemVideo_LogoBlack.png\",\"width\":1336,\"height\":224,\"caption\":\"Cinema & Video\"},\"image\":{\"@id\":\"https:\\\/\\\/cinema.video\\\/it#\\\/schema\\\/logo\\\/image\\\/\"},\"sameAs\":[\"https:\\\/\\\/www.facebook.com\\\/CinemaVideoInternational\\\/\",\"https:\\\/\\\/www.instagram.com\\\/cinemaevideointernational\\\/\",\"https:\\\/\\\/it.linkedin.com\\\/company\\\/cinema-video-international\"],\"description\":\"Media Consulting & Marketing Agency\",\"email\":\"hello@darostudio.com\",\"legalName\":\"DARO studio LLC\",\"foundingDate\":\"2021-02-16\",\"numberOfEmployees\":{\"@type\":\"QuantitativeValue\",\"minValue\":\"1\",\"maxValue\":\"10\"}},{\"@type\":\"Person\",\"@id\":\"https:\\\/\\\/cinema.video\\\/it#\\\/schema\\\/person\\\/1ee8b2699ef9820dce5f2d4deb57c0be\",\"name\":\"Monica Tasciotti\",\"image\":{\"@type\":\"ImageObject\",\"inLanguage\":\"it-IT\",\"@id\":\"https:\\\/\\\/secure.gravatar.com\\\/avatar\\\/b6c16aab817044746bca86a66f5c3d236a2ce9151db90e36a71509f650f31bf9?s=96&d=mm&r=g\",\"url\":\"https:\\\/\\\/secure.gravatar.com\\\/avatar\\\/b6c16aab817044746bca86a66f5c3d236a2ce9151db90e36a71509f650f31bf9?s=96&d=mm&r=g\",\"contentUrl\":\"https:\\\/\\\/secure.gravatar.com\\\/avatar\\\/b6c16aab817044746bca86a66f5c3d236a2ce9151db90e36a71509f650f31bf9?s=96&d=mm&r=g\",\"caption\":\"Monica Tasciotti\"},\"url\":\"https:\\\/\\\/cinema.video\\\/it\\\/author\\\/monica-tasciotti\"}]}<\/script>\n<!-- \/ Yoast SEO Premium plugin. -->","yoast_head_json":{"title":"ANNECY E\u2019 di Enrico Casarosa il film Pixar dell\u2019estate 2027 - Cinema &amp; Video International","description":"ANNECY E\u2019 di Enrico Casarosa il film Pixar dell\u2019estate 2027 \u2013 annecy e di enrico casarosa il. Solo un cortometraggio in concorso -Il burattino e la balena","robots":{"index":"index","follow":"follow","max-snippet":"max-snippet:-1","max-image-preview":"max-image-preview:large","max-video-preview":"max-video-preview:-1"},"canonical":"https:\/\/cinema.video\/it\/annecy-e-di-enrico-casarosa-il-film-pixar-dellestate-2027","og_locale":"it_IT","og_type":"article","og_title":"ANNECY E\u2019 di Enrico Casarosa il film Pixar dell\u2019estate 2027","og_description":"ANNECY E\u2019 di Enrico Casarosa il film Pixar dell\u2019estate 2027 \u2013 annecy e di enrico casarosa il. Solo un cortometraggio in concorso -Il burattino e la balena","og_url":"https:\/\/cinema.video\/it\/annecy-e-di-enrico-casarosa-il-film-pixar-dellestate-2027","og_site_name":"Cinema &amp; Video International","article_publisher":"https:\/\/www.facebook.com\/CinemaVideoInternational\/","article_published_time":"2025-06-17T07:57:48+00:00","article_modified_time":"2026-04-10T02:09:23+00:00","og_image":[{"width":2560,"height":1707,"url":"https:\/\/cinema.video\/wp-content\/uploads\/2025\/06\/delegazione-Pixar-con-Docter-scaled.jpg","type":"image\/jpeg"}],"author":"Monica Tasciotti","twitter_card":"summary_large_image","twitter_misc":{"Scritto da":"Monica Tasciotti","Tempo di lettura stimato":"9 minuti"},"schema":{"@context":"https:\/\/schema.org","@graph":[{"@type":"Article","@id":"https:\/\/cinema.video\/it\/annecy-e-di-enrico-casarosa-il-film-pixar-dellestate-2027#article","isPartOf":{"@id":"https:\/\/cinema.video\/it\/annecy-e-di-enrico-casarosa-il-film-pixar-dellestate-2027"},"author":{"name":"Monica Tasciotti","@id":"https:\/\/cinema.video\/it#\/schema\/person\/1ee8b2699ef9820dce5f2d4deb57c0be"},"headline":"ANNECY E\u2019 di Enrico Casarosa il film Pixar dell\u2019estate 2027","datePublished":"2025-06-17T07:57:48+00:00","dateModified":"2026-04-10T02:09:23+00:00","mainEntityOfPage":{"@id":"https:\/\/cinema.video\/it\/annecy-e-di-enrico-casarosa-il-film-pixar-dellestate-2027"},"wordCount":1563,"publisher":{"@id":"https:\/\/cinema.video\/it#organization"},"image":{"@id":"https:\/\/cinema.video\/it\/annecy-e-di-enrico-casarosa-il-film-pixar-dellestate-2027#primaryimage"},"thumbnailUrl":"https:\/\/cinema.video\/wp-content\/uploads\/2025\/06\/delegazione-Pixar-con-Docter-scaled.jpg","keywords":["Animazione"],"inLanguage":"it-IT"},{"@type":"WebPage","@id":"https:\/\/cinema.video\/it\/annecy-e-di-enrico-casarosa-il-film-pixar-dellestate-2027","url":"https:\/\/cinema.video\/it\/annecy-e-di-enrico-casarosa-il-film-pixar-dellestate-2027","name":"ANNECY E\u2019 di Enrico Casarosa il film Pixar dell\u2019estate 2027 - Cinema &amp; Video International","isPartOf":{"@id":"https:\/\/cinema.video\/it#website"},"primaryImageOfPage":{"@id":"https:\/\/cinema.video\/it\/annecy-e-di-enrico-casarosa-il-film-pixar-dellestate-2027#primaryimage"},"image":{"@id":"https:\/\/cinema.video\/it\/annecy-e-di-enrico-casarosa-il-film-pixar-dellestate-2027#primaryimage"},"thumbnailUrl":"https:\/\/cinema.video\/wp-content\/uploads\/2025\/06\/delegazione-Pixar-con-Docter-scaled.jpg","datePublished":"2025-06-17T07:57:48+00:00","dateModified":"2026-04-10T02:09:23+00:00","description":"ANNECY E\u2019 di Enrico Casarosa il film Pixar dell\u2019estate 2027 \u2013 annecy e di enrico casarosa il. Solo un cortometraggio in concorso -Il burattino e la balena","breadcrumb":{"@id":"https:\/\/cinema.video\/it\/annecy-e-di-enrico-casarosa-il-film-pixar-dellestate-2027#breadcrumb"},"inLanguage":"it-IT","potentialAction":[{"@type":"ReadAction","target":["https:\/\/cinema.video\/it\/annecy-e-di-enrico-casarosa-il-film-pixar-dellestate-2027"]}]},{"@type":"ImageObject","inLanguage":"it-IT","@id":"https:\/\/cinema.video\/it\/annecy-e-di-enrico-casarosa-il-film-pixar-dellestate-2027#primaryimage","url":"https:\/\/cinema.video\/wp-content\/uploads\/2025\/06\/delegazione-Pixar-con-Docter-scaled.jpg","contentUrl":"https:\/\/cinema.video\/wp-content\/uploads\/2025\/06\/delegazione-Pixar-con-Docter-scaled.jpg","width":2560,"height":1707},{"@type":"BreadcrumbList","@id":"https:\/\/cinema.video\/it\/annecy-e-di-enrico-casarosa-il-film-pixar-dellestate-2027#breadcrumb","itemListElement":[{"@type":"ListItem","position":1,"name":"Home","item":"https:\/\/cinema.video\/it\/home-2"},{"@type":"ListItem","position":2,"name":"ANNECY E\u2019 di Enrico Casarosa il film Pixar dell\u2019estate 2027"}]},{"@type":"WebSite","@id":"https:\/\/cinema.video\/it#website","url":"https:\/\/cinema.video\/it","name":"Cinema & Video International","description":"Film &amp; Audiovisual Industry Trade Magazine","publisher":{"@id":"https:\/\/cinema.video\/it#organization"},"alternateName":"Cinema & Video","potentialAction":[{"@type":"SearchAction","target":{"@type":"EntryPoint","urlTemplate":"https:\/\/cinema.video\/it?s={search_term_string}"},"query-input":{"@type":"PropertyValueSpecification","valueRequired":true,"valueName":"search_term_string"}}],"inLanguage":"it-IT"},{"@type":"Organization","@id":"https:\/\/cinema.video\/it#organization","name":"Cinema & Video","url":"https:\/\/cinema.video\/it","logo":{"@type":"ImageObject","inLanguage":"it-IT","@id":"https:\/\/cinema.video\/it#\/schema\/logo\/image\/","url":"https:\/\/cinema.video\/wp-content\/uploads\/2026\/04\/CinemVideo_LogoBlack.png","contentUrl":"https:\/\/cinema.video\/wp-content\/uploads\/2026\/04\/CinemVideo_LogoBlack.png","width":1336,"height":224,"caption":"Cinema & Video"},"image":{"@id":"https:\/\/cinema.video\/it#\/schema\/logo\/image\/"},"sameAs":["https:\/\/www.facebook.com\/CinemaVideoInternational\/","https:\/\/www.instagram.com\/cinemaevideointernational\/","https:\/\/it.linkedin.com\/company\/cinema-video-international"],"description":"Media Consulting & Marketing Agency","email":"hello@darostudio.com","legalName":"DARO studio LLC","foundingDate":"2021-02-16","numberOfEmployees":{"@type":"QuantitativeValue","minValue":"1","maxValue":"10"}},{"@type":"Person","@id":"https:\/\/cinema.video\/it#\/schema\/person\/1ee8b2699ef9820dce5f2d4deb57c0be","name":"Monica Tasciotti","image":{"@type":"ImageObject","inLanguage":"it-IT","@id":"https:\/\/secure.gravatar.com\/avatar\/b6c16aab817044746bca86a66f5c3d236a2ce9151db90e36a71509f650f31bf9?s=96&d=mm&r=g","url":"https:\/\/secure.gravatar.com\/avatar\/b6c16aab817044746bca86a66f5c3d236a2ce9151db90e36a71509f650f31bf9?s=96&d=mm&r=g","contentUrl":"https:\/\/secure.gravatar.com\/avatar\/b6c16aab817044746bca86a66f5c3d236a2ce9151db90e36a71509f650f31bf9?s=96&d=mm&r=g","caption":"Monica Tasciotti"},"url":"https:\/\/cinema.video\/it\/author\/monica-tasciotti"}]}},"jetpack_featured_media_url":"https:\/\/cinema.video\/wp-content\/uploads\/2025\/06\/delegazione-Pixar-con-Docter-scaled.jpg","jetpack_shortlink":"https:\/\/wp.me\/ph672m-1g10","_links":{"self":[{"href":"https:\/\/cinema.video\/it\/wp-json\/wp\/v2\/posts\/299894","targetHints":{"allow":["GET"]}}],"collection":[{"href":"https:\/\/cinema.video\/it\/wp-json\/wp\/v2\/posts"}],"about":[{"href":"https:\/\/cinema.video\/it\/wp-json\/wp\/v2\/types\/post"}],"author":[{"embeddable":true,"href":"https:\/\/cinema.video\/it\/wp-json\/wp\/v2\/users\/14"}],"replies":[{"embeddable":true,"href":"https:\/\/cinema.video\/it\/wp-json\/wp\/v2\/comments?post=299894"}],"version-history":[{"count":1,"href":"https:\/\/cinema.video\/it\/wp-json\/wp\/v2\/posts\/299894\/revisions"}],"predecessor-version":[{"id":309671,"href":"https:\/\/cinema.video\/it\/wp-json\/wp\/v2\/posts\/299894\/revisions\/309671"}],"wp:featuredmedia":[{"embeddable":true,"href":"https:\/\/cinema.video\/it\/wp-json\/wp\/v2\/media\/299897"}],"wp:attachment":[{"href":"https:\/\/cinema.video\/it\/wp-json\/wp\/v2\/media?parent=299894"}],"wp:term":[{"taxonomy":"category","embeddable":true,"href":"https:\/\/cinema.video\/it\/wp-json\/wp\/v2\/categories?post=299894"},{"taxonomy":"post_tag","embeddable":true,"href":"https:\/\/cinema.video\/it\/wp-json\/wp\/v2\/tags?post=299894"}],"curies":[{"name":"wp","href":"https:\/\/api.w.org\/{rel}","templated":true}]}}