{"id":299717,"date":"2025-05-29T13:03:04","date_gmt":"2025-05-29T11:03:04","guid":{"rendered":"https:\/\/cinema.video\/?p=299717"},"modified":"2026-04-10T04:09:11","modified_gmt":"2026-04-10T02:09:11","slug":"mubi-alla-conquista-delle-sale-italiane-con-gabriele-dandrea","status":"publish","type":"post","link":"https:\/\/cinema.video\/it\/mubi-alla-conquista-delle-sale-italiane-con-gabriele-dandrea","title":{"rendered":"MUBI alla conquista delle sale italiane con Gabriele D&#8217;Andrea"},"content":{"rendered":"\n<p class=\"wp-block-paragraph\"><strong>Gabriele D&#8217;Andrea<\/strong> \u00e8 il nuovo Vice presidente e direttore di <strong>Mubi Italia<\/strong>, responsabile della divisione con cui la piattaforma di streaming del cinema d&#8217;autore si espande nella distribuzione cinematografica nel nostro paese, dove \u00e8 presente con la sua offerta in streaming dal 2021.<\/p>\n\n\n\n<p class=\"wp-block-paragraph\">La notizia \u00e8 stata riportata da <a href=\"https:\/\/www.screendaily.com\/news\/mubi-hires-gabriele-dandrea-to-lead-expansion-into-theatrical-distribution-in-italy\/5205557.article?utm_medium=email&amp;utm_campaign=UK%20%20Europe%20Daily%20May%2029%20AM&amp;utm_content=UK%20%20Europe%20Daily%20May%2029%20AM+CID_1be8bd88bed8089ea122ac0ddfb4a05f&amp;utm_source=Newsletter&amp;utm_term=Mubi%20hires%20Gabriele%20DAndrea%20to%20lead%20expansion%20into%20theatrical%20distribution%20in%20Italy\">Screendaily.com<\/a>: gi\u00e0 a capo della distribuzione di Lucky Red per 13 anni, D&#8217;Andrea \u00e8 anche il CEO di <strong>Circuito Cinema<\/strong>, ruolo che continuer\u00e0 a rivestire.<\/p>\n\n\n\n<p class=\"wp-block-paragraph\">L&#8217;Italia si va ad aggiungere ai territori in cui Mubi \u00e8 presente nella distribuzione in sala: Nord America e America Latina, Regno Unito, Germania e Benelux, dove le operazioni distributive sono curate da Cin\u00e9art, di cui MUBI ha acquistato una quota di maggioranza nel 2024.<\/p>\n\n\n\n<p class=\"wp-block-paragraph\">Mubi Italia lancer\u00e0 ufficialmente il suo listino con l&#8217;uscita di <em><strong>Die, My Love<\/strong><\/em> di Lynne Ramsay, con Jennifer Lawrence e Robert Pattinson, che ha avuto la sua premiere in <em>Concorso<\/em> al Festival di Cannes e di cui la societ\u00e0 ha acquisito i diritti per i paesi sopracitati oltre che per Spagna, Turchia, India e Australia.<\/p>\n\n\n\n<p class=\"wp-block-paragraph\">Seguiranno, sempre dal Concorso del Festival di Cannes, di cui Mubi \u00e8 stato il maggior acquirente  il Premio della Giuria <em>Sir\u00e2t<\/em>, di Oliver Laxe, e <em>The Mastermind<\/em> di Kelly Reichardt.   <\/p>\n\n\n\n<p class=\"wp-block-paragraph\">Mubi has had a presence in Italy since 2021, when it launched its streaming platform in the country.&nbsp;<\/p>\n","protected":false},"excerpt":{"rendered":"<p>Gabriele D&#8217;Andrea \u00e8 il nuovo Vice presidente e direttore di Mubi Italia, che esordir\u00e0 portando in sala Die, My Love. E poi, Sir\u00e2t, di Oliver Laxe, e The Mastermind (fonte Screendaily.com)<\/p>\n","protected":false},"author":26,"featured_media":299719,"comment_status":"closed","ping_status":"closed","sticky":false,"template":"","format":"standard","meta":{"googlesitekit_rrm_CAow3e7fCw:productID":"","_crdt_document":"","footnotes":""},"categories":[1690],"tags":[2333,356,478,1372],"class_list":{"0":"post-299717","1":"post","2":"type-post","3":"status-publish","4":"format-standard","5":"has-post-thumbnail","7":"category-distribution","8":"tag-deals","9":"tag-focus","10":"tag-lucky-red","11":"tag-mubi"},"yoast_head":"<!-- This site is optimized with the Yoast SEO Premium plugin v27.4 (Yoast SEO v27.5) - https:\/\/yoast.com\/product\/yoast-seo-premium-wordpress\/ -->\n<title>MUBI alla conquista delle sale italiane con Gabriele D&#039;Andrea - Cinema &amp; Video International<\/title>\n<meta name=\"description\" content=\"MUBI alla conquista delle sale italiane con Gabriele D&#039;Andrea \u2013 mubi alla conquista delle sale italiane. Gabriele D&#039;Andrea \u00e8 il nuovo Vice presidente e di\" \/>\n<meta name=\"robots\" content=\"index, follow, max-snippet:-1, max-image-preview:large, max-video-preview:-1\" \/>\n<link rel=\"canonical\" href=\"https:\/\/cinema.video\/it\/mubi-alla-conquista-delle-sale-italiane-con-gabriele-dandrea\" \/>\n<meta property=\"og:locale\" content=\"it_IT\" \/>\n<meta property=\"og:type\" content=\"article\" \/>\n<meta property=\"og:title\" content=\"MUBI alla conquista delle sale italiane con Gabriele D&#039;Andrea\" \/>\n<meta property=\"og:description\" content=\"MUBI alla conquista delle sale italiane con Gabriele D&#039;Andrea \u2013 mubi alla conquista delle sale italiane. Gabriele D&#039;Andrea \u00e8 il nuovo Vice presidente e di\" \/>\n<meta property=\"og:url\" content=\"https:\/\/cinema.video\/it\/mubi-alla-conquista-delle-sale-italiane-con-gabriele-dandrea\" \/>\n<meta property=\"og:site_name\" content=\"Cinema &amp; Video International\" \/>\n<meta property=\"article:publisher\" content=\"https:\/\/www.facebook.com\/CinemaVideoInternational\/\" \/>\n<meta property=\"article:published_time\" content=\"2025-05-29T11:03:04+00:00\" \/>\n<meta property=\"article:modified_time\" content=\"2026-04-10T02:09:11+00:00\" \/>\n<meta property=\"og:image\" content=\"https:\/\/cinema.video\/wp-content\/uploads\/2025\/05\/Die-my-love-scaled-e1748516194900.jpg\" \/>\n\t<meta property=\"og:image:width\" content=\"1000\" \/>\n\t<meta property=\"og:image:height\" content=\"527\" \/>\n\t<meta property=\"og:image:type\" content=\"image\/jpeg\" \/>\n<meta name=\"author\" content=\"Redazione\" \/>\n<meta name=\"twitter:card\" content=\"summary_large_image\" \/>\n<meta name=\"twitter:label1\" content=\"Scritto da\" \/>\n\t<meta name=\"twitter:data1\" content=\"Redazione\" \/>\n\t<meta name=\"twitter:label2\" content=\"Tempo di lettura stimato\" \/>\n\t<meta name=\"twitter:data2\" content=\"2 minuti\" \/>\n<script type=\"application\/ld+json\" class=\"yoast-schema-graph\">{\"@context\":\"https:\\\/\\\/schema.org\",\"@graph\":[{\"@type\":\"Article\",\"@id\":\"https:\\\/\\\/cinema.video\\\/it\\\/mubi-alla-conquista-delle-sale-italiane-con-gabriele-dandrea#article\",\"isPartOf\":{\"@id\":\"https:\\\/\\\/cinema.video\\\/it\\\/mubi-alla-conquista-delle-sale-italiane-con-gabriele-dandrea\"},\"author\":{\"name\":\"Redazione\",\"@id\":\"https:\\\/\\\/cinema.video\\\/it#\\\/schema\\\/person\\\/aeb01b91d874e8b01e76a1db04c668c6\"},\"headline\":\"MUBI alla conquista delle sale italiane con Gabriele D&#8217;Andrea\",\"datePublished\":\"2025-05-29T11:03:04+00:00\",\"dateModified\":\"2026-04-10T02:09:11+00:00\",\"mainEntityOfPage\":{\"@id\":\"https:\\\/\\\/cinema.video\\\/it\\\/mubi-alla-conquista-delle-sale-italiane-con-gabriele-dandrea\"},\"wordCount\":231,\"publisher\":{\"@id\":\"https:\\\/\\\/cinema.video\\\/it#organization\"},\"image\":{\"@id\":\"https:\\\/\\\/cinema.video\\\/it\\\/mubi-alla-conquista-delle-sale-italiane-con-gabriele-dandrea#primaryimage\"},\"thumbnailUrl\":\"https:\\\/\\\/cinema.video\\\/wp-content\\\/uploads\\\/2025\\\/05\\\/Die-my-love-scaled-e1748516194900.jpg\",\"keywords\":[\"DEALS\",\"focus\",\"Lucky Red\",\"MUBI\"],\"articleSection\":[\"DISTRIBUTION\"],\"inLanguage\":\"it-IT\"},{\"@type\":\"WebPage\",\"@id\":\"https:\\\/\\\/cinema.video\\\/it\\\/mubi-alla-conquista-delle-sale-italiane-con-gabriele-dandrea\",\"url\":\"https:\\\/\\\/cinema.video\\\/it\\\/mubi-alla-conquista-delle-sale-italiane-con-gabriele-dandrea\",\"name\":\"MUBI alla conquista delle sale italiane con Gabriele D'Andrea - Cinema &amp; Video International\",\"isPartOf\":{\"@id\":\"https:\\\/\\\/cinema.video\\\/it#website\"},\"primaryImageOfPage\":{\"@id\":\"https:\\\/\\\/cinema.video\\\/it\\\/mubi-alla-conquista-delle-sale-italiane-con-gabriele-dandrea#primaryimage\"},\"image\":{\"@id\":\"https:\\\/\\\/cinema.video\\\/it\\\/mubi-alla-conquista-delle-sale-italiane-con-gabriele-dandrea#primaryimage\"},\"thumbnailUrl\":\"https:\\\/\\\/cinema.video\\\/wp-content\\\/uploads\\\/2025\\\/05\\\/Die-my-love-scaled-e1748516194900.jpg\",\"datePublished\":\"2025-05-29T11:03:04+00:00\",\"dateModified\":\"2026-04-10T02:09:11+00:00\",\"description\":\"MUBI alla conquista delle sale italiane con Gabriele D'Andrea \u2013 mubi alla conquista delle sale italiane. Gabriele D'Andrea \u00e8 il nuovo Vice presidente e di\",\"breadcrumb\":{\"@id\":\"https:\\\/\\\/cinema.video\\\/it\\\/mubi-alla-conquista-delle-sale-italiane-con-gabriele-dandrea#breadcrumb\"},\"inLanguage\":\"it-IT\",\"potentialAction\":[{\"@type\":\"ReadAction\",\"target\":[\"https:\\\/\\\/cinema.video\\\/it\\\/mubi-alla-conquista-delle-sale-italiane-con-gabriele-dandrea\"]}]},{\"@type\":\"ImageObject\",\"inLanguage\":\"it-IT\",\"@id\":\"https:\\\/\\\/cinema.video\\\/it\\\/mubi-alla-conquista-delle-sale-italiane-con-gabriele-dandrea#primaryimage\",\"url\":\"https:\\\/\\\/cinema.video\\\/wp-content\\\/uploads\\\/2025\\\/05\\\/Die-my-love-scaled-e1748516194900.jpg\",\"contentUrl\":\"https:\\\/\\\/cinema.video\\\/wp-content\\\/uploads\\\/2025\\\/05\\\/Die-my-love-scaled-e1748516194900.jpg\",\"width\":1000,\"height\":527,\"caption\":\"Gabriele D'Andrea \u00e8 il nuovo Vice presidente e direttore di Mubi Italia, la nuova divisione distributiva della piattaforma di streaming\"},{\"@type\":\"BreadcrumbList\",\"@id\":\"https:\\\/\\\/cinema.video\\\/it\\\/mubi-alla-conquista-delle-sale-italiane-con-gabriele-dandrea#breadcrumb\",\"itemListElement\":[{\"@type\":\"ListItem\",\"position\":1,\"name\":\"Home\",\"item\":\"https:\\\/\\\/cinema.video\\\/it\\\/home-2\"},{\"@type\":\"ListItem\",\"position\":2,\"name\":\"MUBI alla conquista delle sale italiane con Gabriele D&#8217;Andrea\"}]},{\"@type\":\"WebSite\",\"@id\":\"https:\\\/\\\/cinema.video\\\/it#website\",\"url\":\"https:\\\/\\\/cinema.video\\\/it\",\"name\":\"Cinema & Video International\",\"description\":\"Film &amp; Audiovisual Industry Trade Magazine\",\"publisher\":{\"@id\":\"https:\\\/\\\/cinema.video\\\/it#organization\"},\"alternateName\":\"Cinema & Video\",\"potentialAction\":[{\"@type\":\"SearchAction\",\"target\":{\"@type\":\"EntryPoint\",\"urlTemplate\":\"https:\\\/\\\/cinema.video\\\/it?s={search_term_string}\"},\"query-input\":{\"@type\":\"PropertyValueSpecification\",\"valueRequired\":true,\"valueName\":\"search_term_string\"}}],\"inLanguage\":\"it-IT\"},{\"@type\":\"Organization\",\"@id\":\"https:\\\/\\\/cinema.video\\\/it#organization\",\"name\":\"Cinema & Video\",\"url\":\"https:\\\/\\\/cinema.video\\\/it\",\"logo\":{\"@type\":\"ImageObject\",\"inLanguage\":\"it-IT\",\"@id\":\"https:\\\/\\\/cinema.video\\\/it#\\\/schema\\\/logo\\\/image\\\/\",\"url\":\"https:\\\/\\\/cinema.video\\\/wp-content\\\/uploads\\\/2026\\\/04\\\/CinemVideo_LogoBlack.png\",\"contentUrl\":\"https:\\\/\\\/cinema.video\\\/wp-content\\\/uploads\\\/2026\\\/04\\\/CinemVideo_LogoBlack.png\",\"width\":1336,\"height\":224,\"caption\":\"Cinema & Video\"},\"image\":{\"@id\":\"https:\\\/\\\/cinema.video\\\/it#\\\/schema\\\/logo\\\/image\\\/\"},\"sameAs\":[\"https:\\\/\\\/www.facebook.com\\\/CinemaVideoInternational\\\/\",\"https:\\\/\\\/www.instagram.com\\\/cinemaevideointernational\\\/\",\"https:\\\/\\\/it.linkedin.com\\\/company\\\/cinema-video-international\"],\"description\":\"Media Consulting & Marketing Agency\",\"email\":\"hello@darostudio.com\",\"legalName\":\"DARO studio LLC\",\"foundingDate\":\"2021-02-16\",\"numberOfEmployees\":{\"@type\":\"QuantitativeValue\",\"minValue\":\"1\",\"maxValue\":\"10\"}},{\"@type\":\"Person\",\"@id\":\"https:\\\/\\\/cinema.video\\\/it#\\\/schema\\\/person\\\/aeb01b91d874e8b01e76a1db04c668c6\",\"name\":\"Redazione\",\"image\":{\"@type\":\"ImageObject\",\"inLanguage\":\"it-IT\",\"@id\":\"https:\\\/\\\/secure.gravatar.com\\\/avatar\\\/06ad6f92eb14745b75fb592cadf8139d33242d81c9c8b085133c450aaf0b9731?s=96&d=mm&r=g\",\"url\":\"https:\\\/\\\/secure.gravatar.com\\\/avatar\\\/06ad6f92eb14745b75fb592cadf8139d33242d81c9c8b085133c450aaf0b9731?s=96&d=mm&r=g\",\"contentUrl\":\"https:\\\/\\\/secure.gravatar.com\\\/avatar\\\/06ad6f92eb14745b75fb592cadf8139d33242d81c9c8b085133c450aaf0b9731?s=96&d=mm&r=g\",\"caption\":\"Redazione\"},\"url\":\"https:\\\/\\\/cinema.video\\\/it\\\/author\\\/redazione\"}]}<\/script>\n<!-- \/ Yoast SEO Premium plugin. -->","yoast_head_json":{"title":"MUBI alla conquista delle sale italiane con Gabriele D'Andrea - Cinema &amp; Video International","description":"MUBI alla conquista delle sale italiane con Gabriele D'Andrea \u2013 mubi alla conquista delle sale italiane. Gabriele D'Andrea \u00e8 il nuovo Vice presidente e di","robots":{"index":"index","follow":"follow","max-snippet":"max-snippet:-1","max-image-preview":"max-image-preview:large","max-video-preview":"max-video-preview:-1"},"canonical":"https:\/\/cinema.video\/it\/mubi-alla-conquista-delle-sale-italiane-con-gabriele-dandrea","og_locale":"it_IT","og_type":"article","og_title":"MUBI alla conquista delle sale italiane con Gabriele D'Andrea","og_description":"MUBI alla conquista delle sale italiane con Gabriele D'Andrea \u2013 mubi alla conquista delle sale italiane. Gabriele D'Andrea \u00e8 il nuovo Vice presidente e di","og_url":"https:\/\/cinema.video\/it\/mubi-alla-conquista-delle-sale-italiane-con-gabriele-dandrea","og_site_name":"Cinema &amp; Video International","article_publisher":"https:\/\/www.facebook.com\/CinemaVideoInternational\/","article_published_time":"2025-05-29T11:03:04+00:00","article_modified_time":"2026-04-10T02:09:11+00:00","og_image":[{"width":1000,"height":527,"url":"https:\/\/cinema.video\/wp-content\/uploads\/2025\/05\/Die-my-love-scaled-e1748516194900.jpg","type":"image\/jpeg"}],"author":"Redazione","twitter_card":"summary_large_image","twitter_misc":{"Scritto da":"Redazione","Tempo di lettura stimato":"2 minuti"},"schema":{"@context":"https:\/\/schema.org","@graph":[{"@type":"Article","@id":"https:\/\/cinema.video\/it\/mubi-alla-conquista-delle-sale-italiane-con-gabriele-dandrea#article","isPartOf":{"@id":"https:\/\/cinema.video\/it\/mubi-alla-conquista-delle-sale-italiane-con-gabriele-dandrea"},"author":{"name":"Redazione","@id":"https:\/\/cinema.video\/it#\/schema\/person\/aeb01b91d874e8b01e76a1db04c668c6"},"headline":"MUBI alla conquista delle sale italiane con Gabriele D&#8217;Andrea","datePublished":"2025-05-29T11:03:04+00:00","dateModified":"2026-04-10T02:09:11+00:00","mainEntityOfPage":{"@id":"https:\/\/cinema.video\/it\/mubi-alla-conquista-delle-sale-italiane-con-gabriele-dandrea"},"wordCount":231,"publisher":{"@id":"https:\/\/cinema.video\/it#organization"},"image":{"@id":"https:\/\/cinema.video\/it\/mubi-alla-conquista-delle-sale-italiane-con-gabriele-dandrea#primaryimage"},"thumbnailUrl":"https:\/\/cinema.video\/wp-content\/uploads\/2025\/05\/Die-my-love-scaled-e1748516194900.jpg","keywords":["DEALS","focus","Lucky Red","MUBI"],"articleSection":["DISTRIBUTION"],"inLanguage":"it-IT"},{"@type":"WebPage","@id":"https:\/\/cinema.video\/it\/mubi-alla-conquista-delle-sale-italiane-con-gabriele-dandrea","url":"https:\/\/cinema.video\/it\/mubi-alla-conquista-delle-sale-italiane-con-gabriele-dandrea","name":"MUBI alla conquista delle sale italiane con Gabriele D'Andrea - Cinema &amp; Video International","isPartOf":{"@id":"https:\/\/cinema.video\/it#website"},"primaryImageOfPage":{"@id":"https:\/\/cinema.video\/it\/mubi-alla-conquista-delle-sale-italiane-con-gabriele-dandrea#primaryimage"},"image":{"@id":"https:\/\/cinema.video\/it\/mubi-alla-conquista-delle-sale-italiane-con-gabriele-dandrea#primaryimage"},"thumbnailUrl":"https:\/\/cinema.video\/wp-content\/uploads\/2025\/05\/Die-my-love-scaled-e1748516194900.jpg","datePublished":"2025-05-29T11:03:04+00:00","dateModified":"2026-04-10T02:09:11+00:00","description":"MUBI alla conquista delle sale italiane con Gabriele D'Andrea \u2013 mubi alla conquista delle sale italiane. Gabriele D'Andrea \u00e8 il nuovo Vice presidente e di","breadcrumb":{"@id":"https:\/\/cinema.video\/it\/mubi-alla-conquista-delle-sale-italiane-con-gabriele-dandrea#breadcrumb"},"inLanguage":"it-IT","potentialAction":[{"@type":"ReadAction","target":["https:\/\/cinema.video\/it\/mubi-alla-conquista-delle-sale-italiane-con-gabriele-dandrea"]}]},{"@type":"ImageObject","inLanguage":"it-IT","@id":"https:\/\/cinema.video\/it\/mubi-alla-conquista-delle-sale-italiane-con-gabriele-dandrea#primaryimage","url":"https:\/\/cinema.video\/wp-content\/uploads\/2025\/05\/Die-my-love-scaled-e1748516194900.jpg","contentUrl":"https:\/\/cinema.video\/wp-content\/uploads\/2025\/05\/Die-my-love-scaled-e1748516194900.jpg","width":1000,"height":527,"caption":"Gabriele D'Andrea \u00e8 il nuovo Vice presidente e direttore di Mubi Italia, la nuova divisione distributiva della piattaforma di streaming"},{"@type":"BreadcrumbList","@id":"https:\/\/cinema.video\/it\/mubi-alla-conquista-delle-sale-italiane-con-gabriele-dandrea#breadcrumb","itemListElement":[{"@type":"ListItem","position":1,"name":"Home","item":"https:\/\/cinema.video\/it\/home-2"},{"@type":"ListItem","position":2,"name":"MUBI alla conquista delle sale italiane con Gabriele D&#8217;Andrea"}]},{"@type":"WebSite","@id":"https:\/\/cinema.video\/it#website","url":"https:\/\/cinema.video\/it","name":"Cinema & Video International","description":"Film &amp; Audiovisual Industry Trade Magazine","publisher":{"@id":"https:\/\/cinema.video\/it#organization"},"alternateName":"Cinema & Video","potentialAction":[{"@type":"SearchAction","target":{"@type":"EntryPoint","urlTemplate":"https:\/\/cinema.video\/it?s={search_term_string}"},"query-input":{"@type":"PropertyValueSpecification","valueRequired":true,"valueName":"search_term_string"}}],"inLanguage":"it-IT"},{"@type":"Organization","@id":"https:\/\/cinema.video\/it#organization","name":"Cinema & Video","url":"https:\/\/cinema.video\/it","logo":{"@type":"ImageObject","inLanguage":"it-IT","@id":"https:\/\/cinema.video\/it#\/schema\/logo\/image\/","url":"https:\/\/cinema.video\/wp-content\/uploads\/2026\/04\/CinemVideo_LogoBlack.png","contentUrl":"https:\/\/cinema.video\/wp-content\/uploads\/2026\/04\/CinemVideo_LogoBlack.png","width":1336,"height":224,"caption":"Cinema & Video"},"image":{"@id":"https:\/\/cinema.video\/it#\/schema\/logo\/image\/"},"sameAs":["https:\/\/www.facebook.com\/CinemaVideoInternational\/","https:\/\/www.instagram.com\/cinemaevideointernational\/","https:\/\/it.linkedin.com\/company\/cinema-video-international"],"description":"Media Consulting & Marketing Agency","email":"hello@darostudio.com","legalName":"DARO studio LLC","foundingDate":"2021-02-16","numberOfEmployees":{"@type":"QuantitativeValue","minValue":"1","maxValue":"10"}},{"@type":"Person","@id":"https:\/\/cinema.video\/it#\/schema\/person\/aeb01b91d874e8b01e76a1db04c668c6","name":"Redazione","image":{"@type":"ImageObject","inLanguage":"it-IT","@id":"https:\/\/secure.gravatar.com\/avatar\/06ad6f92eb14745b75fb592cadf8139d33242d81c9c8b085133c450aaf0b9731?s=96&d=mm&r=g","url":"https:\/\/secure.gravatar.com\/avatar\/06ad6f92eb14745b75fb592cadf8139d33242d81c9c8b085133c450aaf0b9731?s=96&d=mm&r=g","contentUrl":"https:\/\/secure.gravatar.com\/avatar\/06ad6f92eb14745b75fb592cadf8139d33242d81c9c8b085133c450aaf0b9731?s=96&d=mm&r=g","caption":"Redazione"},"url":"https:\/\/cinema.video\/it\/author\/redazione"}]}},"jetpack_featured_media_url":"https:\/\/cinema.video\/wp-content\/uploads\/2025\/05\/Die-my-love-scaled-e1748516194900.jpg","jetpack_shortlink":"https:\/\/wp.me\/ph672m-1fY9","_links":{"self":[{"href":"https:\/\/cinema.video\/it\/wp-json\/wp\/v2\/posts\/299717","targetHints":{"allow":["GET"]}}],"collection":[{"href":"https:\/\/cinema.video\/it\/wp-json\/wp\/v2\/posts"}],"about":[{"href":"https:\/\/cinema.video\/it\/wp-json\/wp\/v2\/types\/post"}],"author":[{"embeddable":true,"href":"https:\/\/cinema.video\/it\/wp-json\/wp\/v2\/users\/26"}],"replies":[{"embeddable":true,"href":"https:\/\/cinema.video\/it\/wp-json\/wp\/v2\/comments?post=299717"}],"version-history":[{"count":1,"href":"https:\/\/cinema.video\/it\/wp-json\/wp\/v2\/posts\/299717\/revisions"}],"predecessor-version":[{"id":302310,"href":"https:\/\/cinema.video\/it\/wp-json\/wp\/v2\/posts\/299717\/revisions\/302310"}],"wp:featuredmedia":[{"embeddable":true,"href":"https:\/\/cinema.video\/it\/wp-json\/wp\/v2\/media\/299719"}],"wp:attachment":[{"href":"https:\/\/cinema.video\/it\/wp-json\/wp\/v2\/media?parent=299717"}],"wp:term":[{"taxonomy":"category","embeddable":true,"href":"https:\/\/cinema.video\/it\/wp-json\/wp\/v2\/categories?post=299717"},{"taxonomy":"post_tag","embeddable":true,"href":"https:\/\/cinema.video\/it\/wp-json\/wp\/v2\/tags?post=299717"}],"curies":[{"name":"wp","href":"https:\/\/api.w.org\/{rel}","templated":true}]}}