{"id":299712,"date":"2025-05-29T11:52:58","date_gmt":"2025-05-29T09:52:58","guid":{"rendered":"https:\/\/cinema.video\/?p=299712"},"modified":"2026-04-10T04:09:10","modified_gmt":"2026-04-10T02:09:10","slug":"artmedia-cinema-e-scuola","status":"publish","type":"post","link":"https:\/\/cinema.video\/it\/artmedia-cinema-e-scuola","title":{"rendered":"Artmedia Cinema e Scuola al cinema per salvaguardare il pianeta"},"content":{"rendered":"\n<p class=\"wp-block-paragraph\">Con la proiezione il prossimo 31 maggio al<strong> cinema Roma<\/strong> di Barga  del documentario <strong><em>Fast<\/em><\/strong> realizzato dagli studenti dell\u2019<strong>Istituto Superiore d\u2019Istruzione di Barga<\/strong> (Lucca) , si concluder\u00e0 la nuova edizione del progetto <strong>ArtMedia Cinema e Scuola &#8211; Immagini personaggi storie. Percorsi di cinema per studenti<\/strong>, curato dall\u2019Associazione <strong>Artistic Soul <\/strong>di <strong>Loredana Commonara<\/strong>, nell\u2019ambito di <strong>CIPS<\/strong> &#8211; Cinema e Immagini per la Scuola &#8211; Piano nazionale di educazione all\u2019immagine per le scuole promosso dal Direzione Generale Cinema e Audiovisivo del Ministero della Cultura e dal Ministero dell&#8217;Istruzione e del Merito.<\/p>\n\n\n\n<p class=\"wp-block-paragraph\"><em>Fast<\/em> \u00e8&nbsp; un corto documentario collettivo che affronta il concetto di sostenibilit\u00e0 nelle sue dimensioni ambientale, economica e sociale. E\u2019 legato alle tradizioni antropologiche della Garfagnana, che affondano le proprie radici nella magia e nel soprannaturale, ed \u00e8 il&nbsp; frutto di un workshop intensivo sul linguaggio documentaristico, diretto dagli esperti Francesco Tomei, Simone Gonnelli e Stefano Cosimini, che ha fatto vivere agli studenti tutte le fasi del processo produttivo: sceneggiatura, interviste, riprese, montaggio.<\/p>\n\n\n\n<p class=\"wp-block-paragraph\">La tutela dell\u2019ambiente e la salvaguardia del pianeta \u00e8 stato il filo conduttore di tutto il progetto\u00a0 ArtMedia Cinema e Scuola, che\u00a0 ha coinvolto istituti scolastici in Toscana, Lazio, Campania e Lazio insulare, promuovendo alfabetizzazione audiovisiva, pensiero critico e creativit\u00e0.\u00a0<\/p>\n\n\n\n<p class=\"wp-block-paragraph\">Gli studenti hanno visto alcuni importanti titoli dedicati a questo tema: <em>The forest maker<\/em> di Volker Schl\u00f6ndorf; <em>H\u00e9ros de la m\u00e9diterran\u00e9e: l\u2019exp\u00e9dition thalas <\/em>di Thomas Capiten; <em>Abyss clean up<\/em> di Igor D\u2019India; <em>The plastic hike<\/em> di Carolina Semrau e Augusto Lima; <em>La voce di Ventotene<\/em> di Stefano Di Polito; <em>Cuba\u2019s life task: combating climate change<\/em> di Daniesky Acosta e Hugo Rivalta.<\/p>\n\n\n\n<p class=\"wp-block-paragraph\">Gli altri laboratori sul territorio sono stati:<\/p>\n\n\n\n<p class=\"wp-block-paragraph\"><strong><em>LAMMARI \u2013 CAPANNORI (LU) \u2013 Voices over the planet<\/em><\/strong><\/p>\n\n\n\n<p class=\"wp-block-paragraph\">Con l<strong>\u2019Istituto Comprensivo \u201cIlio Micheloni<\/strong>\u201d, un laboratorio emozionale e narrativo ha guidato gli studenti nella lettura simbolica del paesaggio cinematografico. Attraverso visioni selezionate, scrittura creativa, analisi filmica e composizione musicale, i ragazzi hanno prodotto <em>Voices over the planet<\/em>, un corto sperimentale in cui immagini e suoni dialogano per dare voce al pianeta.<\/p>\n\n\n\n<p class=\"wp-block-paragraph\"><strong><em>PONZA (LT) \u2013 Open Frontiers Young<\/em><\/strong> concorso aperto ai cortometraggi realizzati da giovani studenti delle scuole superiori o dell&#8217;universit\u00e0 dedicati ai seguenti temi: diritti umani, Europa, democrazia e cittadinanza attiva che si tiene nell\u2019 ambito del<strong> Ventotene Film Festival.<\/strong><br>Gli studenti dell\u2019<strong>IC Pisacane <\/strong>sono stati coinvolti nell\u2019organizzazione dei concorsi <em>Open Frontiers<\/em> <em>Young <\/em>e <em>Green Path <\/em>Insieme a professionisti del settore, hanno seguito tutte le fasi organizzative del festival, dall\u2019analisi dei cortometraggi internazionali fino alla formazione della giuria studentesca.<\/p>\n\n\n\n<p class=\"wp-block-paragraph\"><strong>ROMA \u2013 Cinema e disagio psichico<\/strong><br>Presso il <strong>Cinema Eden<\/strong>, gli studenti dell\u2019<strong>IIS Emery<\/strong> hanno vissuto un momento speciale alla proiezione del film <em>Io sono un po\u2019 matto e tu?<\/em>, diretto da Dario D\u2019Ambrosi con la Compagnia del Teatro Patologico. L\u2019opera, interpretata da attori professionisti e persone con disabilit\u00e0 psichiche, ha permesso ai giovani spettatori di riflettere su tematiche legate alla salute mentale. Gli studenti hanno anche preso parte alla <strong>16\u00aa edizione del Festival Internazionale del Cinema Patologico.<\/strong><\/p>\n\n\n\n<p class=\"wp-block-paragraph\"><strong>NAPOLI \u2013 Educazione visiva e stop-motion<\/strong><br>Due scuole napoletane, tra cui l\u2019<strong>IC Cuoco-Schipa<\/strong>, hanno partecipato a laboratori di animazione e stop-motion, ideati dalla dott.ssa Giorgia Velluso. Gli studenti hanno scoperto le origini del cinema, le tecniche del pre-cinema e le fasi di realizzazione di un corto animato, imparando a raccontare attraverso immagini in movimento.<\/p>\n\n\n\n<p class=\"wp-block-paragraph\"><strong>EVENTI NAZIONALI E MASTERCLASS<\/strong><\/p>\n\n\n\n<p class=\"wp-block-paragraph\">\u25cf <strong>Festival del Cinema Patologico<\/strong> \u2013 Gli studenti del Lazio hanno preso parte a un evento dedicato al giovane cinema che esplora il disagio mentale e l\u2019emarginazione sociale, analizzando opere come <em>Dear Giulia<\/em>, <em>Fuori c\u2019\u00e8 il sole, Persona<\/em>. Un&#8217;opportunit\u00e0 straordinaria per riflettere sul rapporto tra arte e disabilit\u00e0, sulla potenza del cinema come strumento di espressione e sulla necessit\u00e0 di abbattere i pregiudizi. Il confronto con i protagonisti ha aperto nuovi orizzonti, mostrando come il cinema possa diventare uno spazio di libert\u00e0 e creativit\u00e0 per tutti, senza barriere.<\/p>\n\n\n\n<p class=\"wp-block-paragraph\">\u25cf<strong> Masterclass con Eugenia Munari<\/strong> \u2013 Un concerto multimediale che ha esplorato il legame tra musica e immagini nel cinema, con l\u2019esecuzione dal vivo di celebri colonne sonore.<\/p>\n\n\n\n<p class=\"wp-block-paragraph\">\u25cf <strong>Lezioni di Cinema<\/strong> \u2013 Proiezioni con artisti e autori. Il cinema che fa pensare ed interrogarsi: L\u2019incontro con Seydou Sarr e Moustapha Fall, protagonisti del film <em>Io Capitano<\/em>, e con Mamadou Kouassi, la cui storia ha ispirato il racconto cinematografico, ha reso l&#8217;esperienza ancora pi\u00f9 intensa e toccante.\u00a0<\/p>\n\n\n\n<p class=\"wp-block-paragraph\">Gli studenti dell \u2018<strong>Istituto Isabella D\u2019 Este Caracciolo<\/strong> e del <strong>liceo statale Mazzini<\/strong> di Napoli hanno ascoltato testimonianze dirette, comprendendo quanto sia fondamentale guardare oltre i pregiudizi e riconoscere l&#8217;umanit\u00e0 di chi affronta questi viaggi disperati. Grande interesse anche per la proiezione del film <em>Le assaggiatrici<\/em> di Silvio Soldini. Gli studenti hanno inoltre partecipato ai panel con i professionisti del cinema nell\u2019ambito del <strong>Ventotene Film Festival <\/strong>moderati dal giornalista<strong> Federico Pontiggia <\/strong>con Ambra Angiolini, Paolo Virz\u00ec, Laura Morante e Vinicio Marchioni, Massimo Gaudioso e Ludovica Rampoldi.<\/p>\n","protected":false},"excerpt":{"rendered":"<p>Si concludono il 31 maggio con la proiezione del corto documentario Fast, le attivit\u00e0 di ArtMedia Cinema e Scuola ArtMedia Cinema e Scuola &#8211; Immagini personaggi storie. Percorsi di cinema per studenti curato dall\u2019Associazione Artistic Soul di Loredana Commonara, nell\u2019ambito di CIPS. Le attivit\u00e0 territoriali e nazionali<\/p>\n","protected":false},"author":26,"featured_media":299713,"comment_status":"closed","ping_status":"closed","sticky":false,"template":"","format":"standard","meta":{"googlesitekit_rrm_CAow3e7fCw:productID":"","_crdt_document":"","footnotes":""},"categories":[1691],"tags":[356,2337],"class_list":{"0":"post-299712","1":"post","2":"type-post","3":"status-publish","4":"format-standard","5":"has-post-thumbnail","7":"category-learning","8":"tag-focus","9":"tag-learning"},"yoast_head":"<!-- This site is optimized with the Yoast SEO Premium plugin v27.4 (Yoast SEO v27.5) - https:\/\/yoast.com\/product\/yoast-seo-premium-wordpress\/ -->\n<title>Artmedia Cinema e Scuola al cinema per salvaguardare il pianeta - Cinema &amp; Video International<\/title>\n<meta name=\"description\" content=\"Artmedia Cinema e Scuola al cinema per salvaguardare il pianeta \u2013 artmedia cinema e scuola al cinema. Con la proiezione il prossimo 31 maggio al cinema Ro\" \/>\n<meta name=\"robots\" content=\"index, follow, max-snippet:-1, max-image-preview:large, max-video-preview:-1\" \/>\n<link rel=\"canonical\" href=\"https:\/\/cinema.video\/it\/artmedia-cinema-e-scuola\" \/>\n<meta property=\"og:locale\" content=\"it_IT\" \/>\n<meta property=\"og:type\" content=\"article\" \/>\n<meta property=\"og:title\" content=\"Artmedia Cinema e Scuola al cinema per salvaguardare il pianeta\" \/>\n<meta property=\"og:description\" content=\"Artmedia Cinema e Scuola al cinema per salvaguardare il pianeta \u2013 artmedia cinema e scuola al cinema. Con la proiezione il prossimo 31 maggio al cinema Ro\" \/>\n<meta property=\"og:url\" content=\"https:\/\/cinema.video\/it\/artmedia-cinema-e-scuola\" \/>\n<meta property=\"og:site_name\" content=\"Cinema &amp; Video International\" \/>\n<meta property=\"article:publisher\" content=\"https:\/\/www.facebook.com\/CinemaVideoInternational\/\" \/>\n<meta property=\"article:published_time\" content=\"2025-05-29T09:52:58+00:00\" \/>\n<meta property=\"article:modified_time\" content=\"2026-04-10T02:09:10+00:00\" \/>\n<meta property=\"og:image\" content=\"https:\/\/cinema.video\/wp-content\/uploads\/2025\/05\/foto-io-capitano-scaled-e1748512094875.jpeg\" \/>\n\t<meta property=\"og:image:width\" content=\"800\" \/>\n\t<meta property=\"og:image:height\" content=\"532\" \/>\n\t<meta property=\"og:image:type\" content=\"image\/jpeg\" \/>\n<meta name=\"author\" content=\"Redazione\" \/>\n<meta name=\"twitter:card\" content=\"summary_large_image\" \/>\n<meta name=\"twitter:label1\" content=\"Scritto da\" \/>\n\t<meta name=\"twitter:data1\" content=\"Redazione\" \/>\n\t<meta name=\"twitter:label2\" content=\"Tempo di lettura stimato\" \/>\n\t<meta name=\"twitter:data2\" content=\"5 minuti\" \/>\n<script type=\"application\/ld+json\" class=\"yoast-schema-graph\">{\"@context\":\"https:\\\/\\\/schema.org\",\"@graph\":[{\"@type\":\"Article\",\"@id\":\"https:\\\/\\\/cinema.video\\\/it\\\/artmedia-cinema-e-scuola#article\",\"isPartOf\":{\"@id\":\"https:\\\/\\\/cinema.video\\\/it\\\/artmedia-cinema-e-scuola\"},\"author\":{\"name\":\"Redazione\",\"@id\":\"https:\\\/\\\/cinema.video\\\/it#\\\/schema\\\/person\\\/aeb01b91d874e8b01e76a1db04c668c6\"},\"headline\":\"Artmedia Cinema e Scuola al cinema per salvaguardare il pianeta\",\"datePublished\":\"2025-05-29T09:52:58+00:00\",\"dateModified\":\"2026-04-10T02:09:10+00:00\",\"mainEntityOfPage\":{\"@id\":\"https:\\\/\\\/cinema.video\\\/it\\\/artmedia-cinema-e-scuola\"},\"wordCount\":823,\"publisher\":{\"@id\":\"https:\\\/\\\/cinema.video\\\/it#organization\"},\"image\":{\"@id\":\"https:\\\/\\\/cinema.video\\\/it\\\/artmedia-cinema-e-scuola#primaryimage\"},\"thumbnailUrl\":\"https:\\\/\\\/cinema.video\\\/wp-content\\\/uploads\\\/2025\\\/05\\\/foto-io-capitano-scaled-e1748512094875.jpeg\",\"keywords\":[\"focus\",\"LEARNING\"],\"articleSection\":[\"LEARNING\"],\"inLanguage\":\"it-IT\"},{\"@type\":\"WebPage\",\"@id\":\"https:\\\/\\\/cinema.video\\\/it\\\/artmedia-cinema-e-scuola\",\"url\":\"https:\\\/\\\/cinema.video\\\/it\\\/artmedia-cinema-e-scuola\",\"name\":\"Artmedia Cinema e Scuola al cinema per salvaguardare il pianeta - Cinema &amp; Video International\",\"isPartOf\":{\"@id\":\"https:\\\/\\\/cinema.video\\\/it#website\"},\"primaryImageOfPage\":{\"@id\":\"https:\\\/\\\/cinema.video\\\/it\\\/artmedia-cinema-e-scuola#primaryimage\"},\"image\":{\"@id\":\"https:\\\/\\\/cinema.video\\\/it\\\/artmedia-cinema-e-scuola#primaryimage\"},\"thumbnailUrl\":\"https:\\\/\\\/cinema.video\\\/wp-content\\\/uploads\\\/2025\\\/05\\\/foto-io-capitano-scaled-e1748512094875.jpeg\",\"datePublished\":\"2025-05-29T09:52:58+00:00\",\"dateModified\":\"2026-04-10T02:09:10+00:00\",\"description\":\"Artmedia Cinema e Scuola al cinema per salvaguardare il pianeta \u2013 artmedia cinema e scuola al cinema. Con la proiezione il prossimo 31 maggio al cinema Ro\",\"breadcrumb\":{\"@id\":\"https:\\\/\\\/cinema.video\\\/it\\\/artmedia-cinema-e-scuola#breadcrumb\"},\"inLanguage\":\"it-IT\",\"potentialAction\":[{\"@type\":\"ReadAction\",\"target\":[\"https:\\\/\\\/cinema.video\\\/it\\\/artmedia-cinema-e-scuola\"]}]},{\"@type\":\"ImageObject\",\"inLanguage\":\"it-IT\",\"@id\":\"https:\\\/\\\/cinema.video\\\/it\\\/artmedia-cinema-e-scuola#primaryimage\",\"url\":\"https:\\\/\\\/cinema.video\\\/wp-content\\\/uploads\\\/2025\\\/05\\\/foto-io-capitano-scaled-e1748512094875.jpeg\",\"contentUrl\":\"https:\\\/\\\/cinema.video\\\/wp-content\\\/uploads\\\/2025\\\/05\\\/foto-io-capitano-scaled-e1748512094875.jpeg\",\"width\":800,\"height\":532,\"caption\":\"Si concludono il 31 maggio con la proiezione del corto documentario Fast, le attivit\u00e0 di ArtMedia Cinema e Scuola ArtMedia Cinema e Scuola\"},{\"@type\":\"BreadcrumbList\",\"@id\":\"https:\\\/\\\/cinema.video\\\/it\\\/artmedia-cinema-e-scuola#breadcrumb\",\"itemListElement\":[{\"@type\":\"ListItem\",\"position\":1,\"name\":\"Home\",\"item\":\"https:\\\/\\\/cinema.video\\\/it\\\/home-2\"},{\"@type\":\"ListItem\",\"position\":2,\"name\":\"Artmedia Cinema e Scuola al cinema per salvaguardare il pianeta\"}]},{\"@type\":\"WebSite\",\"@id\":\"https:\\\/\\\/cinema.video\\\/it#website\",\"url\":\"https:\\\/\\\/cinema.video\\\/it\",\"name\":\"Cinema & Video International\",\"description\":\"Film &amp; Audiovisual Industry Trade Magazine\",\"publisher\":{\"@id\":\"https:\\\/\\\/cinema.video\\\/it#organization\"},\"alternateName\":\"Cinema & Video\",\"potentialAction\":[{\"@type\":\"SearchAction\",\"target\":{\"@type\":\"EntryPoint\",\"urlTemplate\":\"https:\\\/\\\/cinema.video\\\/it?s={search_term_string}\"},\"query-input\":{\"@type\":\"PropertyValueSpecification\",\"valueRequired\":true,\"valueName\":\"search_term_string\"}}],\"inLanguage\":\"it-IT\"},{\"@type\":\"Organization\",\"@id\":\"https:\\\/\\\/cinema.video\\\/it#organization\",\"name\":\"Cinema & Video\",\"url\":\"https:\\\/\\\/cinema.video\\\/it\",\"logo\":{\"@type\":\"ImageObject\",\"inLanguage\":\"it-IT\",\"@id\":\"https:\\\/\\\/cinema.video\\\/it#\\\/schema\\\/logo\\\/image\\\/\",\"url\":\"https:\\\/\\\/cinema.video\\\/wp-content\\\/uploads\\\/2026\\\/04\\\/CinemVideo_LogoBlack.png\",\"contentUrl\":\"https:\\\/\\\/cinema.video\\\/wp-content\\\/uploads\\\/2026\\\/04\\\/CinemVideo_LogoBlack.png\",\"width\":1336,\"height\":224,\"caption\":\"Cinema & Video\"},\"image\":{\"@id\":\"https:\\\/\\\/cinema.video\\\/it#\\\/schema\\\/logo\\\/image\\\/\"},\"sameAs\":[\"https:\\\/\\\/www.facebook.com\\\/CinemaVideoInternational\\\/\",\"https:\\\/\\\/www.instagram.com\\\/cinemaevideointernational\\\/\",\"https:\\\/\\\/it.linkedin.com\\\/company\\\/cinema-video-international\"],\"description\":\"Media Consulting & Marketing Agency\",\"email\":\"hello@darostudio.com\",\"legalName\":\"DARO studio LLC\",\"foundingDate\":\"2021-02-16\",\"numberOfEmployees\":{\"@type\":\"QuantitativeValue\",\"minValue\":\"1\",\"maxValue\":\"10\"}},{\"@type\":\"Person\",\"@id\":\"https:\\\/\\\/cinema.video\\\/it#\\\/schema\\\/person\\\/aeb01b91d874e8b01e76a1db04c668c6\",\"name\":\"Redazione\",\"image\":{\"@type\":\"ImageObject\",\"inLanguage\":\"it-IT\",\"@id\":\"https:\\\/\\\/secure.gravatar.com\\\/avatar\\\/06ad6f92eb14745b75fb592cadf8139d33242d81c9c8b085133c450aaf0b9731?s=96&d=mm&r=g\",\"url\":\"https:\\\/\\\/secure.gravatar.com\\\/avatar\\\/06ad6f92eb14745b75fb592cadf8139d33242d81c9c8b085133c450aaf0b9731?s=96&d=mm&r=g\",\"contentUrl\":\"https:\\\/\\\/secure.gravatar.com\\\/avatar\\\/06ad6f92eb14745b75fb592cadf8139d33242d81c9c8b085133c450aaf0b9731?s=96&d=mm&r=g\",\"caption\":\"Redazione\"},\"url\":\"https:\\\/\\\/cinema.video\\\/it\\\/author\\\/redazione\"}]}<\/script>\n<!-- \/ Yoast SEO Premium plugin. -->","yoast_head_json":{"title":"Artmedia Cinema e Scuola al cinema per salvaguardare il pianeta - Cinema &amp; Video International","description":"Artmedia Cinema e Scuola al cinema per salvaguardare il pianeta \u2013 artmedia cinema e scuola al cinema. Con la proiezione il prossimo 31 maggio al cinema Ro","robots":{"index":"index","follow":"follow","max-snippet":"max-snippet:-1","max-image-preview":"max-image-preview:large","max-video-preview":"max-video-preview:-1"},"canonical":"https:\/\/cinema.video\/it\/artmedia-cinema-e-scuola","og_locale":"it_IT","og_type":"article","og_title":"Artmedia Cinema e Scuola al cinema per salvaguardare il pianeta","og_description":"Artmedia Cinema e Scuola al cinema per salvaguardare il pianeta \u2013 artmedia cinema e scuola al cinema. Con la proiezione il prossimo 31 maggio al cinema Ro","og_url":"https:\/\/cinema.video\/it\/artmedia-cinema-e-scuola","og_site_name":"Cinema &amp; Video International","article_publisher":"https:\/\/www.facebook.com\/CinemaVideoInternational\/","article_published_time":"2025-05-29T09:52:58+00:00","article_modified_time":"2026-04-10T02:09:10+00:00","og_image":[{"width":800,"height":532,"url":"https:\/\/cinema.video\/wp-content\/uploads\/2025\/05\/foto-io-capitano-scaled-e1748512094875.jpeg","type":"image\/jpeg"}],"author":"Redazione","twitter_card":"summary_large_image","twitter_misc":{"Scritto da":"Redazione","Tempo di lettura stimato":"5 minuti"},"schema":{"@context":"https:\/\/schema.org","@graph":[{"@type":"Article","@id":"https:\/\/cinema.video\/it\/artmedia-cinema-e-scuola#article","isPartOf":{"@id":"https:\/\/cinema.video\/it\/artmedia-cinema-e-scuola"},"author":{"name":"Redazione","@id":"https:\/\/cinema.video\/it#\/schema\/person\/aeb01b91d874e8b01e76a1db04c668c6"},"headline":"Artmedia Cinema e Scuola al cinema per salvaguardare il pianeta","datePublished":"2025-05-29T09:52:58+00:00","dateModified":"2026-04-10T02:09:10+00:00","mainEntityOfPage":{"@id":"https:\/\/cinema.video\/it\/artmedia-cinema-e-scuola"},"wordCount":823,"publisher":{"@id":"https:\/\/cinema.video\/it#organization"},"image":{"@id":"https:\/\/cinema.video\/it\/artmedia-cinema-e-scuola#primaryimage"},"thumbnailUrl":"https:\/\/cinema.video\/wp-content\/uploads\/2025\/05\/foto-io-capitano-scaled-e1748512094875.jpeg","keywords":["focus","LEARNING"],"articleSection":["LEARNING"],"inLanguage":"it-IT"},{"@type":"WebPage","@id":"https:\/\/cinema.video\/it\/artmedia-cinema-e-scuola","url":"https:\/\/cinema.video\/it\/artmedia-cinema-e-scuola","name":"Artmedia Cinema e Scuola al cinema per salvaguardare il pianeta - Cinema &amp; Video International","isPartOf":{"@id":"https:\/\/cinema.video\/it#website"},"primaryImageOfPage":{"@id":"https:\/\/cinema.video\/it\/artmedia-cinema-e-scuola#primaryimage"},"image":{"@id":"https:\/\/cinema.video\/it\/artmedia-cinema-e-scuola#primaryimage"},"thumbnailUrl":"https:\/\/cinema.video\/wp-content\/uploads\/2025\/05\/foto-io-capitano-scaled-e1748512094875.jpeg","datePublished":"2025-05-29T09:52:58+00:00","dateModified":"2026-04-10T02:09:10+00:00","description":"Artmedia Cinema e Scuola al cinema per salvaguardare il pianeta \u2013 artmedia cinema e scuola al cinema. Con la proiezione il prossimo 31 maggio al cinema Ro","breadcrumb":{"@id":"https:\/\/cinema.video\/it\/artmedia-cinema-e-scuola#breadcrumb"},"inLanguage":"it-IT","potentialAction":[{"@type":"ReadAction","target":["https:\/\/cinema.video\/it\/artmedia-cinema-e-scuola"]}]},{"@type":"ImageObject","inLanguage":"it-IT","@id":"https:\/\/cinema.video\/it\/artmedia-cinema-e-scuola#primaryimage","url":"https:\/\/cinema.video\/wp-content\/uploads\/2025\/05\/foto-io-capitano-scaled-e1748512094875.jpeg","contentUrl":"https:\/\/cinema.video\/wp-content\/uploads\/2025\/05\/foto-io-capitano-scaled-e1748512094875.jpeg","width":800,"height":532,"caption":"Si concludono il 31 maggio con la proiezione del corto documentario Fast, le attivit\u00e0 di ArtMedia Cinema e Scuola ArtMedia Cinema e Scuola"},{"@type":"BreadcrumbList","@id":"https:\/\/cinema.video\/it\/artmedia-cinema-e-scuola#breadcrumb","itemListElement":[{"@type":"ListItem","position":1,"name":"Home","item":"https:\/\/cinema.video\/it\/home-2"},{"@type":"ListItem","position":2,"name":"Artmedia Cinema e Scuola al cinema per salvaguardare il pianeta"}]},{"@type":"WebSite","@id":"https:\/\/cinema.video\/it#website","url":"https:\/\/cinema.video\/it","name":"Cinema & Video International","description":"Film &amp; Audiovisual Industry Trade Magazine","publisher":{"@id":"https:\/\/cinema.video\/it#organization"},"alternateName":"Cinema & Video","potentialAction":[{"@type":"SearchAction","target":{"@type":"EntryPoint","urlTemplate":"https:\/\/cinema.video\/it?s={search_term_string}"},"query-input":{"@type":"PropertyValueSpecification","valueRequired":true,"valueName":"search_term_string"}}],"inLanguage":"it-IT"},{"@type":"Organization","@id":"https:\/\/cinema.video\/it#organization","name":"Cinema & Video","url":"https:\/\/cinema.video\/it","logo":{"@type":"ImageObject","inLanguage":"it-IT","@id":"https:\/\/cinema.video\/it#\/schema\/logo\/image\/","url":"https:\/\/cinema.video\/wp-content\/uploads\/2026\/04\/CinemVideo_LogoBlack.png","contentUrl":"https:\/\/cinema.video\/wp-content\/uploads\/2026\/04\/CinemVideo_LogoBlack.png","width":1336,"height":224,"caption":"Cinema & Video"},"image":{"@id":"https:\/\/cinema.video\/it#\/schema\/logo\/image\/"},"sameAs":["https:\/\/www.facebook.com\/CinemaVideoInternational\/","https:\/\/www.instagram.com\/cinemaevideointernational\/","https:\/\/it.linkedin.com\/company\/cinema-video-international"],"description":"Media Consulting & Marketing Agency","email":"hello@darostudio.com","legalName":"DARO studio LLC","foundingDate":"2021-02-16","numberOfEmployees":{"@type":"QuantitativeValue","minValue":"1","maxValue":"10"}},{"@type":"Person","@id":"https:\/\/cinema.video\/it#\/schema\/person\/aeb01b91d874e8b01e76a1db04c668c6","name":"Redazione","image":{"@type":"ImageObject","inLanguage":"it-IT","@id":"https:\/\/secure.gravatar.com\/avatar\/06ad6f92eb14745b75fb592cadf8139d33242d81c9c8b085133c450aaf0b9731?s=96&d=mm&r=g","url":"https:\/\/secure.gravatar.com\/avatar\/06ad6f92eb14745b75fb592cadf8139d33242d81c9c8b085133c450aaf0b9731?s=96&d=mm&r=g","contentUrl":"https:\/\/secure.gravatar.com\/avatar\/06ad6f92eb14745b75fb592cadf8139d33242d81c9c8b085133c450aaf0b9731?s=96&d=mm&r=g","caption":"Redazione"},"url":"https:\/\/cinema.video\/it\/author\/redazione"}]}},"jetpack_featured_media_url":"https:\/\/cinema.video\/wp-content\/uploads\/2025\/05\/foto-io-capitano-scaled-e1748512094875.jpeg","jetpack_shortlink":"https:\/\/wp.me\/ph672m-1fY4","_links":{"self":[{"href":"https:\/\/cinema.video\/it\/wp-json\/wp\/v2\/posts\/299712","targetHints":{"allow":["GET"]}}],"collection":[{"href":"https:\/\/cinema.video\/it\/wp-json\/wp\/v2\/posts"}],"about":[{"href":"https:\/\/cinema.video\/it\/wp-json\/wp\/v2\/types\/post"}],"author":[{"embeddable":true,"href":"https:\/\/cinema.video\/it\/wp-json\/wp\/v2\/users\/26"}],"replies":[{"embeddable":true,"href":"https:\/\/cinema.video\/it\/wp-json\/wp\/v2\/comments?post=299712"}],"version-history":[{"count":2,"href":"https:\/\/cinema.video\/it\/wp-json\/wp\/v2\/posts\/299712\/revisions"}],"predecessor-version":[{"id":309655,"href":"https:\/\/cinema.video\/it\/wp-json\/wp\/v2\/posts\/299712\/revisions\/309655"}],"wp:featuredmedia":[{"embeddable":true,"href":"https:\/\/cinema.video\/it\/wp-json\/wp\/v2\/media\/299713"}],"wp:attachment":[{"href":"https:\/\/cinema.video\/it\/wp-json\/wp\/v2\/media?parent=299712"}],"wp:term":[{"taxonomy":"category","embeddable":true,"href":"https:\/\/cinema.video\/it\/wp-json\/wp\/v2\/categories?post=299712"},{"taxonomy":"post_tag","embeddable":true,"href":"https:\/\/cinema.video\/it\/wp-json\/wp\/v2\/tags?post=299712"}],"curies":[{"name":"wp","href":"https:\/\/api.w.org\/{rel}","templated":true}]}}