{"id":299635,"date":"2025-05-25T11:59:20","date_gmt":"2025-05-25T09:59:20","guid":{"rendered":"https:\/\/cinema.video\/?p=299635"},"modified":"2026-04-10T04:09:00","modified_gmt":"2026-04-10T02:09:00","slug":"liraq-pavillion-kurdistan-film-commission-cannes","status":"publish","type":"post","link":"https:\/\/cinema.video\/it\/liraq-pavillion-kurdistan-film-commission-cannes","title":{"rendered":"La prima volta di Iraq Pavillion e Kurdistan Film Commission"},"content":{"rendered":"\n<p class=\"wp-block-paragraph\"><strong><em>The President\u2019s Cake<\/em><\/strong>, il primo film iracheno presentato al Festival di Cannes ha vinto la <strong>Cam\u00e9ra d&#8217;or<\/strong> del Festival di Cannes e il <strong>People\u2019s Choice Award<\/strong> nella sezione indipendente della <em>Quinzaine des Realisateurs<\/em>.<\/p>\n\n\n\n<p class=\"wp-block-paragraph\">Il premio, lanciato l\u2019anno passato in partnership con la fondazione Akerman, \u00e8 l\u2019unico premio del pubblico del festival, considerata sia la selezione ufficiale che le sezioni parallele, e vale \u20ac7,500 ($8,400).<\/p>\n\n\n\n<figure class=\"wp-block-image size-large\"><img loading=\"lazy\" decoding=\"async\" width=\"1024\" height=\"435\" src=\"https:\/\/cinema.video\/wp-content\/uploads\/2025\/05\/presidents-cake-1024x435.jpg\" alt=\"La prima volta dell'Iraq Pavillion e della Kurdistan Film Commission\" class=\"wp-image-299650\"\/><\/figure>\n\n\n\n<p class=\"wp-block-paragraph\">Si tratta dell\u2019opera prima del regista e sceneggiatore <strong>Hasan Hadi<\/strong>, e ha come protagonista la piccolo Lamia, che ha il compito intimidatorio di cucinare la torta di compleanno di Saddam Hussein.<\/p>\n\n\n\n<p class=\"wp-block-paragraph\">E\u2019 prodotto dallo statunitense Leah Chen Baker, ha partecipato al Doha Film Institute\u2019s Qumra lab lo scorso aprile, ed \u00e8 venduto da Films Boutique.<\/p>\n\n\n\n<p class=\"wp-block-paragraph\">Altro primato per l\u2019Iraq \u00e8 al March\u00e9 du Film, con la presenza per la prima volta dell\u2019<strong>Iraq Pavillion<\/strong>, organizzato dall\u2019<strong>Iraqi Film Fund<\/strong>, diretto da <strong>Wareth Kwaish.<\/strong><\/p>\n\n\n\n<figure class=\"wp-block-image size-large\"><img loading=\"lazy\" decoding=\"async\" width=\"1024\" height=\"577\" src=\"https:\/\/cinema.video\/wp-content\/uploads\/2025\/05\/iraqi-pav-1024x577.jpg\" alt=\"\" class=\"wp-image-299656\"\/><figcaption class=\"wp-element-caption\"><strong>Wareth Kwaish.<\/strong><\/figcaption><\/figure>\n\n\n\n<p class=\"wp-block-paragraph\">L&#8217;Iraq Pavillion  ha ricevuto una <strong>menzione speciale <\/strong>dalla giuria del festival come <strong>Best Pavillion Design<\/strong>, in riconoscimento del suo valore culturale e dell\u2019efficacia visiva e tematica dell\u2019allestimento e delle presentazioni, sotto il claim \u201cFrom Mesopotamia to Cannes.\u201d<\/p>\n\n\n\n<p class=\"wp-block-paragraph\">Il pavillion era sponsorizzato dalla piattaforma di streaming 10001, dalla catena di cinema&nbsp; di Baghdad, VOMAX Cinemas e dalla Iraq International Development Bank.&nbsp;<\/p>\n\n\n\n<figure class=\"wp-block-gallery has-nested-images columns-default is-cropped wp-block-gallery-1 is-layout-flex wp-block-gallery-is-layout-flex\">\n<figure class=\"wp-block-image size-large\"><img loading=\"lazy\" decoding=\"async\" width=\"1024\" height=\"577\" data-id=\"299649\" src=\"https:\/\/cinema.video\/wp-content\/uploads\/2025\/05\/20250519_112932-1-1024x577.jpg\" alt=\"\" class=\"wp-image-299649\" srcset=\"https:\/\/cinema.video\/wp-content\/uploads\/2025\/05\/20250519_112932-1-scaled.jpg 1024w, https:\/\/cinema.video\/wp-content\/uploads\/2025\/05\/20250519_112932-1-scaled.jpg 300w, https:\/\/cinema.video\/wp-content\/uploads\/2025\/05\/20250519_112932-1-scaled.jpg 768w, https:\/\/cinema.video\/wp-content\/uploads\/2025\/05\/20250519_112932-1-scaled.jpg 1536w, https:\/\/cinema.video\/wp-content\/uploads\/2025\/05\/20250519_112932-1-scaled.jpg 2048w, https:\/\/cinema.video\/wp-content\/uploads\/2025\/05\/20250519_112932-1-scaled.jpg 746w, https:\/\/cinema.video\/wp-content\/uploads\/2025\/05\/20250519_112932-1-scaled.jpg 150w, https:\/\/cinema.video\/wp-content\/uploads\/2025\/05\/20250519_112932-1-scaled.jpg 696w, https:\/\/cinema.video\/wp-content\/uploads\/2025\/05\/20250519_112932-1-scaled.jpg 1068w, https:\/\/cinema.video\/wp-content\/uploads\/2025\/05\/20250519_112932-1-scaled.jpg 1920w, https:\/\/cinema.video\/wp-content\/uploads\/2025\/05\/20250519_112932-1-scaled.jpg 1392w\" sizes=\"auto, (max-width: 696px) 100vw, 696px\" \/><\/figure>\n\n\n\n<figure class=\"wp-block-image size-large\"><img loading=\"lazy\" decoding=\"async\" width=\"1024\" height=\"577\" data-id=\"299651\" src=\"https:\/\/cinema.video\/wp-content\/uploads\/2025\/05\/palestinian-Pav-1024x577.jpg\" alt=\"\" class=\"wp-image-299651\" srcset=\"https:\/\/cinema.video\/wp-content\/uploads\/2025\/05\/palestinian-Pav-scaled.jpg 1024w, https:\/\/cinema.video\/wp-content\/uploads\/2025\/05\/palestinian-Pav-scaled.jpg 300w, https:\/\/cinema.video\/wp-content\/uploads\/2025\/05\/palestinian-Pav-scaled.jpg 768w, https:\/\/cinema.video\/wp-content\/uploads\/2025\/05\/palestinian-Pav-scaled.jpg 1536w, https:\/\/cinema.video\/wp-content\/uploads\/2025\/05\/palestinian-Pav-scaled.jpg 2048w, https:\/\/cinema.video\/wp-content\/uploads\/2025\/05\/palestinian-Pav-scaled.jpg 746w, https:\/\/cinema.video\/wp-content\/uploads\/2025\/05\/palestinian-Pav-scaled.jpg 150w, https:\/\/cinema.video\/wp-content\/uploads\/2025\/05\/palestinian-Pav-scaled.jpg 696w, https:\/\/cinema.video\/wp-content\/uploads\/2025\/05\/palestinian-Pav-scaled.jpg 1068w, https:\/\/cinema.video\/wp-content\/uploads\/2025\/05\/palestinian-Pav-scaled.jpg 1920w, https:\/\/cinema.video\/wp-content\/uploads\/2025\/05\/palestinian-Pav-scaled.jpg 1392w\" sizes=\"auto, (max-width: 696px) 100vw, 696px\" \/><\/figure>\n<\/figure>\n\n\n\n<p class=\"wp-block-paragraph\">Suo &#8216;vicino di casa&#8217; al March\u00e9 era il <strong>Palestine Pavilion<\/strong>, impegnato, durante l&#8217;ignobile genocidio perpetrato a Gaza, nella lotta per preservare le narrazioni palestinesi, come quelle dei gemelli di <strong>Gaza Arab e Tarzan Nasser<\/strong>, tornati a Cannes, in <em>Un Certain Regard<\/em>, con <strong><em>Once Upon a Time in Gaza<\/em><\/strong>, per il quale sono stati premiati per la miglior regia.<\/p>\n\n\n\n<p class=\"wp-block-paragraph\">Il Palestine Pavilion era organizzato da Palestine Film Institute (PFI) con il supporto di The Masharawi Fund, Doha Film Institute, Watermelon Pictures, 2048 Foundation e  Hikmat Palestine, e in collaborazione con Fondation romande pour le cin\u00e9ma (Cin\u00e9forom), Documentary Association of Europe (DAE), International Emerging Film Talent Association (IeFTA), il Consolato francese a Gerusalemme, Network of Arab Alternative Screens (NAAS), Filmlab Palestine, Akka Films, Lightdox, Noise Film PR, Square Eyes e Film Workers for Palestine.<\/p>\n\n\n\n<p class=\"wp-block-paragraph\">Fa parte dell\u2019Iraq anche la regione semi-autonoma del Kurdistan, che ha fatto il suo debutto al al March\u00e9 di Cannes con la nuova <strong>Kurdistan Film Commission<\/strong>, che \u00e8 stata presentata ufficialmente il 14 maggio, e di cui poi ha parlato la sua fondatrice <strong>Bavi Yassin<\/strong>, all\u2019interno dell\u2019<strong>AFCI Summit<\/strong>, essendo la nuova struttura gi\u00e0 parte sia dell\u2019associazione delle film commission internazionali, che dell\u2019<strong>AFCNet <\/strong>(Asian Film Commission Network).<\/p>\n\n\n\n<figure class=\"wp-block-image size-large\"><img loading=\"lazy\" decoding=\"async\" width=\"1024\" height=\"577\" src=\"https:\/\/cinema.video\/wp-content\/uploads\/2025\/05\/20250519_122104-1-1024x577.jpg\" alt=\"\" class=\"wp-image-299657\"\/><figcaption class=\"wp-element-caption\">Bavi Yassin<\/figcaption><\/figure>\n\n\n\n<p class=\"wp-block-paragraph\">\u201cNon si pu\u00f2 prescindere dalla collaborazione con le altre infrastrutture per chi, come noi, si affaccia per la prima volta sulla scena internazionale con questa struttura e un film fund, il <strong>Suli Film Fund<\/strong>\u00a0rivolto a filmmakers e a film curdi (aperto ovviamente alle co-produzioni).\u201d Rivela a Cinema&amp;Video International Yassin. \u201cLa nostra presenza a Cannes \u00e8 un evento storico, perch\u00e9 siamo sempre stati sotto rappresentati, le nostre storie, la nostra lingue proibite, e invece adesso siamo qui per accogliere le produzioni nella nostra regione con una prospettiva completante diversa. Per la prima volta il Kurdistan ha un vero sistema di supporto per la propria industria e per dare la possibilit\u00e0 ai nostri autori di raccontare le loro storie dal loro punto di vista. Fino ad adesso hanno dovuto contare su fondi stranieri: cos\u00ec ovviamente continuer\u00e0 ad essere, le co-produzioni continuano ad essere fondamentali, ma questo \u00e8 un passo importante per dare impulso alla creazione di un\u2019infrastruttura sostenibile e alla formazione di un\u2019industria locale sempre pi\u00f9 professionale.<\/p>\n\n\n\n<p class=\"wp-block-paragraph\">La maggior parte delle persone \u00e8 convinta che viviamo in mezzo alle montagne o in mezzo ad una guerra, la gente non conosce bene la nostra regione, che \u00e8 sicuramente molto piccola, ma sicura e con una buona qualit\u00e0 di vita.&#8221;<\/p>\n\n\n\n<p class=\"wp-block-paragraph\">Regione curda dell\u2019Iraq \u00e8 una Repubblica&nbsp; semi autonoma dal 1992. La capitale politica \u00e8 Erbil ma, ci tiene a sottolineare Yassin, il quartier generale della film commission \u00e8 a Slemani, detta anche Suli (da qui Suli Film Fund) \u201ccitt\u00e0 riconosciuta dall\u2019Unesco come citt\u00e0 della letteratura, la capitale della cultura della regione curda: i poeti, gli artisti vengono tutti da l\u00ec\u201d.&nbsp;<\/p>\n\n\n\n<p class=\"wp-block-paragraph\">Prossimamente verranno forniti dettagli su budget e criteri di accesso del Suli Film Fund.<\/p>\n","protected":false},"excerpt":{"rendered":"<p>The President\u2019s Cake, il primo film iracheno presentato al Festival di Cannes ha vinto la Cam\u00e9ra d&#8217;or del Festival di Cannes e il People\u2019s Choice Award nella sezione indipendente della Quinzaine des Realisateurs, dove i gemelli Nasser sono stati premiati per la miglior regia di Once Upon a Time in Gaza<\/p>\n","protected":false},"author":2,"featured_media":299655,"comment_status":"closed","ping_status":"closed","sticky":false,"template":"","format":"standard","meta":{"googlesitekit_rrm_CAow3e7fCw:productID":"","_crdt_document":"","footnotes":""},"categories":[1],"tags":[356],"class_list":{"0":"post-299635","1":"post","2":"type-post","3":"status-publish","4":"format-standard","5":"has-post-thumbnail","7":"category-senza-categoria","8":"tag-focus"},"yoast_head":"<!-- This site is optimized with the Yoast SEO Premium plugin v27.4 (Yoast SEO v27.4) - https:\/\/yoast.com\/product\/yoast-seo-premium-wordpress\/ -->\n<title>La prima volta di Iraq Pavillion e Kurdistan Film Commission - Cinema &amp; Video International<\/title>\n<meta name=\"description\" content=\"La prima volta di Iraq Pavillion e Kurdistan Film Commission \u2013 la prima volta di iraq pavillion. The President\u2019s Cake, il primo film iracheno presentato a\" \/>\n<meta name=\"robots\" content=\"index, follow, max-snippet:-1, max-image-preview:large, max-video-preview:-1\" \/>\n<link rel=\"canonical\" href=\"https:\/\/cinema.video\/it\/liraq-pavillion-kurdistan-film-commission-cannes\" \/>\n<meta property=\"og:locale\" content=\"it_IT\" \/>\n<meta property=\"og:type\" content=\"article\" \/>\n<meta property=\"og:title\" content=\"La prima volta di Iraq Pavillion e Kurdistan Film Commission\" \/>\n<meta property=\"og:description\" content=\"La prima volta di Iraq Pavillion e Kurdistan Film Commission \u2013 la prima volta di iraq pavillion. The President\u2019s Cake, il primo film iracheno presentato a\" \/>\n<meta property=\"og:url\" content=\"https:\/\/cinema.video\/it\/liraq-pavillion-kurdistan-film-commission-cannes\" \/>\n<meta property=\"og:site_name\" content=\"Cinema &amp; Video International\" \/>\n<meta property=\"article:publisher\" content=\"https:\/\/www.facebook.com\/CinemaVideoInternational\/\" \/>\n<meta property=\"article:published_time\" content=\"2025-05-25T09:59:20+00:00\" \/>\n<meta property=\"article:modified_time\" content=\"2026-04-10T02:09:00+00:00\" \/>\n<meta property=\"og:image\" content=\"https:\/\/cinema.video\/wp-content\/uploads\/2025\/05\/mesopotamia-scaled.jpg\" \/>\n\t<meta property=\"og:image:width\" content=\"2560\" \/>\n\t<meta property=\"og:image:height\" content=\"1441\" \/>\n\t<meta property=\"og:image:type\" content=\"image\/jpeg\" \/>\n<meta name=\"author\" content=\"Carolina Mancini\" \/>\n<meta name=\"twitter:card\" content=\"summary_large_image\" \/>\n<meta name=\"twitter:label1\" content=\"Scritto da\" \/>\n\t<meta name=\"twitter:data1\" content=\"Carolina Mancini\" \/>\n\t<meta name=\"twitter:label2\" content=\"Tempo di lettura stimato\" \/>\n\t<meta name=\"twitter:data2\" content=\"5 minuti\" \/>\n<script type=\"application\/ld+json\" class=\"yoast-schema-graph\">{\"@context\":\"https:\\\/\\\/schema.org\",\"@graph\":[{\"@type\":\"Article\",\"@id\":\"https:\\\/\\\/cinema.video\\\/it\\\/liraq-pavillion-kurdistan-film-commission-cannes#article\",\"isPartOf\":{\"@id\":\"https:\\\/\\\/cinema.video\\\/it\\\/liraq-pavillion-kurdistan-film-commission-cannes\"},\"author\":{\"name\":\"Carolina Mancini\",\"@id\":\"https:\\\/\\\/cinema.video\\\/it#\\\/schema\\\/person\\\/d5479fad8d0f2360000eb4aab6bb6e5d\"},\"headline\":\"La prima volta di Iraq Pavillion e Kurdistan Film Commission\",\"datePublished\":\"2025-05-25T09:59:20+00:00\",\"dateModified\":\"2026-04-10T02:09:00+00:00\",\"mainEntityOfPage\":{\"@id\":\"https:\\\/\\\/cinema.video\\\/it\\\/liraq-pavillion-kurdistan-film-commission-cannes\"},\"wordCount\":713,\"publisher\":{\"@id\":\"https:\\\/\\\/cinema.video\\\/it#organization\"},\"image\":{\"@id\":\"https:\\\/\\\/cinema.video\\\/it\\\/liraq-pavillion-kurdistan-film-commission-cannes#primaryimage\"},\"thumbnailUrl\":\"https:\\\/\\\/cinema.video\\\/wp-content\\\/uploads\\\/2025\\\/05\\\/mesopotamia-scaled.jpg\",\"keywords\":[\"focus\"],\"inLanguage\":\"it-IT\"},{\"@type\":\"WebPage\",\"@id\":\"https:\\\/\\\/cinema.video\\\/it\\\/liraq-pavillion-kurdistan-film-commission-cannes\",\"url\":\"https:\\\/\\\/cinema.video\\\/it\\\/liraq-pavillion-kurdistan-film-commission-cannes\",\"name\":\"La prima volta di Iraq Pavillion e Kurdistan Film Commission - Cinema &amp; Video International\",\"isPartOf\":{\"@id\":\"https:\\\/\\\/cinema.video\\\/it#website\"},\"primaryImageOfPage\":{\"@id\":\"https:\\\/\\\/cinema.video\\\/it\\\/liraq-pavillion-kurdistan-film-commission-cannes#primaryimage\"},\"image\":{\"@id\":\"https:\\\/\\\/cinema.video\\\/it\\\/liraq-pavillion-kurdistan-film-commission-cannes#primaryimage\"},\"thumbnailUrl\":\"https:\\\/\\\/cinema.video\\\/wp-content\\\/uploads\\\/2025\\\/05\\\/mesopotamia-scaled.jpg\",\"datePublished\":\"2025-05-25T09:59:20+00:00\",\"dateModified\":\"2026-04-10T02:09:00+00:00\",\"description\":\"La prima volta di Iraq Pavillion e Kurdistan Film Commission \u2013 la prima volta di iraq pavillion. The President\u2019s Cake, il primo film iracheno presentato a\",\"breadcrumb\":{\"@id\":\"https:\\\/\\\/cinema.video\\\/it\\\/liraq-pavillion-kurdistan-film-commission-cannes#breadcrumb\"},\"inLanguage\":\"it-IT\",\"potentialAction\":[{\"@type\":\"ReadAction\",\"target\":[\"https:\\\/\\\/cinema.video\\\/it\\\/liraq-pavillion-kurdistan-film-commission-cannes\"]}]},{\"@type\":\"ImageObject\",\"inLanguage\":\"it-IT\",\"@id\":\"https:\\\/\\\/cinema.video\\\/it\\\/liraq-pavillion-kurdistan-film-commission-cannes#primaryimage\",\"url\":\"https:\\\/\\\/cinema.video\\\/wp-content\\\/uploads\\\/2025\\\/05\\\/mesopotamia-scaled.jpg\",\"contentUrl\":\"https:\\\/\\\/cinema.video\\\/wp-content\\\/uploads\\\/2025\\\/05\\\/mesopotamia-scaled.jpg\",\"width\":2560,\"height\":1441,\"caption\":\"L'Iraq debutta a Cannes: al festival il primo film iracheno vince il Premio del Pubblico, al March\u00e9 arrivano Kurdistan FC e Iraq Pavillion\"},{\"@type\":\"BreadcrumbList\",\"@id\":\"https:\\\/\\\/cinema.video\\\/it\\\/liraq-pavillion-kurdistan-film-commission-cannes#breadcrumb\",\"itemListElement\":[{\"@type\":\"ListItem\",\"position\":1,\"name\":\"Home\",\"item\":\"https:\\\/\\\/cinema.video\\\/it\\\/home-2\"},{\"@type\":\"ListItem\",\"position\":2,\"name\":\"La prima volta di Iraq Pavillion e Kurdistan Film Commission\"}]},{\"@type\":\"WebSite\",\"@id\":\"https:\\\/\\\/cinema.video\\\/it#website\",\"url\":\"https:\\\/\\\/cinema.video\\\/it\",\"name\":\"Cinema & Video International\",\"description\":\"Film &amp; Audiovisual Industry Trade Magazine\",\"publisher\":{\"@id\":\"https:\\\/\\\/cinema.video\\\/it#organization\"},\"alternateName\":\"Cinema & Video\",\"potentialAction\":[{\"@type\":\"SearchAction\",\"target\":{\"@type\":\"EntryPoint\",\"urlTemplate\":\"https:\\\/\\\/cinema.video\\\/it?s={search_term_string}\"},\"query-input\":{\"@type\":\"PropertyValueSpecification\",\"valueRequired\":true,\"valueName\":\"search_term_string\"}}],\"inLanguage\":\"it-IT\"},{\"@type\":\"Organization\",\"@id\":\"https:\\\/\\\/cinema.video\\\/it#organization\",\"name\":\"Cinema & Video\",\"url\":\"https:\\\/\\\/cinema.video\\\/it\",\"logo\":{\"@type\":\"ImageObject\",\"inLanguage\":\"it-IT\",\"@id\":\"https:\\\/\\\/cinema.video\\\/it#\\\/schema\\\/logo\\\/image\\\/\",\"url\":\"https:\\\/\\\/cinema.video\\\/wp-content\\\/uploads\\\/2026\\\/04\\\/CinemVideo_LogoBlack.png\",\"contentUrl\":\"https:\\\/\\\/cinema.video\\\/wp-content\\\/uploads\\\/2026\\\/04\\\/CinemVideo_LogoBlack.png\",\"width\":1336,\"height\":224,\"caption\":\"Cinema & Video\"},\"image\":{\"@id\":\"https:\\\/\\\/cinema.video\\\/it#\\\/schema\\\/logo\\\/image\\\/\"},\"sameAs\":[\"https:\\\/\\\/www.facebook.com\\\/CinemaVideoInternational\\\/\",\"https:\\\/\\\/www.instagram.com\\\/cinemaevideointernational\\\/\",\"https:\\\/\\\/it.linkedin.com\\\/company\\\/cinema-video-international\"],\"description\":\"Media Consulting & Marketing Agency\",\"email\":\"hello@darostudio.com\",\"legalName\":\"DARO studio LLC\",\"foundingDate\":\"2021-02-16\",\"numberOfEmployees\":{\"@type\":\"QuantitativeValue\",\"minValue\":\"1\",\"maxValue\":\"10\"}},{\"@type\":\"Person\",\"@id\":\"https:\\\/\\\/cinema.video\\\/it#\\\/schema\\\/person\\\/d5479fad8d0f2360000eb4aab6bb6e5d\",\"name\":\"Carolina Mancini\",\"image\":{\"@type\":\"ImageObject\",\"inLanguage\":\"it-IT\",\"@id\":\"https:\\\/\\\/secure.gravatar.com\\\/avatar\\\/d4758965c5e8730dbaaa7131a628547771a26c1e5bf14fe323d96f8246a62baf?s=96&d=mm&r=g\",\"url\":\"https:\\\/\\\/secure.gravatar.com\\\/avatar\\\/d4758965c5e8730dbaaa7131a628547771a26c1e5bf14fe323d96f8246a62baf?s=96&d=mm&r=g\",\"contentUrl\":\"https:\\\/\\\/secure.gravatar.com\\\/avatar\\\/d4758965c5e8730dbaaa7131a628547771a26c1e5bf14fe323d96f8246a62baf?s=96&d=mm&r=g\",\"caption\":\"Carolina Mancini\"},\"url\":\"https:\\\/\\\/cinema.video\\\/it\\\/author\\\/carolin\"}]}<\/script>\n<!-- \/ Yoast SEO Premium plugin. -->","yoast_head_json":{"title":"La prima volta di Iraq Pavillion e Kurdistan Film Commission - Cinema &amp; Video International","description":"La prima volta di Iraq Pavillion e Kurdistan Film Commission \u2013 la prima volta di iraq pavillion. The President\u2019s Cake, il primo film iracheno presentato a","robots":{"index":"index","follow":"follow","max-snippet":"max-snippet:-1","max-image-preview":"max-image-preview:large","max-video-preview":"max-video-preview:-1"},"canonical":"https:\/\/cinema.video\/it\/liraq-pavillion-kurdistan-film-commission-cannes","og_locale":"it_IT","og_type":"article","og_title":"La prima volta di Iraq Pavillion e Kurdistan Film Commission","og_description":"La prima volta di Iraq Pavillion e Kurdistan Film Commission \u2013 la prima volta di iraq pavillion. The President\u2019s Cake, il primo film iracheno presentato a","og_url":"https:\/\/cinema.video\/it\/liraq-pavillion-kurdistan-film-commission-cannes","og_site_name":"Cinema &amp; Video International","article_publisher":"https:\/\/www.facebook.com\/CinemaVideoInternational\/","article_published_time":"2025-05-25T09:59:20+00:00","article_modified_time":"2026-04-10T02:09:00+00:00","og_image":[{"width":2560,"height":1441,"url":"https:\/\/cinema.video\/wp-content\/uploads\/2025\/05\/mesopotamia-scaled.jpg","type":"image\/jpeg"}],"author":"Carolina Mancini","twitter_card":"summary_large_image","twitter_misc":{"Scritto da":"Carolina Mancini","Tempo di lettura stimato":"5 minuti"},"schema":{"@context":"https:\/\/schema.org","@graph":[{"@type":"Article","@id":"https:\/\/cinema.video\/it\/liraq-pavillion-kurdistan-film-commission-cannes#article","isPartOf":{"@id":"https:\/\/cinema.video\/it\/liraq-pavillion-kurdistan-film-commission-cannes"},"author":{"name":"Carolina Mancini","@id":"https:\/\/cinema.video\/it#\/schema\/person\/d5479fad8d0f2360000eb4aab6bb6e5d"},"headline":"La prima volta di Iraq Pavillion e Kurdistan Film Commission","datePublished":"2025-05-25T09:59:20+00:00","dateModified":"2026-04-10T02:09:00+00:00","mainEntityOfPage":{"@id":"https:\/\/cinema.video\/it\/liraq-pavillion-kurdistan-film-commission-cannes"},"wordCount":713,"publisher":{"@id":"https:\/\/cinema.video\/it#organization"},"image":{"@id":"https:\/\/cinema.video\/it\/liraq-pavillion-kurdistan-film-commission-cannes#primaryimage"},"thumbnailUrl":"https:\/\/cinema.video\/wp-content\/uploads\/2025\/05\/mesopotamia-scaled.jpg","keywords":["focus"],"inLanguage":"it-IT"},{"@type":"WebPage","@id":"https:\/\/cinema.video\/it\/liraq-pavillion-kurdistan-film-commission-cannes","url":"https:\/\/cinema.video\/it\/liraq-pavillion-kurdistan-film-commission-cannes","name":"La prima volta di Iraq Pavillion e Kurdistan Film Commission - Cinema &amp; Video International","isPartOf":{"@id":"https:\/\/cinema.video\/it#website"},"primaryImageOfPage":{"@id":"https:\/\/cinema.video\/it\/liraq-pavillion-kurdistan-film-commission-cannes#primaryimage"},"image":{"@id":"https:\/\/cinema.video\/it\/liraq-pavillion-kurdistan-film-commission-cannes#primaryimage"},"thumbnailUrl":"https:\/\/cinema.video\/wp-content\/uploads\/2025\/05\/mesopotamia-scaled.jpg","datePublished":"2025-05-25T09:59:20+00:00","dateModified":"2026-04-10T02:09:00+00:00","description":"La prima volta di Iraq Pavillion e Kurdistan Film Commission \u2013 la prima volta di iraq pavillion. The President\u2019s Cake, il primo film iracheno presentato a","breadcrumb":{"@id":"https:\/\/cinema.video\/it\/liraq-pavillion-kurdistan-film-commission-cannes#breadcrumb"},"inLanguage":"it-IT","potentialAction":[{"@type":"ReadAction","target":["https:\/\/cinema.video\/it\/liraq-pavillion-kurdistan-film-commission-cannes"]}]},{"@type":"ImageObject","inLanguage":"it-IT","@id":"https:\/\/cinema.video\/it\/liraq-pavillion-kurdistan-film-commission-cannes#primaryimage","url":"https:\/\/cinema.video\/wp-content\/uploads\/2025\/05\/mesopotamia-scaled.jpg","contentUrl":"https:\/\/cinema.video\/wp-content\/uploads\/2025\/05\/mesopotamia-scaled.jpg","width":2560,"height":1441,"caption":"L'Iraq debutta a Cannes: al festival il primo film iracheno vince il Premio del Pubblico, al March\u00e9 arrivano Kurdistan FC e Iraq Pavillion"},{"@type":"BreadcrumbList","@id":"https:\/\/cinema.video\/it\/liraq-pavillion-kurdistan-film-commission-cannes#breadcrumb","itemListElement":[{"@type":"ListItem","position":1,"name":"Home","item":"https:\/\/cinema.video\/it\/home-2"},{"@type":"ListItem","position":2,"name":"La prima volta di Iraq Pavillion e Kurdistan Film Commission"}]},{"@type":"WebSite","@id":"https:\/\/cinema.video\/it#website","url":"https:\/\/cinema.video\/it","name":"Cinema & Video International","description":"Film &amp; Audiovisual Industry Trade Magazine","publisher":{"@id":"https:\/\/cinema.video\/it#organization"},"alternateName":"Cinema & Video","potentialAction":[{"@type":"SearchAction","target":{"@type":"EntryPoint","urlTemplate":"https:\/\/cinema.video\/it?s={search_term_string}"},"query-input":{"@type":"PropertyValueSpecification","valueRequired":true,"valueName":"search_term_string"}}],"inLanguage":"it-IT"},{"@type":"Organization","@id":"https:\/\/cinema.video\/it#organization","name":"Cinema & Video","url":"https:\/\/cinema.video\/it","logo":{"@type":"ImageObject","inLanguage":"it-IT","@id":"https:\/\/cinema.video\/it#\/schema\/logo\/image\/","url":"https:\/\/cinema.video\/wp-content\/uploads\/2026\/04\/CinemVideo_LogoBlack.png","contentUrl":"https:\/\/cinema.video\/wp-content\/uploads\/2026\/04\/CinemVideo_LogoBlack.png","width":1336,"height":224,"caption":"Cinema & Video"},"image":{"@id":"https:\/\/cinema.video\/it#\/schema\/logo\/image\/"},"sameAs":["https:\/\/www.facebook.com\/CinemaVideoInternational\/","https:\/\/www.instagram.com\/cinemaevideointernational\/","https:\/\/it.linkedin.com\/company\/cinema-video-international"],"description":"Media Consulting & Marketing Agency","email":"hello@darostudio.com","legalName":"DARO studio LLC","foundingDate":"2021-02-16","numberOfEmployees":{"@type":"QuantitativeValue","minValue":"1","maxValue":"10"}},{"@type":"Person","@id":"https:\/\/cinema.video\/it#\/schema\/person\/d5479fad8d0f2360000eb4aab6bb6e5d","name":"Carolina Mancini","image":{"@type":"ImageObject","inLanguage":"it-IT","@id":"https:\/\/secure.gravatar.com\/avatar\/d4758965c5e8730dbaaa7131a628547771a26c1e5bf14fe323d96f8246a62baf?s=96&d=mm&r=g","url":"https:\/\/secure.gravatar.com\/avatar\/d4758965c5e8730dbaaa7131a628547771a26c1e5bf14fe323d96f8246a62baf?s=96&d=mm&r=g","contentUrl":"https:\/\/secure.gravatar.com\/avatar\/d4758965c5e8730dbaaa7131a628547771a26c1e5bf14fe323d96f8246a62baf?s=96&d=mm&r=g","caption":"Carolina Mancini"},"url":"https:\/\/cinema.video\/it\/author\/carolin"}]}},"jetpack_featured_media_url":"https:\/\/cinema.video\/wp-content\/uploads\/2025\/05\/mesopotamia-scaled.jpg","jetpack_shortlink":"https:\/\/wp.me\/ph672m-1fWP","_links":{"self":[{"href":"https:\/\/cinema.video\/it\/wp-json\/wp\/v2\/posts\/299635","targetHints":{"allow":["GET"]}}],"collection":[{"href":"https:\/\/cinema.video\/it\/wp-json\/wp\/v2\/posts"}],"about":[{"href":"https:\/\/cinema.video\/it\/wp-json\/wp\/v2\/types\/post"}],"author":[{"embeddable":true,"href":"https:\/\/cinema.video\/it\/wp-json\/wp\/v2\/users\/2"}],"replies":[{"embeddable":true,"href":"https:\/\/cinema.video\/it\/wp-json\/wp\/v2\/comments?post=299635"}],"version-history":[{"count":1,"href":"https:\/\/cinema.video\/it\/wp-json\/wp\/v2\/posts\/299635\/revisions"}],"predecessor-version":[{"id":309647,"href":"https:\/\/cinema.video\/it\/wp-json\/wp\/v2\/posts\/299635\/revisions\/309647"}],"wp:featuredmedia":[{"embeddable":true,"href":"https:\/\/cinema.video\/it\/wp-json\/wp\/v2\/media\/299655"}],"wp:attachment":[{"href":"https:\/\/cinema.video\/it\/wp-json\/wp\/v2\/media?parent=299635"}],"wp:term":[{"taxonomy":"category","embeddable":true,"href":"https:\/\/cinema.video\/it\/wp-json\/wp\/v2\/categories?post=299635"},{"taxonomy":"post_tag","embeddable":true,"href":"https:\/\/cinema.video\/it\/wp-json\/wp\/v2\/tags?post=299635"}],"curies":[{"name":"wp","href":"https:\/\/api.w.org\/{rel}","templated":true}]}}