{"id":299630,"date":"2025-05-22T17:20:57","date_gmt":"2025-05-22T15:20:57","guid":{"rendered":"https:\/\/cinema.video\/?p=299630"},"modified":"2026-04-10T04:09:00","modified_gmt":"2026-04-10T02:09:00","slug":"brandstorytelling-mipcom-cannes","status":"publish","type":"post","link":"https:\/\/cinema.video\/it\/brandstorytelling-mipcom-cannes","title":{"rendered":"BrandStorytelling il summit delle narrazioni branded arriva a Cannes"},"content":{"rendered":"\n<p class=\"wp-block-paragraph\">Il <strong>Mipcom Cannes<\/strong> ha appena annunciato una nuova partnership con <strong>BrandStorytelling<\/strong>: il mercato globale dei contenuti televisivi e in streaming, in programma dal 13 al 16 ottobre prossimo, porter\u00e0 a Cannes il summit del pi\u00f9 importante evento annuale statunitense dedicato ai programmi sostenuti dai brand (branded entertainment).<\/p>\n\n\n\n<p class=\"wp-block-paragraph\">Fondato e diretto dal produttore ed editore <strong>Rick Parkhill<\/strong>, BrandStorytelling ha tenuto le sue ultime 10 edizioni al Sundance Film Festival, a gennaio, a Park City, la cittadina dello Utah, punto di riferimento non solo  del cinema indipendente USA,  ma anche punto d&#8217;incontro,  di oltre 450 fra professionisti dei marchi globali (Ancestry, L\u2019Or\u00e9al Paris, PepsiCo), piattaforme,  produttori (WBD, Meta, YouTube) e creatori (Sean Evans, Rhett &amp; Link), convenuti per illustrare i pi\u00f9 significativi case studies e le strategie narrative che promuovono l&#8217;affezione e la crescita dei brand. <\/p>\n\n\n\n<p class=\"wp-block-paragraph\">Il summit si svolger\u00e0 a Cannes il <strong>13 e 14 ottobre<\/strong>, e riunir\u00e0 marchi, autori, creativi del mondo della televisione, con lo scopo di dare impulso creativo ed economico alla produzione di nuove storie guidate dai brand, attraverso proiezioni, networking e opportunit\u00e0 di scambi. Maggiori dettagli sul summit saranno annunciati prossimamente.<\/p>\n\n\n\n<p class=\"wp-block-paragraph\"><em>\u201c<\/em>I Brands si stanno allontanando sempre pi\u00f9 dalla pubblicit\u00e0 tradizionale e avvicinandosi al mondo delle narrazioni, producendo e commissionando le loro serie, di ogni genere&#8221; Ha dichiarato  <strong>Lucy Smith<\/strong>, direttrice di Mipcom Cannes e del Mipjunior.\u00a0\u201cQuesta partnership da l&#8217;opportunit\u00e0 dai brand e alle agenzie di raggiungere in un colpo solo oltre 10 mila professionisti dell&#8217;entertainment da oltre 100 paesi, e crea opportunit\u00e0 a livello finanziario, produttivo e distributivo. Essendo il mercato dei contenuti  e delle co-produzioni pi\u00f9 grande del mondo, \u00e8 arrivato il momento che il Mipcom crei uno spazio adeguato anche per i brand.\u201d<\/p>\n\n\n\n<p class=\"wp-block-paragraph\">\u00a0\u201cDietro le pi\u00f9 grandi storie che vediamo sui nostri schermi internazionali, la presenza dei brand \u00e8 sempre pi\u00f9 marcata.  Mipcom Cannes \u00e8 il mercato imperdibile per la comunit\u00e0 televisiva internazionale, e dunque il partner e la piattaforma di business ideale    per far integrare sempre di pi\u00f9 i marchi sempre all&#8217;interno dell&#8217;ecosistema globale dei contenuti. Questi giorni ci saranno la possibility di celebrare e contribuire alla crescita del panorama in continua evoluzione dei contenuti firmati dai brand\u201d. Ha aggiunto Rick Parkhill.<\/p>\n\n\n\n<p class=\"wp-block-paragraph\">BrandStorytelling \u00e8 anche il produttore della 8\u00b0 edizione dell&#8217; <strong>Elevate at Sundance Mountain Resort<\/strong>, &#8216;rifugio estivo annuale per i brand e i loro partners del mondo dello storytelling,  in programma dal 14 al 17 luglio prossimi: 3 giorni di incontri con workshops, proiezioni, presentazioni, conferenze e  possibilit\u00e0 di scovare opportunit\u00e0 di collaborazioni e accordi commerciali <\/p>\n","protected":false},"excerpt":{"rendered":"<p>Annunciata una partnership fra BrandStorytelling Mipcom Cannes: il summit annuale dei programmi brand-funded, dopo 10 edizioni al Sundance,  sar\u00e0 a Cannes il 13 e 14 ottobre<\/p>\n","protected":false},"author":26,"featured_media":299633,"comment_status":"closed","ping_status":"closed","sticky":false,"template":"","format":"standard","meta":{"googlesitekit_rrm_CAow3e7fCw:productID":"","_crdt_document":"","footnotes":""},"categories":[1],"tags":[356],"class_list":{"0":"post-299630","1":"post","2":"type-post","3":"status-publish","4":"format-standard","5":"has-post-thumbnail","7":"category-senza-categoria","8":"tag-focus"},"yoast_head":"<!-- This site is optimized with the Yoast SEO Premium plugin v27.4 (Yoast SEO v27.4) - https:\/\/yoast.com\/product\/yoast-seo-premium-wordpress\/ -->\n<title>BrandStorytelling il summit delle narrazioni branded arriva a Cannes - Cinema &amp; Video International<\/title>\n<meta name=\"description\" content=\"BrandStorytelling il summit delle narrazioni branded arriva a Cannes \u2013 brandstorytelling il summit delle narrazioni branded. Il Mipcom Cannes ha appena an\" \/>\n<meta name=\"robots\" content=\"index, follow, max-snippet:-1, max-image-preview:large, max-video-preview:-1\" \/>\n<link rel=\"canonical\" href=\"https:\/\/cinema.video\/it\/brandstorytelling-mipcom-cannes\" \/>\n<meta property=\"og:locale\" content=\"it_IT\" \/>\n<meta property=\"og:type\" content=\"article\" \/>\n<meta property=\"og:title\" content=\"BrandStorytelling il summit delle narrazioni branded arriva a Cannes\" \/>\n<meta property=\"og:description\" content=\"BrandStorytelling il summit delle narrazioni branded arriva a Cannes \u2013 brandstorytelling il summit delle narrazioni branded. Il Mipcom Cannes ha appena an\" \/>\n<meta property=\"og:url\" content=\"https:\/\/cinema.video\/it\/brandstorytelling-mipcom-cannes\" \/>\n<meta property=\"og:site_name\" content=\"Cinema &amp; Video International\" \/>\n<meta property=\"article:publisher\" content=\"https:\/\/www.facebook.com\/CinemaVideoInternational\/\" \/>\n<meta property=\"article:published_time\" content=\"2025-05-22T15:20:57+00:00\" \/>\n<meta property=\"article:modified_time\" content=\"2026-04-10T02:09:00+00:00\" \/>\n<meta property=\"og:image\" content=\"https:\/\/cinema.video\/wp-content\/uploads\/2025\/05\/Brandstorytelling-e1747927185278.jpg\" \/>\n\t<meta property=\"og:image:width\" content=\"1000\" \/>\n\t<meta property=\"og:image:height\" content=\"667\" \/>\n\t<meta property=\"og:image:type\" content=\"image\/jpeg\" \/>\n<meta name=\"author\" content=\"Redazione\" \/>\n<meta name=\"twitter:card\" content=\"summary_large_image\" \/>\n<meta name=\"twitter:label1\" content=\"Scritto da\" \/>\n\t<meta name=\"twitter:data1\" content=\"Redazione\" \/>\n\t<meta name=\"twitter:label2\" content=\"Tempo di lettura stimato\" \/>\n\t<meta name=\"twitter:data2\" content=\"3 minuti\" \/>\n<script type=\"application\/ld+json\" class=\"yoast-schema-graph\">{\"@context\":\"https:\\\/\\\/schema.org\",\"@graph\":[{\"@type\":\"Article\",\"@id\":\"https:\\\/\\\/cinema.video\\\/it\\\/brandstorytelling-mipcom-cannes#article\",\"isPartOf\":{\"@id\":\"https:\\\/\\\/cinema.video\\\/it\\\/brandstorytelling-mipcom-cannes\"},\"author\":{\"name\":\"Redazione\",\"@id\":\"https:\\\/\\\/cinema.video\\\/it#\\\/schema\\\/person\\\/aeb01b91d874e8b01e76a1db04c668c6\"},\"headline\":\"BrandStorytelling il summit delle narrazioni branded arriva a Cannes\",\"datePublished\":\"2025-05-22T15:20:57+00:00\",\"dateModified\":\"2026-04-10T02:09:00+00:00\",\"mainEntityOfPage\":{\"@id\":\"https:\\\/\\\/cinema.video\\\/it\\\/brandstorytelling-mipcom-cannes\"},\"wordCount\":417,\"publisher\":{\"@id\":\"https:\\\/\\\/cinema.video\\\/it#organization\"},\"image\":{\"@id\":\"https:\\\/\\\/cinema.video\\\/it\\\/brandstorytelling-mipcom-cannes#primaryimage\"},\"thumbnailUrl\":\"https:\\\/\\\/cinema.video\\\/wp-content\\\/uploads\\\/2025\\\/05\\\/Brandstorytelling-e1747927185278.jpg\",\"keywords\":[\"focus\"],\"inLanguage\":\"it-IT\"},{\"@type\":\"WebPage\",\"@id\":\"https:\\\/\\\/cinema.video\\\/it\\\/brandstorytelling-mipcom-cannes\",\"url\":\"https:\\\/\\\/cinema.video\\\/it\\\/brandstorytelling-mipcom-cannes\",\"name\":\"BrandStorytelling il summit delle narrazioni branded arriva a Cannes - Cinema &amp; Video International\",\"isPartOf\":{\"@id\":\"https:\\\/\\\/cinema.video\\\/it#website\"},\"primaryImageOfPage\":{\"@id\":\"https:\\\/\\\/cinema.video\\\/it\\\/brandstorytelling-mipcom-cannes#primaryimage\"},\"image\":{\"@id\":\"https:\\\/\\\/cinema.video\\\/it\\\/brandstorytelling-mipcom-cannes#primaryimage\"},\"thumbnailUrl\":\"https:\\\/\\\/cinema.video\\\/wp-content\\\/uploads\\\/2025\\\/05\\\/Brandstorytelling-e1747927185278.jpg\",\"datePublished\":\"2025-05-22T15:20:57+00:00\",\"dateModified\":\"2026-04-10T02:09:00+00:00\",\"description\":\"BrandStorytelling il summit delle narrazioni branded arriva a Cannes \u2013 brandstorytelling il summit delle narrazioni branded. Il Mipcom Cannes ha appena an\",\"breadcrumb\":{\"@id\":\"https:\\\/\\\/cinema.video\\\/it\\\/brandstorytelling-mipcom-cannes#breadcrumb\"},\"inLanguage\":\"it-IT\",\"potentialAction\":[{\"@type\":\"ReadAction\",\"target\":[\"https:\\\/\\\/cinema.video\\\/it\\\/brandstorytelling-mipcom-cannes\"]}]},{\"@type\":\"ImageObject\",\"inLanguage\":\"it-IT\",\"@id\":\"https:\\\/\\\/cinema.video\\\/it\\\/brandstorytelling-mipcom-cannes#primaryimage\",\"url\":\"https:\\\/\\\/cinema.video\\\/wp-content\\\/uploads\\\/2025\\\/05\\\/Brandstorytelling-e1747927185278.jpg\",\"contentUrl\":\"https:\\\/\\\/cinema.video\\\/wp-content\\\/uploads\\\/2025\\\/05\\\/Brandstorytelling-e1747927185278.jpg\",\"width\":1000,\"height\":667,\"caption\":\"photo by BrandStorytelling\"},{\"@type\":\"BreadcrumbList\",\"@id\":\"https:\\\/\\\/cinema.video\\\/it\\\/brandstorytelling-mipcom-cannes#breadcrumb\",\"itemListElement\":[{\"@type\":\"ListItem\",\"position\":1,\"name\":\"Home\",\"item\":\"https:\\\/\\\/cinema.video\\\/it\\\/home-2\"},{\"@type\":\"ListItem\",\"position\":2,\"name\":\"BrandStorytelling il summit delle narrazioni branded arriva a Cannes\"}]},{\"@type\":\"WebSite\",\"@id\":\"https:\\\/\\\/cinema.video\\\/it#website\",\"url\":\"https:\\\/\\\/cinema.video\\\/it\",\"name\":\"Cinema & Video International\",\"description\":\"Film &amp; Audiovisual Industry Trade Magazine\",\"publisher\":{\"@id\":\"https:\\\/\\\/cinema.video\\\/it#organization\"},\"alternateName\":\"Cinema & Video\",\"potentialAction\":[{\"@type\":\"SearchAction\",\"target\":{\"@type\":\"EntryPoint\",\"urlTemplate\":\"https:\\\/\\\/cinema.video\\\/it?s={search_term_string}\"},\"query-input\":{\"@type\":\"PropertyValueSpecification\",\"valueRequired\":true,\"valueName\":\"search_term_string\"}}],\"inLanguage\":\"it-IT\"},{\"@type\":\"Organization\",\"@id\":\"https:\\\/\\\/cinema.video\\\/it#organization\",\"name\":\"Cinema & Video\",\"url\":\"https:\\\/\\\/cinema.video\\\/it\",\"logo\":{\"@type\":\"ImageObject\",\"inLanguage\":\"it-IT\",\"@id\":\"https:\\\/\\\/cinema.video\\\/it#\\\/schema\\\/logo\\\/image\\\/\",\"url\":\"https:\\\/\\\/cinema.video\\\/wp-content\\\/uploads\\\/2026\\\/04\\\/CinemVideo_LogoBlack.png\",\"contentUrl\":\"https:\\\/\\\/cinema.video\\\/wp-content\\\/uploads\\\/2026\\\/04\\\/CinemVideo_LogoBlack.png\",\"width\":1336,\"height\":224,\"caption\":\"Cinema & Video\"},\"image\":{\"@id\":\"https:\\\/\\\/cinema.video\\\/it#\\\/schema\\\/logo\\\/image\\\/\"},\"sameAs\":[\"https:\\\/\\\/www.facebook.com\\\/CinemaVideoInternational\\\/\",\"https:\\\/\\\/www.instagram.com\\\/cinemaevideointernational\\\/\",\"https:\\\/\\\/it.linkedin.com\\\/company\\\/cinema-video-international\"],\"description\":\"Media Consulting & Marketing Agency\",\"email\":\"hello@darostudio.com\",\"legalName\":\"DARO studio LLC\",\"foundingDate\":\"2021-02-16\",\"numberOfEmployees\":{\"@type\":\"QuantitativeValue\",\"minValue\":\"1\",\"maxValue\":\"10\"}},{\"@type\":\"Person\",\"@id\":\"https:\\\/\\\/cinema.video\\\/it#\\\/schema\\\/person\\\/aeb01b91d874e8b01e76a1db04c668c6\",\"name\":\"Redazione\",\"image\":{\"@type\":\"ImageObject\",\"inLanguage\":\"it-IT\",\"@id\":\"https:\\\/\\\/secure.gravatar.com\\\/avatar\\\/06ad6f92eb14745b75fb592cadf8139d33242d81c9c8b085133c450aaf0b9731?s=96&d=mm&r=g\",\"url\":\"https:\\\/\\\/secure.gravatar.com\\\/avatar\\\/06ad6f92eb14745b75fb592cadf8139d33242d81c9c8b085133c450aaf0b9731?s=96&d=mm&r=g\",\"contentUrl\":\"https:\\\/\\\/secure.gravatar.com\\\/avatar\\\/06ad6f92eb14745b75fb592cadf8139d33242d81c9c8b085133c450aaf0b9731?s=96&d=mm&r=g\",\"caption\":\"Redazione\"},\"url\":\"https:\\\/\\\/cinema.video\\\/it\\\/author\\\/redazione\"}]}<\/script>\n<!-- \/ Yoast SEO Premium plugin. -->","yoast_head_json":{"title":"BrandStorytelling il summit delle narrazioni branded arriva a Cannes - Cinema &amp; Video International","description":"BrandStorytelling il summit delle narrazioni branded arriva a Cannes \u2013 brandstorytelling il summit delle narrazioni branded. Il Mipcom Cannes ha appena an","robots":{"index":"index","follow":"follow","max-snippet":"max-snippet:-1","max-image-preview":"max-image-preview:large","max-video-preview":"max-video-preview:-1"},"canonical":"https:\/\/cinema.video\/it\/brandstorytelling-mipcom-cannes","og_locale":"it_IT","og_type":"article","og_title":"BrandStorytelling il summit delle narrazioni branded arriva a Cannes","og_description":"BrandStorytelling il summit delle narrazioni branded arriva a Cannes \u2013 brandstorytelling il summit delle narrazioni branded. Il Mipcom Cannes ha appena an","og_url":"https:\/\/cinema.video\/it\/brandstorytelling-mipcom-cannes","og_site_name":"Cinema &amp; Video International","article_publisher":"https:\/\/www.facebook.com\/CinemaVideoInternational\/","article_published_time":"2025-05-22T15:20:57+00:00","article_modified_time":"2026-04-10T02:09:00+00:00","og_image":[{"width":1000,"height":667,"url":"https:\/\/cinema.video\/wp-content\/uploads\/2025\/05\/Brandstorytelling-e1747927185278.jpg","type":"image\/jpeg"}],"author":"Redazione","twitter_card":"summary_large_image","twitter_misc":{"Scritto da":"Redazione","Tempo di lettura stimato":"3 minuti"},"schema":{"@context":"https:\/\/schema.org","@graph":[{"@type":"Article","@id":"https:\/\/cinema.video\/it\/brandstorytelling-mipcom-cannes#article","isPartOf":{"@id":"https:\/\/cinema.video\/it\/brandstorytelling-mipcom-cannes"},"author":{"name":"Redazione","@id":"https:\/\/cinema.video\/it#\/schema\/person\/aeb01b91d874e8b01e76a1db04c668c6"},"headline":"BrandStorytelling il summit delle narrazioni branded arriva a Cannes","datePublished":"2025-05-22T15:20:57+00:00","dateModified":"2026-04-10T02:09:00+00:00","mainEntityOfPage":{"@id":"https:\/\/cinema.video\/it\/brandstorytelling-mipcom-cannes"},"wordCount":417,"publisher":{"@id":"https:\/\/cinema.video\/it#organization"},"image":{"@id":"https:\/\/cinema.video\/it\/brandstorytelling-mipcom-cannes#primaryimage"},"thumbnailUrl":"https:\/\/cinema.video\/wp-content\/uploads\/2025\/05\/Brandstorytelling-e1747927185278.jpg","keywords":["focus"],"inLanguage":"it-IT"},{"@type":"WebPage","@id":"https:\/\/cinema.video\/it\/brandstorytelling-mipcom-cannes","url":"https:\/\/cinema.video\/it\/brandstorytelling-mipcom-cannes","name":"BrandStorytelling il summit delle narrazioni branded arriva a Cannes - Cinema &amp; Video International","isPartOf":{"@id":"https:\/\/cinema.video\/it#website"},"primaryImageOfPage":{"@id":"https:\/\/cinema.video\/it\/brandstorytelling-mipcom-cannes#primaryimage"},"image":{"@id":"https:\/\/cinema.video\/it\/brandstorytelling-mipcom-cannes#primaryimage"},"thumbnailUrl":"https:\/\/cinema.video\/wp-content\/uploads\/2025\/05\/Brandstorytelling-e1747927185278.jpg","datePublished":"2025-05-22T15:20:57+00:00","dateModified":"2026-04-10T02:09:00+00:00","description":"BrandStorytelling il summit delle narrazioni branded arriva a Cannes \u2013 brandstorytelling il summit delle narrazioni branded. Il Mipcom Cannes ha appena an","breadcrumb":{"@id":"https:\/\/cinema.video\/it\/brandstorytelling-mipcom-cannes#breadcrumb"},"inLanguage":"it-IT","potentialAction":[{"@type":"ReadAction","target":["https:\/\/cinema.video\/it\/brandstorytelling-mipcom-cannes"]}]},{"@type":"ImageObject","inLanguage":"it-IT","@id":"https:\/\/cinema.video\/it\/brandstorytelling-mipcom-cannes#primaryimage","url":"https:\/\/cinema.video\/wp-content\/uploads\/2025\/05\/Brandstorytelling-e1747927185278.jpg","contentUrl":"https:\/\/cinema.video\/wp-content\/uploads\/2025\/05\/Brandstorytelling-e1747927185278.jpg","width":1000,"height":667,"caption":"photo by BrandStorytelling"},{"@type":"BreadcrumbList","@id":"https:\/\/cinema.video\/it\/brandstorytelling-mipcom-cannes#breadcrumb","itemListElement":[{"@type":"ListItem","position":1,"name":"Home","item":"https:\/\/cinema.video\/it\/home-2"},{"@type":"ListItem","position":2,"name":"BrandStorytelling il summit delle narrazioni branded arriva a Cannes"}]},{"@type":"WebSite","@id":"https:\/\/cinema.video\/it#website","url":"https:\/\/cinema.video\/it","name":"Cinema & Video International","description":"Film &amp; Audiovisual Industry Trade Magazine","publisher":{"@id":"https:\/\/cinema.video\/it#organization"},"alternateName":"Cinema & Video","potentialAction":[{"@type":"SearchAction","target":{"@type":"EntryPoint","urlTemplate":"https:\/\/cinema.video\/it?s={search_term_string}"},"query-input":{"@type":"PropertyValueSpecification","valueRequired":true,"valueName":"search_term_string"}}],"inLanguage":"it-IT"},{"@type":"Organization","@id":"https:\/\/cinema.video\/it#organization","name":"Cinema & Video","url":"https:\/\/cinema.video\/it","logo":{"@type":"ImageObject","inLanguage":"it-IT","@id":"https:\/\/cinema.video\/it#\/schema\/logo\/image\/","url":"https:\/\/cinema.video\/wp-content\/uploads\/2026\/04\/CinemVideo_LogoBlack.png","contentUrl":"https:\/\/cinema.video\/wp-content\/uploads\/2026\/04\/CinemVideo_LogoBlack.png","width":1336,"height":224,"caption":"Cinema & Video"},"image":{"@id":"https:\/\/cinema.video\/it#\/schema\/logo\/image\/"},"sameAs":["https:\/\/www.facebook.com\/CinemaVideoInternational\/","https:\/\/www.instagram.com\/cinemaevideointernational\/","https:\/\/it.linkedin.com\/company\/cinema-video-international"],"description":"Media Consulting & Marketing Agency","email":"hello@darostudio.com","legalName":"DARO studio LLC","foundingDate":"2021-02-16","numberOfEmployees":{"@type":"QuantitativeValue","minValue":"1","maxValue":"10"}},{"@type":"Person","@id":"https:\/\/cinema.video\/it#\/schema\/person\/aeb01b91d874e8b01e76a1db04c668c6","name":"Redazione","image":{"@type":"ImageObject","inLanguage":"it-IT","@id":"https:\/\/secure.gravatar.com\/avatar\/06ad6f92eb14745b75fb592cadf8139d33242d81c9c8b085133c450aaf0b9731?s=96&d=mm&r=g","url":"https:\/\/secure.gravatar.com\/avatar\/06ad6f92eb14745b75fb592cadf8139d33242d81c9c8b085133c450aaf0b9731?s=96&d=mm&r=g","contentUrl":"https:\/\/secure.gravatar.com\/avatar\/06ad6f92eb14745b75fb592cadf8139d33242d81c9c8b085133c450aaf0b9731?s=96&d=mm&r=g","caption":"Redazione"},"url":"https:\/\/cinema.video\/it\/author\/redazione"}]}},"jetpack_featured_media_url":"https:\/\/cinema.video\/wp-content\/uploads\/2025\/05\/Brandstorytelling-e1747927185278.jpg","jetpack_shortlink":"https:\/\/wp.me\/ph672m-1fWK","_links":{"self":[{"href":"https:\/\/cinema.video\/it\/wp-json\/wp\/v2\/posts\/299630","targetHints":{"allow":["GET"]}}],"collection":[{"href":"https:\/\/cinema.video\/it\/wp-json\/wp\/v2\/posts"}],"about":[{"href":"https:\/\/cinema.video\/it\/wp-json\/wp\/v2\/types\/post"}],"author":[{"embeddable":true,"href":"https:\/\/cinema.video\/it\/wp-json\/wp\/v2\/users\/26"}],"replies":[{"embeddable":true,"href":"https:\/\/cinema.video\/it\/wp-json\/wp\/v2\/comments?post=299630"}],"version-history":[{"count":1,"href":"https:\/\/cinema.video\/it\/wp-json\/wp\/v2\/posts\/299630\/revisions"}],"predecessor-version":[{"id":309646,"href":"https:\/\/cinema.video\/it\/wp-json\/wp\/v2\/posts\/299630\/revisions\/309646"}],"wp:featuredmedia":[{"embeddable":true,"href":"https:\/\/cinema.video\/it\/wp-json\/wp\/v2\/media\/299633"}],"wp:attachment":[{"href":"https:\/\/cinema.video\/it\/wp-json\/wp\/v2\/media?parent=299630"}],"wp:term":[{"taxonomy":"category","embeddable":true,"href":"https:\/\/cinema.video\/it\/wp-json\/wp\/v2\/categories?post=299630"},{"taxonomy":"post_tag","embeddable":true,"href":"https:\/\/cinema.video\/it\/wp-json\/wp\/v2\/tags?post=299630"}],"curies":[{"name":"wp","href":"https:\/\/api.w.org\/{rel}","templated":true}]}}