{"id":299623,"date":"2025-05-22T10:07:15","date_gmt":"2025-05-22T08:07:15","guid":{"rendered":"https:\/\/cinema.video\/?p=299623"},"modified":"2026-04-10T04:08:58","modified_gmt":"2026-04-10T02:08:58","slug":"bando-sviluppo-lombardia-film-commission","status":"publish","type":"post","link":"https:\/\/cinema.video\/it\/bando-sviluppo-lombardia-film-commission","title":{"rendered":"Lombardia F.C. protagonista con il nuovo bando sviluppo e ALF"},"content":{"rendered":"\n<p class=\"wp-block-paragraph\">Il nuovo  prossimo 4 giugno, all&#8217;<strong>Anteo\u00a0Palazzo del Cinema<\/strong>, nell&#8217;ambito della prima edizione del <strong>Milano Film Fest<\/strong>, <strong>Lombardia Film Commission<\/strong> presenter\u00e0 il <strong>Bando allo Sviluppo<\/strong> e Pre-Produzione 2025 con un panel in cui si confronteranno <strong>Francesca Caruso<\/strong>, Assessore alla Cultura di Regione Lombardia; <strong>Mariagrazia Fanchi<\/strong>, Presidente Lombardia Film Commission, <strong>Ivana Kastratovic<\/strong>\u00a0&#8211; Head of Production di SKY; <strong>Luca Lucini<\/strong>\u00a0&#8211; Regista, Produttore e Sceneggiatore, e <strong>Maurizio Nichetti<\/strong>\u00a0&#8211; Regista, Produttore e Sceneggiatore.<\/p>\n\n\n\n<p class=\"wp-block-paragraph\">Nel corso della giornata, l&#8217;Anteo ospiter\u00e0 anche la seconda edizione degli <strong>Stati Generali del Cinema Indipendente<\/strong> organizzati da <strong>AIR3 \u2013 Associazione Italiana Registi<\/strong>, che propongono di aprire un confronto tra professionisti del settore, istituzioni e pubblico, elaborare proposte concrete a sostegno del cinema indipendente italiano, istituire un osservatorio permanente che ne monitori l\u2019evoluzione, avviare il dibattito sull\u2019istituzione di un Ministero del Cinema e sviluppare nuovi modelli di finanziamento sostenibile.<\/p>\n\n\n\n<p class=\"wp-block-paragraph\">Il programma 2025 sar\u00e0 articolato in cinque panel, che affronteranno temi strategici per il settore. Tra i moderatori: <strong>Anne-Riitta Ciccone<\/strong> (Regista AIR3 e Consigliera 100autori), <strong>Simone Cannata<\/strong> (Regista AIR3), <strong>Giovanni Esposito<\/strong> (Regista AIR3), <strong>Andrea Colamedici<\/strong> (Saggista ed Editore), <strong>Alessandro Soetje <\/strong>(Regista AIR3), <strong>Armando Trivellini<\/strong> (Regista AIR3), <strong>Marco Armando Piccinini <\/strong>(Regista AIR3).\u00a0<\/p>\n\n\n\n<p class=\"wp-block-paragraph\">Ci saranno infine due panel con il supporto degli sponsor Fujifilm e NABA, Nuova Accademia di Belle Arti, e moderati dai registi AIR3 <strong>Fabio Rao<\/strong> e <strong>Alberto Sansone<\/strong>.<\/p>\n\n\n\n<p class=\"wp-block-paragraph\">La nuova presiedente di Lombardia Film Commission, <strong>Mariagrazia Fanchi<\/strong>, che \u00e8 anche la responsabile del Rapporto annuale Gender Balance in Italian Film Crews dell\u2019Universit\u00e0 Cattolica di Milano, sar\u00e0 presente, inoltre, al lancio del<strong> bando del Premio Donne Sceneggiatrici<\/strong>, cuore di <strong>ALF premi cinema<\/strong>, manifestazione biennale dedicata alla scrittura cinematografica femminile<strong>\u00a0<\/strong>curata da\u00a0<strong>Aimara Garlaschelli\u00a0<\/strong>e\u00a0<strong>Gaia Guarducci<\/strong>\u00a0&#8211; insieme a\u00a0<strong>Luisa Comencini\u00a0<\/strong>per le relazioni istituzionali e la formazione e\u00a0<strong>Irene Magrelli<\/strong>\u00a0per lo sviluppo editoriale dei contenuti. <\/p>\n\n\n\n<p class=\"wp-block-paragraph\">Assieme a Mariagrazia Franchi ci saranno <strong>Anna Foglietta, <\/strong>e<strong> Vittoria Puccini <\/strong>e <strong>Francesca De Martini, <\/strong>rispettivamente Presidente e Consigliera di U.N.I.T.A. (Unione Nazionale Interpreti Teatro e Audiovisivo): l&#8217;appuntamento \u00e8 gioved\u00ec 5 giugno alle 10:45, sempre all&#8217;Anteo, dove, poi, alle 15.30, si terr\u00e0  un panel dedicato agli adattamenti letterari che vedr\u00e0 protagonisti <strong>Leonardo Ferrara<\/strong> (Rai Fiction) <strong>Nicola Serra<\/strong> (Palomar), <strong>Viviana Vuscovich<\/strong> (GeMS), e <strong>Simone Marchi <\/strong>(MalaTesta), sul rapporto tra editoria e audiovisivo, con alcune anticipazioni di trasposizioni seriali e cinematografiche di prossima uscita.<\/p>\n\n\n\n<p class=\"wp-block-paragraph\">Altro appuntamento targato ALF \u00e8 quello del 6 giugno al Castello Sforzesco: il panel<strong> \u201cDalla pagina allo schermo &#8211; What a Woman!\u201d, omaggio a Suso Cecchi D\u2019Amico,<\/strong> dedicato alla scrittura cinematografica femminile dove interverranno<strong> Caterina D\u2019Amico e Francesco Piccolo<\/strong> in dialogo con <strong>Cristina Comencini<\/strong>, con letture dell\u2019attrice<strong> Astrid Meloni<\/strong>.<\/p>\n\n\n\n<p class=\"wp-block-paragraph\">Nella sua sezione Industry, il Festival vedr\u00e0 inoltre la presentazione, all&#8217;interno di due panel, dei risultati di <strong>una ricerca sul tema del lavoro nel mondo dell\u2019audiovisivo<\/strong>,  commissionata dal festival stesso e coordinata da<strong> Labmedia<\/strong> di Alessandra Alessandri, con il supporto dalle maggiori associazioni di settore (<strong>ANICA<\/strong> \u2013 <strong>APA<\/strong> \u2013 <strong>DOC.it<\/strong> e <strong>Cartoon Italia<\/strong>).<\/p>\n\n\n\n<p class=\"wp-block-paragraph\">Il primo panel (il 6 giugno, nella sala Pilastri del Palazzo Sforzesco di Milano, a partire dalle 14.30) sar\u00e0 dedicato al tema dell\u2019occupazione, e vedr\u00e0 i rappresentanti delle associazioni ( <strong>Benedetto Habib <\/strong>di ANICA, <strong>Gloria Giorgianni <\/strong>di APA, <strong>Francesco Virga <\/strong>di Doc.it, <strong>Evelina Poggi<\/strong> di Cartoon Italia) commentare le risposte date dalle aziende stesse a quesiti sui trend occupazionali, sui mestieri chiave, sulle professioni pi\u00f9 difficili da trovare sul mercato e su quelle che saranno pi\u00f9 pesantemente investite dalle trasformazioni tecnologiche. <\/p>\n\n\n\n<p class=\"wp-block-paragraph\">Alle 16.30 il secondo panel, dove si partir\u00e0 dai risultati della ricerca per analizzare la formazione che porta all&#8217;audiovisivo: protagonisti saranno <strong>Luisa Cotta Ramosino<\/strong> (Direttrice delle serie italiane originali di Netflix), <strong>Giorgio Scorza<\/strong> (CEO e Direttore Creativo di Movimenti Production e co-founder di DogHead Animation), <strong>Minnie Ferrara<\/strong> (direttrice Civica Scuola di Cinema di Milano Luchino Visconti) e <strong>Sergio Del Prete<\/strong> (Direttore di Anica Academy).<br><\/p>\n","protected":false},"excerpt":{"rendered":"<p>L&#8217;appuntamento \u00e8 per il 4 giugno all&#8217;Anteo Palazzo del Cinema, dove si svolgeranno anche gli Stati Generali del Cinema Indipendente organizzati da AIR3. Il 5  giugno lancio del bando del Premio Donne Sceneggiatrici, e il 6 i risultati della ricerca commissionata da MFF sul lavoro nel mondo dell\u2019audiovisivo<\/p>\n","protected":false},"author":26,"featured_media":299624,"comment_status":"closed","ping_status":"closed","sticky":false,"template":"","format":"standard","meta":{"googlesitekit_rrm_CAow3e7fCw:productID":"","_crdt_document":"","footnotes":""},"categories":[1],"tags":[],"class_list":{"0":"post-299623","1":"post","2":"type-post","3":"status-publish","4":"format-standard","5":"has-post-thumbnail","7":"category-senza-categoria"},"yoast_head":"<!-- This site is optimized with the Yoast SEO Premium plugin v27.4 (Yoast SEO v27.5) - https:\/\/yoast.com\/product\/yoast-seo-premium-wordpress\/ -->\n<title>Lombardia F.C. protagonista con il nuovo bando sviluppo e ALF - Cinema &amp; Video International<\/title>\n<meta name=\"description\" content=\"Lombardia F.C. protagonista con il nuovo bando sviluppo e ALF \u2013 lombardia fc protagonista con il nuovo. Il nuovo prossimo 4 giugno, all&#039;Anteo\u00a0Palazzo del\" \/>\n<meta name=\"robots\" content=\"index, follow, max-snippet:-1, max-image-preview:large, max-video-preview:-1\" \/>\n<link rel=\"canonical\" href=\"https:\/\/cinema.video\/it\/bando-sviluppo-lombardia-film-commission\" \/>\n<meta property=\"og:locale\" content=\"it_IT\" \/>\n<meta property=\"og:type\" content=\"article\" \/>\n<meta property=\"og:title\" content=\"Lombardia F.C. protagonista con il nuovo bando sviluppo e ALF\" \/>\n<meta property=\"og:description\" content=\"Lombardia F.C. protagonista con il nuovo bando sviluppo e ALF \u2013 lombardia fc protagonista con il nuovo. Il nuovo prossimo 4 giugno, all&#039;Anteo\u00a0Palazzo del\" \/>\n<meta property=\"og:url\" content=\"https:\/\/cinema.video\/it\/bando-sviluppo-lombardia-film-commission\" \/>\n<meta property=\"og:site_name\" content=\"Cinema &amp; Video International\" \/>\n<meta property=\"article:publisher\" content=\"https:\/\/www.facebook.com\/CinemaVideoInternational\/\" \/>\n<meta property=\"article:published_time\" content=\"2025-05-22T08:07:15+00:00\" \/>\n<meta property=\"article:modified_time\" content=\"2026-04-10T02:08:58+00:00\" \/>\n<meta property=\"og:image\" content=\"https:\/\/cinema.video\/wp-content\/uploads\/2025\/05\/MFF_conferenza-21-maggio-15-scaled-e1747841273794.jpg\" \/>\n\t<meta property=\"og:image:width\" content=\"800\" \/>\n\t<meta property=\"og:image:height\" content=\"476\" \/>\n\t<meta property=\"og:image:type\" content=\"image\/jpeg\" \/>\n<meta name=\"author\" content=\"Redazione\" \/>\n<meta name=\"twitter:card\" content=\"summary_large_image\" \/>\n<meta name=\"twitter:label1\" content=\"Scritto da\" \/>\n\t<meta name=\"twitter:data1\" content=\"Redazione\" \/>\n\t<meta name=\"twitter:label2\" content=\"Tempo di lettura stimato\" \/>\n\t<meta name=\"twitter:data2\" content=\"4 minuti\" \/>\n<script type=\"application\/ld+json\" class=\"yoast-schema-graph\">{\"@context\":\"https:\\\/\\\/schema.org\",\"@graph\":[{\"@type\":\"Article\",\"@id\":\"https:\\\/\\\/cinema.video\\\/it\\\/bando-sviluppo-lombardia-film-commission#article\",\"isPartOf\":{\"@id\":\"https:\\\/\\\/cinema.video\\\/it\\\/bando-sviluppo-lombardia-film-commission\"},\"author\":{\"name\":\"Redazione\",\"@id\":\"https:\\\/\\\/cinema.video\\\/it#\\\/schema\\\/person\\\/aeb01b91d874e8b01e76a1db04c668c6\"},\"headline\":\"Lombardia F.C. protagonista con il nuovo bando sviluppo e ALF\",\"datePublished\":\"2025-05-22T08:07:15+00:00\",\"dateModified\":\"2026-04-10T02:08:58+00:00\",\"mainEntityOfPage\":{\"@id\":\"https:\\\/\\\/cinema.video\\\/it\\\/bando-sviluppo-lombardia-film-commission\"},\"wordCount\":642,\"publisher\":{\"@id\":\"https:\\\/\\\/cinema.video\\\/it#organization\"},\"image\":{\"@id\":\"https:\\\/\\\/cinema.video\\\/it\\\/bando-sviluppo-lombardia-film-commission#primaryimage\"},\"thumbnailUrl\":\"https:\\\/\\\/cinema.video\\\/wp-content\\\/uploads\\\/2025\\\/05\\\/MFF_conferenza-21-maggio-15-scaled-e1747841273794.jpg\",\"inLanguage\":\"it-IT\"},{\"@type\":\"WebPage\",\"@id\":\"https:\\\/\\\/cinema.video\\\/it\\\/bando-sviluppo-lombardia-film-commission\",\"url\":\"https:\\\/\\\/cinema.video\\\/it\\\/bando-sviluppo-lombardia-film-commission\",\"name\":\"Lombardia F.C. protagonista con il nuovo bando sviluppo e ALF - Cinema &amp; Video International\",\"isPartOf\":{\"@id\":\"https:\\\/\\\/cinema.video\\\/it#website\"},\"primaryImageOfPage\":{\"@id\":\"https:\\\/\\\/cinema.video\\\/it\\\/bando-sviluppo-lombardia-film-commission#primaryimage\"},\"image\":{\"@id\":\"https:\\\/\\\/cinema.video\\\/it\\\/bando-sviluppo-lombardia-film-commission#primaryimage\"},\"thumbnailUrl\":\"https:\\\/\\\/cinema.video\\\/wp-content\\\/uploads\\\/2025\\\/05\\\/MFF_conferenza-21-maggio-15-scaled-e1747841273794.jpg\",\"datePublished\":\"2025-05-22T08:07:15+00:00\",\"dateModified\":\"2026-04-10T02:08:58+00:00\",\"description\":\"Lombardia F.C. protagonista con il nuovo bando sviluppo e ALF \u2013 lombardia fc protagonista con il nuovo. Il nuovo prossimo 4 giugno, all'Anteo\u00a0Palazzo del\",\"breadcrumb\":{\"@id\":\"https:\\\/\\\/cinema.video\\\/it\\\/bando-sviluppo-lombardia-film-commission#breadcrumb\"},\"inLanguage\":\"it-IT\",\"potentialAction\":[{\"@type\":\"ReadAction\",\"target\":[\"https:\\\/\\\/cinema.video\\\/it\\\/bando-sviluppo-lombardia-film-commission\"]}]},{\"@type\":\"ImageObject\",\"inLanguage\":\"it-IT\",\"@id\":\"https:\\\/\\\/cinema.video\\\/it\\\/bando-sviluppo-lombardia-film-commission#primaryimage\",\"url\":\"https:\\\/\\\/cinema.video\\\/wp-content\\\/uploads\\\/2025\\\/05\\\/MFF_conferenza-21-maggio-15-scaled-e1747841273794.jpg\",\"contentUrl\":\"https:\\\/\\\/cinema.video\\\/wp-content\\\/uploads\\\/2025\\\/05\\\/MFF_conferenza-21-maggio-15-scaled-e1747841273794.jpg\",\"width\":800,\"height\":476,\"caption\":\"Nella sezione industry del nuovo Milano Film Fest, la presentazione del bando sviluppo di Lombardia Film Commission e di ALF premi cinema\"},{\"@type\":\"BreadcrumbList\",\"@id\":\"https:\\\/\\\/cinema.video\\\/it\\\/bando-sviluppo-lombardia-film-commission#breadcrumb\",\"itemListElement\":[{\"@type\":\"ListItem\",\"position\":1,\"name\":\"Home\",\"item\":\"https:\\\/\\\/cinema.video\\\/it\\\/home-2\"},{\"@type\":\"ListItem\",\"position\":2,\"name\":\"Lombardia F.C. protagonista con il nuovo bando sviluppo e ALF\"}]},{\"@type\":\"WebSite\",\"@id\":\"https:\\\/\\\/cinema.video\\\/it#website\",\"url\":\"https:\\\/\\\/cinema.video\\\/it\",\"name\":\"Cinema & Video International\",\"description\":\"Film &amp; Audiovisual Industry Trade Magazine\",\"publisher\":{\"@id\":\"https:\\\/\\\/cinema.video\\\/it#organization\"},\"alternateName\":\"Cinema & Video\",\"potentialAction\":[{\"@type\":\"SearchAction\",\"target\":{\"@type\":\"EntryPoint\",\"urlTemplate\":\"https:\\\/\\\/cinema.video\\\/it?s={search_term_string}\"},\"query-input\":{\"@type\":\"PropertyValueSpecification\",\"valueRequired\":true,\"valueName\":\"search_term_string\"}}],\"inLanguage\":\"it-IT\"},{\"@type\":\"Organization\",\"@id\":\"https:\\\/\\\/cinema.video\\\/it#organization\",\"name\":\"Cinema & Video\",\"url\":\"https:\\\/\\\/cinema.video\\\/it\",\"logo\":{\"@type\":\"ImageObject\",\"inLanguage\":\"it-IT\",\"@id\":\"https:\\\/\\\/cinema.video\\\/it#\\\/schema\\\/logo\\\/image\\\/\",\"url\":\"https:\\\/\\\/cinema.video\\\/wp-content\\\/uploads\\\/2026\\\/04\\\/CinemVideo_LogoBlack.png\",\"contentUrl\":\"https:\\\/\\\/cinema.video\\\/wp-content\\\/uploads\\\/2026\\\/04\\\/CinemVideo_LogoBlack.png\",\"width\":1336,\"height\":224,\"caption\":\"Cinema & Video\"},\"image\":{\"@id\":\"https:\\\/\\\/cinema.video\\\/it#\\\/schema\\\/logo\\\/image\\\/\"},\"sameAs\":[\"https:\\\/\\\/www.facebook.com\\\/CinemaVideoInternational\\\/\",\"https:\\\/\\\/www.instagram.com\\\/cinemaevideointernational\\\/\",\"https:\\\/\\\/it.linkedin.com\\\/company\\\/cinema-video-international\"],\"description\":\"Media Consulting & Marketing Agency\",\"email\":\"hello@darostudio.com\",\"legalName\":\"DARO studio LLC\",\"foundingDate\":\"2021-02-16\",\"numberOfEmployees\":{\"@type\":\"QuantitativeValue\",\"minValue\":\"1\",\"maxValue\":\"10\"}},{\"@type\":\"Person\",\"@id\":\"https:\\\/\\\/cinema.video\\\/it#\\\/schema\\\/person\\\/aeb01b91d874e8b01e76a1db04c668c6\",\"name\":\"Redazione\",\"image\":{\"@type\":\"ImageObject\",\"inLanguage\":\"it-IT\",\"@id\":\"https:\\\/\\\/secure.gravatar.com\\\/avatar\\\/06ad6f92eb14745b75fb592cadf8139d33242d81c9c8b085133c450aaf0b9731?s=96&d=mm&r=g\",\"url\":\"https:\\\/\\\/secure.gravatar.com\\\/avatar\\\/06ad6f92eb14745b75fb592cadf8139d33242d81c9c8b085133c450aaf0b9731?s=96&d=mm&r=g\",\"contentUrl\":\"https:\\\/\\\/secure.gravatar.com\\\/avatar\\\/06ad6f92eb14745b75fb592cadf8139d33242d81c9c8b085133c450aaf0b9731?s=96&d=mm&r=g\",\"caption\":\"Redazione\"},\"url\":\"https:\\\/\\\/cinema.video\\\/it\\\/author\\\/redazione\"}]}<\/script>\n<!-- \/ Yoast SEO Premium plugin. -->","yoast_head_json":{"title":"Lombardia F.C. protagonista con il nuovo bando sviluppo e ALF - Cinema &amp; Video International","description":"Lombardia F.C. protagonista con il nuovo bando sviluppo e ALF \u2013 lombardia fc protagonista con il nuovo. Il nuovo prossimo 4 giugno, all'Anteo\u00a0Palazzo del","robots":{"index":"index","follow":"follow","max-snippet":"max-snippet:-1","max-image-preview":"max-image-preview:large","max-video-preview":"max-video-preview:-1"},"canonical":"https:\/\/cinema.video\/it\/bando-sviluppo-lombardia-film-commission","og_locale":"it_IT","og_type":"article","og_title":"Lombardia F.C. protagonista con il nuovo bando sviluppo e ALF","og_description":"Lombardia F.C. protagonista con il nuovo bando sviluppo e ALF \u2013 lombardia fc protagonista con il nuovo. Il nuovo prossimo 4 giugno, all'Anteo\u00a0Palazzo del","og_url":"https:\/\/cinema.video\/it\/bando-sviluppo-lombardia-film-commission","og_site_name":"Cinema &amp; Video International","article_publisher":"https:\/\/www.facebook.com\/CinemaVideoInternational\/","article_published_time":"2025-05-22T08:07:15+00:00","article_modified_time":"2026-04-10T02:08:58+00:00","og_image":[{"width":800,"height":476,"url":"https:\/\/cinema.video\/wp-content\/uploads\/2025\/05\/MFF_conferenza-21-maggio-15-scaled-e1747841273794.jpg","type":"image\/jpeg"}],"author":"Redazione","twitter_card":"summary_large_image","twitter_misc":{"Scritto da":"Redazione","Tempo di lettura stimato":"4 minuti"},"schema":{"@context":"https:\/\/schema.org","@graph":[{"@type":"Article","@id":"https:\/\/cinema.video\/it\/bando-sviluppo-lombardia-film-commission#article","isPartOf":{"@id":"https:\/\/cinema.video\/it\/bando-sviluppo-lombardia-film-commission"},"author":{"name":"Redazione","@id":"https:\/\/cinema.video\/it#\/schema\/person\/aeb01b91d874e8b01e76a1db04c668c6"},"headline":"Lombardia F.C. protagonista con il nuovo bando sviluppo e ALF","datePublished":"2025-05-22T08:07:15+00:00","dateModified":"2026-04-10T02:08:58+00:00","mainEntityOfPage":{"@id":"https:\/\/cinema.video\/it\/bando-sviluppo-lombardia-film-commission"},"wordCount":642,"publisher":{"@id":"https:\/\/cinema.video\/it#organization"},"image":{"@id":"https:\/\/cinema.video\/it\/bando-sviluppo-lombardia-film-commission#primaryimage"},"thumbnailUrl":"https:\/\/cinema.video\/wp-content\/uploads\/2025\/05\/MFF_conferenza-21-maggio-15-scaled-e1747841273794.jpg","inLanguage":"it-IT"},{"@type":"WebPage","@id":"https:\/\/cinema.video\/it\/bando-sviluppo-lombardia-film-commission","url":"https:\/\/cinema.video\/it\/bando-sviluppo-lombardia-film-commission","name":"Lombardia F.C. protagonista con il nuovo bando sviluppo e ALF - Cinema &amp; Video International","isPartOf":{"@id":"https:\/\/cinema.video\/it#website"},"primaryImageOfPage":{"@id":"https:\/\/cinema.video\/it\/bando-sviluppo-lombardia-film-commission#primaryimage"},"image":{"@id":"https:\/\/cinema.video\/it\/bando-sviluppo-lombardia-film-commission#primaryimage"},"thumbnailUrl":"https:\/\/cinema.video\/wp-content\/uploads\/2025\/05\/MFF_conferenza-21-maggio-15-scaled-e1747841273794.jpg","datePublished":"2025-05-22T08:07:15+00:00","dateModified":"2026-04-10T02:08:58+00:00","description":"Lombardia F.C. protagonista con il nuovo bando sviluppo e ALF \u2013 lombardia fc protagonista con il nuovo. Il nuovo prossimo 4 giugno, all'Anteo\u00a0Palazzo del","breadcrumb":{"@id":"https:\/\/cinema.video\/it\/bando-sviluppo-lombardia-film-commission#breadcrumb"},"inLanguage":"it-IT","potentialAction":[{"@type":"ReadAction","target":["https:\/\/cinema.video\/it\/bando-sviluppo-lombardia-film-commission"]}]},{"@type":"ImageObject","inLanguage":"it-IT","@id":"https:\/\/cinema.video\/it\/bando-sviluppo-lombardia-film-commission#primaryimage","url":"https:\/\/cinema.video\/wp-content\/uploads\/2025\/05\/MFF_conferenza-21-maggio-15-scaled-e1747841273794.jpg","contentUrl":"https:\/\/cinema.video\/wp-content\/uploads\/2025\/05\/MFF_conferenza-21-maggio-15-scaled-e1747841273794.jpg","width":800,"height":476,"caption":"Nella sezione industry del nuovo Milano Film Fest, la presentazione del bando sviluppo di Lombardia Film Commission e di ALF premi cinema"},{"@type":"BreadcrumbList","@id":"https:\/\/cinema.video\/it\/bando-sviluppo-lombardia-film-commission#breadcrumb","itemListElement":[{"@type":"ListItem","position":1,"name":"Home","item":"https:\/\/cinema.video\/it\/home-2"},{"@type":"ListItem","position":2,"name":"Lombardia F.C. protagonista con il nuovo bando sviluppo e ALF"}]},{"@type":"WebSite","@id":"https:\/\/cinema.video\/it#website","url":"https:\/\/cinema.video\/it","name":"Cinema & Video International","description":"Film &amp; Audiovisual Industry Trade Magazine","publisher":{"@id":"https:\/\/cinema.video\/it#organization"},"alternateName":"Cinema & Video","potentialAction":[{"@type":"SearchAction","target":{"@type":"EntryPoint","urlTemplate":"https:\/\/cinema.video\/it?s={search_term_string}"},"query-input":{"@type":"PropertyValueSpecification","valueRequired":true,"valueName":"search_term_string"}}],"inLanguage":"it-IT"},{"@type":"Organization","@id":"https:\/\/cinema.video\/it#organization","name":"Cinema & Video","url":"https:\/\/cinema.video\/it","logo":{"@type":"ImageObject","inLanguage":"it-IT","@id":"https:\/\/cinema.video\/it#\/schema\/logo\/image\/","url":"https:\/\/cinema.video\/wp-content\/uploads\/2026\/04\/CinemVideo_LogoBlack.png","contentUrl":"https:\/\/cinema.video\/wp-content\/uploads\/2026\/04\/CinemVideo_LogoBlack.png","width":1336,"height":224,"caption":"Cinema & Video"},"image":{"@id":"https:\/\/cinema.video\/it#\/schema\/logo\/image\/"},"sameAs":["https:\/\/www.facebook.com\/CinemaVideoInternational\/","https:\/\/www.instagram.com\/cinemaevideointernational\/","https:\/\/it.linkedin.com\/company\/cinema-video-international"],"description":"Media Consulting & Marketing Agency","email":"hello@darostudio.com","legalName":"DARO studio LLC","foundingDate":"2021-02-16","numberOfEmployees":{"@type":"QuantitativeValue","minValue":"1","maxValue":"10"}},{"@type":"Person","@id":"https:\/\/cinema.video\/it#\/schema\/person\/aeb01b91d874e8b01e76a1db04c668c6","name":"Redazione","image":{"@type":"ImageObject","inLanguage":"it-IT","@id":"https:\/\/secure.gravatar.com\/avatar\/06ad6f92eb14745b75fb592cadf8139d33242d81c9c8b085133c450aaf0b9731?s=96&d=mm&r=g","url":"https:\/\/secure.gravatar.com\/avatar\/06ad6f92eb14745b75fb592cadf8139d33242d81c9c8b085133c450aaf0b9731?s=96&d=mm&r=g","contentUrl":"https:\/\/secure.gravatar.com\/avatar\/06ad6f92eb14745b75fb592cadf8139d33242d81c9c8b085133c450aaf0b9731?s=96&d=mm&r=g","caption":"Redazione"},"url":"https:\/\/cinema.video\/it\/author\/redazione"}]}},"jetpack_featured_media_url":"https:\/\/cinema.video\/wp-content\/uploads\/2025\/05\/MFF_conferenza-21-maggio-15-scaled-e1747841273794.jpg","jetpack_shortlink":"https:\/\/wp.me\/ph672m-1fWD","_links":{"self":[{"href":"https:\/\/cinema.video\/it\/wp-json\/wp\/v2\/posts\/299623","targetHints":{"allow":["GET"]}}],"collection":[{"href":"https:\/\/cinema.video\/it\/wp-json\/wp\/v2\/posts"}],"about":[{"href":"https:\/\/cinema.video\/it\/wp-json\/wp\/v2\/types\/post"}],"author":[{"embeddable":true,"href":"https:\/\/cinema.video\/it\/wp-json\/wp\/v2\/users\/26"}],"replies":[{"embeddable":true,"href":"https:\/\/cinema.video\/it\/wp-json\/wp\/v2\/comments?post=299623"}],"version-history":[{"count":1,"href":"https:\/\/cinema.video\/it\/wp-json\/wp\/v2\/posts\/299623\/revisions"}],"predecessor-version":[{"id":309643,"href":"https:\/\/cinema.video\/it\/wp-json\/wp\/v2\/posts\/299623\/revisions\/309643"}],"wp:featuredmedia":[{"embeddable":true,"href":"https:\/\/cinema.video\/it\/wp-json\/wp\/v2\/media\/299624"}],"wp:attachment":[{"href":"https:\/\/cinema.video\/it\/wp-json\/wp\/v2\/media?parent=299623"}],"wp:term":[{"taxonomy":"category","embeddable":true,"href":"https:\/\/cinema.video\/it\/wp-json\/wp\/v2\/categories?post=299623"},{"taxonomy":"post_tag","embeddable":true,"href":"https:\/\/cinema.video\/it\/wp-json\/wp\/v2\/tags?post=299623"}],"curies":[{"name":"wp","href":"https:\/\/api.w.org\/{rel}","templated":true}]}}