{"id":299526,"date":"2025-05-08T13:05:44","date_gmt":"2025-05-08T11:05:44","guid":{"rendered":"https:\/\/cinema.video\/?p=299526"},"modified":"2026-04-10T04:08:47","modified_gmt":"2026-04-10T02:08:47","slug":"david-70-vermiglio","status":"publish","type":"post","link":"https:\/\/cinema.video\/it\/david-70-vermiglio","title":{"rendered":"Per la sua 70\u00b0 edizione il David si tinge di rosa e di Vermiglio"},"content":{"rendered":"\n<p class=\"wp-block-paragraph\">E\u2019 decisamente profeta in patria <strong>Maura Delpero<\/strong>: se suo <strong><em>Vermiglio<\/em><\/strong>, che ha avuto la sua \u2018rampa di lancio\u2019 a Venezia, dove ha conquistato il Leone d\u2019Argento\u2013 Gran Premio della Giuria, non ce l\u2019aveva fatta agli EFA e agli Oscar, ieri, 7 maggio, ha fatto il pieno di consensi dall\u2019<strong>Accademia del Cinema Italiano<\/strong>, che gli ha consegnato ben 7 David di Donatello durante la 70\u00b0 edizione della cerimonia di premiazione che si \u00e8 svolta al Teatro 5 di Cinecitt\u00e0, condotta da <strong>Elena Sofia Ricci<\/strong> e <strong>Mika<\/strong>.<\/p>\n\n\n\n<p class=\"wp-block-paragraph\">Primo fra tutti quello di Miglior Film, e ultimo in ordine di&nbsp; consegna, che ha visto tornare per l\u2019ennesima volta sul palco la Delpero con tutti i suoi soci di <strong>Cinedora<\/strong> (<strong>Francesca Andreoli, Leonardo Guerra Ser\u00e0gnoli, Santiago Fondevila Sancet<\/strong>), e i co-produttori di <strong>Rai Cinema<\/strong>, che assieme alla francese Charades&nbsp; e alla belga Versus erano stati poco prima insigniti anche del David al Miglior Produttore.<\/p>\n\n\n\n<p class=\"wp-block-paragraph\">La regista \u00e8 stata inoltre premiata regista per il suo lavoro di direzione (<strong>Miglior Regia<\/strong>) e di scrittura (<strong>Miglior Sceneggiatura Originale<\/strong>). Ha parlato della difficolt\u00e0 del lavoro solitario di scrittura \u201cScrivere una sceneggiatura da soli \u00e8 bellissimo ma anche terribile,\u201d dello sforzo, premiato, di ricercare un linguaggio originale, e dell\u2019importanza, nel suo percorso, del cinema documentario. \u201cQuando ero in cinquina per il David al documentario (per <em>Nadea e Sveta<\/em>, nel 2013, n.d.r.), noi documentaristi non eravamo neanche invitati, e scrivemmo una lettera per sottolineare quanto il documentario non sia cinema \u2018da meno\u2019 ma solo un\u2019altra forma di racconto, che ha aperto molte strade a persone come me che vengono dalle periferie geografiche, e a alle donne, inoltre. La cinquina di stasera (che vede 4 donne su 5 candidate, n.d.r.) e la presenza dei registi qui a Cinecitt\u00e0 ci hanno dato ragione e ci fanno ben sperare.\u201d<\/p>\n\n\n\n<p class=\"wp-block-paragraph\">Speranze ben riposte con il <strong>David per il Miglior Documentario<\/strong>, vinto da <strong>Francesca Mannocchi <\/strong>per <strong><em>Lirica Ucraina<\/em><\/strong>: un\u2019altra voce di donna, che racconta la guerra da mondi che sono periferici rispetto al nostro sguardo occidentale. Mannocchi ha ricordato come sia necessario continuare a essere \u201carrabbiati e vivi di fronte al dolore degli altri, perch\u00e9 \u00e8 pi\u00f9 facile vivere che morire in guerra.\u201d<br>Un pensiero alla Palestina arriva anche da <strong>Elio Germano<\/strong>, premiato con il <strong>David al Miglior Attore<\/strong>: il suo Berlinguer de <em>La Grande Ambizione<\/em> di Andrea Segre&nbsp; gli ha dato l\u2019occasione di ricordare le lotte del movimento operaio, democratico femminista, \u201c e di tutte quelle persone che lei battono per il raggiungimento di quella pari dignit\u00e0 che \u00e8 sancita dalla nostra Costituzione, e che fa s\u00ec che un povero abbia le stesse opportunit\u00e0 di un ricco, un nero di un bianco, un uomo di una donna e permettetemi di dire, un israeliano di un palestinese.\u201d<\/p>\n\n\n\n<p class=\"wp-block-paragraph\">Un appello alle istituzioni per investire meno in armi e pi\u00f9 in cultura \u00e8 quello di <strong>Margherita Vicario<\/strong>, altra donna trionfatrice della serata di ieri: al suo film <strong><em>Gloria!<\/em><\/strong> vanno il David per Miglior Esordio alla Regia, Miglior Compositore (a <strong>Davide Pavanello<\/strong>) e Miglior Canzone Originale (<em>Aria! <\/em>interpretata dalla vicario che ne ha scritto anche musica e testi assieme a Davide Pavanello, <strong>Edwyn Clark Roberts, Andrea Bonomo, Gianluigi Fazio<\/strong>).<\/p>\n\n\n\n<p class=\"wp-block-paragraph\">A premiare l\u2019esordio alla Regia di Vicario, <strong>Mario Martone<\/strong>, anche lui vincitore del David di Donatello per il suo primo film, <em>Storia di un Matematico Napoletano:<\/em> a lui l\u2019in bocca al lupo da parte dellasottosegretaria alla cultura&nbsp; <strong>Lucia Borgonzoni<\/strong>, che nel suo intervento ha sottolineato l\u2019investimento del Ministero sulle sale e sul cinema italiano ed europeo di <strong>Cinema Revolution<\/strong>, ricordandone le date (<strong>dal 13 giugno al 20 settembre<\/strong>).<\/p>\n\n\n\n<figure class=\"wp-block-image size-large\"><img loading=\"lazy\" decoding=\"async\" width=\"1024\" height=\"683\" src=\"https:\/\/cinema.video\/wp-content\/uploads\/2025\/05\/Margherita-Vicario-premio-esordio-alla-regia-MAN04565_FotoEmanueleManco_-AccademiadelCinemaItaliano-1024x683.jpg\" alt=\"\" class=\"wp-image-299528\"\/><figcaption class=\"wp-element-caption\">Roma, 7 Maggio 2025: Margherita Vicario ritira il David di Donatello per il migliore esordio alla\nregia per il film Gloria! foto di Emanuele Manco<\/figcaption><\/figure>\n\n\n\n<p class=\"wp-block-paragraph\">Ma non basta per fare la \u201cRivoluzione al Cinema\u201d ribatte<strong> Pupi Avati<\/strong>, insignito del David alla Carriera: \u201cabbiamo bisogno di qualcosa in pi\u00f9 di Cinema Revolution: nel cinema italiano questa opulenza che vediamo stasera non c\u2019\u00e8. Ci sono tante piccole societ\u00e0 indipendenti che fanno fatiche.\u201d E chiude con una provocazione: \u201cChe ne direste se Schlein telefonasse a Meloni e trovassero un momento per parlare del cinema italiano?\u201d<\/p>\n\n\n\n<p class=\"wp-block-paragraph\">\u201cAiutiamoci ad aiutare il cinema italiano che ne ha molto bisogno: sono momenti difficilissimi\u201d dice anche <strong>Massimo Cantini Parrini<\/strong>, premiato per i <strong>Migliori Costumi <\/strong>per <em>Le Delouge <\/em>di Gianluca Jodice, film che ha conquistato molti David \u2018tecnici\u2019 in un\u2019edizione che finalmente ha visto i rappresentanti di queste professioni salire sul palco come tutti i colleghi delle altre categorie e non relegati in altri spazi. Sono de <em>Le Delouge <\/em>i David alla <strong>Migliore Scenegrafia<\/strong> (a <strong>Tonino Zera<\/strong> e, per l\u2019arredamento, a <strong>Maria Grazia Schirripa <\/strong>e<strong> Carlotta Desmann); <\/strong>al <strong>Miglior Trucco (<\/strong>ad <strong>Alessandra Vita<\/strong>, e per il prostetico a <strong>Valentina Visintin<\/strong>); e alla Migliore Acconciatura (a <strong>Aldo Signoretti <\/strong>e<strong> Domingo Santoro<\/strong>).<\/p>\n\n\n\n<p class=\"wp-block-paragraph\">Un apprezzamento ai fondi di sostegno all\u2019industria audiovisiva e un invito a non darli mai per scontati arriva da Santiago Fondevila Sancet, al momento di ricevereil David al Migliorproduttore per<em> Vermiglio<\/em>: \u201cnel mio paese, l\u2019Argentina, sono stati cancellati da un momento all\u2019altro\u201d.<\/p>\n\n\n\n<p class=\"wp-block-paragraph\">A <em>Vermiglio<\/em>, va inoltre anche il nuovo <strong>David al Miglior Casting,<\/strong> conquistato da <strong>Stefania Rod\u00e0 <\/strong>e <strong>Maurilio Mangano. <\/strong>E ancora il David al&nbsp;<strong> Migliore Autore della Fortografia,<\/strong> a<strong> Mikhail Krichman, <\/strong>e al <strong>Miglior Suono (<\/strong>Presa diretta: <strong>Dana Farzanehpour<\/strong> \u2013 Montaggio del suono:<strong> Herv\u00e9 Guyader <\/strong>\u2013 Creazioni suoni: <strong>Herv\u00e9 Guyader<\/strong> \u2013 Mix: E<strong>mmanuel De Boissieu).<\/strong><\/p>\n\n\n\n<p class=\"wp-block-paragraph\">Tre David, (quasi) tutti al femminile per <strong><em>L\u2019Arte della Gioia<\/em><\/strong>di <strong>Valeria Golino: <\/strong>sia la regista, premiata per la<strong> Migliore Sceneggiatura non originale<\/strong> assieme a <strong>Francesca Marciano, Valia Santella, Luca Infascelli, Stefano Sardo, <\/strong>che <strong>Tecla Insolia<\/strong>, premiata come<strong> Migliore Attrice, <\/strong>hanno ringraziato Sky \u201cper la possibilit\u00e0 di fare una serie che \u00e8 diventata anche un film per il cinema\u201d. La serie ha valso il David per la<strong> Migliore Attrice non protagonista <\/strong>a <strong>Valeria Bruni Tedeschi<\/strong>. <\/p>\n\n\n\n<figure class=\"wp-block-image size-large\"><img loading=\"lazy\" decoding=\"async\" width=\"1024\" height=\"683\" src=\"https:\/\/cinema.video\/wp-content\/uploads\/2025\/05\/5R5A0136_ValeriaGolino_ValeriaBruniTedeschi_TeclaInsoliaFotoLucaDammicco_AccademiaDelCinemaItaliano-1024x683.jpg\" alt=\"\" class=\"wp-image-299530\"\/><figcaption class=\"wp-element-caption\">Valeria Bruni Tedeschi, Valeria Golino e Tecla Insolia (foto di Luca Dammicco)<\/figcaption><\/figure>\n\n\n\n<p class=\"wp-block-paragraph\">Il <strong>Migliore Attore non protagonista <\/strong>\u00e8 invece <strong>Francesco Di Leva<\/strong> per <em><strong>Familia.<\/strong><\/em><\/p>\n\n\n\n<p class=\"wp-block-paragraph\">Il David per il <strong>Miglior Montaggio<\/strong> \u00e8 andato a <strong>Jacopo Quadri <\/strong>per <em>La Grande Ambizione,<\/em> quello per i <strong>Migliori Effetti Speciali<\/strong> a <strong>Victor Perez <\/strong>per <em>Napoli-New York<\/em> di <strong>Gabriele Salvatores<\/strong>, film che ha conquistato anche il <strong>David Giovani.<\/strong> L\u2019ha ritirato Pierfrancesco Favino, in vece del regista, e ha sottolineato come fosse significativo, per un film che nasce da un sceneggiatura scritta da Fellini e Pinelli, ricevere il David proprio \u201cin questo Teatro 5, dove Fellini ha girato tutti i suoi film.\u201d&nbsp;<\/p>\n\n\n\n<p class=\"wp-block-paragraph\">Fra questi cita <em>Le Notti di Cabiria<\/em>, \u201cil primo film che ha ispirato <strong><em>Anora<\/em><\/strong>\u201d dice il regista indipendente americano <strong>Sean Baker<\/strong>, \u2018arrivato\u2019 alla Palma d\u2019Oro, all\u2019 Oscar, e adesso anche al <strong>David al Miglior Film Internazionale.<\/strong><\/p>\n\n\n\n<p class=\"wp-block-paragraph\"><strong>David dello Spettatore <\/strong>a <strong>Ferzan \u00d6zpetek<\/strong> per <strong><em>Diamanti<\/em><\/strong><em>; <\/em>e <strong>David Speciali <\/strong>a <strong>Ornella Muti<\/strong>e <strong>Timoth\u00e9e Chalamet.<\/strong><\/p>\n\n\n\n<p class=\"wp-block-paragraph\">Altra novit\u00e0 \u00e8 il <strong>Premio Speciale Cinecitt\u00e0David 70, <\/strong>consegnato dall\u2019A.D. di Cinecitt\u00e0, <strong>Manuela Cacciamani<\/strong> a <strong>Giuseppe Tornatore <\/strong>in nome delle 350 maestranze \u201cche ogni giorno vengono a lavorare qui per dare il massimo a quest\u2019industria\u201d.<\/p>\n\n\n\n<p class=\"wp-block-paragraph\">David al <strong>Migliore Cortometraggio<\/strong> \u00e8 per <strong>Matteo Tortone <\/strong>e il suo <strong><em>Domenica Sera.<\/em><\/strong><\/p>\n","protected":false},"excerpt":{"rendered":"<p>Ha conquistato 7 David di Donatello &#8220;Vermiglio&#8221; di Maura Delpero: la consegna delle statuette il 7 maggio al Teatro 5 di Cinecitt\u00e0. <\/p>\n","protected":false},"author":2,"featured_media":299527,"comment_status":"closed","ping_status":"closed","sticky":false,"template":"","format":"standard","meta":{"googlesitekit_rrm_CAow3e7fCw:productID":"","_crdt_document":"","footnotes":""},"categories":[1],"tags":[514,465,214],"class_list":{"0":"post-299526","1":"post","2":"type-post","3":"status-publish","4":"format-standard","5":"has-post-thumbnail","7":"category-senza-categoria","8":"tag-cinecitta","9":"tag-david-di-donatello","10":"tag-premi"},"yoast_head":"<!-- This site is optimized with the Yoast SEO Premium plugin v27.4 (Yoast SEO v27.5) - https:\/\/yoast.com\/product\/yoast-seo-premium-wordpress\/ -->\n<title>Per la sua 70\u00b0 edizione il David si tinge di rosa e di Vermiglio - Cinema &amp; Video International<\/title>\n<meta name=\"description\" content=\"Per la sua 70\u00b0 edizione il David si tinge di rosa e di Vermiglio \u2013 per la sua 70 edizione il. E\u2019 decisamente profeta in patria Maura Delpero: se suo Vermi\" \/>\n<meta name=\"robots\" content=\"index, follow, max-snippet:-1, max-image-preview:large, max-video-preview:-1\" \/>\n<link rel=\"canonical\" href=\"https:\/\/cinema.video\/it\/david-70-vermiglio\" \/>\n<meta property=\"og:locale\" content=\"it_IT\" \/>\n<meta property=\"og:type\" content=\"article\" \/>\n<meta property=\"og:title\" content=\"Per la sua 70\u00b0 edizione il David si tinge di rosa e di Vermiglio\" \/>\n<meta property=\"og:description\" content=\"Per la sua 70\u00b0 edizione il David si tinge di rosa e di Vermiglio \u2013 per la sua 70 edizione il. E\u2019 decisamente profeta in patria Maura Delpero: se suo Vermi\" \/>\n<meta property=\"og:url\" content=\"https:\/\/cinema.video\/it\/david-70-vermiglio\" \/>\n<meta property=\"og:site_name\" content=\"Cinema &amp; Video International\" \/>\n<meta property=\"article:publisher\" content=\"https:\/\/www.facebook.com\/CinemaVideoInternational\/\" \/>\n<meta property=\"article:published_time\" content=\"2025-05-08T11:05:44+00:00\" \/>\n<meta property=\"article:modified_time\" content=\"2026-04-10T02:08:47+00:00\" \/>\n<meta property=\"og:image\" content=\"https:\/\/cinema.video\/wp-content\/uploads\/2025\/05\/EMA04293Mauradelpero_FotoEmanueleManco_-AccademiadelCinemaItaliano-scaled-e1746701837247.jpg\" \/>\n\t<meta property=\"og:image:width\" content=\"800\" \/>\n\t<meta property=\"og:image:height\" content=\"533\" \/>\n\t<meta property=\"og:image:type\" content=\"image\/jpeg\" \/>\n<meta name=\"author\" content=\"Carolina Mancini\" \/>\n<meta name=\"twitter:card\" content=\"summary_large_image\" \/>\n<meta name=\"twitter:label1\" content=\"Scritto da\" \/>\n\t<meta name=\"twitter:data1\" content=\"Carolina Mancini\" \/>\n\t<meta name=\"twitter:label2\" content=\"Tempo di lettura stimato\" \/>\n\t<meta name=\"twitter:data2\" content=\"7 minuti\" \/>\n<script type=\"application\/ld+json\" class=\"yoast-schema-graph\">{\"@context\":\"https:\\\/\\\/schema.org\",\"@graph\":[{\"@type\":\"Article\",\"@id\":\"https:\\\/\\\/cinema.video\\\/it\\\/david-70-vermiglio#article\",\"isPartOf\":{\"@id\":\"https:\\\/\\\/cinema.video\\\/it\\\/david-70-vermiglio\"},\"author\":{\"name\":\"Carolina Mancini\",\"@id\":\"https:\\\/\\\/cinema.video\\\/it#\\\/schema\\\/person\\\/d5479fad8d0f2360000eb4aab6bb6e5d\"},\"headline\":\"Per la sua 70\u00b0 edizione il David si tinge di rosa e di Vermiglio\",\"datePublished\":\"2025-05-08T11:05:44+00:00\",\"dateModified\":\"2026-04-10T02:08:47+00:00\",\"mainEntityOfPage\":{\"@id\":\"https:\\\/\\\/cinema.video\\\/it\\\/david-70-vermiglio\"},\"wordCount\":1185,\"publisher\":{\"@id\":\"https:\\\/\\\/cinema.video\\\/it#organization\"},\"image\":{\"@id\":\"https:\\\/\\\/cinema.video\\\/it\\\/david-70-vermiglio#primaryimage\"},\"thumbnailUrl\":\"https:\\\/\\\/cinema.video\\\/wp-content\\\/uploads\\\/2025\\\/05\\\/EMA04293Mauradelpero_FotoEmanueleManco_-AccademiadelCinemaItaliano-scaled-e1746701837247.jpg\",\"keywords\":[\"CINECITT\u00c0\",\"David di Donatello\",\"Premi\"],\"inLanguage\":\"it-IT\"},{\"@type\":\"WebPage\",\"@id\":\"https:\\\/\\\/cinema.video\\\/it\\\/david-70-vermiglio\",\"url\":\"https:\\\/\\\/cinema.video\\\/it\\\/david-70-vermiglio\",\"name\":\"Per la sua 70\u00b0 edizione il David si tinge di rosa e di Vermiglio - Cinema &amp; Video International\",\"isPartOf\":{\"@id\":\"https:\\\/\\\/cinema.video\\\/it#website\"},\"primaryImageOfPage\":{\"@id\":\"https:\\\/\\\/cinema.video\\\/it\\\/david-70-vermiglio#primaryimage\"},\"image\":{\"@id\":\"https:\\\/\\\/cinema.video\\\/it\\\/david-70-vermiglio#primaryimage\"},\"thumbnailUrl\":\"https:\\\/\\\/cinema.video\\\/wp-content\\\/uploads\\\/2025\\\/05\\\/EMA04293Mauradelpero_FotoEmanueleManco_-AccademiadelCinemaItaliano-scaled-e1746701837247.jpg\",\"datePublished\":\"2025-05-08T11:05:44+00:00\",\"dateModified\":\"2026-04-10T02:08:47+00:00\",\"description\":\"Per la sua 70\u00b0 edizione il David si tinge di rosa e di Vermiglio \u2013 per la sua 70 edizione il. E\u2019 decisamente profeta in patria Maura Delpero: se suo Vermi\",\"breadcrumb\":{\"@id\":\"https:\\\/\\\/cinema.video\\\/it\\\/david-70-vermiglio#breadcrumb\"},\"inLanguage\":\"it-IT\",\"potentialAction\":[{\"@type\":\"ReadAction\",\"target\":[\"https:\\\/\\\/cinema.video\\\/it\\\/david-70-vermiglio\"]}]},{\"@type\":\"ImageObject\",\"inLanguage\":\"it-IT\",\"@id\":\"https:\\\/\\\/cinema.video\\\/it\\\/david-70-vermiglio#primaryimage\",\"url\":\"https:\\\/\\\/cinema.video\\\/wp-content\\\/uploads\\\/2025\\\/05\\\/EMA04293Mauradelpero_FotoEmanueleManco_-AccademiadelCinemaItaliano-scaled-e1746701837247.jpg\",\"contentUrl\":\"https:\\\/\\\/cinema.video\\\/wp-content\\\/uploads\\\/2025\\\/05\\\/EMA04293Mauradelpero_FotoEmanueleManco_-AccademiadelCinemaItaliano-scaled-e1746701837247.jpg\",\"width\":800,\"height\":533,\"caption\":\"Foto di Emanuele Manco - Accademia del Cinema Italiano\"},{\"@type\":\"BreadcrumbList\",\"@id\":\"https:\\\/\\\/cinema.video\\\/it\\\/david-70-vermiglio#breadcrumb\",\"itemListElement\":[{\"@type\":\"ListItem\",\"position\":1,\"name\":\"Home\",\"item\":\"https:\\\/\\\/cinema.video\\\/it\\\/home-2\"},{\"@type\":\"ListItem\",\"position\":2,\"name\":\"Per la sua 70\u00b0 edizione il David si tinge di rosa e di Vermiglio\"}]},{\"@type\":\"WebSite\",\"@id\":\"https:\\\/\\\/cinema.video\\\/it#website\",\"url\":\"https:\\\/\\\/cinema.video\\\/it\",\"name\":\"Cinema & Video International\",\"description\":\"Film &amp; Audiovisual Industry Trade Magazine\",\"publisher\":{\"@id\":\"https:\\\/\\\/cinema.video\\\/it#organization\"},\"alternateName\":\"Cinema & Video\",\"potentialAction\":[{\"@type\":\"SearchAction\",\"target\":{\"@type\":\"EntryPoint\",\"urlTemplate\":\"https:\\\/\\\/cinema.video\\\/it?s={search_term_string}\"},\"query-input\":{\"@type\":\"PropertyValueSpecification\",\"valueRequired\":true,\"valueName\":\"search_term_string\"}}],\"inLanguage\":\"it-IT\"},{\"@type\":\"Organization\",\"@id\":\"https:\\\/\\\/cinema.video\\\/it#organization\",\"name\":\"Cinema & Video\",\"url\":\"https:\\\/\\\/cinema.video\\\/it\",\"logo\":{\"@type\":\"ImageObject\",\"inLanguage\":\"it-IT\",\"@id\":\"https:\\\/\\\/cinema.video\\\/it#\\\/schema\\\/logo\\\/image\\\/\",\"url\":\"https:\\\/\\\/cinema.video\\\/wp-content\\\/uploads\\\/2026\\\/04\\\/CinemVideo_LogoBlack.png\",\"contentUrl\":\"https:\\\/\\\/cinema.video\\\/wp-content\\\/uploads\\\/2026\\\/04\\\/CinemVideo_LogoBlack.png\",\"width\":1336,\"height\":224,\"caption\":\"Cinema & Video\"},\"image\":{\"@id\":\"https:\\\/\\\/cinema.video\\\/it#\\\/schema\\\/logo\\\/image\\\/\"},\"sameAs\":[\"https:\\\/\\\/www.facebook.com\\\/CinemaVideoInternational\\\/\",\"https:\\\/\\\/www.instagram.com\\\/cinemaevideointernational\\\/\",\"https:\\\/\\\/it.linkedin.com\\\/company\\\/cinema-video-international\"],\"description\":\"Media Consulting & Marketing Agency\",\"email\":\"hello@darostudio.com\",\"legalName\":\"DARO studio LLC\",\"foundingDate\":\"2021-02-16\",\"numberOfEmployees\":{\"@type\":\"QuantitativeValue\",\"minValue\":\"1\",\"maxValue\":\"10\"}},{\"@type\":\"Person\",\"@id\":\"https:\\\/\\\/cinema.video\\\/it#\\\/schema\\\/person\\\/d5479fad8d0f2360000eb4aab6bb6e5d\",\"name\":\"Carolina Mancini\",\"image\":{\"@type\":\"ImageObject\",\"inLanguage\":\"it-IT\",\"@id\":\"https:\\\/\\\/secure.gravatar.com\\\/avatar\\\/d4758965c5e8730dbaaa7131a628547771a26c1e5bf14fe323d96f8246a62baf?s=96&d=mm&r=g\",\"url\":\"https:\\\/\\\/secure.gravatar.com\\\/avatar\\\/d4758965c5e8730dbaaa7131a628547771a26c1e5bf14fe323d96f8246a62baf?s=96&d=mm&r=g\",\"contentUrl\":\"https:\\\/\\\/secure.gravatar.com\\\/avatar\\\/d4758965c5e8730dbaaa7131a628547771a26c1e5bf14fe323d96f8246a62baf?s=96&d=mm&r=g\",\"caption\":\"Carolina Mancini\"},\"url\":\"https:\\\/\\\/cinema.video\\\/it\\\/author\\\/carolin\"}]}<\/script>\n<!-- \/ Yoast SEO Premium plugin. -->","yoast_head_json":{"title":"Per la sua 70\u00b0 edizione il David si tinge di rosa e di Vermiglio - Cinema &amp; Video International","description":"Per la sua 70\u00b0 edizione il David si tinge di rosa e di Vermiglio \u2013 per la sua 70 edizione il. E\u2019 decisamente profeta in patria Maura Delpero: se suo Vermi","robots":{"index":"index","follow":"follow","max-snippet":"max-snippet:-1","max-image-preview":"max-image-preview:large","max-video-preview":"max-video-preview:-1"},"canonical":"https:\/\/cinema.video\/it\/david-70-vermiglio","og_locale":"it_IT","og_type":"article","og_title":"Per la sua 70\u00b0 edizione il David si tinge di rosa e di Vermiglio","og_description":"Per la sua 70\u00b0 edizione il David si tinge di rosa e di Vermiglio \u2013 per la sua 70 edizione il. E\u2019 decisamente profeta in patria Maura Delpero: se suo Vermi","og_url":"https:\/\/cinema.video\/it\/david-70-vermiglio","og_site_name":"Cinema &amp; Video International","article_publisher":"https:\/\/www.facebook.com\/CinemaVideoInternational\/","article_published_time":"2025-05-08T11:05:44+00:00","article_modified_time":"2026-04-10T02:08:47+00:00","og_image":[{"width":800,"height":533,"url":"https:\/\/cinema.video\/wp-content\/uploads\/2025\/05\/EMA04293Mauradelpero_FotoEmanueleManco_-AccademiadelCinemaItaliano-scaled-e1746701837247.jpg","type":"image\/jpeg"}],"author":"Carolina Mancini","twitter_card":"summary_large_image","twitter_misc":{"Scritto da":"Carolina Mancini","Tempo di lettura stimato":"7 minuti"},"schema":{"@context":"https:\/\/schema.org","@graph":[{"@type":"Article","@id":"https:\/\/cinema.video\/it\/david-70-vermiglio#article","isPartOf":{"@id":"https:\/\/cinema.video\/it\/david-70-vermiglio"},"author":{"name":"Carolina Mancini","@id":"https:\/\/cinema.video\/it#\/schema\/person\/d5479fad8d0f2360000eb4aab6bb6e5d"},"headline":"Per la sua 70\u00b0 edizione il David si tinge di rosa e di Vermiglio","datePublished":"2025-05-08T11:05:44+00:00","dateModified":"2026-04-10T02:08:47+00:00","mainEntityOfPage":{"@id":"https:\/\/cinema.video\/it\/david-70-vermiglio"},"wordCount":1185,"publisher":{"@id":"https:\/\/cinema.video\/it#organization"},"image":{"@id":"https:\/\/cinema.video\/it\/david-70-vermiglio#primaryimage"},"thumbnailUrl":"https:\/\/cinema.video\/wp-content\/uploads\/2025\/05\/EMA04293Mauradelpero_FotoEmanueleManco_-AccademiadelCinemaItaliano-scaled-e1746701837247.jpg","keywords":["CINECITT\u00c0","David di Donatello","Premi"],"inLanguage":"it-IT"},{"@type":"WebPage","@id":"https:\/\/cinema.video\/it\/david-70-vermiglio","url":"https:\/\/cinema.video\/it\/david-70-vermiglio","name":"Per la sua 70\u00b0 edizione il David si tinge di rosa e di Vermiglio - Cinema &amp; Video International","isPartOf":{"@id":"https:\/\/cinema.video\/it#website"},"primaryImageOfPage":{"@id":"https:\/\/cinema.video\/it\/david-70-vermiglio#primaryimage"},"image":{"@id":"https:\/\/cinema.video\/it\/david-70-vermiglio#primaryimage"},"thumbnailUrl":"https:\/\/cinema.video\/wp-content\/uploads\/2025\/05\/EMA04293Mauradelpero_FotoEmanueleManco_-AccademiadelCinemaItaliano-scaled-e1746701837247.jpg","datePublished":"2025-05-08T11:05:44+00:00","dateModified":"2026-04-10T02:08:47+00:00","description":"Per la sua 70\u00b0 edizione il David si tinge di rosa e di Vermiglio \u2013 per la sua 70 edizione il. E\u2019 decisamente profeta in patria Maura Delpero: se suo Vermi","breadcrumb":{"@id":"https:\/\/cinema.video\/it\/david-70-vermiglio#breadcrumb"},"inLanguage":"it-IT","potentialAction":[{"@type":"ReadAction","target":["https:\/\/cinema.video\/it\/david-70-vermiglio"]}]},{"@type":"ImageObject","inLanguage":"it-IT","@id":"https:\/\/cinema.video\/it\/david-70-vermiglio#primaryimage","url":"https:\/\/cinema.video\/wp-content\/uploads\/2025\/05\/EMA04293Mauradelpero_FotoEmanueleManco_-AccademiadelCinemaItaliano-scaled-e1746701837247.jpg","contentUrl":"https:\/\/cinema.video\/wp-content\/uploads\/2025\/05\/EMA04293Mauradelpero_FotoEmanueleManco_-AccademiadelCinemaItaliano-scaled-e1746701837247.jpg","width":800,"height":533,"caption":"Foto di Emanuele Manco - Accademia del Cinema Italiano"},{"@type":"BreadcrumbList","@id":"https:\/\/cinema.video\/it\/david-70-vermiglio#breadcrumb","itemListElement":[{"@type":"ListItem","position":1,"name":"Home","item":"https:\/\/cinema.video\/it\/home-2"},{"@type":"ListItem","position":2,"name":"Per la sua 70\u00b0 edizione il David si tinge di rosa e di Vermiglio"}]},{"@type":"WebSite","@id":"https:\/\/cinema.video\/it#website","url":"https:\/\/cinema.video\/it","name":"Cinema & Video International","description":"Film &amp; Audiovisual Industry Trade Magazine","publisher":{"@id":"https:\/\/cinema.video\/it#organization"},"alternateName":"Cinema & Video","potentialAction":[{"@type":"SearchAction","target":{"@type":"EntryPoint","urlTemplate":"https:\/\/cinema.video\/it?s={search_term_string}"},"query-input":{"@type":"PropertyValueSpecification","valueRequired":true,"valueName":"search_term_string"}}],"inLanguage":"it-IT"},{"@type":"Organization","@id":"https:\/\/cinema.video\/it#organization","name":"Cinema & Video","url":"https:\/\/cinema.video\/it","logo":{"@type":"ImageObject","inLanguage":"it-IT","@id":"https:\/\/cinema.video\/it#\/schema\/logo\/image\/","url":"https:\/\/cinema.video\/wp-content\/uploads\/2026\/04\/CinemVideo_LogoBlack.png","contentUrl":"https:\/\/cinema.video\/wp-content\/uploads\/2026\/04\/CinemVideo_LogoBlack.png","width":1336,"height":224,"caption":"Cinema & Video"},"image":{"@id":"https:\/\/cinema.video\/it#\/schema\/logo\/image\/"},"sameAs":["https:\/\/www.facebook.com\/CinemaVideoInternational\/","https:\/\/www.instagram.com\/cinemaevideointernational\/","https:\/\/it.linkedin.com\/company\/cinema-video-international"],"description":"Media Consulting & Marketing Agency","email":"hello@darostudio.com","legalName":"DARO studio LLC","foundingDate":"2021-02-16","numberOfEmployees":{"@type":"QuantitativeValue","minValue":"1","maxValue":"10"}},{"@type":"Person","@id":"https:\/\/cinema.video\/it#\/schema\/person\/d5479fad8d0f2360000eb4aab6bb6e5d","name":"Carolina Mancini","image":{"@type":"ImageObject","inLanguage":"it-IT","@id":"https:\/\/secure.gravatar.com\/avatar\/d4758965c5e8730dbaaa7131a628547771a26c1e5bf14fe323d96f8246a62baf?s=96&d=mm&r=g","url":"https:\/\/secure.gravatar.com\/avatar\/d4758965c5e8730dbaaa7131a628547771a26c1e5bf14fe323d96f8246a62baf?s=96&d=mm&r=g","contentUrl":"https:\/\/secure.gravatar.com\/avatar\/d4758965c5e8730dbaaa7131a628547771a26c1e5bf14fe323d96f8246a62baf?s=96&d=mm&r=g","caption":"Carolina Mancini"},"url":"https:\/\/cinema.video\/it\/author\/carolin"}]}},"jetpack_featured_media_url":"https:\/\/cinema.video\/wp-content\/uploads\/2025\/05\/EMA04293Mauradelpero_FotoEmanueleManco_-AccademiadelCinemaItaliano-scaled-e1746701837247.jpg","jetpack_shortlink":"https:\/\/wp.me\/ph672m-1fV4","_links":{"self":[{"href":"https:\/\/cinema.video\/it\/wp-json\/wp\/v2\/posts\/299526","targetHints":{"allow":["GET"]}}],"collection":[{"href":"https:\/\/cinema.video\/it\/wp-json\/wp\/v2\/posts"}],"about":[{"href":"https:\/\/cinema.video\/it\/wp-json\/wp\/v2\/types\/post"}],"author":[{"embeddable":true,"href":"https:\/\/cinema.video\/it\/wp-json\/wp\/v2\/users\/2"}],"replies":[{"embeddable":true,"href":"https:\/\/cinema.video\/it\/wp-json\/wp\/v2\/comments?post=299526"}],"version-history":[{"count":1,"href":"https:\/\/cinema.video\/it\/wp-json\/wp\/v2\/posts\/299526\/revisions"}],"predecessor-version":[{"id":309627,"href":"https:\/\/cinema.video\/it\/wp-json\/wp\/v2\/posts\/299526\/revisions\/309627"}],"wp:featuredmedia":[{"embeddable":true,"href":"https:\/\/cinema.video\/it\/wp-json\/wp\/v2\/media\/299527"}],"wp:attachment":[{"href":"https:\/\/cinema.video\/it\/wp-json\/wp\/v2\/media?parent=299526"}],"wp:term":[{"taxonomy":"category","embeddable":true,"href":"https:\/\/cinema.video\/it\/wp-json\/wp\/v2\/categories?post=299526"},{"taxonomy":"post_tag","embeddable":true,"href":"https:\/\/cinema.video\/it\/wp-json\/wp\/v2\/tags?post=299526"}],"curies":[{"name":"wp","href":"https:\/\/api.w.org\/{rel}","templated":true}]}}