{"id":299400,"date":"2025-04-07T17:21:10","date_gmt":"2025-04-07T15:21:10","guid":{"rendered":"https:\/\/cinema.video\/?p=299400"},"modified":"2026-04-10T04:08:34","modified_gmt":"2026-04-10T02:08:34","slug":"village-innovation-marche-du-film","status":"publish","type":"post","link":"https:\/\/cinema.video\/it\/village-innovation-marche-du-film","title":{"rendered":"Nasce il Village Innovation punto di incontro fra tecnologia e creativit\u00e0"},"content":{"rendered":"\n<p class=\"wp-block-paragraph\">Un nuovo punto di incontro per iniziative improntate all&#8217;innovazione, dove la tecnologia pi\u00f9 all&#8217;avanguardia possa incontrare la comunit\u00e0 dei professionisti della creativit\u00e0 nel cinema e nell&#8217;audiovisivo: il <strong>Village Innovation<\/strong> \u00e8 la nuova location, appena annunciata, del\u00a0<strong>March\u00e9 du Film \u2013 Festival de Cannes<\/strong>, che si svolger\u00e0 dal 13 al 24 maggio prossimi.<\/p>\n\n\n\n<p class=\"wp-block-paragraph\">Il Village Innovation integrer\u00f2 una porzione significativa delle attivit\u00e0 di <strong>Cannes Next<\/strong>, il principale programma del mercato dedicato all&#8217;innovazione nell&#8217;industri e delle iniziative della nuova piattaforma dell&#8217;<strong>Immersive Market<\/strong>, dedicata a realt\u00e0 aumentata e arte immersiva (<a href=\"https:\/\/cinema.video\/immersive-market-cannes\"><strong>leggi qui<\/strong><\/a>)<\/p>\n\n\n\n<p class=\"wp-block-paragraph\">Dimostrazioni di intelligenza artificiale generativa, di virtual production dal vivo, e  molto contenuto immersivo: oltre questo e ai panel realizzati con i maggiori player del settore che saranno annunciati a breve, &#8220;l&#8217;ambizione  \u00e8 mostrare i migliori case studies applicati al cinema, offrire esempi da toccare con mano, e infine creare un&#8217;unica piattaforma da cui i professionisti del cinema possano ricavare una migliore comprensione delle tecnologie, una mappa calibrata sulle loro esigenze, e i giusti contatti per spingersi avanti&#8221;. Ha dichiarato <strong>Guillaume Esmiol<\/strong>, direttore esecutivo del March\u00e9 du Film.\u00a0<\/p>\n\n\n\n<p class=\"wp-block-paragraph\">Il Village Innovation, collocato all&#8217;interno del Village International Pantiero, si estender\u00e0 su un&#8217;area di circa 1000 metri quadrati, di cui 500  dedicati ai talks, ai panel e alle dimostrazioni e 250 di terrazza affacciata sul porto di Cannes, location di prim&#8217;ordine per gli eventi di networking. <\/p>\n\n\n\n<p class=\"wp-block-paragraph\">Maggiori dettagli sul programma saranno rivelati nelle prossime settimane.<\/p>\n","protected":false},"excerpt":{"rendered":"<p>E&#8217; la nuova location, appena annunciata, del\u00a0March\u00e9 du Film \u2013 Festival de Cannes, che si svolger\u00e0 dal 13 al 24 maggio prossimi. 1000 mq all&#8217;interno del Village International Pantiero<\/p>\n","protected":false},"author":26,"featured_media":299402,"comment_status":"closed","ping_status":"closed","sticky":false,"template":"","format":"standard","meta":{"googlesitekit_rrm_CAow3e7fCw:productID":"","_crdt_document":"","footnotes":""},"categories":[1],"tags":[356],"class_list":{"0":"post-299400","1":"post","2":"type-post","3":"status-publish","4":"format-standard","5":"has-post-thumbnail","7":"category-senza-categoria","8":"tag-focus"},"yoast_head":"<!-- This site is optimized with the Yoast SEO Premium plugin v27.4 (Yoast SEO v27.4) - https:\/\/yoast.com\/product\/yoast-seo-premium-wordpress\/ -->\n<title>Nasce il Village Innovation punto di incontro fra tecnologia e creativit\u00e0 - Cinema &amp; Video International<\/title>\n<meta name=\"description\" content=\"Nasce il Village Innovation punto di incontro fra tecnologia e creativit\u00e0 \u2013 nasce il village innovation punto di. Un nuovo punto di incontro per iniziativ\" \/>\n<meta name=\"robots\" content=\"index, follow, max-snippet:-1, max-image-preview:large, max-video-preview:-1\" \/>\n<link rel=\"canonical\" href=\"https:\/\/cinema.video\/it\/village-innovation-marche-du-film\" \/>\n<meta property=\"og:locale\" content=\"it_IT\" \/>\n<meta property=\"og:type\" content=\"article\" \/>\n<meta property=\"og:title\" content=\"Nasce il Village Innovation punto di incontro fra tecnologia e creativit\u00e0\" \/>\n<meta property=\"og:description\" content=\"Nasce il Village Innovation punto di incontro fra tecnologia e creativit\u00e0 \u2013 nasce il village innovation punto di. Un nuovo punto di incontro per iniziativ\" \/>\n<meta property=\"og:url\" content=\"https:\/\/cinema.video\/it\/village-innovation-marche-du-film\" \/>\n<meta property=\"og:site_name\" content=\"Cinema &amp; Video International\" \/>\n<meta property=\"article:publisher\" content=\"https:\/\/www.facebook.com\/CinemaVideoInternational\/\" \/>\n<meta property=\"article:published_time\" content=\"2025-04-07T15:21:10+00:00\" \/>\n<meta property=\"article:modified_time\" content=\"2026-04-10T02:08:34+00:00\" \/>\n<meta property=\"og:image\" content=\"https:\/\/cinema.video\/wp-content\/uploads\/2025\/04\/village-innovation.jpeg\" \/>\n\t<meta property=\"og:image:width\" content=\"1280\" \/>\n\t<meta property=\"og:image:height\" content=\"777\" \/>\n\t<meta property=\"og:image:type\" content=\"image\/jpeg\" \/>\n<meta name=\"author\" content=\"Redazione\" \/>\n<meta name=\"twitter:card\" content=\"summary_large_image\" \/>\n<meta name=\"twitter:label1\" content=\"Scritto da\" \/>\n\t<meta name=\"twitter:data1\" content=\"Redazione\" \/>\n\t<meta name=\"twitter:label2\" content=\"Tempo di lettura stimato\" \/>\n\t<meta name=\"twitter:data2\" content=\"2 minuti\" \/>\n<script type=\"application\/ld+json\" class=\"yoast-schema-graph\">{\"@context\":\"https:\\\/\\\/schema.org\",\"@graph\":[{\"@type\":\"Article\",\"@id\":\"https:\\\/\\\/cinema.video\\\/it\\\/village-innovation-marche-du-film#article\",\"isPartOf\":{\"@id\":\"https:\\\/\\\/cinema.video\\\/it\\\/village-innovation-marche-du-film\"},\"author\":{\"name\":\"Redazione\",\"@id\":\"https:\\\/\\\/cinema.video\\\/it#\\\/schema\\\/person\\\/aeb01b91d874e8b01e76a1db04c668c6\"},\"headline\":\"Nasce il Village Innovation punto di incontro fra tecnologia e creativit\u00e0\",\"datePublished\":\"2025-04-07T15:21:10+00:00\",\"dateModified\":\"2026-04-10T02:08:34+00:00\",\"mainEntityOfPage\":{\"@id\":\"https:\\\/\\\/cinema.video\\\/it\\\/village-innovation-marche-du-film\"},\"wordCount\":246,\"publisher\":{\"@id\":\"https:\\\/\\\/cinema.video\\\/it#organization\"},\"image\":{\"@id\":\"https:\\\/\\\/cinema.video\\\/it\\\/village-innovation-marche-du-film#primaryimage\"},\"thumbnailUrl\":\"https:\\\/\\\/cinema.video\\\/wp-content\\\/uploads\\\/2025\\\/04\\\/village-innovation.jpeg\",\"keywords\":[\"focus\"],\"inLanguage\":\"it-IT\"},{\"@type\":\"WebPage\",\"@id\":\"https:\\\/\\\/cinema.video\\\/it\\\/village-innovation-marche-du-film\",\"url\":\"https:\\\/\\\/cinema.video\\\/it\\\/village-innovation-marche-du-film\",\"name\":\"Nasce il Village Innovation punto di incontro fra tecnologia e creativit\u00e0 - Cinema &amp; Video International\",\"isPartOf\":{\"@id\":\"https:\\\/\\\/cinema.video\\\/it#website\"},\"primaryImageOfPage\":{\"@id\":\"https:\\\/\\\/cinema.video\\\/it\\\/village-innovation-marche-du-film#primaryimage\"},\"image\":{\"@id\":\"https:\\\/\\\/cinema.video\\\/it\\\/village-innovation-marche-du-film#primaryimage\"},\"thumbnailUrl\":\"https:\\\/\\\/cinema.video\\\/wp-content\\\/uploads\\\/2025\\\/04\\\/village-innovation.jpeg\",\"datePublished\":\"2025-04-07T15:21:10+00:00\",\"dateModified\":\"2026-04-10T02:08:34+00:00\",\"description\":\"Nasce il Village Innovation punto di incontro fra tecnologia e creativit\u00e0 \u2013 nasce il village innovation punto di. Un nuovo punto di incontro per iniziativ\",\"breadcrumb\":{\"@id\":\"https:\\\/\\\/cinema.video\\\/it\\\/village-innovation-marche-du-film#breadcrumb\"},\"inLanguage\":\"it-IT\",\"potentialAction\":[{\"@type\":\"ReadAction\",\"target\":[\"https:\\\/\\\/cinema.video\\\/it\\\/village-innovation-marche-du-film\"]}]},{\"@type\":\"ImageObject\",\"inLanguage\":\"it-IT\",\"@id\":\"https:\\\/\\\/cinema.video\\\/it\\\/village-innovation-marche-du-film#primaryimage\",\"url\":\"https:\\\/\\\/cinema.video\\\/wp-content\\\/uploads\\\/2025\\\/04\\\/village-innovation.jpeg\",\"contentUrl\":\"https:\\\/\\\/cinema.video\\\/wp-content\\\/uploads\\\/2025\\\/04\\\/village-innovation.jpeg\",\"width\":1280,\"height\":777,\"caption\":\"Nasce il Village Innovation, punto di incontro fra tecnologia e creativit\u00e0: 1000 mq di spazi all'interno del Village International Pantiero\"},{\"@type\":\"BreadcrumbList\",\"@id\":\"https:\\\/\\\/cinema.video\\\/it\\\/village-innovation-marche-du-film#breadcrumb\",\"itemListElement\":[{\"@type\":\"ListItem\",\"position\":1,\"name\":\"Home\",\"item\":\"https:\\\/\\\/cinema.video\\\/it\\\/home-2\"},{\"@type\":\"ListItem\",\"position\":2,\"name\":\"Nasce il Village Innovation punto di incontro fra tecnologia e creativit\u00e0\"}]},{\"@type\":\"WebSite\",\"@id\":\"https:\\\/\\\/cinema.video\\\/it#website\",\"url\":\"https:\\\/\\\/cinema.video\\\/it\",\"name\":\"Cinema & Video International\",\"description\":\"Film &amp; Audiovisual Industry Trade Magazine\",\"publisher\":{\"@id\":\"https:\\\/\\\/cinema.video\\\/it#organization\"},\"alternateName\":\"Cinema & Video\",\"potentialAction\":[{\"@type\":\"SearchAction\",\"target\":{\"@type\":\"EntryPoint\",\"urlTemplate\":\"https:\\\/\\\/cinema.video\\\/it?s={search_term_string}\"},\"query-input\":{\"@type\":\"PropertyValueSpecification\",\"valueRequired\":true,\"valueName\":\"search_term_string\"}}],\"inLanguage\":\"it-IT\"},{\"@type\":\"Organization\",\"@id\":\"https:\\\/\\\/cinema.video\\\/it#organization\",\"name\":\"Cinema & Video\",\"url\":\"https:\\\/\\\/cinema.video\\\/it\",\"logo\":{\"@type\":\"ImageObject\",\"inLanguage\":\"it-IT\",\"@id\":\"https:\\\/\\\/cinema.video\\\/it#\\\/schema\\\/logo\\\/image\\\/\",\"url\":\"https:\\\/\\\/cinema.video\\\/wp-content\\\/uploads\\\/2026\\\/04\\\/CinemVideo_LogoBlack.png\",\"contentUrl\":\"https:\\\/\\\/cinema.video\\\/wp-content\\\/uploads\\\/2026\\\/04\\\/CinemVideo_LogoBlack.png\",\"width\":1336,\"height\":224,\"caption\":\"Cinema & Video\"},\"image\":{\"@id\":\"https:\\\/\\\/cinema.video\\\/it#\\\/schema\\\/logo\\\/image\\\/\"},\"sameAs\":[\"https:\\\/\\\/www.facebook.com\\\/CinemaVideoInternational\\\/\",\"https:\\\/\\\/www.instagram.com\\\/cinemaevideointernational\\\/\",\"https:\\\/\\\/it.linkedin.com\\\/company\\\/cinema-video-international\"],\"description\":\"Media Consulting & Marketing Agency\",\"email\":\"hello@darostudio.com\",\"legalName\":\"DARO studio LLC\",\"foundingDate\":\"2021-02-16\",\"numberOfEmployees\":{\"@type\":\"QuantitativeValue\",\"minValue\":\"1\",\"maxValue\":\"10\"}},{\"@type\":\"Person\",\"@id\":\"https:\\\/\\\/cinema.video\\\/it#\\\/schema\\\/person\\\/aeb01b91d874e8b01e76a1db04c668c6\",\"name\":\"Redazione\",\"image\":{\"@type\":\"ImageObject\",\"inLanguage\":\"it-IT\",\"@id\":\"https:\\\/\\\/secure.gravatar.com\\\/avatar\\\/06ad6f92eb14745b75fb592cadf8139d33242d81c9c8b085133c450aaf0b9731?s=96&d=mm&r=g\",\"url\":\"https:\\\/\\\/secure.gravatar.com\\\/avatar\\\/06ad6f92eb14745b75fb592cadf8139d33242d81c9c8b085133c450aaf0b9731?s=96&d=mm&r=g\",\"contentUrl\":\"https:\\\/\\\/secure.gravatar.com\\\/avatar\\\/06ad6f92eb14745b75fb592cadf8139d33242d81c9c8b085133c450aaf0b9731?s=96&d=mm&r=g\",\"caption\":\"Redazione\"},\"url\":\"https:\\\/\\\/cinema.video\\\/it\\\/author\\\/redazione\"}]}<\/script>\n<!-- \/ Yoast SEO Premium plugin. -->","yoast_head_json":{"title":"Nasce il Village Innovation punto di incontro fra tecnologia e creativit\u00e0 - Cinema &amp; Video International","description":"Nasce il Village Innovation punto di incontro fra tecnologia e creativit\u00e0 \u2013 nasce il village innovation punto di. Un nuovo punto di incontro per iniziativ","robots":{"index":"index","follow":"follow","max-snippet":"max-snippet:-1","max-image-preview":"max-image-preview:large","max-video-preview":"max-video-preview:-1"},"canonical":"https:\/\/cinema.video\/it\/village-innovation-marche-du-film","og_locale":"it_IT","og_type":"article","og_title":"Nasce il Village Innovation punto di incontro fra tecnologia e creativit\u00e0","og_description":"Nasce il Village Innovation punto di incontro fra tecnologia e creativit\u00e0 \u2013 nasce il village innovation punto di. Un nuovo punto di incontro per iniziativ","og_url":"https:\/\/cinema.video\/it\/village-innovation-marche-du-film","og_site_name":"Cinema &amp; Video International","article_publisher":"https:\/\/www.facebook.com\/CinemaVideoInternational\/","article_published_time":"2025-04-07T15:21:10+00:00","article_modified_time":"2026-04-10T02:08:34+00:00","og_image":[{"width":1280,"height":777,"url":"https:\/\/cinema.video\/wp-content\/uploads\/2025\/04\/village-innovation.jpeg","type":"image\/jpeg"}],"author":"Redazione","twitter_card":"summary_large_image","twitter_misc":{"Scritto da":"Redazione","Tempo di lettura stimato":"2 minuti"},"schema":{"@context":"https:\/\/schema.org","@graph":[{"@type":"Article","@id":"https:\/\/cinema.video\/it\/village-innovation-marche-du-film#article","isPartOf":{"@id":"https:\/\/cinema.video\/it\/village-innovation-marche-du-film"},"author":{"name":"Redazione","@id":"https:\/\/cinema.video\/it#\/schema\/person\/aeb01b91d874e8b01e76a1db04c668c6"},"headline":"Nasce il Village Innovation punto di incontro fra tecnologia e creativit\u00e0","datePublished":"2025-04-07T15:21:10+00:00","dateModified":"2026-04-10T02:08:34+00:00","mainEntityOfPage":{"@id":"https:\/\/cinema.video\/it\/village-innovation-marche-du-film"},"wordCount":246,"publisher":{"@id":"https:\/\/cinema.video\/it#organization"},"image":{"@id":"https:\/\/cinema.video\/it\/village-innovation-marche-du-film#primaryimage"},"thumbnailUrl":"https:\/\/cinema.video\/wp-content\/uploads\/2025\/04\/village-innovation.jpeg","keywords":["focus"],"inLanguage":"it-IT"},{"@type":"WebPage","@id":"https:\/\/cinema.video\/it\/village-innovation-marche-du-film","url":"https:\/\/cinema.video\/it\/village-innovation-marche-du-film","name":"Nasce il Village Innovation punto di incontro fra tecnologia e creativit\u00e0 - Cinema &amp; Video International","isPartOf":{"@id":"https:\/\/cinema.video\/it#website"},"primaryImageOfPage":{"@id":"https:\/\/cinema.video\/it\/village-innovation-marche-du-film#primaryimage"},"image":{"@id":"https:\/\/cinema.video\/it\/village-innovation-marche-du-film#primaryimage"},"thumbnailUrl":"https:\/\/cinema.video\/wp-content\/uploads\/2025\/04\/village-innovation.jpeg","datePublished":"2025-04-07T15:21:10+00:00","dateModified":"2026-04-10T02:08:34+00:00","description":"Nasce il Village Innovation punto di incontro fra tecnologia e creativit\u00e0 \u2013 nasce il village innovation punto di. Un nuovo punto di incontro per iniziativ","breadcrumb":{"@id":"https:\/\/cinema.video\/it\/village-innovation-marche-du-film#breadcrumb"},"inLanguage":"it-IT","potentialAction":[{"@type":"ReadAction","target":["https:\/\/cinema.video\/it\/village-innovation-marche-du-film"]}]},{"@type":"ImageObject","inLanguage":"it-IT","@id":"https:\/\/cinema.video\/it\/village-innovation-marche-du-film#primaryimage","url":"https:\/\/cinema.video\/wp-content\/uploads\/2025\/04\/village-innovation.jpeg","contentUrl":"https:\/\/cinema.video\/wp-content\/uploads\/2025\/04\/village-innovation.jpeg","width":1280,"height":777,"caption":"Nasce il Village Innovation, punto di incontro fra tecnologia e creativit\u00e0: 1000 mq di spazi all'interno del Village International Pantiero"},{"@type":"BreadcrumbList","@id":"https:\/\/cinema.video\/it\/village-innovation-marche-du-film#breadcrumb","itemListElement":[{"@type":"ListItem","position":1,"name":"Home","item":"https:\/\/cinema.video\/it\/home-2"},{"@type":"ListItem","position":2,"name":"Nasce il Village Innovation punto di incontro fra tecnologia e creativit\u00e0"}]},{"@type":"WebSite","@id":"https:\/\/cinema.video\/it#website","url":"https:\/\/cinema.video\/it","name":"Cinema & Video International","description":"Film &amp; Audiovisual Industry Trade Magazine","publisher":{"@id":"https:\/\/cinema.video\/it#organization"},"alternateName":"Cinema & Video","potentialAction":[{"@type":"SearchAction","target":{"@type":"EntryPoint","urlTemplate":"https:\/\/cinema.video\/it?s={search_term_string}"},"query-input":{"@type":"PropertyValueSpecification","valueRequired":true,"valueName":"search_term_string"}}],"inLanguage":"it-IT"},{"@type":"Organization","@id":"https:\/\/cinema.video\/it#organization","name":"Cinema & Video","url":"https:\/\/cinema.video\/it","logo":{"@type":"ImageObject","inLanguage":"it-IT","@id":"https:\/\/cinema.video\/it#\/schema\/logo\/image\/","url":"https:\/\/cinema.video\/wp-content\/uploads\/2026\/04\/CinemVideo_LogoBlack.png","contentUrl":"https:\/\/cinema.video\/wp-content\/uploads\/2026\/04\/CinemVideo_LogoBlack.png","width":1336,"height":224,"caption":"Cinema & Video"},"image":{"@id":"https:\/\/cinema.video\/it#\/schema\/logo\/image\/"},"sameAs":["https:\/\/www.facebook.com\/CinemaVideoInternational\/","https:\/\/www.instagram.com\/cinemaevideointernational\/","https:\/\/it.linkedin.com\/company\/cinema-video-international"],"description":"Media Consulting & Marketing Agency","email":"hello@darostudio.com","legalName":"DARO studio LLC","foundingDate":"2021-02-16","numberOfEmployees":{"@type":"QuantitativeValue","minValue":"1","maxValue":"10"}},{"@type":"Person","@id":"https:\/\/cinema.video\/it#\/schema\/person\/aeb01b91d874e8b01e76a1db04c668c6","name":"Redazione","image":{"@type":"ImageObject","inLanguage":"it-IT","@id":"https:\/\/secure.gravatar.com\/avatar\/06ad6f92eb14745b75fb592cadf8139d33242d81c9c8b085133c450aaf0b9731?s=96&d=mm&r=g","url":"https:\/\/secure.gravatar.com\/avatar\/06ad6f92eb14745b75fb592cadf8139d33242d81c9c8b085133c450aaf0b9731?s=96&d=mm&r=g","contentUrl":"https:\/\/secure.gravatar.com\/avatar\/06ad6f92eb14745b75fb592cadf8139d33242d81c9c8b085133c450aaf0b9731?s=96&d=mm&r=g","caption":"Redazione"},"url":"https:\/\/cinema.video\/it\/author\/redazione"}]}},"jetpack_featured_media_url":"https:\/\/cinema.video\/wp-content\/uploads\/2025\/04\/village-innovation.jpeg","jetpack_shortlink":"https:\/\/wp.me\/ph672m-1fT2","_links":{"self":[{"href":"https:\/\/cinema.video\/it\/wp-json\/wp\/v2\/posts\/299400","targetHints":{"allow":["GET"]}}],"collection":[{"href":"https:\/\/cinema.video\/it\/wp-json\/wp\/v2\/posts"}],"about":[{"href":"https:\/\/cinema.video\/it\/wp-json\/wp\/v2\/types\/post"}],"author":[{"embeddable":true,"href":"https:\/\/cinema.video\/it\/wp-json\/wp\/v2\/users\/26"}],"replies":[{"embeddable":true,"href":"https:\/\/cinema.video\/it\/wp-json\/wp\/v2\/comments?post=299400"}],"version-history":[{"count":1,"href":"https:\/\/cinema.video\/it\/wp-json\/wp\/v2\/posts\/299400\/revisions"}],"predecessor-version":[{"id":309612,"href":"https:\/\/cinema.video\/it\/wp-json\/wp\/v2\/posts\/299400\/revisions\/309612"}],"wp:featuredmedia":[{"embeddable":true,"href":"https:\/\/cinema.video\/it\/wp-json\/wp\/v2\/media\/299402"}],"wp:attachment":[{"href":"https:\/\/cinema.video\/it\/wp-json\/wp\/v2\/media?parent=299400"}],"wp:term":[{"taxonomy":"category","embeddable":true,"href":"https:\/\/cinema.video\/it\/wp-json\/wp\/v2\/categories?post=299400"},{"taxonomy":"post_tag","embeddable":true,"href":"https:\/\/cinema.video\/it\/wp-json\/wp\/v2\/tags?post=299400"}],"curies":[{"name":"wp","href":"https:\/\/api.w.org\/{rel}","templated":true}]}}