{"id":299355,"date":"2025-04-01T11:22:19","date_gmt":"2025-04-01T09:22:19","guid":{"rendered":"https:\/\/cinema.video\/?p=299355"},"modified":"2026-04-10T04:08:31","modified_gmt":"2026-04-10T02:08:31","slug":"bilancio-sociale-apulia-film-commission","status":"publish","type":"post","link":"https:\/\/cinema.video\/it\/bilancio-sociale-apulia-film-commission","title":{"rendered":"APULIA INDUSTRY DAYS Il Bilancio Sociale di AFC"},"content":{"rendered":"\n<p class=\"wp-block-paragraph\">L\u2019edizione zero di <strong>Apulia Industry Days<\/strong>, che si \u00e8 svolta&nbsp;da luned\u00ec 24 a gioved\u00ec 27 marzo alla <strong>Camera di Commercio, Industria, Artigianato e Agricoltura<\/strong>&nbsp;di <strong>Bari <\/strong>durante il <strong>Bifest<\/strong>, \u00e8 stata l&#8217;occasione di presentare il bilancio sociale 2024 di <strong>Apulia Film Commission<\/strong>: l\u2019Apulia Film Fund ha messo a disposizione di 66 produzioni oltre 13,8 milioni di euro, per un indotto diretto che si presume si aggirer\u00e0 oltre 35 milioni di euro, e pi\u00f9 di 70 milioni di euro di indotto indiretto. Oltre 1000 le giornate lavorative e oltre 1500 maestranze che verranno impiegate.<\/p>\n\n\n\n<p class=\"wp-block-paragraph\" style=\"margin-top:-17px;margin-bottom:7px\">(<em>nella foto, Antonio Parente, direttore di Apulia Film C<\/em>o<em>mmission)<\/em><\/p>\n\n\n\n<p class=\"wp-block-paragraph\">Le prime due giornate degli Industry Days sono state invece dedicate agli <strong>Italian Film Commissions Training<\/strong>, il consueto incontro annuale di formazione e aggiornamento professionale organizzato dall\u2019<strong>Associazione Nazionale delle Film Commission Italiane<\/strong>, alla presenza dei loro rappresentanti e delegati, nonch\u00e9 di esperti internazionali dell\u2019industria cinematografica. <\/p>\n\n\n\n<p class=\"wp-block-paragraph\">Fra le questioni affrontate, azioni strumenti preparatori per la partecipare efficacemente ai meercati italiani ed esteri;  la fattibilit\u00e0 di una collaborazione strutturata tra Italian Film Commissions, mondo della distribuzione ed esercizio cinematografico, per rafforzare il rapporto tra il pubblico e le opere sostenute dai Fondi. Sono stati organizzati tavoli di lavoro  confronto su Assistenza, Finanziamenti, Fondi, Promozione e Comunicazione.<\/p>\n\n\n\n<figure class=\"wp-block-image size-large\"><img loading=\"lazy\" decoding=\"async\" width=\"1024\" height=\"768\" src=\"https:\/\/cinema.video\/wp-content\/uploads\/2025\/04\/IFC-training-1-1024x768.jpg\" alt=\"\" class=\"wp-image-299369\" srcset=\"https:\/\/cinema.video\/wp-content\/uploads\/2025\/04\/IFC-training-1.jpg 1024w, https:\/\/cinema.video\/wp-content\/uploads\/2025\/04\/IFC-training-1.jpg 300w, https:\/\/cinema.video\/wp-content\/uploads\/2025\/04\/IFC-training-1.jpg 768w, https:\/\/cinema.video\/wp-content\/uploads\/2025\/04\/IFC-training-1.jpg 1536w, https:\/\/cinema.video\/wp-content\/uploads\/2025\/04\/IFC-training-1.jpg 560w, https:\/\/cinema.video\/wp-content\/uploads\/2025\/04\/IFC-training-1.jpg 80w, https:\/\/cinema.video\/wp-content\/uploads\/2025\/04\/IFC-training-1.jpg 150w, https:\/\/cinema.video\/wp-content\/uploads\/2025\/04\/IFC-training-1.jpg 696w, https:\/\/cinema.video\/wp-content\/uploads\/2025\/04\/IFC-training-1.jpg 1068w, https:\/\/cinema.video\/wp-content\/uploads\/2025\/04\/IFC-training-1.jpg 1920w, https:\/\/cinema.video\/wp-content\/uploads\/2025\/04\/IFC-training-1.jpg 2048w, https:\/\/cinema.video\/wp-content\/uploads\/2025\/04\/IFC-training-1.jpg 1392w\" sizes=\"auto, (max-width: 696px) 100vw, 696px\" \/><figcaption class=\"wp-element-caption\">Da sinistra: Alessandra Miletto, vicepresidente IFC, Mario Lorini, presidente ANEC, Jacopo Chessa, presidente IFC, Luigi Lonigro, presidente dei distributori di ANICA, Fabio Abagnato, vice presidente IFC e Alessandra Pastore, Market Manager di WEMW<\/figcaption><\/figure>\n\n\n\n<p class=\"wp-block-paragraph\">Il 26 marzo, si \u00e8 tenuto invece il panel il panel \u201c<strong>La Puglia produce \u2013 Strumenti e strategie a supporto della filiera audiovisiva<\/strong>\u201d, una tavola rotonda tra le Associazioni di Categoria e i rappresentanti della Regione Puglia, dell\u2019Assessorato allo Sviluppo Economico, delle agenzie regionali&nbsp;<strong>ARTI<\/strong>,&nbsp;<strong>ARET\/Pugliapromozione<\/strong>,&nbsp;<strong>PugliaCulture<\/strong>&nbsp;e Apulia Film Commission<\/p>\n","protected":false},"excerpt":{"rendered":"<p>L\u2019edizione zero di Apulia Industry Days si \u00e8 svolta\u00a0da luned\u00ec 24 a gioved\u00ec 27 marzo ai Bari durante il Bifest. Le prime due giornate hanno ospitato anche l&#8217;Italian Film Commissions Training<\/p>\n","protected":false},"author":2,"featured_media":299370,"comment_status":"closed","ping_status":"closed","sticky":false,"template":"","format":"standard","meta":{"googlesitekit_rrm_CAow3e7fCw:productID":"","_wpcom_ai_launchpad_first_post":false,"footnotes":"","jetpack_post_was_ever_published":false},"categories":[215],"tags":[267,2339,243,2338,593],"class_list":["post-299355","post","type-post","status-publish","format-standard","has-post-thumbnail","category-film-commissions","tag-apulia-film-commission","tag-film-commissions","tag-italian-film-commissions","tag-locations","tag-pugliapromozione"],"yoast_head":"<!-- This site is optimized with the Yoast SEO Premium plugin v28.3 (Yoast SEO v28.3) - https:\/\/yoast.com\/product\/yoast-seo-premium-wordpress\/ -->\n<title>APULIA INDUSTRY DAYS Il Bilancio Sociale di AFC - Cinema &amp; Video International<\/title>\n<meta name=\"description\" content=\"APULIA INDUSTRY DAYS Il Bilancio Sociale di AFC \u2013 apulia industry days il bilancio sociale. L\u2019edizione zero di Apulia Industry Days, che si \u00e8 svolta&nbsp;\" \/>\n<meta name=\"robots\" content=\"index, follow, max-snippet:-1, max-image-preview:large, max-video-preview:-1\" \/>\n<link rel=\"canonical\" href=\"https:\/\/cinema.video\/it\/bilancio-sociale-apulia-film-commission\" \/>\n<meta property=\"og:locale\" content=\"it_IT\" \/>\n<meta property=\"og:type\" content=\"article\" \/>\n<meta property=\"og:title\" content=\"APULIA INDUSTRY DAYS Il Bilancio Sociale di AFC\" \/>\n<meta property=\"og:description\" content=\"APULIA INDUSTRY DAYS Il Bilancio Sociale di AFC \u2013 apulia industry days il bilancio sociale. L\u2019edizione zero di Apulia Industry Days, che si \u00e8 svolta&nbsp;\" \/>\n<meta property=\"og:url\" content=\"https:\/\/cinema.video\/it\/bilancio-sociale-apulia-film-commission\" \/>\n<meta property=\"og:site_name\" content=\"Cinema &amp; Video International\" \/>\n<meta property=\"article:publisher\" content=\"https:\/\/www.facebook.com\/CinemaVideoInternational\/\" \/>\n<meta property=\"article:published_time\" content=\"2025-04-01T09:22:19+00:00\" \/>\n<meta property=\"article:modified_time\" content=\"2026-04-10T02:08:31+00:00\" \/>\n<meta property=\"og:image\" content=\"https:\/\/cinema.video\/wp-content\/uploads\/2025\/04\/parente.jpg\" \/>\n\t<meta property=\"og:image:width\" content=\"1536\" \/>\n\t<meta property=\"og:image:height\" content=\"1096\" \/>\n\t<meta property=\"og:image:type\" content=\"image\/jpeg\" \/>\n<meta name=\"author\" content=\"Carolina Mancini\" \/>\n<meta name=\"twitter:card\" content=\"summary_large_image\" \/>\n<meta name=\"twitter:label1\" content=\"Scritto da\" \/>\n\t<meta name=\"twitter:data1\" content=\"Carolina Mancini\" \/>\n\t<meta name=\"twitter:label2\" content=\"Tempo di lettura stimato\" \/>\n\t<meta name=\"twitter:data2\" content=\"2 minuti\" \/>\n<script type=\"application\/ld+json\" class=\"yoast-schema-graph\">{\"@context\":\"https:\\\/\\\/schema.org\",\"@graph\":[{\"@type\":\"Article\",\"@id\":\"https:\\\/\\\/cinema.video\\\/it\\\/bilancio-sociale-apulia-film-commission#article\",\"isPartOf\":{\"@id\":\"https:\\\/\\\/cinema.video\\\/it\\\/bilancio-sociale-apulia-film-commission\"},\"author\":{\"name\":\"Carolina Mancini\",\"@id\":\"https:\\\/\\\/cinema.video\\\/it#\\\/schema\\\/person\\\/d5479fad8d0f2360000eb4aab6bb6e5d\"},\"headline\":\"APULIA INDUSTRY DAYS Il Bilancio Sociale di AFC\",\"datePublished\":\"2025-04-01T09:22:19+00:00\",\"dateModified\":\"2026-04-10T02:08:31+00:00\",\"mainEntityOfPage\":{\"@id\":\"https:\\\/\\\/cinema.video\\\/it\\\/bilancio-sociale-apulia-film-commission\"},\"wordCount\":298,\"publisher\":{\"@id\":\"https:\\\/\\\/cinema.video\\\/it#organization\"},\"image\":{\"@id\":\"https:\\\/\\\/cinema.video\\\/it\\\/bilancio-sociale-apulia-film-commission#primaryimage\"},\"thumbnailUrl\":\"https:\\\/\\\/cinema.video\\\/wp-content\\\/uploads\\\/2025\\\/04\\\/parente.jpg\",\"keywords\":[\"APULIA FILM COMMISSION\",\"FILM COMMISSIONS\",\"ITALIAN FILM COMMISSIONS\",\"LOCATIONS\",\"Pugliapromozione\"],\"articleSection\":[\"FILM COMMISSIONS\"],\"inLanguage\":\"it-IT\"},{\"@type\":\"WebPage\",\"@id\":\"https:\\\/\\\/cinema.video\\\/it\\\/bilancio-sociale-apulia-film-commission\",\"url\":\"https:\\\/\\\/cinema.video\\\/it\\\/bilancio-sociale-apulia-film-commission\",\"name\":\"APULIA INDUSTRY DAYS Il Bilancio Sociale di AFC - Cinema &amp; Video International\",\"isPartOf\":{\"@id\":\"https:\\\/\\\/cinema.video\\\/it#website\"},\"primaryImageOfPage\":{\"@id\":\"https:\\\/\\\/cinema.video\\\/it\\\/bilancio-sociale-apulia-film-commission#primaryimage\"},\"image\":{\"@id\":\"https:\\\/\\\/cinema.video\\\/it\\\/bilancio-sociale-apulia-film-commission#primaryimage\"},\"thumbnailUrl\":\"https:\\\/\\\/cinema.video\\\/wp-content\\\/uploads\\\/2025\\\/04\\\/parente.jpg\",\"datePublished\":\"2025-04-01T09:22:19+00:00\",\"dateModified\":\"2026-04-10T02:08:31+00:00\",\"description\":\"APULIA INDUSTRY DAYS Il Bilancio Sociale di AFC \u2013 apulia industry days il bilancio sociale. L\u2019edizione zero di Apulia Industry Days, che si \u00e8 svolta&nbsp;\",\"breadcrumb\":{\"@id\":\"https:\\\/\\\/cinema.video\\\/it\\\/bilancio-sociale-apulia-film-commission#breadcrumb\"},\"inLanguage\":\"it-IT\",\"potentialAction\":[{\"@type\":\"ReadAction\",\"target\":[\"https:\\\/\\\/cinema.video\\\/it\\\/bilancio-sociale-apulia-film-commission\"]}]},{\"@type\":\"ImageObject\",\"inLanguage\":\"it-IT\",\"@id\":\"https:\\\/\\\/cinema.video\\\/it\\\/bilancio-sociale-apulia-film-commission#primaryimage\",\"url\":\"https:\\\/\\\/cinema.video\\\/wp-content\\\/uploads\\\/2025\\\/04\\\/parente.jpg\",\"contentUrl\":\"https:\\\/\\\/cinema.video\\\/wp-content\\\/uploads\\\/2025\\\/04\\\/parente.jpg\",\"width\":1536,\"height\":1096,\"caption\":\"Alla prima edizione di Apulia Industry Days, \u00a0durante il Bifest, la presentazione del bilancio sociale 2024 di Apulia Film Commission\"},{\"@type\":\"BreadcrumbList\",\"@id\":\"https:\\\/\\\/cinema.video\\\/it\\\/bilancio-sociale-apulia-film-commission#breadcrumb\",\"itemListElement\":[{\"@type\":\"ListItem\",\"position\":1,\"name\":\"Home\",\"item\":\"https:\\\/\\\/cinema.video\\\/it\"},{\"@type\":\"ListItem\",\"position\":2,\"name\":\"APULIA INDUSTRY DAYS Il Bilancio Sociale di AFC\"}]},{\"@type\":\"WebSite\",\"@id\":\"https:\\\/\\\/cinema.video\\\/it#website\",\"url\":\"https:\\\/\\\/cinema.video\\\/it\",\"name\":\"Cinema & Video International\",\"description\":\"Film &amp; Audiovisual B2B Industry Trade Platform Magazine\",\"publisher\":{\"@id\":\"https:\\\/\\\/cinema.video\\\/it#organization\"},\"alternateName\":\"Cinema & Video\",\"potentialAction\":[{\"@type\":\"SearchAction\",\"target\":{\"@type\":\"EntryPoint\",\"urlTemplate\":\"https:\\\/\\\/cinema.video\\\/it?s={search_term_string}\"},\"query-input\":{\"@type\":\"PropertyValueSpecification\",\"valueRequired\":true,\"valueName\":\"search_term_string\"}}],\"inLanguage\":\"it-IT\"},{\"@type\":\"Organization\",\"@id\":\"https:\\\/\\\/cinema.video\\\/it#organization\",\"name\":\"Cinema & Video\",\"url\":\"https:\\\/\\\/cinema.video\\\/it\",\"logo\":{\"@type\":\"ImageObject\",\"inLanguage\":\"it-IT\",\"@id\":\"https:\\\/\\\/cinema.video\\\/it#\\\/schema\\\/logo\\\/image\\\/\",\"url\":\"https:\\\/\\\/cinema.video\\\/wp-content\\\/uploads\\\/2026\\\/04\\\/CinemVideo_LogoBlack.png\",\"contentUrl\":\"https:\\\/\\\/cinema.video\\\/wp-content\\\/uploads\\\/2026\\\/04\\\/CinemVideo_LogoBlack.png\",\"width\":1336,\"height\":224,\"caption\":\"Cinema & Video\"},\"image\":{\"@id\":\"https:\\\/\\\/cinema.video\\\/it#\\\/schema\\\/logo\\\/image\\\/\"},\"sameAs\":[\"https:\\\/\\\/www.facebook.com\\\/CinemaVideoInternational\\\/\",\"https:\\\/\\\/www.instagram.com\\\/cinemaevideointernational\\\/\",\"https:\\\/\\\/it.linkedin.com\\\/company\\\/cinema-video-international\"],\"description\":\"Media Consulting & Marketing Agency\",\"email\":\"hello@darostudio.com\",\"legalName\":\"DARO studio LLC\",\"foundingDate\":\"2021-02-16\",\"numberOfEmployees\":{\"@type\":\"QuantitativeValue\",\"minValue\":\"1\",\"maxValue\":\"10\"},\"publishingPrinciples\":\"https:\\\/\\\/cinema.video\\\/about\"},{\"@type\":\"Person\",\"@id\":\"https:\\\/\\\/cinema.video\\\/it#\\\/schema\\\/person\\\/d5479fad8d0f2360000eb4aab6bb6e5d\",\"name\":\"Carolina Mancini\",\"image\":{\"@type\":\"ImageObject\",\"inLanguage\":\"it-IT\",\"@id\":\"https:\\\/\\\/secure.gravatar.com\\\/avatar\\\/d4758965c5e8730dbaaa7131a628547771a26c1e5bf14fe323d96f8246a62baf?s=96&d=mm&r=g\",\"url\":\"https:\\\/\\\/secure.gravatar.com\\\/avatar\\\/d4758965c5e8730dbaaa7131a628547771a26c1e5bf14fe323d96f8246a62baf?s=96&d=mm&r=g\",\"contentUrl\":\"https:\\\/\\\/secure.gravatar.com\\\/avatar\\\/d4758965c5e8730dbaaa7131a628547771a26c1e5bf14fe323d96f8246a62baf?s=96&d=mm&r=g\",\"caption\":\"Carolina Mancini\"},\"url\":\"https:\\\/\\\/cinema.video\\\/it\\\/author\\\/carolin\"}]}<\/script>\n<!-- \/ Yoast SEO Premium plugin. -->","yoast_head_json":{"title":"APULIA INDUSTRY DAYS Il Bilancio Sociale di AFC - Cinema &amp; Video International","description":"APULIA INDUSTRY DAYS Il Bilancio Sociale di AFC \u2013 apulia industry days il bilancio sociale. L\u2019edizione zero di Apulia Industry Days, che si \u00e8 svolta&nbsp;","robots":{"index":"index","follow":"follow","max-snippet":"max-snippet:-1","max-image-preview":"max-image-preview:large","max-video-preview":"max-video-preview:-1"},"canonical":"https:\/\/cinema.video\/it\/bilancio-sociale-apulia-film-commission","og_locale":"it_IT","og_type":"article","og_title":"APULIA INDUSTRY DAYS Il Bilancio Sociale di AFC","og_description":"APULIA INDUSTRY DAYS Il Bilancio Sociale di AFC \u2013 apulia industry days il bilancio sociale. L\u2019edizione zero di Apulia Industry Days, che si \u00e8 svolta&nbsp;","og_url":"https:\/\/cinema.video\/it\/bilancio-sociale-apulia-film-commission","og_site_name":"Cinema &amp; Video International","article_publisher":"https:\/\/www.facebook.com\/CinemaVideoInternational\/","article_published_time":"2025-04-01T09:22:19+00:00","article_modified_time":"2026-04-10T02:08:31+00:00","og_image":[{"width":1536,"height":1096,"url":"https:\/\/cinema.video\/wp-content\/uploads\/2025\/04\/parente.jpg","type":"image\/jpeg"}],"author":"Carolina Mancini","twitter_card":"summary_large_image","twitter_misc":{"Scritto da":"Carolina Mancini","Tempo di lettura stimato":"2 minuti"},"schema":{"@context":"https:\/\/schema.org","@graph":[{"@type":"Article","@id":"https:\/\/cinema.video\/it\/bilancio-sociale-apulia-film-commission#article","isPartOf":{"@id":"https:\/\/cinema.video\/it\/bilancio-sociale-apulia-film-commission"},"author":{"name":"Carolina Mancini","@id":"https:\/\/cinema.video\/it#\/schema\/person\/d5479fad8d0f2360000eb4aab6bb6e5d"},"headline":"APULIA INDUSTRY DAYS Il Bilancio Sociale di AFC","datePublished":"2025-04-01T09:22:19+00:00","dateModified":"2026-04-10T02:08:31+00:00","mainEntityOfPage":{"@id":"https:\/\/cinema.video\/it\/bilancio-sociale-apulia-film-commission"},"wordCount":298,"publisher":{"@id":"https:\/\/cinema.video\/it#organization"},"image":{"@id":"https:\/\/cinema.video\/it\/bilancio-sociale-apulia-film-commission#primaryimage"},"thumbnailUrl":"https:\/\/cinema.video\/wp-content\/uploads\/2025\/04\/parente.jpg","keywords":["APULIA FILM COMMISSION","FILM COMMISSIONS","ITALIAN FILM COMMISSIONS","LOCATIONS","Pugliapromozione"],"articleSection":["FILM COMMISSIONS"],"inLanguage":"it-IT"},{"@type":"WebPage","@id":"https:\/\/cinema.video\/it\/bilancio-sociale-apulia-film-commission","url":"https:\/\/cinema.video\/it\/bilancio-sociale-apulia-film-commission","name":"APULIA INDUSTRY DAYS Il Bilancio Sociale di AFC - Cinema &amp; Video International","isPartOf":{"@id":"https:\/\/cinema.video\/it#website"},"primaryImageOfPage":{"@id":"https:\/\/cinema.video\/it\/bilancio-sociale-apulia-film-commission#primaryimage"},"image":{"@id":"https:\/\/cinema.video\/it\/bilancio-sociale-apulia-film-commission#primaryimage"},"thumbnailUrl":"https:\/\/cinema.video\/wp-content\/uploads\/2025\/04\/parente.jpg","datePublished":"2025-04-01T09:22:19+00:00","dateModified":"2026-04-10T02:08:31+00:00","description":"APULIA INDUSTRY DAYS Il Bilancio Sociale di AFC \u2013 apulia industry days il bilancio sociale. L\u2019edizione zero di Apulia Industry Days, che si \u00e8 svolta&nbsp;","breadcrumb":{"@id":"https:\/\/cinema.video\/it\/bilancio-sociale-apulia-film-commission#breadcrumb"},"inLanguage":"it-IT","potentialAction":[{"@type":"ReadAction","target":["https:\/\/cinema.video\/it\/bilancio-sociale-apulia-film-commission"]}]},{"@type":"ImageObject","inLanguage":"it-IT","@id":"https:\/\/cinema.video\/it\/bilancio-sociale-apulia-film-commission#primaryimage","url":"https:\/\/cinema.video\/wp-content\/uploads\/2025\/04\/parente.jpg","contentUrl":"https:\/\/cinema.video\/wp-content\/uploads\/2025\/04\/parente.jpg","width":1536,"height":1096,"caption":"Alla prima edizione di Apulia Industry Days, \u00a0durante il Bifest, la presentazione del bilancio sociale 2024 di Apulia Film Commission"},{"@type":"BreadcrumbList","@id":"https:\/\/cinema.video\/it\/bilancio-sociale-apulia-film-commission#breadcrumb","itemListElement":[{"@type":"ListItem","position":1,"name":"Home","item":"https:\/\/cinema.video\/it"},{"@type":"ListItem","position":2,"name":"APULIA INDUSTRY DAYS Il Bilancio Sociale di AFC"}]},{"@type":"WebSite","@id":"https:\/\/cinema.video\/it#website","url":"https:\/\/cinema.video\/it","name":"Cinema & Video International","description":"Film &amp; Audiovisual B2B Industry Trade Platform Magazine","publisher":{"@id":"https:\/\/cinema.video\/it#organization"},"alternateName":"Cinema & Video","potentialAction":[{"@type":"SearchAction","target":{"@type":"EntryPoint","urlTemplate":"https:\/\/cinema.video\/it?s={search_term_string}"},"query-input":{"@type":"PropertyValueSpecification","valueRequired":true,"valueName":"search_term_string"}}],"inLanguage":"it-IT"},{"@type":"Organization","@id":"https:\/\/cinema.video\/it#organization","name":"Cinema & Video","url":"https:\/\/cinema.video\/it","logo":{"@type":"ImageObject","inLanguage":"it-IT","@id":"https:\/\/cinema.video\/it#\/schema\/logo\/image\/","url":"https:\/\/cinema.video\/wp-content\/uploads\/2026\/04\/CinemVideo_LogoBlack.png","contentUrl":"https:\/\/cinema.video\/wp-content\/uploads\/2026\/04\/CinemVideo_LogoBlack.png","width":1336,"height":224,"caption":"Cinema & Video"},"image":{"@id":"https:\/\/cinema.video\/it#\/schema\/logo\/image\/"},"sameAs":["https:\/\/www.facebook.com\/CinemaVideoInternational\/","https:\/\/www.instagram.com\/cinemaevideointernational\/","https:\/\/it.linkedin.com\/company\/cinema-video-international"],"description":"Media Consulting & Marketing Agency","email":"hello@darostudio.com","legalName":"DARO studio LLC","foundingDate":"2021-02-16","numberOfEmployees":{"@type":"QuantitativeValue","minValue":"1","maxValue":"10"},"publishingPrinciples":"https:\/\/cinema.video\/about"},{"@type":"Person","@id":"https:\/\/cinema.video\/it#\/schema\/person\/d5479fad8d0f2360000eb4aab6bb6e5d","name":"Carolina Mancini","image":{"@type":"ImageObject","inLanguage":"it-IT","@id":"https:\/\/secure.gravatar.com\/avatar\/d4758965c5e8730dbaaa7131a628547771a26c1e5bf14fe323d96f8246a62baf?s=96&d=mm&r=g","url":"https:\/\/secure.gravatar.com\/avatar\/d4758965c5e8730dbaaa7131a628547771a26c1e5bf14fe323d96f8246a62baf?s=96&d=mm&r=g","contentUrl":"https:\/\/secure.gravatar.com\/avatar\/d4758965c5e8730dbaaa7131a628547771a26c1e5bf14fe323d96f8246a62baf?s=96&d=mm&r=g","caption":"Carolina Mancini"},"url":"https:\/\/cinema.video\/it\/author\/carolin"}]}},"jetpack_shortlink":"https:\/\/wp.me\/ph672m-1fSj","jetpack_featured_media_url":"https:\/\/cinema.video\/wp-content\/uploads\/2025\/04\/parente.jpg","_links":{"self":[{"href":"https:\/\/cinema.video\/it\/wp-json\/wp\/v2\/posts\/299355","targetHints":{"allow":["GET"]}}],"collection":[{"href":"https:\/\/cinema.video\/it\/wp-json\/wp\/v2\/posts"}],"about":[{"href":"https:\/\/cinema.video\/it\/wp-json\/wp\/v2\/types\/post"}],"author":[{"embeddable":true,"href":"https:\/\/cinema.video\/it\/wp-json\/wp\/v2\/users\/2"}],"replies":[{"embeddable":true,"href":"https:\/\/cinema.video\/it\/wp-json\/wp\/v2\/comments?post=299355"}],"version-history":[{"count":2,"href":"https:\/\/cinema.video\/it\/wp-json\/wp\/v2\/posts\/299355\/revisions"}],"predecessor-version":[{"id":309605,"href":"https:\/\/cinema.video\/it\/wp-json\/wp\/v2\/posts\/299355\/revisions\/309605"}],"wp:featuredmedia":[{"embeddable":true,"href":"https:\/\/cinema.video\/it\/wp-json\/wp\/v2\/media\/299370"}],"wp:attachment":[{"href":"https:\/\/cinema.video\/it\/wp-json\/wp\/v2\/media?parent=299355"}],"wp:term":[{"taxonomy":"category","embeddable":true,"href":"https:\/\/cinema.video\/it\/wp-json\/wp\/v2\/categories?post=299355"},{"taxonomy":"post_tag","embeddable":true,"href":"https:\/\/cinema.video\/it\/wp-json\/wp\/v2\/tags?post=299355"}],"curies":[{"name":"wp","href":"https:\/\/api.w.org\/{rel}","templated":true}]}}